{"id":95783,"date":"2022-08-06T02:48:24","date_gmt":"2022-08-06T05:48:24","guid":{"rendered":"http:\/\/infoecos.com.ar\/?p=95783"},"modified":"2022-08-06T02:48:27","modified_gmt":"2022-08-06T05:48:27","slug":"que-se-recuerda-y-se-celebra-el-6-de-agosto","status":"publish","type":"post","link":"https:\/\/infoecos.com.ar\/index.php\/que-se-recuerda-y-se-celebra-el-6-de-agosto\/","title":{"rendered":"Que se recuerda y se celebra el 6 de Agosto&#8230;"},"content":{"rendered":"\n<figure class=\"wp-block-image aligncenter size-full is-resized\"><img loading=\"lazy\" decoding=\"async\" src=\"http:\/\/infoecos.com.ar\/wp-content\/uploads\/2022\/08\/image-45.png\" alt=\"\" class=\"wp-image-95784\" width=\"527\" height=\"377\"\/><\/figure>\n\n\n\n<ul class=\"wp-block-list\"><li><strong>1886<\/strong>\u00a0&#8211;\u00a0<strong>ALEXANDER FLEMING<\/strong>. Nace en la ciudad de Darvel (Escocia, Reino Unido) el m\u00e9dico y cient\u00edfico brit\u00e1nico Alexander Fleming, descubridor de la penicilina al observar de forma casual sus efectos antibi\u00f3ticos sobre un cultivo bacteriano. Fue nombrado Caballero del Reino Unido por el rey Jorge VI y recibi\u00f3 el Premio Nobel de Medicina de 1945.<\/li><li><\/li><li><strong>1911<\/strong>\u00a0&#8211;\u00a0<strong>FLORENTINO AMEGHINO<\/strong>. A los 56 a\u00f1os de edad muere en la ciudad bonaerense de La Plata el paleont\u00f3logo, naturalista y antrop\u00f3logo Florentino Ameghino, autor de la teor\u00eda sobre el origen del hombre en el continente americano.<\/li><li><\/li><li><strong>1928<\/strong>\u00a0&#8211;\u00a0<strong>ANDY WARHOL<\/strong>. Nace en la ciudad de Pittsburgh (Pensilvania, EEUU) el artista pl\u00e1stico y cineasta estadounidense Andy Warhol (Andrew Warhola), cuya obra fue crucial para el nacimiento y desarrollo del arte pop.<\/li><li><\/li><li><strong>1945<\/strong>\u00a0&#8211;\u00a0<strong>BOMBA AT\u00d3MICA<\/strong>. Estados Unidos lleva a cabo el primer ataque nuclear de la historia con el lanzamiento de una bomba at\u00f3mica de 16 kilotones de potencia sobre la ciudad japonesa de Hiroshima, lo que caus\u00f3 la muerte de 80.000 civiles -el 30% de la poblaci\u00f3n-, mientras que otros 70.000 fueron heridos.<\/li><li><\/li><li><strong>1958<\/strong>\u00a0&#8211;\u00a0<strong>ARTURO FRONDIZI<\/strong>. Entra en vigencia el decreto 3686\/58 del presidente Arturo Frondizi para la creaci\u00f3n de la estatal Yacimientos Carbon\u00edferos Fiscales para la explotaci\u00f3n, transporte y comercializaci\u00f3n de carb\u00f3n de las minas de R\u00edo Turbio, en la provincia de Santa Cruz.<\/li><li><\/li><li><strong>1965<\/strong>\u00a0&#8211;\u00a0<strong>THE BEATLES<\/strong>. La banda brit\u00e1nica de pop rock The Beatles lanza Help!, su quinto \u00e1lbum de estudio, que contiene 14 temas y llegar\u00eda al tope de la clasificaci\u00f3n de los m\u00e1s vendidos en Estados Unidos y el Reino Unido. Fue adem\u00e1s la banda sonora del filme Help!, protagonizado por \u201clos cuatro de Liverpool\u201d.<\/li><li><\/li><li><strong>1967<\/strong>\u00a0&#8211;\u00a0<strong>ESTUDIANTES DE LA PLATA<\/strong>. Dirigido por Osvaldo Zubeld\u00eda, Estudiantes de la Plata se convierte en el primer club que no forma parte de los llamados \u00abcinco grandes\u00bb del f\u00fatbol argentino en obtener un campeonato de Primera Divisi\u00f3n, al vencer por 3-0 a Racing Club en la final del Metropolitano de 1967. El \u201cpincharrata\u201d se encamin\u00f3 as\u00ed a ganar su primera Copa Libertadores de Am\u00e9rica y la Copa Intercontinental.<\/li><li><\/li><li><strong>1996<\/strong>\u00a0&#8211;\u00a0<strong>THE RAMONES<\/strong>.La banda de punk rock The Ramones ofrece en el Palace de la ciudad estadounidense de Los \u00c1ngeles el que fue su \u00faltimo concierto. The Ramones concluy\u00f3 as\u00ed una carrera plagada de grandes \u00e1lbumes y en la que realiz\u00f3 m\u00e1s de dos mil recitales a lo largo de dos d\u00e9cadas.<\/li><li><\/li><li><strong>2016<\/strong>\u00a0&#8211;\u00a0<strong>PAULA PARETO.<\/strong>\u00a0La yudoca Paula Pareto gana la medalla de oro de judo en los Juegos Ol\u00edmpicos de R\u00edo de Janeiro 2016, con lo que se convierte en la primera deportista argentina en alcanzar lo m\u00e1s alto del podio y la primera en obtener dos medallas ol\u00edmpicas en disciplinas individuales. Ya hab\u00eda ganado la medalla de bronce en los Juegos Ol\u00edmpicos de Beijing 2008 y el Campeonato Mundial de Judo en 2015.<\/li><li><\/li><li><strong>2022<\/strong>\u00a0&#8211;\u00a0<strong>AGR\u00d3NOMO\/VETERINARIO<\/strong>. Se celebra el D\u00eda Nacional del Ingeniero Agr\u00f3nomo y del M\u00e9dico Veterinario en conmemoraci\u00f3n de la fecha de 1883 en la que comenz\u00f3 en la Argentina la carrera universitaria de Agronom\u00eda.<\/li><\/ul>\n","protected":false},"excerpt":{"rendered":"<p>Se celebra el D\u00eda Nacional del Ingeniero Agr\u00f3nomo y del M\u00e9dico Veterinario en conmemoraci\u00f3n de la fecha de 1883 en la que comenz\u00f3 en la Argentina la carrera universitaria de Agronom\u00eda<\/p>\n","protected":false},"author":2,"featured_media":95784,"comment_status":"closed","ping_status":"open","sticky":false,"template":"","format":"standard","meta":{"footnotes":""},"categories":[50],"tags":[6474],"class_list":["post-95783","post","type-post","status-publish","format-standard","has-post-thumbnail","hentry","category-c1nota4","tag-efemerides-infoecos-3"],"yoast_head":"<!-- This site is optimized with the Yoast SEO plugin v23.4 - https:\/\/yoast.com\/wordpress\/plugins\/seo\/ -->\n<title>Que se recuerda y se celebra el 6 de Agosto... - Infoecos<\/title>\n<meta name=\"robots\" content=\"index, follow, max-snippet:-1, max-image-preview:large, max-video-preview:-1\" \/>\n<link rel=\"canonical\" href=\"https:\/\/infoecos.com.ar\/index.php\/que-se-recuerda-y-se-celebra-el-6-de-agosto\/\" \/>\n<meta property=\"og:locale\" content=\"es_ES\" \/>\n<meta property=\"og:type\" content=\"article\" \/>\n<meta property=\"og:title\" content=\"Que se recuerda y se celebra el 6 de Agosto... - Infoecos\" \/>\n<meta property=\"og:description\" content=\"Se celebra el D\u00eda Nacional del Ingeniero Agr\u00f3nomo y del M\u00e9dico Veterinario en conmemoraci\u00f3n de la fecha de 1883 en la que comenz\u00f3 en la Argentina la carrera universitaria de Agronom\u00eda\" \/>\n<meta property=\"og:url\" content=\"https:\/\/infoecos.com.ar\/index.php\/que-se-recuerda-y-se-celebra-el-6-de-agosto\/\" \/>\n<meta property=\"og:site_name\" content=\"Infoecos\" \/>\n<meta property=\"article:publisher\" content=\"https:\/\/www.facebook.com\/profile.php?id=100063200290284\" \/>\n<meta property=\"article:published_time\" content=\"2022-08-06T05:48:24+00:00\" \/>\n<meta property=\"article:modified_time\" content=\"2022-08-06T05:48:27+00:00\" \/>\n<meta property=\"og:image\" content=\"https:\/\/infoecos.com.ar\/wp-content\/uploads\/2022\/08\/image-45.png\" \/>\n\t<meta property=\"og:image:width\" content=\"225\" \/>\n\t<meta property=\"og:image:height\" content=\"161\" \/>\n\t<meta property=\"og:image:type\" content=\"image\/png\" \/>\n<meta name=\"author\" content=\"Jorge Matheus\" \/>\n<meta name=\"twitter:card\" content=\"summary_large_image\" \/>\n<meta name=\"twitter:creator\" content=\"@infoecos\" \/>\n<meta name=\"twitter:site\" content=\"@infoecos\" \/>\n<meta name=\"twitter:label1\" content=\"Escrito por\" \/>\n\t<meta name=\"twitter:data1\" content=\"Jorge Matheus\" \/>\n\t<meta name=\"twitter:label2\" content=\"Tiempo de lectura\" \/>\n\t<meta name=\"twitter:data2\" content=\"3 minutos\" \/>\n<script type=\"application\/ld+json\" class=\"yoast-schema-graph\">{\"@context\":\"https:\/\/schema.org\",\"@graph\":[{\"@type\":\"Article\",\"@id\":\"https:\/\/infoecos.com.ar\/index.php\/que-se-recuerda-y-se-celebra-el-6-de-agosto\/#article\",\"isPartOf\":{\"@id\":\"https:\/\/infoecos.com.ar\/index.php\/que-se-recuerda-y-se-celebra-el-6-de-agosto\/\"},\"author\":{\"name\":\"Jorge Matheus\",\"@id\":\"https:\/\/infoecos.com.ar\/#\/schema\/person\/8f5ace5ce73b4b4aac4b7245aee6f191\"},\"headline\":\"Que se recuerda y se celebra el 6 de Agosto&#8230;\",\"datePublished\":\"2022-08-06T05:48:24+00:00\",\"dateModified\":\"2022-08-06T05:48:27+00:00\",\"mainEntityOfPage\":{\"@id\":\"https:\/\/infoecos.com.ar\/index.php\/que-se-recuerda-y-se-celebra-el-6-de-agosto\/\"},\"wordCount\":539,\"publisher\":{\"@id\":\"https:\/\/infoecos.com.ar\/#organization\"},\"image\":{\"@id\":\"https:\/\/infoecos.com.ar\/index.php\/que-se-recuerda-y-se-celebra-el-6-de-agosto\/#primaryimage\"},\"thumbnailUrl\":\"https:\/\/infoecos.com.ar\/wp-content\/uploads\/2022\/08\/image-45.png\",\"keywords\":[\"efem\u00e9rides infoecos\"],\"articleSection\":[\"C1 N4\"],\"inLanguage\":\"es\"},{\"@type\":\"WebPage\",\"@id\":\"https:\/\/infoecos.com.ar\/index.php\/que-se-recuerda-y-se-celebra-el-6-de-agosto\/\",\"url\":\"https:\/\/infoecos.com.ar\/index.php\/que-se-recuerda-y-se-celebra-el-6-de-agosto\/\",\"name\":\"Que se recuerda y se celebra el 6 de Agosto... - Infoecos\",\"isPartOf\":{\"@id\":\"https:\/\/infoecos.com.ar\/#website\"},\"primaryImageOfPage\":{\"@id\":\"https:\/\/infoecos.com.ar\/index.php\/que-se-recuerda-y-se-celebra-el-6-de-agosto\/#primaryimage\"},\"image\":{\"@id\":\"https:\/\/infoecos.com.ar\/index.php\/que-se-recuerda-y-se-celebra-el-6-de-agosto\/#primaryimage\"},\"thumbnailUrl\":\"https:\/\/infoecos.com.ar\/wp-content\/uploads\/2022\/08\/image-45.png\",\"datePublished\":\"2022-08-06T05:48:24+00:00\",\"dateModified\":\"2022-08-06T05:48:27+00:00\",\"breadcrumb\":{\"@id\":\"https:\/\/infoecos.com.ar\/index.php\/que-se-recuerda-y-se-celebra-el-6-de-agosto\/#breadcrumb\"},\"inLanguage\":\"es\",\"potentialAction\":[{\"@type\":\"ReadAction\",\"target\":[\"https:\/\/infoecos.com.ar\/index.php\/que-se-recuerda-y-se-celebra-el-6-de-agosto\/\"]}]},{\"@type\":\"ImageObject\",\"inLanguage\":\"es\",\"@id\":\"https:\/\/infoecos.com.ar\/index.php\/que-se-recuerda-y-se-celebra-el-6-de-agosto\/#primaryimage\",\"url\":\"https:\/\/infoecos.com.ar\/wp-content\/uploads\/2022\/08\/image-45.png\",\"contentUrl\":\"https:\/\/infoecos.com.ar\/wp-content\/uploads\/2022\/08\/image-45.png\",\"width\":225,\"height\":161},{\"@type\":\"BreadcrumbList\",\"@id\":\"https:\/\/infoecos.com.ar\/index.php\/que-se-recuerda-y-se-celebra-el-6-de-agosto\/#breadcrumb\",\"itemListElement\":[{\"@type\":\"ListItem\",\"position\":1,\"name\":\"Portada\",\"item\":\"https:\/\/infoecos.com.ar\/\"},{\"@type\":\"ListItem\",\"position\":2,\"name\":\"Que se recuerda y se celebra el 6 de Agosto&#8230;\"}]},{\"@type\":\"WebSite\",\"@id\":\"https:\/\/infoecos.com.ar\/#website\",\"url\":\"https:\/\/infoecos.com.ar\/\",\"name\":\"Infoecos\",\"description\":\"Noticias de trenque lauquen y la zona\",\"publisher\":{\"@id\":\"https:\/\/infoecos.com.ar\/#organization\"},\"alternateName\":\"Noticias\",\"potentialAction\":[{\"@type\":\"SearchAction\",\"target\":{\"@type\":\"EntryPoint\",\"urlTemplate\":\"https:\/\/infoecos.com.ar\/?s={search_term_string}\"},\"query-input\":{\"@type\":\"PropertyValueSpecification\",\"valueRequired\":true,\"valueName\":\"search_term_string\"}}],\"inLanguage\":\"es\"},{\"@type\":\"Organization\",\"@id\":\"https:\/\/infoecos.com.ar\/#organization\",\"name\":\"Infoecos\",\"alternateName\":\"Noticias\",\"url\":\"https:\/\/infoecos.com.ar\/\",\"logo\":{\"@type\":\"ImageObject\",\"inLanguage\":\"es\",\"@id\":\"https:\/\/infoecos.com.ar\/#\/schema\/logo\/image\/\",\"url\":\"https:\/\/infoecos.com.ar\/wp-content\/uploads\/2024\/03\/cropped-logo.png\",\"contentUrl\":\"https:\/\/infoecos.com.ar\/wp-content\/uploads\/2024\/03\/cropped-logo.png\",\"width\":374,\"height\":90,\"caption\":\"Infoecos\"},\"image\":{\"@id\":\"https:\/\/infoecos.com.ar\/#\/schema\/logo\/image\/\"},\"sameAs\":[\"https:\/\/www.facebook.com\/profile.php?id=100063200290284\",\"https:\/\/x.com\/infoecos\"]},{\"@type\":\"Person\",\"@id\":\"https:\/\/infoecos.com.ar\/#\/schema\/person\/8f5ace5ce73b4b4aac4b7245aee6f191\",\"name\":\"Jorge Matheus\",\"url\":\"https:\/\/infoecos.com.ar\/index.php\/author\/jomatheus\/\"}]}<\/script>\n<!-- \/ Yoast SEO plugin. -->","yoast_head_json":{"title":"Que se recuerda y se celebra el 6 de Agosto... - Infoecos","robots":{"index":"index","follow":"follow","max-snippet":"max-snippet:-1","max-image-preview":"max-image-preview:large","max-video-preview":"max-video-preview:-1"},"canonical":"https:\/\/infoecos.com.ar\/index.php\/que-se-recuerda-y-se-celebra-el-6-de-agosto\/","og_locale":"es_ES","og_type":"article","og_title":"Que se recuerda y se celebra el 6 de Agosto... - Infoecos","og_description":"Se celebra el D\u00eda Nacional del Ingeniero Agr\u00f3nomo y del M\u00e9dico Veterinario en conmemoraci\u00f3n de la fecha de 1883 en la que comenz\u00f3 en la Argentina la carrera universitaria de Agronom\u00eda","og_url":"https:\/\/infoecos.com.ar\/index.php\/que-se-recuerda-y-se-celebra-el-6-de-agosto\/","og_site_name":"Infoecos","article_publisher":"https:\/\/www.facebook.com\/profile.php?id=100063200290284","article_published_time":"2022-08-06T05:48:24+00:00","article_modified_time":"2022-08-06T05:48:27+00:00","og_image":[{"width":225,"height":161,"url":"https:\/\/infoecos.com.ar\/wp-content\/uploads\/2022\/08\/image-45.png","type":"image\/png"}],"author":"Jorge Matheus","twitter_card":"summary_large_image","twitter_creator":"@infoecos","twitter_site":"@infoecos","twitter_misc":{"Escrito por":"Jorge Matheus","Tiempo de lectura":"3 minutos"},"schema":{"@context":"https:\/\/schema.org","@graph":[{"@type":"Article","@id":"https:\/\/infoecos.com.ar\/index.php\/que-se-recuerda-y-se-celebra-el-6-de-agosto\/#article","isPartOf":{"@id":"https:\/\/infoecos.com.ar\/index.php\/que-se-recuerda-y-se-celebra-el-6-de-agosto\/"},"author":{"name":"Jorge Matheus","@id":"https:\/\/infoecos.com.ar\/#\/schema\/person\/8f5ace5ce73b4b4aac4b7245aee6f191"},"headline":"Que se recuerda y se celebra el 6 de Agosto&#8230;","datePublished":"2022-08-06T05:48:24+00:00","dateModified":"2022-08-06T05:48:27+00:00","mainEntityOfPage":{"@id":"https:\/\/infoecos.com.ar\/index.php\/que-se-recuerda-y-se-celebra-el-6-de-agosto\/"},"wordCount":539,"publisher":{"@id":"https:\/\/infoecos.com.ar\/#organization"},"image":{"@id":"https:\/\/infoecos.com.ar\/index.php\/que-se-recuerda-y-se-celebra-el-6-de-agosto\/#primaryimage"},"thumbnailUrl":"https:\/\/infoecos.com.ar\/wp-content\/uploads\/2022\/08\/image-45.png","keywords":["efem\u00e9rides infoecos"],"articleSection":["C1 N4"],"inLanguage":"es"},{"@type":"WebPage","@id":"https:\/\/infoecos.com.ar\/index.php\/que-se-recuerda-y-se-celebra-el-6-de-agosto\/","url":"https:\/\/infoecos.com.ar\/index.php\/que-se-recuerda-y-se-celebra-el-6-de-agosto\/","name":"Que se recuerda y se celebra el 6 de Agosto... - Infoecos","isPartOf":{"@id":"https:\/\/infoecos.com.ar\/#website"},"primaryImageOfPage":{"@id":"https:\/\/infoecos.com.ar\/index.php\/que-se-recuerda-y-se-celebra-el-6-de-agosto\/#primaryimage"},"image":{"@id":"https:\/\/infoecos.com.ar\/index.php\/que-se-recuerda-y-se-celebra-el-6-de-agosto\/#primaryimage"},"thumbnailUrl":"https:\/\/infoecos.com.ar\/wp-content\/uploads\/2022\/08\/image-45.png","datePublished":"2022-08-06T05:48:24+00:00","dateModified":"2022-08-06T05:48:27+00:00","breadcrumb":{"@id":"https:\/\/infoecos.com.ar\/index.php\/que-se-recuerda-y-se-celebra-el-6-de-agosto\/#breadcrumb"},"inLanguage":"es","potentialAction":[{"@type":"ReadAction","target":["https:\/\/infoecos.com.ar\/index.php\/que-se-recuerda-y-se-celebra-el-6-de-agosto\/"]}]},{"@type":"ImageObject","inLanguage":"es","@id":"https:\/\/infoecos.com.ar\/index.php\/que-se-recuerda-y-se-celebra-el-6-de-agosto\/#primaryimage","url":"https:\/\/infoecos.com.ar\/wp-content\/uploads\/2022\/08\/image-45.png","contentUrl":"https:\/\/infoecos.com.ar\/wp-content\/uploads\/2022\/08\/image-45.png","width":225,"height":161},{"@type":"BreadcrumbList","@id":"https:\/\/infoecos.com.ar\/index.php\/que-se-recuerda-y-se-celebra-el-6-de-agosto\/#breadcrumb","itemListElement":[{"@type":"ListItem","position":1,"name":"Portada","item":"https:\/\/infoecos.com.ar\/"},{"@type":"ListItem","position":2,"name":"Que se recuerda y se celebra el 6 de Agosto&#8230;"}]},{"@type":"WebSite","@id":"https:\/\/infoecos.com.ar\/#website","url":"https:\/\/infoecos.com.ar\/","name":"Infoecos","description":"Noticias de trenque lauquen y la zona","publisher":{"@id":"https:\/\/infoecos.com.ar\/#organization"},"alternateName":"Noticias","potentialAction":[{"@type":"SearchAction","target":{"@type":"EntryPoint","urlTemplate":"https:\/\/infoecos.com.ar\/?s={search_term_string}"},"query-input":{"@type":"PropertyValueSpecification","valueRequired":true,"valueName":"search_term_string"}}],"inLanguage":"es"},{"@type":"Organization","@id":"https:\/\/infoecos.com.ar\/#organization","name":"Infoecos","alternateName":"Noticias","url":"https:\/\/infoecos.com.ar\/","logo":{"@type":"ImageObject","inLanguage":"es","@id":"https:\/\/infoecos.com.ar\/#\/schema\/logo\/image\/","url":"https:\/\/infoecos.com.ar\/wp-content\/uploads\/2024\/03\/cropped-logo.png","contentUrl":"https:\/\/infoecos.com.ar\/wp-content\/uploads\/2024\/03\/cropped-logo.png","width":374,"height":90,"caption":"Infoecos"},"image":{"@id":"https:\/\/infoecos.com.ar\/#\/schema\/logo\/image\/"},"sameAs":["https:\/\/www.facebook.com\/profile.php?id=100063200290284","https:\/\/x.com\/infoecos"]},{"@type":"Person","@id":"https:\/\/infoecos.com.ar\/#\/schema\/person\/8f5ace5ce73b4b4aac4b7245aee6f191","name":"Jorge Matheus","url":"https:\/\/infoecos.com.ar\/index.php\/author\/jomatheus\/"}]}},"featured_image_urls":{"full":["https:\/\/infoecos.com.ar\/wp-content\/uploads\/2022\/08\/image-45.png",225,161,false],"thumbnail":["https:\/\/infoecos.com.ar\/wp-content\/uploads\/2022\/08\/image-45-150x150.png",150,150,true],"medium":["https:\/\/infoecos.com.ar\/wp-content\/uploads\/2022\/08\/image-45.png",225,161,false],"medium_large":["https:\/\/infoecos.com.ar\/wp-content\/uploads\/2022\/08\/image-45.png",225,161,false],"large":["https:\/\/infoecos.com.ar\/wp-content\/uploads\/2022\/08\/image-45.png",225,161,false],"1536x1536":["https:\/\/infoecos.com.ar\/wp-content\/uploads\/2022\/08\/image-45.png",225,161,false],"2048x2048":["https:\/\/infoecos.com.ar\/wp-content\/uploads\/2022\/08\/image-45.png",225,161,false],"covernews-slider-full":["https:\/\/infoecos.com.ar\/wp-content\/uploads\/2022\/08\/image-45.png",225,161,false],"covernews-slider-center":["https:\/\/infoecos.com.ar\/wp-content\/uploads\/2022\/08\/image-45.png",225,161,false],"covernews-featured":["https:\/\/infoecos.com.ar\/wp-content\/uploads\/2022\/08\/image-45.png",225,161,false],"covernews-medium":["https:\/\/infoecos.com.ar\/wp-content\/uploads\/2022\/08\/image-45.png",225,161,false],"covernews-medium-square":["https:\/\/infoecos.com.ar\/wp-content\/uploads\/2022\/08\/image-45.png",225,161,false]},"author_info":{"info":["Jorge Matheus"]},"category_info":"<a href=\"https:\/\/infoecos.com.ar\/index.php\/category\/c1nota4\/\" rel=\"category tag\">C1 N4<\/a>","tag_info":"C1 N4","comment_count":"0","_links":{"self":[{"href":"https:\/\/infoecos.com.ar\/index.php\/wp-json\/wp\/v2\/posts\/95783"}],"collection":[{"href":"https:\/\/infoecos.com.ar\/index.php\/wp-json\/wp\/v2\/posts"}],"about":[{"href":"https:\/\/infoecos.com.ar\/index.php\/wp-json\/wp\/v2\/types\/post"}],"author":[{"embeddable":true,"href":"https:\/\/infoecos.com.ar\/index.php\/wp-json\/wp\/v2\/users\/2"}],"replies":[{"embeddable":true,"href":"https:\/\/infoecos.com.ar\/index.php\/wp-json\/wp\/v2\/comments?post=95783"}],"version-history":[{"count":1,"href":"https:\/\/infoecos.com.ar\/index.php\/wp-json\/wp\/v2\/posts\/95783\/revisions"}],"predecessor-version":[{"id":95785,"href":"https:\/\/infoecos.com.ar\/index.php\/wp-json\/wp\/v2\/posts\/95783\/revisions\/95785"}],"wp:featuredmedia":[{"embeddable":true,"href":"https:\/\/infoecos.com.ar\/index.php\/wp-json\/wp\/v2\/media\/95784"}],"wp:attachment":[{"href":"https:\/\/infoecos.com.ar\/index.php\/wp-json\/wp\/v2\/media?parent=95783"}],"wp:term":[{"taxonomy":"category","embeddable":true,"href":"https:\/\/infoecos.com.ar\/index.php\/wp-json\/wp\/v2\/categories?post=95783"},{"taxonomy":"post_tag","embeddable":true,"href":"https:\/\/infoecos.com.ar\/index.php\/wp-json\/wp\/v2\/tags?post=95783"}],"curies":[{"name":"wp","href":"https:\/\/api.w.org\/{rel}","templated":true}]}}