{"id":95793,"date":"2022-08-06T03:32:35","date_gmt":"2022-08-06T06:32:35","guid":{"rendered":"http:\/\/infoecos.com.ar\/?p=95793"},"modified":"2022-08-06T03:32:38","modified_gmt":"2022-08-06T06:32:38","slug":"comenzaran-los-trabajos-de-adecuacion-del-terreno-donde-se-construira-la-comisaria-de-la-mujer","status":"publish","type":"post","link":"https:\/\/infoecos.com.ar\/index.php\/comenzaran-los-trabajos-de-adecuacion-del-terreno-donde-se-construira-la-comisaria-de-la-mujer\/","title":{"rendered":"Comenzar\u00e1n los trabajos de adecuaci\u00f3n del terreno donde se construir\u00e1 la Comisar\u00eda de la Mujer"},"content":{"rendered":"\n<p>El gobierno de Rivadavia anunci\u00f3 que se iniciar\u00e1n los trabajos para el nuevo edificio de la Comisar\u00eda de la Mujer enla capital del distrito.<\/p>\n\n\n\n<figure class=\"wp-block-image aligncenter size-large is-resized\"><img loading=\"lazy\" decoding=\"async\" src=\"http:\/\/infoecos.com.ar\/wp-content\/uploads\/2022\/08\/comisariadelamujerterreno-920x518.jpg\" alt=\"\" class=\"wp-image-95795\" width=\"547\" height=\"307\" srcset=\"https:\/\/infoecos.com.ar\/wp-content\/uploads\/2022\/08\/comisariadelamujerterreno-920x518.jpg 920w, https:\/\/infoecos.com.ar\/wp-content\/uploads\/2022\/08\/comisariadelamujerterreno-460x259.jpg 460w, https:\/\/infoecos.com.ar\/wp-content\/uploads\/2022\/08\/comisariadelamujerterreno-768x432.jpg 768w, https:\/\/infoecos.com.ar\/wp-content\/uploads\/2022\/08\/comisariadelamujerterreno-1024x576.jpg 1024w, https:\/\/infoecos.com.ar\/wp-content\/uploads\/2022\/08\/comisariadelamujerterreno.jpg 1280w\" sizes=\"(max-width: 547px) 100vw, 547px\" \/><\/figure>\n\n\n\n<p>Se erigir\u00e1 la obra en un terreno que actualmente est\u00e1 ocupado por autos secuestrados por la Polic\u00eda de la provincia de Buenos Aires, y que ser\u00e1 limpiado y puesto en condiciones por el gobierno comunal. <\/p>\n\n\n\n<p>La obra fue adjudicada y ser\u00e1 realizada por mano de obra de Am\u00e9rica.<\/p>\n\n\n\n<p>\u201cCon este proyecto damos soluci\u00f3n a una problem\u00e1tica que ha incomodado a los vecinos por muchos a\u00f1os. El objetivo es darle a ese espacio estrat\u00e9gicamente ubicado un uso m\u00e1s beneficioso para la comunidad, lo que tambi\u00e9n nos permite darle una nueva utilidad al edificio municipal donde hoy est\u00e1 ubicada la Comisar\u00eda\u201d, manifest\u00f3 el Jefe Comunal, Javier Reynoso.<\/p>\n","protected":false},"excerpt":{"rendered":"<p>\u201cCon este proyecto damos soluci\u00f3n a una problem\u00e1tica que ha incomodado a los vecinos por muchos a\u00f1os\u00bb, se\u00f1al\u00f3 el intendente Reynoso<\/p>\n","protected":false},"author":2,"featured_media":95795,"comment_status":"closed","ping_status":"open","sticky":false,"template":"","format":"standard","meta":{"footnotes":""},"categories":[49],"tags":[6477],"class_list":["post-95793","post","type-post","status-publish","format-standard","has-post-thumbnail","hentry","category-c3nota3","tag-en-america-rivadavia"],"yoast_head":"<!-- This site is optimized with the Yoast SEO plugin v23.4 - https:\/\/yoast.com\/wordpress\/plugins\/seo\/ -->\n<title>Comenzar\u00e1n los trabajos de adecuaci\u00f3n del terreno donde se construir\u00e1 la Comisar\u00eda de la Mujer - Infoecos<\/title>\n<meta name=\"robots\" content=\"index, follow, max-snippet:-1, max-image-preview:large, max-video-preview:-1\" \/>\n<link rel=\"canonical\" href=\"https:\/\/infoecos.com.ar\/index.php\/comenzaran-los-trabajos-de-adecuacion-del-terreno-donde-se-construira-la-comisaria-de-la-mujer\/\" \/>\n<meta property=\"og:locale\" content=\"es_ES\" \/>\n<meta property=\"og:type\" content=\"article\" \/>\n<meta property=\"og:title\" content=\"Comenzar\u00e1n los trabajos de adecuaci\u00f3n del terreno donde se construir\u00e1 la Comisar\u00eda de la Mujer - Infoecos\" \/>\n<meta property=\"og:description\" content=\"\u201cCon este proyecto damos soluci\u00f3n a una problem\u00e1tica que ha incomodado a los vecinos por muchos a\u00f1os&quot;, se\u00f1al\u00f3 el intendente Reynoso\" \/>\n<meta property=\"og:url\" content=\"https:\/\/infoecos.com.ar\/index.php\/comenzaran-los-trabajos-de-adecuacion-del-terreno-donde-se-construira-la-comisaria-de-la-mujer\/\" \/>\n<meta property=\"og:site_name\" content=\"Infoecos\" \/>\n<meta property=\"article:publisher\" content=\"https:\/\/www.facebook.com\/profile.php?id=100063200290284\" \/>\n<meta property=\"article:published_time\" content=\"2022-08-06T06:32:35+00:00\" \/>\n<meta property=\"article:modified_time\" content=\"2022-08-06T06:32:38+00:00\" \/>\n<meta property=\"og:image\" content=\"https:\/\/infoecos.com.ar\/wp-content\/uploads\/2022\/08\/comisariadelamujerterreno.jpg\" \/>\n\t<meta property=\"og:image:width\" content=\"1280\" \/>\n\t<meta property=\"og:image:height\" content=\"720\" \/>\n\t<meta property=\"og:image:type\" content=\"image\/jpeg\" \/>\n<meta name=\"author\" content=\"Jorge Matheus\" \/>\n<meta name=\"twitter:card\" content=\"summary_large_image\" \/>\n<meta name=\"twitter:creator\" content=\"@infoecos\" \/>\n<meta name=\"twitter:site\" content=\"@infoecos\" \/>\n<meta name=\"twitter:label1\" content=\"Escrito por\" \/>\n\t<meta name=\"twitter:data1\" content=\"Jorge Matheus\" \/>\n\t<meta name=\"twitter:label2\" content=\"Tiempo de lectura\" \/>\n\t<meta name=\"twitter:data2\" content=\"1 minuto\" \/>\n<script type=\"application\/ld+json\" class=\"yoast-schema-graph\">{\"@context\":\"https:\/\/schema.org\",\"@graph\":[{\"@type\":\"Article\",\"@id\":\"https:\/\/infoecos.com.ar\/index.php\/comenzaran-los-trabajos-de-adecuacion-del-terreno-donde-se-construira-la-comisaria-de-la-mujer\/#article\",\"isPartOf\":{\"@id\":\"https:\/\/infoecos.com.ar\/index.php\/comenzaran-los-trabajos-de-adecuacion-del-terreno-donde-se-construira-la-comisaria-de-la-mujer\/\"},\"author\":{\"name\":\"Jorge Matheus\",\"@id\":\"https:\/\/infoecos.com.ar\/#\/schema\/person\/8f5ace5ce73b4b4aac4b7245aee6f191\"},\"headline\":\"Comenzar\u00e1n los trabajos de adecuaci\u00f3n del terreno donde se construir\u00e1 la Comisar\u00eda de la Mujer\",\"datePublished\":\"2022-08-06T06:32:35+00:00\",\"dateModified\":\"2022-08-06T06:32:38+00:00\",\"mainEntityOfPage\":{\"@id\":\"https:\/\/infoecos.com.ar\/index.php\/comenzaran-los-trabajos-de-adecuacion-del-terreno-donde-se-construira-la-comisaria-de-la-mujer\/\"},\"wordCount\":158,\"publisher\":{\"@id\":\"https:\/\/infoecos.com.ar\/#organization\"},\"image\":{\"@id\":\"https:\/\/infoecos.com.ar\/index.php\/comenzaran-los-trabajos-de-adecuacion-del-terreno-donde-se-construira-la-comisaria-de-la-mujer\/#primaryimage\"},\"thumbnailUrl\":\"https:\/\/infoecos.com.ar\/wp-content\/uploads\/2022\/08\/comisariadelamujerterreno.jpg\",\"keywords\":[\"EN AM\u00c9RICA (RIVADAVIA)\"],\"articleSection\":[\"C3 N3\"],\"inLanguage\":\"es\"},{\"@type\":\"WebPage\",\"@id\":\"https:\/\/infoecos.com.ar\/index.php\/comenzaran-los-trabajos-de-adecuacion-del-terreno-donde-se-construira-la-comisaria-de-la-mujer\/\",\"url\":\"https:\/\/infoecos.com.ar\/index.php\/comenzaran-los-trabajos-de-adecuacion-del-terreno-donde-se-construira-la-comisaria-de-la-mujer\/\",\"name\":\"Comenzar\u00e1n los trabajos de adecuaci\u00f3n del terreno donde se construir\u00e1 la Comisar\u00eda de la Mujer - Infoecos\",\"isPartOf\":{\"@id\":\"https:\/\/infoecos.com.ar\/#website\"},\"primaryImageOfPage\":{\"@id\":\"https:\/\/infoecos.com.ar\/index.php\/comenzaran-los-trabajos-de-adecuacion-del-terreno-donde-se-construira-la-comisaria-de-la-mujer\/#primaryimage\"},\"image\":{\"@id\":\"https:\/\/infoecos.com.ar\/index.php\/comenzaran-los-trabajos-de-adecuacion-del-terreno-donde-se-construira-la-comisaria-de-la-mujer\/#primaryimage\"},\"thumbnailUrl\":\"https:\/\/infoecos.com.ar\/wp-content\/uploads\/2022\/08\/comisariadelamujerterreno.jpg\",\"datePublished\":\"2022-08-06T06:32:35+00:00\",\"dateModified\":\"2022-08-06T06:32:38+00:00\",\"breadcrumb\":{\"@id\":\"https:\/\/infoecos.com.ar\/index.php\/comenzaran-los-trabajos-de-adecuacion-del-terreno-donde-se-construira-la-comisaria-de-la-mujer\/#breadcrumb\"},\"inLanguage\":\"es\",\"potentialAction\":[{\"@type\":\"ReadAction\",\"target\":[\"https:\/\/infoecos.com.ar\/index.php\/comenzaran-los-trabajos-de-adecuacion-del-terreno-donde-se-construira-la-comisaria-de-la-mujer\/\"]}]},{\"@type\":\"ImageObject\",\"inLanguage\":\"es\",\"@id\":\"https:\/\/infoecos.com.ar\/index.php\/comenzaran-los-trabajos-de-adecuacion-del-terreno-donde-se-construira-la-comisaria-de-la-mujer\/#primaryimage\",\"url\":\"https:\/\/infoecos.com.ar\/wp-content\/uploads\/2022\/08\/comisariadelamujerterreno.jpg\",\"contentUrl\":\"https:\/\/infoecos.com.ar\/wp-content\/uploads\/2022\/08\/comisariadelamujerterreno.jpg\",\"width\":1280,\"height\":720},{\"@type\":\"BreadcrumbList\",\"@id\":\"https:\/\/infoecos.com.ar\/index.php\/comenzaran-los-trabajos-de-adecuacion-del-terreno-donde-se-construira-la-comisaria-de-la-mujer\/#breadcrumb\",\"itemListElement\":[{\"@type\":\"ListItem\",\"position\":1,\"name\":\"Portada\",\"item\":\"https:\/\/infoecos.com.ar\/\"},{\"@type\":\"ListItem\",\"position\":2,\"name\":\"Comenzar\u00e1n los trabajos de adecuaci\u00f3n del terreno donde se construir\u00e1 la Comisar\u00eda de la Mujer\"}]},{\"@type\":\"WebSite\",\"@id\":\"https:\/\/infoecos.com.ar\/#website\",\"url\":\"https:\/\/infoecos.com.ar\/\",\"name\":\"Infoecos\",\"description\":\"Noticias de trenque lauquen y la zona\",\"publisher\":{\"@id\":\"https:\/\/infoecos.com.ar\/#organization\"},\"alternateName\":\"Noticias\",\"potentialAction\":[{\"@type\":\"SearchAction\",\"target\":{\"@type\":\"EntryPoint\",\"urlTemplate\":\"https:\/\/infoecos.com.ar\/?s={search_term_string}\"},\"query-input\":{\"@type\":\"PropertyValueSpecification\",\"valueRequired\":true,\"valueName\":\"search_term_string\"}}],\"inLanguage\":\"es\"},{\"@type\":\"Organization\",\"@id\":\"https:\/\/infoecos.com.ar\/#organization\",\"name\":\"Infoecos\",\"alternateName\":\"Noticias\",\"url\":\"https:\/\/infoecos.com.ar\/\",\"logo\":{\"@type\":\"ImageObject\",\"inLanguage\":\"es\",\"@id\":\"https:\/\/infoecos.com.ar\/#\/schema\/logo\/image\/\",\"url\":\"https:\/\/infoecos.com.ar\/wp-content\/uploads\/2024\/03\/cropped-logo.png\",\"contentUrl\":\"https:\/\/infoecos.com.ar\/wp-content\/uploads\/2024\/03\/cropped-logo.png\",\"width\":374,\"height\":90,\"caption\":\"Infoecos\"},\"image\":{\"@id\":\"https:\/\/infoecos.com.ar\/#\/schema\/logo\/image\/\"},\"sameAs\":[\"https:\/\/www.facebook.com\/profile.php?id=100063200290284\",\"https:\/\/x.com\/infoecos\"]},{\"@type\":\"Person\",\"@id\":\"https:\/\/infoecos.com.ar\/#\/schema\/person\/8f5ace5ce73b4b4aac4b7245aee6f191\",\"name\":\"Jorge Matheus\",\"url\":\"https:\/\/infoecos.com.ar\/index.php\/author\/jomatheus\/\"}]}<\/script>\n<!-- \/ Yoast SEO plugin. -->","yoast_head_json":{"title":"Comenzar\u00e1n los trabajos de adecuaci\u00f3n del terreno donde se construir\u00e1 la Comisar\u00eda de la Mujer - Infoecos","robots":{"index":"index","follow":"follow","max-snippet":"max-snippet:-1","max-image-preview":"max-image-preview:large","max-video-preview":"max-video-preview:-1"},"canonical":"https:\/\/infoecos.com.ar\/index.php\/comenzaran-los-trabajos-de-adecuacion-del-terreno-donde-se-construira-la-comisaria-de-la-mujer\/","og_locale":"es_ES","og_type":"article","og_title":"Comenzar\u00e1n los trabajos de adecuaci\u00f3n del terreno donde se construir\u00e1 la Comisar\u00eda de la Mujer - Infoecos","og_description":"\u201cCon este proyecto damos soluci\u00f3n a una problem\u00e1tica que ha incomodado a los vecinos por muchos a\u00f1os\", se\u00f1al\u00f3 el intendente Reynoso","og_url":"https:\/\/infoecos.com.ar\/index.php\/comenzaran-los-trabajos-de-adecuacion-del-terreno-donde-se-construira-la-comisaria-de-la-mujer\/","og_site_name":"Infoecos","article_publisher":"https:\/\/www.facebook.com\/profile.php?id=100063200290284","article_published_time":"2022-08-06T06:32:35+00:00","article_modified_time":"2022-08-06T06:32:38+00:00","og_image":[{"width":1280,"height":720,"url":"https:\/\/infoecos.com.ar\/wp-content\/uploads\/2022\/08\/comisariadelamujerterreno.jpg","type":"image\/jpeg"}],"author":"Jorge Matheus","twitter_card":"summary_large_image","twitter_creator":"@infoecos","twitter_site":"@infoecos","twitter_misc":{"Escrito por":"Jorge Matheus","Tiempo de lectura":"1 minuto"},"schema":{"@context":"https:\/\/schema.org","@graph":[{"@type":"Article","@id":"https:\/\/infoecos.com.ar\/index.php\/comenzaran-los-trabajos-de-adecuacion-del-terreno-donde-se-construira-la-comisaria-de-la-mujer\/#article","isPartOf":{"@id":"https:\/\/infoecos.com.ar\/index.php\/comenzaran-los-trabajos-de-adecuacion-del-terreno-donde-se-construira-la-comisaria-de-la-mujer\/"},"author":{"name":"Jorge Matheus","@id":"https:\/\/infoecos.com.ar\/#\/schema\/person\/8f5ace5ce73b4b4aac4b7245aee6f191"},"headline":"Comenzar\u00e1n los trabajos de adecuaci\u00f3n del terreno donde se construir\u00e1 la Comisar\u00eda de la Mujer","datePublished":"2022-08-06T06:32:35+00:00","dateModified":"2022-08-06T06:32:38+00:00","mainEntityOfPage":{"@id":"https:\/\/infoecos.com.ar\/index.php\/comenzaran-los-trabajos-de-adecuacion-del-terreno-donde-se-construira-la-comisaria-de-la-mujer\/"},"wordCount":158,"publisher":{"@id":"https:\/\/infoecos.com.ar\/#organization"},"image":{"@id":"https:\/\/infoecos.com.ar\/index.php\/comenzaran-los-trabajos-de-adecuacion-del-terreno-donde-se-construira-la-comisaria-de-la-mujer\/#primaryimage"},"thumbnailUrl":"https:\/\/infoecos.com.ar\/wp-content\/uploads\/2022\/08\/comisariadelamujerterreno.jpg","keywords":["EN AM\u00c9RICA (RIVADAVIA)"],"articleSection":["C3 N3"],"inLanguage":"es"},{"@type":"WebPage","@id":"https:\/\/infoecos.com.ar\/index.php\/comenzaran-los-trabajos-de-adecuacion-del-terreno-donde-se-construira-la-comisaria-de-la-mujer\/","url":"https:\/\/infoecos.com.ar\/index.php\/comenzaran-los-trabajos-de-adecuacion-del-terreno-donde-se-construira-la-comisaria-de-la-mujer\/","name":"Comenzar\u00e1n los trabajos de adecuaci\u00f3n del terreno donde se construir\u00e1 la Comisar\u00eda de la Mujer - Infoecos","isPartOf":{"@id":"https:\/\/infoecos.com.ar\/#website"},"primaryImageOfPage":{"@id":"https:\/\/infoecos.com.ar\/index.php\/comenzaran-los-trabajos-de-adecuacion-del-terreno-donde-se-construira-la-comisaria-de-la-mujer\/#primaryimage"},"image":{"@id":"https:\/\/infoecos.com.ar\/index.php\/comenzaran-los-trabajos-de-adecuacion-del-terreno-donde-se-construira-la-comisaria-de-la-mujer\/#primaryimage"},"thumbnailUrl":"https:\/\/infoecos.com.ar\/wp-content\/uploads\/2022\/08\/comisariadelamujerterreno.jpg","datePublished":"2022-08-06T06:32:35+00:00","dateModified":"2022-08-06T06:32:38+00:00","breadcrumb":{"@id":"https:\/\/infoecos.com.ar\/index.php\/comenzaran-los-trabajos-de-adecuacion-del-terreno-donde-se-construira-la-comisaria-de-la-mujer\/#breadcrumb"},"inLanguage":"es","potentialAction":[{"@type":"ReadAction","target":["https:\/\/infoecos.com.ar\/index.php\/comenzaran-los-trabajos-de-adecuacion-del-terreno-donde-se-construira-la-comisaria-de-la-mujer\/"]}]},{"@type":"ImageObject","inLanguage":"es","@id":"https:\/\/infoecos.com.ar\/index.php\/comenzaran-los-trabajos-de-adecuacion-del-terreno-donde-se-construira-la-comisaria-de-la-mujer\/#primaryimage","url":"https:\/\/infoecos.com.ar\/wp-content\/uploads\/2022\/08\/comisariadelamujerterreno.jpg","contentUrl":"https:\/\/infoecos.com.ar\/wp-content\/uploads\/2022\/08\/comisariadelamujerterreno.jpg","width":1280,"height":720},{"@type":"BreadcrumbList","@id":"https:\/\/infoecos.com.ar\/index.php\/comenzaran-los-trabajos-de-adecuacion-del-terreno-donde-se-construira-la-comisaria-de-la-mujer\/#breadcrumb","itemListElement":[{"@type":"ListItem","position":1,"name":"Portada","item":"https:\/\/infoecos.com.ar\/"},{"@type":"ListItem","position":2,"name":"Comenzar\u00e1n los trabajos de adecuaci\u00f3n del terreno donde se construir\u00e1 la Comisar\u00eda de la Mujer"}]},{"@type":"WebSite","@id":"https:\/\/infoecos.com.ar\/#website","url":"https:\/\/infoecos.com.ar\/","name":"Infoecos","description":"Noticias de trenque lauquen y la zona","publisher":{"@id":"https:\/\/infoecos.com.ar\/#organization"},"alternateName":"Noticias","potentialAction":[{"@type":"SearchAction","target":{"@type":"EntryPoint","urlTemplate":"https:\/\/infoecos.com.ar\/?s={search_term_string}"},"query-input":{"@type":"PropertyValueSpecification","valueRequired":true,"valueName":"search_term_string"}}],"inLanguage":"es"},{"@type":"Organization","@id":"https:\/\/infoecos.com.ar\/#organization","name":"Infoecos","alternateName":"Noticias","url":"https:\/\/infoecos.com.ar\/","logo":{"@type":"ImageObject","inLanguage":"es","@id":"https:\/\/infoecos.com.ar\/#\/schema\/logo\/image\/","url":"https:\/\/infoecos.com.ar\/wp-content\/uploads\/2024\/03\/cropped-logo.png","contentUrl":"https:\/\/infoecos.com.ar\/wp-content\/uploads\/2024\/03\/cropped-logo.png","width":374,"height":90,"caption":"Infoecos"},"image":{"@id":"https:\/\/infoecos.com.ar\/#\/schema\/logo\/image\/"},"sameAs":["https:\/\/www.facebook.com\/profile.php?id=100063200290284","https:\/\/x.com\/infoecos"]},{"@type":"Person","@id":"https:\/\/infoecos.com.ar\/#\/schema\/person\/8f5ace5ce73b4b4aac4b7245aee6f191","name":"Jorge Matheus","url":"https:\/\/infoecos.com.ar\/index.php\/author\/jomatheus\/"}]}},"featured_image_urls":{"full":["https:\/\/infoecos.com.ar\/wp-content\/uploads\/2022\/08\/comisariadelamujerterreno.jpg",1280,720,false],"thumbnail":["https:\/\/infoecos.com.ar\/wp-content\/uploads\/2022\/08\/comisariadelamujerterreno-150x150.jpg",150,150,true],"medium":["https:\/\/infoecos.com.ar\/wp-content\/uploads\/2022\/08\/comisariadelamujerterreno-460x259.jpg",460,259,true],"medium_large":["https:\/\/infoecos.com.ar\/wp-content\/uploads\/2022\/08\/comisariadelamujerterreno-768x432.jpg",640,360,true],"large":["https:\/\/infoecos.com.ar\/wp-content\/uploads\/2022\/08\/comisariadelamujerterreno-920x518.jpg",640,360,true],"1536x1536":["https:\/\/infoecos.com.ar\/wp-content\/uploads\/2022\/08\/comisariadelamujerterreno.jpg",1280,720,false],"2048x2048":["https:\/\/infoecos.com.ar\/wp-content\/uploads\/2022\/08\/comisariadelamujerterreno.jpg",1280,720,false],"covernews-slider-full":["https:\/\/infoecos.com.ar\/wp-content\/uploads\/2022\/08\/comisariadelamujerterreno.jpg",1115,627,false],"covernews-slider-center":["https:\/\/infoecos.com.ar\/wp-content\/uploads\/2022\/08\/comisariadelamujerterreno-936x720.jpg",650,500,true],"covernews-featured":["https:\/\/infoecos.com.ar\/wp-content\/uploads\/2022\/08\/comisariadelamujerterreno-1024x576.jpg",1024,576,true],"covernews-medium":["https:\/\/infoecos.com.ar\/wp-content\/uploads\/2022\/08\/comisariadelamujerterreno-720x380.jpg",540,285,true],"covernews-medium-square":["https:\/\/infoecos.com.ar\/wp-content\/uploads\/2022\/08\/comisariadelamujerterreno-675x450.jpg",375,250,true]},"author_info":{"info":["Jorge Matheus"]},"category_info":"<a href=\"https:\/\/infoecos.com.ar\/index.php\/category\/c3nota3\/\" rel=\"category tag\">C3 N3<\/a>","tag_info":"C3 N3","comment_count":"0","_links":{"self":[{"href":"https:\/\/infoecos.com.ar\/index.php\/wp-json\/wp\/v2\/posts\/95793"}],"collection":[{"href":"https:\/\/infoecos.com.ar\/index.php\/wp-json\/wp\/v2\/posts"}],"about":[{"href":"https:\/\/infoecos.com.ar\/index.php\/wp-json\/wp\/v2\/types\/post"}],"author":[{"embeddable":true,"href":"https:\/\/infoecos.com.ar\/index.php\/wp-json\/wp\/v2\/users\/2"}],"replies":[{"embeddable":true,"href":"https:\/\/infoecos.com.ar\/index.php\/wp-json\/wp\/v2\/comments?post=95793"}],"version-history":[{"count":1,"href":"https:\/\/infoecos.com.ar\/index.php\/wp-json\/wp\/v2\/posts\/95793\/revisions"}],"predecessor-version":[{"id":95796,"href":"https:\/\/infoecos.com.ar\/index.php\/wp-json\/wp\/v2\/posts\/95793\/revisions\/95796"}],"wp:featuredmedia":[{"embeddable":true,"href":"https:\/\/infoecos.com.ar\/index.php\/wp-json\/wp\/v2\/media\/95795"}],"wp:attachment":[{"href":"https:\/\/infoecos.com.ar\/index.php\/wp-json\/wp\/v2\/media?parent=95793"}],"wp:term":[{"taxonomy":"category","embeddable":true,"href":"https:\/\/infoecos.com.ar\/index.php\/wp-json\/wp\/v2\/categories?post=95793"},{"taxonomy":"post_tag","embeddable":true,"href":"https:\/\/infoecos.com.ar\/index.php\/wp-json\/wp\/v2\/tags?post=95793"}],"curies":[{"name":"wp","href":"https:\/\/api.w.org\/{rel}","templated":true}]}}