{"id":95827,"date":"2022-08-07T01:01:25","date_gmt":"2022-08-07T04:01:25","guid":{"rendered":"http:\/\/infoecos.com.ar\/?p=95827"},"modified":"2022-08-07T05:31:18","modified_gmt":"2022-08-07T08:31:18","slug":"felipe-bernasconi-llego-segundo-en-la-primera-final-de-la-formula-metropolitana-en-san-juan","status":"publish","type":"post","link":"https:\/\/infoecos.com.ar\/index.php\/felipe-bernasconi-llego-segundo-en-la-primera-final-de-la-formula-metropolitana-en-san-juan\/","title":{"rendered":"Felipe Bernasconi lleg\u00f3 segundo en la primera final de la F\u00f3rmula 3 Metropolitana en San Juan"},"content":{"rendered":"\n<p><em><strong><mark style=\"background-color:rgba(0, 0, 0, 0)\" class=\"has-inline-color has-vivid-red-color\">Enzo Torres <\/mark>domin\u00f3 de principio a fin la primera final del fin de semana. Felipe Bernasconi y Tom\u00e1s Pellandino lo escoltaron en el podio.<\/strong><\/em><\/p>\n\n\n\n<figure class=\"wp-block-image aligncenter size-large\"><img loading=\"lazy\" decoding=\"async\" width=\"920\" height=\"518\" src=\"http:\/\/infoecos.com.ar\/wp-content\/uploads\/2022\/08\/297800385_1127066417879636_6674123045275781964_n-920x518.jpg\" alt=\"\" class=\"wp-image-95828\" srcset=\"https:\/\/infoecos.com.ar\/wp-content\/uploads\/2022\/08\/297800385_1127066417879636_6674123045275781964_n-920x518.jpg 920w, https:\/\/infoecos.com.ar\/wp-content\/uploads\/2022\/08\/297800385_1127066417879636_6674123045275781964_n-460x259.jpg 460w, https:\/\/infoecos.com.ar\/wp-content\/uploads\/2022\/08\/297800385_1127066417879636_6674123045275781964_n-768x432.jpg 768w, https:\/\/infoecos.com.ar\/wp-content\/uploads\/2022\/08\/297800385_1127066417879636_6674123045275781964_n-1024x576.jpg 1024w, https:\/\/infoecos.com.ar\/wp-content\/uploads\/2022\/08\/297800385_1127066417879636_6674123045275781964_n.jpg 1152w\" sizes=\"(max-width: 920px) 100vw, 920px\" \/><\/figure>\n\n\n\n<p>A pesar de los ingresos del auto de seguridad, la carrera fue emotiva y vibrante, pero con un solo dominador: Enzo Torres.<\/p>\n\n\n\n<p>El piloto del Eprom Racing larg\u00f3 desde el lugar de privilegio y nada lo detuvo en su paso triunfal, consiguiendo su 2\u00b0 \u00e9xito en 30 participaciones.<\/p>\n\n\n\n<p><strong><mark style=\"background-color:rgba(0, 0, 0, 0)\" class=\"has-inline-color has-vivid-red-color\">Felipe Bernasconi<\/mark><\/strong> en un muy buen avance ocup\u00f3 el segundo escal\u00f3n del podio mientras que, tras una ardua lucha, <strong><mark style=\"background-color:rgba(0, 0, 0, 0)\" class=\"has-inline-color has-vivid-red-color\">finaliz\u00f3 tercero Tom\u00e1s Pellandino<\/mark><\/strong>, ambos pilotos del Satorra Competici\u00f3n. Los trofeos de los ocupantes del mismo fueron entregados por Mercedes Morach \u2013 Gerente Banca Minorista-, Adolfo Muchino \u2013 Gerente de Finanzas \u2013 y Lucas Gil \u2013 \u00c1rea Marketing, integrantes del @bancosanjuan entidad main-sponsor del fin de semana deportivo.<\/p>\n\n\n\n<figure class=\"wp-block-image aligncenter size-large\"><img loading=\"lazy\" decoding=\"async\" width=\"920\" height=\"565\" src=\"http:\/\/infoecos.com.ar\/wp-content\/uploads\/2022\/08\/bernasconifelipe-920x565.jpg\" alt=\"\" class=\"wp-image-95829\" srcset=\"https:\/\/infoecos.com.ar\/wp-content\/uploads\/2022\/08\/bernasconifelipe-920x565.jpg 920w, https:\/\/infoecos.com.ar\/wp-content\/uploads\/2022\/08\/bernasconifelipe-460x283.jpg 460w, https:\/\/infoecos.com.ar\/wp-content\/uploads\/2022\/08\/bernasconifelipe-768x472.jpg 768w, https:\/\/infoecos.com.ar\/wp-content\/uploads\/2022\/08\/bernasconifelipe.jpg 1024w\" sizes=\"(max-width: 920px) 100vw, 920px\" \/><figcaption>El auto con que compite Felipe Bernasconi<\/figcaption><\/figure>\n\n\n\n<p>Manuel Borgert fue otro de los que fue en ascenso para llegar 4. \u00b0, en tanto que Felipe Rey con el 5. \u00b0 lugar logr\u00f3 recortar buenos puntos en la tabla anual. Tom\u00e1s Granzella lleg\u00f3 6. \u00b0 seguido de M\u00e1ximo Evans Weiss, Ignacio Monti, Nazareno L\u00f3pez y Juan Pablo Guiffrey, que tras el cambio de motor realiz\u00f3 una estupenda remontada para finalizar 10. \u00b0 y se mantiene en la cima del campeonato.<\/p>\n\n\n\n<p><strong>Hoy, a las 11, se largar\u00e1 la segunda final y promete ser nuevamente muy disputada, observ\u00e1ndose en vivo y en directo por la TV P\u00fablica<\/strong>.<\/p>\n\n\n\n<p>Informaci\u00f3n oficial del sitio de la F\u00f3rmula Tres Metropolitana <strong>http:\/\/formula3metropolitana.ar\/<\/strong><\/p>\n","protected":false},"excerpt":{"rendered":"<p>Hoy, a las 11, se largar\u00e1 la segunda final y promete ser nuevamente muy disputada, observ\u00e1ndose en vivo y en directo por la TV P\u00fablica<\/p>\n","protected":false},"author":2,"featured_media":95829,"comment_status":"closed","ping_status":"open","sticky":false,"template":"","format":"standard","meta":{"footnotes":""},"categories":[48],"tags":[6483],"class_list":["post-95827","post","type-post","status-publish","format-standard","has-post-thumbnail","hentry","category-c2nota3","tag-otra-vez-en-el-podio"],"yoast_head":"<!-- This site is optimized with the Yoast SEO plugin v23.4 - https:\/\/yoast.com\/wordpress\/plugins\/seo\/ -->\n<title>Felipe Bernasconi lleg\u00f3 segundo en la primera final de la F\u00f3rmula 3 Metropolitana en San Juan - Infoecos<\/title>\n<meta name=\"robots\" content=\"index, follow, max-snippet:-1, max-image-preview:large, max-video-preview:-1\" \/>\n<link rel=\"canonical\" href=\"https:\/\/infoecos.com.ar\/index.php\/felipe-bernasconi-llego-segundo-en-la-primera-final-de-la-formula-metropolitana-en-san-juan\/\" \/>\n<meta property=\"og:locale\" content=\"es_ES\" \/>\n<meta property=\"og:type\" content=\"article\" \/>\n<meta property=\"og:title\" content=\"Felipe Bernasconi lleg\u00f3 segundo en la primera final de la F\u00f3rmula 3 Metropolitana en San Juan - Infoecos\" \/>\n<meta property=\"og:description\" content=\"Hoy, a las 11, se largar\u00e1 la segunda final y promete ser nuevamente muy disputada, observ\u00e1ndose en vivo y en directo por la TV P\u00fablica\" \/>\n<meta property=\"og:url\" content=\"https:\/\/infoecos.com.ar\/index.php\/felipe-bernasconi-llego-segundo-en-la-primera-final-de-la-formula-metropolitana-en-san-juan\/\" \/>\n<meta property=\"og:site_name\" content=\"Infoecos\" \/>\n<meta property=\"article:publisher\" content=\"https:\/\/www.facebook.com\/profile.php?id=100063200290284\" \/>\n<meta property=\"article:published_time\" content=\"2022-08-07T04:01:25+00:00\" \/>\n<meta property=\"article:modified_time\" content=\"2022-08-07T08:31:18+00:00\" \/>\n<meta property=\"og:image\" content=\"https:\/\/infoecos.com.ar\/wp-content\/uploads\/2022\/08\/bernasconifelipe.jpg\" \/>\n\t<meta property=\"og:image:width\" content=\"1024\" \/>\n\t<meta property=\"og:image:height\" content=\"629\" \/>\n\t<meta property=\"og:image:type\" content=\"image\/jpeg\" \/>\n<meta name=\"author\" content=\"Jorge Matheus\" \/>\n<meta name=\"twitter:card\" content=\"summary_large_image\" \/>\n<meta name=\"twitter:creator\" content=\"@infoecos\" \/>\n<meta name=\"twitter:site\" content=\"@infoecos\" \/>\n<meta name=\"twitter:label1\" content=\"Escrito por\" \/>\n\t<meta name=\"twitter:data1\" content=\"Jorge Matheus\" \/>\n\t<meta name=\"twitter:label2\" content=\"Tiempo de lectura\" \/>\n\t<meta name=\"twitter:data2\" content=\"1 minuto\" \/>\n<script type=\"application\/ld+json\" class=\"yoast-schema-graph\">{\"@context\":\"https:\/\/schema.org\",\"@graph\":[{\"@type\":\"Article\",\"@id\":\"https:\/\/infoecos.com.ar\/index.php\/felipe-bernasconi-llego-segundo-en-la-primera-final-de-la-formula-metropolitana-en-san-juan\/#article\",\"isPartOf\":{\"@id\":\"https:\/\/infoecos.com.ar\/index.php\/felipe-bernasconi-llego-segundo-en-la-primera-final-de-la-formula-metropolitana-en-san-juan\/\"},\"author\":{\"name\":\"Jorge Matheus\",\"@id\":\"https:\/\/infoecos.com.ar\/#\/schema\/person\/8f5ace5ce73b4b4aac4b7245aee6f191\"},\"headline\":\"Felipe Bernasconi lleg\u00f3 segundo en la primera final de la F\u00f3rmula 3 Metropolitana en San Juan\",\"datePublished\":\"2022-08-07T04:01:25+00:00\",\"dateModified\":\"2022-08-07T08:31:18+00:00\",\"mainEntityOfPage\":{\"@id\":\"https:\/\/infoecos.com.ar\/index.php\/felipe-bernasconi-llego-segundo-en-la-primera-final-de-la-formula-metropolitana-en-san-juan\/\"},\"wordCount\":268,\"publisher\":{\"@id\":\"https:\/\/infoecos.com.ar\/#organization\"},\"image\":{\"@id\":\"https:\/\/infoecos.com.ar\/index.php\/felipe-bernasconi-llego-segundo-en-la-primera-final-de-la-formula-metropolitana-en-san-juan\/#primaryimage\"},\"thumbnailUrl\":\"https:\/\/infoecos.com.ar\/wp-content\/uploads\/2022\/08\/bernasconifelipe.jpg\",\"keywords\":[\"otra vez en el podio\"],\"articleSection\":[\"C2 N3\"],\"inLanguage\":\"es\"},{\"@type\":\"WebPage\",\"@id\":\"https:\/\/infoecos.com.ar\/index.php\/felipe-bernasconi-llego-segundo-en-la-primera-final-de-la-formula-metropolitana-en-san-juan\/\",\"url\":\"https:\/\/infoecos.com.ar\/index.php\/felipe-bernasconi-llego-segundo-en-la-primera-final-de-la-formula-metropolitana-en-san-juan\/\",\"name\":\"Felipe Bernasconi lleg\u00f3 segundo en la primera final de la F\u00f3rmula 3 Metropolitana en San Juan - Infoecos\",\"isPartOf\":{\"@id\":\"https:\/\/infoecos.com.ar\/#website\"},\"primaryImageOfPage\":{\"@id\":\"https:\/\/infoecos.com.ar\/index.php\/felipe-bernasconi-llego-segundo-en-la-primera-final-de-la-formula-metropolitana-en-san-juan\/#primaryimage\"},\"image\":{\"@id\":\"https:\/\/infoecos.com.ar\/index.php\/felipe-bernasconi-llego-segundo-en-la-primera-final-de-la-formula-metropolitana-en-san-juan\/#primaryimage\"},\"thumbnailUrl\":\"https:\/\/infoecos.com.ar\/wp-content\/uploads\/2022\/08\/bernasconifelipe.jpg\",\"datePublished\":\"2022-08-07T04:01:25+00:00\",\"dateModified\":\"2022-08-07T08:31:18+00:00\",\"breadcrumb\":{\"@id\":\"https:\/\/infoecos.com.ar\/index.php\/felipe-bernasconi-llego-segundo-en-la-primera-final-de-la-formula-metropolitana-en-san-juan\/#breadcrumb\"},\"inLanguage\":\"es\",\"potentialAction\":[{\"@type\":\"ReadAction\",\"target\":[\"https:\/\/infoecos.com.ar\/index.php\/felipe-bernasconi-llego-segundo-en-la-primera-final-de-la-formula-metropolitana-en-san-juan\/\"]}]},{\"@type\":\"ImageObject\",\"inLanguage\":\"es\",\"@id\":\"https:\/\/infoecos.com.ar\/index.php\/felipe-bernasconi-llego-segundo-en-la-primera-final-de-la-formula-metropolitana-en-san-juan\/#primaryimage\",\"url\":\"https:\/\/infoecos.com.ar\/wp-content\/uploads\/2022\/08\/bernasconifelipe.jpg\",\"contentUrl\":\"https:\/\/infoecos.com.ar\/wp-content\/uploads\/2022\/08\/bernasconifelipe.jpg\",\"width\":1024,\"height\":629},{\"@type\":\"BreadcrumbList\",\"@id\":\"https:\/\/infoecos.com.ar\/index.php\/felipe-bernasconi-llego-segundo-en-la-primera-final-de-la-formula-metropolitana-en-san-juan\/#breadcrumb\",\"itemListElement\":[{\"@type\":\"ListItem\",\"position\":1,\"name\":\"Portada\",\"item\":\"https:\/\/infoecos.com.ar\/\"},{\"@type\":\"ListItem\",\"position\":2,\"name\":\"Felipe Bernasconi lleg\u00f3 segundo en la primera final de la F\u00f3rmula 3 Metropolitana en San Juan\"}]},{\"@type\":\"WebSite\",\"@id\":\"https:\/\/infoecos.com.ar\/#website\",\"url\":\"https:\/\/infoecos.com.ar\/\",\"name\":\"Infoecos\",\"description\":\"Noticias de trenque lauquen y la zona\",\"publisher\":{\"@id\":\"https:\/\/infoecos.com.ar\/#organization\"},\"alternateName\":\"Noticias\",\"potentialAction\":[{\"@type\":\"SearchAction\",\"target\":{\"@type\":\"EntryPoint\",\"urlTemplate\":\"https:\/\/infoecos.com.ar\/?s={search_term_string}\"},\"query-input\":{\"@type\":\"PropertyValueSpecification\",\"valueRequired\":true,\"valueName\":\"search_term_string\"}}],\"inLanguage\":\"es\"},{\"@type\":\"Organization\",\"@id\":\"https:\/\/infoecos.com.ar\/#organization\",\"name\":\"Infoecos\",\"alternateName\":\"Noticias\",\"url\":\"https:\/\/infoecos.com.ar\/\",\"logo\":{\"@type\":\"ImageObject\",\"inLanguage\":\"es\",\"@id\":\"https:\/\/infoecos.com.ar\/#\/schema\/logo\/image\/\",\"url\":\"https:\/\/infoecos.com.ar\/wp-content\/uploads\/2024\/03\/cropped-logo.png\",\"contentUrl\":\"https:\/\/infoecos.com.ar\/wp-content\/uploads\/2024\/03\/cropped-logo.png\",\"width\":374,\"height\":90,\"caption\":\"Infoecos\"},\"image\":{\"@id\":\"https:\/\/infoecos.com.ar\/#\/schema\/logo\/image\/\"},\"sameAs\":[\"https:\/\/www.facebook.com\/profile.php?id=100063200290284\",\"https:\/\/x.com\/infoecos\"]},{\"@type\":\"Person\",\"@id\":\"https:\/\/infoecos.com.ar\/#\/schema\/person\/8f5ace5ce73b4b4aac4b7245aee6f191\",\"name\":\"Jorge Matheus\",\"url\":\"https:\/\/infoecos.com.ar\/index.php\/author\/jomatheus\/\"}]}<\/script>\n<!-- \/ Yoast SEO plugin. -->","yoast_head_json":{"title":"Felipe Bernasconi lleg\u00f3 segundo en la primera final de la F\u00f3rmula 3 Metropolitana en San Juan - Infoecos","robots":{"index":"index","follow":"follow","max-snippet":"max-snippet:-1","max-image-preview":"max-image-preview:large","max-video-preview":"max-video-preview:-1"},"canonical":"https:\/\/infoecos.com.ar\/index.php\/felipe-bernasconi-llego-segundo-en-la-primera-final-de-la-formula-metropolitana-en-san-juan\/","og_locale":"es_ES","og_type":"article","og_title":"Felipe Bernasconi lleg\u00f3 segundo en la primera final de la F\u00f3rmula 3 Metropolitana en San Juan - Infoecos","og_description":"Hoy, a las 11, se largar\u00e1 la segunda final y promete ser nuevamente muy disputada, observ\u00e1ndose en vivo y en directo por la TV P\u00fablica","og_url":"https:\/\/infoecos.com.ar\/index.php\/felipe-bernasconi-llego-segundo-en-la-primera-final-de-la-formula-metropolitana-en-san-juan\/","og_site_name":"Infoecos","article_publisher":"https:\/\/www.facebook.com\/profile.php?id=100063200290284","article_published_time":"2022-08-07T04:01:25+00:00","article_modified_time":"2022-08-07T08:31:18+00:00","og_image":[{"width":1024,"height":629,"url":"https:\/\/infoecos.com.ar\/wp-content\/uploads\/2022\/08\/bernasconifelipe.jpg","type":"image\/jpeg"}],"author":"Jorge Matheus","twitter_card":"summary_large_image","twitter_creator":"@infoecos","twitter_site":"@infoecos","twitter_misc":{"Escrito por":"Jorge Matheus","Tiempo de lectura":"1 minuto"},"schema":{"@context":"https:\/\/schema.org","@graph":[{"@type":"Article","@id":"https:\/\/infoecos.com.ar\/index.php\/felipe-bernasconi-llego-segundo-en-la-primera-final-de-la-formula-metropolitana-en-san-juan\/#article","isPartOf":{"@id":"https:\/\/infoecos.com.ar\/index.php\/felipe-bernasconi-llego-segundo-en-la-primera-final-de-la-formula-metropolitana-en-san-juan\/"},"author":{"name":"Jorge Matheus","@id":"https:\/\/infoecos.com.ar\/#\/schema\/person\/8f5ace5ce73b4b4aac4b7245aee6f191"},"headline":"Felipe Bernasconi lleg\u00f3 segundo en la primera final de la F\u00f3rmula 3 Metropolitana en San Juan","datePublished":"2022-08-07T04:01:25+00:00","dateModified":"2022-08-07T08:31:18+00:00","mainEntityOfPage":{"@id":"https:\/\/infoecos.com.ar\/index.php\/felipe-bernasconi-llego-segundo-en-la-primera-final-de-la-formula-metropolitana-en-san-juan\/"},"wordCount":268,"publisher":{"@id":"https:\/\/infoecos.com.ar\/#organization"},"image":{"@id":"https:\/\/infoecos.com.ar\/index.php\/felipe-bernasconi-llego-segundo-en-la-primera-final-de-la-formula-metropolitana-en-san-juan\/#primaryimage"},"thumbnailUrl":"https:\/\/infoecos.com.ar\/wp-content\/uploads\/2022\/08\/bernasconifelipe.jpg","keywords":["otra vez en el podio"],"articleSection":["C2 N3"],"inLanguage":"es"},{"@type":"WebPage","@id":"https:\/\/infoecos.com.ar\/index.php\/felipe-bernasconi-llego-segundo-en-la-primera-final-de-la-formula-metropolitana-en-san-juan\/","url":"https:\/\/infoecos.com.ar\/index.php\/felipe-bernasconi-llego-segundo-en-la-primera-final-de-la-formula-metropolitana-en-san-juan\/","name":"Felipe Bernasconi lleg\u00f3 segundo en la primera final de la F\u00f3rmula 3 Metropolitana en San Juan - Infoecos","isPartOf":{"@id":"https:\/\/infoecos.com.ar\/#website"},"primaryImageOfPage":{"@id":"https:\/\/infoecos.com.ar\/index.php\/felipe-bernasconi-llego-segundo-en-la-primera-final-de-la-formula-metropolitana-en-san-juan\/#primaryimage"},"image":{"@id":"https:\/\/infoecos.com.ar\/index.php\/felipe-bernasconi-llego-segundo-en-la-primera-final-de-la-formula-metropolitana-en-san-juan\/#primaryimage"},"thumbnailUrl":"https:\/\/infoecos.com.ar\/wp-content\/uploads\/2022\/08\/bernasconifelipe.jpg","datePublished":"2022-08-07T04:01:25+00:00","dateModified":"2022-08-07T08:31:18+00:00","breadcrumb":{"@id":"https:\/\/infoecos.com.ar\/index.php\/felipe-bernasconi-llego-segundo-en-la-primera-final-de-la-formula-metropolitana-en-san-juan\/#breadcrumb"},"inLanguage":"es","potentialAction":[{"@type":"ReadAction","target":["https:\/\/infoecos.com.ar\/index.php\/felipe-bernasconi-llego-segundo-en-la-primera-final-de-la-formula-metropolitana-en-san-juan\/"]}]},{"@type":"ImageObject","inLanguage":"es","@id":"https:\/\/infoecos.com.ar\/index.php\/felipe-bernasconi-llego-segundo-en-la-primera-final-de-la-formula-metropolitana-en-san-juan\/#primaryimage","url":"https:\/\/infoecos.com.ar\/wp-content\/uploads\/2022\/08\/bernasconifelipe.jpg","contentUrl":"https:\/\/infoecos.com.ar\/wp-content\/uploads\/2022\/08\/bernasconifelipe.jpg","width":1024,"height":629},{"@type":"BreadcrumbList","@id":"https:\/\/infoecos.com.ar\/index.php\/felipe-bernasconi-llego-segundo-en-la-primera-final-de-la-formula-metropolitana-en-san-juan\/#breadcrumb","itemListElement":[{"@type":"ListItem","position":1,"name":"Portada","item":"https:\/\/infoecos.com.ar\/"},{"@type":"ListItem","position":2,"name":"Felipe Bernasconi lleg\u00f3 segundo en la primera final de la F\u00f3rmula 3 Metropolitana en San Juan"}]},{"@type":"WebSite","@id":"https:\/\/infoecos.com.ar\/#website","url":"https:\/\/infoecos.com.ar\/","name":"Infoecos","description":"Noticias de trenque lauquen y la zona","publisher":{"@id":"https:\/\/infoecos.com.ar\/#organization"},"alternateName":"Noticias","potentialAction":[{"@type":"SearchAction","target":{"@type":"EntryPoint","urlTemplate":"https:\/\/infoecos.com.ar\/?s={search_term_string}"},"query-input":{"@type":"PropertyValueSpecification","valueRequired":true,"valueName":"search_term_string"}}],"inLanguage":"es"},{"@type":"Organization","@id":"https:\/\/infoecos.com.ar\/#organization","name":"Infoecos","alternateName":"Noticias","url":"https:\/\/infoecos.com.ar\/","logo":{"@type":"ImageObject","inLanguage":"es","@id":"https:\/\/infoecos.com.ar\/#\/schema\/logo\/image\/","url":"https:\/\/infoecos.com.ar\/wp-content\/uploads\/2024\/03\/cropped-logo.png","contentUrl":"https:\/\/infoecos.com.ar\/wp-content\/uploads\/2024\/03\/cropped-logo.png","width":374,"height":90,"caption":"Infoecos"},"image":{"@id":"https:\/\/infoecos.com.ar\/#\/schema\/logo\/image\/"},"sameAs":["https:\/\/www.facebook.com\/profile.php?id=100063200290284","https:\/\/x.com\/infoecos"]},{"@type":"Person","@id":"https:\/\/infoecos.com.ar\/#\/schema\/person\/8f5ace5ce73b4b4aac4b7245aee6f191","name":"Jorge Matheus","url":"https:\/\/infoecos.com.ar\/index.php\/author\/jomatheus\/"}]}},"featured_image_urls":{"full":["https:\/\/infoecos.com.ar\/wp-content\/uploads\/2022\/08\/bernasconifelipe.jpg",1024,629,false],"thumbnail":["https:\/\/infoecos.com.ar\/wp-content\/uploads\/2022\/08\/bernasconifelipe-150x150.jpg",150,150,true],"medium":["https:\/\/infoecos.com.ar\/wp-content\/uploads\/2022\/08\/bernasconifelipe-460x283.jpg",460,283,true],"medium_large":["https:\/\/infoecos.com.ar\/wp-content\/uploads\/2022\/08\/bernasconifelipe-768x472.jpg",640,393,true],"large":["https:\/\/infoecos.com.ar\/wp-content\/uploads\/2022\/08\/bernasconifelipe-920x565.jpg",640,393,true],"1536x1536":["https:\/\/infoecos.com.ar\/wp-content\/uploads\/2022\/08\/bernasconifelipe.jpg",1024,629,false],"2048x2048":["https:\/\/infoecos.com.ar\/wp-content\/uploads\/2022\/08\/bernasconifelipe.jpg",1024,629,false],"covernews-slider-full":["https:\/\/infoecos.com.ar\/wp-content\/uploads\/2022\/08\/bernasconifelipe.jpg",1024,629,false],"covernews-slider-center":["https:\/\/infoecos.com.ar\/wp-content\/uploads\/2022\/08\/bernasconifelipe-936x629.jpg",744,500,true],"covernews-featured":["https:\/\/infoecos.com.ar\/wp-content\/uploads\/2022\/08\/bernasconifelipe.jpg",1024,629,false],"covernews-medium":["https:\/\/infoecos.com.ar\/wp-content\/uploads\/2022\/08\/bernasconifelipe-720x380.jpg",540,285,true],"covernews-medium-square":["https:\/\/infoecos.com.ar\/wp-content\/uploads\/2022\/08\/bernasconifelipe-675x450.jpg",375,250,true]},"author_info":{"info":["Jorge Matheus"]},"category_info":"<a href=\"https:\/\/infoecos.com.ar\/index.php\/category\/c2nota3\/\" rel=\"category tag\">C2 N3<\/a>","tag_info":"C2 N3","comment_count":"0","_links":{"self":[{"href":"https:\/\/infoecos.com.ar\/index.php\/wp-json\/wp\/v2\/posts\/95827"}],"collection":[{"href":"https:\/\/infoecos.com.ar\/index.php\/wp-json\/wp\/v2\/posts"}],"about":[{"href":"https:\/\/infoecos.com.ar\/index.php\/wp-json\/wp\/v2\/types\/post"}],"author":[{"embeddable":true,"href":"https:\/\/infoecos.com.ar\/index.php\/wp-json\/wp\/v2\/users\/2"}],"replies":[{"embeddable":true,"href":"https:\/\/infoecos.com.ar\/index.php\/wp-json\/wp\/v2\/comments?post=95827"}],"version-history":[{"count":2,"href":"https:\/\/infoecos.com.ar\/index.php\/wp-json\/wp\/v2\/posts\/95827\/revisions"}],"predecessor-version":[{"id":95831,"href":"https:\/\/infoecos.com.ar\/index.php\/wp-json\/wp\/v2\/posts\/95827\/revisions\/95831"}],"wp:featuredmedia":[{"embeddable":true,"href":"https:\/\/infoecos.com.ar\/index.php\/wp-json\/wp\/v2\/media\/95829"}],"wp:attachment":[{"href":"https:\/\/infoecos.com.ar\/index.php\/wp-json\/wp\/v2\/media?parent=95827"}],"wp:term":[{"taxonomy":"category","embeddable":true,"href":"https:\/\/infoecos.com.ar\/index.php\/wp-json\/wp\/v2\/categories?post=95827"},{"taxonomy":"post_tag","embeddable":true,"href":"https:\/\/infoecos.com.ar\/index.php\/wp-json\/wp\/v2\/tags?post=95827"}],"curies":[{"name":"wp","href":"https:\/\/api.w.org\/{rel}","templated":true}]}}