{"id":95943,"date":"2022-08-08T15:22:54","date_gmt":"2022-08-08T18:22:54","guid":{"rendered":"http:\/\/infoecos.com.ar\/?p=95943"},"modified":"2022-08-09T00:31:28","modified_gmt":"2022-08-09T03:31:28","slug":"llovio-en-la-pampa-los-registros-hasta-las-9-de-la-manana-de-este-lunes","status":"publish","type":"post","link":"https:\/\/infoecos.com.ar\/index.php\/llovio-en-la-pampa-los-registros-hasta-las-9-de-la-manana-de-este-lunes\/","title":{"rendered":"Llovi\u00f3 en La Pampa: los registros hasta las 9 de la ma\u00f1ana de este lunes"},"content":{"rendered":"\n<p>Llovi\u00f3 en La Pampa y la Polic\u00eda de esa provincia dio a conocer los datos en las distintas localidades hasta las 9 de la ma\u00f1ana de este lunes. <\/p>\n\n\n\n<p><strong>Monte Nievas: 5 mil\u00edmetros<\/strong><\/p>\n\n\n\n<p><strong>Rucanelo<\/strong> <strong>6 <\/strong><\/p>\n\n\n\n<p><strong>Eduardo Castex<\/strong> <strong>4 <\/strong><\/p>\n\n\n\n<p><strong>Conhelo 6<\/strong> <\/p>\n\n\n\n<figure class=\"wp-block-image alignright size-large is-resized\"><img loading=\"lazy\" decoding=\"async\" src=\"http:\/\/infoecos.com.ar\/wp-content\/uploads\/2022\/08\/image-58-920x520.png\" alt=\"\" class=\"wp-image-95944\" width=\"518\" height=\"292\" srcset=\"https:\/\/infoecos.com.ar\/wp-content\/uploads\/2022\/08\/image-58-920x520.png 920w, https:\/\/infoecos.com.ar\/wp-content\/uploads\/2022\/08\/image-58-460x260.png 460w, https:\/\/infoecos.com.ar\/wp-content\/uploads\/2022\/08\/image-58-768x434.png 768w, https:\/\/infoecos.com.ar\/wp-content\/uploads\/2022\/08\/image-58-1024x578.png 1024w, https:\/\/infoecos.com.ar\/wp-content\/uploads\/2022\/08\/image-58.png 1121w\" sizes=\"(max-width: 518px) 100vw, 518px\" \/><figcaption>Foto: diario La Arena de Santa Rosa<\/figcaption><\/figure>\n\n\n\n<p><strong>Lu\u00e1n Toro 6<\/strong> <\/p>\n\n\n\n<p><strong>Tel\u00e9n 15 <\/strong><\/p>\n\n\n\n<p><strong>Loventu\u00e9 11 <\/strong><\/p>\n\n\n\n<p><strong>Carro Quemado 29<\/strong> <\/p>\n\n\n\n<p><strong>Victorica y puesto caminero de Victorica 18<\/strong> <\/p>\n\n\n\n<p><strong>El&nbsp;Durazno 12<\/strong> <\/p>\n\n\n\n<p><strong>Santa Rosa 4<\/strong> <\/p>\n\n\n\n<p><strong>Anguil 2<\/strong> <\/p>\n\n\n\n<p><strong>Uriburu 0.5<\/strong><\/p>\n\n\n\n<p><strong>Doblas 2<\/strong>.&nbsp;<\/p>\n\n\n\n<p><strong>Chamaic\u00f3 10 mil\u00edmetros<\/strong> <\/p>\n\n\n\n<p><strong>Pichi Huinca 8<\/strong> <\/p>\n\n\n\n<p><strong>Rancul 7<\/strong> <\/p>\n\n\n\n<p><strong>La Maruja 19<\/strong> <\/p>\n\n\n\n<p><strong>Foster y puesto caminero de Foster 13<\/strong> <\/p>\n\n\n\n<p><strong>El Tala 15<\/strong> <\/p>\n\n\n\n<p><strong>Caleuf\u00fa 4<\/strong> <\/p>\n\n\n\n<p><strong>Realic\u00f3 6<\/strong> <\/p>\n\n\n\n<p><strong>Falucho e Ingeniero Luiggi 9<\/strong> <\/p>\n\n\n\n<p><strong>Puesto caminero de Realic\u00f3 6<\/strong> <\/p>\n\n\n\n<p><strong>Larroud\u00e9 1<\/strong> <\/p>\n\n\n\n<p><strong>Dorila 2<\/strong> <\/p>\n\n\n\n<p><strong>General Acha 3<\/strong> <\/p>\n\n\n\n<p><strong>Quehu\u00e9 10<\/strong> <\/p>\n\n\n\n<p><strong>Colonia Santa Mar\u00eda 2<\/strong> <\/p>\n\n\n\n<p><strong>Puesto caminero Padre Buodo 20<\/strong> <\/p>\n\n\n\n<p><strong>Unanue 2<\/strong> <\/p>\n\n\n\n<p><strong>Per\u00fa 2<\/strong> <\/p>\n\n\n\n<p><strong>Cuchillo C\u00f3 8<\/strong> <\/p>\n\n\n\n<p><strong>General San Mart\u00edn 5<\/strong> <\/p>\n\n\n\n<p><strong>Jacinto Ar\u00e1uz y puesto caminero de Jacinto Ar\u00e1uz 7<\/strong> <\/p>\n\n\n\n<p><strong>La Adela 1<\/strong> <\/p>\n\n\n\n<p><strong>Puesto caminero de La Adela<\/strong> 2 <\/p>\n\n\n\n<p><strong>Algarrobo del \u00c1guila 11<\/strong> <\/p>\n\n\n\n<p><strong>Santa Isabel 12.5<\/strong> <\/p>\n\n\n\n<p><strong>25 de Mayo 5<\/strong> <\/p>\n\n\n\n<p><strong>Chacharramendi 17<\/strong> <\/p>\n\n\n\n<p><strong>Limay Mahuida 24<\/strong> <\/p>\n\n\n\n<p><strong>Gobernador Duval 19<\/strong>&nbsp;&nbsp;<\/p>\n","protected":false},"excerpt":{"rendered":"<p>Gobernador Duval, Padre Buodo, Carro Quemado con los registros m\u00e1s que van desde los 20 mil\u00edmetros a los 11<\/p>\n","protected":false},"author":2,"featured_media":95944,"comment_status":"closed","ping_status":"open","sticky":false,"template":"","format":"standard","meta":{"footnotes":""},"categories":[25],"tags":[6502],"class_list":["post-95943","post","type-post","status-publish","format-standard","has-post-thumbnail","hentry","category-c3nota1","tag-proporcionados-por-la-policia"],"yoast_head":"<!-- This site is optimized with the Yoast SEO plugin v23.4 - https:\/\/yoast.com\/wordpress\/plugins\/seo\/ -->\n<title>Llovi\u00f3 en La Pampa: los registros hasta las 9 de la ma\u00f1ana de este lunes - Infoecos<\/title>\n<meta name=\"robots\" content=\"index, follow, max-snippet:-1, max-image-preview:large, max-video-preview:-1\" \/>\n<link rel=\"canonical\" href=\"https:\/\/infoecos.com.ar\/index.php\/llovio-en-la-pampa-los-registros-hasta-las-9-de-la-manana-de-este-lunes\/\" \/>\n<meta property=\"og:locale\" content=\"es_ES\" \/>\n<meta property=\"og:type\" content=\"article\" \/>\n<meta property=\"og:title\" content=\"Llovi\u00f3 en La Pampa: los registros hasta las 9 de la ma\u00f1ana de este lunes - Infoecos\" \/>\n<meta property=\"og:description\" content=\"Gobernador Duval, Padre Buodo, Carro Quemado con los registros m\u00e1s que van desde los 20 mil\u00edmetros a los 11\" \/>\n<meta property=\"og:url\" content=\"https:\/\/infoecos.com.ar\/index.php\/llovio-en-la-pampa-los-registros-hasta-las-9-de-la-manana-de-este-lunes\/\" \/>\n<meta property=\"og:site_name\" content=\"Infoecos\" \/>\n<meta property=\"article:publisher\" content=\"https:\/\/www.facebook.com\/profile.php?id=100063200290284\" \/>\n<meta property=\"article:published_time\" content=\"2022-08-08T18:22:54+00:00\" \/>\n<meta property=\"article:modified_time\" content=\"2022-08-09T03:31:28+00:00\" \/>\n<meta property=\"og:image\" content=\"https:\/\/infoecos.com.ar\/wp-content\/uploads\/2022\/08\/image-58.png\" \/>\n\t<meta property=\"og:image:width\" content=\"1121\" \/>\n\t<meta property=\"og:image:height\" content=\"633\" \/>\n\t<meta property=\"og:image:type\" content=\"image\/png\" \/>\n<meta name=\"author\" content=\"Jorge Matheus\" \/>\n<meta name=\"twitter:card\" content=\"summary_large_image\" \/>\n<meta name=\"twitter:creator\" content=\"@infoecos\" \/>\n<meta name=\"twitter:site\" content=\"@infoecos\" \/>\n<meta name=\"twitter:label1\" content=\"Escrito por\" \/>\n\t<meta name=\"twitter:data1\" content=\"Jorge Matheus\" \/>\n\t<meta name=\"twitter:label2\" content=\"Tiempo de lectura\" \/>\n\t<meta name=\"twitter:data2\" content=\"1 minuto\" \/>\n<script type=\"application\/ld+json\" class=\"yoast-schema-graph\">{\"@context\":\"https:\/\/schema.org\",\"@graph\":[{\"@type\":\"Article\",\"@id\":\"https:\/\/infoecos.com.ar\/index.php\/llovio-en-la-pampa-los-registros-hasta-las-9-de-la-manana-de-este-lunes\/#article\",\"isPartOf\":{\"@id\":\"https:\/\/infoecos.com.ar\/index.php\/llovio-en-la-pampa-los-registros-hasta-las-9-de-la-manana-de-este-lunes\/\"},\"author\":{\"name\":\"Jorge Matheus\",\"@id\":\"https:\/\/infoecos.com.ar\/#\/schema\/person\/8f5ace5ce73b4b4aac4b7245aee6f191\"},\"headline\":\"Llovi\u00f3 en La Pampa: los registros hasta las 9 de la ma\u00f1ana de este lunes\",\"datePublished\":\"2022-08-08T18:22:54+00:00\",\"dateModified\":\"2022-08-09T03:31:28+00:00\",\"mainEntityOfPage\":{\"@id\":\"https:\/\/infoecos.com.ar\/index.php\/llovio-en-la-pampa-los-registros-hasta-las-9-de-la-manana-de-este-lunes\/\"},\"wordCount\":160,\"publisher\":{\"@id\":\"https:\/\/infoecos.com.ar\/#organization\"},\"image\":{\"@id\":\"https:\/\/infoecos.com.ar\/index.php\/llovio-en-la-pampa-los-registros-hasta-las-9-de-la-manana-de-este-lunes\/#primaryimage\"},\"thumbnailUrl\":\"https:\/\/infoecos.com.ar\/wp-content\/uploads\/2022\/08\/image-58.png\",\"keywords\":[\"PROPORCIONADOS POR LA POLICIA\"],\"articleSection\":[\"C3 N1\"],\"inLanguage\":\"es\"},{\"@type\":\"WebPage\",\"@id\":\"https:\/\/infoecos.com.ar\/index.php\/llovio-en-la-pampa-los-registros-hasta-las-9-de-la-manana-de-este-lunes\/\",\"url\":\"https:\/\/infoecos.com.ar\/index.php\/llovio-en-la-pampa-los-registros-hasta-las-9-de-la-manana-de-este-lunes\/\",\"name\":\"Llovi\u00f3 en La Pampa: los registros hasta las 9 de la ma\u00f1ana de este lunes - Infoecos\",\"isPartOf\":{\"@id\":\"https:\/\/infoecos.com.ar\/#website\"},\"primaryImageOfPage\":{\"@id\":\"https:\/\/infoecos.com.ar\/index.php\/llovio-en-la-pampa-los-registros-hasta-las-9-de-la-manana-de-este-lunes\/#primaryimage\"},\"image\":{\"@id\":\"https:\/\/infoecos.com.ar\/index.php\/llovio-en-la-pampa-los-registros-hasta-las-9-de-la-manana-de-este-lunes\/#primaryimage\"},\"thumbnailUrl\":\"https:\/\/infoecos.com.ar\/wp-content\/uploads\/2022\/08\/image-58.png\",\"datePublished\":\"2022-08-08T18:22:54+00:00\",\"dateModified\":\"2022-08-09T03:31:28+00:00\",\"breadcrumb\":{\"@id\":\"https:\/\/infoecos.com.ar\/index.php\/llovio-en-la-pampa-los-registros-hasta-las-9-de-la-manana-de-este-lunes\/#breadcrumb\"},\"inLanguage\":\"es\",\"potentialAction\":[{\"@type\":\"ReadAction\",\"target\":[\"https:\/\/infoecos.com.ar\/index.php\/llovio-en-la-pampa-los-registros-hasta-las-9-de-la-manana-de-este-lunes\/\"]}]},{\"@type\":\"ImageObject\",\"inLanguage\":\"es\",\"@id\":\"https:\/\/infoecos.com.ar\/index.php\/llovio-en-la-pampa-los-registros-hasta-las-9-de-la-manana-de-este-lunes\/#primaryimage\",\"url\":\"https:\/\/infoecos.com.ar\/wp-content\/uploads\/2022\/08\/image-58.png\",\"contentUrl\":\"https:\/\/infoecos.com.ar\/wp-content\/uploads\/2022\/08\/image-58.png\",\"width\":1121,\"height\":633},{\"@type\":\"BreadcrumbList\",\"@id\":\"https:\/\/infoecos.com.ar\/index.php\/llovio-en-la-pampa-los-registros-hasta-las-9-de-la-manana-de-este-lunes\/#breadcrumb\",\"itemListElement\":[{\"@type\":\"ListItem\",\"position\":1,\"name\":\"Portada\",\"item\":\"https:\/\/infoecos.com.ar\/\"},{\"@type\":\"ListItem\",\"position\":2,\"name\":\"Llovi\u00f3 en La Pampa: los registros hasta las 9 de la ma\u00f1ana de este lunes\"}]},{\"@type\":\"WebSite\",\"@id\":\"https:\/\/infoecos.com.ar\/#website\",\"url\":\"https:\/\/infoecos.com.ar\/\",\"name\":\"Infoecos\",\"description\":\"Noticias de trenque lauquen y la zona\",\"publisher\":{\"@id\":\"https:\/\/infoecos.com.ar\/#organization\"},\"alternateName\":\"Noticias\",\"potentialAction\":[{\"@type\":\"SearchAction\",\"target\":{\"@type\":\"EntryPoint\",\"urlTemplate\":\"https:\/\/infoecos.com.ar\/?s={search_term_string}\"},\"query-input\":{\"@type\":\"PropertyValueSpecification\",\"valueRequired\":true,\"valueName\":\"search_term_string\"}}],\"inLanguage\":\"es\"},{\"@type\":\"Organization\",\"@id\":\"https:\/\/infoecos.com.ar\/#organization\",\"name\":\"Infoecos\",\"alternateName\":\"Noticias\",\"url\":\"https:\/\/infoecos.com.ar\/\",\"logo\":{\"@type\":\"ImageObject\",\"inLanguage\":\"es\",\"@id\":\"https:\/\/infoecos.com.ar\/#\/schema\/logo\/image\/\",\"url\":\"https:\/\/infoecos.com.ar\/wp-content\/uploads\/2024\/03\/cropped-logo.png\",\"contentUrl\":\"https:\/\/infoecos.com.ar\/wp-content\/uploads\/2024\/03\/cropped-logo.png\",\"width\":374,\"height\":90,\"caption\":\"Infoecos\"},\"image\":{\"@id\":\"https:\/\/infoecos.com.ar\/#\/schema\/logo\/image\/\"},\"sameAs\":[\"https:\/\/www.facebook.com\/profile.php?id=100063200290284\",\"https:\/\/x.com\/infoecos\"]},{\"@type\":\"Person\",\"@id\":\"https:\/\/infoecos.com.ar\/#\/schema\/person\/8f5ace5ce73b4b4aac4b7245aee6f191\",\"name\":\"Jorge Matheus\",\"url\":\"https:\/\/infoecos.com.ar\/index.php\/author\/jomatheus\/\"}]}<\/script>\n<!-- \/ Yoast SEO plugin. -->","yoast_head_json":{"title":"Llovi\u00f3 en La Pampa: los registros hasta las 9 de la ma\u00f1ana de este lunes - Infoecos","robots":{"index":"index","follow":"follow","max-snippet":"max-snippet:-1","max-image-preview":"max-image-preview:large","max-video-preview":"max-video-preview:-1"},"canonical":"https:\/\/infoecos.com.ar\/index.php\/llovio-en-la-pampa-los-registros-hasta-las-9-de-la-manana-de-este-lunes\/","og_locale":"es_ES","og_type":"article","og_title":"Llovi\u00f3 en La Pampa: los registros hasta las 9 de la ma\u00f1ana de este lunes - Infoecos","og_description":"Gobernador Duval, Padre Buodo, Carro Quemado con los registros m\u00e1s que van desde los 20 mil\u00edmetros a los 11","og_url":"https:\/\/infoecos.com.ar\/index.php\/llovio-en-la-pampa-los-registros-hasta-las-9-de-la-manana-de-este-lunes\/","og_site_name":"Infoecos","article_publisher":"https:\/\/www.facebook.com\/profile.php?id=100063200290284","article_published_time":"2022-08-08T18:22:54+00:00","article_modified_time":"2022-08-09T03:31:28+00:00","og_image":[{"width":1121,"height":633,"url":"https:\/\/infoecos.com.ar\/wp-content\/uploads\/2022\/08\/image-58.png","type":"image\/png"}],"author":"Jorge Matheus","twitter_card":"summary_large_image","twitter_creator":"@infoecos","twitter_site":"@infoecos","twitter_misc":{"Escrito por":"Jorge Matheus","Tiempo de lectura":"1 minuto"},"schema":{"@context":"https:\/\/schema.org","@graph":[{"@type":"Article","@id":"https:\/\/infoecos.com.ar\/index.php\/llovio-en-la-pampa-los-registros-hasta-las-9-de-la-manana-de-este-lunes\/#article","isPartOf":{"@id":"https:\/\/infoecos.com.ar\/index.php\/llovio-en-la-pampa-los-registros-hasta-las-9-de-la-manana-de-este-lunes\/"},"author":{"name":"Jorge Matheus","@id":"https:\/\/infoecos.com.ar\/#\/schema\/person\/8f5ace5ce73b4b4aac4b7245aee6f191"},"headline":"Llovi\u00f3 en La Pampa: los registros hasta las 9 de la ma\u00f1ana de este lunes","datePublished":"2022-08-08T18:22:54+00:00","dateModified":"2022-08-09T03:31:28+00:00","mainEntityOfPage":{"@id":"https:\/\/infoecos.com.ar\/index.php\/llovio-en-la-pampa-los-registros-hasta-las-9-de-la-manana-de-este-lunes\/"},"wordCount":160,"publisher":{"@id":"https:\/\/infoecos.com.ar\/#organization"},"image":{"@id":"https:\/\/infoecos.com.ar\/index.php\/llovio-en-la-pampa-los-registros-hasta-las-9-de-la-manana-de-este-lunes\/#primaryimage"},"thumbnailUrl":"https:\/\/infoecos.com.ar\/wp-content\/uploads\/2022\/08\/image-58.png","keywords":["PROPORCIONADOS POR LA POLICIA"],"articleSection":["C3 N1"],"inLanguage":"es"},{"@type":"WebPage","@id":"https:\/\/infoecos.com.ar\/index.php\/llovio-en-la-pampa-los-registros-hasta-las-9-de-la-manana-de-este-lunes\/","url":"https:\/\/infoecos.com.ar\/index.php\/llovio-en-la-pampa-los-registros-hasta-las-9-de-la-manana-de-este-lunes\/","name":"Llovi\u00f3 en La Pampa: los registros hasta las 9 de la ma\u00f1ana de este lunes - Infoecos","isPartOf":{"@id":"https:\/\/infoecos.com.ar\/#website"},"primaryImageOfPage":{"@id":"https:\/\/infoecos.com.ar\/index.php\/llovio-en-la-pampa-los-registros-hasta-las-9-de-la-manana-de-este-lunes\/#primaryimage"},"image":{"@id":"https:\/\/infoecos.com.ar\/index.php\/llovio-en-la-pampa-los-registros-hasta-las-9-de-la-manana-de-este-lunes\/#primaryimage"},"thumbnailUrl":"https:\/\/infoecos.com.ar\/wp-content\/uploads\/2022\/08\/image-58.png","datePublished":"2022-08-08T18:22:54+00:00","dateModified":"2022-08-09T03:31:28+00:00","breadcrumb":{"@id":"https:\/\/infoecos.com.ar\/index.php\/llovio-en-la-pampa-los-registros-hasta-las-9-de-la-manana-de-este-lunes\/#breadcrumb"},"inLanguage":"es","potentialAction":[{"@type":"ReadAction","target":["https:\/\/infoecos.com.ar\/index.php\/llovio-en-la-pampa-los-registros-hasta-las-9-de-la-manana-de-este-lunes\/"]}]},{"@type":"ImageObject","inLanguage":"es","@id":"https:\/\/infoecos.com.ar\/index.php\/llovio-en-la-pampa-los-registros-hasta-las-9-de-la-manana-de-este-lunes\/#primaryimage","url":"https:\/\/infoecos.com.ar\/wp-content\/uploads\/2022\/08\/image-58.png","contentUrl":"https:\/\/infoecos.com.ar\/wp-content\/uploads\/2022\/08\/image-58.png","width":1121,"height":633},{"@type":"BreadcrumbList","@id":"https:\/\/infoecos.com.ar\/index.php\/llovio-en-la-pampa-los-registros-hasta-las-9-de-la-manana-de-este-lunes\/#breadcrumb","itemListElement":[{"@type":"ListItem","position":1,"name":"Portada","item":"https:\/\/infoecos.com.ar\/"},{"@type":"ListItem","position":2,"name":"Llovi\u00f3 en La Pampa: los registros hasta las 9 de la ma\u00f1ana de este lunes"}]},{"@type":"WebSite","@id":"https:\/\/infoecos.com.ar\/#website","url":"https:\/\/infoecos.com.ar\/","name":"Infoecos","description":"Noticias de trenque lauquen y la zona","publisher":{"@id":"https:\/\/infoecos.com.ar\/#organization"},"alternateName":"Noticias","potentialAction":[{"@type":"SearchAction","target":{"@type":"EntryPoint","urlTemplate":"https:\/\/infoecos.com.ar\/?s={search_term_string}"},"query-input":{"@type":"PropertyValueSpecification","valueRequired":true,"valueName":"search_term_string"}}],"inLanguage":"es"},{"@type":"Organization","@id":"https:\/\/infoecos.com.ar\/#organization","name":"Infoecos","alternateName":"Noticias","url":"https:\/\/infoecos.com.ar\/","logo":{"@type":"ImageObject","inLanguage":"es","@id":"https:\/\/infoecos.com.ar\/#\/schema\/logo\/image\/","url":"https:\/\/infoecos.com.ar\/wp-content\/uploads\/2024\/03\/cropped-logo.png","contentUrl":"https:\/\/infoecos.com.ar\/wp-content\/uploads\/2024\/03\/cropped-logo.png","width":374,"height":90,"caption":"Infoecos"},"image":{"@id":"https:\/\/infoecos.com.ar\/#\/schema\/logo\/image\/"},"sameAs":["https:\/\/www.facebook.com\/profile.php?id=100063200290284","https:\/\/x.com\/infoecos"]},{"@type":"Person","@id":"https:\/\/infoecos.com.ar\/#\/schema\/person\/8f5ace5ce73b4b4aac4b7245aee6f191","name":"Jorge Matheus","url":"https:\/\/infoecos.com.ar\/index.php\/author\/jomatheus\/"}]}},"featured_image_urls":{"full":["https:\/\/infoecos.com.ar\/wp-content\/uploads\/2022\/08\/image-58.png",1121,633,false],"thumbnail":["https:\/\/infoecos.com.ar\/wp-content\/uploads\/2022\/08\/image-58-150x150.png",150,150,true],"medium":["https:\/\/infoecos.com.ar\/wp-content\/uploads\/2022\/08\/image-58-460x260.png",460,260,true],"medium_large":["https:\/\/infoecos.com.ar\/wp-content\/uploads\/2022\/08\/image-58-768x434.png",640,362,true],"large":["https:\/\/infoecos.com.ar\/wp-content\/uploads\/2022\/08\/image-58-920x520.png",640,362,true],"1536x1536":["https:\/\/infoecos.com.ar\/wp-content\/uploads\/2022\/08\/image-58.png",1121,633,false],"2048x2048":["https:\/\/infoecos.com.ar\/wp-content\/uploads\/2022\/08\/image-58.png",1121,633,false],"covernews-slider-full":["https:\/\/infoecos.com.ar\/wp-content\/uploads\/2022\/08\/image-58.png",1115,630,false],"covernews-slider-center":["https:\/\/infoecos.com.ar\/wp-content\/uploads\/2022\/08\/image-58-936x633.png",739,500,true],"covernews-featured":["https:\/\/infoecos.com.ar\/wp-content\/uploads\/2022\/08\/image-58-1024x578.png",1024,578,true],"covernews-medium":["https:\/\/infoecos.com.ar\/wp-content\/uploads\/2022\/08\/image-58-720x380.png",540,285,true],"covernews-medium-square":["https:\/\/infoecos.com.ar\/wp-content\/uploads\/2022\/08\/image-58-675x450.png",375,250,true]},"author_info":{"info":["Jorge Matheus"]},"category_info":"<a href=\"https:\/\/infoecos.com.ar\/index.php\/category\/c3nota1\/\" rel=\"category tag\">C3 N1<\/a>","tag_info":"C3 N1","comment_count":"0","_links":{"self":[{"href":"https:\/\/infoecos.com.ar\/index.php\/wp-json\/wp\/v2\/posts\/95943"}],"collection":[{"href":"https:\/\/infoecos.com.ar\/index.php\/wp-json\/wp\/v2\/posts"}],"about":[{"href":"https:\/\/infoecos.com.ar\/index.php\/wp-json\/wp\/v2\/types\/post"}],"author":[{"embeddable":true,"href":"https:\/\/infoecos.com.ar\/index.php\/wp-json\/wp\/v2\/users\/2"}],"replies":[{"embeddable":true,"href":"https:\/\/infoecos.com.ar\/index.php\/wp-json\/wp\/v2\/comments?post=95943"}],"version-history":[{"count":2,"href":"https:\/\/infoecos.com.ar\/index.php\/wp-json\/wp\/v2\/posts\/95943\/revisions"}],"predecessor-version":[{"id":95953,"href":"https:\/\/infoecos.com.ar\/index.php\/wp-json\/wp\/v2\/posts\/95943\/revisions\/95953"}],"wp:featuredmedia":[{"embeddable":true,"href":"https:\/\/infoecos.com.ar\/index.php\/wp-json\/wp\/v2\/media\/95944"}],"wp:attachment":[{"href":"https:\/\/infoecos.com.ar\/index.php\/wp-json\/wp\/v2\/media?parent=95943"}],"wp:term":[{"taxonomy":"category","embeddable":true,"href":"https:\/\/infoecos.com.ar\/index.php\/wp-json\/wp\/v2\/categories?post=95943"},{"taxonomy":"post_tag","embeddable":true,"href":"https:\/\/infoecos.com.ar\/index.php\/wp-json\/wp\/v2\/tags?post=95943"}],"curies":[{"name":"wp","href":"https:\/\/api.w.org\/{rel}","templated":true}]}}