{"id":95989,"date":"2022-08-09T20:16:04","date_gmt":"2022-08-09T23:16:04","guid":{"rendered":"http:\/\/infoecos.com.ar\/?p=95989"},"modified":"2022-08-09T20:21:22","modified_gmt":"2022-08-09T23:21:22","slug":"95989","status":"publish","type":"post","link":"https:\/\/infoecos.com.ar\/index.php\/95989\/","title":{"rendered":"El presidente de la Naci\u00f3n confirm\u00f3 que este mi\u00e9rcoles, acompa\u00f1ado de una nutrida comitiva, estar\u00e1 en Salliquel\u00f3"},"content":{"rendered":"\n<p>El Presidente de la Naci\u00f3n, <strong><mark style=\"background-color:rgba(0, 0, 0, 0)\" class=\"has-inline-color has-vivid-red-color\">Alberto Fern\u00e1ndez<\/mark><\/strong>, estar\u00e1 ma\u00f1ana mi\u00e9rcoles en la ciudad de <strong><mark style=\"background-color:rgba(0, 0, 0, 0)\" class=\"has-inline-color has-vivid-red-color\">Salliquel\u00f3<\/mark><\/strong>. Participar\u00e1 del acto de firma de los contratos para la construcci\u00f3n del <strong><mark style=\"background-color:rgba(0, 0, 0, 0)\" class=\"has-inline-color has-vivid-red-color\">Gasoducto Presidente N\u00e9stor Kirchner<\/mark><\/strong> y Obras Complementarias.<\/p>\n\n\n\n<figure class=\"wp-block-image size-full\"><img loading=\"lazy\" decoding=\"async\" width=\"900\" height=\"506\" src=\"http:\/\/infoecos.com.ar\/wp-content\/uploads\/2022\/07\/massafernandez.jpg\" alt=\"\" class=\"wp-image-95272\" srcset=\"https:\/\/infoecos.com.ar\/wp-content\/uploads\/2022\/07\/massafernandez.jpg 900w, https:\/\/infoecos.com.ar\/wp-content\/uploads\/2022\/07\/massafernandez-460x259.jpg 460w, https:\/\/infoecos.com.ar\/wp-content\/uploads\/2022\/07\/massafernandez-768x432.jpg 768w\" sizes=\"(max-width: 900px) 100vw, 900px\" \/><\/figure>\n\n\n\n<p>Adem\u00e1s de la asistencia del Primer Mandatario, est\u00e1n confirmadas las presencias del <strong>Ministro de Econom\u00eda, <mark style=\"background-color:rgba(0, 0, 0, 0)\" class=\"has-inline-color has-vivid-red-color\">Sergio Massa<\/mark>; la Gobernadora de R\u00edo Negro, <\/strong><mark style=\"background-color:rgba(0, 0, 0, 0)\" class=\"has-inline-color has-vivid-red-color\"><strong>Arabela Carreras<\/strong><\/mark><strong>, y los Gobernadores de La Pampa, Neuqu\u00e9n y Buenos Aires, <\/strong>Sergio Ziliotto<strong>, <mark style=\"background-color:rgba(0, 0, 0, 0)\" class=\"has-inline-color has-vivid-red-color\">Omar Guti\u00e9rrez<\/mark> y <\/strong><mark style=\"background-color:rgba(0, 0, 0, 0)\" class=\"has-inline-color has-vivid-red-color\"><strong>Axel Kicillof<\/strong><\/mark>, respectivamente.<\/p>\n\n\n\n<p>La ceremonia se llevar\u00e1 a cabo a las 11 hs en el <strong>Gimnasio Polideportivo del Club Cecil A. Roberts.<\/strong><\/p>\n\n\n\n<p>El primer mandatario se trasladar\u00e1 por v\u00eda \u00e1erea desde Buenos Aires hasta uno de los aeropuertos pavimentados que permiten el aterrizaje de naves de gran porte. A\u00fan no se inform\u00f3 si ser\u00e1 el de Trenque Lauquen \u00f3 el de Santa Rosa. Las fuentes consultadas por Infoecos, tanto el lunes como el martes, se inclinaban por el de la capital pampeana, en virtud que el gobernador de esa provincia, Sergio Ziliotto integrar\u00e1 la comitiva oficial.<\/p>\n","protected":false},"excerpt":{"rendered":"<p>Adem\u00e1s de la asistencia del Primer Mandatario, est\u00e1n confirmadas las presencias del Ministro de Econom\u00eda, Sergio Massa; la Gobernadora de R\u00edo Negro, Arabela Carreras, y los Gobernadores de La Pampa, Neuqu\u00e9n y Buenos Aires, Sergio Ziliotto, Omar Guti\u00e9rrez y Axel Kicillof, respectivamente<\/p>\n","protected":false},"author":2,"featured_media":95272,"comment_status":"closed","ping_status":"open","sticky":false,"template":"","format":"standard","meta":{"footnotes":""},"categories":[1613],"tags":[6509],"class_list":["post-95989","post","type-post","status-publish","format-standard","has-post-thumbnail","hentry","category-noticia-secundaria","tag-contrato-de-obra-gasoducto-kirchner"],"yoast_head":"<!-- This site is optimized with the Yoast SEO plugin v23.4 - https:\/\/yoast.com\/wordpress\/plugins\/seo\/ -->\n<title>El presidente de la Naci\u00f3n confirm\u00f3 que este mi\u00e9rcoles, acompa\u00f1ado de una nutrida comitiva, estar\u00e1 en Salliquel\u00f3 - Infoecos<\/title>\n<meta name=\"robots\" content=\"index, follow, max-snippet:-1, max-image-preview:large, max-video-preview:-1\" \/>\n<link rel=\"canonical\" href=\"https:\/\/infoecos.com.ar\/index.php\/95989\/\" \/>\n<meta property=\"og:locale\" content=\"es_ES\" \/>\n<meta property=\"og:type\" content=\"article\" \/>\n<meta property=\"og:title\" content=\"El presidente de la Naci\u00f3n confirm\u00f3 que este mi\u00e9rcoles, acompa\u00f1ado de una nutrida comitiva, estar\u00e1 en Salliquel\u00f3 - Infoecos\" \/>\n<meta property=\"og:description\" content=\"Adem\u00e1s de la asistencia del Primer Mandatario, est\u00e1n confirmadas las presencias del Ministro de Econom\u00eda, Sergio Massa; la Gobernadora de R\u00edo Negro, Arabela Carreras, y los Gobernadores de La Pampa, Neuqu\u00e9n y Buenos Aires, Sergio Ziliotto, Omar Guti\u00e9rrez y Axel Kicillof, respectivamente\" \/>\n<meta property=\"og:url\" content=\"https:\/\/infoecos.com.ar\/index.php\/95989\/\" \/>\n<meta property=\"og:site_name\" content=\"Infoecos\" \/>\n<meta property=\"article:publisher\" content=\"https:\/\/www.facebook.com\/profile.php?id=100063200290284\" \/>\n<meta property=\"article:published_time\" content=\"2022-08-09T23:16:04+00:00\" \/>\n<meta property=\"article:modified_time\" content=\"2022-08-09T23:21:22+00:00\" \/>\n<meta property=\"og:image\" content=\"https:\/\/infoecos.com.ar\/wp-content\/uploads\/2022\/07\/massafernandez.jpg\" \/>\n\t<meta property=\"og:image:width\" content=\"900\" \/>\n\t<meta property=\"og:image:height\" content=\"506\" \/>\n\t<meta property=\"og:image:type\" content=\"image\/jpeg\" \/>\n<meta name=\"author\" content=\"Jorge Matheus\" \/>\n<meta name=\"twitter:card\" content=\"summary_large_image\" \/>\n<meta name=\"twitter:creator\" content=\"@infoecos\" \/>\n<meta name=\"twitter:site\" content=\"@infoecos\" \/>\n<meta name=\"twitter:label1\" content=\"Escrito por\" \/>\n\t<meta name=\"twitter:data1\" content=\"Jorge Matheus\" \/>\n\t<meta name=\"twitter:label2\" content=\"Tiempo de lectura\" \/>\n\t<meta name=\"twitter:data2\" content=\"1 minuto\" \/>\n<script type=\"application\/ld+json\" class=\"yoast-schema-graph\">{\"@context\":\"https:\/\/schema.org\",\"@graph\":[{\"@type\":\"Article\",\"@id\":\"https:\/\/infoecos.com.ar\/index.php\/95989\/#article\",\"isPartOf\":{\"@id\":\"https:\/\/infoecos.com.ar\/index.php\/95989\/\"},\"author\":{\"name\":\"Jorge Matheus\",\"@id\":\"https:\/\/infoecos.com.ar\/#\/schema\/person\/8f5ace5ce73b4b4aac4b7245aee6f191\"},\"headline\":\"El presidente de la Naci\u00f3n confirm\u00f3 que este mi\u00e9rcoles, acompa\u00f1ado de una nutrida comitiva, estar\u00e1 en Salliquel\u00f3\",\"datePublished\":\"2022-08-09T23:16:04+00:00\",\"dateModified\":\"2022-08-09T23:21:22+00:00\",\"mainEntityOfPage\":{\"@id\":\"https:\/\/infoecos.com.ar\/index.php\/95989\/\"},\"wordCount\":201,\"publisher\":{\"@id\":\"https:\/\/infoecos.com.ar\/#organization\"},\"image\":{\"@id\":\"https:\/\/infoecos.com.ar\/index.php\/95989\/#primaryimage\"},\"thumbnailUrl\":\"https:\/\/infoecos.com.ar\/wp-content\/uploads\/2022\/07\/massafernandez.jpg\",\"keywords\":[\"cONTRATO DE OBRA GASODUCTO kIRCHNER\"],\"articleSection\":[\"Noticia Secundaria\"],\"inLanguage\":\"es\"},{\"@type\":\"WebPage\",\"@id\":\"https:\/\/infoecos.com.ar\/index.php\/95989\/\",\"url\":\"https:\/\/infoecos.com.ar\/index.php\/95989\/\",\"name\":\"El presidente de la Naci\u00f3n confirm\u00f3 que este mi\u00e9rcoles, acompa\u00f1ado de una nutrida comitiva, estar\u00e1 en Salliquel\u00f3 - Infoecos\",\"isPartOf\":{\"@id\":\"https:\/\/infoecos.com.ar\/#website\"},\"primaryImageOfPage\":{\"@id\":\"https:\/\/infoecos.com.ar\/index.php\/95989\/#primaryimage\"},\"image\":{\"@id\":\"https:\/\/infoecos.com.ar\/index.php\/95989\/#primaryimage\"},\"thumbnailUrl\":\"https:\/\/infoecos.com.ar\/wp-content\/uploads\/2022\/07\/massafernandez.jpg\",\"datePublished\":\"2022-08-09T23:16:04+00:00\",\"dateModified\":\"2022-08-09T23:21:22+00:00\",\"breadcrumb\":{\"@id\":\"https:\/\/infoecos.com.ar\/index.php\/95989\/#breadcrumb\"},\"inLanguage\":\"es\",\"potentialAction\":[{\"@type\":\"ReadAction\",\"target\":[\"https:\/\/infoecos.com.ar\/index.php\/95989\/\"]}]},{\"@type\":\"ImageObject\",\"inLanguage\":\"es\",\"@id\":\"https:\/\/infoecos.com.ar\/index.php\/95989\/#primaryimage\",\"url\":\"https:\/\/infoecos.com.ar\/wp-content\/uploads\/2022\/07\/massafernandez.jpg\",\"contentUrl\":\"https:\/\/infoecos.com.ar\/wp-content\/uploads\/2022\/07\/massafernandez.jpg\",\"width\":900,\"height\":506},{\"@type\":\"BreadcrumbList\",\"@id\":\"https:\/\/infoecos.com.ar\/index.php\/95989\/#breadcrumb\",\"itemListElement\":[{\"@type\":\"ListItem\",\"position\":1,\"name\":\"Portada\",\"item\":\"https:\/\/infoecos.com.ar\/\"},{\"@type\":\"ListItem\",\"position\":2,\"name\":\"El presidente de la Naci\u00f3n confirm\u00f3 que este mi\u00e9rcoles, acompa\u00f1ado de una nutrida comitiva, estar\u00e1 en Salliquel\u00f3\"}]},{\"@type\":\"WebSite\",\"@id\":\"https:\/\/infoecos.com.ar\/#website\",\"url\":\"https:\/\/infoecos.com.ar\/\",\"name\":\"Infoecos\",\"description\":\"Noticias de trenque lauquen y la zona\",\"publisher\":{\"@id\":\"https:\/\/infoecos.com.ar\/#organization\"},\"alternateName\":\"Noticias\",\"potentialAction\":[{\"@type\":\"SearchAction\",\"target\":{\"@type\":\"EntryPoint\",\"urlTemplate\":\"https:\/\/infoecos.com.ar\/?s={search_term_string}\"},\"query-input\":{\"@type\":\"PropertyValueSpecification\",\"valueRequired\":true,\"valueName\":\"search_term_string\"}}],\"inLanguage\":\"es\"},{\"@type\":\"Organization\",\"@id\":\"https:\/\/infoecos.com.ar\/#organization\",\"name\":\"Infoecos\",\"alternateName\":\"Noticias\",\"url\":\"https:\/\/infoecos.com.ar\/\",\"logo\":{\"@type\":\"ImageObject\",\"inLanguage\":\"es\",\"@id\":\"https:\/\/infoecos.com.ar\/#\/schema\/logo\/image\/\",\"url\":\"https:\/\/infoecos.com.ar\/wp-content\/uploads\/2024\/03\/cropped-logo.png\",\"contentUrl\":\"https:\/\/infoecos.com.ar\/wp-content\/uploads\/2024\/03\/cropped-logo.png\",\"width\":374,\"height\":90,\"caption\":\"Infoecos\"},\"image\":{\"@id\":\"https:\/\/infoecos.com.ar\/#\/schema\/logo\/image\/\"},\"sameAs\":[\"https:\/\/www.facebook.com\/profile.php?id=100063200290284\",\"https:\/\/x.com\/infoecos\"]},{\"@type\":\"Person\",\"@id\":\"https:\/\/infoecos.com.ar\/#\/schema\/person\/8f5ace5ce73b4b4aac4b7245aee6f191\",\"name\":\"Jorge Matheus\",\"url\":\"https:\/\/infoecos.com.ar\/index.php\/author\/jomatheus\/\"}]}<\/script>\n<!-- \/ Yoast SEO plugin. -->","yoast_head_json":{"title":"El presidente de la Naci\u00f3n confirm\u00f3 que este mi\u00e9rcoles, acompa\u00f1ado de una nutrida comitiva, estar\u00e1 en Salliquel\u00f3 - Infoecos","robots":{"index":"index","follow":"follow","max-snippet":"max-snippet:-1","max-image-preview":"max-image-preview:large","max-video-preview":"max-video-preview:-1"},"canonical":"https:\/\/infoecos.com.ar\/index.php\/95989\/","og_locale":"es_ES","og_type":"article","og_title":"El presidente de la Naci\u00f3n confirm\u00f3 que este mi\u00e9rcoles, acompa\u00f1ado de una nutrida comitiva, estar\u00e1 en Salliquel\u00f3 - Infoecos","og_description":"Adem\u00e1s de la asistencia del Primer Mandatario, est\u00e1n confirmadas las presencias del Ministro de Econom\u00eda, Sergio Massa; la Gobernadora de R\u00edo Negro, Arabela Carreras, y los Gobernadores de La Pampa, Neuqu\u00e9n y Buenos Aires, Sergio Ziliotto, Omar Guti\u00e9rrez y Axel Kicillof, respectivamente","og_url":"https:\/\/infoecos.com.ar\/index.php\/95989\/","og_site_name":"Infoecos","article_publisher":"https:\/\/www.facebook.com\/profile.php?id=100063200290284","article_published_time":"2022-08-09T23:16:04+00:00","article_modified_time":"2022-08-09T23:21:22+00:00","og_image":[{"width":900,"height":506,"url":"https:\/\/infoecos.com.ar\/wp-content\/uploads\/2022\/07\/massafernandez.jpg","type":"image\/jpeg"}],"author":"Jorge Matheus","twitter_card":"summary_large_image","twitter_creator":"@infoecos","twitter_site":"@infoecos","twitter_misc":{"Escrito por":"Jorge Matheus","Tiempo de lectura":"1 minuto"},"schema":{"@context":"https:\/\/schema.org","@graph":[{"@type":"Article","@id":"https:\/\/infoecos.com.ar\/index.php\/95989\/#article","isPartOf":{"@id":"https:\/\/infoecos.com.ar\/index.php\/95989\/"},"author":{"name":"Jorge Matheus","@id":"https:\/\/infoecos.com.ar\/#\/schema\/person\/8f5ace5ce73b4b4aac4b7245aee6f191"},"headline":"El presidente de la Naci\u00f3n confirm\u00f3 que este mi\u00e9rcoles, acompa\u00f1ado de una nutrida comitiva, estar\u00e1 en Salliquel\u00f3","datePublished":"2022-08-09T23:16:04+00:00","dateModified":"2022-08-09T23:21:22+00:00","mainEntityOfPage":{"@id":"https:\/\/infoecos.com.ar\/index.php\/95989\/"},"wordCount":201,"publisher":{"@id":"https:\/\/infoecos.com.ar\/#organization"},"image":{"@id":"https:\/\/infoecos.com.ar\/index.php\/95989\/#primaryimage"},"thumbnailUrl":"https:\/\/infoecos.com.ar\/wp-content\/uploads\/2022\/07\/massafernandez.jpg","keywords":["cONTRATO DE OBRA GASODUCTO kIRCHNER"],"articleSection":["Noticia Secundaria"],"inLanguage":"es"},{"@type":"WebPage","@id":"https:\/\/infoecos.com.ar\/index.php\/95989\/","url":"https:\/\/infoecos.com.ar\/index.php\/95989\/","name":"El presidente de la Naci\u00f3n confirm\u00f3 que este mi\u00e9rcoles, acompa\u00f1ado de una nutrida comitiva, estar\u00e1 en Salliquel\u00f3 - Infoecos","isPartOf":{"@id":"https:\/\/infoecos.com.ar\/#website"},"primaryImageOfPage":{"@id":"https:\/\/infoecos.com.ar\/index.php\/95989\/#primaryimage"},"image":{"@id":"https:\/\/infoecos.com.ar\/index.php\/95989\/#primaryimage"},"thumbnailUrl":"https:\/\/infoecos.com.ar\/wp-content\/uploads\/2022\/07\/massafernandez.jpg","datePublished":"2022-08-09T23:16:04+00:00","dateModified":"2022-08-09T23:21:22+00:00","breadcrumb":{"@id":"https:\/\/infoecos.com.ar\/index.php\/95989\/#breadcrumb"},"inLanguage":"es","potentialAction":[{"@type":"ReadAction","target":["https:\/\/infoecos.com.ar\/index.php\/95989\/"]}]},{"@type":"ImageObject","inLanguage":"es","@id":"https:\/\/infoecos.com.ar\/index.php\/95989\/#primaryimage","url":"https:\/\/infoecos.com.ar\/wp-content\/uploads\/2022\/07\/massafernandez.jpg","contentUrl":"https:\/\/infoecos.com.ar\/wp-content\/uploads\/2022\/07\/massafernandez.jpg","width":900,"height":506},{"@type":"BreadcrumbList","@id":"https:\/\/infoecos.com.ar\/index.php\/95989\/#breadcrumb","itemListElement":[{"@type":"ListItem","position":1,"name":"Portada","item":"https:\/\/infoecos.com.ar\/"},{"@type":"ListItem","position":2,"name":"El presidente de la Naci\u00f3n confirm\u00f3 que este mi\u00e9rcoles, acompa\u00f1ado de una nutrida comitiva, estar\u00e1 en Salliquel\u00f3"}]},{"@type":"WebSite","@id":"https:\/\/infoecos.com.ar\/#website","url":"https:\/\/infoecos.com.ar\/","name":"Infoecos","description":"Noticias de trenque lauquen y la zona","publisher":{"@id":"https:\/\/infoecos.com.ar\/#organization"},"alternateName":"Noticias","potentialAction":[{"@type":"SearchAction","target":{"@type":"EntryPoint","urlTemplate":"https:\/\/infoecos.com.ar\/?s={search_term_string}"},"query-input":{"@type":"PropertyValueSpecification","valueRequired":true,"valueName":"search_term_string"}}],"inLanguage":"es"},{"@type":"Organization","@id":"https:\/\/infoecos.com.ar\/#organization","name":"Infoecos","alternateName":"Noticias","url":"https:\/\/infoecos.com.ar\/","logo":{"@type":"ImageObject","inLanguage":"es","@id":"https:\/\/infoecos.com.ar\/#\/schema\/logo\/image\/","url":"https:\/\/infoecos.com.ar\/wp-content\/uploads\/2024\/03\/cropped-logo.png","contentUrl":"https:\/\/infoecos.com.ar\/wp-content\/uploads\/2024\/03\/cropped-logo.png","width":374,"height":90,"caption":"Infoecos"},"image":{"@id":"https:\/\/infoecos.com.ar\/#\/schema\/logo\/image\/"},"sameAs":["https:\/\/www.facebook.com\/profile.php?id=100063200290284","https:\/\/x.com\/infoecos"]},{"@type":"Person","@id":"https:\/\/infoecos.com.ar\/#\/schema\/person\/8f5ace5ce73b4b4aac4b7245aee6f191","name":"Jorge Matheus","url":"https:\/\/infoecos.com.ar\/index.php\/author\/jomatheus\/"}]}},"featured_image_urls":{"full":["https:\/\/infoecos.com.ar\/wp-content\/uploads\/2022\/07\/massafernandez.jpg",900,506,false],"thumbnail":["https:\/\/infoecos.com.ar\/wp-content\/uploads\/2022\/07\/massafernandez-150x150.jpg",150,150,true],"medium":["https:\/\/infoecos.com.ar\/wp-content\/uploads\/2022\/07\/massafernandez-460x259.jpg",460,259,true],"medium_large":["https:\/\/infoecos.com.ar\/wp-content\/uploads\/2022\/07\/massafernandez-768x432.jpg",640,360,true],"large":["https:\/\/infoecos.com.ar\/wp-content\/uploads\/2022\/07\/massafernandez.jpg",640,360,false],"1536x1536":["https:\/\/infoecos.com.ar\/wp-content\/uploads\/2022\/07\/massafernandez.jpg",900,506,false],"2048x2048":["https:\/\/infoecos.com.ar\/wp-content\/uploads\/2022\/07\/massafernandez.jpg",900,506,false],"covernews-slider-full":["https:\/\/infoecos.com.ar\/wp-content\/uploads\/2022\/07\/massafernandez.jpg",900,506,false],"covernews-slider-center":["https:\/\/infoecos.com.ar\/wp-content\/uploads\/2022\/07\/massafernandez.jpg",800,450,false],"covernews-featured":["https:\/\/infoecos.com.ar\/wp-content\/uploads\/2022\/07\/massafernandez.jpg",900,506,false],"covernews-medium":["https:\/\/infoecos.com.ar\/wp-content\/uploads\/2022\/07\/massafernandez-720x380.jpg",540,285,true],"covernews-medium-square":["https:\/\/infoecos.com.ar\/wp-content\/uploads\/2022\/07\/massafernandez-675x450.jpg",375,250,true]},"author_info":{"info":["Jorge Matheus"]},"category_info":"<a href=\"https:\/\/infoecos.com.ar\/index.php\/category\/noticia-secundaria\/\" rel=\"category tag\">Noticia Secundaria<\/a>","tag_info":"Noticia Secundaria","comment_count":"0","_links":{"self":[{"href":"https:\/\/infoecos.com.ar\/index.php\/wp-json\/wp\/v2\/posts\/95989"}],"collection":[{"href":"https:\/\/infoecos.com.ar\/index.php\/wp-json\/wp\/v2\/posts"}],"about":[{"href":"https:\/\/infoecos.com.ar\/index.php\/wp-json\/wp\/v2\/types\/post"}],"author":[{"embeddable":true,"href":"https:\/\/infoecos.com.ar\/index.php\/wp-json\/wp\/v2\/users\/2"}],"replies":[{"embeddable":true,"href":"https:\/\/infoecos.com.ar\/index.php\/wp-json\/wp\/v2\/comments?post=95989"}],"version-history":[{"count":2,"href":"https:\/\/infoecos.com.ar\/index.php\/wp-json\/wp\/v2\/posts\/95989\/revisions"}],"predecessor-version":[{"id":95992,"href":"https:\/\/infoecos.com.ar\/index.php\/wp-json\/wp\/v2\/posts\/95989\/revisions\/95992"}],"wp:featuredmedia":[{"embeddable":true,"href":"https:\/\/infoecos.com.ar\/index.php\/wp-json\/wp\/v2\/media\/95272"}],"wp:attachment":[{"href":"https:\/\/infoecos.com.ar\/index.php\/wp-json\/wp\/v2\/media?parent=95989"}],"wp:term":[{"taxonomy":"category","embeddable":true,"href":"https:\/\/infoecos.com.ar\/index.php\/wp-json\/wp\/v2\/categories?post=95989"},{"taxonomy":"post_tag","embeddable":true,"href":"https:\/\/infoecos.com.ar\/index.php\/wp-json\/wp\/v2\/tags?post=95989"}],"curies":[{"name":"wp","href":"https:\/\/api.w.org\/{rel}","templated":true}]}}