{"id":95993,"date":"2022-08-09T20:35:29","date_gmt":"2022-08-09T23:35:29","guid":{"rendered":"http:\/\/infoecos.com.ar\/?p=95993"},"modified":"2022-08-11T06:15:51","modified_gmt":"2022-08-11T09:15:51","slug":"la-multipremiada-pelicula-parasitos-se-proyecta-el-viernes-en-el-cine-de-ciclo","status":"publish","type":"post","link":"https:\/\/infoecos.com.ar\/index.php\/la-multipremiada-pelicula-parasitos-se-proyecta-el-viernes-en-el-cine-de-ciclo\/","title":{"rendered":"La multipremiada pel\u00edcula \u00abPar\u00e1sitos\u00bb se proyecta el viernes en el \u00abCine de Ciclo\u00bb"},"content":{"rendered":"\n<p>Este viernes desde las 22 hs. <strong>Casa de Fuego<\/strong>, en su nuevo espacio de <strong>San Mart\u00edn 223<\/strong>, realizar\u00e1 la segunda proyecci\u00f3n en el marco de <strong>\u201cCine de Ciclo\u201d<\/strong>, en este caso con la participaci\u00f3n de un invitado especial: <strong>Roberto Mola<\/strong>, arquitecto y cin\u00e9filo, con una propuesta cinematogr\u00e1fica para compartir, que ir\u00e1 acompa\u00f1ada de la degustaci\u00f3n de una bebida t\u00edpica, a tono con el film.<\/p>\n\n\n\n<figure class=\"wp-block-image aligncenter size-large is-resized\"><img loading=\"lazy\" decoding=\"async\" src=\"http:\/\/infoecos.com.ar\/wp-content\/uploads\/2022\/08\/fotograma-Parasite-1-920x613.jpg\" alt=\"\" class=\"wp-image-95994\" width=\"554\" height=\"368\" srcset=\"https:\/\/infoecos.com.ar\/wp-content\/uploads\/2022\/08\/fotograma-Parasite-1-920x613.jpg 920w, https:\/\/infoecos.com.ar\/wp-content\/uploads\/2022\/08\/fotograma-Parasite-1-460x307.jpg 460w, https:\/\/infoecos.com.ar\/wp-content\/uploads\/2022\/08\/fotograma-Parasite-1-768x512.jpg 768w, https:\/\/infoecos.com.ar\/wp-content\/uploads\/2022\/08\/fotograma-Parasite-1-675x450.jpg 675w, https:\/\/infoecos.com.ar\/wp-content\/uploads\/2022\/08\/fotograma-Parasite-1.jpg 980w\" sizes=\"(max-width: 554px) 100vw, 554px\" \/><\/figure>\n\n\n\n<p>En esta oportunidad, la pel\u00edcula propuesta, elegida por el invitado, es <strong>\u201cPar\u00e1sitos\u201d<\/strong> (Corea del Sur, 2019), que ir\u00e1 acompa\u00f1ada de una degustaci\u00f3n de <strong>SOJU<\/strong>, bebida t\u00edpica coreana.<\/p>\n\n\n\n<p>Las reservas para esta nueva edici\u00f3n de <strong>Cine de Ciclo<\/strong> se realizan v\u00eda whatsapp a los tel\u00e9fonos <strong>2392-559979 <\/strong>y<strong> 2392-673506.<\/strong> El valor de la tarjeta, con degustaci\u00f3n de <strong>Soju<\/strong> incluida, es de $1.500 (la reserva se realiza una vez realizado el pago). Se inform\u00f3 que los cupos son limitados.  <\/p>\n\n\n\n<figure class=\"wp-block-image aligncenter size-large is-resized\"><img loading=\"lazy\" decoding=\"async\" src=\"http:\/\/infoecos.com.ar\/wp-content\/uploads\/2022\/08\/cine-de-ciclo-hierro-3-C-1-920x690.jpg\" alt=\"\" class=\"wp-image-95995\" width=\"534\" height=\"401\" srcset=\"https:\/\/infoecos.com.ar\/wp-content\/uploads\/2022\/08\/cine-de-ciclo-hierro-3-C-1-920x690.jpg 920w, https:\/\/infoecos.com.ar\/wp-content\/uploads\/2022\/08\/cine-de-ciclo-hierro-3-C-1-460x345.jpg 460w, https:\/\/infoecos.com.ar\/wp-content\/uploads\/2022\/08\/cine-de-ciclo-hierro-3-C-1-768x576.jpg 768w, https:\/\/infoecos.com.ar\/wp-content\/uploads\/2022\/08\/cine-de-ciclo-hierro-3-C-1-1536x1152.jpg 1536w, https:\/\/infoecos.com.ar\/wp-content\/uploads\/2022\/08\/cine-de-ciclo-hierro-3-C-1-2048x1536.jpg 2048w, https:\/\/infoecos.com.ar\/wp-content\/uploads\/2022\/08\/cine-de-ciclo-hierro-3-C-1-1024x768.jpg 1024w\" sizes=\"(max-width: 534px) 100vw, 534px\" \/><\/figure>\n\n\n\n<p><strong>Los premios obtenidos por la pel\u00edcula<\/strong>: <\/p>\n\n\n\n<p><strong>\u201cPar\u00e1sitos\u201d<em>, <\/em><\/strong>dirigida por Bong Joon-ho, fue ganadora de 4 premios Oscar (Mejor pel\u00edcula, director, pel\u00edcula internacional y gui\u00f3n original), adem\u00e1s de la Palma de Oro en el Festival de Cannes como Mejor Largometraje y el Globo de Oro como Mejor Pel\u00edcula de habla no inglesa.<\/p>\n\n\n\n<p>El invitado Roberto Mola aportar\u00e1 adem\u00e1s su visi\u00f3n de la pel\u00edcula en torno a la arquitectura, un arte muy presente en este film.<\/p>\n\n\n\n<p><strong>Las caracter\u00edsticas del Soju que podr\u00e1n degustar quienes concurran el viernes:<\/strong><\/p>\n\n\n\n<p>El soju es una bebida destilada nativa de Corea, tradicionalmente hecha con arroz, aunque la mayor\u00eda de las marcas m\u00e1s importantes suplementan o hasta sustituyen el arroz con otros almidones, como la papa, el trigo, la cebada, el camote o la yuca (llamada dangmil en coreano).<\/p>\n\n\n\n<figure class=\"wp-block-image aligncenter size-large is-resized\"><img loading=\"lazy\" decoding=\"async\" src=\"http:\/\/infoecos.com.ar\/wp-content\/uploads\/2022\/08\/parasite-fotograma-1-920x460.jpeg\" alt=\"\" class=\"wp-image-95996\" width=\"529\" height=\"265\" srcset=\"https:\/\/infoecos.com.ar\/wp-content\/uploads\/2022\/08\/parasite-fotograma-1-920x460.jpeg 920w, https:\/\/infoecos.com.ar\/wp-content\/uploads\/2022\/08\/parasite-fotograma-1-460x230.jpeg 460w, https:\/\/infoecos.com.ar\/wp-content\/uploads\/2022\/08\/parasite-fotograma-1-768x384.jpeg 768w, https:\/\/infoecos.com.ar\/wp-content\/uploads\/2022\/08\/parasite-fotograma-1-1024x512.jpeg 1024w, https:\/\/infoecos.com.ar\/wp-content\/uploads\/2022\/08\/parasite-fotograma-1.jpeg 1280w\" sizes=\"(max-width: 529px) 100vw, 529px\" \/><\/figure>\n\n\n\n<p><strong>El argumento de la pel\u00edcula<\/strong>: <\/p>\n\n\n\n<p>Tanto Gi Taek (Song Kang-ho) como su familia est\u00e1n sin trabajo. Cuando su hijo mayor, Gi Woo (Choi Woo-sik), empieza a dar clases particulares en casa de Park (Lee Seon-gyun), las dos familias, que tienen mucho en com\u00fan pese a pertenecer a dos mundos totalmente distintos, comienzan una interrelaci\u00f3n de resultados imprevisibles.&nbsp;<\/p>\n\n\n\n<p><strong>Los promotores de Cine de Ciclo:<\/strong><\/p>\n\n\n\n<p>El objetivo es encontrarse. En la primera pel\u00edcula que proyectaron hace 15 d\u00edas, <strong>Hierro 3<\/strong>, tuvieron un muy buen acompa\u00f1amiento del p\u00fablico y buen momento compartido de cine, comida, bebida y m\u00fasica, a tono con la propuesta tem\u00e1tica coreana.<\/p>\n\n\n\n<p>Para este segundo encuentro, con otro abordaje y otro perfil cinematogr\u00e1fico en la propuesta, conf\u00edan lo mismo. La ocasi\u00f3n nos informaron ser\u00e1 ideal para estrenar el nuevo espacio de Casa de Fuego en San Mart\u00edn 223.<\/p>\n\n\n\n<p><\/p>\n","protected":false},"excerpt":{"rendered":"<p>Las reservas para esta nueva edici\u00f3n de Cine de Ciclo se realizan v\u00eda whatsapp a los tel\u00e9fonos 2392-559979 y 2392-673506. El valor de la tarjeta, con degustaci\u00f3n de Soju incluida, es de $1.500 (la reserva se realiza una vez realizado el pago). Se inform\u00f3 que los cupos son limitados<\/p>\n","protected":false},"author":2,"featured_media":95994,"comment_status":"closed","ping_status":"open","sticky":false,"template":"","format":"standard","meta":{"footnotes":""},"categories":[48],"tags":[6511],"class_list":["post-95993","post","type-post","status-publish","format-standard","has-post-thumbnail","hentry","category-c2nota3","tag-t-lauquen-san-martin-223"],"yoast_head":"<!-- This site is optimized with the Yoast SEO plugin v23.4 - https:\/\/yoast.com\/wordpress\/plugins\/seo\/ -->\n<title>La multipremiada pel\u00edcula &quot;Par\u00e1sitos&quot; se proyecta el viernes en el &quot;Cine de Ciclo&quot; - Infoecos<\/title>\n<meta name=\"robots\" content=\"index, follow, max-snippet:-1, max-image-preview:large, max-video-preview:-1\" \/>\n<link rel=\"canonical\" href=\"https:\/\/infoecos.com.ar\/index.php\/la-multipremiada-pelicula-parasitos-se-proyecta-el-viernes-en-el-cine-de-ciclo\/\" \/>\n<meta property=\"og:locale\" content=\"es_ES\" \/>\n<meta property=\"og:type\" content=\"article\" \/>\n<meta property=\"og:title\" content=\"La multipremiada pel\u00edcula &quot;Par\u00e1sitos&quot; se proyecta el viernes en el &quot;Cine de Ciclo&quot; - Infoecos\" \/>\n<meta property=\"og:description\" content=\"Las reservas para esta nueva edici\u00f3n de Cine de Ciclo se realizan v\u00eda whatsapp a los tel\u00e9fonos 2392-559979 y 2392-673506. El valor de la tarjeta, con degustaci\u00f3n de Soju incluida, es de $1.500 (la reserva se realiza una vez realizado el pago). Se inform\u00f3 que los cupos son limitados\" \/>\n<meta property=\"og:url\" content=\"https:\/\/infoecos.com.ar\/index.php\/la-multipremiada-pelicula-parasitos-se-proyecta-el-viernes-en-el-cine-de-ciclo\/\" \/>\n<meta property=\"og:site_name\" content=\"Infoecos\" \/>\n<meta property=\"article:publisher\" content=\"https:\/\/www.facebook.com\/profile.php?id=100063200290284\" \/>\n<meta property=\"article:published_time\" content=\"2022-08-09T23:35:29+00:00\" \/>\n<meta property=\"article:modified_time\" content=\"2022-08-11T09:15:51+00:00\" \/>\n<meta property=\"og:image\" content=\"https:\/\/infoecos.com.ar\/wp-content\/uploads\/2022\/08\/fotograma-Parasite-1.jpg\" \/>\n\t<meta property=\"og:image:width\" content=\"980\" \/>\n\t<meta property=\"og:image:height\" content=\"653\" \/>\n\t<meta property=\"og:image:type\" content=\"image\/jpeg\" \/>\n<meta name=\"author\" content=\"Jorge Matheus\" \/>\n<meta name=\"twitter:card\" content=\"summary_large_image\" \/>\n<meta name=\"twitter:creator\" content=\"@infoecos\" \/>\n<meta name=\"twitter:site\" content=\"@infoecos\" \/>\n<meta name=\"twitter:label1\" content=\"Escrito por\" \/>\n\t<meta name=\"twitter:data1\" content=\"Jorge Matheus\" \/>\n\t<meta name=\"twitter:label2\" content=\"Tiempo de lectura\" \/>\n\t<meta name=\"twitter:data2\" content=\"2 minutos\" \/>\n<script type=\"application\/ld+json\" class=\"yoast-schema-graph\">{\"@context\":\"https:\/\/schema.org\",\"@graph\":[{\"@type\":\"Article\",\"@id\":\"https:\/\/infoecos.com.ar\/index.php\/la-multipremiada-pelicula-parasitos-se-proyecta-el-viernes-en-el-cine-de-ciclo\/#article\",\"isPartOf\":{\"@id\":\"https:\/\/infoecos.com.ar\/index.php\/la-multipremiada-pelicula-parasitos-se-proyecta-el-viernes-en-el-cine-de-ciclo\/\"},\"author\":{\"name\":\"Jorge Matheus\",\"@id\":\"https:\/\/infoecos.com.ar\/#\/schema\/person\/8f5ace5ce73b4b4aac4b7245aee6f191\"},\"headline\":\"La multipremiada pel\u00edcula \u00abPar\u00e1sitos\u00bb se proyecta el viernes en el \u00abCine de Ciclo\u00bb\",\"datePublished\":\"2022-08-09T23:35:29+00:00\",\"dateModified\":\"2022-08-11T09:15:51+00:00\",\"mainEntityOfPage\":{\"@id\":\"https:\/\/infoecos.com.ar\/index.php\/la-multipremiada-pelicula-parasitos-se-proyecta-el-viernes-en-el-cine-de-ciclo\/\"},\"wordCount\":462,\"publisher\":{\"@id\":\"https:\/\/infoecos.com.ar\/#organization\"},\"image\":{\"@id\":\"https:\/\/infoecos.com.ar\/index.php\/la-multipremiada-pelicula-parasitos-se-proyecta-el-viernes-en-el-cine-de-ciclo\/#primaryimage\"},\"thumbnailUrl\":\"https:\/\/infoecos.com.ar\/wp-content\/uploads\/2022\/08\/fotograma-Parasite-1.jpg\",\"keywords\":[\"T.LAUQUEN - SAN MART\u00cdN 223\"],\"articleSection\":[\"C2 N3\"],\"inLanguage\":\"es\"},{\"@type\":\"WebPage\",\"@id\":\"https:\/\/infoecos.com.ar\/index.php\/la-multipremiada-pelicula-parasitos-se-proyecta-el-viernes-en-el-cine-de-ciclo\/\",\"url\":\"https:\/\/infoecos.com.ar\/index.php\/la-multipremiada-pelicula-parasitos-se-proyecta-el-viernes-en-el-cine-de-ciclo\/\",\"name\":\"La multipremiada pel\u00edcula \\\"Par\u00e1sitos\\\" se proyecta el viernes en el \\\"Cine de Ciclo\\\" - Infoecos\",\"isPartOf\":{\"@id\":\"https:\/\/infoecos.com.ar\/#website\"},\"primaryImageOfPage\":{\"@id\":\"https:\/\/infoecos.com.ar\/index.php\/la-multipremiada-pelicula-parasitos-se-proyecta-el-viernes-en-el-cine-de-ciclo\/#primaryimage\"},\"image\":{\"@id\":\"https:\/\/infoecos.com.ar\/index.php\/la-multipremiada-pelicula-parasitos-se-proyecta-el-viernes-en-el-cine-de-ciclo\/#primaryimage\"},\"thumbnailUrl\":\"https:\/\/infoecos.com.ar\/wp-content\/uploads\/2022\/08\/fotograma-Parasite-1.jpg\",\"datePublished\":\"2022-08-09T23:35:29+00:00\",\"dateModified\":\"2022-08-11T09:15:51+00:00\",\"breadcrumb\":{\"@id\":\"https:\/\/infoecos.com.ar\/index.php\/la-multipremiada-pelicula-parasitos-se-proyecta-el-viernes-en-el-cine-de-ciclo\/#breadcrumb\"},\"inLanguage\":\"es\",\"potentialAction\":[{\"@type\":\"ReadAction\",\"target\":[\"https:\/\/infoecos.com.ar\/index.php\/la-multipremiada-pelicula-parasitos-se-proyecta-el-viernes-en-el-cine-de-ciclo\/\"]}]},{\"@type\":\"ImageObject\",\"inLanguage\":\"es\",\"@id\":\"https:\/\/infoecos.com.ar\/index.php\/la-multipremiada-pelicula-parasitos-se-proyecta-el-viernes-en-el-cine-de-ciclo\/#primaryimage\",\"url\":\"https:\/\/infoecos.com.ar\/wp-content\/uploads\/2022\/08\/fotograma-Parasite-1.jpg\",\"contentUrl\":\"https:\/\/infoecos.com.ar\/wp-content\/uploads\/2022\/08\/fotograma-Parasite-1.jpg\",\"width\":980,\"height\":653},{\"@type\":\"BreadcrumbList\",\"@id\":\"https:\/\/infoecos.com.ar\/index.php\/la-multipremiada-pelicula-parasitos-se-proyecta-el-viernes-en-el-cine-de-ciclo\/#breadcrumb\",\"itemListElement\":[{\"@type\":\"ListItem\",\"position\":1,\"name\":\"Portada\",\"item\":\"https:\/\/infoecos.com.ar\/\"},{\"@type\":\"ListItem\",\"position\":2,\"name\":\"La multipremiada pel\u00edcula \u00abPar\u00e1sitos\u00bb se proyecta el viernes en el \u00abCine de Ciclo\u00bb\"}]},{\"@type\":\"WebSite\",\"@id\":\"https:\/\/infoecos.com.ar\/#website\",\"url\":\"https:\/\/infoecos.com.ar\/\",\"name\":\"Infoecos\",\"description\":\"Noticias de trenque lauquen y la zona\",\"publisher\":{\"@id\":\"https:\/\/infoecos.com.ar\/#organization\"},\"alternateName\":\"Noticias\",\"potentialAction\":[{\"@type\":\"SearchAction\",\"target\":{\"@type\":\"EntryPoint\",\"urlTemplate\":\"https:\/\/infoecos.com.ar\/?s={search_term_string}\"},\"query-input\":{\"@type\":\"PropertyValueSpecification\",\"valueRequired\":true,\"valueName\":\"search_term_string\"}}],\"inLanguage\":\"es\"},{\"@type\":\"Organization\",\"@id\":\"https:\/\/infoecos.com.ar\/#organization\",\"name\":\"Infoecos\",\"alternateName\":\"Noticias\",\"url\":\"https:\/\/infoecos.com.ar\/\",\"logo\":{\"@type\":\"ImageObject\",\"inLanguage\":\"es\",\"@id\":\"https:\/\/infoecos.com.ar\/#\/schema\/logo\/image\/\",\"url\":\"https:\/\/infoecos.com.ar\/wp-content\/uploads\/2024\/03\/cropped-logo.png\",\"contentUrl\":\"https:\/\/infoecos.com.ar\/wp-content\/uploads\/2024\/03\/cropped-logo.png\",\"width\":374,\"height\":90,\"caption\":\"Infoecos\"},\"image\":{\"@id\":\"https:\/\/infoecos.com.ar\/#\/schema\/logo\/image\/\"},\"sameAs\":[\"https:\/\/www.facebook.com\/profile.php?id=100063200290284\",\"https:\/\/x.com\/infoecos\"]},{\"@type\":\"Person\",\"@id\":\"https:\/\/infoecos.com.ar\/#\/schema\/person\/8f5ace5ce73b4b4aac4b7245aee6f191\",\"name\":\"Jorge Matheus\",\"url\":\"https:\/\/infoecos.com.ar\/index.php\/author\/jomatheus\/\"}]}<\/script>\n<!-- \/ Yoast SEO plugin. -->","yoast_head_json":{"title":"La multipremiada pel\u00edcula \"Par\u00e1sitos\" se proyecta el viernes en el \"Cine de Ciclo\" - Infoecos","robots":{"index":"index","follow":"follow","max-snippet":"max-snippet:-1","max-image-preview":"max-image-preview:large","max-video-preview":"max-video-preview:-1"},"canonical":"https:\/\/infoecos.com.ar\/index.php\/la-multipremiada-pelicula-parasitos-se-proyecta-el-viernes-en-el-cine-de-ciclo\/","og_locale":"es_ES","og_type":"article","og_title":"La multipremiada pel\u00edcula \"Par\u00e1sitos\" se proyecta el viernes en el \"Cine de Ciclo\" - Infoecos","og_description":"Las reservas para esta nueva edici\u00f3n de Cine de Ciclo se realizan v\u00eda whatsapp a los tel\u00e9fonos 2392-559979 y 2392-673506. El valor de la tarjeta, con degustaci\u00f3n de Soju incluida, es de $1.500 (la reserva se realiza una vez realizado el pago). Se inform\u00f3 que los cupos son limitados","og_url":"https:\/\/infoecos.com.ar\/index.php\/la-multipremiada-pelicula-parasitos-se-proyecta-el-viernes-en-el-cine-de-ciclo\/","og_site_name":"Infoecos","article_publisher":"https:\/\/www.facebook.com\/profile.php?id=100063200290284","article_published_time":"2022-08-09T23:35:29+00:00","article_modified_time":"2022-08-11T09:15:51+00:00","og_image":[{"width":980,"height":653,"url":"https:\/\/infoecos.com.ar\/wp-content\/uploads\/2022\/08\/fotograma-Parasite-1.jpg","type":"image\/jpeg"}],"author":"Jorge Matheus","twitter_card":"summary_large_image","twitter_creator":"@infoecos","twitter_site":"@infoecos","twitter_misc":{"Escrito por":"Jorge Matheus","Tiempo de lectura":"2 minutos"},"schema":{"@context":"https:\/\/schema.org","@graph":[{"@type":"Article","@id":"https:\/\/infoecos.com.ar\/index.php\/la-multipremiada-pelicula-parasitos-se-proyecta-el-viernes-en-el-cine-de-ciclo\/#article","isPartOf":{"@id":"https:\/\/infoecos.com.ar\/index.php\/la-multipremiada-pelicula-parasitos-se-proyecta-el-viernes-en-el-cine-de-ciclo\/"},"author":{"name":"Jorge Matheus","@id":"https:\/\/infoecos.com.ar\/#\/schema\/person\/8f5ace5ce73b4b4aac4b7245aee6f191"},"headline":"La multipremiada pel\u00edcula \u00abPar\u00e1sitos\u00bb se proyecta el viernes en el \u00abCine de Ciclo\u00bb","datePublished":"2022-08-09T23:35:29+00:00","dateModified":"2022-08-11T09:15:51+00:00","mainEntityOfPage":{"@id":"https:\/\/infoecos.com.ar\/index.php\/la-multipremiada-pelicula-parasitos-se-proyecta-el-viernes-en-el-cine-de-ciclo\/"},"wordCount":462,"publisher":{"@id":"https:\/\/infoecos.com.ar\/#organization"},"image":{"@id":"https:\/\/infoecos.com.ar\/index.php\/la-multipremiada-pelicula-parasitos-se-proyecta-el-viernes-en-el-cine-de-ciclo\/#primaryimage"},"thumbnailUrl":"https:\/\/infoecos.com.ar\/wp-content\/uploads\/2022\/08\/fotograma-Parasite-1.jpg","keywords":["T.LAUQUEN - SAN MART\u00cdN 223"],"articleSection":["C2 N3"],"inLanguage":"es"},{"@type":"WebPage","@id":"https:\/\/infoecos.com.ar\/index.php\/la-multipremiada-pelicula-parasitos-se-proyecta-el-viernes-en-el-cine-de-ciclo\/","url":"https:\/\/infoecos.com.ar\/index.php\/la-multipremiada-pelicula-parasitos-se-proyecta-el-viernes-en-el-cine-de-ciclo\/","name":"La multipremiada pel\u00edcula \"Par\u00e1sitos\" se proyecta el viernes en el \"Cine de Ciclo\" - Infoecos","isPartOf":{"@id":"https:\/\/infoecos.com.ar\/#website"},"primaryImageOfPage":{"@id":"https:\/\/infoecos.com.ar\/index.php\/la-multipremiada-pelicula-parasitos-se-proyecta-el-viernes-en-el-cine-de-ciclo\/#primaryimage"},"image":{"@id":"https:\/\/infoecos.com.ar\/index.php\/la-multipremiada-pelicula-parasitos-se-proyecta-el-viernes-en-el-cine-de-ciclo\/#primaryimage"},"thumbnailUrl":"https:\/\/infoecos.com.ar\/wp-content\/uploads\/2022\/08\/fotograma-Parasite-1.jpg","datePublished":"2022-08-09T23:35:29+00:00","dateModified":"2022-08-11T09:15:51+00:00","breadcrumb":{"@id":"https:\/\/infoecos.com.ar\/index.php\/la-multipremiada-pelicula-parasitos-se-proyecta-el-viernes-en-el-cine-de-ciclo\/#breadcrumb"},"inLanguage":"es","potentialAction":[{"@type":"ReadAction","target":["https:\/\/infoecos.com.ar\/index.php\/la-multipremiada-pelicula-parasitos-se-proyecta-el-viernes-en-el-cine-de-ciclo\/"]}]},{"@type":"ImageObject","inLanguage":"es","@id":"https:\/\/infoecos.com.ar\/index.php\/la-multipremiada-pelicula-parasitos-se-proyecta-el-viernes-en-el-cine-de-ciclo\/#primaryimage","url":"https:\/\/infoecos.com.ar\/wp-content\/uploads\/2022\/08\/fotograma-Parasite-1.jpg","contentUrl":"https:\/\/infoecos.com.ar\/wp-content\/uploads\/2022\/08\/fotograma-Parasite-1.jpg","width":980,"height":653},{"@type":"BreadcrumbList","@id":"https:\/\/infoecos.com.ar\/index.php\/la-multipremiada-pelicula-parasitos-se-proyecta-el-viernes-en-el-cine-de-ciclo\/#breadcrumb","itemListElement":[{"@type":"ListItem","position":1,"name":"Portada","item":"https:\/\/infoecos.com.ar\/"},{"@type":"ListItem","position":2,"name":"La multipremiada pel\u00edcula \u00abPar\u00e1sitos\u00bb se proyecta el viernes en el \u00abCine de Ciclo\u00bb"}]},{"@type":"WebSite","@id":"https:\/\/infoecos.com.ar\/#website","url":"https:\/\/infoecos.com.ar\/","name":"Infoecos","description":"Noticias de trenque lauquen y la zona","publisher":{"@id":"https:\/\/infoecos.com.ar\/#organization"},"alternateName":"Noticias","potentialAction":[{"@type":"SearchAction","target":{"@type":"EntryPoint","urlTemplate":"https:\/\/infoecos.com.ar\/?s={search_term_string}"},"query-input":{"@type":"PropertyValueSpecification","valueRequired":true,"valueName":"search_term_string"}}],"inLanguage":"es"},{"@type":"Organization","@id":"https:\/\/infoecos.com.ar\/#organization","name":"Infoecos","alternateName":"Noticias","url":"https:\/\/infoecos.com.ar\/","logo":{"@type":"ImageObject","inLanguage":"es","@id":"https:\/\/infoecos.com.ar\/#\/schema\/logo\/image\/","url":"https:\/\/infoecos.com.ar\/wp-content\/uploads\/2024\/03\/cropped-logo.png","contentUrl":"https:\/\/infoecos.com.ar\/wp-content\/uploads\/2024\/03\/cropped-logo.png","width":374,"height":90,"caption":"Infoecos"},"image":{"@id":"https:\/\/infoecos.com.ar\/#\/schema\/logo\/image\/"},"sameAs":["https:\/\/www.facebook.com\/profile.php?id=100063200290284","https:\/\/x.com\/infoecos"]},{"@type":"Person","@id":"https:\/\/infoecos.com.ar\/#\/schema\/person\/8f5ace5ce73b4b4aac4b7245aee6f191","name":"Jorge Matheus","url":"https:\/\/infoecos.com.ar\/index.php\/author\/jomatheus\/"}]}},"featured_image_urls":{"full":["https:\/\/infoecos.com.ar\/wp-content\/uploads\/2022\/08\/fotograma-Parasite-1.jpg",980,653,false],"thumbnail":["https:\/\/infoecos.com.ar\/wp-content\/uploads\/2022\/08\/fotograma-Parasite-1-150x150.jpg",150,150,true],"medium":["https:\/\/infoecos.com.ar\/wp-content\/uploads\/2022\/08\/fotograma-Parasite-1-460x307.jpg",460,307,true],"medium_large":["https:\/\/infoecos.com.ar\/wp-content\/uploads\/2022\/08\/fotograma-Parasite-1-768x512.jpg",640,427,true],"large":["https:\/\/infoecos.com.ar\/wp-content\/uploads\/2022\/08\/fotograma-Parasite-1-920x613.jpg",640,426,true],"1536x1536":["https:\/\/infoecos.com.ar\/wp-content\/uploads\/2022\/08\/fotograma-Parasite-1.jpg",980,653,false],"2048x2048":["https:\/\/infoecos.com.ar\/wp-content\/uploads\/2022\/08\/fotograma-Parasite-1.jpg",980,653,false],"covernews-slider-full":["https:\/\/infoecos.com.ar\/wp-content\/uploads\/2022\/08\/fotograma-Parasite-1.jpg",980,653,false],"covernews-slider-center":["https:\/\/infoecos.com.ar\/wp-content\/uploads\/2022\/08\/fotograma-Parasite-1-936x653.jpg",717,500,true],"covernews-featured":["https:\/\/infoecos.com.ar\/wp-content\/uploads\/2022\/08\/fotograma-Parasite-1.jpg",980,653,false],"covernews-medium":["https:\/\/infoecos.com.ar\/wp-content\/uploads\/2022\/08\/fotograma-Parasite-1-720x380.jpg",540,285,true],"covernews-medium-square":["https:\/\/infoecos.com.ar\/wp-content\/uploads\/2022\/08\/fotograma-Parasite-1-675x450.jpg",375,250,true]},"author_info":{"info":["Jorge Matheus"]},"category_info":"<a href=\"https:\/\/infoecos.com.ar\/index.php\/category\/c2nota3\/\" rel=\"category tag\">C2 N3<\/a>","tag_info":"C2 N3","comment_count":"0","_links":{"self":[{"href":"https:\/\/infoecos.com.ar\/index.php\/wp-json\/wp\/v2\/posts\/95993"}],"collection":[{"href":"https:\/\/infoecos.com.ar\/index.php\/wp-json\/wp\/v2\/posts"}],"about":[{"href":"https:\/\/infoecos.com.ar\/index.php\/wp-json\/wp\/v2\/types\/post"}],"author":[{"embeddable":true,"href":"https:\/\/infoecos.com.ar\/index.php\/wp-json\/wp\/v2\/users\/2"}],"replies":[{"embeddable":true,"href":"https:\/\/infoecos.com.ar\/index.php\/wp-json\/wp\/v2\/comments?post=95993"}],"version-history":[{"count":2,"href":"https:\/\/infoecos.com.ar\/index.php\/wp-json\/wp\/v2\/posts\/95993\/revisions"}],"predecessor-version":[{"id":96042,"href":"https:\/\/infoecos.com.ar\/index.php\/wp-json\/wp\/v2\/posts\/95993\/revisions\/96042"}],"wp:featuredmedia":[{"embeddable":true,"href":"https:\/\/infoecos.com.ar\/index.php\/wp-json\/wp\/v2\/media\/95994"}],"wp:attachment":[{"href":"https:\/\/infoecos.com.ar\/index.php\/wp-json\/wp\/v2\/media?parent=95993"}],"wp:term":[{"taxonomy":"category","embeddable":true,"href":"https:\/\/infoecos.com.ar\/index.php\/wp-json\/wp\/v2\/categories?post=95993"},{"taxonomy":"post_tag","embeddable":true,"href":"https:\/\/infoecos.com.ar\/index.php\/wp-json\/wp\/v2\/tags?post=95993"}],"curies":[{"name":"wp","href":"https:\/\/api.w.org\/{rel}","templated":true}]}}