{"id":96037,"date":"2022-08-10T02:37:39","date_gmt":"2022-08-10T05:37:39","guid":{"rendered":"http:\/\/infoecos.com.ar\/?p=96037"},"modified":"2022-08-10T02:37:40","modified_gmt":"2022-08-10T05:37:40","slug":"el-17-de-agosto-en-trenque-lauquen-y-30-de-agosto-en-la-escuela-tecnica-y-en-el-centro-jorge-barracchia","status":"publish","type":"post","link":"https:\/\/infoecos.com.ar\/index.php\/el-17-de-agosto-en-trenque-lauquen-y-30-de-agosto-en-la-escuela-tecnica-y-en-el-centro-jorge-barracchia\/","title":{"rendered":"El 17 de Agosto en Trenque Lauquen y 30 de Agosto: en la Escuela T\u00e9cnica y en el Centro Jorge Barracchia"},"content":{"rendered":"\n<p>La municipalidad de Trenque Lauquen y el CEPT n\u00ba 11 de Mart\u00edn Fierro organizan el acto oficial por el 172\u00ba aniversario del Paso a la Inmortalidad del General Jos\u00e9 de San Mart\u00edn, a realizarse el pr\u00f3ximo mi\u00e9rcoles 17 de agosto.<\/p>\n\n\n\n<figure class=\"wp-block-image aligncenter size-large is-resized\"><img loading=\"lazy\" decoding=\"async\" src=\"http:\/\/infoecos.com.ar\/wp-content\/uploads\/2021\/08\/sanmartin1-920x690.jpg\" alt=\"\" class=\"wp-image-83479\" width=\"480\" height=\"360\" srcset=\"https:\/\/infoecos.com.ar\/wp-content\/uploads\/2021\/08\/sanmartin1-920x690.jpg 920w, https:\/\/infoecos.com.ar\/wp-content\/uploads\/2021\/08\/sanmartin1-460x345.jpg 460w, https:\/\/infoecos.com.ar\/wp-content\/uploads\/2021\/08\/sanmartin1-768x576.jpg 768w, https:\/\/infoecos.com.ar\/wp-content\/uploads\/2021\/08\/sanmartin1.jpg 1024w\" sizes=\"(max-width: 480px) 100vw, 480px\" \/><\/figure>\n\n\n\n<p>A las 15, hora del fallecimiento de nuestro pr\u00f3cer, se colocar\u00e1 una ofrenda floral en su homenaje en el monumento ubicado en la Plaza San Mart\u00edn.<\/p>\n\n\n\n<p>Posteriormente, a las 15.30, tendr\u00e1 lugar el acto oficial en instalaciones de la Escuela de Educaci\u00f3n T\u00e9cnica (EEST) n\u00ba 1 \u201cCampa\u00f1as al Desierto\u201d, ubicada en Carmen Granada n\u00ba 1153.<\/p>\n\n\n\n<p>Tambi\u00e9n la comunidad de Treinta de Agosto rendir\u00e1 homenaje al pr\u00f3cer con un acto conmemorativo que tendr\u00e1 lugar el mi\u00e9rcoles 17 a partir de las 10 en el Centro Cultural \u201cJorge Barracchia\u201d.<\/p>\n\n\n\n<p>El acto es organizado por el Ente Descentralizado, la Escuela Especial n\u00ba 503 \u201cMadre Teresa de Calcuta\u201d, el \u00e1rea de Cultura y la Escuela Municipal de Treinta de Agosto.<\/p>\n","protected":false},"excerpt":{"rendered":"<p>A las 15, hora del fallecimiento de nuestro pr\u00f3cer, se colocar\u00e1 una ofrenda floral en su homenaje en el monumento ubicado en la Plaza San Mart\u00edn<\/p>\n","protected":false},"author":2,"featured_media":83479,"comment_status":"closed","ping_status":"open","sticky":false,"template":"","format":"standard","meta":{"footnotes":""},"categories":[1326],"tags":[6517],"class_list":["post-96037","post","type-post","status-publish","format-standard","has-post-thumbnail","hentry","category-c2nota6","tag-los-actos-el-dia-que-corresponde"],"yoast_head":"<!-- This site is optimized with the Yoast SEO plugin v23.4 - https:\/\/yoast.com\/wordpress\/plugins\/seo\/ -->\n<title>El 17 de Agosto en Trenque Lauquen y 30 de Agosto: en la Escuela T\u00e9cnica y en el Centro Jorge Barracchia - Infoecos<\/title>\n<meta name=\"robots\" content=\"index, follow, max-snippet:-1, max-image-preview:large, max-video-preview:-1\" \/>\n<link rel=\"canonical\" href=\"https:\/\/infoecos.com.ar\/index.php\/el-17-de-agosto-en-trenque-lauquen-y-30-de-agosto-en-la-escuela-tecnica-y-en-el-centro-jorge-barracchia\/\" \/>\n<meta property=\"og:locale\" content=\"es_ES\" \/>\n<meta property=\"og:type\" content=\"article\" \/>\n<meta property=\"og:title\" content=\"El 17 de Agosto en Trenque Lauquen y 30 de Agosto: en la Escuela T\u00e9cnica y en el Centro Jorge Barracchia - Infoecos\" \/>\n<meta property=\"og:description\" content=\"A las 15, hora del fallecimiento de nuestro pr\u00f3cer, se colocar\u00e1 una ofrenda floral en su homenaje en el monumento ubicado en la Plaza San Mart\u00edn\" \/>\n<meta property=\"og:url\" content=\"https:\/\/infoecos.com.ar\/index.php\/el-17-de-agosto-en-trenque-lauquen-y-30-de-agosto-en-la-escuela-tecnica-y-en-el-centro-jorge-barracchia\/\" \/>\n<meta property=\"og:site_name\" content=\"Infoecos\" \/>\n<meta property=\"article:publisher\" content=\"https:\/\/www.facebook.com\/profile.php?id=100063200290284\" \/>\n<meta property=\"article:published_time\" content=\"2022-08-10T05:37:39+00:00\" \/>\n<meta property=\"article:modified_time\" content=\"2022-08-10T05:37:40+00:00\" \/>\n<meta property=\"og:image\" content=\"https:\/\/infoecos.com.ar\/wp-content\/uploads\/2021\/08\/sanmartin1.jpg\" \/>\n\t<meta property=\"og:image:width\" content=\"1024\" \/>\n\t<meta property=\"og:image:height\" content=\"768\" \/>\n\t<meta property=\"og:image:type\" content=\"image\/jpeg\" \/>\n<meta name=\"author\" content=\"Jorge Matheus\" \/>\n<meta name=\"twitter:card\" content=\"summary_large_image\" \/>\n<meta name=\"twitter:creator\" content=\"@infoecos\" \/>\n<meta name=\"twitter:site\" content=\"@infoecos\" \/>\n<meta name=\"twitter:label1\" content=\"Escrito por\" \/>\n\t<meta name=\"twitter:data1\" content=\"Jorge Matheus\" \/>\n\t<meta name=\"twitter:label2\" content=\"Tiempo de lectura\" \/>\n\t<meta name=\"twitter:data2\" content=\"1 minuto\" \/>\n<script type=\"application\/ld+json\" class=\"yoast-schema-graph\">{\"@context\":\"https:\/\/schema.org\",\"@graph\":[{\"@type\":\"Article\",\"@id\":\"https:\/\/infoecos.com.ar\/index.php\/el-17-de-agosto-en-trenque-lauquen-y-30-de-agosto-en-la-escuela-tecnica-y-en-el-centro-jorge-barracchia\/#article\",\"isPartOf\":{\"@id\":\"https:\/\/infoecos.com.ar\/index.php\/el-17-de-agosto-en-trenque-lauquen-y-30-de-agosto-en-la-escuela-tecnica-y-en-el-centro-jorge-barracchia\/\"},\"author\":{\"name\":\"Jorge Matheus\",\"@id\":\"https:\/\/infoecos.com.ar\/#\/schema\/person\/8f5ace5ce73b4b4aac4b7245aee6f191\"},\"headline\":\"El 17 de Agosto en Trenque Lauquen y 30 de Agosto: en la Escuela T\u00e9cnica y en el Centro Jorge Barracchia\",\"datePublished\":\"2022-08-10T05:37:39+00:00\",\"dateModified\":\"2022-08-10T05:37:40+00:00\",\"mainEntityOfPage\":{\"@id\":\"https:\/\/infoecos.com.ar\/index.php\/el-17-de-agosto-en-trenque-lauquen-y-30-de-agosto-en-la-escuela-tecnica-y-en-el-centro-jorge-barracchia\/\"},\"wordCount\":178,\"publisher\":{\"@id\":\"https:\/\/infoecos.com.ar\/#organization\"},\"image\":{\"@id\":\"https:\/\/infoecos.com.ar\/index.php\/el-17-de-agosto-en-trenque-lauquen-y-30-de-agosto-en-la-escuela-tecnica-y-en-el-centro-jorge-barracchia\/#primaryimage\"},\"thumbnailUrl\":\"https:\/\/infoecos.com.ar\/wp-content\/uploads\/2021\/08\/sanmartin1.jpg\",\"keywords\":[\"LOS ACTOS EL D\u00cdA QUE CORRESPONDE\"],\"articleSection\":[\"C2 N6\"],\"inLanguage\":\"es\"},{\"@type\":\"WebPage\",\"@id\":\"https:\/\/infoecos.com.ar\/index.php\/el-17-de-agosto-en-trenque-lauquen-y-30-de-agosto-en-la-escuela-tecnica-y-en-el-centro-jorge-barracchia\/\",\"url\":\"https:\/\/infoecos.com.ar\/index.php\/el-17-de-agosto-en-trenque-lauquen-y-30-de-agosto-en-la-escuela-tecnica-y-en-el-centro-jorge-barracchia\/\",\"name\":\"El 17 de Agosto en Trenque Lauquen y 30 de Agosto: en la Escuela T\u00e9cnica y en el Centro Jorge Barracchia - Infoecos\",\"isPartOf\":{\"@id\":\"https:\/\/infoecos.com.ar\/#website\"},\"primaryImageOfPage\":{\"@id\":\"https:\/\/infoecos.com.ar\/index.php\/el-17-de-agosto-en-trenque-lauquen-y-30-de-agosto-en-la-escuela-tecnica-y-en-el-centro-jorge-barracchia\/#primaryimage\"},\"image\":{\"@id\":\"https:\/\/infoecos.com.ar\/index.php\/el-17-de-agosto-en-trenque-lauquen-y-30-de-agosto-en-la-escuela-tecnica-y-en-el-centro-jorge-barracchia\/#primaryimage\"},\"thumbnailUrl\":\"https:\/\/infoecos.com.ar\/wp-content\/uploads\/2021\/08\/sanmartin1.jpg\",\"datePublished\":\"2022-08-10T05:37:39+00:00\",\"dateModified\":\"2022-08-10T05:37:40+00:00\",\"breadcrumb\":{\"@id\":\"https:\/\/infoecos.com.ar\/index.php\/el-17-de-agosto-en-trenque-lauquen-y-30-de-agosto-en-la-escuela-tecnica-y-en-el-centro-jorge-barracchia\/#breadcrumb\"},\"inLanguage\":\"es\",\"potentialAction\":[{\"@type\":\"ReadAction\",\"target\":[\"https:\/\/infoecos.com.ar\/index.php\/el-17-de-agosto-en-trenque-lauquen-y-30-de-agosto-en-la-escuela-tecnica-y-en-el-centro-jorge-barracchia\/\"]}]},{\"@type\":\"ImageObject\",\"inLanguage\":\"es\",\"@id\":\"https:\/\/infoecos.com.ar\/index.php\/el-17-de-agosto-en-trenque-lauquen-y-30-de-agosto-en-la-escuela-tecnica-y-en-el-centro-jorge-barracchia\/#primaryimage\",\"url\":\"https:\/\/infoecos.com.ar\/wp-content\/uploads\/2021\/08\/sanmartin1.jpg\",\"contentUrl\":\"https:\/\/infoecos.com.ar\/wp-content\/uploads\/2021\/08\/sanmartin1.jpg\",\"width\":1024,\"height\":768},{\"@type\":\"BreadcrumbList\",\"@id\":\"https:\/\/infoecos.com.ar\/index.php\/el-17-de-agosto-en-trenque-lauquen-y-30-de-agosto-en-la-escuela-tecnica-y-en-el-centro-jorge-barracchia\/#breadcrumb\",\"itemListElement\":[{\"@type\":\"ListItem\",\"position\":1,\"name\":\"Portada\",\"item\":\"https:\/\/infoecos.com.ar\/\"},{\"@type\":\"ListItem\",\"position\":2,\"name\":\"El 17 de Agosto en Trenque Lauquen y 30 de Agosto: en la Escuela T\u00e9cnica y en el Centro Jorge Barracchia\"}]},{\"@type\":\"WebSite\",\"@id\":\"https:\/\/infoecos.com.ar\/#website\",\"url\":\"https:\/\/infoecos.com.ar\/\",\"name\":\"Infoecos\",\"description\":\"Noticias de trenque lauquen y la zona\",\"publisher\":{\"@id\":\"https:\/\/infoecos.com.ar\/#organization\"},\"alternateName\":\"Noticias\",\"potentialAction\":[{\"@type\":\"SearchAction\",\"target\":{\"@type\":\"EntryPoint\",\"urlTemplate\":\"https:\/\/infoecos.com.ar\/?s={search_term_string}\"},\"query-input\":{\"@type\":\"PropertyValueSpecification\",\"valueRequired\":true,\"valueName\":\"search_term_string\"}}],\"inLanguage\":\"es\"},{\"@type\":\"Organization\",\"@id\":\"https:\/\/infoecos.com.ar\/#organization\",\"name\":\"Infoecos\",\"alternateName\":\"Noticias\",\"url\":\"https:\/\/infoecos.com.ar\/\",\"logo\":{\"@type\":\"ImageObject\",\"inLanguage\":\"es\",\"@id\":\"https:\/\/infoecos.com.ar\/#\/schema\/logo\/image\/\",\"url\":\"https:\/\/infoecos.com.ar\/wp-content\/uploads\/2024\/03\/cropped-logo.png\",\"contentUrl\":\"https:\/\/infoecos.com.ar\/wp-content\/uploads\/2024\/03\/cropped-logo.png\",\"width\":374,\"height\":90,\"caption\":\"Infoecos\"},\"image\":{\"@id\":\"https:\/\/infoecos.com.ar\/#\/schema\/logo\/image\/\"},\"sameAs\":[\"https:\/\/www.facebook.com\/profile.php?id=100063200290284\",\"https:\/\/x.com\/infoecos\"]},{\"@type\":\"Person\",\"@id\":\"https:\/\/infoecos.com.ar\/#\/schema\/person\/8f5ace5ce73b4b4aac4b7245aee6f191\",\"name\":\"Jorge Matheus\",\"url\":\"https:\/\/infoecos.com.ar\/index.php\/author\/jomatheus\/\"}]}<\/script>\n<!-- \/ Yoast SEO plugin. -->","yoast_head_json":{"title":"El 17 de Agosto en Trenque Lauquen y 30 de Agosto: en la Escuela T\u00e9cnica y en el Centro Jorge Barracchia - Infoecos","robots":{"index":"index","follow":"follow","max-snippet":"max-snippet:-1","max-image-preview":"max-image-preview:large","max-video-preview":"max-video-preview:-1"},"canonical":"https:\/\/infoecos.com.ar\/index.php\/el-17-de-agosto-en-trenque-lauquen-y-30-de-agosto-en-la-escuela-tecnica-y-en-el-centro-jorge-barracchia\/","og_locale":"es_ES","og_type":"article","og_title":"El 17 de Agosto en Trenque Lauquen y 30 de Agosto: en la Escuela T\u00e9cnica y en el Centro Jorge Barracchia - Infoecos","og_description":"A las 15, hora del fallecimiento de nuestro pr\u00f3cer, se colocar\u00e1 una ofrenda floral en su homenaje en el monumento ubicado en la Plaza San Mart\u00edn","og_url":"https:\/\/infoecos.com.ar\/index.php\/el-17-de-agosto-en-trenque-lauquen-y-30-de-agosto-en-la-escuela-tecnica-y-en-el-centro-jorge-barracchia\/","og_site_name":"Infoecos","article_publisher":"https:\/\/www.facebook.com\/profile.php?id=100063200290284","article_published_time":"2022-08-10T05:37:39+00:00","article_modified_time":"2022-08-10T05:37:40+00:00","og_image":[{"width":1024,"height":768,"url":"https:\/\/infoecos.com.ar\/wp-content\/uploads\/2021\/08\/sanmartin1.jpg","type":"image\/jpeg"}],"author":"Jorge Matheus","twitter_card":"summary_large_image","twitter_creator":"@infoecos","twitter_site":"@infoecos","twitter_misc":{"Escrito por":"Jorge Matheus","Tiempo de lectura":"1 minuto"},"schema":{"@context":"https:\/\/schema.org","@graph":[{"@type":"Article","@id":"https:\/\/infoecos.com.ar\/index.php\/el-17-de-agosto-en-trenque-lauquen-y-30-de-agosto-en-la-escuela-tecnica-y-en-el-centro-jorge-barracchia\/#article","isPartOf":{"@id":"https:\/\/infoecos.com.ar\/index.php\/el-17-de-agosto-en-trenque-lauquen-y-30-de-agosto-en-la-escuela-tecnica-y-en-el-centro-jorge-barracchia\/"},"author":{"name":"Jorge Matheus","@id":"https:\/\/infoecos.com.ar\/#\/schema\/person\/8f5ace5ce73b4b4aac4b7245aee6f191"},"headline":"El 17 de Agosto en Trenque Lauquen y 30 de Agosto: en la Escuela T\u00e9cnica y en el Centro Jorge Barracchia","datePublished":"2022-08-10T05:37:39+00:00","dateModified":"2022-08-10T05:37:40+00:00","mainEntityOfPage":{"@id":"https:\/\/infoecos.com.ar\/index.php\/el-17-de-agosto-en-trenque-lauquen-y-30-de-agosto-en-la-escuela-tecnica-y-en-el-centro-jorge-barracchia\/"},"wordCount":178,"publisher":{"@id":"https:\/\/infoecos.com.ar\/#organization"},"image":{"@id":"https:\/\/infoecos.com.ar\/index.php\/el-17-de-agosto-en-trenque-lauquen-y-30-de-agosto-en-la-escuela-tecnica-y-en-el-centro-jorge-barracchia\/#primaryimage"},"thumbnailUrl":"https:\/\/infoecos.com.ar\/wp-content\/uploads\/2021\/08\/sanmartin1.jpg","keywords":["LOS ACTOS EL D\u00cdA QUE CORRESPONDE"],"articleSection":["C2 N6"],"inLanguage":"es"},{"@type":"WebPage","@id":"https:\/\/infoecos.com.ar\/index.php\/el-17-de-agosto-en-trenque-lauquen-y-30-de-agosto-en-la-escuela-tecnica-y-en-el-centro-jorge-barracchia\/","url":"https:\/\/infoecos.com.ar\/index.php\/el-17-de-agosto-en-trenque-lauquen-y-30-de-agosto-en-la-escuela-tecnica-y-en-el-centro-jorge-barracchia\/","name":"El 17 de Agosto en Trenque Lauquen y 30 de Agosto: en la Escuela T\u00e9cnica y en el Centro Jorge Barracchia - Infoecos","isPartOf":{"@id":"https:\/\/infoecos.com.ar\/#website"},"primaryImageOfPage":{"@id":"https:\/\/infoecos.com.ar\/index.php\/el-17-de-agosto-en-trenque-lauquen-y-30-de-agosto-en-la-escuela-tecnica-y-en-el-centro-jorge-barracchia\/#primaryimage"},"image":{"@id":"https:\/\/infoecos.com.ar\/index.php\/el-17-de-agosto-en-trenque-lauquen-y-30-de-agosto-en-la-escuela-tecnica-y-en-el-centro-jorge-barracchia\/#primaryimage"},"thumbnailUrl":"https:\/\/infoecos.com.ar\/wp-content\/uploads\/2021\/08\/sanmartin1.jpg","datePublished":"2022-08-10T05:37:39+00:00","dateModified":"2022-08-10T05:37:40+00:00","breadcrumb":{"@id":"https:\/\/infoecos.com.ar\/index.php\/el-17-de-agosto-en-trenque-lauquen-y-30-de-agosto-en-la-escuela-tecnica-y-en-el-centro-jorge-barracchia\/#breadcrumb"},"inLanguage":"es","potentialAction":[{"@type":"ReadAction","target":["https:\/\/infoecos.com.ar\/index.php\/el-17-de-agosto-en-trenque-lauquen-y-30-de-agosto-en-la-escuela-tecnica-y-en-el-centro-jorge-barracchia\/"]}]},{"@type":"ImageObject","inLanguage":"es","@id":"https:\/\/infoecos.com.ar\/index.php\/el-17-de-agosto-en-trenque-lauquen-y-30-de-agosto-en-la-escuela-tecnica-y-en-el-centro-jorge-barracchia\/#primaryimage","url":"https:\/\/infoecos.com.ar\/wp-content\/uploads\/2021\/08\/sanmartin1.jpg","contentUrl":"https:\/\/infoecos.com.ar\/wp-content\/uploads\/2021\/08\/sanmartin1.jpg","width":1024,"height":768},{"@type":"BreadcrumbList","@id":"https:\/\/infoecos.com.ar\/index.php\/el-17-de-agosto-en-trenque-lauquen-y-30-de-agosto-en-la-escuela-tecnica-y-en-el-centro-jorge-barracchia\/#breadcrumb","itemListElement":[{"@type":"ListItem","position":1,"name":"Portada","item":"https:\/\/infoecos.com.ar\/"},{"@type":"ListItem","position":2,"name":"El 17 de Agosto en Trenque Lauquen y 30 de Agosto: en la Escuela T\u00e9cnica y en el Centro Jorge Barracchia"}]},{"@type":"WebSite","@id":"https:\/\/infoecos.com.ar\/#website","url":"https:\/\/infoecos.com.ar\/","name":"Infoecos","description":"Noticias de trenque lauquen y la zona","publisher":{"@id":"https:\/\/infoecos.com.ar\/#organization"},"alternateName":"Noticias","potentialAction":[{"@type":"SearchAction","target":{"@type":"EntryPoint","urlTemplate":"https:\/\/infoecos.com.ar\/?s={search_term_string}"},"query-input":{"@type":"PropertyValueSpecification","valueRequired":true,"valueName":"search_term_string"}}],"inLanguage":"es"},{"@type":"Organization","@id":"https:\/\/infoecos.com.ar\/#organization","name":"Infoecos","alternateName":"Noticias","url":"https:\/\/infoecos.com.ar\/","logo":{"@type":"ImageObject","inLanguage":"es","@id":"https:\/\/infoecos.com.ar\/#\/schema\/logo\/image\/","url":"https:\/\/infoecos.com.ar\/wp-content\/uploads\/2024\/03\/cropped-logo.png","contentUrl":"https:\/\/infoecos.com.ar\/wp-content\/uploads\/2024\/03\/cropped-logo.png","width":374,"height":90,"caption":"Infoecos"},"image":{"@id":"https:\/\/infoecos.com.ar\/#\/schema\/logo\/image\/"},"sameAs":["https:\/\/www.facebook.com\/profile.php?id=100063200290284","https:\/\/x.com\/infoecos"]},{"@type":"Person","@id":"https:\/\/infoecos.com.ar\/#\/schema\/person\/8f5ace5ce73b4b4aac4b7245aee6f191","name":"Jorge Matheus","url":"https:\/\/infoecos.com.ar\/index.php\/author\/jomatheus\/"}]}},"featured_image_urls":{"full":["https:\/\/infoecos.com.ar\/wp-content\/uploads\/2021\/08\/sanmartin1.jpg",1024,768,false],"thumbnail":["https:\/\/infoecos.com.ar\/wp-content\/uploads\/2021\/08\/sanmartin1-150x150.jpg",150,150,true],"medium":["https:\/\/infoecos.com.ar\/wp-content\/uploads\/2021\/08\/sanmartin1-460x345.jpg",460,345,true],"medium_large":["https:\/\/infoecos.com.ar\/wp-content\/uploads\/2021\/08\/sanmartin1-768x576.jpg",640,480,true],"large":["https:\/\/infoecos.com.ar\/wp-content\/uploads\/2021\/08\/sanmartin1-920x690.jpg",640,480,true],"1536x1536":["https:\/\/infoecos.com.ar\/wp-content\/uploads\/2021\/08\/sanmartin1.jpg",1024,768,false],"2048x2048":["https:\/\/infoecos.com.ar\/wp-content\/uploads\/2021\/08\/sanmartin1.jpg",1024,768,false],"covernews-slider-full":["https:\/\/infoecos.com.ar\/wp-content\/uploads\/2021\/08\/sanmartin1.jpg",953,715,false],"covernews-slider-center":["https:\/\/infoecos.com.ar\/wp-content\/uploads\/2021\/08\/sanmartin1-936x768.jpg",609,500,true],"covernews-featured":["https:\/\/infoecos.com.ar\/wp-content\/uploads\/2021\/08\/sanmartin1.jpg",1024,768,false],"covernews-medium":["https:\/\/infoecos.com.ar\/wp-content\/uploads\/2021\/08\/sanmartin1-720x380.jpg",540,285,true],"covernews-medium-square":["https:\/\/infoecos.com.ar\/wp-content\/uploads\/2021\/08\/sanmartin1-675x450.jpg",375,250,true]},"author_info":{"info":["Jorge Matheus"]},"category_info":"<a href=\"https:\/\/infoecos.com.ar\/index.php\/category\/c2nota6\/\" rel=\"category tag\">C2 N6<\/a>","tag_info":"C2 N6","comment_count":"0","_links":{"self":[{"href":"https:\/\/infoecos.com.ar\/index.php\/wp-json\/wp\/v2\/posts\/96037"}],"collection":[{"href":"https:\/\/infoecos.com.ar\/index.php\/wp-json\/wp\/v2\/posts"}],"about":[{"href":"https:\/\/infoecos.com.ar\/index.php\/wp-json\/wp\/v2\/types\/post"}],"author":[{"embeddable":true,"href":"https:\/\/infoecos.com.ar\/index.php\/wp-json\/wp\/v2\/users\/2"}],"replies":[{"embeddable":true,"href":"https:\/\/infoecos.com.ar\/index.php\/wp-json\/wp\/v2\/comments?post=96037"}],"version-history":[{"count":1,"href":"https:\/\/infoecos.com.ar\/index.php\/wp-json\/wp\/v2\/posts\/96037\/revisions"}],"predecessor-version":[{"id":96038,"href":"https:\/\/infoecos.com.ar\/index.php\/wp-json\/wp\/v2\/posts\/96037\/revisions\/96038"}],"wp:featuredmedia":[{"embeddable":true,"href":"https:\/\/infoecos.com.ar\/index.php\/wp-json\/wp\/v2\/media\/83479"}],"wp:attachment":[{"href":"https:\/\/infoecos.com.ar\/index.php\/wp-json\/wp\/v2\/media?parent=96037"}],"wp:term":[{"taxonomy":"category","embeddable":true,"href":"https:\/\/infoecos.com.ar\/index.php\/wp-json\/wp\/v2\/categories?post=96037"},{"taxonomy":"post_tag","embeddable":true,"href":"https:\/\/infoecos.com.ar\/index.php\/wp-json\/wp\/v2\/tags?post=96037"}],"curies":[{"name":"wp","href":"https:\/\/api.w.org\/{rel}","templated":true}]}}