{"id":96043,"date":"2022-08-10T14:55:00","date_gmt":"2022-08-10T17:55:00","guid":{"rendered":"http:\/\/infoecos.com.ar\/?p=96043"},"modified":"2022-08-11T04:52:05","modified_gmt":"2022-08-11T07:52:05","slug":"el-presidente-fernandez-con-gobernadores-y-massa-en-salliquelo-nunca-mas-las-tarifas-dolarizadas","status":"publish","type":"post","link":"https:\/\/infoecos.com.ar\/index.php\/el-presidente-fernandez-con-gobernadores-y-massa-en-salliquelo-nunca-mas-las-tarifas-dolarizadas\/","title":{"rendered":"Fern\u00e1ndez, con Gobernadores y Massa en Salliquel\u00f3: \u00abnunca m\u00e1s las tarifas dolarizadas\u00bb"},"content":{"rendered":"\n<p>El Presidente encabez\u00f3 la ceremonia en la que se firmaron los contratos para la construcci\u00f3n del gasoducto Presidente N\u00e9stor Kirchner con la que se da por finalizado el proceso licitatorio y se pondr\u00e1n en marcha los trabajos de la primera etapa.<\/p>\n\n\n\n<figure class=\"wp-block-image alignright size-full is-resized\"><img loading=\"lazy\" decoding=\"async\" src=\"http:\/\/infoecos.com.ar\/wp-content\/uploads\/2022\/08\/62f3e31ec9d46_900.jpg\" alt=\"\" class=\"wp-image-96044\" width=\"448\" height=\"252\" srcset=\"https:\/\/infoecos.com.ar\/wp-content\/uploads\/2022\/08\/62f3e31ec9d46_900.jpg 900w, https:\/\/infoecos.com.ar\/wp-content\/uploads\/2022\/08\/62f3e31ec9d46_900-460x259.jpg 460w, https:\/\/infoecos.com.ar\/wp-content\/uploads\/2022\/08\/62f3e31ec9d46_900-768x432.jpg 768w\" sizes=\"(max-width: 448px) 100vw, 448px\" \/><\/figure>\n\n\n\n<p>\u00abTenemos una gran oportunidad como pa\u00eds;&nbsp;<strong>podemos convertirnos en proveedores de gas en todo el mundo<\/strong>\u00ab, dijo el Presidente en el acto, acompa\u00f1ado por Sergio Massa, Axel Kicillof, Sergio Ziliotto, Omar Guti\u00e9rrez, Alejandro Palmieri y los funcionarios del \u00e1rea de Energ\u00eda.<\/p>\n\n\n\n<p>Fern\u00e1ndez remarc\u00f3 que el gasoducto es \u00abuna obra fundamental\u00bb, destac\u00f3 que actualmente se registra un \u00abr\u00e9cord de producci\u00f3n de gas en la historia argentina\u00bb y dijo que el pa\u00eds \u00abtiene el insumo central que ha sido declarado por la Uni\u00f3n Europea como energ\u00eda de transici\u00f3n hacia las energ\u00edas renovables\u00bb.<\/p>\n\n\n\n<p>En tanto, el mandatario dijo que<strong>&nbsp;\u00abnunca m\u00e1s\u00bb las tarifas en la Argentina deben estar \u00abdolarizadas\u00bb<\/strong>.<\/p>\n\n\n\n<p>\u00abNo queremos que las tarifas en la Argentina est\u00e9n dolarizadas. Nunca m\u00e1s las tarifas dolarizadas. Tenemos nuestro gas que podemos distribuir y que los argentinos nos paguen en pesos, a precios razonables\u00bb, sostuvo el mandatario durante el acto, en el que destac\u00f3 que la obra del gasoducto \u00able hace falta a la Argentina; no al Gobierno de Alberto Fern\u00e1ndez\u00bb.<\/p>\n\n\n\n<p>Estuvieron junto al mandatario los gobernadores de Buenos Aires, Axel Kicillof; de La Pampa, Sergio Zilliotto, y de Neuqu\u00e9n, Omar Guti\u00e9rrez; el vicegobernador de R\u00edo Negro, Alejandro Palmieri; y los ministros de Econom\u00eda, Sergio Massa, y de Interior, Eduardo \u00abWado\u00bb de Pedro.<\/p>\n\n\n\n<p>Tambi\u00e9n&nbsp;<strong>participaron de la ceremonia la flamante secretaria de Energ\u00eda, Flavia Roy\u00f3n, y el titular de Energ\u00eda Argentina, Agust\u00edn Gerez.<\/strong><\/p>\n\n\n\n<figure class=\"wp-block-image alignright size-full is-resized\"><img loading=\"lazy\" decoding=\"async\" src=\"http:\/\/infoecos.com.ar\/wp-content\/uploads\/2022\/08\/62f3d95bcb7b7_900.jpg\" alt=\"\" class=\"wp-image-96045\" width=\"457\" height=\"257\" srcset=\"https:\/\/infoecos.com.ar\/wp-content\/uploads\/2022\/08\/62f3d95bcb7b7_900.jpg 900w, https:\/\/infoecos.com.ar\/wp-content\/uploads\/2022\/08\/62f3d95bcb7b7_900-460x259.jpg 460w, https:\/\/infoecos.com.ar\/wp-content\/uploads\/2022\/08\/62f3d95bcb7b7_900-768x432.jpg 768w\" sizes=\"(max-width: 457px) 100vw, 457px\" \/><\/figure>\n\n\n\n<h2 class=\"wp-block-heading\">\u00abTenemos que transformar nuestros recursos en riqueza y desarrollo\u00bb<\/h2>\n\n\n\n<p>El ministro de Econom\u00eda destac\u00f3 la importancia de la construcci\u00f3n del Gasoducto Presidente N\u00e9stor Kirchner, y se\u00f1al\u00f3 que ser\u00e1 fundamental para \u00abtransformar los recursos en riqueza y desarrollo\u00bb.<\/p>\n\n\n\n<p>Massa sostuvo que si el gasoducto hubiese estado en funcionamiento, la Argentina se habr\u00eda ahorrado \u00abprobablemente la gran mayor\u00eda\u00bb de los US$ 4.100 millones que representaron en el curso de este a\u00f1o las importaciones de energ\u00eda.<\/p>\n\n\n\n<p>Asimismo, adelant\u00f3 que&nbsp;<strong>para el a\u00f1o pr\u00f3ximo la puesta en funcionamiento de la primera parte de la obra representar\u00e1 un ahorro de por los menos US$ 1.300 millones.<\/strong><\/p>\n\n\n\n<p>\u00abHoy estamos firmando el contrato del primer tramo, esperemos que en no m\u00e1s de 30 d\u00edas estemos licitando la ingenier\u00eda del segundo\u00bb, dijo.<\/p>\n\n\n\n<p>El jefe del Palacio de Hacienda enfatiz\u00f3 que los argentinos&nbsp;<strong>\u00abtenemos que transformar nuestros recursos en riqueza y desarrollo\u00bb<\/strong>, adem\u00e1s de remarcar que \u00abla energ\u00eda es uno de los cuatro grandes jugadores de la econom\u00eda mundial con la agroindustria, el conocimiento y los minerales\u00bb.<\/p>\n\n\n\n<p>\u00abNuestro d\u00eda a d\u00eda nos impide ver qu\u00e9 est\u00e1 pasando en el mundo\u00bb, advirti\u00f3 al hablar en la localidad bonaerense de Salliquel\u00f3, en el acto de firma del contrato para la construcci\u00f3n del gasoducto, en referencia a los cortes en el suministro de gas y electricidad en varios pa\u00edses de Europa, en \u00abun escenario que tiene precios para los pa\u00edses\u00bb.<\/p>\n\n\n\n<p>Al respecto, manifest\u00f3 que \u00abla guerra le est\u00e1 costando a todos los pa\u00edses del mundo en t\u00e9rminos econ\u00f3micos y en t\u00e9rminos energ\u00e9ticos\u00bb, y en ese sentido se pregunt\u00f3 \u00abc\u00f3mo nos hubiese ido si este gasoducto ya estuviese hecho, si esos 11 millones de metros c\u00fabicos por d\u00eda de m\u00ednima hubiesen estado hoy al servicio de los argentinos\u00bb.<\/p>\n\n\n\n<p>\u00abEn estas horas en que se discute la situaci\u00f3n de las reservas del Banco Central, quiero contarles cu\u00e1l ha sido el impacto en esas reservas la importaci\u00f3n de energ\u00eda\u00bb, continu\u00f3, para pasar a referirse a las prioridades fijadas por el presidente Alberto Fern\u00e1ndez.<\/p>\n\n\n\n<p>Massa indic\u00f3 que<strong>&nbsp;\u00abentre dejar salir un poco m\u00e1s de reservas o cortar el gas y la luz\u00bb, el Gobierno tuvo \u00abla decisi\u00f3n de soltar un poquito de reservas, pero garantizar a los argentinos que pudieran tener calefacci\u00f3n, la computadora o las m\u00e1quinas de las empresas funcionando\u00bb<\/strong>.<\/p>\n\n\n\n<p>\u00abEra importante que ese crecimiento de la econom\u00eda y esa generaci\u00f3n de empleo no se detuvieran\u00bb, explic\u00f3.<\/p>\n\n\n\n<p>En otro orden, el ministro record\u00f3 que la construcci\u00f3n del gasoducto \u00absi financia en parte con el Aporte Solidario Extraordinario de 2020\u00bb, y que el Estado \u00abgarantiza los fondos para sostener la obra\u00bb.<\/p>\n","protected":false},"excerpt":{"rendered":"<p>\u00abTenemos una gran oportunidad como pa\u00eds;\u00a0podemos convertirnos en proveedores de gas en todo el mundo\u00bb, dijo el Presidente en el acto, acompa\u00f1ado por Sergio Massa, Axel Kicillof, Sergio Ziliotto, Omar Guti\u00e9rrez, Alejandro Palmieri y los funcionarios del \u00e1rea de Energ\u00eda<\/p>\n","protected":false},"author":2,"featured_media":96045,"comment_status":"closed","ping_status":"open","sticky":false,"template":"","format":"standard","meta":{"footnotes":""},"categories":[1613],"tags":[6453],"class_list":["post-96043","post","type-post","status-publish","format-standard","has-post-thumbnail","hentry","category-noticia-secundaria","tag-gasoducto-nestor-kirchner"],"yoast_head":"<!-- This site is optimized with the Yoast SEO plugin v23.4 - https:\/\/yoast.com\/wordpress\/plugins\/seo\/ -->\n<title>Fern\u00e1ndez, con Gobernadores y Massa en Salliquel\u00f3: &quot;nunca m\u00e1s las tarifas dolarizadas&quot; - Infoecos<\/title>\n<meta name=\"robots\" content=\"index, follow, max-snippet:-1, max-image-preview:large, max-video-preview:-1\" \/>\n<link rel=\"canonical\" href=\"https:\/\/infoecos.com.ar\/index.php\/el-presidente-fernandez-con-gobernadores-y-massa-en-salliquelo-nunca-mas-las-tarifas-dolarizadas\/\" \/>\n<meta property=\"og:locale\" content=\"es_ES\" \/>\n<meta property=\"og:type\" content=\"article\" \/>\n<meta property=\"og:title\" content=\"Fern\u00e1ndez, con Gobernadores y Massa en Salliquel\u00f3: &quot;nunca m\u00e1s las tarifas dolarizadas&quot; - Infoecos\" \/>\n<meta property=\"og:description\" content=\"&quot;Tenemos una gran oportunidad como pa\u00eds;\u00a0podemos convertirnos en proveedores de gas en todo el mundo&quot;, dijo el Presidente en el acto, acompa\u00f1ado por Sergio Massa, Axel Kicillof, Sergio Ziliotto, Omar Guti\u00e9rrez, Alejandro Palmieri y los funcionarios del \u00e1rea de Energ\u00eda\" \/>\n<meta property=\"og:url\" content=\"https:\/\/infoecos.com.ar\/index.php\/el-presidente-fernandez-con-gobernadores-y-massa-en-salliquelo-nunca-mas-las-tarifas-dolarizadas\/\" \/>\n<meta property=\"og:site_name\" content=\"Infoecos\" \/>\n<meta property=\"article:publisher\" content=\"https:\/\/www.facebook.com\/profile.php?id=100063200290284\" \/>\n<meta property=\"article:published_time\" content=\"2022-08-10T17:55:00+00:00\" \/>\n<meta property=\"article:modified_time\" content=\"2022-08-11T07:52:05+00:00\" \/>\n<meta property=\"og:image\" content=\"https:\/\/infoecos.com.ar\/wp-content\/uploads\/2022\/08\/62f3d95bcb7b7_900.jpg\" \/>\n\t<meta property=\"og:image:width\" content=\"900\" \/>\n\t<meta property=\"og:image:height\" content=\"506\" \/>\n\t<meta property=\"og:image:type\" content=\"image\/jpeg\" \/>\n<meta name=\"author\" content=\"Jorge Matheus\" \/>\n<meta name=\"twitter:card\" content=\"summary_large_image\" \/>\n<meta name=\"twitter:creator\" content=\"@infoecos\" \/>\n<meta name=\"twitter:site\" content=\"@infoecos\" \/>\n<meta name=\"twitter:label1\" content=\"Escrito por\" \/>\n\t<meta name=\"twitter:data1\" content=\"Jorge Matheus\" \/>\n\t<meta name=\"twitter:label2\" content=\"Tiempo de lectura\" \/>\n\t<meta name=\"twitter:data2\" content=\"4 minutos\" \/>\n<script type=\"application\/ld+json\" class=\"yoast-schema-graph\">{\"@context\":\"https:\/\/schema.org\",\"@graph\":[{\"@type\":\"Article\",\"@id\":\"https:\/\/infoecos.com.ar\/index.php\/el-presidente-fernandez-con-gobernadores-y-massa-en-salliquelo-nunca-mas-las-tarifas-dolarizadas\/#article\",\"isPartOf\":{\"@id\":\"https:\/\/infoecos.com.ar\/index.php\/el-presidente-fernandez-con-gobernadores-y-massa-en-salliquelo-nunca-mas-las-tarifas-dolarizadas\/\"},\"author\":{\"name\":\"Jorge Matheus\",\"@id\":\"https:\/\/infoecos.com.ar\/#\/schema\/person\/8f5ace5ce73b4b4aac4b7245aee6f191\"},\"headline\":\"Fern\u00e1ndez, con Gobernadores y Massa en Salliquel\u00f3: \u00abnunca m\u00e1s las tarifas dolarizadas\u00bb\",\"datePublished\":\"2022-08-10T17:55:00+00:00\",\"dateModified\":\"2022-08-11T07:52:05+00:00\",\"mainEntityOfPage\":{\"@id\":\"https:\/\/infoecos.com.ar\/index.php\/el-presidente-fernandez-con-gobernadores-y-massa-en-salliquelo-nunca-mas-las-tarifas-dolarizadas\/\"},\"wordCount\":778,\"publisher\":{\"@id\":\"https:\/\/infoecos.com.ar\/#organization\"},\"image\":{\"@id\":\"https:\/\/infoecos.com.ar\/index.php\/el-presidente-fernandez-con-gobernadores-y-massa-en-salliquelo-nunca-mas-las-tarifas-dolarizadas\/#primaryimage\"},\"thumbnailUrl\":\"https:\/\/infoecos.com.ar\/wp-content\/uploads\/2022\/08\/62f3d95bcb7b7_900.jpg\",\"keywords\":[\"GASODUCTO N\u00c9STOR KIRCHNER\"],\"articleSection\":[\"Noticia Secundaria\"],\"inLanguage\":\"es\"},{\"@type\":\"WebPage\",\"@id\":\"https:\/\/infoecos.com.ar\/index.php\/el-presidente-fernandez-con-gobernadores-y-massa-en-salliquelo-nunca-mas-las-tarifas-dolarizadas\/\",\"url\":\"https:\/\/infoecos.com.ar\/index.php\/el-presidente-fernandez-con-gobernadores-y-massa-en-salliquelo-nunca-mas-las-tarifas-dolarizadas\/\",\"name\":\"Fern\u00e1ndez, con Gobernadores y Massa en Salliquel\u00f3: \\\"nunca m\u00e1s las tarifas dolarizadas\\\" - Infoecos\",\"isPartOf\":{\"@id\":\"https:\/\/infoecos.com.ar\/#website\"},\"primaryImageOfPage\":{\"@id\":\"https:\/\/infoecos.com.ar\/index.php\/el-presidente-fernandez-con-gobernadores-y-massa-en-salliquelo-nunca-mas-las-tarifas-dolarizadas\/#primaryimage\"},\"image\":{\"@id\":\"https:\/\/infoecos.com.ar\/index.php\/el-presidente-fernandez-con-gobernadores-y-massa-en-salliquelo-nunca-mas-las-tarifas-dolarizadas\/#primaryimage\"},\"thumbnailUrl\":\"https:\/\/infoecos.com.ar\/wp-content\/uploads\/2022\/08\/62f3d95bcb7b7_900.jpg\",\"datePublished\":\"2022-08-10T17:55:00+00:00\",\"dateModified\":\"2022-08-11T07:52:05+00:00\",\"breadcrumb\":{\"@id\":\"https:\/\/infoecos.com.ar\/index.php\/el-presidente-fernandez-con-gobernadores-y-massa-en-salliquelo-nunca-mas-las-tarifas-dolarizadas\/#breadcrumb\"},\"inLanguage\":\"es\",\"potentialAction\":[{\"@type\":\"ReadAction\",\"target\":[\"https:\/\/infoecos.com.ar\/index.php\/el-presidente-fernandez-con-gobernadores-y-massa-en-salliquelo-nunca-mas-las-tarifas-dolarizadas\/\"]}]},{\"@type\":\"ImageObject\",\"inLanguage\":\"es\",\"@id\":\"https:\/\/infoecos.com.ar\/index.php\/el-presidente-fernandez-con-gobernadores-y-massa-en-salliquelo-nunca-mas-las-tarifas-dolarizadas\/#primaryimage\",\"url\":\"https:\/\/infoecos.com.ar\/wp-content\/uploads\/2022\/08\/62f3d95bcb7b7_900.jpg\",\"contentUrl\":\"https:\/\/infoecos.com.ar\/wp-content\/uploads\/2022\/08\/62f3d95bcb7b7_900.jpg\",\"width\":900,\"height\":506},{\"@type\":\"BreadcrumbList\",\"@id\":\"https:\/\/infoecos.com.ar\/index.php\/el-presidente-fernandez-con-gobernadores-y-massa-en-salliquelo-nunca-mas-las-tarifas-dolarizadas\/#breadcrumb\",\"itemListElement\":[{\"@type\":\"ListItem\",\"position\":1,\"name\":\"Portada\",\"item\":\"https:\/\/infoecos.com.ar\/\"},{\"@type\":\"ListItem\",\"position\":2,\"name\":\"Fern\u00e1ndez, con Gobernadores y Massa en Salliquel\u00f3: \u00abnunca m\u00e1s las tarifas dolarizadas\u00bb\"}]},{\"@type\":\"WebSite\",\"@id\":\"https:\/\/infoecos.com.ar\/#website\",\"url\":\"https:\/\/infoecos.com.ar\/\",\"name\":\"Infoecos\",\"description\":\"Noticias de trenque lauquen y la zona\",\"publisher\":{\"@id\":\"https:\/\/infoecos.com.ar\/#organization\"},\"alternateName\":\"Noticias\",\"potentialAction\":[{\"@type\":\"SearchAction\",\"target\":{\"@type\":\"EntryPoint\",\"urlTemplate\":\"https:\/\/infoecos.com.ar\/?s={search_term_string}\"},\"query-input\":{\"@type\":\"PropertyValueSpecification\",\"valueRequired\":true,\"valueName\":\"search_term_string\"}}],\"inLanguage\":\"es\"},{\"@type\":\"Organization\",\"@id\":\"https:\/\/infoecos.com.ar\/#organization\",\"name\":\"Infoecos\",\"alternateName\":\"Noticias\",\"url\":\"https:\/\/infoecos.com.ar\/\",\"logo\":{\"@type\":\"ImageObject\",\"inLanguage\":\"es\",\"@id\":\"https:\/\/infoecos.com.ar\/#\/schema\/logo\/image\/\",\"url\":\"https:\/\/infoecos.com.ar\/wp-content\/uploads\/2024\/03\/cropped-logo.png\",\"contentUrl\":\"https:\/\/infoecos.com.ar\/wp-content\/uploads\/2024\/03\/cropped-logo.png\",\"width\":374,\"height\":90,\"caption\":\"Infoecos\"},\"image\":{\"@id\":\"https:\/\/infoecos.com.ar\/#\/schema\/logo\/image\/\"},\"sameAs\":[\"https:\/\/www.facebook.com\/profile.php?id=100063200290284\",\"https:\/\/x.com\/infoecos\"]},{\"@type\":\"Person\",\"@id\":\"https:\/\/infoecos.com.ar\/#\/schema\/person\/8f5ace5ce73b4b4aac4b7245aee6f191\",\"name\":\"Jorge Matheus\",\"url\":\"https:\/\/infoecos.com.ar\/index.php\/author\/jomatheus\/\"}]}<\/script>\n<!-- \/ Yoast SEO plugin. -->","yoast_head_json":{"title":"Fern\u00e1ndez, con Gobernadores y Massa en Salliquel\u00f3: \"nunca m\u00e1s las tarifas dolarizadas\" - Infoecos","robots":{"index":"index","follow":"follow","max-snippet":"max-snippet:-1","max-image-preview":"max-image-preview:large","max-video-preview":"max-video-preview:-1"},"canonical":"https:\/\/infoecos.com.ar\/index.php\/el-presidente-fernandez-con-gobernadores-y-massa-en-salliquelo-nunca-mas-las-tarifas-dolarizadas\/","og_locale":"es_ES","og_type":"article","og_title":"Fern\u00e1ndez, con Gobernadores y Massa en Salliquel\u00f3: \"nunca m\u00e1s las tarifas dolarizadas\" - Infoecos","og_description":"\"Tenemos una gran oportunidad como pa\u00eds;\u00a0podemos convertirnos en proveedores de gas en todo el mundo\", dijo el Presidente en el acto, acompa\u00f1ado por Sergio Massa, Axel Kicillof, Sergio Ziliotto, Omar Guti\u00e9rrez, Alejandro Palmieri y los funcionarios del \u00e1rea de Energ\u00eda","og_url":"https:\/\/infoecos.com.ar\/index.php\/el-presidente-fernandez-con-gobernadores-y-massa-en-salliquelo-nunca-mas-las-tarifas-dolarizadas\/","og_site_name":"Infoecos","article_publisher":"https:\/\/www.facebook.com\/profile.php?id=100063200290284","article_published_time":"2022-08-10T17:55:00+00:00","article_modified_time":"2022-08-11T07:52:05+00:00","og_image":[{"width":900,"height":506,"url":"https:\/\/infoecos.com.ar\/wp-content\/uploads\/2022\/08\/62f3d95bcb7b7_900.jpg","type":"image\/jpeg"}],"author":"Jorge Matheus","twitter_card":"summary_large_image","twitter_creator":"@infoecos","twitter_site":"@infoecos","twitter_misc":{"Escrito por":"Jorge Matheus","Tiempo de lectura":"4 minutos"},"schema":{"@context":"https:\/\/schema.org","@graph":[{"@type":"Article","@id":"https:\/\/infoecos.com.ar\/index.php\/el-presidente-fernandez-con-gobernadores-y-massa-en-salliquelo-nunca-mas-las-tarifas-dolarizadas\/#article","isPartOf":{"@id":"https:\/\/infoecos.com.ar\/index.php\/el-presidente-fernandez-con-gobernadores-y-massa-en-salliquelo-nunca-mas-las-tarifas-dolarizadas\/"},"author":{"name":"Jorge Matheus","@id":"https:\/\/infoecos.com.ar\/#\/schema\/person\/8f5ace5ce73b4b4aac4b7245aee6f191"},"headline":"Fern\u00e1ndez, con Gobernadores y Massa en Salliquel\u00f3: \u00abnunca m\u00e1s las tarifas dolarizadas\u00bb","datePublished":"2022-08-10T17:55:00+00:00","dateModified":"2022-08-11T07:52:05+00:00","mainEntityOfPage":{"@id":"https:\/\/infoecos.com.ar\/index.php\/el-presidente-fernandez-con-gobernadores-y-massa-en-salliquelo-nunca-mas-las-tarifas-dolarizadas\/"},"wordCount":778,"publisher":{"@id":"https:\/\/infoecos.com.ar\/#organization"},"image":{"@id":"https:\/\/infoecos.com.ar\/index.php\/el-presidente-fernandez-con-gobernadores-y-massa-en-salliquelo-nunca-mas-las-tarifas-dolarizadas\/#primaryimage"},"thumbnailUrl":"https:\/\/infoecos.com.ar\/wp-content\/uploads\/2022\/08\/62f3d95bcb7b7_900.jpg","keywords":["GASODUCTO N\u00c9STOR KIRCHNER"],"articleSection":["Noticia Secundaria"],"inLanguage":"es"},{"@type":"WebPage","@id":"https:\/\/infoecos.com.ar\/index.php\/el-presidente-fernandez-con-gobernadores-y-massa-en-salliquelo-nunca-mas-las-tarifas-dolarizadas\/","url":"https:\/\/infoecos.com.ar\/index.php\/el-presidente-fernandez-con-gobernadores-y-massa-en-salliquelo-nunca-mas-las-tarifas-dolarizadas\/","name":"Fern\u00e1ndez, con Gobernadores y Massa en Salliquel\u00f3: \"nunca m\u00e1s las tarifas dolarizadas\" - Infoecos","isPartOf":{"@id":"https:\/\/infoecos.com.ar\/#website"},"primaryImageOfPage":{"@id":"https:\/\/infoecos.com.ar\/index.php\/el-presidente-fernandez-con-gobernadores-y-massa-en-salliquelo-nunca-mas-las-tarifas-dolarizadas\/#primaryimage"},"image":{"@id":"https:\/\/infoecos.com.ar\/index.php\/el-presidente-fernandez-con-gobernadores-y-massa-en-salliquelo-nunca-mas-las-tarifas-dolarizadas\/#primaryimage"},"thumbnailUrl":"https:\/\/infoecos.com.ar\/wp-content\/uploads\/2022\/08\/62f3d95bcb7b7_900.jpg","datePublished":"2022-08-10T17:55:00+00:00","dateModified":"2022-08-11T07:52:05+00:00","breadcrumb":{"@id":"https:\/\/infoecos.com.ar\/index.php\/el-presidente-fernandez-con-gobernadores-y-massa-en-salliquelo-nunca-mas-las-tarifas-dolarizadas\/#breadcrumb"},"inLanguage":"es","potentialAction":[{"@type":"ReadAction","target":["https:\/\/infoecos.com.ar\/index.php\/el-presidente-fernandez-con-gobernadores-y-massa-en-salliquelo-nunca-mas-las-tarifas-dolarizadas\/"]}]},{"@type":"ImageObject","inLanguage":"es","@id":"https:\/\/infoecos.com.ar\/index.php\/el-presidente-fernandez-con-gobernadores-y-massa-en-salliquelo-nunca-mas-las-tarifas-dolarizadas\/#primaryimage","url":"https:\/\/infoecos.com.ar\/wp-content\/uploads\/2022\/08\/62f3d95bcb7b7_900.jpg","contentUrl":"https:\/\/infoecos.com.ar\/wp-content\/uploads\/2022\/08\/62f3d95bcb7b7_900.jpg","width":900,"height":506},{"@type":"BreadcrumbList","@id":"https:\/\/infoecos.com.ar\/index.php\/el-presidente-fernandez-con-gobernadores-y-massa-en-salliquelo-nunca-mas-las-tarifas-dolarizadas\/#breadcrumb","itemListElement":[{"@type":"ListItem","position":1,"name":"Portada","item":"https:\/\/infoecos.com.ar\/"},{"@type":"ListItem","position":2,"name":"Fern\u00e1ndez, con Gobernadores y Massa en Salliquel\u00f3: \u00abnunca m\u00e1s las tarifas dolarizadas\u00bb"}]},{"@type":"WebSite","@id":"https:\/\/infoecos.com.ar\/#website","url":"https:\/\/infoecos.com.ar\/","name":"Infoecos","description":"Noticias de trenque lauquen y la zona","publisher":{"@id":"https:\/\/infoecos.com.ar\/#organization"},"alternateName":"Noticias","potentialAction":[{"@type":"SearchAction","target":{"@type":"EntryPoint","urlTemplate":"https:\/\/infoecos.com.ar\/?s={search_term_string}"},"query-input":{"@type":"PropertyValueSpecification","valueRequired":true,"valueName":"search_term_string"}}],"inLanguage":"es"},{"@type":"Organization","@id":"https:\/\/infoecos.com.ar\/#organization","name":"Infoecos","alternateName":"Noticias","url":"https:\/\/infoecos.com.ar\/","logo":{"@type":"ImageObject","inLanguage":"es","@id":"https:\/\/infoecos.com.ar\/#\/schema\/logo\/image\/","url":"https:\/\/infoecos.com.ar\/wp-content\/uploads\/2024\/03\/cropped-logo.png","contentUrl":"https:\/\/infoecos.com.ar\/wp-content\/uploads\/2024\/03\/cropped-logo.png","width":374,"height":90,"caption":"Infoecos"},"image":{"@id":"https:\/\/infoecos.com.ar\/#\/schema\/logo\/image\/"},"sameAs":["https:\/\/www.facebook.com\/profile.php?id=100063200290284","https:\/\/x.com\/infoecos"]},{"@type":"Person","@id":"https:\/\/infoecos.com.ar\/#\/schema\/person\/8f5ace5ce73b4b4aac4b7245aee6f191","name":"Jorge Matheus","url":"https:\/\/infoecos.com.ar\/index.php\/author\/jomatheus\/"}]}},"featured_image_urls":{"full":["https:\/\/infoecos.com.ar\/wp-content\/uploads\/2022\/08\/62f3d95bcb7b7_900.jpg",900,506,false],"thumbnail":["https:\/\/infoecos.com.ar\/wp-content\/uploads\/2022\/08\/62f3d95bcb7b7_900-150x150.jpg",150,150,true],"medium":["https:\/\/infoecos.com.ar\/wp-content\/uploads\/2022\/08\/62f3d95bcb7b7_900-460x259.jpg",460,259,true],"medium_large":["https:\/\/infoecos.com.ar\/wp-content\/uploads\/2022\/08\/62f3d95bcb7b7_900-768x432.jpg",640,360,true],"large":["https:\/\/infoecos.com.ar\/wp-content\/uploads\/2022\/08\/62f3d95bcb7b7_900.jpg",640,360,false],"1536x1536":["https:\/\/infoecos.com.ar\/wp-content\/uploads\/2022\/08\/62f3d95bcb7b7_900.jpg",900,506,false],"2048x2048":["https:\/\/infoecos.com.ar\/wp-content\/uploads\/2022\/08\/62f3d95bcb7b7_900.jpg",900,506,false],"covernews-slider-full":["https:\/\/infoecos.com.ar\/wp-content\/uploads\/2022\/08\/62f3d95bcb7b7_900.jpg",900,506,false],"covernews-slider-center":["https:\/\/infoecos.com.ar\/wp-content\/uploads\/2022\/08\/62f3d95bcb7b7_900.jpg",800,450,false],"covernews-featured":["https:\/\/infoecos.com.ar\/wp-content\/uploads\/2022\/08\/62f3d95bcb7b7_900.jpg",900,506,false],"covernews-medium":["https:\/\/infoecos.com.ar\/wp-content\/uploads\/2022\/08\/62f3d95bcb7b7_900-720x380.jpg",540,285,true],"covernews-medium-square":["https:\/\/infoecos.com.ar\/wp-content\/uploads\/2022\/08\/62f3d95bcb7b7_900-675x450.jpg",375,250,true]},"author_info":{"info":["Jorge Matheus"]},"category_info":"<a href=\"https:\/\/infoecos.com.ar\/index.php\/category\/noticia-secundaria\/\" rel=\"category tag\">Noticia Secundaria<\/a>","tag_info":"Noticia Secundaria","comment_count":"0","_links":{"self":[{"href":"https:\/\/infoecos.com.ar\/index.php\/wp-json\/wp\/v2\/posts\/96043"}],"collection":[{"href":"https:\/\/infoecos.com.ar\/index.php\/wp-json\/wp\/v2\/posts"}],"about":[{"href":"https:\/\/infoecos.com.ar\/index.php\/wp-json\/wp\/v2\/types\/post"}],"author":[{"embeddable":true,"href":"https:\/\/infoecos.com.ar\/index.php\/wp-json\/wp\/v2\/users\/2"}],"replies":[{"embeddable":true,"href":"https:\/\/infoecos.com.ar\/index.php\/wp-json\/wp\/v2\/comments?post=96043"}],"version-history":[{"count":2,"href":"https:\/\/infoecos.com.ar\/index.php\/wp-json\/wp\/v2\/posts\/96043\/revisions"}],"predecessor-version":[{"id":96089,"href":"https:\/\/infoecos.com.ar\/index.php\/wp-json\/wp\/v2\/posts\/96043\/revisions\/96089"}],"wp:featuredmedia":[{"embeddable":true,"href":"https:\/\/infoecos.com.ar\/index.php\/wp-json\/wp\/v2\/media\/96045"}],"wp:attachment":[{"href":"https:\/\/infoecos.com.ar\/index.php\/wp-json\/wp\/v2\/media?parent=96043"}],"wp:term":[{"taxonomy":"category","embeddable":true,"href":"https:\/\/infoecos.com.ar\/index.php\/wp-json\/wp\/v2\/categories?post=96043"},{"taxonomy":"post_tag","embeddable":true,"href":"https:\/\/infoecos.com.ar\/index.php\/wp-json\/wp\/v2\/tags?post=96043"}],"curies":[{"name":"wp","href":"https:\/\/api.w.org\/{rel}","templated":true}]}}