{"id":96079,"date":"2022-08-11T04:21:31","date_gmt":"2022-08-11T07:21:31","guid":{"rendered":"http:\/\/infoecos.com.ar\/?p=96079"},"modified":"2022-08-12T04:44:51","modified_gmt":"2022-08-12T07:44:51","slug":"unos-cien-vecinos-de-salliquelo-la-mayoria-productores-agropecuarios-se-manifestaron-en-contra-de-la-presencia-gubernamental","status":"publish","type":"post","link":"https:\/\/infoecos.com.ar\/index.php\/unos-cien-vecinos-de-salliquelo-la-mayoria-productores-agropecuarios-se-manifestaron-en-contra-de-la-presencia-gubernamental\/","title":{"rendered":"Unos cien vecinos de Salliquel\u00f3 se manifestaron en contra de la presencia gubernamental"},"content":{"rendered":"\n<p>Se movilizaron productores agropecuarios y algunos vecinos en Salliquel\u00f3, mientras se firmaban los contratos para iniciar la primera etapa del gasoducto. <\/p>\n\n\n\n<figure class=\"wp-block-image aligncenter size-large is-resized\"><img decoding=\"async\" src=\"http:\/\/infoecos.com.ar\/wp-content\/uploads\/2022\/08\/image-73-920x518.png\" alt=\"\" class=\"wp-image-96080\" width=\"-117\" height=\"-65\" srcset=\"https:\/\/infoecos.com.ar\/wp-content\/uploads\/2022\/08\/image-73-920x518.png 920w, https:\/\/infoecos.com.ar\/wp-content\/uploads\/2022\/08\/image-73-460x259.png 460w, https:\/\/infoecos.com.ar\/wp-content\/uploads\/2022\/08\/image-73-768x432.png 768w, https:\/\/infoecos.com.ar\/wp-content\/uploads\/2022\/08\/image-73.png 992w\" sizes=\"(max-width: 920px) 100vw, 920px\" \/><figcaption>Foto infobae<\/figcaption><\/figure>\n\n\n\n<p>Recorrieron algunas calles de la ciudad donde se realiz\u00f3 el acto, luego de haberse concentrado en la denominada Rotonda de Los Novillos. A trav\u00e9s de las redes sociales manifestaron algunos de ellos que no los dejaron entrar a la ciudad. <\/p>\n\n\n\n<p>\u00abAc\u00e1 tenemos una manifestaci\u00f3n pac\u00edfica y la polic\u00eda no nos deja pasar. Solamente porque estamos defendiendo nuestros ideales, sin violencia\u00bb dijo otro manifestante en una publicaci\u00f3n que comparti\u00f3 en redes sociales con la leyenda \u00abVerg\u00fcenza es poco\u00bb.<\/p>\n\n\n\n<figure class=\"wp-block-image aligncenter size-full\"><img loading=\"lazy\" decoding=\"async\" width=\"680\" height=\"385\" src=\"http:\/\/infoecos.com.ar\/wp-content\/uploads\/2022\/08\/image-74.png\" alt=\"\" class=\"wp-image-96081\" srcset=\"https:\/\/infoecos.com.ar\/wp-content\/uploads\/2022\/08\/image-74.png 680w, https:\/\/infoecos.com.ar\/wp-content\/uploads\/2022\/08\/image-74-460x260.png 460w\" sizes=\"(max-width: 680px) 100vw, 680px\" \/><figcaption>Foto en Twitter<\/figcaption><\/figure>\n\n\n\n<p>La Asociaci\u00f3n Rural de Salliquel\u00f3 inform\u00f3 a veradia.com que no hab\u00eda participado org\u00e1nicamente de la movilizaci\u00f3n, aunque hab\u00edan decidido difundirla y adherir a los motivos de la misma. La entidad se ha venido distinguiendo en los \u00faltimos tiempos por ser muy combativa frente a las pol\u00edticas gubernamentales. <\/p>\n\n\n\n<figure class=\"wp-block-image aligncenter size-full is-resized\"><img loading=\"lazy\" decoding=\"async\" src=\"http:\/\/infoecos.com.ar\/wp-content\/uploads\/2022\/08\/image-75.png\" alt=\"\" class=\"wp-image-96082\" width=\"676\" height=\"338\" srcset=\"https:\/\/infoecos.com.ar\/wp-content\/uploads\/2022\/08\/image-75.png 680w, https:\/\/infoecos.com.ar\/wp-content\/uploads\/2022\/08\/image-75-460x230.png 460w\" sizes=\"(max-width: 676px) 100vw, 676px\" \/><\/figure>\n\n\n\n<p>El sitio Infobae publica declaraciones del conocido productor Arnaldo Mazzino, el que se\u00f1al\u00f3 que \u00ablo primero que se decidi\u00f3 al conocerse la presencia del presidente fue organizar una asamblea frente al santuario del Gauchito Gil, ubicado sobre la ruta 85, en las inmediaciones del ingreso al distrito\u00bb.<\/p>\n\n\n\n<p>\u201cEl gobierno nos viene confiscando a los productores dos tercios de la cosecha, y no solo eso sino que adem\u00e1s agita el mote de especuladores, incluso promoviendo la vandalizaci\u00f3n en nuestros campos, con 180 o 190 silobolsas rotos y algunos incendios nunca aclarados\u201d, se\u00f1ala Mazzino, de acuerdo a la publicaci\u00f3n del conocido sitio. <\/p>\n","protected":false},"excerpt":{"rendered":"<p>Recorrieron algunas calles de la ciudad donde se realiz\u00f3 el acto, luego de haberse concentrado en la denominada Rotonda de Los Novillos. A trav\u00e9s de las redes sociales manifestaron algunos de ellos que no los dejaron entrar a la ciudad<\/p>\n","protected":false},"author":2,"featured_media":96081,"comment_status":"closed","ping_status":"open","sticky":false,"template":"","format":"standard","meta":{"footnotes":""},"categories":[1333],"tags":[6453],"class_list":["post-96079","post","type-post","status-publish","format-standard","has-post-thumbnail","hentry","category-inferior13","tag-gasoducto-nestor-kirchner"],"yoast_head":"<!-- This site is optimized with the Yoast SEO plugin v23.4 - https:\/\/yoast.com\/wordpress\/plugins\/seo\/ -->\n<title>Unos cien vecinos de Salliquel\u00f3 se manifestaron en contra de la presencia gubernamental - Infoecos<\/title>\n<meta name=\"robots\" content=\"index, follow, max-snippet:-1, max-image-preview:large, max-video-preview:-1\" \/>\n<link rel=\"canonical\" href=\"https:\/\/infoecos.com.ar\/index.php\/unos-cien-vecinos-de-salliquelo-la-mayoria-productores-agropecuarios-se-manifestaron-en-contra-de-la-presencia-gubernamental\/\" \/>\n<meta property=\"og:locale\" content=\"es_ES\" \/>\n<meta property=\"og:type\" content=\"article\" \/>\n<meta property=\"og:title\" content=\"Unos cien vecinos de Salliquel\u00f3 se manifestaron en contra de la presencia gubernamental - Infoecos\" \/>\n<meta property=\"og:description\" content=\"Recorrieron algunas calles de la ciudad donde se realiz\u00f3 el acto, luego de haberse concentrado en la denominada Rotonda de Los Novillos. A trav\u00e9s de las redes sociales manifestaron algunos de ellos que no los dejaron entrar a la ciudad\" \/>\n<meta property=\"og:url\" content=\"https:\/\/infoecos.com.ar\/index.php\/unos-cien-vecinos-de-salliquelo-la-mayoria-productores-agropecuarios-se-manifestaron-en-contra-de-la-presencia-gubernamental\/\" \/>\n<meta property=\"og:site_name\" content=\"Infoecos\" \/>\n<meta property=\"article:publisher\" content=\"https:\/\/www.facebook.com\/profile.php?id=100063200290284\" \/>\n<meta property=\"article:published_time\" content=\"2022-08-11T07:21:31+00:00\" \/>\n<meta property=\"article:modified_time\" content=\"2022-08-12T07:44:51+00:00\" \/>\n<meta property=\"og:image\" content=\"https:\/\/infoecos.com.ar\/wp-content\/uploads\/2022\/08\/image-74.png\" \/>\n\t<meta property=\"og:image:width\" content=\"680\" \/>\n\t<meta property=\"og:image:height\" content=\"385\" \/>\n\t<meta property=\"og:image:type\" content=\"image\/png\" \/>\n<meta name=\"author\" content=\"Jorge Matheus\" \/>\n<meta name=\"twitter:card\" content=\"summary_large_image\" \/>\n<meta name=\"twitter:creator\" content=\"@infoecos\" \/>\n<meta name=\"twitter:site\" content=\"@infoecos\" \/>\n<meta name=\"twitter:label1\" content=\"Escrito por\" \/>\n\t<meta name=\"twitter:data1\" content=\"Jorge Matheus\" \/>\n\t<meta name=\"twitter:label2\" content=\"Tiempo de lectura\" \/>\n\t<meta name=\"twitter:data2\" content=\"1 minuto\" \/>\n<script type=\"application\/ld+json\" class=\"yoast-schema-graph\">{\"@context\":\"https:\/\/schema.org\",\"@graph\":[{\"@type\":\"Article\",\"@id\":\"https:\/\/infoecos.com.ar\/index.php\/unos-cien-vecinos-de-salliquelo-la-mayoria-productores-agropecuarios-se-manifestaron-en-contra-de-la-presencia-gubernamental\/#article\",\"isPartOf\":{\"@id\":\"https:\/\/infoecos.com.ar\/index.php\/unos-cien-vecinos-de-salliquelo-la-mayoria-productores-agropecuarios-se-manifestaron-en-contra-de-la-presencia-gubernamental\/\"},\"author\":{\"name\":\"Jorge Matheus\",\"@id\":\"https:\/\/infoecos.com.ar\/#\/schema\/person\/8f5ace5ce73b4b4aac4b7245aee6f191\"},\"headline\":\"Unos cien vecinos de Salliquel\u00f3 se manifestaron en contra de la presencia gubernamental\",\"datePublished\":\"2022-08-11T07:21:31+00:00\",\"dateModified\":\"2022-08-12T07:44:51+00:00\",\"mainEntityOfPage\":{\"@id\":\"https:\/\/infoecos.com.ar\/index.php\/unos-cien-vecinos-de-salliquelo-la-mayoria-productores-agropecuarios-se-manifestaron-en-contra-de-la-presencia-gubernamental\/\"},\"wordCount\":278,\"publisher\":{\"@id\":\"https:\/\/infoecos.com.ar\/#organization\"},\"image\":{\"@id\":\"https:\/\/infoecos.com.ar\/index.php\/unos-cien-vecinos-de-salliquelo-la-mayoria-productores-agropecuarios-se-manifestaron-en-contra-de-la-presencia-gubernamental\/#primaryimage\"},\"thumbnailUrl\":\"https:\/\/infoecos.com.ar\/wp-content\/uploads\/2022\/08\/image-74.png\",\"keywords\":[\"GASODUCTO N\u00c9STOR KIRCHNER\"],\"articleSection\":[\"Bloque inferior - 13\"],\"inLanguage\":\"es\"},{\"@type\":\"WebPage\",\"@id\":\"https:\/\/infoecos.com.ar\/index.php\/unos-cien-vecinos-de-salliquelo-la-mayoria-productores-agropecuarios-se-manifestaron-en-contra-de-la-presencia-gubernamental\/\",\"url\":\"https:\/\/infoecos.com.ar\/index.php\/unos-cien-vecinos-de-salliquelo-la-mayoria-productores-agropecuarios-se-manifestaron-en-contra-de-la-presencia-gubernamental\/\",\"name\":\"Unos cien vecinos de Salliquel\u00f3 se manifestaron en contra de la presencia gubernamental - Infoecos\",\"isPartOf\":{\"@id\":\"https:\/\/infoecos.com.ar\/#website\"},\"primaryImageOfPage\":{\"@id\":\"https:\/\/infoecos.com.ar\/index.php\/unos-cien-vecinos-de-salliquelo-la-mayoria-productores-agropecuarios-se-manifestaron-en-contra-de-la-presencia-gubernamental\/#primaryimage\"},\"image\":{\"@id\":\"https:\/\/infoecos.com.ar\/index.php\/unos-cien-vecinos-de-salliquelo-la-mayoria-productores-agropecuarios-se-manifestaron-en-contra-de-la-presencia-gubernamental\/#primaryimage\"},\"thumbnailUrl\":\"https:\/\/infoecos.com.ar\/wp-content\/uploads\/2022\/08\/image-74.png\",\"datePublished\":\"2022-08-11T07:21:31+00:00\",\"dateModified\":\"2022-08-12T07:44:51+00:00\",\"breadcrumb\":{\"@id\":\"https:\/\/infoecos.com.ar\/index.php\/unos-cien-vecinos-de-salliquelo-la-mayoria-productores-agropecuarios-se-manifestaron-en-contra-de-la-presencia-gubernamental\/#breadcrumb\"},\"inLanguage\":\"es\",\"potentialAction\":[{\"@type\":\"ReadAction\",\"target\":[\"https:\/\/infoecos.com.ar\/index.php\/unos-cien-vecinos-de-salliquelo-la-mayoria-productores-agropecuarios-se-manifestaron-en-contra-de-la-presencia-gubernamental\/\"]}]},{\"@type\":\"ImageObject\",\"inLanguage\":\"es\",\"@id\":\"https:\/\/infoecos.com.ar\/index.php\/unos-cien-vecinos-de-salliquelo-la-mayoria-productores-agropecuarios-se-manifestaron-en-contra-de-la-presencia-gubernamental\/#primaryimage\",\"url\":\"https:\/\/infoecos.com.ar\/wp-content\/uploads\/2022\/08\/image-74.png\",\"contentUrl\":\"https:\/\/infoecos.com.ar\/wp-content\/uploads\/2022\/08\/image-74.png\",\"width\":680,\"height\":385},{\"@type\":\"BreadcrumbList\",\"@id\":\"https:\/\/infoecos.com.ar\/index.php\/unos-cien-vecinos-de-salliquelo-la-mayoria-productores-agropecuarios-se-manifestaron-en-contra-de-la-presencia-gubernamental\/#breadcrumb\",\"itemListElement\":[{\"@type\":\"ListItem\",\"position\":1,\"name\":\"Portada\",\"item\":\"https:\/\/infoecos.com.ar\/\"},{\"@type\":\"ListItem\",\"position\":2,\"name\":\"Unos cien vecinos de Salliquel\u00f3 se manifestaron en contra de la presencia gubernamental\"}]},{\"@type\":\"WebSite\",\"@id\":\"https:\/\/infoecos.com.ar\/#website\",\"url\":\"https:\/\/infoecos.com.ar\/\",\"name\":\"Infoecos\",\"description\":\"Noticias de trenque lauquen y la zona\",\"publisher\":{\"@id\":\"https:\/\/infoecos.com.ar\/#organization\"},\"alternateName\":\"Noticias\",\"potentialAction\":[{\"@type\":\"SearchAction\",\"target\":{\"@type\":\"EntryPoint\",\"urlTemplate\":\"https:\/\/infoecos.com.ar\/?s={search_term_string}\"},\"query-input\":{\"@type\":\"PropertyValueSpecification\",\"valueRequired\":true,\"valueName\":\"search_term_string\"}}],\"inLanguage\":\"es\"},{\"@type\":\"Organization\",\"@id\":\"https:\/\/infoecos.com.ar\/#organization\",\"name\":\"Infoecos\",\"alternateName\":\"Noticias\",\"url\":\"https:\/\/infoecos.com.ar\/\",\"logo\":{\"@type\":\"ImageObject\",\"inLanguage\":\"es\",\"@id\":\"https:\/\/infoecos.com.ar\/#\/schema\/logo\/image\/\",\"url\":\"https:\/\/infoecos.com.ar\/wp-content\/uploads\/2024\/03\/cropped-logo.png\",\"contentUrl\":\"https:\/\/infoecos.com.ar\/wp-content\/uploads\/2024\/03\/cropped-logo.png\",\"width\":374,\"height\":90,\"caption\":\"Infoecos\"},\"image\":{\"@id\":\"https:\/\/infoecos.com.ar\/#\/schema\/logo\/image\/\"},\"sameAs\":[\"https:\/\/www.facebook.com\/profile.php?id=100063200290284\",\"https:\/\/x.com\/infoecos\"]},{\"@type\":\"Person\",\"@id\":\"https:\/\/infoecos.com.ar\/#\/schema\/person\/8f5ace5ce73b4b4aac4b7245aee6f191\",\"name\":\"Jorge Matheus\",\"url\":\"https:\/\/infoecos.com.ar\/index.php\/author\/jomatheus\/\"}]}<\/script>\n<!-- \/ Yoast SEO plugin. -->","yoast_head_json":{"title":"Unos cien vecinos de Salliquel\u00f3 se manifestaron en contra de la presencia gubernamental - Infoecos","robots":{"index":"index","follow":"follow","max-snippet":"max-snippet:-1","max-image-preview":"max-image-preview:large","max-video-preview":"max-video-preview:-1"},"canonical":"https:\/\/infoecos.com.ar\/index.php\/unos-cien-vecinos-de-salliquelo-la-mayoria-productores-agropecuarios-se-manifestaron-en-contra-de-la-presencia-gubernamental\/","og_locale":"es_ES","og_type":"article","og_title":"Unos cien vecinos de Salliquel\u00f3 se manifestaron en contra de la presencia gubernamental - Infoecos","og_description":"Recorrieron algunas calles de la ciudad donde se realiz\u00f3 el acto, luego de haberse concentrado en la denominada Rotonda de Los Novillos. A trav\u00e9s de las redes sociales manifestaron algunos de ellos que no los dejaron entrar a la ciudad","og_url":"https:\/\/infoecos.com.ar\/index.php\/unos-cien-vecinos-de-salliquelo-la-mayoria-productores-agropecuarios-se-manifestaron-en-contra-de-la-presencia-gubernamental\/","og_site_name":"Infoecos","article_publisher":"https:\/\/www.facebook.com\/profile.php?id=100063200290284","article_published_time":"2022-08-11T07:21:31+00:00","article_modified_time":"2022-08-12T07:44:51+00:00","og_image":[{"width":680,"height":385,"url":"https:\/\/infoecos.com.ar\/wp-content\/uploads\/2022\/08\/image-74.png","type":"image\/png"}],"author":"Jorge Matheus","twitter_card":"summary_large_image","twitter_creator":"@infoecos","twitter_site":"@infoecos","twitter_misc":{"Escrito por":"Jorge Matheus","Tiempo de lectura":"1 minuto"},"schema":{"@context":"https:\/\/schema.org","@graph":[{"@type":"Article","@id":"https:\/\/infoecos.com.ar\/index.php\/unos-cien-vecinos-de-salliquelo-la-mayoria-productores-agropecuarios-se-manifestaron-en-contra-de-la-presencia-gubernamental\/#article","isPartOf":{"@id":"https:\/\/infoecos.com.ar\/index.php\/unos-cien-vecinos-de-salliquelo-la-mayoria-productores-agropecuarios-se-manifestaron-en-contra-de-la-presencia-gubernamental\/"},"author":{"name":"Jorge Matheus","@id":"https:\/\/infoecos.com.ar\/#\/schema\/person\/8f5ace5ce73b4b4aac4b7245aee6f191"},"headline":"Unos cien vecinos de Salliquel\u00f3 se manifestaron en contra de la presencia gubernamental","datePublished":"2022-08-11T07:21:31+00:00","dateModified":"2022-08-12T07:44:51+00:00","mainEntityOfPage":{"@id":"https:\/\/infoecos.com.ar\/index.php\/unos-cien-vecinos-de-salliquelo-la-mayoria-productores-agropecuarios-se-manifestaron-en-contra-de-la-presencia-gubernamental\/"},"wordCount":278,"publisher":{"@id":"https:\/\/infoecos.com.ar\/#organization"},"image":{"@id":"https:\/\/infoecos.com.ar\/index.php\/unos-cien-vecinos-de-salliquelo-la-mayoria-productores-agropecuarios-se-manifestaron-en-contra-de-la-presencia-gubernamental\/#primaryimage"},"thumbnailUrl":"https:\/\/infoecos.com.ar\/wp-content\/uploads\/2022\/08\/image-74.png","keywords":["GASODUCTO N\u00c9STOR KIRCHNER"],"articleSection":["Bloque inferior - 13"],"inLanguage":"es"},{"@type":"WebPage","@id":"https:\/\/infoecos.com.ar\/index.php\/unos-cien-vecinos-de-salliquelo-la-mayoria-productores-agropecuarios-se-manifestaron-en-contra-de-la-presencia-gubernamental\/","url":"https:\/\/infoecos.com.ar\/index.php\/unos-cien-vecinos-de-salliquelo-la-mayoria-productores-agropecuarios-se-manifestaron-en-contra-de-la-presencia-gubernamental\/","name":"Unos cien vecinos de Salliquel\u00f3 se manifestaron en contra de la presencia gubernamental - Infoecos","isPartOf":{"@id":"https:\/\/infoecos.com.ar\/#website"},"primaryImageOfPage":{"@id":"https:\/\/infoecos.com.ar\/index.php\/unos-cien-vecinos-de-salliquelo-la-mayoria-productores-agropecuarios-se-manifestaron-en-contra-de-la-presencia-gubernamental\/#primaryimage"},"image":{"@id":"https:\/\/infoecos.com.ar\/index.php\/unos-cien-vecinos-de-salliquelo-la-mayoria-productores-agropecuarios-se-manifestaron-en-contra-de-la-presencia-gubernamental\/#primaryimage"},"thumbnailUrl":"https:\/\/infoecos.com.ar\/wp-content\/uploads\/2022\/08\/image-74.png","datePublished":"2022-08-11T07:21:31+00:00","dateModified":"2022-08-12T07:44:51+00:00","breadcrumb":{"@id":"https:\/\/infoecos.com.ar\/index.php\/unos-cien-vecinos-de-salliquelo-la-mayoria-productores-agropecuarios-se-manifestaron-en-contra-de-la-presencia-gubernamental\/#breadcrumb"},"inLanguage":"es","potentialAction":[{"@type":"ReadAction","target":["https:\/\/infoecos.com.ar\/index.php\/unos-cien-vecinos-de-salliquelo-la-mayoria-productores-agropecuarios-se-manifestaron-en-contra-de-la-presencia-gubernamental\/"]}]},{"@type":"ImageObject","inLanguage":"es","@id":"https:\/\/infoecos.com.ar\/index.php\/unos-cien-vecinos-de-salliquelo-la-mayoria-productores-agropecuarios-se-manifestaron-en-contra-de-la-presencia-gubernamental\/#primaryimage","url":"https:\/\/infoecos.com.ar\/wp-content\/uploads\/2022\/08\/image-74.png","contentUrl":"https:\/\/infoecos.com.ar\/wp-content\/uploads\/2022\/08\/image-74.png","width":680,"height":385},{"@type":"BreadcrumbList","@id":"https:\/\/infoecos.com.ar\/index.php\/unos-cien-vecinos-de-salliquelo-la-mayoria-productores-agropecuarios-se-manifestaron-en-contra-de-la-presencia-gubernamental\/#breadcrumb","itemListElement":[{"@type":"ListItem","position":1,"name":"Portada","item":"https:\/\/infoecos.com.ar\/"},{"@type":"ListItem","position":2,"name":"Unos cien vecinos de Salliquel\u00f3 se manifestaron en contra de la presencia gubernamental"}]},{"@type":"WebSite","@id":"https:\/\/infoecos.com.ar\/#website","url":"https:\/\/infoecos.com.ar\/","name":"Infoecos","description":"Noticias de trenque lauquen y la zona","publisher":{"@id":"https:\/\/infoecos.com.ar\/#organization"},"alternateName":"Noticias","potentialAction":[{"@type":"SearchAction","target":{"@type":"EntryPoint","urlTemplate":"https:\/\/infoecos.com.ar\/?s={search_term_string}"},"query-input":{"@type":"PropertyValueSpecification","valueRequired":true,"valueName":"search_term_string"}}],"inLanguage":"es"},{"@type":"Organization","@id":"https:\/\/infoecos.com.ar\/#organization","name":"Infoecos","alternateName":"Noticias","url":"https:\/\/infoecos.com.ar\/","logo":{"@type":"ImageObject","inLanguage":"es","@id":"https:\/\/infoecos.com.ar\/#\/schema\/logo\/image\/","url":"https:\/\/infoecos.com.ar\/wp-content\/uploads\/2024\/03\/cropped-logo.png","contentUrl":"https:\/\/infoecos.com.ar\/wp-content\/uploads\/2024\/03\/cropped-logo.png","width":374,"height":90,"caption":"Infoecos"},"image":{"@id":"https:\/\/infoecos.com.ar\/#\/schema\/logo\/image\/"},"sameAs":["https:\/\/www.facebook.com\/profile.php?id=100063200290284","https:\/\/x.com\/infoecos"]},{"@type":"Person","@id":"https:\/\/infoecos.com.ar\/#\/schema\/person\/8f5ace5ce73b4b4aac4b7245aee6f191","name":"Jorge Matheus","url":"https:\/\/infoecos.com.ar\/index.php\/author\/jomatheus\/"}]}},"featured_image_urls":{"full":["https:\/\/infoecos.com.ar\/wp-content\/uploads\/2022\/08\/image-74.png",680,385,false],"thumbnail":["https:\/\/infoecos.com.ar\/wp-content\/uploads\/2022\/08\/image-74-150x150.png",150,150,true],"medium":["https:\/\/infoecos.com.ar\/wp-content\/uploads\/2022\/08\/image-74-460x260.png",460,260,true],"medium_large":["https:\/\/infoecos.com.ar\/wp-content\/uploads\/2022\/08\/image-74.png",640,362,false],"large":["https:\/\/infoecos.com.ar\/wp-content\/uploads\/2022\/08\/image-74.png",640,362,false],"1536x1536":["https:\/\/infoecos.com.ar\/wp-content\/uploads\/2022\/08\/image-74.png",680,385,false],"2048x2048":["https:\/\/infoecos.com.ar\/wp-content\/uploads\/2022\/08\/image-74.png",680,385,false],"covernews-slider-full":["https:\/\/infoecos.com.ar\/wp-content\/uploads\/2022\/08\/image-74.png",680,385,false],"covernews-slider-center":["https:\/\/infoecos.com.ar\/wp-content\/uploads\/2022\/08\/image-74.png",680,385,false],"covernews-featured":["https:\/\/infoecos.com.ar\/wp-content\/uploads\/2022\/08\/image-74.png",680,385,false],"covernews-medium":["https:\/\/infoecos.com.ar\/wp-content\/uploads\/2022\/08\/image-74-680x380.png",540,302,true],"covernews-medium-square":["https:\/\/infoecos.com.ar\/wp-content\/uploads\/2022\/08\/image-74-675x385.png",400,228,true]},"author_info":{"info":["Jorge Matheus"]},"category_info":"<a href=\"https:\/\/infoecos.com.ar\/index.php\/category\/inferior13\/\" rel=\"category tag\">Bloque inferior - 13<\/a>","tag_info":"Bloque inferior - 13","comment_count":"0","_links":{"self":[{"href":"https:\/\/infoecos.com.ar\/index.php\/wp-json\/wp\/v2\/posts\/96079"}],"collection":[{"href":"https:\/\/infoecos.com.ar\/index.php\/wp-json\/wp\/v2\/posts"}],"about":[{"href":"https:\/\/infoecos.com.ar\/index.php\/wp-json\/wp\/v2\/types\/post"}],"author":[{"embeddable":true,"href":"https:\/\/infoecos.com.ar\/index.php\/wp-json\/wp\/v2\/users\/2"}],"replies":[{"embeddable":true,"href":"https:\/\/infoecos.com.ar\/index.php\/wp-json\/wp\/v2\/comments?post=96079"}],"version-history":[{"count":2,"href":"https:\/\/infoecos.com.ar\/index.php\/wp-json\/wp\/v2\/posts\/96079\/revisions"}],"predecessor-version":[{"id":96091,"href":"https:\/\/infoecos.com.ar\/index.php\/wp-json\/wp\/v2\/posts\/96079\/revisions\/96091"}],"wp:featuredmedia":[{"embeddable":true,"href":"https:\/\/infoecos.com.ar\/index.php\/wp-json\/wp\/v2\/media\/96081"}],"wp:attachment":[{"href":"https:\/\/infoecos.com.ar\/index.php\/wp-json\/wp\/v2\/media?parent=96079"}],"wp:term":[{"taxonomy":"category","embeddable":true,"href":"https:\/\/infoecos.com.ar\/index.php\/wp-json\/wp\/v2\/categories?post=96079"},{"taxonomy":"post_tag","embeddable":true,"href":"https:\/\/infoecos.com.ar\/index.php\/wp-json\/wp\/v2\/tags?post=96079"}],"curies":[{"name":"wp","href":"https:\/\/api.w.org\/{rel}","templated":true}]}}