{"id":96085,"date":"2022-08-11T04:49:16","date_gmt":"2022-08-11T07:49:16","guid":{"rendered":"http:\/\/infoecos.com.ar\/?p=96085"},"modified":"2022-08-12T04:43:29","modified_gmt":"2022-08-12T07:43:29","slug":"kicillof-en-salliquelo-estamos-cerca-de-la-soberania-energetica-nacional","status":"publish","type":"post","link":"https:\/\/infoecos.com.ar\/index.php\/kicillof-en-salliquelo-estamos-cerca-de-la-soberania-energetica-nacional\/","title":{"rendered":"Kicillof en Salliquel\u00f3: \u00abestamos cerca de la soberan\u00eda energ\u00e9tica nacional\u00bb"},"content":{"rendered":"\n<p>El gobernador Axel Kicillof destac\u00f3 que el contrato para iniciar las obras del gasoducto N\u00e9stor Kirchner se firmara en la Provincia de Buenos Aires y no en la Ciudad de Buenos Aires porque ser\u00eda esta jurisdicci\u00f3n la que erogar\u00eda los impuestos de esas empresas constructoras.<strong>&nbsp;\u00abEs importante para lo que llamamos federalismo, una distribuci\u00f3n equitativa tambi\u00e9n de los impuestos\u00bb<\/strong>, apunt\u00f3.<\/p>\n\n\n\n<figure class=\"wp-block-image aligncenter size-large is-resized\"><img loading=\"lazy\" decoding=\"async\" src=\"http:\/\/infoecos.com.ar\/wp-content\/uploads\/2022\/08\/image-76-920x612.png\" alt=\"\" class=\"wp-image-96086\" width=\"540\" height=\"358\" srcset=\"https:\/\/infoecos.com.ar\/wp-content\/uploads\/2022\/08\/image-76-920x612.png 920w, https:\/\/infoecos.com.ar\/wp-content\/uploads\/2022\/08\/image-76-460x306.png 460w, https:\/\/infoecos.com.ar\/wp-content\/uploads\/2022\/08\/image-76-768x511.png 768w, https:\/\/infoecos.com.ar\/wp-content\/uploads\/2022\/08\/image-76-1536x1020.png 1536w, https:\/\/infoecos.com.ar\/wp-content\/uploads\/2022\/08\/image-76-1024x681.png 1024w, https:\/\/infoecos.com.ar\/wp-content\/uploads\/2022\/08\/image-76.png 2048w\" sizes=\"(max-width: 540px) 100vw, 540px\" \/><figcaption>Kicillof habla en Salliquel\u00f3 <\/figcaption><\/figure>\n\n\n\n<p>\u00abCuando el Estado es eficaz, tambi\u00e9n hay que marcarlo. Gracias por el esfuerzo que convierte en realidad lo necesario\u00bb, se\u00f1al\u00f3 y record\u00f3 la importancia de la recuperaci\u00f3n de YPF. \u00abHay que tener en cuenta los resultados. Cuando se privatiz\u00f3 YPF la empresa interrumpi\u00f3 la explotaci\u00f3n petrolera, dej\u00f3 caer los yacimientos y con un proceso largo y penoso, empez\u00f3 a languidecer hasta que Argentina se qued\u00f3 sin autoabastecimiento energ\u00e9tico. Fue una p\u00e9rdida de soberan\u00eda\u00bb, marc\u00f3 para luego resaltar la recuperaci\u00f3n de la empresa por parte de Cristina Kirchner.<\/p>\n\n\n\n<p>Tambi\u00e9n apunt\u00f3 al gobierno de Mauricio Macri al se\u00f1alar que se interrumpi\u00f3 la inversi\u00f3n, perdi\u00f3 participaci\u00f3n de mercado y baj\u00f3 la producci\u00f3n de gas y petr\u00f3leo.&nbsp;<strong>\u00abEstamos cerca de llegar a lo que nos quitaron y privaron, estamos cerca de la soberan\u00eda energ\u00e9tica nacional\u00bb,<\/strong>&nbsp;asever\u00f3 Kicillof.<\/p>\n\n\n\n<figure class=\"wp-block-image aligncenter size-large is-resized\"><img loading=\"lazy\" decoding=\"async\" src=\"http:\/\/infoecos.com.ar\/wp-content\/uploads\/2022\/08\/image-77-920x613.png\" alt=\"\" class=\"wp-image-96087\" width=\"543\" height=\"361\" srcset=\"https:\/\/infoecos.com.ar\/wp-content\/uploads\/2022\/08\/image-77-920x613.png 920w, https:\/\/infoecos.com.ar\/wp-content\/uploads\/2022\/08\/image-77-460x306.png 460w, https:\/\/infoecos.com.ar\/wp-content\/uploads\/2022\/08\/image-77-768x512.png 768w, https:\/\/infoecos.com.ar\/wp-content\/uploads\/2022\/08\/image-77-1536x1020.png 1536w, https:\/\/infoecos.com.ar\/wp-content\/uploads\/2022\/08\/image-77-1024x682.png 1024w, https:\/\/infoecos.com.ar\/wp-content\/uploads\/2022\/08\/image-77-675x450.png 675w, https:\/\/infoecos.com.ar\/wp-content\/uploads\/2022\/08\/image-77.png 2048w\" sizes=\"(max-width: 543px) 100vw, 543px\" \/><\/figure>\n\n\n\n<p>\u00abEl agradecimiento es de la Provincia. Con el gasoducto vamos a ahorrar divisas, pero vamos a tener m\u00e1s gas para los hogares y nos va a permitir potenciar la producci\u00f3n local. Argentina es un pa\u00eds muy rico, pero a eso hay que agregarle el valor y esto nos va a permitir hacerlo y potenciar una de las joyas del pa\u00eds que es el Polo Petroqu\u00edmico de Bah\u00eda Blanca; adem\u00e1s garantiza que la riqueza sea del pueblo argentino, hay que garantizar energ\u00eda a valores razonables\u00bb, sentenci\u00f3.<\/p>\n","protected":false},"excerpt":{"rendered":"<p>\u00abCon el gasoducto vamos a ahorrar divisas, pero vamos a tener m\u00e1s gas para los hogares y nos va a permitir potenciar la producci\u00f3n local\u00bb, se\u00f1al\u00f3 entre otras cosas<\/p>\n","protected":false},"author":2,"featured_media":96086,"comment_status":"closed","ping_status":"open","sticky":false,"template":"","format":"standard","meta":{"footnotes":""},"categories":[1332],"tags":[6453],"class_list":["post-96085","post","type-post","status-publish","format-standard","has-post-thumbnail","hentry","category-inferior12","tag-gasoducto-nestor-kirchner"],"yoast_head":"<!-- This site is optimized with the Yoast SEO plugin v23.4 - https:\/\/yoast.com\/wordpress\/plugins\/seo\/ -->\n<title>Kicillof en Salliquel\u00f3: &quot;estamos cerca de la soberan\u00eda energ\u00e9tica nacional&quot; - Infoecos<\/title>\n<meta name=\"robots\" content=\"index, follow, max-snippet:-1, max-image-preview:large, max-video-preview:-1\" \/>\n<link rel=\"canonical\" href=\"https:\/\/infoecos.com.ar\/index.php\/kicillof-en-salliquelo-estamos-cerca-de-la-soberania-energetica-nacional\/\" \/>\n<meta property=\"og:locale\" content=\"es_ES\" \/>\n<meta property=\"og:type\" content=\"article\" \/>\n<meta property=\"og:title\" content=\"Kicillof en Salliquel\u00f3: &quot;estamos cerca de la soberan\u00eda energ\u00e9tica nacional&quot; - Infoecos\" \/>\n<meta property=\"og:description\" content=\"&quot;Con el gasoducto vamos a ahorrar divisas, pero vamos a tener m\u00e1s gas para los hogares y nos va a permitir potenciar la producci\u00f3n local&quot;, se\u00f1al\u00f3 entre otras cosas\" \/>\n<meta property=\"og:url\" content=\"https:\/\/infoecos.com.ar\/index.php\/kicillof-en-salliquelo-estamos-cerca-de-la-soberania-energetica-nacional\/\" \/>\n<meta property=\"og:site_name\" content=\"Infoecos\" \/>\n<meta property=\"article:publisher\" content=\"https:\/\/www.facebook.com\/profile.php?id=100063200290284\" \/>\n<meta property=\"article:published_time\" content=\"2022-08-11T07:49:16+00:00\" \/>\n<meta property=\"article:modified_time\" content=\"2022-08-12T07:43:29+00:00\" \/>\n<meta property=\"og:image\" content=\"https:\/\/infoecos.com.ar\/wp-content\/uploads\/2022\/08\/image-76-920x612.png\" \/>\n\t<meta property=\"og:image:width\" content=\"920\" \/>\n\t<meta property=\"og:image:height\" content=\"612\" \/>\n\t<meta property=\"og:image:type\" content=\"image\/png\" \/>\n<meta name=\"author\" content=\"Jorge Matheus\" \/>\n<meta name=\"twitter:card\" content=\"summary_large_image\" \/>\n<meta name=\"twitter:creator\" content=\"@infoecos\" \/>\n<meta name=\"twitter:site\" content=\"@infoecos\" \/>\n<meta name=\"twitter:label1\" content=\"Escrito por\" \/>\n\t<meta name=\"twitter:data1\" content=\"Jorge Matheus\" \/>\n\t<meta name=\"twitter:label2\" content=\"Tiempo de lectura\" \/>\n\t<meta name=\"twitter:data2\" content=\"2 minutos\" \/>\n<script type=\"application\/ld+json\" class=\"yoast-schema-graph\">{\"@context\":\"https:\/\/schema.org\",\"@graph\":[{\"@type\":\"Article\",\"@id\":\"https:\/\/infoecos.com.ar\/index.php\/kicillof-en-salliquelo-estamos-cerca-de-la-soberania-energetica-nacional\/#article\",\"isPartOf\":{\"@id\":\"https:\/\/infoecos.com.ar\/index.php\/kicillof-en-salliquelo-estamos-cerca-de-la-soberania-energetica-nacional\/\"},\"author\":{\"name\":\"Jorge Matheus\",\"@id\":\"https:\/\/infoecos.com.ar\/#\/schema\/person\/8f5ace5ce73b4b4aac4b7245aee6f191\"},\"headline\":\"Kicillof en Salliquel\u00f3: \u00abestamos cerca de la soberan\u00eda energ\u00e9tica nacional\u00bb\",\"datePublished\":\"2022-08-11T07:49:16+00:00\",\"dateModified\":\"2022-08-12T07:43:29+00:00\",\"mainEntityOfPage\":{\"@id\":\"https:\/\/infoecos.com.ar\/index.php\/kicillof-en-salliquelo-estamos-cerca-de-la-soberania-energetica-nacional\/\"},\"wordCount\":327,\"publisher\":{\"@id\":\"https:\/\/infoecos.com.ar\/#organization\"},\"image\":{\"@id\":\"https:\/\/infoecos.com.ar\/index.php\/kicillof-en-salliquelo-estamos-cerca-de-la-soberania-energetica-nacional\/#primaryimage\"},\"thumbnailUrl\":\"https:\/\/infoecos.com.ar\/wp-content\/uploads\/2022\/08\/image-76.png\",\"keywords\":[\"GASODUCTO N\u00c9STOR KIRCHNER\"],\"articleSection\":[\"Bloque inferior - 12\"],\"inLanguage\":\"es\"},{\"@type\":\"WebPage\",\"@id\":\"https:\/\/infoecos.com.ar\/index.php\/kicillof-en-salliquelo-estamos-cerca-de-la-soberania-energetica-nacional\/\",\"url\":\"https:\/\/infoecos.com.ar\/index.php\/kicillof-en-salliquelo-estamos-cerca-de-la-soberania-energetica-nacional\/\",\"name\":\"Kicillof en Salliquel\u00f3: \\\"estamos cerca de la soberan\u00eda energ\u00e9tica nacional\\\" - Infoecos\",\"isPartOf\":{\"@id\":\"https:\/\/infoecos.com.ar\/#website\"},\"primaryImageOfPage\":{\"@id\":\"https:\/\/infoecos.com.ar\/index.php\/kicillof-en-salliquelo-estamos-cerca-de-la-soberania-energetica-nacional\/#primaryimage\"},\"image\":{\"@id\":\"https:\/\/infoecos.com.ar\/index.php\/kicillof-en-salliquelo-estamos-cerca-de-la-soberania-energetica-nacional\/#primaryimage\"},\"thumbnailUrl\":\"https:\/\/infoecos.com.ar\/wp-content\/uploads\/2022\/08\/image-76.png\",\"datePublished\":\"2022-08-11T07:49:16+00:00\",\"dateModified\":\"2022-08-12T07:43:29+00:00\",\"breadcrumb\":{\"@id\":\"https:\/\/infoecos.com.ar\/index.php\/kicillof-en-salliquelo-estamos-cerca-de-la-soberania-energetica-nacional\/#breadcrumb\"},\"inLanguage\":\"es\",\"potentialAction\":[{\"@type\":\"ReadAction\",\"target\":[\"https:\/\/infoecos.com.ar\/index.php\/kicillof-en-salliquelo-estamos-cerca-de-la-soberania-energetica-nacional\/\"]}]},{\"@type\":\"ImageObject\",\"inLanguage\":\"es\",\"@id\":\"https:\/\/infoecos.com.ar\/index.php\/kicillof-en-salliquelo-estamos-cerca-de-la-soberania-energetica-nacional\/#primaryimage\",\"url\":\"https:\/\/infoecos.com.ar\/wp-content\/uploads\/2022\/08\/image-76.png\",\"contentUrl\":\"https:\/\/infoecos.com.ar\/wp-content\/uploads\/2022\/08\/image-76.png\",\"width\":2048,\"height\":1362},{\"@type\":\"BreadcrumbList\",\"@id\":\"https:\/\/infoecos.com.ar\/index.php\/kicillof-en-salliquelo-estamos-cerca-de-la-soberania-energetica-nacional\/#breadcrumb\",\"itemListElement\":[{\"@type\":\"ListItem\",\"position\":1,\"name\":\"Portada\",\"item\":\"https:\/\/infoecos.com.ar\/\"},{\"@type\":\"ListItem\",\"position\":2,\"name\":\"Kicillof en Salliquel\u00f3: \u00abestamos cerca de la soberan\u00eda energ\u00e9tica nacional\u00bb\"}]},{\"@type\":\"WebSite\",\"@id\":\"https:\/\/infoecos.com.ar\/#website\",\"url\":\"https:\/\/infoecos.com.ar\/\",\"name\":\"Infoecos\",\"description\":\"Noticias de trenque lauquen y la zona\",\"publisher\":{\"@id\":\"https:\/\/infoecos.com.ar\/#organization\"},\"alternateName\":\"Noticias\",\"potentialAction\":[{\"@type\":\"SearchAction\",\"target\":{\"@type\":\"EntryPoint\",\"urlTemplate\":\"https:\/\/infoecos.com.ar\/?s={search_term_string}\"},\"query-input\":{\"@type\":\"PropertyValueSpecification\",\"valueRequired\":true,\"valueName\":\"search_term_string\"}}],\"inLanguage\":\"es\"},{\"@type\":\"Organization\",\"@id\":\"https:\/\/infoecos.com.ar\/#organization\",\"name\":\"Infoecos\",\"alternateName\":\"Noticias\",\"url\":\"https:\/\/infoecos.com.ar\/\",\"logo\":{\"@type\":\"ImageObject\",\"inLanguage\":\"es\",\"@id\":\"https:\/\/infoecos.com.ar\/#\/schema\/logo\/image\/\",\"url\":\"https:\/\/infoecos.com.ar\/wp-content\/uploads\/2024\/03\/cropped-logo.png\",\"contentUrl\":\"https:\/\/infoecos.com.ar\/wp-content\/uploads\/2024\/03\/cropped-logo.png\",\"width\":374,\"height\":90,\"caption\":\"Infoecos\"},\"image\":{\"@id\":\"https:\/\/infoecos.com.ar\/#\/schema\/logo\/image\/\"},\"sameAs\":[\"https:\/\/www.facebook.com\/profile.php?id=100063200290284\",\"https:\/\/x.com\/infoecos\"]},{\"@type\":\"Person\",\"@id\":\"https:\/\/infoecos.com.ar\/#\/schema\/person\/8f5ace5ce73b4b4aac4b7245aee6f191\",\"name\":\"Jorge Matheus\",\"url\":\"https:\/\/infoecos.com.ar\/index.php\/author\/jomatheus\/\"}]}<\/script>\n<!-- \/ Yoast SEO plugin. -->","yoast_head_json":{"title":"Kicillof en Salliquel\u00f3: \"estamos cerca de la soberan\u00eda energ\u00e9tica nacional\" - Infoecos","robots":{"index":"index","follow":"follow","max-snippet":"max-snippet:-1","max-image-preview":"max-image-preview:large","max-video-preview":"max-video-preview:-1"},"canonical":"https:\/\/infoecos.com.ar\/index.php\/kicillof-en-salliquelo-estamos-cerca-de-la-soberania-energetica-nacional\/","og_locale":"es_ES","og_type":"article","og_title":"Kicillof en Salliquel\u00f3: \"estamos cerca de la soberan\u00eda energ\u00e9tica nacional\" - Infoecos","og_description":"\"Con el gasoducto vamos a ahorrar divisas, pero vamos a tener m\u00e1s gas para los hogares y nos va a permitir potenciar la producci\u00f3n local\", se\u00f1al\u00f3 entre otras cosas","og_url":"https:\/\/infoecos.com.ar\/index.php\/kicillof-en-salliquelo-estamos-cerca-de-la-soberania-energetica-nacional\/","og_site_name":"Infoecos","article_publisher":"https:\/\/www.facebook.com\/profile.php?id=100063200290284","article_published_time":"2022-08-11T07:49:16+00:00","article_modified_time":"2022-08-12T07:43:29+00:00","og_image":[{"width":920,"height":612,"url":"https:\/\/infoecos.com.ar\/wp-content\/uploads\/2022\/08\/image-76-920x612.png","type":"image\/png"}],"author":"Jorge Matheus","twitter_card":"summary_large_image","twitter_creator":"@infoecos","twitter_site":"@infoecos","twitter_misc":{"Escrito por":"Jorge Matheus","Tiempo de lectura":"2 minutos"},"schema":{"@context":"https:\/\/schema.org","@graph":[{"@type":"Article","@id":"https:\/\/infoecos.com.ar\/index.php\/kicillof-en-salliquelo-estamos-cerca-de-la-soberania-energetica-nacional\/#article","isPartOf":{"@id":"https:\/\/infoecos.com.ar\/index.php\/kicillof-en-salliquelo-estamos-cerca-de-la-soberania-energetica-nacional\/"},"author":{"name":"Jorge Matheus","@id":"https:\/\/infoecos.com.ar\/#\/schema\/person\/8f5ace5ce73b4b4aac4b7245aee6f191"},"headline":"Kicillof en Salliquel\u00f3: \u00abestamos cerca de la soberan\u00eda energ\u00e9tica nacional\u00bb","datePublished":"2022-08-11T07:49:16+00:00","dateModified":"2022-08-12T07:43:29+00:00","mainEntityOfPage":{"@id":"https:\/\/infoecos.com.ar\/index.php\/kicillof-en-salliquelo-estamos-cerca-de-la-soberania-energetica-nacional\/"},"wordCount":327,"publisher":{"@id":"https:\/\/infoecos.com.ar\/#organization"},"image":{"@id":"https:\/\/infoecos.com.ar\/index.php\/kicillof-en-salliquelo-estamos-cerca-de-la-soberania-energetica-nacional\/#primaryimage"},"thumbnailUrl":"https:\/\/infoecos.com.ar\/wp-content\/uploads\/2022\/08\/image-76.png","keywords":["GASODUCTO N\u00c9STOR KIRCHNER"],"articleSection":["Bloque inferior - 12"],"inLanguage":"es"},{"@type":"WebPage","@id":"https:\/\/infoecos.com.ar\/index.php\/kicillof-en-salliquelo-estamos-cerca-de-la-soberania-energetica-nacional\/","url":"https:\/\/infoecos.com.ar\/index.php\/kicillof-en-salliquelo-estamos-cerca-de-la-soberania-energetica-nacional\/","name":"Kicillof en Salliquel\u00f3: \"estamos cerca de la soberan\u00eda energ\u00e9tica nacional\" - Infoecos","isPartOf":{"@id":"https:\/\/infoecos.com.ar\/#website"},"primaryImageOfPage":{"@id":"https:\/\/infoecos.com.ar\/index.php\/kicillof-en-salliquelo-estamos-cerca-de-la-soberania-energetica-nacional\/#primaryimage"},"image":{"@id":"https:\/\/infoecos.com.ar\/index.php\/kicillof-en-salliquelo-estamos-cerca-de-la-soberania-energetica-nacional\/#primaryimage"},"thumbnailUrl":"https:\/\/infoecos.com.ar\/wp-content\/uploads\/2022\/08\/image-76.png","datePublished":"2022-08-11T07:49:16+00:00","dateModified":"2022-08-12T07:43:29+00:00","breadcrumb":{"@id":"https:\/\/infoecos.com.ar\/index.php\/kicillof-en-salliquelo-estamos-cerca-de-la-soberania-energetica-nacional\/#breadcrumb"},"inLanguage":"es","potentialAction":[{"@type":"ReadAction","target":["https:\/\/infoecos.com.ar\/index.php\/kicillof-en-salliquelo-estamos-cerca-de-la-soberania-energetica-nacional\/"]}]},{"@type":"ImageObject","inLanguage":"es","@id":"https:\/\/infoecos.com.ar\/index.php\/kicillof-en-salliquelo-estamos-cerca-de-la-soberania-energetica-nacional\/#primaryimage","url":"https:\/\/infoecos.com.ar\/wp-content\/uploads\/2022\/08\/image-76.png","contentUrl":"https:\/\/infoecos.com.ar\/wp-content\/uploads\/2022\/08\/image-76.png","width":2048,"height":1362},{"@type":"BreadcrumbList","@id":"https:\/\/infoecos.com.ar\/index.php\/kicillof-en-salliquelo-estamos-cerca-de-la-soberania-energetica-nacional\/#breadcrumb","itemListElement":[{"@type":"ListItem","position":1,"name":"Portada","item":"https:\/\/infoecos.com.ar\/"},{"@type":"ListItem","position":2,"name":"Kicillof en Salliquel\u00f3: \u00abestamos cerca de la soberan\u00eda energ\u00e9tica nacional\u00bb"}]},{"@type":"WebSite","@id":"https:\/\/infoecos.com.ar\/#website","url":"https:\/\/infoecos.com.ar\/","name":"Infoecos","description":"Noticias de trenque lauquen y la zona","publisher":{"@id":"https:\/\/infoecos.com.ar\/#organization"},"alternateName":"Noticias","potentialAction":[{"@type":"SearchAction","target":{"@type":"EntryPoint","urlTemplate":"https:\/\/infoecos.com.ar\/?s={search_term_string}"},"query-input":{"@type":"PropertyValueSpecification","valueRequired":true,"valueName":"search_term_string"}}],"inLanguage":"es"},{"@type":"Organization","@id":"https:\/\/infoecos.com.ar\/#organization","name":"Infoecos","alternateName":"Noticias","url":"https:\/\/infoecos.com.ar\/","logo":{"@type":"ImageObject","inLanguage":"es","@id":"https:\/\/infoecos.com.ar\/#\/schema\/logo\/image\/","url":"https:\/\/infoecos.com.ar\/wp-content\/uploads\/2024\/03\/cropped-logo.png","contentUrl":"https:\/\/infoecos.com.ar\/wp-content\/uploads\/2024\/03\/cropped-logo.png","width":374,"height":90,"caption":"Infoecos"},"image":{"@id":"https:\/\/infoecos.com.ar\/#\/schema\/logo\/image\/"},"sameAs":["https:\/\/www.facebook.com\/profile.php?id=100063200290284","https:\/\/x.com\/infoecos"]},{"@type":"Person","@id":"https:\/\/infoecos.com.ar\/#\/schema\/person\/8f5ace5ce73b4b4aac4b7245aee6f191","name":"Jorge Matheus","url":"https:\/\/infoecos.com.ar\/index.php\/author\/jomatheus\/"}]}},"featured_image_urls":{"full":["https:\/\/infoecos.com.ar\/wp-content\/uploads\/2022\/08\/image-76.png",2048,1362,false],"thumbnail":["https:\/\/infoecos.com.ar\/wp-content\/uploads\/2022\/08\/image-76-150x150.png",150,150,true],"medium":["https:\/\/infoecos.com.ar\/wp-content\/uploads\/2022\/08\/image-76-460x306.png",460,306,true],"medium_large":["https:\/\/infoecos.com.ar\/wp-content\/uploads\/2022\/08\/image-76-768x511.png",640,426,true],"large":["https:\/\/infoecos.com.ar\/wp-content\/uploads\/2022\/08\/image-76-920x612.png",640,426,true],"1536x1536":["https:\/\/infoecos.com.ar\/wp-content\/uploads\/2022\/08\/image-76-1536x1022.png",1536,1022,true],"2048x2048":["https:\/\/infoecos.com.ar\/wp-content\/uploads\/2022\/08\/image-76.png",2048,1362,false],"covernews-slider-full":["https:\/\/infoecos.com.ar\/wp-content\/uploads\/2022\/08\/image-76-1536x1020.png",1077,715,true],"covernews-slider-center":["https:\/\/infoecos.com.ar\/wp-content\/uploads\/2022\/08\/image-76-936x897.png",522,500,true],"covernews-featured":["https:\/\/infoecos.com.ar\/wp-content\/uploads\/2022\/08\/image-76-1024x681.png",1024,681,true],"covernews-medium":["https:\/\/infoecos.com.ar\/wp-content\/uploads\/2022\/08\/image-76-720x380.png",540,285,true],"covernews-medium-square":["https:\/\/infoecos.com.ar\/wp-content\/uploads\/2022\/08\/image-76-675x450.png",375,250,true]},"author_info":{"info":["Jorge Matheus"]},"category_info":"<a href=\"https:\/\/infoecos.com.ar\/index.php\/category\/inferior12\/\" rel=\"category tag\">Bloque inferior - 12<\/a>","tag_info":"Bloque inferior - 12","comment_count":"0","_links":{"self":[{"href":"https:\/\/infoecos.com.ar\/index.php\/wp-json\/wp\/v2\/posts\/96085"}],"collection":[{"href":"https:\/\/infoecos.com.ar\/index.php\/wp-json\/wp\/v2\/posts"}],"about":[{"href":"https:\/\/infoecos.com.ar\/index.php\/wp-json\/wp\/v2\/types\/post"}],"author":[{"embeddable":true,"href":"https:\/\/infoecos.com.ar\/index.php\/wp-json\/wp\/v2\/users\/2"}],"replies":[{"embeddable":true,"href":"https:\/\/infoecos.com.ar\/index.php\/wp-json\/wp\/v2\/comments?post=96085"}],"version-history":[{"count":2,"href":"https:\/\/infoecos.com.ar\/index.php\/wp-json\/wp\/v2\/posts\/96085\/revisions"}],"predecessor-version":[{"id":96194,"href":"https:\/\/infoecos.com.ar\/index.php\/wp-json\/wp\/v2\/posts\/96085\/revisions\/96194"}],"wp:featuredmedia":[{"embeddable":true,"href":"https:\/\/infoecos.com.ar\/index.php\/wp-json\/wp\/v2\/media\/96086"}],"wp:attachment":[{"href":"https:\/\/infoecos.com.ar\/index.php\/wp-json\/wp\/v2\/media?parent=96085"}],"wp:term":[{"taxonomy":"category","embeddable":true,"href":"https:\/\/infoecos.com.ar\/index.php\/wp-json\/wp\/v2\/categories?post=96085"},{"taxonomy":"post_tag","embeddable":true,"href":"https:\/\/infoecos.com.ar\/index.php\/wp-json\/wp\/v2\/tags?post=96085"}],"curies":[{"name":"wp","href":"https:\/\/api.w.org\/{rel}","templated":true}]}}