{"id":96096,"date":"2022-08-11T05:31:42","date_gmt":"2022-08-11T08:31:42","guid":{"rendered":"http:\/\/infoecos.com.ar\/?p=96096"},"modified":"2022-08-11T05:31:43","modified_gmt":"2022-08-11T08:31:43","slug":"que-se-recuerda-y-se-celebra-el-11-de-agosto","status":"publish","type":"post","link":"https:\/\/infoecos.com.ar\/index.php\/que-se-recuerda-y-se-celebra-el-11-de-agosto\/","title":{"rendered":"Que se recuerda y se celebra el 11 de Agosto&#8230;"},"content":{"rendered":"\n<figure class=\"wp-block-image aligncenter size-full is-resized\"><img loading=\"lazy\" decoding=\"async\" src=\"http:\/\/infoecos.com.ar\/wp-content\/uploads\/2022\/08\/image-79.png\" alt=\"\" class=\"wp-image-96097\" width=\"526\" height=\"442\"\/><\/figure>\n\n\n\n<ul class=\"wp-block-list\"><li><strong>1906\u00a0&#8211; EUGENE LAUSTE.<\/strong>\u00a0El inventor franc\u00e9s Eugene Lauste, junto con el australiano Robert Haines y el brit\u00e1nico John Pletts, presenta en la Oficina de Patentes del Reino Unido en Londres el patentamiento de un procedimiento de pel\u00edcula sonora, el primer paso hacia una nueva era del cine. En 1907 fue concedida la patente 18.057 de \u00abun proceso para grabar y reproducir simult\u00e1neamente los movimientos de personas u objetos y los sonidos producidos por ellos\u00bb, en una franja de 35 mm de celuloide que contiene dos cuadros de imagen y una banda de sonido.<\/li><li><\/li><li><strong>1965\u00a0&#8211; SERGIO VIGIL.<\/strong>\u00a0Nace en Buenos Aires el ex jugador y entrenador de hockey sobre c\u00e9sped Sergio Vigil, ganador de la medalla de bronce en los Juegos Ol\u00edmpicos Atenas 2004 como t\u00e9cnico de la selecci\u00f3n argentina Las Leonas. Tambi\u00e9n dirigi\u00f3 la selecci\u00f3n argentina de hockey masculino y actualmente est\u00e1 al frente de la femenina de Chile.<\/li><li><\/li><li><strong>1967\u00a0&#8211; ENRIQUE BUNBURY.\u00a0<\/strong>Nace en la ciudad espa\u00f1ola de Zaragoza el cantante y compositor Enrique Bunbury (Enrique Ortiz de Land\u00e1zuri Izarduy), l\u00edder de la banda de rock H\u00e9roes del Silencio y uno de los m\u00fasicos m\u00e1s influyentes en Espa\u00f1a.<\/li><li><\/li><li><strong>1989\u00a0&#8211; \u00daRSULA CORBER\u00d3<\/strong>. Nace en el pueblo de Sant Pere de Vilamajor, en la provincia espa\u00f1ola de Barcelona, la actriz \u00darsula Corber\u00f3 Delgado, popularmente conocida por interpretar el personaje de \u201cTokio\u201d en la exitosa serie por streaming La Casa de Papel. Tambi\u00e9n destac\u00f3 en las series de televisi\u00f3n F\u00edsica o qu\u00edmica y La embajada. En cine, protagoniz\u00f3 la comedia C\u00f3mo sobrevivir a una despedida y el drama El \u00e1rbol de la sangre.<\/li><li><\/li><li><strong>1996\u00a0&#8211; PABLO AIMAR.<\/strong>\u00a0A la edad de 16 a\u00f1os debuta en la Primera Divisi\u00f3n de River Plate el mediocampista de ataque Pablo C\u00e9sar Aimar, en la derrota en la visita a Col\u00f3n de Santa Fe por 1 a 0, con gol de V\u00edctor M\u00fcller. El \u201cPayaso\u201d Aimar, quien brill\u00f3 en el Valencia y el Zaragoza espa\u00f1oles, entre otros equipos. fue campe\u00f3n con la selecci\u00f3n argentina sub 20 en el Mundial de Malasia 1997. Actualmente dirige la selecci\u00f3n sub 17.<\/li><li><\/li><li><strong>2007\u00a0&#8211; ROBERTO MAIDANA.<\/strong>\u00a0Muere en Buenos Aires, a la edad de 79 a\u00f1os, el periodista y locutor Roberto Maidana, conductor de exitosos programas de noticias en canal 13 y la televisi\u00f3n p\u00fablica y ganador de un premio Konex en 1987.<\/li><li><\/li><li><strong>2014\u00a0&#8211; ROBIN WILLIAMS<\/strong>. Muere en el poblado de Paradise (California, EEUU), a la edad de 63 a\u00f1os, el actor y comediante estadounidense Robin Williams, ganador de un premio \u00d3scar, cinco Globos de Oro, dos Emmy y tres Grammy.<\/li><li><\/li><li><strong>2019\u00a0&#8211; ELECCIONES PRIMARIAS<\/strong>. La f\u00f3rmula presidencial del Frente de Todos, formada por Alberto Fern\u00e1ndez y Cristina Fern\u00e1ndez de Kirchner, gana las Primarias Abiertas SImult\u00e1neas y Obligatorias (PASO).<\/li><li><\/li><li><strong>2022\u00a0&#8211; D\u00cdA DEL NUTRICIONISTA.<\/strong>\u00a0Se celebra el D\u00eda del Nutricionista en conmemoraci\u00f3n de la fecha del nacimiento, en 1887, del m\u00e9dico argentino Pedro Escudero, fundador y director del Instituto Nacional de Nutrici\u00f3n. Fue maestro de varias generaciones de m\u00e9dicos, por lo que se lo considera \u201cel padre de la nutrici\u00f3n en Am\u00e9rica\u201d.<\/li><\/ul>\n","protected":false},"excerpt":{"rendered":"<p>Se celebra el D\u00eda del Nutricionista en conmemoraci\u00f3n de la fecha del nacimiento, en 1887, del m\u00e9dico argentino Pedro Escudero, fundador y director del Instituto Nacional de Nutrici\u00f3n. Fue maestro de varias generaciones de m\u00e9dicos, por lo que se lo considera \u201cel padre de la nutrici\u00f3n en Am\u00e9rica\u201d<\/p>\n","protected":false},"author":2,"featured_media":96098,"comment_status":"closed","ping_status":"open","sticky":false,"template":"","format":"standard","meta":{"footnotes":""},"categories":[50],"tags":[4812],"class_list":["post-96096","post","type-post","status-publish","format-standard","has-post-thumbnail","hentry","category-c1nota4","tag-efemerides-infoecos-2"],"yoast_head":"<!-- This site is optimized with the Yoast SEO plugin v23.4 - https:\/\/yoast.com\/wordpress\/plugins\/seo\/ -->\n<title>Que se recuerda y se celebra el 11 de Agosto... - Infoecos<\/title>\n<meta name=\"robots\" content=\"index, follow, max-snippet:-1, max-image-preview:large, max-video-preview:-1\" \/>\n<link rel=\"canonical\" href=\"https:\/\/infoecos.com.ar\/index.php\/que-se-recuerda-y-se-celebra-el-11-de-agosto\/\" \/>\n<meta property=\"og:locale\" content=\"es_ES\" \/>\n<meta property=\"og:type\" content=\"article\" \/>\n<meta property=\"og:title\" content=\"Que se recuerda y se celebra el 11 de Agosto... - Infoecos\" \/>\n<meta property=\"og:description\" content=\"Se celebra el D\u00eda del Nutricionista en conmemoraci\u00f3n de la fecha del nacimiento, en 1887, del m\u00e9dico argentino Pedro Escudero, fundador y director del Instituto Nacional de Nutrici\u00f3n. Fue maestro de varias generaciones de m\u00e9dicos, por lo que se lo considera \u201cel padre de la nutrici\u00f3n en Am\u00e9rica\u201d\" \/>\n<meta property=\"og:url\" content=\"https:\/\/infoecos.com.ar\/index.php\/que-se-recuerda-y-se-celebra-el-11-de-agosto\/\" \/>\n<meta property=\"og:site_name\" content=\"Infoecos\" \/>\n<meta property=\"article:publisher\" content=\"https:\/\/www.facebook.com\/profile.php?id=100063200290284\" \/>\n<meta property=\"article:published_time\" content=\"2022-08-11T08:31:42+00:00\" \/>\n<meta property=\"article:modified_time\" content=\"2022-08-11T08:31:43+00:00\" \/>\n<meta property=\"og:image\" content=\"https:\/\/infoecos.com.ar\/wp-content\/uploads\/2022\/08\/00004440.jpg\" \/>\n\t<meta property=\"og:image:width\" content=\"800\" \/>\n\t<meta property=\"og:image:height\" content=\"534\" \/>\n\t<meta property=\"og:image:type\" content=\"image\/jpeg\" \/>\n<meta name=\"author\" content=\"Jorge Matheus\" \/>\n<meta name=\"twitter:card\" content=\"summary_large_image\" \/>\n<meta name=\"twitter:creator\" content=\"@infoecos\" \/>\n<meta name=\"twitter:site\" content=\"@infoecos\" \/>\n<meta name=\"twitter:label1\" content=\"Escrito por\" \/>\n\t<meta name=\"twitter:data1\" content=\"Jorge Matheus\" \/>\n\t<meta name=\"twitter:label2\" content=\"Tiempo de lectura\" \/>\n\t<meta name=\"twitter:data2\" content=\"3 minutos\" \/>\n<script type=\"application\/ld+json\" class=\"yoast-schema-graph\">{\"@context\":\"https:\/\/schema.org\",\"@graph\":[{\"@type\":\"Article\",\"@id\":\"https:\/\/infoecos.com.ar\/index.php\/que-se-recuerda-y-se-celebra-el-11-de-agosto\/#article\",\"isPartOf\":{\"@id\":\"https:\/\/infoecos.com.ar\/index.php\/que-se-recuerda-y-se-celebra-el-11-de-agosto\/\"},\"author\":{\"name\":\"Jorge Matheus\",\"@id\":\"https:\/\/infoecos.com.ar\/#\/schema\/person\/8f5ace5ce73b4b4aac4b7245aee6f191\"},\"headline\":\"Que se recuerda y se celebra el 11 de Agosto&#8230;\",\"datePublished\":\"2022-08-11T08:31:42+00:00\",\"dateModified\":\"2022-08-11T08:31:43+00:00\",\"mainEntityOfPage\":{\"@id\":\"https:\/\/infoecos.com.ar\/index.php\/que-se-recuerda-y-se-celebra-el-11-de-agosto\/\"},\"wordCount\":539,\"publisher\":{\"@id\":\"https:\/\/infoecos.com.ar\/#organization\"},\"image\":{\"@id\":\"https:\/\/infoecos.com.ar\/index.php\/que-se-recuerda-y-se-celebra-el-11-de-agosto\/#primaryimage\"},\"thumbnailUrl\":\"https:\/\/infoecos.com.ar\/wp-content\/uploads\/2022\/08\/00004440.jpg\",\"keywords\":[\"EFEM\u00c9RIDES INFOECOS\"],\"articleSection\":[\"C1 N4\"],\"inLanguage\":\"es\"},{\"@type\":\"WebPage\",\"@id\":\"https:\/\/infoecos.com.ar\/index.php\/que-se-recuerda-y-se-celebra-el-11-de-agosto\/\",\"url\":\"https:\/\/infoecos.com.ar\/index.php\/que-se-recuerda-y-se-celebra-el-11-de-agosto\/\",\"name\":\"Que se recuerda y se celebra el 11 de Agosto... - Infoecos\",\"isPartOf\":{\"@id\":\"https:\/\/infoecos.com.ar\/#website\"},\"primaryImageOfPage\":{\"@id\":\"https:\/\/infoecos.com.ar\/index.php\/que-se-recuerda-y-se-celebra-el-11-de-agosto\/#primaryimage\"},\"image\":{\"@id\":\"https:\/\/infoecos.com.ar\/index.php\/que-se-recuerda-y-se-celebra-el-11-de-agosto\/#primaryimage\"},\"thumbnailUrl\":\"https:\/\/infoecos.com.ar\/wp-content\/uploads\/2022\/08\/00004440.jpg\",\"datePublished\":\"2022-08-11T08:31:42+00:00\",\"dateModified\":\"2022-08-11T08:31:43+00:00\",\"breadcrumb\":{\"@id\":\"https:\/\/infoecos.com.ar\/index.php\/que-se-recuerda-y-se-celebra-el-11-de-agosto\/#breadcrumb\"},\"inLanguage\":\"es\",\"potentialAction\":[{\"@type\":\"ReadAction\",\"target\":[\"https:\/\/infoecos.com.ar\/index.php\/que-se-recuerda-y-se-celebra-el-11-de-agosto\/\"]}]},{\"@type\":\"ImageObject\",\"inLanguage\":\"es\",\"@id\":\"https:\/\/infoecos.com.ar\/index.php\/que-se-recuerda-y-se-celebra-el-11-de-agosto\/#primaryimage\",\"url\":\"https:\/\/infoecos.com.ar\/wp-content\/uploads\/2022\/08\/00004440.jpg\",\"contentUrl\":\"https:\/\/infoecos.com.ar\/wp-content\/uploads\/2022\/08\/00004440.jpg\",\"width\":800,\"height\":534},{\"@type\":\"BreadcrumbList\",\"@id\":\"https:\/\/infoecos.com.ar\/index.php\/que-se-recuerda-y-se-celebra-el-11-de-agosto\/#breadcrumb\",\"itemListElement\":[{\"@type\":\"ListItem\",\"position\":1,\"name\":\"Portada\",\"item\":\"https:\/\/infoecos.com.ar\/\"},{\"@type\":\"ListItem\",\"position\":2,\"name\":\"Que se recuerda y se celebra el 11 de Agosto&#8230;\"}]},{\"@type\":\"WebSite\",\"@id\":\"https:\/\/infoecos.com.ar\/#website\",\"url\":\"https:\/\/infoecos.com.ar\/\",\"name\":\"Infoecos\",\"description\":\"Noticias de trenque lauquen y la zona\",\"publisher\":{\"@id\":\"https:\/\/infoecos.com.ar\/#organization\"},\"alternateName\":\"Noticias\",\"potentialAction\":[{\"@type\":\"SearchAction\",\"target\":{\"@type\":\"EntryPoint\",\"urlTemplate\":\"https:\/\/infoecos.com.ar\/?s={search_term_string}\"},\"query-input\":{\"@type\":\"PropertyValueSpecification\",\"valueRequired\":true,\"valueName\":\"search_term_string\"}}],\"inLanguage\":\"es\"},{\"@type\":\"Organization\",\"@id\":\"https:\/\/infoecos.com.ar\/#organization\",\"name\":\"Infoecos\",\"alternateName\":\"Noticias\",\"url\":\"https:\/\/infoecos.com.ar\/\",\"logo\":{\"@type\":\"ImageObject\",\"inLanguage\":\"es\",\"@id\":\"https:\/\/infoecos.com.ar\/#\/schema\/logo\/image\/\",\"url\":\"https:\/\/infoecos.com.ar\/wp-content\/uploads\/2024\/03\/cropped-logo.png\",\"contentUrl\":\"https:\/\/infoecos.com.ar\/wp-content\/uploads\/2024\/03\/cropped-logo.png\",\"width\":374,\"height\":90,\"caption\":\"Infoecos\"},\"image\":{\"@id\":\"https:\/\/infoecos.com.ar\/#\/schema\/logo\/image\/\"},\"sameAs\":[\"https:\/\/www.facebook.com\/profile.php?id=100063200290284\",\"https:\/\/x.com\/infoecos\"]},{\"@type\":\"Person\",\"@id\":\"https:\/\/infoecos.com.ar\/#\/schema\/person\/8f5ace5ce73b4b4aac4b7245aee6f191\",\"name\":\"Jorge Matheus\",\"url\":\"https:\/\/infoecos.com.ar\/index.php\/author\/jomatheus\/\"}]}<\/script>\n<!-- \/ Yoast SEO plugin. -->","yoast_head_json":{"title":"Que se recuerda y se celebra el 11 de Agosto... - Infoecos","robots":{"index":"index","follow":"follow","max-snippet":"max-snippet:-1","max-image-preview":"max-image-preview:large","max-video-preview":"max-video-preview:-1"},"canonical":"https:\/\/infoecos.com.ar\/index.php\/que-se-recuerda-y-se-celebra-el-11-de-agosto\/","og_locale":"es_ES","og_type":"article","og_title":"Que se recuerda y se celebra el 11 de Agosto... - Infoecos","og_description":"Se celebra el D\u00eda del Nutricionista en conmemoraci\u00f3n de la fecha del nacimiento, en 1887, del m\u00e9dico argentino Pedro Escudero, fundador y director del Instituto Nacional de Nutrici\u00f3n. Fue maestro de varias generaciones de m\u00e9dicos, por lo que se lo considera \u201cel padre de la nutrici\u00f3n en Am\u00e9rica\u201d","og_url":"https:\/\/infoecos.com.ar\/index.php\/que-se-recuerda-y-se-celebra-el-11-de-agosto\/","og_site_name":"Infoecos","article_publisher":"https:\/\/www.facebook.com\/profile.php?id=100063200290284","article_published_time":"2022-08-11T08:31:42+00:00","article_modified_time":"2022-08-11T08:31:43+00:00","og_image":[{"width":800,"height":534,"url":"https:\/\/infoecos.com.ar\/wp-content\/uploads\/2022\/08\/00004440.jpg","type":"image\/jpeg"}],"author":"Jorge Matheus","twitter_card":"summary_large_image","twitter_creator":"@infoecos","twitter_site":"@infoecos","twitter_misc":{"Escrito por":"Jorge Matheus","Tiempo de lectura":"3 minutos"},"schema":{"@context":"https:\/\/schema.org","@graph":[{"@type":"Article","@id":"https:\/\/infoecos.com.ar\/index.php\/que-se-recuerda-y-se-celebra-el-11-de-agosto\/#article","isPartOf":{"@id":"https:\/\/infoecos.com.ar\/index.php\/que-se-recuerda-y-se-celebra-el-11-de-agosto\/"},"author":{"name":"Jorge Matheus","@id":"https:\/\/infoecos.com.ar\/#\/schema\/person\/8f5ace5ce73b4b4aac4b7245aee6f191"},"headline":"Que se recuerda y se celebra el 11 de Agosto&#8230;","datePublished":"2022-08-11T08:31:42+00:00","dateModified":"2022-08-11T08:31:43+00:00","mainEntityOfPage":{"@id":"https:\/\/infoecos.com.ar\/index.php\/que-se-recuerda-y-se-celebra-el-11-de-agosto\/"},"wordCount":539,"publisher":{"@id":"https:\/\/infoecos.com.ar\/#organization"},"image":{"@id":"https:\/\/infoecos.com.ar\/index.php\/que-se-recuerda-y-se-celebra-el-11-de-agosto\/#primaryimage"},"thumbnailUrl":"https:\/\/infoecos.com.ar\/wp-content\/uploads\/2022\/08\/00004440.jpg","keywords":["EFEM\u00c9RIDES INFOECOS"],"articleSection":["C1 N4"],"inLanguage":"es"},{"@type":"WebPage","@id":"https:\/\/infoecos.com.ar\/index.php\/que-se-recuerda-y-se-celebra-el-11-de-agosto\/","url":"https:\/\/infoecos.com.ar\/index.php\/que-se-recuerda-y-se-celebra-el-11-de-agosto\/","name":"Que se recuerda y se celebra el 11 de Agosto... - Infoecos","isPartOf":{"@id":"https:\/\/infoecos.com.ar\/#website"},"primaryImageOfPage":{"@id":"https:\/\/infoecos.com.ar\/index.php\/que-se-recuerda-y-se-celebra-el-11-de-agosto\/#primaryimage"},"image":{"@id":"https:\/\/infoecos.com.ar\/index.php\/que-se-recuerda-y-se-celebra-el-11-de-agosto\/#primaryimage"},"thumbnailUrl":"https:\/\/infoecos.com.ar\/wp-content\/uploads\/2022\/08\/00004440.jpg","datePublished":"2022-08-11T08:31:42+00:00","dateModified":"2022-08-11T08:31:43+00:00","breadcrumb":{"@id":"https:\/\/infoecos.com.ar\/index.php\/que-se-recuerda-y-se-celebra-el-11-de-agosto\/#breadcrumb"},"inLanguage":"es","potentialAction":[{"@type":"ReadAction","target":["https:\/\/infoecos.com.ar\/index.php\/que-se-recuerda-y-se-celebra-el-11-de-agosto\/"]}]},{"@type":"ImageObject","inLanguage":"es","@id":"https:\/\/infoecos.com.ar\/index.php\/que-se-recuerda-y-se-celebra-el-11-de-agosto\/#primaryimage","url":"https:\/\/infoecos.com.ar\/wp-content\/uploads\/2022\/08\/00004440.jpg","contentUrl":"https:\/\/infoecos.com.ar\/wp-content\/uploads\/2022\/08\/00004440.jpg","width":800,"height":534},{"@type":"BreadcrumbList","@id":"https:\/\/infoecos.com.ar\/index.php\/que-se-recuerda-y-se-celebra-el-11-de-agosto\/#breadcrumb","itemListElement":[{"@type":"ListItem","position":1,"name":"Portada","item":"https:\/\/infoecos.com.ar\/"},{"@type":"ListItem","position":2,"name":"Que se recuerda y se celebra el 11 de Agosto&#8230;"}]},{"@type":"WebSite","@id":"https:\/\/infoecos.com.ar\/#website","url":"https:\/\/infoecos.com.ar\/","name":"Infoecos","description":"Noticias de trenque lauquen y la zona","publisher":{"@id":"https:\/\/infoecos.com.ar\/#organization"},"alternateName":"Noticias","potentialAction":[{"@type":"SearchAction","target":{"@type":"EntryPoint","urlTemplate":"https:\/\/infoecos.com.ar\/?s={search_term_string}"},"query-input":{"@type":"PropertyValueSpecification","valueRequired":true,"valueName":"search_term_string"}}],"inLanguage":"es"},{"@type":"Organization","@id":"https:\/\/infoecos.com.ar\/#organization","name":"Infoecos","alternateName":"Noticias","url":"https:\/\/infoecos.com.ar\/","logo":{"@type":"ImageObject","inLanguage":"es","@id":"https:\/\/infoecos.com.ar\/#\/schema\/logo\/image\/","url":"https:\/\/infoecos.com.ar\/wp-content\/uploads\/2024\/03\/cropped-logo.png","contentUrl":"https:\/\/infoecos.com.ar\/wp-content\/uploads\/2024\/03\/cropped-logo.png","width":374,"height":90,"caption":"Infoecos"},"image":{"@id":"https:\/\/infoecos.com.ar\/#\/schema\/logo\/image\/"},"sameAs":["https:\/\/www.facebook.com\/profile.php?id=100063200290284","https:\/\/x.com\/infoecos"]},{"@type":"Person","@id":"https:\/\/infoecos.com.ar\/#\/schema\/person\/8f5ace5ce73b4b4aac4b7245aee6f191","name":"Jorge Matheus","url":"https:\/\/infoecos.com.ar\/index.php\/author\/jomatheus\/"}]}},"featured_image_urls":{"full":["https:\/\/infoecos.com.ar\/wp-content\/uploads\/2022\/08\/00004440.jpg",800,534,false],"thumbnail":["https:\/\/infoecos.com.ar\/wp-content\/uploads\/2022\/08\/00004440-150x150.jpg",150,150,true],"medium":["https:\/\/infoecos.com.ar\/wp-content\/uploads\/2022\/08\/00004440-460x307.jpg",460,307,true],"medium_large":["https:\/\/infoecos.com.ar\/wp-content\/uploads\/2022\/08\/00004440-768x513.jpg",640,428,true],"large":["https:\/\/infoecos.com.ar\/wp-content\/uploads\/2022\/08\/00004440.jpg",640,427,false],"1536x1536":["https:\/\/infoecos.com.ar\/wp-content\/uploads\/2022\/08\/00004440.jpg",800,534,false],"2048x2048":["https:\/\/infoecos.com.ar\/wp-content\/uploads\/2022\/08\/00004440.jpg",800,534,false],"covernews-slider-full":["https:\/\/infoecos.com.ar\/wp-content\/uploads\/2022\/08\/00004440.jpg",800,534,false],"covernews-slider-center":["https:\/\/infoecos.com.ar\/wp-content\/uploads\/2022\/08\/00004440.jpg",749,500,false],"covernews-featured":["https:\/\/infoecos.com.ar\/wp-content\/uploads\/2022\/08\/00004440.jpg",800,534,false],"covernews-medium":["https:\/\/infoecos.com.ar\/wp-content\/uploads\/2022\/08\/00004440-720x380.jpg",540,285,true],"covernews-medium-square":["https:\/\/infoecos.com.ar\/wp-content\/uploads\/2022\/08\/00004440-675x450.jpg",375,250,true]},"author_info":{"info":["Jorge Matheus"]},"category_info":"<a href=\"https:\/\/infoecos.com.ar\/index.php\/category\/c1nota4\/\" rel=\"category tag\">C1 N4<\/a>","tag_info":"C1 N4","comment_count":"0","_links":{"self":[{"href":"https:\/\/infoecos.com.ar\/index.php\/wp-json\/wp\/v2\/posts\/96096"}],"collection":[{"href":"https:\/\/infoecos.com.ar\/index.php\/wp-json\/wp\/v2\/posts"}],"about":[{"href":"https:\/\/infoecos.com.ar\/index.php\/wp-json\/wp\/v2\/types\/post"}],"author":[{"embeddable":true,"href":"https:\/\/infoecos.com.ar\/index.php\/wp-json\/wp\/v2\/users\/2"}],"replies":[{"embeddable":true,"href":"https:\/\/infoecos.com.ar\/index.php\/wp-json\/wp\/v2\/comments?post=96096"}],"version-history":[{"count":1,"href":"https:\/\/infoecos.com.ar\/index.php\/wp-json\/wp\/v2\/posts\/96096\/revisions"}],"predecessor-version":[{"id":96099,"href":"https:\/\/infoecos.com.ar\/index.php\/wp-json\/wp\/v2\/posts\/96096\/revisions\/96099"}],"wp:featuredmedia":[{"embeddable":true,"href":"https:\/\/infoecos.com.ar\/index.php\/wp-json\/wp\/v2\/media\/96098"}],"wp:attachment":[{"href":"https:\/\/infoecos.com.ar\/index.php\/wp-json\/wp\/v2\/media?parent=96096"}],"wp:term":[{"taxonomy":"category","embeddable":true,"href":"https:\/\/infoecos.com.ar\/index.php\/wp-json\/wp\/v2\/categories?post=96096"},{"taxonomy":"post_tag","embeddable":true,"href":"https:\/\/infoecos.com.ar\/index.php\/wp-json\/wp\/v2\/tags?post=96096"}],"curies":[{"name":"wp","href":"https:\/\/api.w.org\/{rel}","templated":true}]}}