{"id":96102,"date":"2022-08-11T05:58:56","date_gmt":"2022-08-11T08:58:56","guid":{"rendered":"http:\/\/infoecos.com.ar\/?p=96102"},"modified":"2022-08-12T04:31:13","modified_gmt":"2022-08-12T07:31:13","slug":"el-concejal-cardini-de-juntos-por-el-cambio-pide-dirigirse-a-las-autoridades-provinciales-para-que-informen-sobre-la-ruta-del-cereal","status":"publish","type":"post","link":"https:\/\/infoecos.com.ar\/index.php\/el-concejal-cardini-de-juntos-por-el-cambio-pide-dirigirse-a-las-autoridades-provinciales-para-que-informen-sobre-la-ruta-del-cereal\/","title":{"rendered":"Cardini de JxC pide dirigirse a las autoridades de Buenos Aires para que informen sobre la Ruta del Cereal"},"content":{"rendered":"\n<p>El concejal Mat\u00edas Cardini de Juntos por el Cambio del distrito de Trenque Lauquen elev\u00f3 un proyecto de comunicaci\u00f3n referido a lo que considera despido de trabajadores y a las consecuencias que esto trae en la Ruta del Cereal. <\/p>\n\n\n\n<figure class=\"wp-block-image aligncenter size-full is-resized\"><img loading=\"lazy\" decoding=\"async\" src=\"http:\/\/infoecos.com.ar\/wp-content\/uploads\/2022\/08\/image-80.png\" alt=\"\" class=\"wp-image-96103\" width=\"614\" height=\"345\" srcset=\"https:\/\/infoecos.com.ar\/wp-content\/uploads\/2022\/08\/image-80.png 807w, https:\/\/infoecos.com.ar\/wp-content\/uploads\/2022\/08\/image-80-460x259.png 460w, https:\/\/infoecos.com.ar\/wp-content\/uploads\/2022\/08\/image-80-768x432.png 768w\" sizes=\"(max-width: 614px) 100vw, 614px\" \/><\/figure>\n\n\n\n<p>Cardini en los considerandos menciona que \u00absi bien los trabajadores despedidos pertenecen a una empresa privada, la situaci\u00f3n econ\u00f3mica actual es muy grave, y que los despidos de trabajadores y trabajadoras generan preocupaci\u00f3n y angustia en las familias de la regi\u00f3n\u00bb. Mencona que \u00abal contar con escasa, o menor cantidad de trabajadores abocados a la obra, el avance de la misma ser\u00e1 ralentizado considerablemente\u00bb, a la par de indicar que \u00abesta ralentizaci\u00f3n o par\u00e1lisis de la obra es muy peligrosa para los que transitan por la mencionada Ruta, porque hay numerosos lugares donde hay nula o escasa se\u00f1alizaci\u00f3n de mont\u00edculos de tierra, o cunetas profundas donde podr\u00edan ocurrir graves accidentes\u00bb.<\/p>\n\n\n\n<p>El proyecto contiene dos art\u00edculos. Son los siguientes:<\/p>\n\n\n\n<p><strong>Solicitar al Ministro de Infraestructura y Servicios P\u00fablicos de la Provincia de Buenos Aires, tengan a bien informar acerca de las implicancias y efectos que tendr\u00edan los despidos de trabajadores que realizaban tareas en la denominada obra de la Ruta del Cereal, en los tiempos proyectados de avance y terminaci\u00f3n de la obra.<\/strong><\/p>\n\n\n\n<p><strong>Solicitar a la Direcci\u00f3n de Vialidad Provincial exija a la empresa Construmex S.A. implemente las medidas de seguridad correspondientes para evitar accidentes en el tramo mencionado de la Ruta del Cereal.<\/strong><\/p>\n","protected":false},"excerpt":{"rendered":"<p>Menciona que \u00absi bien los trabajadores despedidos pertenecen a una empresa privada, la situaci\u00f3n econ\u00f3mica actual es muy grave, y que los despidos de trabajadores y trabajadoras generan preocupaci\u00f3n y angustia en las familias de la regi\u00f3n\u00bb<\/p>\n","protected":false},"author":2,"featured_media":96103,"comment_status":"closed","ping_status":"open","sticky":false,"template":"","format":"standard","meta":{"footnotes":""},"categories":[1325],"tags":[6549],"class_list":["post-96102","post","type-post","status-publish","format-standard","has-post-thumbnail","hentry","category-c1nota6","tag-ruta-del-cereal"],"yoast_head":"<!-- This site is optimized with the Yoast SEO plugin v23.4 - https:\/\/yoast.com\/wordpress\/plugins\/seo\/ -->\n<title>Cardini de JxC pide dirigirse a las autoridades de Buenos Aires para que informen sobre la Ruta del Cereal - Infoecos<\/title>\n<meta name=\"robots\" content=\"index, follow, max-snippet:-1, max-image-preview:large, max-video-preview:-1\" \/>\n<link rel=\"canonical\" href=\"https:\/\/infoecos.com.ar\/index.php\/el-concejal-cardini-de-juntos-por-el-cambio-pide-dirigirse-a-las-autoridades-provinciales-para-que-informen-sobre-la-ruta-del-cereal\/\" \/>\n<meta property=\"og:locale\" content=\"es_ES\" \/>\n<meta property=\"og:type\" content=\"article\" \/>\n<meta property=\"og:title\" content=\"Cardini de JxC pide dirigirse a las autoridades de Buenos Aires para que informen sobre la Ruta del Cereal - Infoecos\" \/>\n<meta property=\"og:description\" content=\"Menciona que &quot;si bien los trabajadores despedidos pertenecen a una empresa privada, la situaci\u00f3n econ\u00f3mica actual es muy grave, y que los despidos de trabajadores y trabajadoras generan preocupaci\u00f3n y angustia en las familias de la regi\u00f3n&quot;\" \/>\n<meta property=\"og:url\" content=\"https:\/\/infoecos.com.ar\/index.php\/el-concejal-cardini-de-juntos-por-el-cambio-pide-dirigirse-a-las-autoridades-provinciales-para-que-informen-sobre-la-ruta-del-cereal\/\" \/>\n<meta property=\"og:site_name\" content=\"Infoecos\" \/>\n<meta property=\"article:publisher\" content=\"https:\/\/www.facebook.com\/profile.php?id=100063200290284\" \/>\n<meta property=\"article:published_time\" content=\"2022-08-11T08:58:56+00:00\" \/>\n<meta property=\"article:modified_time\" content=\"2022-08-12T07:31:13+00:00\" \/>\n<meta property=\"og:image\" content=\"https:\/\/infoecos.com.ar\/wp-content\/uploads\/2022\/08\/image-80.png\" \/>\n\t<meta property=\"og:image:width\" content=\"807\" \/>\n\t<meta property=\"og:image:height\" content=\"454\" \/>\n\t<meta property=\"og:image:type\" content=\"image\/png\" \/>\n<meta name=\"author\" content=\"Jorge Matheus\" \/>\n<meta name=\"twitter:card\" content=\"summary_large_image\" \/>\n<meta name=\"twitter:creator\" content=\"@infoecos\" \/>\n<meta name=\"twitter:site\" content=\"@infoecos\" \/>\n<meta name=\"twitter:label1\" content=\"Escrito por\" \/>\n\t<meta name=\"twitter:data1\" content=\"Jorge Matheus\" \/>\n\t<meta name=\"twitter:label2\" content=\"Tiempo de lectura\" \/>\n\t<meta name=\"twitter:data2\" content=\"1 minuto\" \/>\n<script type=\"application\/ld+json\" class=\"yoast-schema-graph\">{\"@context\":\"https:\/\/schema.org\",\"@graph\":[{\"@type\":\"Article\",\"@id\":\"https:\/\/infoecos.com.ar\/index.php\/el-concejal-cardini-de-juntos-por-el-cambio-pide-dirigirse-a-las-autoridades-provinciales-para-que-informen-sobre-la-ruta-del-cereal\/#article\",\"isPartOf\":{\"@id\":\"https:\/\/infoecos.com.ar\/index.php\/el-concejal-cardini-de-juntos-por-el-cambio-pide-dirigirse-a-las-autoridades-provinciales-para-que-informen-sobre-la-ruta-del-cereal\/\"},\"author\":{\"name\":\"Jorge Matheus\",\"@id\":\"https:\/\/infoecos.com.ar\/#\/schema\/person\/8f5ace5ce73b4b4aac4b7245aee6f191\"},\"headline\":\"Cardini de JxC pide dirigirse a las autoridades de Buenos Aires para que informen sobre la Ruta del Cereal\",\"datePublished\":\"2022-08-11T08:58:56+00:00\",\"dateModified\":\"2022-08-12T07:31:13+00:00\",\"mainEntityOfPage\":{\"@id\":\"https:\/\/infoecos.com.ar\/index.php\/el-concejal-cardini-de-juntos-por-el-cambio-pide-dirigirse-a-las-autoridades-provinciales-para-que-informen-sobre-la-ruta-del-cereal\/\"},\"wordCount\":278,\"publisher\":{\"@id\":\"https:\/\/infoecos.com.ar\/#organization\"},\"image\":{\"@id\":\"https:\/\/infoecos.com.ar\/index.php\/el-concejal-cardini-de-juntos-por-el-cambio-pide-dirigirse-a-las-autoridades-provinciales-para-que-informen-sobre-la-ruta-del-cereal\/#primaryimage\"},\"thumbnailUrl\":\"https:\/\/infoecos.com.ar\/wp-content\/uploads\/2022\/08\/image-80.png\",\"keywords\":[\"RUTA DEL CEREAL\"],\"articleSection\":[\"C1 nota 6\"],\"inLanguage\":\"es\"},{\"@type\":\"WebPage\",\"@id\":\"https:\/\/infoecos.com.ar\/index.php\/el-concejal-cardini-de-juntos-por-el-cambio-pide-dirigirse-a-las-autoridades-provinciales-para-que-informen-sobre-la-ruta-del-cereal\/\",\"url\":\"https:\/\/infoecos.com.ar\/index.php\/el-concejal-cardini-de-juntos-por-el-cambio-pide-dirigirse-a-las-autoridades-provinciales-para-que-informen-sobre-la-ruta-del-cereal\/\",\"name\":\"Cardini de JxC pide dirigirse a las autoridades de Buenos Aires para que informen sobre la Ruta del Cereal - Infoecos\",\"isPartOf\":{\"@id\":\"https:\/\/infoecos.com.ar\/#website\"},\"primaryImageOfPage\":{\"@id\":\"https:\/\/infoecos.com.ar\/index.php\/el-concejal-cardini-de-juntos-por-el-cambio-pide-dirigirse-a-las-autoridades-provinciales-para-que-informen-sobre-la-ruta-del-cereal\/#primaryimage\"},\"image\":{\"@id\":\"https:\/\/infoecos.com.ar\/index.php\/el-concejal-cardini-de-juntos-por-el-cambio-pide-dirigirse-a-las-autoridades-provinciales-para-que-informen-sobre-la-ruta-del-cereal\/#primaryimage\"},\"thumbnailUrl\":\"https:\/\/infoecos.com.ar\/wp-content\/uploads\/2022\/08\/image-80.png\",\"datePublished\":\"2022-08-11T08:58:56+00:00\",\"dateModified\":\"2022-08-12T07:31:13+00:00\",\"breadcrumb\":{\"@id\":\"https:\/\/infoecos.com.ar\/index.php\/el-concejal-cardini-de-juntos-por-el-cambio-pide-dirigirse-a-las-autoridades-provinciales-para-que-informen-sobre-la-ruta-del-cereal\/#breadcrumb\"},\"inLanguage\":\"es\",\"potentialAction\":[{\"@type\":\"ReadAction\",\"target\":[\"https:\/\/infoecos.com.ar\/index.php\/el-concejal-cardini-de-juntos-por-el-cambio-pide-dirigirse-a-las-autoridades-provinciales-para-que-informen-sobre-la-ruta-del-cereal\/\"]}]},{\"@type\":\"ImageObject\",\"inLanguage\":\"es\",\"@id\":\"https:\/\/infoecos.com.ar\/index.php\/el-concejal-cardini-de-juntos-por-el-cambio-pide-dirigirse-a-las-autoridades-provinciales-para-que-informen-sobre-la-ruta-del-cereal\/#primaryimage\",\"url\":\"https:\/\/infoecos.com.ar\/wp-content\/uploads\/2022\/08\/image-80.png\",\"contentUrl\":\"https:\/\/infoecos.com.ar\/wp-content\/uploads\/2022\/08\/image-80.png\",\"width\":807,\"height\":454},{\"@type\":\"BreadcrumbList\",\"@id\":\"https:\/\/infoecos.com.ar\/index.php\/el-concejal-cardini-de-juntos-por-el-cambio-pide-dirigirse-a-las-autoridades-provinciales-para-que-informen-sobre-la-ruta-del-cereal\/#breadcrumb\",\"itemListElement\":[{\"@type\":\"ListItem\",\"position\":1,\"name\":\"Portada\",\"item\":\"https:\/\/infoecos.com.ar\/\"},{\"@type\":\"ListItem\",\"position\":2,\"name\":\"Cardini de JxC pide dirigirse a las autoridades de Buenos Aires para que informen sobre la Ruta del Cereal\"}]},{\"@type\":\"WebSite\",\"@id\":\"https:\/\/infoecos.com.ar\/#website\",\"url\":\"https:\/\/infoecos.com.ar\/\",\"name\":\"Infoecos\",\"description\":\"Noticias de trenque lauquen y la zona\",\"publisher\":{\"@id\":\"https:\/\/infoecos.com.ar\/#organization\"},\"alternateName\":\"Noticias\",\"potentialAction\":[{\"@type\":\"SearchAction\",\"target\":{\"@type\":\"EntryPoint\",\"urlTemplate\":\"https:\/\/infoecos.com.ar\/?s={search_term_string}\"},\"query-input\":{\"@type\":\"PropertyValueSpecification\",\"valueRequired\":true,\"valueName\":\"search_term_string\"}}],\"inLanguage\":\"es\"},{\"@type\":\"Organization\",\"@id\":\"https:\/\/infoecos.com.ar\/#organization\",\"name\":\"Infoecos\",\"alternateName\":\"Noticias\",\"url\":\"https:\/\/infoecos.com.ar\/\",\"logo\":{\"@type\":\"ImageObject\",\"inLanguage\":\"es\",\"@id\":\"https:\/\/infoecos.com.ar\/#\/schema\/logo\/image\/\",\"url\":\"https:\/\/infoecos.com.ar\/wp-content\/uploads\/2024\/03\/cropped-logo.png\",\"contentUrl\":\"https:\/\/infoecos.com.ar\/wp-content\/uploads\/2024\/03\/cropped-logo.png\",\"width\":374,\"height\":90,\"caption\":\"Infoecos\"},\"image\":{\"@id\":\"https:\/\/infoecos.com.ar\/#\/schema\/logo\/image\/\"},\"sameAs\":[\"https:\/\/www.facebook.com\/profile.php?id=100063200290284\",\"https:\/\/x.com\/infoecos\"]},{\"@type\":\"Person\",\"@id\":\"https:\/\/infoecos.com.ar\/#\/schema\/person\/8f5ace5ce73b4b4aac4b7245aee6f191\",\"name\":\"Jorge Matheus\",\"url\":\"https:\/\/infoecos.com.ar\/index.php\/author\/jomatheus\/\"}]}<\/script>\n<!-- \/ Yoast SEO plugin. -->","yoast_head_json":{"title":"Cardini de JxC pide dirigirse a las autoridades de Buenos Aires para que informen sobre la Ruta del Cereal - Infoecos","robots":{"index":"index","follow":"follow","max-snippet":"max-snippet:-1","max-image-preview":"max-image-preview:large","max-video-preview":"max-video-preview:-1"},"canonical":"https:\/\/infoecos.com.ar\/index.php\/el-concejal-cardini-de-juntos-por-el-cambio-pide-dirigirse-a-las-autoridades-provinciales-para-que-informen-sobre-la-ruta-del-cereal\/","og_locale":"es_ES","og_type":"article","og_title":"Cardini de JxC pide dirigirse a las autoridades de Buenos Aires para que informen sobre la Ruta del Cereal - Infoecos","og_description":"Menciona que \"si bien los trabajadores despedidos pertenecen a una empresa privada, la situaci\u00f3n econ\u00f3mica actual es muy grave, y que los despidos de trabajadores y trabajadoras generan preocupaci\u00f3n y angustia en las familias de la regi\u00f3n\"","og_url":"https:\/\/infoecos.com.ar\/index.php\/el-concejal-cardini-de-juntos-por-el-cambio-pide-dirigirse-a-las-autoridades-provinciales-para-que-informen-sobre-la-ruta-del-cereal\/","og_site_name":"Infoecos","article_publisher":"https:\/\/www.facebook.com\/profile.php?id=100063200290284","article_published_time":"2022-08-11T08:58:56+00:00","article_modified_time":"2022-08-12T07:31:13+00:00","og_image":[{"width":807,"height":454,"url":"https:\/\/infoecos.com.ar\/wp-content\/uploads\/2022\/08\/image-80.png","type":"image\/png"}],"author":"Jorge Matheus","twitter_card":"summary_large_image","twitter_creator":"@infoecos","twitter_site":"@infoecos","twitter_misc":{"Escrito por":"Jorge Matheus","Tiempo de lectura":"1 minuto"},"schema":{"@context":"https:\/\/schema.org","@graph":[{"@type":"Article","@id":"https:\/\/infoecos.com.ar\/index.php\/el-concejal-cardini-de-juntos-por-el-cambio-pide-dirigirse-a-las-autoridades-provinciales-para-que-informen-sobre-la-ruta-del-cereal\/#article","isPartOf":{"@id":"https:\/\/infoecos.com.ar\/index.php\/el-concejal-cardini-de-juntos-por-el-cambio-pide-dirigirse-a-las-autoridades-provinciales-para-que-informen-sobre-la-ruta-del-cereal\/"},"author":{"name":"Jorge Matheus","@id":"https:\/\/infoecos.com.ar\/#\/schema\/person\/8f5ace5ce73b4b4aac4b7245aee6f191"},"headline":"Cardini de JxC pide dirigirse a las autoridades de Buenos Aires para que informen sobre la Ruta del Cereal","datePublished":"2022-08-11T08:58:56+00:00","dateModified":"2022-08-12T07:31:13+00:00","mainEntityOfPage":{"@id":"https:\/\/infoecos.com.ar\/index.php\/el-concejal-cardini-de-juntos-por-el-cambio-pide-dirigirse-a-las-autoridades-provinciales-para-que-informen-sobre-la-ruta-del-cereal\/"},"wordCount":278,"publisher":{"@id":"https:\/\/infoecos.com.ar\/#organization"},"image":{"@id":"https:\/\/infoecos.com.ar\/index.php\/el-concejal-cardini-de-juntos-por-el-cambio-pide-dirigirse-a-las-autoridades-provinciales-para-que-informen-sobre-la-ruta-del-cereal\/#primaryimage"},"thumbnailUrl":"https:\/\/infoecos.com.ar\/wp-content\/uploads\/2022\/08\/image-80.png","keywords":["RUTA DEL CEREAL"],"articleSection":["C1 nota 6"],"inLanguage":"es"},{"@type":"WebPage","@id":"https:\/\/infoecos.com.ar\/index.php\/el-concejal-cardini-de-juntos-por-el-cambio-pide-dirigirse-a-las-autoridades-provinciales-para-que-informen-sobre-la-ruta-del-cereal\/","url":"https:\/\/infoecos.com.ar\/index.php\/el-concejal-cardini-de-juntos-por-el-cambio-pide-dirigirse-a-las-autoridades-provinciales-para-que-informen-sobre-la-ruta-del-cereal\/","name":"Cardini de JxC pide dirigirse a las autoridades de Buenos Aires para que informen sobre la Ruta del Cereal - Infoecos","isPartOf":{"@id":"https:\/\/infoecos.com.ar\/#website"},"primaryImageOfPage":{"@id":"https:\/\/infoecos.com.ar\/index.php\/el-concejal-cardini-de-juntos-por-el-cambio-pide-dirigirse-a-las-autoridades-provinciales-para-que-informen-sobre-la-ruta-del-cereal\/#primaryimage"},"image":{"@id":"https:\/\/infoecos.com.ar\/index.php\/el-concejal-cardini-de-juntos-por-el-cambio-pide-dirigirse-a-las-autoridades-provinciales-para-que-informen-sobre-la-ruta-del-cereal\/#primaryimage"},"thumbnailUrl":"https:\/\/infoecos.com.ar\/wp-content\/uploads\/2022\/08\/image-80.png","datePublished":"2022-08-11T08:58:56+00:00","dateModified":"2022-08-12T07:31:13+00:00","breadcrumb":{"@id":"https:\/\/infoecos.com.ar\/index.php\/el-concejal-cardini-de-juntos-por-el-cambio-pide-dirigirse-a-las-autoridades-provinciales-para-que-informen-sobre-la-ruta-del-cereal\/#breadcrumb"},"inLanguage":"es","potentialAction":[{"@type":"ReadAction","target":["https:\/\/infoecos.com.ar\/index.php\/el-concejal-cardini-de-juntos-por-el-cambio-pide-dirigirse-a-las-autoridades-provinciales-para-que-informen-sobre-la-ruta-del-cereal\/"]}]},{"@type":"ImageObject","inLanguage":"es","@id":"https:\/\/infoecos.com.ar\/index.php\/el-concejal-cardini-de-juntos-por-el-cambio-pide-dirigirse-a-las-autoridades-provinciales-para-que-informen-sobre-la-ruta-del-cereal\/#primaryimage","url":"https:\/\/infoecos.com.ar\/wp-content\/uploads\/2022\/08\/image-80.png","contentUrl":"https:\/\/infoecos.com.ar\/wp-content\/uploads\/2022\/08\/image-80.png","width":807,"height":454},{"@type":"BreadcrumbList","@id":"https:\/\/infoecos.com.ar\/index.php\/el-concejal-cardini-de-juntos-por-el-cambio-pide-dirigirse-a-las-autoridades-provinciales-para-que-informen-sobre-la-ruta-del-cereal\/#breadcrumb","itemListElement":[{"@type":"ListItem","position":1,"name":"Portada","item":"https:\/\/infoecos.com.ar\/"},{"@type":"ListItem","position":2,"name":"Cardini de JxC pide dirigirse a las autoridades de Buenos Aires para que informen sobre la Ruta del Cereal"}]},{"@type":"WebSite","@id":"https:\/\/infoecos.com.ar\/#website","url":"https:\/\/infoecos.com.ar\/","name":"Infoecos","description":"Noticias de trenque lauquen y la zona","publisher":{"@id":"https:\/\/infoecos.com.ar\/#organization"},"alternateName":"Noticias","potentialAction":[{"@type":"SearchAction","target":{"@type":"EntryPoint","urlTemplate":"https:\/\/infoecos.com.ar\/?s={search_term_string}"},"query-input":{"@type":"PropertyValueSpecification","valueRequired":true,"valueName":"search_term_string"}}],"inLanguage":"es"},{"@type":"Organization","@id":"https:\/\/infoecos.com.ar\/#organization","name":"Infoecos","alternateName":"Noticias","url":"https:\/\/infoecos.com.ar\/","logo":{"@type":"ImageObject","inLanguage":"es","@id":"https:\/\/infoecos.com.ar\/#\/schema\/logo\/image\/","url":"https:\/\/infoecos.com.ar\/wp-content\/uploads\/2024\/03\/cropped-logo.png","contentUrl":"https:\/\/infoecos.com.ar\/wp-content\/uploads\/2024\/03\/cropped-logo.png","width":374,"height":90,"caption":"Infoecos"},"image":{"@id":"https:\/\/infoecos.com.ar\/#\/schema\/logo\/image\/"},"sameAs":["https:\/\/www.facebook.com\/profile.php?id=100063200290284","https:\/\/x.com\/infoecos"]},{"@type":"Person","@id":"https:\/\/infoecos.com.ar\/#\/schema\/person\/8f5ace5ce73b4b4aac4b7245aee6f191","name":"Jorge Matheus","url":"https:\/\/infoecos.com.ar\/index.php\/author\/jomatheus\/"}]}},"featured_image_urls":{"full":["https:\/\/infoecos.com.ar\/wp-content\/uploads\/2022\/08\/image-80.png",807,454,false],"thumbnail":["https:\/\/infoecos.com.ar\/wp-content\/uploads\/2022\/08\/image-80-150x150.png",150,150,true],"medium":["https:\/\/infoecos.com.ar\/wp-content\/uploads\/2022\/08\/image-80-460x259.png",460,259,true],"medium_large":["https:\/\/infoecos.com.ar\/wp-content\/uploads\/2022\/08\/image-80-768x432.png",640,360,true],"large":["https:\/\/infoecos.com.ar\/wp-content\/uploads\/2022\/08\/image-80.png",640,360,false],"1536x1536":["https:\/\/infoecos.com.ar\/wp-content\/uploads\/2022\/08\/image-80.png",807,454,false],"2048x2048":["https:\/\/infoecos.com.ar\/wp-content\/uploads\/2022\/08\/image-80.png",807,454,false],"covernews-slider-full":["https:\/\/infoecos.com.ar\/wp-content\/uploads\/2022\/08\/image-80.png",807,454,false],"covernews-slider-center":["https:\/\/infoecos.com.ar\/wp-content\/uploads\/2022\/08\/image-80.png",800,450,false],"covernews-featured":["https:\/\/infoecos.com.ar\/wp-content\/uploads\/2022\/08\/image-80.png",807,454,false],"covernews-medium":["https:\/\/infoecos.com.ar\/wp-content\/uploads\/2022\/08\/image-80-720x380.png",540,285,true],"covernews-medium-square":["https:\/\/infoecos.com.ar\/wp-content\/uploads\/2022\/08\/image-80-675x450.png",375,250,true]},"author_info":{"info":["Jorge Matheus"]},"category_info":"<a href=\"https:\/\/infoecos.com.ar\/index.php\/category\/c1nota6\/\" rel=\"category tag\">C1 nota 6<\/a>","tag_info":"C1 nota 6","comment_count":"0","_links":{"self":[{"href":"https:\/\/infoecos.com.ar\/index.php\/wp-json\/wp\/v2\/posts\/96102"}],"collection":[{"href":"https:\/\/infoecos.com.ar\/index.php\/wp-json\/wp\/v2\/posts"}],"about":[{"href":"https:\/\/infoecos.com.ar\/index.php\/wp-json\/wp\/v2\/types\/post"}],"author":[{"embeddable":true,"href":"https:\/\/infoecos.com.ar\/index.php\/wp-json\/wp\/v2\/users\/2"}],"replies":[{"embeddable":true,"href":"https:\/\/infoecos.com.ar\/index.php\/wp-json\/wp\/v2\/comments?post=96102"}],"version-history":[{"count":2,"href":"https:\/\/infoecos.com.ar\/index.php\/wp-json\/wp\/v2\/posts\/96102\/revisions"}],"predecessor-version":[{"id":96115,"href":"https:\/\/infoecos.com.ar\/index.php\/wp-json\/wp\/v2\/posts\/96102\/revisions\/96115"}],"wp:featuredmedia":[{"embeddable":true,"href":"https:\/\/infoecos.com.ar\/index.php\/wp-json\/wp\/v2\/media\/96103"}],"wp:attachment":[{"href":"https:\/\/infoecos.com.ar\/index.php\/wp-json\/wp\/v2\/media?parent=96102"}],"wp:term":[{"taxonomy":"category","embeddable":true,"href":"https:\/\/infoecos.com.ar\/index.php\/wp-json\/wp\/v2\/categories?post=96102"},{"taxonomy":"post_tag","embeddable":true,"href":"https:\/\/infoecos.com.ar\/index.php\/wp-json\/wp\/v2\/tags?post=96102"}],"curies":[{"name":"wp","href":"https:\/\/api.w.org\/{rel}","templated":true}]}}