{"id":96153,"date":"2022-08-12T03:16:18","date_gmt":"2022-08-12T06:16:18","guid":{"rendered":"http:\/\/infoecos.com.ar\/?p=96153"},"modified":"2022-08-12T03:21:20","modified_gmt":"2022-08-12T06:21:20","slug":"volco-una-vecina-de-america-en-el-camino-que-une-esa-ciudad-con-colonia-sere","status":"publish","type":"post","link":"https:\/\/infoecos.com.ar\/index.php\/volco-una-vecina-de-america-en-el-camino-que-une-esa-ciudad-con-colonia-sere\/","title":{"rendered":"Volc\u00f3 una vecina de Am\u00e9rica en el camino que une esa ciudad con Colonia Ser\u00e9"},"content":{"rendered":"\n<p>Vuelco en el camino que une las localidades de Am\u00e9rica y Colonia Ser\u00e9. Un Chevrolet Spark conducido por una mujer con residencia en la capital del distrito, qued\u00f3 dado vuelta. <\/p>\n\n\n\n<figure class=\"wp-block-image aligncenter size-large is-resized\"><img loading=\"lazy\" decoding=\"async\" src=\"http:\/\/infoecos.com.ar\/wp-content\/uploads\/2022\/08\/vuelco-mujer-camino-sere-1-920x414.jpg\" alt=\"\" class=\"wp-image-96154\" width=\"594\" height=\"267\" srcset=\"https:\/\/infoecos.com.ar\/wp-content\/uploads\/2022\/08\/vuelco-mujer-camino-sere-1-920x414.jpg 920w, https:\/\/infoecos.com.ar\/wp-content\/uploads\/2022\/08\/vuelco-mujer-camino-sere-1-460x207.jpg 460w, https:\/\/infoecos.com.ar\/wp-content\/uploads\/2022\/08\/vuelco-mujer-camino-sere-1-768x346.jpg 768w, https:\/\/infoecos.com.ar\/wp-content\/uploads\/2022\/08\/vuelco-mujer-camino-sere-1-1536x691.jpg 1536w, https:\/\/infoecos.com.ar\/wp-content\/uploads\/2022\/08\/vuelco-mujer-camino-sere-1-1024x461.jpg 1024w, https:\/\/infoecos.com.ar\/wp-content\/uploads\/2022\/08\/vuelco-mujer-camino-sere-1.jpg 1600w\" sizes=\"(max-width: 594px) 100vw, 594px\" \/><figcaption>Foto tomada de masternews.com.ar<\/figcaption><\/figure>\n\n\n\n<p>La conductora con heridas fue traslada al Hospital Municipal de Rivadavia.  Sufri\u00f3 golpes y contusiones.<\/p>\n\n\n\n<p>En el lugar trabajaron Bomberos Voluntarios, agentes del CPR de Rivadavia baj\u00f3 la conducci\u00f3n del Comisario Daniel Gonz\u00e1lez y personal del SAME.<\/p>\n\n\n\n<figure class=\"wp-block-image aligncenter size-large is-resized\"><img loading=\"lazy\" decoding=\"async\" src=\"http:\/\/infoecos.com.ar\/wp-content\/uploads\/2022\/08\/WhatsApp-Image-2022-08-11-at-7.25.37-PM-1-920x689.jpeg\" alt=\"\" class=\"wp-image-96160\" width=\"603\" height=\"451\" srcset=\"https:\/\/infoecos.com.ar\/wp-content\/uploads\/2022\/08\/WhatsApp-Image-2022-08-11-at-7.25.37-PM-1-920x689.jpeg 920w, https:\/\/infoecos.com.ar\/wp-content\/uploads\/2022\/08\/WhatsApp-Image-2022-08-11-at-7.25.37-PM-1-460x344.jpeg 460w, https:\/\/infoecos.com.ar\/wp-content\/uploads\/2022\/08\/WhatsApp-Image-2022-08-11-at-7.25.37-PM-1-768x575.jpeg 768w, https:\/\/infoecos.com.ar\/wp-content\/uploads\/2022\/08\/WhatsApp-Image-2022-08-11-at-7.25.37-PM-1-1024x766.jpeg 1024w, https:\/\/infoecos.com.ar\/wp-content\/uploads\/2022\/08\/WhatsApp-Image-2022-08-11-at-7.25.37-PM-1.jpeg 1280w\" sizes=\"(max-width: 603px) 100vw, 603px\" \/><figcaption>Foto tomada de rivadaviaonline.com.ar<\/figcaption><\/figure>\n","protected":false},"excerpt":{"rendered":"<p>Un Chevrolet Spark conducido por una mujer con residencia en la capital del distrito, qued\u00f3 dado vuelta<\/p>\n","protected":false},"author":2,"featured_media":96154,"comment_status":"closed","ping_status":"open","sticky":false,"template":"","format":"standard","meta":{"footnotes":""},"categories":[24],"tags":[6545],"class_list":["post-96153","post","type-post","status-publish","format-standard","has-post-thumbnail","hentry","category-c1nota3","tag-accidente-este-jueves"],"yoast_head":"<!-- This site is optimized with the Yoast SEO plugin v23.4 - https:\/\/yoast.com\/wordpress\/plugins\/seo\/ -->\n<title>Volc\u00f3 una vecina de Am\u00e9rica en el camino que une esa ciudad con Colonia Ser\u00e9 - Infoecos<\/title>\n<meta name=\"robots\" content=\"index, follow, max-snippet:-1, max-image-preview:large, max-video-preview:-1\" \/>\n<link rel=\"canonical\" href=\"https:\/\/infoecos.com.ar\/index.php\/volco-una-vecina-de-america-en-el-camino-que-une-esa-ciudad-con-colonia-sere\/\" \/>\n<meta property=\"og:locale\" content=\"es_ES\" \/>\n<meta property=\"og:type\" content=\"article\" \/>\n<meta property=\"og:title\" content=\"Volc\u00f3 una vecina de Am\u00e9rica en el camino que une esa ciudad con Colonia Ser\u00e9 - Infoecos\" \/>\n<meta property=\"og:description\" content=\"Un Chevrolet Spark conducido por una mujer con residencia en la capital del distrito, qued\u00f3 dado vuelta\" \/>\n<meta property=\"og:url\" content=\"https:\/\/infoecos.com.ar\/index.php\/volco-una-vecina-de-america-en-el-camino-que-une-esa-ciudad-con-colonia-sere\/\" \/>\n<meta property=\"og:site_name\" content=\"Infoecos\" \/>\n<meta property=\"article:publisher\" content=\"https:\/\/www.facebook.com\/profile.php?id=100063200290284\" \/>\n<meta property=\"article:published_time\" content=\"2022-08-12T06:16:18+00:00\" \/>\n<meta property=\"article:modified_time\" content=\"2022-08-12T06:21:20+00:00\" \/>\n<meta property=\"og:image\" content=\"https:\/\/infoecos.com.ar\/wp-content\/uploads\/2022\/08\/vuelco-mujer-camino-sere-1.jpg\" \/>\n\t<meta property=\"og:image:width\" content=\"1600\" \/>\n\t<meta property=\"og:image:height\" content=\"720\" \/>\n\t<meta property=\"og:image:type\" content=\"image\/jpeg\" \/>\n<meta name=\"author\" content=\"Jorge Matheus\" \/>\n<meta name=\"twitter:card\" content=\"summary_large_image\" \/>\n<meta name=\"twitter:creator\" content=\"@infoecos\" \/>\n<meta name=\"twitter:site\" content=\"@infoecos\" \/>\n<meta name=\"twitter:label1\" content=\"Escrito por\" \/>\n\t<meta name=\"twitter:data1\" content=\"Jorge Matheus\" \/>\n<script type=\"application\/ld+json\" class=\"yoast-schema-graph\">{\"@context\":\"https:\/\/schema.org\",\"@graph\":[{\"@type\":\"Article\",\"@id\":\"https:\/\/infoecos.com.ar\/index.php\/volco-una-vecina-de-america-en-el-camino-que-une-esa-ciudad-con-colonia-sere\/#article\",\"isPartOf\":{\"@id\":\"https:\/\/infoecos.com.ar\/index.php\/volco-una-vecina-de-america-en-el-camino-que-une-esa-ciudad-con-colonia-sere\/\"},\"author\":{\"name\":\"Jorge Matheus\",\"@id\":\"https:\/\/infoecos.com.ar\/#\/schema\/person\/8f5ace5ce73b4b4aac4b7245aee6f191\"},\"headline\":\"Volc\u00f3 una vecina de Am\u00e9rica en el camino que une esa ciudad con Colonia Ser\u00e9\",\"datePublished\":\"2022-08-12T06:16:18+00:00\",\"dateModified\":\"2022-08-12T06:21:20+00:00\",\"mainEntityOfPage\":{\"@id\":\"https:\/\/infoecos.com.ar\/index.php\/volco-una-vecina-de-america-en-el-camino-que-une-esa-ciudad-con-colonia-sere\/\"},\"wordCount\":98,\"publisher\":{\"@id\":\"https:\/\/infoecos.com.ar\/#organization\"},\"image\":{\"@id\":\"https:\/\/infoecos.com.ar\/index.php\/volco-una-vecina-de-america-en-el-camino-que-une-esa-ciudad-con-colonia-sere\/#primaryimage\"},\"thumbnailUrl\":\"https:\/\/infoecos.com.ar\/wp-content\/uploads\/2022\/08\/vuelco-mujer-camino-sere-1.jpg\",\"keywords\":[\"ACCIDENTE ESTE JUEVES\"],\"articleSection\":[\"C1 N3\"],\"inLanguage\":\"es\"},{\"@type\":\"WebPage\",\"@id\":\"https:\/\/infoecos.com.ar\/index.php\/volco-una-vecina-de-america-en-el-camino-que-une-esa-ciudad-con-colonia-sere\/\",\"url\":\"https:\/\/infoecos.com.ar\/index.php\/volco-una-vecina-de-america-en-el-camino-que-une-esa-ciudad-con-colonia-sere\/\",\"name\":\"Volc\u00f3 una vecina de Am\u00e9rica en el camino que une esa ciudad con Colonia Ser\u00e9 - Infoecos\",\"isPartOf\":{\"@id\":\"https:\/\/infoecos.com.ar\/#website\"},\"primaryImageOfPage\":{\"@id\":\"https:\/\/infoecos.com.ar\/index.php\/volco-una-vecina-de-america-en-el-camino-que-une-esa-ciudad-con-colonia-sere\/#primaryimage\"},\"image\":{\"@id\":\"https:\/\/infoecos.com.ar\/index.php\/volco-una-vecina-de-america-en-el-camino-que-une-esa-ciudad-con-colonia-sere\/#primaryimage\"},\"thumbnailUrl\":\"https:\/\/infoecos.com.ar\/wp-content\/uploads\/2022\/08\/vuelco-mujer-camino-sere-1.jpg\",\"datePublished\":\"2022-08-12T06:16:18+00:00\",\"dateModified\":\"2022-08-12T06:21:20+00:00\",\"breadcrumb\":{\"@id\":\"https:\/\/infoecos.com.ar\/index.php\/volco-una-vecina-de-america-en-el-camino-que-une-esa-ciudad-con-colonia-sere\/#breadcrumb\"},\"inLanguage\":\"es\",\"potentialAction\":[{\"@type\":\"ReadAction\",\"target\":[\"https:\/\/infoecos.com.ar\/index.php\/volco-una-vecina-de-america-en-el-camino-que-une-esa-ciudad-con-colonia-sere\/\"]}]},{\"@type\":\"ImageObject\",\"inLanguage\":\"es\",\"@id\":\"https:\/\/infoecos.com.ar\/index.php\/volco-una-vecina-de-america-en-el-camino-que-une-esa-ciudad-con-colonia-sere\/#primaryimage\",\"url\":\"https:\/\/infoecos.com.ar\/wp-content\/uploads\/2022\/08\/vuelco-mujer-camino-sere-1.jpg\",\"contentUrl\":\"https:\/\/infoecos.com.ar\/wp-content\/uploads\/2022\/08\/vuelco-mujer-camino-sere-1.jpg\",\"width\":1600,\"height\":720},{\"@type\":\"BreadcrumbList\",\"@id\":\"https:\/\/infoecos.com.ar\/index.php\/volco-una-vecina-de-america-en-el-camino-que-une-esa-ciudad-con-colonia-sere\/#breadcrumb\",\"itemListElement\":[{\"@type\":\"ListItem\",\"position\":1,\"name\":\"Portada\",\"item\":\"https:\/\/infoecos.com.ar\/\"},{\"@type\":\"ListItem\",\"position\":2,\"name\":\"Volc\u00f3 una vecina de Am\u00e9rica en el camino que une esa ciudad con Colonia Ser\u00e9\"}]},{\"@type\":\"WebSite\",\"@id\":\"https:\/\/infoecos.com.ar\/#website\",\"url\":\"https:\/\/infoecos.com.ar\/\",\"name\":\"Infoecos\",\"description\":\"Noticias de trenque lauquen y la zona\",\"publisher\":{\"@id\":\"https:\/\/infoecos.com.ar\/#organization\"},\"alternateName\":\"Noticias\",\"potentialAction\":[{\"@type\":\"SearchAction\",\"target\":{\"@type\":\"EntryPoint\",\"urlTemplate\":\"https:\/\/infoecos.com.ar\/?s={search_term_string}\"},\"query-input\":{\"@type\":\"PropertyValueSpecification\",\"valueRequired\":true,\"valueName\":\"search_term_string\"}}],\"inLanguage\":\"es\"},{\"@type\":\"Organization\",\"@id\":\"https:\/\/infoecos.com.ar\/#organization\",\"name\":\"Infoecos\",\"alternateName\":\"Noticias\",\"url\":\"https:\/\/infoecos.com.ar\/\",\"logo\":{\"@type\":\"ImageObject\",\"inLanguage\":\"es\",\"@id\":\"https:\/\/infoecos.com.ar\/#\/schema\/logo\/image\/\",\"url\":\"https:\/\/infoecos.com.ar\/wp-content\/uploads\/2024\/03\/cropped-logo.png\",\"contentUrl\":\"https:\/\/infoecos.com.ar\/wp-content\/uploads\/2024\/03\/cropped-logo.png\",\"width\":374,\"height\":90,\"caption\":\"Infoecos\"},\"image\":{\"@id\":\"https:\/\/infoecos.com.ar\/#\/schema\/logo\/image\/\"},\"sameAs\":[\"https:\/\/www.facebook.com\/profile.php?id=100063200290284\",\"https:\/\/x.com\/infoecos\"]},{\"@type\":\"Person\",\"@id\":\"https:\/\/infoecos.com.ar\/#\/schema\/person\/8f5ace5ce73b4b4aac4b7245aee6f191\",\"name\":\"Jorge Matheus\",\"url\":\"https:\/\/infoecos.com.ar\/index.php\/author\/jomatheus\/\"}]}<\/script>\n<!-- \/ Yoast SEO plugin. -->","yoast_head_json":{"title":"Volc\u00f3 una vecina de Am\u00e9rica en el camino que une esa ciudad con Colonia Ser\u00e9 - Infoecos","robots":{"index":"index","follow":"follow","max-snippet":"max-snippet:-1","max-image-preview":"max-image-preview:large","max-video-preview":"max-video-preview:-1"},"canonical":"https:\/\/infoecos.com.ar\/index.php\/volco-una-vecina-de-america-en-el-camino-que-une-esa-ciudad-con-colonia-sere\/","og_locale":"es_ES","og_type":"article","og_title":"Volc\u00f3 una vecina de Am\u00e9rica en el camino que une esa ciudad con Colonia Ser\u00e9 - Infoecos","og_description":"Un Chevrolet Spark conducido por una mujer con residencia en la capital del distrito, qued\u00f3 dado vuelta","og_url":"https:\/\/infoecos.com.ar\/index.php\/volco-una-vecina-de-america-en-el-camino-que-une-esa-ciudad-con-colonia-sere\/","og_site_name":"Infoecos","article_publisher":"https:\/\/www.facebook.com\/profile.php?id=100063200290284","article_published_time":"2022-08-12T06:16:18+00:00","article_modified_time":"2022-08-12T06:21:20+00:00","og_image":[{"width":1600,"height":720,"url":"https:\/\/infoecos.com.ar\/wp-content\/uploads\/2022\/08\/vuelco-mujer-camino-sere-1.jpg","type":"image\/jpeg"}],"author":"Jorge Matheus","twitter_card":"summary_large_image","twitter_creator":"@infoecos","twitter_site":"@infoecos","twitter_misc":{"Escrito por":"Jorge Matheus"},"schema":{"@context":"https:\/\/schema.org","@graph":[{"@type":"Article","@id":"https:\/\/infoecos.com.ar\/index.php\/volco-una-vecina-de-america-en-el-camino-que-une-esa-ciudad-con-colonia-sere\/#article","isPartOf":{"@id":"https:\/\/infoecos.com.ar\/index.php\/volco-una-vecina-de-america-en-el-camino-que-une-esa-ciudad-con-colonia-sere\/"},"author":{"name":"Jorge Matheus","@id":"https:\/\/infoecos.com.ar\/#\/schema\/person\/8f5ace5ce73b4b4aac4b7245aee6f191"},"headline":"Volc\u00f3 una vecina de Am\u00e9rica en el camino que une esa ciudad con Colonia Ser\u00e9","datePublished":"2022-08-12T06:16:18+00:00","dateModified":"2022-08-12T06:21:20+00:00","mainEntityOfPage":{"@id":"https:\/\/infoecos.com.ar\/index.php\/volco-una-vecina-de-america-en-el-camino-que-une-esa-ciudad-con-colonia-sere\/"},"wordCount":98,"publisher":{"@id":"https:\/\/infoecos.com.ar\/#organization"},"image":{"@id":"https:\/\/infoecos.com.ar\/index.php\/volco-una-vecina-de-america-en-el-camino-que-une-esa-ciudad-con-colonia-sere\/#primaryimage"},"thumbnailUrl":"https:\/\/infoecos.com.ar\/wp-content\/uploads\/2022\/08\/vuelco-mujer-camino-sere-1.jpg","keywords":["ACCIDENTE ESTE JUEVES"],"articleSection":["C1 N3"],"inLanguage":"es"},{"@type":"WebPage","@id":"https:\/\/infoecos.com.ar\/index.php\/volco-una-vecina-de-america-en-el-camino-que-une-esa-ciudad-con-colonia-sere\/","url":"https:\/\/infoecos.com.ar\/index.php\/volco-una-vecina-de-america-en-el-camino-que-une-esa-ciudad-con-colonia-sere\/","name":"Volc\u00f3 una vecina de Am\u00e9rica en el camino que une esa ciudad con Colonia Ser\u00e9 - Infoecos","isPartOf":{"@id":"https:\/\/infoecos.com.ar\/#website"},"primaryImageOfPage":{"@id":"https:\/\/infoecos.com.ar\/index.php\/volco-una-vecina-de-america-en-el-camino-que-une-esa-ciudad-con-colonia-sere\/#primaryimage"},"image":{"@id":"https:\/\/infoecos.com.ar\/index.php\/volco-una-vecina-de-america-en-el-camino-que-une-esa-ciudad-con-colonia-sere\/#primaryimage"},"thumbnailUrl":"https:\/\/infoecos.com.ar\/wp-content\/uploads\/2022\/08\/vuelco-mujer-camino-sere-1.jpg","datePublished":"2022-08-12T06:16:18+00:00","dateModified":"2022-08-12T06:21:20+00:00","breadcrumb":{"@id":"https:\/\/infoecos.com.ar\/index.php\/volco-una-vecina-de-america-en-el-camino-que-une-esa-ciudad-con-colonia-sere\/#breadcrumb"},"inLanguage":"es","potentialAction":[{"@type":"ReadAction","target":["https:\/\/infoecos.com.ar\/index.php\/volco-una-vecina-de-america-en-el-camino-que-une-esa-ciudad-con-colonia-sere\/"]}]},{"@type":"ImageObject","inLanguage":"es","@id":"https:\/\/infoecos.com.ar\/index.php\/volco-una-vecina-de-america-en-el-camino-que-une-esa-ciudad-con-colonia-sere\/#primaryimage","url":"https:\/\/infoecos.com.ar\/wp-content\/uploads\/2022\/08\/vuelco-mujer-camino-sere-1.jpg","contentUrl":"https:\/\/infoecos.com.ar\/wp-content\/uploads\/2022\/08\/vuelco-mujer-camino-sere-1.jpg","width":1600,"height":720},{"@type":"BreadcrumbList","@id":"https:\/\/infoecos.com.ar\/index.php\/volco-una-vecina-de-america-en-el-camino-que-une-esa-ciudad-con-colonia-sere\/#breadcrumb","itemListElement":[{"@type":"ListItem","position":1,"name":"Portada","item":"https:\/\/infoecos.com.ar\/"},{"@type":"ListItem","position":2,"name":"Volc\u00f3 una vecina de Am\u00e9rica en el camino que une esa ciudad con Colonia Ser\u00e9"}]},{"@type":"WebSite","@id":"https:\/\/infoecos.com.ar\/#website","url":"https:\/\/infoecos.com.ar\/","name":"Infoecos","description":"Noticias de trenque lauquen y la zona","publisher":{"@id":"https:\/\/infoecos.com.ar\/#organization"},"alternateName":"Noticias","potentialAction":[{"@type":"SearchAction","target":{"@type":"EntryPoint","urlTemplate":"https:\/\/infoecos.com.ar\/?s={search_term_string}"},"query-input":{"@type":"PropertyValueSpecification","valueRequired":true,"valueName":"search_term_string"}}],"inLanguage":"es"},{"@type":"Organization","@id":"https:\/\/infoecos.com.ar\/#organization","name":"Infoecos","alternateName":"Noticias","url":"https:\/\/infoecos.com.ar\/","logo":{"@type":"ImageObject","inLanguage":"es","@id":"https:\/\/infoecos.com.ar\/#\/schema\/logo\/image\/","url":"https:\/\/infoecos.com.ar\/wp-content\/uploads\/2024\/03\/cropped-logo.png","contentUrl":"https:\/\/infoecos.com.ar\/wp-content\/uploads\/2024\/03\/cropped-logo.png","width":374,"height":90,"caption":"Infoecos"},"image":{"@id":"https:\/\/infoecos.com.ar\/#\/schema\/logo\/image\/"},"sameAs":["https:\/\/www.facebook.com\/profile.php?id=100063200290284","https:\/\/x.com\/infoecos"]},{"@type":"Person","@id":"https:\/\/infoecos.com.ar\/#\/schema\/person\/8f5ace5ce73b4b4aac4b7245aee6f191","name":"Jorge Matheus","url":"https:\/\/infoecos.com.ar\/index.php\/author\/jomatheus\/"}]}},"featured_image_urls":{"full":["https:\/\/infoecos.com.ar\/wp-content\/uploads\/2022\/08\/vuelco-mujer-camino-sere-1.jpg",1600,720,false],"thumbnail":["https:\/\/infoecos.com.ar\/wp-content\/uploads\/2022\/08\/vuelco-mujer-camino-sere-1-150x150.jpg",150,150,true],"medium":["https:\/\/infoecos.com.ar\/wp-content\/uploads\/2022\/08\/vuelco-mujer-camino-sere-1-460x207.jpg",460,207,true],"medium_large":["https:\/\/infoecos.com.ar\/wp-content\/uploads\/2022\/08\/vuelco-mujer-camino-sere-1-768x346.jpg",640,288,true],"large":["https:\/\/infoecos.com.ar\/wp-content\/uploads\/2022\/08\/vuelco-mujer-camino-sere-1-920x414.jpg",640,288,true],"1536x1536":["https:\/\/infoecos.com.ar\/wp-content\/uploads\/2022\/08\/vuelco-mujer-camino-sere-1-1536x691.jpg",1536,691,true],"2048x2048":["https:\/\/infoecos.com.ar\/wp-content\/uploads\/2022\/08\/vuelco-mujer-camino-sere-1.jpg",1600,720,false],"covernews-slider-full":["https:\/\/infoecos.com.ar\/wp-content\/uploads\/2022\/08\/vuelco-mujer-camino-sere-1-1536x720.jpg",1115,523,true],"covernews-slider-center":["https:\/\/infoecos.com.ar\/wp-content\/uploads\/2022\/08\/vuelco-mujer-camino-sere-1-936x720.jpg",650,500,true],"covernews-featured":["https:\/\/infoecos.com.ar\/wp-content\/uploads\/2022\/08\/vuelco-mujer-camino-sere-1-1024x461.jpg",1024,461,true],"covernews-medium":["https:\/\/infoecos.com.ar\/wp-content\/uploads\/2022\/08\/vuelco-mujer-camino-sere-1-720x380.jpg",540,285,true],"covernews-medium-square":["https:\/\/infoecos.com.ar\/wp-content\/uploads\/2022\/08\/vuelco-mujer-camino-sere-1-675x450.jpg",375,250,true]},"author_info":{"info":["Jorge Matheus"]},"category_info":"<a href=\"https:\/\/infoecos.com.ar\/index.php\/category\/c1nota3\/\" rel=\"category tag\">C1 N3<\/a>","tag_info":"C1 N3","comment_count":"0","_links":{"self":[{"href":"https:\/\/infoecos.com.ar\/index.php\/wp-json\/wp\/v2\/posts\/96153"}],"collection":[{"href":"https:\/\/infoecos.com.ar\/index.php\/wp-json\/wp\/v2\/posts"}],"about":[{"href":"https:\/\/infoecos.com.ar\/index.php\/wp-json\/wp\/v2\/types\/post"}],"author":[{"embeddable":true,"href":"https:\/\/infoecos.com.ar\/index.php\/wp-json\/wp\/v2\/users\/2"}],"replies":[{"embeddable":true,"href":"https:\/\/infoecos.com.ar\/index.php\/wp-json\/wp\/v2\/comments?post=96153"}],"version-history":[{"count":2,"href":"https:\/\/infoecos.com.ar\/index.php\/wp-json\/wp\/v2\/posts\/96153\/revisions"}],"predecessor-version":[{"id":96162,"href":"https:\/\/infoecos.com.ar\/index.php\/wp-json\/wp\/v2\/posts\/96153\/revisions\/96162"}],"wp:featuredmedia":[{"embeddable":true,"href":"https:\/\/infoecos.com.ar\/index.php\/wp-json\/wp\/v2\/media\/96154"}],"wp:attachment":[{"href":"https:\/\/infoecos.com.ar\/index.php\/wp-json\/wp\/v2\/media?parent=96153"}],"wp:term":[{"taxonomy":"category","embeddable":true,"href":"https:\/\/infoecos.com.ar\/index.php\/wp-json\/wp\/v2\/categories?post=96153"},{"taxonomy":"post_tag","embeddable":true,"href":"https:\/\/infoecos.com.ar\/index.php\/wp-json\/wp\/v2\/tags?post=96153"}],"curies":[{"name":"wp","href":"https:\/\/api.w.org\/{rel}","templated":true}]}}