{"id":96182,"date":"2022-08-12T04:17:46","date_gmt":"2022-08-12T07:17:46","guid":{"rendered":"http:\/\/infoecos.com.ar\/?p=96182"},"modified":"2022-08-18T04:41:13","modified_gmt":"2022-08-18T07:41:13","slug":"el-diputado-balbin-insiste-con-la-division-de-la-provincia-de-buenos-aires","status":"publish","type":"post","link":"https:\/\/infoecos.com.ar\/index.php\/el-diputado-balbin-insiste-con-la-division-de-la-provincia-de-buenos-aires\/","title":{"rendered":"El diputado Balb\u00edn insiste con la divisi\u00f3n de la provincia de Buenos Aires"},"content":{"rendered":"\n<p>El diputado de la UCR por la sexta secci\u00f3n electoral, Emiliano Balb\u00edn (hijo de quien fuera intendente de Salliquel\u00f3 y nieto de don Ricardo Balb\u00edn) propuso avanzar en la iniciativa de dividir la provincia de Buenos Aires.<\/p>\n\n\n\n<figure class=\"wp-block-image aligncenter size-large is-resized\"><img loading=\"lazy\" decoding=\"async\" src=\"http:\/\/infoecos.com.ar\/wp-content\/uploads\/2021\/02\/balbinemiliano-920x615.jpg\" alt=\"\" class=\"wp-image-74365\" width=\"599\" height=\"400\" srcset=\"https:\/\/infoecos.com.ar\/wp-content\/uploads\/2021\/02\/balbinemiliano-920x615.jpg 920w, https:\/\/infoecos.com.ar\/wp-content\/uploads\/2021\/02\/balbinemiliano-460x308.jpg 460w, https:\/\/infoecos.com.ar\/wp-content\/uploads\/2021\/02\/balbinemiliano-768x514.jpg 768w, https:\/\/infoecos.com.ar\/wp-content\/uploads\/2021\/02\/balbinemiliano-675x450.jpg 675w, https:\/\/infoecos.com.ar\/wp-content\/uploads\/2021\/02\/balbinemiliano.jpg 960w\" sizes=\"(max-width: 599px) 100vw, 599px\" \/><\/figure>\n\n\n\n<p>\u00abLa pandemia nos dej\u00f3 ver que hay dos provincias: el conurbano y el interior, eso es una realidad objetiva\u201d, se\u00f1al\u00f3 Balb\u00edn. Aclar\u00f3 que \u00abno debe tomarse este tema como una cuesti\u00f3n interior vs. conurbano, el objetivo final es lograr gobiernos austeros y cercanos\u00bb, lo que permitir\u00eda a los vecinos poder \u00abreclamarle las innumerables carencias que sufren los vecinos del conurbano\u201d.<\/p>\n\n\n\n<p>Fue&nbsp;presentado&nbsp;en la Legislatura un proyecto de ley con el acompa\u00f1amiento de once diputados de Juntos de distintas secciones electorales. Tiene tres ejes que se ir\u00edan condicionado en base al resultado de la etapa previa:&nbsp;creaci\u00f3n de una Comisi\u00f3n Bicameral, realizaci\u00f3n de una Consulta Popular, y finalmente la legislaci\u00f3n para avanzar en la creaci\u00f3n de nuevas provincias<strong>.<\/strong><\/p>\n\n\n\n<p>En el marco de un encuentro realizado en Bah\u00eda Blanca, Balb\u00edn se\u00f1al\u00f3 que <strong>\u201cLa Provincia aporta el 40% del PBI, pero recibe la mitad de coparticipaci\u00f3n y genera m\u00e1s pobreza, quiz\u00e1s pensar esta posibilidad de una divisi\u00f3n hace que haya un Estado m\u00e1s cercano a lo que la gente necesita\u201d.<\/strong><\/p>\n\n\n\n<p><strong>Fuente: diarioderivera.com.ar<\/strong><\/p>\n","protected":false},"excerpt":{"rendered":"<p>\u00abLa pandemia nos dej\u00f3 ver que hay dos provincias: el conurbano y el interior, eso es una realidad objetiva\u201d, se\u00f1al\u00f3 Balb\u00edn<\/p>\n","protected":false},"author":2,"featured_media":57912,"comment_status":"closed","ping_status":"open","sticky":false,"template":"","format":"standard","meta":{"footnotes":""},"categories":[1331],"tags":[4844],"class_list":["post-96182","post","type-post","status-publish","format-standard","has-post-thumbnail","hentry","category-inferior11","tag-se-presento-un-proyecto-de-ley"],"yoast_head":"<!-- This site is optimized with the Yoast SEO plugin v23.4 - https:\/\/yoast.com\/wordpress\/plugins\/seo\/ -->\n<title>El diputado Balb\u00edn insiste con la divisi\u00f3n de la provincia de Buenos Aires - Infoecos<\/title>\n<meta name=\"robots\" content=\"index, follow, max-snippet:-1, max-image-preview:large, max-video-preview:-1\" \/>\n<link rel=\"canonical\" href=\"https:\/\/infoecos.com.ar\/index.php\/el-diputado-balbin-insiste-con-la-division-de-la-provincia-de-buenos-aires\/\" \/>\n<meta property=\"og:locale\" content=\"es_ES\" \/>\n<meta property=\"og:type\" content=\"article\" \/>\n<meta property=\"og:title\" content=\"El diputado Balb\u00edn insiste con la divisi\u00f3n de la provincia de Buenos Aires - Infoecos\" \/>\n<meta property=\"og:description\" content=\"\u00abLa pandemia nos dej\u00f3 ver que hay dos provincias: el conurbano y el interior, eso es una realidad objetiva\u201d, se\u00f1al\u00f3 Balb\u00edn\" \/>\n<meta property=\"og:url\" content=\"https:\/\/infoecos.com.ar\/index.php\/el-diputado-balbin-insiste-con-la-division-de-la-provincia-de-buenos-aires\/\" \/>\n<meta property=\"og:site_name\" content=\"Infoecos\" \/>\n<meta property=\"article:publisher\" content=\"https:\/\/www.facebook.com\/profile.php?id=100063200290284\" \/>\n<meta property=\"article:published_time\" content=\"2022-08-12T07:17:46+00:00\" \/>\n<meta property=\"article:modified_time\" content=\"2022-08-18T07:41:13+00:00\" \/>\n<meta property=\"og:image\" content=\"https:\/\/infoecos.com.ar\/wp-content\/uploads\/unnamed-197.jpg\" \/>\n\t<meta property=\"og:image:width\" content=\"1280\" \/>\n\t<meta property=\"og:image:height\" content=\"853\" \/>\n\t<meta property=\"og:image:type\" content=\"image\/jpeg\" \/>\n<meta name=\"author\" content=\"Jorge Matheus\" \/>\n<meta name=\"twitter:card\" content=\"summary_large_image\" \/>\n<meta name=\"twitter:creator\" content=\"@infoecos\" \/>\n<meta name=\"twitter:site\" content=\"@infoecos\" \/>\n<meta name=\"twitter:label1\" content=\"Escrito por\" \/>\n\t<meta name=\"twitter:data1\" content=\"Jorge Matheus\" \/>\n\t<meta name=\"twitter:label2\" content=\"Tiempo de lectura\" \/>\n\t<meta name=\"twitter:data2\" content=\"1 minuto\" \/>\n<script type=\"application\/ld+json\" class=\"yoast-schema-graph\">{\"@context\":\"https:\/\/schema.org\",\"@graph\":[{\"@type\":\"Article\",\"@id\":\"https:\/\/infoecos.com.ar\/index.php\/el-diputado-balbin-insiste-con-la-division-de-la-provincia-de-buenos-aires\/#article\",\"isPartOf\":{\"@id\":\"https:\/\/infoecos.com.ar\/index.php\/el-diputado-balbin-insiste-con-la-division-de-la-provincia-de-buenos-aires\/\"},\"author\":{\"name\":\"Jorge Matheus\",\"@id\":\"https:\/\/infoecos.com.ar\/#\/schema\/person\/8f5ace5ce73b4b4aac4b7245aee6f191\"},\"headline\":\"El diputado Balb\u00edn insiste con la divisi\u00f3n de la provincia de Buenos Aires\",\"datePublished\":\"2022-08-12T07:17:46+00:00\",\"dateModified\":\"2022-08-18T07:41:13+00:00\",\"mainEntityOfPage\":{\"@id\":\"https:\/\/infoecos.com.ar\/index.php\/el-diputado-balbin-insiste-con-la-division-de-la-provincia-de-buenos-aires\/\"},\"wordCount\":248,\"publisher\":{\"@id\":\"https:\/\/infoecos.com.ar\/#organization\"},\"image\":{\"@id\":\"https:\/\/infoecos.com.ar\/index.php\/el-diputado-balbin-insiste-con-la-division-de-la-provincia-de-buenos-aires\/#primaryimage\"},\"thumbnailUrl\":\"\",\"keywords\":[\"SE PRESENT\u00d3 UN PROYECTO DE LEY\"],\"articleSection\":[\"Bloque inferior - 11\"],\"inLanguage\":\"es\"},{\"@type\":\"WebPage\",\"@id\":\"https:\/\/infoecos.com.ar\/index.php\/el-diputado-balbin-insiste-con-la-division-de-la-provincia-de-buenos-aires\/\",\"url\":\"https:\/\/infoecos.com.ar\/index.php\/el-diputado-balbin-insiste-con-la-division-de-la-provincia-de-buenos-aires\/\",\"name\":\"El diputado Balb\u00edn insiste con la divisi\u00f3n de la provincia de Buenos Aires - Infoecos\",\"isPartOf\":{\"@id\":\"https:\/\/infoecos.com.ar\/#website\"},\"primaryImageOfPage\":{\"@id\":\"https:\/\/infoecos.com.ar\/index.php\/el-diputado-balbin-insiste-con-la-division-de-la-provincia-de-buenos-aires\/#primaryimage\"},\"image\":{\"@id\":\"https:\/\/infoecos.com.ar\/index.php\/el-diputado-balbin-insiste-con-la-division-de-la-provincia-de-buenos-aires\/#primaryimage\"},\"thumbnailUrl\":\"\",\"datePublished\":\"2022-08-12T07:17:46+00:00\",\"dateModified\":\"2022-08-18T07:41:13+00:00\",\"breadcrumb\":{\"@id\":\"https:\/\/infoecos.com.ar\/index.php\/el-diputado-balbin-insiste-con-la-division-de-la-provincia-de-buenos-aires\/#breadcrumb\"},\"inLanguage\":\"es\",\"potentialAction\":[{\"@type\":\"ReadAction\",\"target\":[\"https:\/\/infoecos.com.ar\/index.php\/el-diputado-balbin-insiste-con-la-division-de-la-provincia-de-buenos-aires\/\"]}]},{\"@type\":\"ImageObject\",\"inLanguage\":\"es\",\"@id\":\"https:\/\/infoecos.com.ar\/index.php\/el-diputado-balbin-insiste-con-la-division-de-la-provincia-de-buenos-aires\/#primaryimage\",\"url\":\"\",\"contentUrl\":\"\"},{\"@type\":\"BreadcrumbList\",\"@id\":\"https:\/\/infoecos.com.ar\/index.php\/el-diputado-balbin-insiste-con-la-division-de-la-provincia-de-buenos-aires\/#breadcrumb\",\"itemListElement\":[{\"@type\":\"ListItem\",\"position\":1,\"name\":\"Portada\",\"item\":\"https:\/\/infoecos.com.ar\/\"},{\"@type\":\"ListItem\",\"position\":2,\"name\":\"El diputado Balb\u00edn insiste con la divisi\u00f3n de la provincia de Buenos Aires\"}]},{\"@type\":\"WebSite\",\"@id\":\"https:\/\/infoecos.com.ar\/#website\",\"url\":\"https:\/\/infoecos.com.ar\/\",\"name\":\"Infoecos\",\"description\":\"Noticias de trenque lauquen y la zona\",\"publisher\":{\"@id\":\"https:\/\/infoecos.com.ar\/#organization\"},\"alternateName\":\"Noticias\",\"potentialAction\":[{\"@type\":\"SearchAction\",\"target\":{\"@type\":\"EntryPoint\",\"urlTemplate\":\"https:\/\/infoecos.com.ar\/?s={search_term_string}\"},\"query-input\":{\"@type\":\"PropertyValueSpecification\",\"valueRequired\":true,\"valueName\":\"search_term_string\"}}],\"inLanguage\":\"es\"},{\"@type\":\"Organization\",\"@id\":\"https:\/\/infoecos.com.ar\/#organization\",\"name\":\"Infoecos\",\"alternateName\":\"Noticias\",\"url\":\"https:\/\/infoecos.com.ar\/\",\"logo\":{\"@type\":\"ImageObject\",\"inLanguage\":\"es\",\"@id\":\"https:\/\/infoecos.com.ar\/#\/schema\/logo\/image\/\",\"url\":\"https:\/\/infoecos.com.ar\/wp-content\/uploads\/2024\/03\/cropped-logo.png\",\"contentUrl\":\"https:\/\/infoecos.com.ar\/wp-content\/uploads\/2024\/03\/cropped-logo.png\",\"width\":374,\"height\":90,\"caption\":\"Infoecos\"},\"image\":{\"@id\":\"https:\/\/infoecos.com.ar\/#\/schema\/logo\/image\/\"},\"sameAs\":[\"https:\/\/www.facebook.com\/profile.php?id=100063200290284\",\"https:\/\/x.com\/infoecos\"]},{\"@type\":\"Person\",\"@id\":\"https:\/\/infoecos.com.ar\/#\/schema\/person\/8f5ace5ce73b4b4aac4b7245aee6f191\",\"name\":\"Jorge Matheus\",\"url\":\"https:\/\/infoecos.com.ar\/index.php\/author\/jomatheus\/\"}]}<\/script>\n<!-- \/ Yoast SEO plugin. -->","yoast_head_json":{"title":"El diputado Balb\u00edn insiste con la divisi\u00f3n de la provincia de Buenos Aires - Infoecos","robots":{"index":"index","follow":"follow","max-snippet":"max-snippet:-1","max-image-preview":"max-image-preview:large","max-video-preview":"max-video-preview:-1"},"canonical":"https:\/\/infoecos.com.ar\/index.php\/el-diputado-balbin-insiste-con-la-division-de-la-provincia-de-buenos-aires\/","og_locale":"es_ES","og_type":"article","og_title":"El diputado Balb\u00edn insiste con la divisi\u00f3n de la provincia de Buenos Aires - Infoecos","og_description":"\u00abLa pandemia nos dej\u00f3 ver que hay dos provincias: el conurbano y el interior, eso es una realidad objetiva\u201d, se\u00f1al\u00f3 Balb\u00edn","og_url":"https:\/\/infoecos.com.ar\/index.php\/el-diputado-balbin-insiste-con-la-division-de-la-provincia-de-buenos-aires\/","og_site_name":"Infoecos","article_publisher":"https:\/\/www.facebook.com\/profile.php?id=100063200290284","article_published_time":"2022-08-12T07:17:46+00:00","article_modified_time":"2022-08-18T07:41:13+00:00","og_image":[{"width":1280,"height":853,"url":"https:\/\/infoecos.com.ar\/wp-content\/uploads\/unnamed-197.jpg","type":"image\/jpeg"}],"author":"Jorge Matheus","twitter_card":"summary_large_image","twitter_creator":"@infoecos","twitter_site":"@infoecos","twitter_misc":{"Escrito por":"Jorge Matheus","Tiempo de lectura":"1 minuto"},"schema":{"@context":"https:\/\/schema.org","@graph":[{"@type":"Article","@id":"https:\/\/infoecos.com.ar\/index.php\/el-diputado-balbin-insiste-con-la-division-de-la-provincia-de-buenos-aires\/#article","isPartOf":{"@id":"https:\/\/infoecos.com.ar\/index.php\/el-diputado-balbin-insiste-con-la-division-de-la-provincia-de-buenos-aires\/"},"author":{"name":"Jorge Matheus","@id":"https:\/\/infoecos.com.ar\/#\/schema\/person\/8f5ace5ce73b4b4aac4b7245aee6f191"},"headline":"El diputado Balb\u00edn insiste con la divisi\u00f3n de la provincia de Buenos Aires","datePublished":"2022-08-12T07:17:46+00:00","dateModified":"2022-08-18T07:41:13+00:00","mainEntityOfPage":{"@id":"https:\/\/infoecos.com.ar\/index.php\/el-diputado-balbin-insiste-con-la-division-de-la-provincia-de-buenos-aires\/"},"wordCount":248,"publisher":{"@id":"https:\/\/infoecos.com.ar\/#organization"},"image":{"@id":"https:\/\/infoecos.com.ar\/index.php\/el-diputado-balbin-insiste-con-la-division-de-la-provincia-de-buenos-aires\/#primaryimage"},"thumbnailUrl":"","keywords":["SE PRESENT\u00d3 UN PROYECTO DE LEY"],"articleSection":["Bloque inferior - 11"],"inLanguage":"es"},{"@type":"WebPage","@id":"https:\/\/infoecos.com.ar\/index.php\/el-diputado-balbin-insiste-con-la-division-de-la-provincia-de-buenos-aires\/","url":"https:\/\/infoecos.com.ar\/index.php\/el-diputado-balbin-insiste-con-la-division-de-la-provincia-de-buenos-aires\/","name":"El diputado Balb\u00edn insiste con la divisi\u00f3n de la provincia de Buenos Aires - Infoecos","isPartOf":{"@id":"https:\/\/infoecos.com.ar\/#website"},"primaryImageOfPage":{"@id":"https:\/\/infoecos.com.ar\/index.php\/el-diputado-balbin-insiste-con-la-division-de-la-provincia-de-buenos-aires\/#primaryimage"},"image":{"@id":"https:\/\/infoecos.com.ar\/index.php\/el-diputado-balbin-insiste-con-la-division-de-la-provincia-de-buenos-aires\/#primaryimage"},"thumbnailUrl":"","datePublished":"2022-08-12T07:17:46+00:00","dateModified":"2022-08-18T07:41:13+00:00","breadcrumb":{"@id":"https:\/\/infoecos.com.ar\/index.php\/el-diputado-balbin-insiste-con-la-division-de-la-provincia-de-buenos-aires\/#breadcrumb"},"inLanguage":"es","potentialAction":[{"@type":"ReadAction","target":["https:\/\/infoecos.com.ar\/index.php\/el-diputado-balbin-insiste-con-la-division-de-la-provincia-de-buenos-aires\/"]}]},{"@type":"ImageObject","inLanguage":"es","@id":"https:\/\/infoecos.com.ar\/index.php\/el-diputado-balbin-insiste-con-la-division-de-la-provincia-de-buenos-aires\/#primaryimage","url":"","contentUrl":""},{"@type":"BreadcrumbList","@id":"https:\/\/infoecos.com.ar\/index.php\/el-diputado-balbin-insiste-con-la-division-de-la-provincia-de-buenos-aires\/#breadcrumb","itemListElement":[{"@type":"ListItem","position":1,"name":"Portada","item":"https:\/\/infoecos.com.ar\/"},{"@type":"ListItem","position":2,"name":"El diputado Balb\u00edn insiste con la divisi\u00f3n de la provincia de Buenos Aires"}]},{"@type":"WebSite","@id":"https:\/\/infoecos.com.ar\/#website","url":"https:\/\/infoecos.com.ar\/","name":"Infoecos","description":"Noticias de trenque lauquen y la zona","publisher":{"@id":"https:\/\/infoecos.com.ar\/#organization"},"alternateName":"Noticias","potentialAction":[{"@type":"SearchAction","target":{"@type":"EntryPoint","urlTemplate":"https:\/\/infoecos.com.ar\/?s={search_term_string}"},"query-input":{"@type":"PropertyValueSpecification","valueRequired":true,"valueName":"search_term_string"}}],"inLanguage":"es"},{"@type":"Organization","@id":"https:\/\/infoecos.com.ar\/#organization","name":"Infoecos","alternateName":"Noticias","url":"https:\/\/infoecos.com.ar\/","logo":{"@type":"ImageObject","inLanguage":"es","@id":"https:\/\/infoecos.com.ar\/#\/schema\/logo\/image\/","url":"https:\/\/infoecos.com.ar\/wp-content\/uploads\/2024\/03\/cropped-logo.png","contentUrl":"https:\/\/infoecos.com.ar\/wp-content\/uploads\/2024\/03\/cropped-logo.png","width":374,"height":90,"caption":"Infoecos"},"image":{"@id":"https:\/\/infoecos.com.ar\/#\/schema\/logo\/image\/"},"sameAs":["https:\/\/www.facebook.com\/profile.php?id=100063200290284","https:\/\/x.com\/infoecos"]},{"@type":"Person","@id":"https:\/\/infoecos.com.ar\/#\/schema\/person\/8f5ace5ce73b4b4aac4b7245aee6f191","name":"Jorge Matheus","url":"https:\/\/infoecos.com.ar\/index.php\/author\/jomatheus\/"}]}},"featured_image_urls":{"full":"","thumbnail":"","medium":"","medium_large":"","large":"","1536x1536":"","2048x2048":"","covernews-slider-full":"","covernews-slider-center":"","covernews-featured":"","covernews-medium":"","covernews-medium-square":""},"author_info":{"info":["Jorge Matheus"]},"category_info":"<a href=\"https:\/\/infoecos.com.ar\/index.php\/category\/inferior11\/\" rel=\"category tag\">Bloque inferior - 11<\/a>","tag_info":"Bloque inferior - 11","comment_count":"0","_links":{"self":[{"href":"https:\/\/infoecos.com.ar\/index.php\/wp-json\/wp\/v2\/posts\/96182"}],"collection":[{"href":"https:\/\/infoecos.com.ar\/index.php\/wp-json\/wp\/v2\/posts"}],"about":[{"href":"https:\/\/infoecos.com.ar\/index.php\/wp-json\/wp\/v2\/types\/post"}],"author":[{"embeddable":true,"href":"https:\/\/infoecos.com.ar\/index.php\/wp-json\/wp\/v2\/users\/2"}],"replies":[{"embeddable":true,"href":"https:\/\/infoecos.com.ar\/index.php\/wp-json\/wp\/v2\/comments?post=96182"}],"version-history":[{"count":2,"href":"https:\/\/infoecos.com.ar\/index.php\/wp-json\/wp\/v2\/posts\/96182\/revisions"}],"predecessor-version":[{"id":96285,"href":"https:\/\/infoecos.com.ar\/index.php\/wp-json\/wp\/v2\/posts\/96182\/revisions\/96285"}],"wp:featuredmedia":[{"embeddable":true,"href":"https:\/\/infoecos.com.ar\/index.php\/wp-json\/"}],"wp:attachment":[{"href":"https:\/\/infoecos.com.ar\/index.php\/wp-json\/wp\/v2\/media?parent=96182"}],"wp:term":[{"taxonomy":"category","embeddable":true,"href":"https:\/\/infoecos.com.ar\/index.php\/wp-json\/wp\/v2\/categories?post=96182"},{"taxonomy":"post_tag","embeddable":true,"href":"https:\/\/infoecos.com.ar\/index.php\/wp-json\/wp\/v2\/tags?post=96182"}],"curies":[{"name":"wp","href":"https:\/\/api.w.org\/{rel}","templated":true}]}}