{"id":96238,"date":"2022-08-17T01:11:53","date_gmt":"2022-08-17T04:11:53","guid":{"rendered":"http:\/\/infoecos.com.ar\/?p=96238"},"modified":"2022-08-17T01:11:54","modified_gmt":"2022-08-17T04:11:54","slug":"que-se-recuerda-y-que-se-celebra-el-17-de-octubre","status":"publish","type":"post","link":"https:\/\/infoecos.com.ar\/index.php\/que-se-recuerda-y-que-se-celebra-el-17-de-octubre\/","title":{"rendered":"Que se recuerda y que se celebra el 17 de Octubre&#8230;"},"content":{"rendered":"\n<figure class=\"wp-block-image aligncenter size-full\"><img decoding=\"async\" src=\"http:\/\/infoecos.com.ar\/wp-content\/uploads\/0012337520.jpg\" alt=\"\" class=\"wp-image-27542\"\/><figcaption>San Mart\u00edn, Jos\u00e9<\/figcaption><\/figure>\n\n\n\n<ul class=\"wp-block-list\"><li><strong>1808\u00a0&#8211; JUAN P. ESNAOLA<\/strong>. Nace en Buenos Aires el compositor y pianista Juan Pedro Esnaola, quien en 1860 public\u00f3 una nueva versi\u00f3n musical del Himno Nacional argentino que luego fue declarada oficial junto con la letra de Vicente L\u00f3pez y Planes.<\/li><li><\/li><li><strong>1850\u00a0&#8211; SAN MART\u00cdN<\/strong>. Muere en la localidad francesa de Boulogne sur Mer, a la edad de 72 a\u00f1os, el general Jos\u00e9 de San Mart\u00edn (Jos\u00e9 Francisco de San Mart\u00edn y Matorras), comandante en jefe del Ej\u00e9rcito de los Andes y libertador de Argentina, Chile y Per\u00fa.<\/li><li><\/li><li><strong>1891\u00a0&#8211; OLIVERIO GIRONDO<\/strong>. Nace en Buenos Aires el escritor, poeta y periodista Oliverio Girondo (Octavio Jos\u00e9 Oliverio Girondo), figura del surrealismo dentro de la vanguardia literaria porte\u00f1a de la d\u00e9cada de 1920. Form\u00f3 parte del Grupo Florida junto con Leopoldo Marechal, Silvina Ocampo y Ra\u00fal Gonz\u00e1lez Tu\u00f1\u00f3n, entre otros grandes escritores.<\/li><li><\/li><li><strong>1913\u00a0&#8211; OSCAR A.G\u00c1LVEZ<\/strong>. Nace en Buenos Aires el piloto de automovilismo Oscar Alfredo G\u00e1lvez, icono de ese deporte en la Argentina. Obtuvo cinco t\u00edtulos de Turismo Carretera y 43 victorias en esa especialidad. El Aut\u00f3dromo Oscar G\u00e1lvez, situado en el barrio porte\u00f1o de Villa Riachuelo, fue sede en veinte ocasiones del Gran Premio de la Rep\u00fablica Argentina de F\u00f3rmula 1.<\/li><li><\/li><li><strong>1943\u00a0&#8211; ROBERT DE NIRO.<\/strong>\u00a0Nace en Manhattan (Nueva York, EEUU) el actor y director de cine Robert Anthony De Niro, una de las grandes estrellas de Hollywood, ganador de dos premios \u00d3scar por su actuaci\u00f3n en las pel\u00edculas Toro salvaje y El padrino: Parte II. Gan\u00f3 adem\u00e1s dos premios Globo de Oro y lleva filmadas cien pel\u00edculas.<\/li><li><\/li><li><strong>1952\u00a0&#8211; GUILLERMO VILAS<\/strong>. Nace en Buenos Aires el ex tenista Guillermo Vilas, quien lleg\u00f3 al N\u00b0 2 de la clasificaci\u00f3n mundial de la Asociaci\u00f3n de Tenistas Profesionales (ATP). Vilas es el tenista argentino con m\u00e1s torneos ganados, un total de 62, seguido por Jos\u00e9 Luis Clerc, con 28.<\/li><li><\/li><li><strong>1954\u00a0&#8211; ANTONIO R\u00cdOS<\/strong>. Nace en la localidad chaque\u00f1a de La Escondida el cantante Antonio R\u00edos, ganador de un premio Konex de 2005 quien lleva grabados m\u00e1s de 30 discos.<\/li><li><\/li><li><strong>1957\u00a0&#8211; RICARDO MOLLO.\u00a0<\/strong>Nace en la ciudad bonaerense de Pergamino el m\u00fasico, cantante y guitarrista Ricardo Mollo, l\u00edder de la banda de rock Divididos. Form\u00f3 parte de la legendaria banda Sumo en los a\u00f1os ochenta.<\/li><li><\/li><li><strong>1960\u00a0&#8211; SEAN PENN.<\/strong>\u00a0Nace en la ciudad de Santa M\u00f3nica (California, EEUU) el actor y director de cine Sean Penn, ganador de ocho premios internacionales, entre ellos dos \u00d3scar. Ha filmado 48 pel\u00edculas.<\/li><li><\/li><li><strong>2005\u00a0&#8211; LIONEL MESSI.\u00a0<\/strong>A los 21 minutos del segundo tiempo de un amistoso con Hungr\u00eda en Budapest, el delantero Lionel Messi debuta en la selecci\u00f3n Argentina al reemplazar a Lisandro L\u00f3pez en el equipo dirigido por Jos\u00e9 Pekerman. Messi fue expulsado 47 segundos despu\u00e9s de su ingreso por una falta que no pareci\u00f3 merecer esa sanci\u00f3n. Argentina gan\u00f3 el partido por 2-1, con goles de Maximiliano Rodr\u00edguez y Gabriel Heinze.<\/li><\/ul>\n","protected":false},"excerpt":{"rendered":"<p>Muere en la localidad francesa de Boulogne sur Mer, a la edad de 72 a\u00f1os, el general Jos\u00e9 de San Mart\u00edn (Jos\u00e9 Francisco de San Mart\u00edn y Matorras), comandante en jefe del Ej\u00e9rcito de los Andes y libertador de Argentina, Chile y Per\u00fa<\/p>\n","protected":false},"author":2,"featured_media":27542,"comment_status":"closed","ping_status":"open","sticky":false,"template":"","format":"standard","meta":{"footnotes":""},"categories":[50],"tags":[4812],"class_list":["post-96238","post","type-post","status-publish","format-standard","has-post-thumbnail","hentry","category-c1nota4","tag-efemerides-infoecos-2"],"yoast_head":"<!-- This site is optimized with the Yoast SEO plugin v23.4 - https:\/\/yoast.com\/wordpress\/plugins\/seo\/ -->\n<title>Que se recuerda y que se celebra el 17 de Octubre... - Infoecos<\/title>\n<meta name=\"robots\" content=\"index, follow, max-snippet:-1, max-image-preview:large, max-video-preview:-1\" \/>\n<link rel=\"canonical\" href=\"https:\/\/infoecos.com.ar\/index.php\/que-se-recuerda-y-que-se-celebra-el-17-de-octubre\/\" \/>\n<meta property=\"og:locale\" content=\"es_ES\" \/>\n<meta property=\"og:type\" content=\"article\" \/>\n<meta property=\"og:title\" content=\"Que se recuerda y que se celebra el 17 de Octubre... - Infoecos\" \/>\n<meta property=\"og:description\" content=\"Muere en la localidad francesa de Boulogne sur Mer, a la edad de 72 a\u00f1os, el general Jos\u00e9 de San Mart\u00edn (Jos\u00e9 Francisco de San Mart\u00edn y Matorras), comandante en jefe del Ej\u00e9rcito de los Andes y libertador de Argentina, Chile y Per\u00fa\" \/>\n<meta property=\"og:url\" content=\"https:\/\/infoecos.com.ar\/index.php\/que-se-recuerda-y-que-se-celebra-el-17-de-octubre\/\" \/>\n<meta property=\"og:site_name\" content=\"Infoecos\" \/>\n<meta property=\"article:publisher\" content=\"https:\/\/www.facebook.com\/profile.php?id=100063200290284\" \/>\n<meta property=\"article:published_time\" content=\"2022-08-17T04:11:53+00:00\" \/>\n<meta property=\"article:modified_time\" content=\"2022-08-17T04:11:54+00:00\" \/>\n<meta property=\"og:image\" content=\"https:\/\/infoecos.com.ar\/wp-content\/uploads\/0012337520.jpg\" \/>\n\t<meta property=\"og:image:width\" content=\"770\" \/>\n\t<meta property=\"og:image:height\" content=\"433\" \/>\n\t<meta property=\"og:image:type\" content=\"image\/jpeg\" \/>\n<meta name=\"author\" content=\"Jorge Matheus\" \/>\n<meta name=\"twitter:card\" content=\"summary_large_image\" \/>\n<meta name=\"twitter:creator\" content=\"@infoecos\" \/>\n<meta name=\"twitter:site\" content=\"@infoecos\" \/>\n<meta name=\"twitter:label1\" content=\"Escrito por\" \/>\n\t<meta name=\"twitter:data1\" content=\"Jorge Matheus\" \/>\n\t<meta name=\"twitter:label2\" content=\"Tiempo de lectura\" \/>\n\t<meta name=\"twitter:data2\" content=\"3 minutos\" \/>\n<script type=\"application\/ld+json\" class=\"yoast-schema-graph\">{\"@context\":\"https:\/\/schema.org\",\"@graph\":[{\"@type\":\"Article\",\"@id\":\"https:\/\/infoecos.com.ar\/index.php\/que-se-recuerda-y-que-se-celebra-el-17-de-octubre\/#article\",\"isPartOf\":{\"@id\":\"https:\/\/infoecos.com.ar\/index.php\/que-se-recuerda-y-que-se-celebra-el-17-de-octubre\/\"},\"author\":{\"name\":\"Jorge Matheus\",\"@id\":\"https:\/\/infoecos.com.ar\/#\/schema\/person\/8f5ace5ce73b4b4aac4b7245aee6f191\"},\"headline\":\"Que se recuerda y que se celebra el 17 de Octubre&#8230;\",\"datePublished\":\"2022-08-17T04:11:53+00:00\",\"dateModified\":\"2022-08-17T04:11:54+00:00\",\"mainEntityOfPage\":{\"@id\":\"https:\/\/infoecos.com.ar\/index.php\/que-se-recuerda-y-que-se-celebra-el-17-de-octubre\/\"},\"wordCount\":514,\"publisher\":{\"@id\":\"https:\/\/infoecos.com.ar\/#organization\"},\"image\":{\"@id\":\"https:\/\/infoecos.com.ar\/index.php\/que-se-recuerda-y-que-se-celebra-el-17-de-octubre\/#primaryimage\"},\"thumbnailUrl\":\"\",\"keywords\":[\"EFEM\u00c9RIDES INFOECOS\"],\"articleSection\":[\"C1 N4\"],\"inLanguage\":\"es\"},{\"@type\":\"WebPage\",\"@id\":\"https:\/\/infoecos.com.ar\/index.php\/que-se-recuerda-y-que-se-celebra-el-17-de-octubre\/\",\"url\":\"https:\/\/infoecos.com.ar\/index.php\/que-se-recuerda-y-que-se-celebra-el-17-de-octubre\/\",\"name\":\"Que se recuerda y que se celebra el 17 de Octubre... - Infoecos\",\"isPartOf\":{\"@id\":\"https:\/\/infoecos.com.ar\/#website\"},\"primaryImageOfPage\":{\"@id\":\"https:\/\/infoecos.com.ar\/index.php\/que-se-recuerda-y-que-se-celebra-el-17-de-octubre\/#primaryimage\"},\"image\":{\"@id\":\"https:\/\/infoecos.com.ar\/index.php\/que-se-recuerda-y-que-se-celebra-el-17-de-octubre\/#primaryimage\"},\"thumbnailUrl\":\"\",\"datePublished\":\"2022-08-17T04:11:53+00:00\",\"dateModified\":\"2022-08-17T04:11:54+00:00\",\"breadcrumb\":{\"@id\":\"https:\/\/infoecos.com.ar\/index.php\/que-se-recuerda-y-que-se-celebra-el-17-de-octubre\/#breadcrumb\"},\"inLanguage\":\"es\",\"potentialAction\":[{\"@type\":\"ReadAction\",\"target\":[\"https:\/\/infoecos.com.ar\/index.php\/que-se-recuerda-y-que-se-celebra-el-17-de-octubre\/\"]}]},{\"@type\":\"ImageObject\",\"inLanguage\":\"es\",\"@id\":\"https:\/\/infoecos.com.ar\/index.php\/que-se-recuerda-y-que-se-celebra-el-17-de-octubre\/#primaryimage\",\"url\":\"\",\"contentUrl\":\"\"},{\"@type\":\"BreadcrumbList\",\"@id\":\"https:\/\/infoecos.com.ar\/index.php\/que-se-recuerda-y-que-se-celebra-el-17-de-octubre\/#breadcrumb\",\"itemListElement\":[{\"@type\":\"ListItem\",\"position\":1,\"name\":\"Portada\",\"item\":\"https:\/\/infoecos.com.ar\/\"},{\"@type\":\"ListItem\",\"position\":2,\"name\":\"Que se recuerda y que se celebra el 17 de Octubre&#8230;\"}]},{\"@type\":\"WebSite\",\"@id\":\"https:\/\/infoecos.com.ar\/#website\",\"url\":\"https:\/\/infoecos.com.ar\/\",\"name\":\"Infoecos\",\"description\":\"Noticias de trenque lauquen y la zona\",\"publisher\":{\"@id\":\"https:\/\/infoecos.com.ar\/#organization\"},\"alternateName\":\"Noticias\",\"potentialAction\":[{\"@type\":\"SearchAction\",\"target\":{\"@type\":\"EntryPoint\",\"urlTemplate\":\"https:\/\/infoecos.com.ar\/?s={search_term_string}\"},\"query-input\":{\"@type\":\"PropertyValueSpecification\",\"valueRequired\":true,\"valueName\":\"search_term_string\"}}],\"inLanguage\":\"es\"},{\"@type\":\"Organization\",\"@id\":\"https:\/\/infoecos.com.ar\/#organization\",\"name\":\"Infoecos\",\"alternateName\":\"Noticias\",\"url\":\"https:\/\/infoecos.com.ar\/\",\"logo\":{\"@type\":\"ImageObject\",\"inLanguage\":\"es\",\"@id\":\"https:\/\/infoecos.com.ar\/#\/schema\/logo\/image\/\",\"url\":\"https:\/\/infoecos.com.ar\/wp-content\/uploads\/2024\/03\/cropped-logo.png\",\"contentUrl\":\"https:\/\/infoecos.com.ar\/wp-content\/uploads\/2024\/03\/cropped-logo.png\",\"width\":374,\"height\":90,\"caption\":\"Infoecos\"},\"image\":{\"@id\":\"https:\/\/infoecos.com.ar\/#\/schema\/logo\/image\/\"},\"sameAs\":[\"https:\/\/www.facebook.com\/profile.php?id=100063200290284\",\"https:\/\/x.com\/infoecos\"]},{\"@type\":\"Person\",\"@id\":\"https:\/\/infoecos.com.ar\/#\/schema\/person\/8f5ace5ce73b4b4aac4b7245aee6f191\",\"name\":\"Jorge Matheus\",\"url\":\"https:\/\/infoecos.com.ar\/index.php\/author\/jomatheus\/\"}]}<\/script>\n<!-- \/ Yoast SEO plugin. -->","yoast_head_json":{"title":"Que se recuerda y que se celebra el 17 de Octubre... - Infoecos","robots":{"index":"index","follow":"follow","max-snippet":"max-snippet:-1","max-image-preview":"max-image-preview:large","max-video-preview":"max-video-preview:-1"},"canonical":"https:\/\/infoecos.com.ar\/index.php\/que-se-recuerda-y-que-se-celebra-el-17-de-octubre\/","og_locale":"es_ES","og_type":"article","og_title":"Que se recuerda y que se celebra el 17 de Octubre... - Infoecos","og_description":"Muere en la localidad francesa de Boulogne sur Mer, a la edad de 72 a\u00f1os, el general Jos\u00e9 de San Mart\u00edn (Jos\u00e9 Francisco de San Mart\u00edn y Matorras), comandante en jefe del Ej\u00e9rcito de los Andes y libertador de Argentina, Chile y Per\u00fa","og_url":"https:\/\/infoecos.com.ar\/index.php\/que-se-recuerda-y-que-se-celebra-el-17-de-octubre\/","og_site_name":"Infoecos","article_publisher":"https:\/\/www.facebook.com\/profile.php?id=100063200290284","article_published_time":"2022-08-17T04:11:53+00:00","article_modified_time":"2022-08-17T04:11:54+00:00","og_image":[{"width":770,"height":433,"url":"https:\/\/infoecos.com.ar\/wp-content\/uploads\/0012337520.jpg","type":"image\/jpeg"}],"author":"Jorge Matheus","twitter_card":"summary_large_image","twitter_creator":"@infoecos","twitter_site":"@infoecos","twitter_misc":{"Escrito por":"Jorge Matheus","Tiempo de lectura":"3 minutos"},"schema":{"@context":"https:\/\/schema.org","@graph":[{"@type":"Article","@id":"https:\/\/infoecos.com.ar\/index.php\/que-se-recuerda-y-que-se-celebra-el-17-de-octubre\/#article","isPartOf":{"@id":"https:\/\/infoecos.com.ar\/index.php\/que-se-recuerda-y-que-se-celebra-el-17-de-octubre\/"},"author":{"name":"Jorge Matheus","@id":"https:\/\/infoecos.com.ar\/#\/schema\/person\/8f5ace5ce73b4b4aac4b7245aee6f191"},"headline":"Que se recuerda y que se celebra el 17 de Octubre&#8230;","datePublished":"2022-08-17T04:11:53+00:00","dateModified":"2022-08-17T04:11:54+00:00","mainEntityOfPage":{"@id":"https:\/\/infoecos.com.ar\/index.php\/que-se-recuerda-y-que-se-celebra-el-17-de-octubre\/"},"wordCount":514,"publisher":{"@id":"https:\/\/infoecos.com.ar\/#organization"},"image":{"@id":"https:\/\/infoecos.com.ar\/index.php\/que-se-recuerda-y-que-se-celebra-el-17-de-octubre\/#primaryimage"},"thumbnailUrl":"","keywords":["EFEM\u00c9RIDES INFOECOS"],"articleSection":["C1 N4"],"inLanguage":"es"},{"@type":"WebPage","@id":"https:\/\/infoecos.com.ar\/index.php\/que-se-recuerda-y-que-se-celebra-el-17-de-octubre\/","url":"https:\/\/infoecos.com.ar\/index.php\/que-se-recuerda-y-que-se-celebra-el-17-de-octubre\/","name":"Que se recuerda y que se celebra el 17 de Octubre... - Infoecos","isPartOf":{"@id":"https:\/\/infoecos.com.ar\/#website"},"primaryImageOfPage":{"@id":"https:\/\/infoecos.com.ar\/index.php\/que-se-recuerda-y-que-se-celebra-el-17-de-octubre\/#primaryimage"},"image":{"@id":"https:\/\/infoecos.com.ar\/index.php\/que-se-recuerda-y-que-se-celebra-el-17-de-octubre\/#primaryimage"},"thumbnailUrl":"","datePublished":"2022-08-17T04:11:53+00:00","dateModified":"2022-08-17T04:11:54+00:00","breadcrumb":{"@id":"https:\/\/infoecos.com.ar\/index.php\/que-se-recuerda-y-que-se-celebra-el-17-de-octubre\/#breadcrumb"},"inLanguage":"es","potentialAction":[{"@type":"ReadAction","target":["https:\/\/infoecos.com.ar\/index.php\/que-se-recuerda-y-que-se-celebra-el-17-de-octubre\/"]}]},{"@type":"ImageObject","inLanguage":"es","@id":"https:\/\/infoecos.com.ar\/index.php\/que-se-recuerda-y-que-se-celebra-el-17-de-octubre\/#primaryimage","url":"","contentUrl":""},{"@type":"BreadcrumbList","@id":"https:\/\/infoecos.com.ar\/index.php\/que-se-recuerda-y-que-se-celebra-el-17-de-octubre\/#breadcrumb","itemListElement":[{"@type":"ListItem","position":1,"name":"Portada","item":"https:\/\/infoecos.com.ar\/"},{"@type":"ListItem","position":2,"name":"Que se recuerda y que se celebra el 17 de Octubre&#8230;"}]},{"@type":"WebSite","@id":"https:\/\/infoecos.com.ar\/#website","url":"https:\/\/infoecos.com.ar\/","name":"Infoecos","description":"Noticias de trenque lauquen y la zona","publisher":{"@id":"https:\/\/infoecos.com.ar\/#organization"},"alternateName":"Noticias","potentialAction":[{"@type":"SearchAction","target":{"@type":"EntryPoint","urlTemplate":"https:\/\/infoecos.com.ar\/?s={search_term_string}"},"query-input":{"@type":"PropertyValueSpecification","valueRequired":true,"valueName":"search_term_string"}}],"inLanguage":"es"},{"@type":"Organization","@id":"https:\/\/infoecos.com.ar\/#organization","name":"Infoecos","alternateName":"Noticias","url":"https:\/\/infoecos.com.ar\/","logo":{"@type":"ImageObject","inLanguage":"es","@id":"https:\/\/infoecos.com.ar\/#\/schema\/logo\/image\/","url":"https:\/\/infoecos.com.ar\/wp-content\/uploads\/2024\/03\/cropped-logo.png","contentUrl":"https:\/\/infoecos.com.ar\/wp-content\/uploads\/2024\/03\/cropped-logo.png","width":374,"height":90,"caption":"Infoecos"},"image":{"@id":"https:\/\/infoecos.com.ar\/#\/schema\/logo\/image\/"},"sameAs":["https:\/\/www.facebook.com\/profile.php?id=100063200290284","https:\/\/x.com\/infoecos"]},{"@type":"Person","@id":"https:\/\/infoecos.com.ar\/#\/schema\/person\/8f5ace5ce73b4b4aac4b7245aee6f191","name":"Jorge Matheus","url":"https:\/\/infoecos.com.ar\/index.php\/author\/jomatheus\/"}]}},"featured_image_urls":{"full":"","thumbnail":"","medium":"","medium_large":"","large":"","1536x1536":"","2048x2048":"","covernews-slider-full":"","covernews-slider-center":"","covernews-featured":"","covernews-medium":"","covernews-medium-square":""},"author_info":{"info":["Jorge Matheus"]},"category_info":"<a href=\"https:\/\/infoecos.com.ar\/index.php\/category\/c1nota4\/\" rel=\"category tag\">C1 N4<\/a>","tag_info":"C1 N4","comment_count":"0","_links":{"self":[{"href":"https:\/\/infoecos.com.ar\/index.php\/wp-json\/wp\/v2\/posts\/96238"}],"collection":[{"href":"https:\/\/infoecos.com.ar\/index.php\/wp-json\/wp\/v2\/posts"}],"about":[{"href":"https:\/\/infoecos.com.ar\/index.php\/wp-json\/wp\/v2\/types\/post"}],"author":[{"embeddable":true,"href":"https:\/\/infoecos.com.ar\/index.php\/wp-json\/wp\/v2\/users\/2"}],"replies":[{"embeddable":true,"href":"https:\/\/infoecos.com.ar\/index.php\/wp-json\/wp\/v2\/comments?post=96238"}],"version-history":[{"count":1,"href":"https:\/\/infoecos.com.ar\/index.php\/wp-json\/wp\/v2\/posts\/96238\/revisions"}],"predecessor-version":[{"id":96239,"href":"https:\/\/infoecos.com.ar\/index.php\/wp-json\/wp\/v2\/posts\/96238\/revisions\/96239"}],"wp:featuredmedia":[{"embeddable":true,"href":"https:\/\/infoecos.com.ar\/index.php\/wp-json\/"}],"wp:attachment":[{"href":"https:\/\/infoecos.com.ar\/index.php\/wp-json\/wp\/v2\/media?parent=96238"}],"wp:term":[{"taxonomy":"category","embeddable":true,"href":"https:\/\/infoecos.com.ar\/index.php\/wp-json\/wp\/v2\/categories?post=96238"},{"taxonomy":"post_tag","embeddable":true,"href":"https:\/\/infoecos.com.ar\/index.php\/wp-json\/wp\/v2\/tags?post=96238"}],"curies":[{"name":"wp","href":"https:\/\/api.w.org\/{rel}","templated":true}]}}