{"id":96242,"date":"2022-08-17T01:35:19","date_gmt":"2022-08-17T04:35:19","guid":{"rendered":"http:\/\/infoecos.com.ar\/?p=96242"},"modified":"2022-08-18T04:37:27","modified_gmt":"2022-08-18T07:37:27","slug":"luces-led-con-inversion-municipal-para-martinez-de-hoz-las-toscas-y-carlos-salas","status":"publish","type":"post","link":"https:\/\/infoecos.com.ar\/index.php\/luces-led-con-inversion-municipal-para-martinez-de-hoz-las-toscas-y-carlos-salas\/","title":{"rendered":"Luces Led con inversi\u00f3n municipal para Mart\u00ednez de Hoz, Las Toscas y Carlos Salas"},"content":{"rendered":"\n<p>El intendente de <mark style=\"background-color:rgba(0, 0, 0, 0)\" class=\"has-inline-color has-vivid-red-color\"><strong>Lincoln<\/strong><\/mark>, <strong><mark style=\"background-color:rgba(0, 0, 0, 0)\" class=\"has-inline-color has-vivid-red-color\">Salvador Serenal<\/mark><\/strong> visit\u00f3 <strong><mark style=\"background-color:rgba(0, 0, 0, 0)\" class=\"has-inline-color has-vivid-red-color\">Mart\u00ednez de Hoz, Las Toscas y Carlos Sala<\/mark><\/strong>s. Junto a funcionarios de su gabinete y ante los delegados de las respectivas localidades realiz\u00f3 la entrega formal de un total de 27 kits de luminarias para esas localidades.<\/p>\n\n\n\n<p>&nbsp;<\/p>\n\n\n\n<figure class=\"wp-block-image aligncenter size-large is-resized\"><img loading=\"lazy\" decoding=\"async\" src=\"http:\/\/infoecos.com.ar\/wp-content\/uploads\/2022\/08\/Lincoln-3-2-920x613.jpeg\" alt=\"\" class=\"wp-image-96243\" width=\"417\" height=\"277\" srcset=\"https:\/\/infoecos.com.ar\/wp-content\/uploads\/2022\/08\/Lincoln-3-2-920x613.jpeg 920w, https:\/\/infoecos.com.ar\/wp-content\/uploads\/2022\/08\/Lincoln-3-2-460x307.jpeg 460w, https:\/\/infoecos.com.ar\/wp-content\/uploads\/2022\/08\/Lincoln-3-2-768x512.jpeg 768w, https:\/\/infoecos.com.ar\/wp-content\/uploads\/2022\/08\/Lincoln-3-2-1024x682.jpeg 1024w, https:\/\/infoecos.com.ar\/wp-content\/uploads\/2022\/08\/Lincoln-3-2-675x450.jpeg 675w, https:\/\/infoecos.com.ar\/wp-content\/uploads\/2022\/08\/Lincoln-3-2.jpeg 1280w\" sizes=\"(max-width: 417px) 100vw, 417px\" \/><\/figure>\n\n\n\n<p>El Jefe Comunal recorri\u00f3 <strong>Carlos Salas<\/strong>, donde visit\u00f3 diferentes instituciones y tambi\u00e9n realiz\u00f3 la entrega formal al delegado <strong><mark style=\"background-color:rgba(0, 0, 0, 0)\" class=\"has-inline-color has-vivid-red-color\">Daniel&nbsp;Raneletti<\/mark><\/strong>&nbsp;de nuevas luminarias de LED que ser\u00e1n colocadas en la v\u00eda p\u00fablica de la planta urbana de la localidad.&nbsp;&nbsp;<\/p>\n\n\n\n<figure class=\"wp-block-image aligncenter size-large is-resized\"><img loading=\"lazy\" decoding=\"async\" src=\"http:\/\/infoecos.com.ar\/wp-content\/uploads\/2022\/08\/Lincoln-3-3-920x614.jpeg\" alt=\"\" class=\"wp-image-96244\" width=\"414\" height=\"276\" srcset=\"https:\/\/infoecos.com.ar\/wp-content\/uploads\/2022\/08\/Lincoln-3-3-920x614.jpeg 920w, https:\/\/infoecos.com.ar\/wp-content\/uploads\/2022\/08\/Lincoln-3-3-460x307.jpeg 460w, https:\/\/infoecos.com.ar\/wp-content\/uploads\/2022\/08\/Lincoln-3-3-768x512.jpeg 768w, https:\/\/infoecos.com.ar\/wp-content\/uploads\/2022\/08\/Lincoln-3-3-1536x1020.jpeg 1536w, https:\/\/infoecos.com.ar\/wp-content\/uploads\/2022\/08\/Lincoln-3-3-1024x683.jpeg 1024w, https:\/\/infoecos.com.ar\/wp-content\/uploads\/2022\/08\/Lincoln-3-3-675x450.jpeg 675w, https:\/\/infoecos.com.ar\/wp-content\/uploads\/2022\/08\/Lincoln-3-3.jpeg 1600w\" sizes=\"(max-width: 414px) 100vw, 414px\" \/><\/figure>\n\n\n\n<p>En <strong>Las Toscas<\/strong> el intendente Serenal tambi\u00e9n estuvo acompa\u00f1ado por el jefe de Gabinete Ram\u00f3n Parera y la secretaria de Acci\u00f3n Social, Valeria&nbsp;Menna. En esta localidad fueron entregadas 12 luminarias que ser\u00e1n colocadas en las calles perif\u00e9ricas a la plaza \u201cManuel Belgrano\u201d, espacio verde donde ya finalizaron los trabajos de recambio de las viejas l\u00e1mparas de sodio por nuevas luces de LED.&nbsp;&nbsp;<\/p>\n\n\n\n<p>En <strong>Mart\u00ednez de Hoz<\/strong>, Serenal tambi\u00e9n hizo entrega de los kits de luminarias LED que ser\u00e1n destinadas a cubrir el alumbrado p\u00fablico de la prolongaci\u00f3n de Av. San Mart\u00edn, entre las arterias 9 de Julio y Ant\u00e1rtida Argentina de esa localidad.&nbsp;&nbsp;<\/p>\n\n\n\n<figure class=\"wp-block-image aligncenter size-large is-resized\"><img loading=\"lazy\" decoding=\"async\" src=\"http:\/\/infoecos.com.ar\/wp-content\/uploads\/2022\/08\/Lincoln-3-1-920x614.jpeg\" alt=\"\" class=\"wp-image-96245\" width=\"449\" height=\"299\" srcset=\"https:\/\/infoecos.com.ar\/wp-content\/uploads\/2022\/08\/Lincoln-3-1-920x614.jpeg 920w, https:\/\/infoecos.com.ar\/wp-content\/uploads\/2022\/08\/Lincoln-3-1-460x307.jpeg 460w, https:\/\/infoecos.com.ar\/wp-content\/uploads\/2022\/08\/Lincoln-3-1-768x512.jpeg 768w, https:\/\/infoecos.com.ar\/wp-content\/uploads\/2022\/08\/Lincoln-3-1-1536x1020.jpeg 1536w, https:\/\/infoecos.com.ar\/wp-content\/uploads\/2022\/08\/Lincoln-3-1-1024x683.jpeg 1024w, https:\/\/infoecos.com.ar\/wp-content\/uploads\/2022\/08\/Lincoln-3-1-675x450.jpeg 675w, https:\/\/infoecos.com.ar\/wp-content\/uploads\/2022\/08\/Lincoln-3-1.jpeg 1600w\" sizes=\"(max-width: 449px) 100vw, 449px\" \/><\/figure>\n\n\n\n<p>Desde la Secretar\u00eda de Obras y Servicios P\u00fablicos se\u00f1alaron que, al igual que lo sucedido en obras realizadas en otras localidades del partido, el costo de los materiales y de la mano de obra constituir\u00e1 una inversi\u00f3n del municipio y la cooperativa ser\u00e1 la encargada de la ejecuci\u00f3n de los trabajos de renovaci\u00f3n de la luminaria LED.&nbsp;&nbsp;&nbsp;&nbsp;<\/p>\n","protected":false},"excerpt":{"rendered":"<p>Desde la Secretar\u00eda de Obras y Servicios P\u00fablicos se\u00f1alaron que, al igual que lo sucedido en obras realizadas en otras localidades del partido, el costo de los materiales y de la mano de obra constituir\u00e1 una inversi\u00f3n del municipio<\/p>\n","protected":false},"author":2,"featured_media":96243,"comment_status":"closed","ping_status":"open","sticky":false,"template":"","format":"standard","meta":{"footnotes":""},"categories":[43],"tags":[3068],"class_list":["post-96242","post","type-post","status-publish","format-standard","has-post-thumbnail","hentry","category-inferior4","tag-distrito-de-lincoln"],"yoast_head":"<!-- This site is optimized with the Yoast SEO plugin v23.4 - https:\/\/yoast.com\/wordpress\/plugins\/seo\/ -->\n<title>Luces Led con inversi\u00f3n municipal para Mart\u00ednez de Hoz, Las Toscas y Carlos Salas - Infoecos<\/title>\n<meta name=\"robots\" content=\"index, follow, max-snippet:-1, max-image-preview:large, max-video-preview:-1\" \/>\n<link rel=\"canonical\" href=\"https:\/\/infoecos.com.ar\/index.php\/luces-led-con-inversion-municipal-para-martinez-de-hoz-las-toscas-y-carlos-salas\/\" \/>\n<meta property=\"og:locale\" content=\"es_ES\" \/>\n<meta property=\"og:type\" content=\"article\" \/>\n<meta property=\"og:title\" content=\"Luces Led con inversi\u00f3n municipal para Mart\u00ednez de Hoz, Las Toscas y Carlos Salas - Infoecos\" \/>\n<meta property=\"og:description\" content=\"Desde la Secretar\u00eda de Obras y Servicios P\u00fablicos se\u00f1alaron que, al igual que lo sucedido en obras realizadas en otras localidades del partido, el costo de los materiales y de la mano de obra constituir\u00e1 una inversi\u00f3n del municipio\" \/>\n<meta property=\"og:url\" content=\"https:\/\/infoecos.com.ar\/index.php\/luces-led-con-inversion-municipal-para-martinez-de-hoz-las-toscas-y-carlos-salas\/\" \/>\n<meta property=\"og:site_name\" content=\"Infoecos\" \/>\n<meta property=\"article:publisher\" content=\"https:\/\/www.facebook.com\/profile.php?id=100063200290284\" \/>\n<meta property=\"article:published_time\" content=\"2022-08-17T04:35:19+00:00\" \/>\n<meta property=\"article:modified_time\" content=\"2022-08-18T07:37:27+00:00\" \/>\n<meta property=\"og:image\" content=\"https:\/\/infoecos.com.ar\/wp-content\/uploads\/2022\/08\/Lincoln-3-2.jpeg\" \/>\n\t<meta property=\"og:image:width\" content=\"1280\" \/>\n\t<meta property=\"og:image:height\" content=\"853\" \/>\n\t<meta property=\"og:image:type\" content=\"image\/jpeg\" \/>\n<meta name=\"author\" content=\"Jorge Matheus\" \/>\n<meta name=\"twitter:card\" content=\"summary_large_image\" \/>\n<meta name=\"twitter:creator\" content=\"@infoecos\" \/>\n<meta name=\"twitter:site\" content=\"@infoecos\" \/>\n<meta name=\"twitter:label1\" content=\"Escrito por\" \/>\n\t<meta name=\"twitter:data1\" content=\"Jorge Matheus\" \/>\n\t<meta name=\"twitter:label2\" content=\"Tiempo de lectura\" \/>\n\t<meta name=\"twitter:data2\" content=\"1 minuto\" \/>\n<script type=\"application\/ld+json\" class=\"yoast-schema-graph\">{\"@context\":\"https:\/\/schema.org\",\"@graph\":[{\"@type\":\"Article\",\"@id\":\"https:\/\/infoecos.com.ar\/index.php\/luces-led-con-inversion-municipal-para-martinez-de-hoz-las-toscas-y-carlos-salas\/#article\",\"isPartOf\":{\"@id\":\"https:\/\/infoecos.com.ar\/index.php\/luces-led-con-inversion-municipal-para-martinez-de-hoz-las-toscas-y-carlos-salas\/\"},\"author\":{\"name\":\"Jorge Matheus\",\"@id\":\"https:\/\/infoecos.com.ar\/#\/schema\/person\/8f5ace5ce73b4b4aac4b7245aee6f191\"},\"headline\":\"Luces Led con inversi\u00f3n municipal para Mart\u00ednez de Hoz, Las Toscas y Carlos Salas\",\"datePublished\":\"2022-08-17T04:35:19+00:00\",\"dateModified\":\"2022-08-18T07:37:27+00:00\",\"mainEntityOfPage\":{\"@id\":\"https:\/\/infoecos.com.ar\/index.php\/luces-led-con-inversion-municipal-para-martinez-de-hoz-las-toscas-y-carlos-salas\/\"},\"wordCount\":297,\"publisher\":{\"@id\":\"https:\/\/infoecos.com.ar\/#organization\"},\"image\":{\"@id\":\"https:\/\/infoecos.com.ar\/index.php\/luces-led-con-inversion-municipal-para-martinez-de-hoz-las-toscas-y-carlos-salas\/#primaryimage\"},\"thumbnailUrl\":\"https:\/\/infoecos.com.ar\/wp-content\/uploads\/2022\/08\/Lincoln-3-2.jpeg\",\"keywords\":[\"DISTRITO DE LINCOLN\"],\"articleSection\":[\"Bloque inferior - 4\"],\"inLanguage\":\"es\"},{\"@type\":\"WebPage\",\"@id\":\"https:\/\/infoecos.com.ar\/index.php\/luces-led-con-inversion-municipal-para-martinez-de-hoz-las-toscas-y-carlos-salas\/\",\"url\":\"https:\/\/infoecos.com.ar\/index.php\/luces-led-con-inversion-municipal-para-martinez-de-hoz-las-toscas-y-carlos-salas\/\",\"name\":\"Luces Led con inversi\u00f3n municipal para Mart\u00ednez de Hoz, Las Toscas y Carlos Salas - Infoecos\",\"isPartOf\":{\"@id\":\"https:\/\/infoecos.com.ar\/#website\"},\"primaryImageOfPage\":{\"@id\":\"https:\/\/infoecos.com.ar\/index.php\/luces-led-con-inversion-municipal-para-martinez-de-hoz-las-toscas-y-carlos-salas\/#primaryimage\"},\"image\":{\"@id\":\"https:\/\/infoecos.com.ar\/index.php\/luces-led-con-inversion-municipal-para-martinez-de-hoz-las-toscas-y-carlos-salas\/#primaryimage\"},\"thumbnailUrl\":\"https:\/\/infoecos.com.ar\/wp-content\/uploads\/2022\/08\/Lincoln-3-2.jpeg\",\"datePublished\":\"2022-08-17T04:35:19+00:00\",\"dateModified\":\"2022-08-18T07:37:27+00:00\",\"breadcrumb\":{\"@id\":\"https:\/\/infoecos.com.ar\/index.php\/luces-led-con-inversion-municipal-para-martinez-de-hoz-las-toscas-y-carlos-salas\/#breadcrumb\"},\"inLanguage\":\"es\",\"potentialAction\":[{\"@type\":\"ReadAction\",\"target\":[\"https:\/\/infoecos.com.ar\/index.php\/luces-led-con-inversion-municipal-para-martinez-de-hoz-las-toscas-y-carlos-salas\/\"]}]},{\"@type\":\"ImageObject\",\"inLanguage\":\"es\",\"@id\":\"https:\/\/infoecos.com.ar\/index.php\/luces-led-con-inversion-municipal-para-martinez-de-hoz-las-toscas-y-carlos-salas\/#primaryimage\",\"url\":\"https:\/\/infoecos.com.ar\/wp-content\/uploads\/2022\/08\/Lincoln-3-2.jpeg\",\"contentUrl\":\"https:\/\/infoecos.com.ar\/wp-content\/uploads\/2022\/08\/Lincoln-3-2.jpeg\",\"width\":1280,\"height\":853},{\"@type\":\"BreadcrumbList\",\"@id\":\"https:\/\/infoecos.com.ar\/index.php\/luces-led-con-inversion-municipal-para-martinez-de-hoz-las-toscas-y-carlos-salas\/#breadcrumb\",\"itemListElement\":[{\"@type\":\"ListItem\",\"position\":1,\"name\":\"Portada\",\"item\":\"https:\/\/infoecos.com.ar\/\"},{\"@type\":\"ListItem\",\"position\":2,\"name\":\"Luces Led con inversi\u00f3n municipal para Mart\u00ednez de Hoz, Las Toscas y Carlos Salas\"}]},{\"@type\":\"WebSite\",\"@id\":\"https:\/\/infoecos.com.ar\/#website\",\"url\":\"https:\/\/infoecos.com.ar\/\",\"name\":\"Infoecos\",\"description\":\"Noticias de trenque lauquen y la zona\",\"publisher\":{\"@id\":\"https:\/\/infoecos.com.ar\/#organization\"},\"alternateName\":\"Noticias\",\"potentialAction\":[{\"@type\":\"SearchAction\",\"target\":{\"@type\":\"EntryPoint\",\"urlTemplate\":\"https:\/\/infoecos.com.ar\/?s={search_term_string}\"},\"query-input\":{\"@type\":\"PropertyValueSpecification\",\"valueRequired\":true,\"valueName\":\"search_term_string\"}}],\"inLanguage\":\"es\"},{\"@type\":\"Organization\",\"@id\":\"https:\/\/infoecos.com.ar\/#organization\",\"name\":\"Infoecos\",\"alternateName\":\"Noticias\",\"url\":\"https:\/\/infoecos.com.ar\/\",\"logo\":{\"@type\":\"ImageObject\",\"inLanguage\":\"es\",\"@id\":\"https:\/\/infoecos.com.ar\/#\/schema\/logo\/image\/\",\"url\":\"https:\/\/infoecos.com.ar\/wp-content\/uploads\/2024\/03\/cropped-logo.png\",\"contentUrl\":\"https:\/\/infoecos.com.ar\/wp-content\/uploads\/2024\/03\/cropped-logo.png\",\"width\":374,\"height\":90,\"caption\":\"Infoecos\"},\"image\":{\"@id\":\"https:\/\/infoecos.com.ar\/#\/schema\/logo\/image\/\"},\"sameAs\":[\"https:\/\/www.facebook.com\/profile.php?id=100063200290284\",\"https:\/\/x.com\/infoecos\"]},{\"@type\":\"Person\",\"@id\":\"https:\/\/infoecos.com.ar\/#\/schema\/person\/8f5ace5ce73b4b4aac4b7245aee6f191\",\"name\":\"Jorge Matheus\",\"url\":\"https:\/\/infoecos.com.ar\/index.php\/author\/jomatheus\/\"}]}<\/script>\n<!-- \/ Yoast SEO plugin. -->","yoast_head_json":{"title":"Luces Led con inversi\u00f3n municipal para Mart\u00ednez de Hoz, Las Toscas y Carlos Salas - Infoecos","robots":{"index":"index","follow":"follow","max-snippet":"max-snippet:-1","max-image-preview":"max-image-preview:large","max-video-preview":"max-video-preview:-1"},"canonical":"https:\/\/infoecos.com.ar\/index.php\/luces-led-con-inversion-municipal-para-martinez-de-hoz-las-toscas-y-carlos-salas\/","og_locale":"es_ES","og_type":"article","og_title":"Luces Led con inversi\u00f3n municipal para Mart\u00ednez de Hoz, Las Toscas y Carlos Salas - Infoecos","og_description":"Desde la Secretar\u00eda de Obras y Servicios P\u00fablicos se\u00f1alaron que, al igual que lo sucedido en obras realizadas en otras localidades del partido, el costo de los materiales y de la mano de obra constituir\u00e1 una inversi\u00f3n del municipio","og_url":"https:\/\/infoecos.com.ar\/index.php\/luces-led-con-inversion-municipal-para-martinez-de-hoz-las-toscas-y-carlos-salas\/","og_site_name":"Infoecos","article_publisher":"https:\/\/www.facebook.com\/profile.php?id=100063200290284","article_published_time":"2022-08-17T04:35:19+00:00","article_modified_time":"2022-08-18T07:37:27+00:00","og_image":[{"width":1280,"height":853,"url":"https:\/\/infoecos.com.ar\/wp-content\/uploads\/2022\/08\/Lincoln-3-2.jpeg","type":"image\/jpeg"}],"author":"Jorge Matheus","twitter_card":"summary_large_image","twitter_creator":"@infoecos","twitter_site":"@infoecos","twitter_misc":{"Escrito por":"Jorge Matheus","Tiempo de lectura":"1 minuto"},"schema":{"@context":"https:\/\/schema.org","@graph":[{"@type":"Article","@id":"https:\/\/infoecos.com.ar\/index.php\/luces-led-con-inversion-municipal-para-martinez-de-hoz-las-toscas-y-carlos-salas\/#article","isPartOf":{"@id":"https:\/\/infoecos.com.ar\/index.php\/luces-led-con-inversion-municipal-para-martinez-de-hoz-las-toscas-y-carlos-salas\/"},"author":{"name":"Jorge Matheus","@id":"https:\/\/infoecos.com.ar\/#\/schema\/person\/8f5ace5ce73b4b4aac4b7245aee6f191"},"headline":"Luces Led con inversi\u00f3n municipal para Mart\u00ednez de Hoz, Las Toscas y Carlos Salas","datePublished":"2022-08-17T04:35:19+00:00","dateModified":"2022-08-18T07:37:27+00:00","mainEntityOfPage":{"@id":"https:\/\/infoecos.com.ar\/index.php\/luces-led-con-inversion-municipal-para-martinez-de-hoz-las-toscas-y-carlos-salas\/"},"wordCount":297,"publisher":{"@id":"https:\/\/infoecos.com.ar\/#organization"},"image":{"@id":"https:\/\/infoecos.com.ar\/index.php\/luces-led-con-inversion-municipal-para-martinez-de-hoz-las-toscas-y-carlos-salas\/#primaryimage"},"thumbnailUrl":"https:\/\/infoecos.com.ar\/wp-content\/uploads\/2022\/08\/Lincoln-3-2.jpeg","keywords":["DISTRITO DE LINCOLN"],"articleSection":["Bloque inferior - 4"],"inLanguage":"es"},{"@type":"WebPage","@id":"https:\/\/infoecos.com.ar\/index.php\/luces-led-con-inversion-municipal-para-martinez-de-hoz-las-toscas-y-carlos-salas\/","url":"https:\/\/infoecos.com.ar\/index.php\/luces-led-con-inversion-municipal-para-martinez-de-hoz-las-toscas-y-carlos-salas\/","name":"Luces Led con inversi\u00f3n municipal para Mart\u00ednez de Hoz, Las Toscas y Carlos Salas - Infoecos","isPartOf":{"@id":"https:\/\/infoecos.com.ar\/#website"},"primaryImageOfPage":{"@id":"https:\/\/infoecos.com.ar\/index.php\/luces-led-con-inversion-municipal-para-martinez-de-hoz-las-toscas-y-carlos-salas\/#primaryimage"},"image":{"@id":"https:\/\/infoecos.com.ar\/index.php\/luces-led-con-inversion-municipal-para-martinez-de-hoz-las-toscas-y-carlos-salas\/#primaryimage"},"thumbnailUrl":"https:\/\/infoecos.com.ar\/wp-content\/uploads\/2022\/08\/Lincoln-3-2.jpeg","datePublished":"2022-08-17T04:35:19+00:00","dateModified":"2022-08-18T07:37:27+00:00","breadcrumb":{"@id":"https:\/\/infoecos.com.ar\/index.php\/luces-led-con-inversion-municipal-para-martinez-de-hoz-las-toscas-y-carlos-salas\/#breadcrumb"},"inLanguage":"es","potentialAction":[{"@type":"ReadAction","target":["https:\/\/infoecos.com.ar\/index.php\/luces-led-con-inversion-municipal-para-martinez-de-hoz-las-toscas-y-carlos-salas\/"]}]},{"@type":"ImageObject","inLanguage":"es","@id":"https:\/\/infoecos.com.ar\/index.php\/luces-led-con-inversion-municipal-para-martinez-de-hoz-las-toscas-y-carlos-salas\/#primaryimage","url":"https:\/\/infoecos.com.ar\/wp-content\/uploads\/2022\/08\/Lincoln-3-2.jpeg","contentUrl":"https:\/\/infoecos.com.ar\/wp-content\/uploads\/2022\/08\/Lincoln-3-2.jpeg","width":1280,"height":853},{"@type":"BreadcrumbList","@id":"https:\/\/infoecos.com.ar\/index.php\/luces-led-con-inversion-municipal-para-martinez-de-hoz-las-toscas-y-carlos-salas\/#breadcrumb","itemListElement":[{"@type":"ListItem","position":1,"name":"Portada","item":"https:\/\/infoecos.com.ar\/"},{"@type":"ListItem","position":2,"name":"Luces Led con inversi\u00f3n municipal para Mart\u00ednez de Hoz, Las Toscas y Carlos Salas"}]},{"@type":"WebSite","@id":"https:\/\/infoecos.com.ar\/#website","url":"https:\/\/infoecos.com.ar\/","name":"Infoecos","description":"Noticias de trenque lauquen y la zona","publisher":{"@id":"https:\/\/infoecos.com.ar\/#organization"},"alternateName":"Noticias","potentialAction":[{"@type":"SearchAction","target":{"@type":"EntryPoint","urlTemplate":"https:\/\/infoecos.com.ar\/?s={search_term_string}"},"query-input":{"@type":"PropertyValueSpecification","valueRequired":true,"valueName":"search_term_string"}}],"inLanguage":"es"},{"@type":"Organization","@id":"https:\/\/infoecos.com.ar\/#organization","name":"Infoecos","alternateName":"Noticias","url":"https:\/\/infoecos.com.ar\/","logo":{"@type":"ImageObject","inLanguage":"es","@id":"https:\/\/infoecos.com.ar\/#\/schema\/logo\/image\/","url":"https:\/\/infoecos.com.ar\/wp-content\/uploads\/2024\/03\/cropped-logo.png","contentUrl":"https:\/\/infoecos.com.ar\/wp-content\/uploads\/2024\/03\/cropped-logo.png","width":374,"height":90,"caption":"Infoecos"},"image":{"@id":"https:\/\/infoecos.com.ar\/#\/schema\/logo\/image\/"},"sameAs":["https:\/\/www.facebook.com\/profile.php?id=100063200290284","https:\/\/x.com\/infoecos"]},{"@type":"Person","@id":"https:\/\/infoecos.com.ar\/#\/schema\/person\/8f5ace5ce73b4b4aac4b7245aee6f191","name":"Jorge Matheus","url":"https:\/\/infoecos.com.ar\/index.php\/author\/jomatheus\/"}]}},"featured_image_urls":{"full":["https:\/\/infoecos.com.ar\/wp-content\/uploads\/2022\/08\/Lincoln-3-2.jpeg",1280,853,false],"thumbnail":["https:\/\/infoecos.com.ar\/wp-content\/uploads\/2022\/08\/Lincoln-3-2-150x150.jpeg",150,150,true],"medium":["https:\/\/infoecos.com.ar\/wp-content\/uploads\/2022\/08\/Lincoln-3-2-460x307.jpeg",460,307,true],"medium_large":["https:\/\/infoecos.com.ar\/wp-content\/uploads\/2022\/08\/Lincoln-3-2-768x512.jpeg",640,427,true],"large":["https:\/\/infoecos.com.ar\/wp-content\/uploads\/2022\/08\/Lincoln-3-2-920x613.jpeg",640,426,true],"1536x1536":["https:\/\/infoecos.com.ar\/wp-content\/uploads\/2022\/08\/Lincoln-3-2.jpeg",1280,853,false],"2048x2048":["https:\/\/infoecos.com.ar\/wp-content\/uploads\/2022\/08\/Lincoln-3-2.jpeg",1280,853,false],"covernews-slider-full":["https:\/\/infoecos.com.ar\/wp-content\/uploads\/2022\/08\/Lincoln-3-2.jpeg",1073,715,false],"covernews-slider-center":["https:\/\/infoecos.com.ar\/wp-content\/uploads\/2022\/08\/Lincoln-3-2-936x853.jpeg",549,500,true],"covernews-featured":["https:\/\/infoecos.com.ar\/wp-content\/uploads\/2022\/08\/Lincoln-3-2-1024x682.jpeg",1024,682,true],"covernews-medium":["https:\/\/infoecos.com.ar\/wp-content\/uploads\/2022\/08\/Lincoln-3-2-720x380.jpeg",540,285,true],"covernews-medium-square":["https:\/\/infoecos.com.ar\/wp-content\/uploads\/2022\/08\/Lincoln-3-2-675x450.jpeg",375,250,true]},"author_info":{"info":["Jorge Matheus"]},"category_info":"<a href=\"https:\/\/infoecos.com.ar\/index.php\/category\/inferior4\/\" rel=\"category tag\">Bloque inferior - 4<\/a>","tag_info":"Bloque inferior - 4","comment_count":"0","_links":{"self":[{"href":"https:\/\/infoecos.com.ar\/index.php\/wp-json\/wp\/v2\/posts\/96242"}],"collection":[{"href":"https:\/\/infoecos.com.ar\/index.php\/wp-json\/wp\/v2\/posts"}],"about":[{"href":"https:\/\/infoecos.com.ar\/index.php\/wp-json\/wp\/v2\/types\/post"}],"author":[{"embeddable":true,"href":"https:\/\/infoecos.com.ar\/index.php\/wp-json\/wp\/v2\/users\/2"}],"replies":[{"embeddable":true,"href":"https:\/\/infoecos.com.ar\/index.php\/wp-json\/wp\/v2\/comments?post=96242"}],"version-history":[{"count":2,"href":"https:\/\/infoecos.com.ar\/index.php\/wp-json\/wp\/v2\/posts\/96242\/revisions"}],"predecessor-version":[{"id":96301,"href":"https:\/\/infoecos.com.ar\/index.php\/wp-json\/wp\/v2\/posts\/96242\/revisions\/96301"}],"wp:featuredmedia":[{"embeddable":true,"href":"https:\/\/infoecos.com.ar\/index.php\/wp-json\/wp\/v2\/media\/96243"}],"wp:attachment":[{"href":"https:\/\/infoecos.com.ar\/index.php\/wp-json\/wp\/v2\/media?parent=96242"}],"wp:term":[{"taxonomy":"category","embeddable":true,"href":"https:\/\/infoecos.com.ar\/index.php\/wp-json\/wp\/v2\/categories?post=96242"},{"taxonomy":"post_tag","embeddable":true,"href":"https:\/\/infoecos.com.ar\/index.php\/wp-json\/wp\/v2\/tags?post=96242"}],"curies":[{"name":"wp","href":"https:\/\/api.w.org\/{rel}","templated":true}]}}