{"id":96430,"date":"2022-08-20T05:34:09","date_gmt":"2022-08-20T08:34:09","guid":{"rendered":"http:\/\/infoecos.com.ar\/?p=96430"},"modified":"2022-08-20T05:34:10","modified_gmt":"2022-08-20T08:34:10","slug":"que-se-recuerda-y-se-celebra-el-20-de-agosto","status":"publish","type":"post","link":"https:\/\/infoecos.com.ar\/index.php\/que-se-recuerda-y-se-celebra-el-20-de-agosto\/","title":{"rendered":"Que se recuerda y se celebra el 20 de Agosto&#8230;"},"content":{"rendered":"\n<figure class=\"wp-block-image aligncenter size-full is-resized\"><img loading=\"lazy\" decoding=\"async\" src=\"http:\/\/infoecos.com.ar\/wp-content\/uploads\/2022\/08\/image-122.png\" alt=\"\" class=\"wp-image-96431\" width=\"590\" height=\"393\" srcset=\"https:\/\/infoecos.com.ar\/wp-content\/uploads\/2022\/08\/image-122.png 730w, https:\/\/infoecos.com.ar\/wp-content\/uploads\/2022\/08\/image-122-460x306.png 460w, https:\/\/infoecos.com.ar\/wp-content\/uploads\/2022\/08\/image-122-675x450.png 675w\" sizes=\"(max-width: 590px) 100vw, 590px\" \/><figcaption>Papas fritas<\/figcaption><\/figure>\n\n\n\n<p><strong>1882 &#8211; PIOTR TCHAIKOVSKI<\/strong>. Se estrena en Mosc\u00fa la Obertura 1812 dirigida por Ippolit Althani y escrita por Piotr Tchaikovski para celebrar la victoria de la resistencia rusa frente a la invasi\u00f3n de tropas francesas comandadas por Napole\u00f3n Bonaparte. La obra se interpret\u00f3 bajo una gran carpa cerca de la catedral de Cristo Salvador, que estaba en construcci\u00f3n.<\/p>\n\n\n\n<p><strong>1906 &#8211; JOS\u00c9 M. ROSA.<\/strong>&nbsp;Nace en Buenos Aires el docente, historiador y diplom\u00e1tico Jos\u00e9 Mar\u00eda Rosa, uno de los historiadores m\u00e1s representativos del revisionismo hist\u00f3rico argentino.<\/p>\n\n\n\n<p><strong>1915 &#8211; PAUL EHRLICH.<\/strong>&nbsp;Muere en la ciudad alemana de Hamburgo, a la edad de 61 a\u00f1os, el m\u00e9dico y bacteri\u00f3logo Paul Ehrlich, quien desarroll\u00f3 el primer tratamiento eficaz contra la s\u00edfilis. En 1908 recibi\u00f3 el Premio Nobel de Medicina compartido con el bacteri\u00f3logo ruso Ilya Mechnikov en reconocimiento al trabajo de ambos en el campo de la qu\u00edmica inmunol\u00f3gica.<\/p>\n\n\n\n<p><strong>1940 &#8211; LE\u00d3N TROTSKY.<\/strong>&nbsp;El exiliado dirigente marxista Le\u00f3n Trotsky (Lev Dav\u00eddovich Bronstein), uno de los l\u00edderes de la Revoluci\u00f3n Rusa de 1917, sufre un atentado en su casa del distrito de Coyoac\u00e1n de Ciudad de M\u00e9xico que le costar\u00eda la vida un d\u00eda despu\u00e9s. El atentado fue cometido por el comunista espa\u00f1ol Ram\u00f3n Mercado por orden del r\u00e9gimen sovi\u00e9tico de Josef Stalin.<\/p>\n\n\n\n<p><strong>1948 &#8211; ROBERT PLANT.<\/strong>&nbsp;Nace en la ciudad inglesa de West Bromwich el m\u00fasico y compositor Robert Plant, vocalista de la banda brit\u00e1nica Led Zeppelin y figura ic\u00f3nica de la historia del rock.<\/p>\n\n\n\n<p><strong>1976 &#8211; MASACRE DE F\u00c1TIMA.<\/strong>\u00a0Sobre un camino de tierra cercano al ramal Pilar de la ruta Panamericana, aparecen los cad\u00e1veres dinamitados de veinte varones y diez mujeres, todos j\u00f3venes que hab\u00edan estado detenidos en un centro clandestino de la Polic\u00eda Federal. Tres ex polic\u00edas federales fueron condenados en 2008 por la llamada Masacre de F\u00e1tima, uno de los cr\u00edmenes de lesa humanidad cometidos durante la \u00faltima dictadura militar.<\/p>\n\n\n\n<p><strong>1977 &#8211; FELIPE CONTEPOMI.<\/strong>&nbsp;Nace en Buenos Aires el m\u00e9dico deport\u00f3logo y ex jugador de rugby Felipe Contepomi, surgido en el Club Newman como apertura y de gran desempe\u00f1o en la selecci\u00f3n argentina Los Pumas, de la que fue capit\u00e1n y con la que disput\u00f3 87 partidos.<\/p>\n\n\n\n<p>A lo largo de su carrera, anot\u00f3 651 tantos.<\/p>\n\n\n\n<p><strong>1992 &#8211; DEMI LOVATO.&nbsp;<\/strong>Nace en la ciudad estadounidense de Albuquerque la actriz y cantante Demi Lovato (Demetria Devonne Lovato), ganadora de unos 160 premios en lo que va de su carrera, en la que lleva grabados seis discos y filmadas nueve pel\u00edculas.<\/p>\n\n\n\n<p><strong>2008 &#8211; VUELO 5022 SPANAIR.<\/strong>&nbsp;El vuelo 5022 de Spanair, con 172 pasajeros a bordo, cae sobre la pista del aeropuerto madrile\u00f1o de Barajas a poco de su despegue, uno de los m\u00e1s graves siniestros aeron\u00e1uticos ocurridos en Espa\u00f1a, en el que murieron 154 personas.<\/p>\n\n\n\n<p><strong>2022 &#8211; D\u00cdA DE LAS PAPAS FRITAS.&nbsp;<\/strong>Se celebra el D\u00eda Mundial de las Papas Fritas, un alimento cuya invenci\u00f3n se disputan franceses y belgas. Los franceses aseguran que a fines del siglo XVIII se vend\u00edan sobre el Pont Neuf de Par\u00eds, mientras que los belgas sostienen que nacieron en la ciudad de Namur en el invierno de 1680. Se desconoce qui\u00e9n decidi\u00f3 proclamar al 20 de agosto como D\u00eda Mundial de las Papas Fritas.<\/p>\n","protected":false},"excerpt":{"rendered":"<p>Se celebra el D\u00eda Mundial de las Papas Fritas, un alimento cuya invenci\u00f3n se disputan franceses y belgas. Los franceses aseguran que a fines del siglo XVIII se vend\u00edan sobre el Pont Neuf de Par\u00eds, mientras que los belgas sostienen que nacieron en la ciudad de Namur en el invierno de 1680. Se desconoce qui\u00e9n decidi\u00f3 proclamar al 20 de agosto como D\u00eda Mundial de las Papas Fritas.<\/p>\n","protected":false},"author":2,"featured_media":96431,"comment_status":"closed","ping_status":"open","sticky":false,"template":"","format":"standard","meta":{"footnotes":""},"categories":[50],"tags":[4812],"class_list":["post-96430","post","type-post","status-publish","format-standard","has-post-thumbnail","hentry","category-c1nota4","tag-efemerides-infoecos-2"],"yoast_head":"<!-- This site is optimized with the Yoast SEO plugin v23.4 - https:\/\/yoast.com\/wordpress\/plugins\/seo\/ -->\n<title>Que se recuerda y se celebra el 20 de Agosto... - Infoecos<\/title>\n<meta name=\"robots\" content=\"index, follow, max-snippet:-1, max-image-preview:large, max-video-preview:-1\" \/>\n<link rel=\"canonical\" href=\"https:\/\/infoecos.com.ar\/index.php\/que-se-recuerda-y-se-celebra-el-20-de-agosto\/\" \/>\n<meta property=\"og:locale\" content=\"es_ES\" \/>\n<meta property=\"og:type\" content=\"article\" \/>\n<meta property=\"og:title\" content=\"Que se recuerda y se celebra el 20 de Agosto... - Infoecos\" \/>\n<meta property=\"og:description\" content=\"Se celebra el D\u00eda Mundial de las Papas Fritas, un alimento cuya invenci\u00f3n se disputan franceses y belgas. Los franceses aseguran que a fines del siglo XVIII se vend\u00edan sobre el Pont Neuf de Par\u00eds, mientras que los belgas sostienen que nacieron en la ciudad de Namur en el invierno de 1680. Se desconoce qui\u00e9n decidi\u00f3 proclamar al 20 de agosto como D\u00eda Mundial de las Papas Fritas.\" \/>\n<meta property=\"og:url\" content=\"https:\/\/infoecos.com.ar\/index.php\/que-se-recuerda-y-se-celebra-el-20-de-agosto\/\" \/>\n<meta property=\"og:site_name\" content=\"Infoecos\" \/>\n<meta property=\"article:publisher\" content=\"https:\/\/www.facebook.com\/profile.php?id=100063200290284\" \/>\n<meta property=\"article:published_time\" content=\"2022-08-20T08:34:09+00:00\" \/>\n<meta property=\"article:modified_time\" content=\"2022-08-20T08:34:10+00:00\" \/>\n<meta property=\"og:image\" content=\"https:\/\/infoecos.com.ar\/wp-content\/uploads\/2022\/08\/image-122.png\" \/>\n\t<meta property=\"og:image:width\" content=\"730\" \/>\n\t<meta property=\"og:image:height\" content=\"486\" \/>\n\t<meta property=\"og:image:type\" content=\"image\/png\" \/>\n<meta name=\"author\" content=\"Jorge Matheus\" \/>\n<meta name=\"twitter:card\" content=\"summary_large_image\" \/>\n<meta name=\"twitter:creator\" content=\"@infoecos\" \/>\n<meta name=\"twitter:site\" content=\"@infoecos\" \/>\n<meta name=\"twitter:label1\" content=\"Escrito por\" \/>\n\t<meta name=\"twitter:data1\" content=\"Jorge Matheus\" \/>\n\t<meta name=\"twitter:label2\" content=\"Tiempo de lectura\" \/>\n\t<meta name=\"twitter:data2\" content=\"3 minutos\" \/>\n<script type=\"application\/ld+json\" class=\"yoast-schema-graph\">{\"@context\":\"https:\/\/schema.org\",\"@graph\":[{\"@type\":\"Article\",\"@id\":\"https:\/\/infoecos.com.ar\/index.php\/que-se-recuerda-y-se-celebra-el-20-de-agosto\/#article\",\"isPartOf\":{\"@id\":\"https:\/\/infoecos.com.ar\/index.php\/que-se-recuerda-y-se-celebra-el-20-de-agosto\/\"},\"author\":{\"name\":\"Jorge Matheus\",\"@id\":\"https:\/\/infoecos.com.ar\/#\/schema\/person\/8f5ace5ce73b4b4aac4b7245aee6f191\"},\"headline\":\"Que se recuerda y se celebra el 20 de Agosto&#8230;\",\"datePublished\":\"2022-08-20T08:34:09+00:00\",\"dateModified\":\"2022-08-20T08:34:10+00:00\",\"mainEntityOfPage\":{\"@id\":\"https:\/\/infoecos.com.ar\/index.php\/que-se-recuerda-y-se-celebra-el-20-de-agosto\/\"},\"wordCount\":580,\"publisher\":{\"@id\":\"https:\/\/infoecos.com.ar\/#organization\"},\"image\":{\"@id\":\"https:\/\/infoecos.com.ar\/index.php\/que-se-recuerda-y-se-celebra-el-20-de-agosto\/#primaryimage\"},\"thumbnailUrl\":\"https:\/\/infoecos.com.ar\/wp-content\/uploads\/2022\/08\/image-122.png\",\"keywords\":[\"EFEM\u00c9RIDES INFOECOS\"],\"articleSection\":[\"C1 N4\"],\"inLanguage\":\"es\"},{\"@type\":\"WebPage\",\"@id\":\"https:\/\/infoecos.com.ar\/index.php\/que-se-recuerda-y-se-celebra-el-20-de-agosto\/\",\"url\":\"https:\/\/infoecos.com.ar\/index.php\/que-se-recuerda-y-se-celebra-el-20-de-agosto\/\",\"name\":\"Que se recuerda y se celebra el 20 de Agosto... - Infoecos\",\"isPartOf\":{\"@id\":\"https:\/\/infoecos.com.ar\/#website\"},\"primaryImageOfPage\":{\"@id\":\"https:\/\/infoecos.com.ar\/index.php\/que-se-recuerda-y-se-celebra-el-20-de-agosto\/#primaryimage\"},\"image\":{\"@id\":\"https:\/\/infoecos.com.ar\/index.php\/que-se-recuerda-y-se-celebra-el-20-de-agosto\/#primaryimage\"},\"thumbnailUrl\":\"https:\/\/infoecos.com.ar\/wp-content\/uploads\/2022\/08\/image-122.png\",\"datePublished\":\"2022-08-20T08:34:09+00:00\",\"dateModified\":\"2022-08-20T08:34:10+00:00\",\"breadcrumb\":{\"@id\":\"https:\/\/infoecos.com.ar\/index.php\/que-se-recuerda-y-se-celebra-el-20-de-agosto\/#breadcrumb\"},\"inLanguage\":\"es\",\"potentialAction\":[{\"@type\":\"ReadAction\",\"target\":[\"https:\/\/infoecos.com.ar\/index.php\/que-se-recuerda-y-se-celebra-el-20-de-agosto\/\"]}]},{\"@type\":\"ImageObject\",\"inLanguage\":\"es\",\"@id\":\"https:\/\/infoecos.com.ar\/index.php\/que-se-recuerda-y-se-celebra-el-20-de-agosto\/#primaryimage\",\"url\":\"https:\/\/infoecos.com.ar\/wp-content\/uploads\/2022\/08\/image-122.png\",\"contentUrl\":\"https:\/\/infoecos.com.ar\/wp-content\/uploads\/2022\/08\/image-122.png\",\"width\":730,\"height\":486},{\"@type\":\"BreadcrumbList\",\"@id\":\"https:\/\/infoecos.com.ar\/index.php\/que-se-recuerda-y-se-celebra-el-20-de-agosto\/#breadcrumb\",\"itemListElement\":[{\"@type\":\"ListItem\",\"position\":1,\"name\":\"Portada\",\"item\":\"https:\/\/infoecos.com.ar\/\"},{\"@type\":\"ListItem\",\"position\":2,\"name\":\"Que se recuerda y se celebra el 20 de Agosto&#8230;\"}]},{\"@type\":\"WebSite\",\"@id\":\"https:\/\/infoecos.com.ar\/#website\",\"url\":\"https:\/\/infoecos.com.ar\/\",\"name\":\"Infoecos\",\"description\":\"Noticias de trenque lauquen y la zona\",\"publisher\":{\"@id\":\"https:\/\/infoecos.com.ar\/#organization\"},\"alternateName\":\"Noticias\",\"potentialAction\":[{\"@type\":\"SearchAction\",\"target\":{\"@type\":\"EntryPoint\",\"urlTemplate\":\"https:\/\/infoecos.com.ar\/?s={search_term_string}\"},\"query-input\":{\"@type\":\"PropertyValueSpecification\",\"valueRequired\":true,\"valueName\":\"search_term_string\"}}],\"inLanguage\":\"es\"},{\"@type\":\"Organization\",\"@id\":\"https:\/\/infoecos.com.ar\/#organization\",\"name\":\"Infoecos\",\"alternateName\":\"Noticias\",\"url\":\"https:\/\/infoecos.com.ar\/\",\"logo\":{\"@type\":\"ImageObject\",\"inLanguage\":\"es\",\"@id\":\"https:\/\/infoecos.com.ar\/#\/schema\/logo\/image\/\",\"url\":\"https:\/\/infoecos.com.ar\/wp-content\/uploads\/2024\/03\/cropped-logo.png\",\"contentUrl\":\"https:\/\/infoecos.com.ar\/wp-content\/uploads\/2024\/03\/cropped-logo.png\",\"width\":374,\"height\":90,\"caption\":\"Infoecos\"},\"image\":{\"@id\":\"https:\/\/infoecos.com.ar\/#\/schema\/logo\/image\/\"},\"sameAs\":[\"https:\/\/www.facebook.com\/profile.php?id=100063200290284\",\"https:\/\/x.com\/infoecos\"]},{\"@type\":\"Person\",\"@id\":\"https:\/\/infoecos.com.ar\/#\/schema\/person\/8f5ace5ce73b4b4aac4b7245aee6f191\",\"name\":\"Jorge Matheus\",\"url\":\"https:\/\/infoecos.com.ar\/index.php\/author\/jomatheus\/\"}]}<\/script>\n<!-- \/ Yoast SEO plugin. -->","yoast_head_json":{"title":"Que se recuerda y se celebra el 20 de Agosto... - Infoecos","robots":{"index":"index","follow":"follow","max-snippet":"max-snippet:-1","max-image-preview":"max-image-preview:large","max-video-preview":"max-video-preview:-1"},"canonical":"https:\/\/infoecos.com.ar\/index.php\/que-se-recuerda-y-se-celebra-el-20-de-agosto\/","og_locale":"es_ES","og_type":"article","og_title":"Que se recuerda y se celebra el 20 de Agosto... - Infoecos","og_description":"Se celebra el D\u00eda Mundial de las Papas Fritas, un alimento cuya invenci\u00f3n se disputan franceses y belgas. Los franceses aseguran que a fines del siglo XVIII se vend\u00edan sobre el Pont Neuf de Par\u00eds, mientras que los belgas sostienen que nacieron en la ciudad de Namur en el invierno de 1680. Se desconoce qui\u00e9n decidi\u00f3 proclamar al 20 de agosto como D\u00eda Mundial de las Papas Fritas.","og_url":"https:\/\/infoecos.com.ar\/index.php\/que-se-recuerda-y-se-celebra-el-20-de-agosto\/","og_site_name":"Infoecos","article_publisher":"https:\/\/www.facebook.com\/profile.php?id=100063200290284","article_published_time":"2022-08-20T08:34:09+00:00","article_modified_time":"2022-08-20T08:34:10+00:00","og_image":[{"width":730,"height":486,"url":"https:\/\/infoecos.com.ar\/wp-content\/uploads\/2022\/08\/image-122.png","type":"image\/png"}],"author":"Jorge Matheus","twitter_card":"summary_large_image","twitter_creator":"@infoecos","twitter_site":"@infoecos","twitter_misc":{"Escrito por":"Jorge Matheus","Tiempo de lectura":"3 minutos"},"schema":{"@context":"https:\/\/schema.org","@graph":[{"@type":"Article","@id":"https:\/\/infoecos.com.ar\/index.php\/que-se-recuerda-y-se-celebra-el-20-de-agosto\/#article","isPartOf":{"@id":"https:\/\/infoecos.com.ar\/index.php\/que-se-recuerda-y-se-celebra-el-20-de-agosto\/"},"author":{"name":"Jorge Matheus","@id":"https:\/\/infoecos.com.ar\/#\/schema\/person\/8f5ace5ce73b4b4aac4b7245aee6f191"},"headline":"Que se recuerda y se celebra el 20 de Agosto&#8230;","datePublished":"2022-08-20T08:34:09+00:00","dateModified":"2022-08-20T08:34:10+00:00","mainEntityOfPage":{"@id":"https:\/\/infoecos.com.ar\/index.php\/que-se-recuerda-y-se-celebra-el-20-de-agosto\/"},"wordCount":580,"publisher":{"@id":"https:\/\/infoecos.com.ar\/#organization"},"image":{"@id":"https:\/\/infoecos.com.ar\/index.php\/que-se-recuerda-y-se-celebra-el-20-de-agosto\/#primaryimage"},"thumbnailUrl":"https:\/\/infoecos.com.ar\/wp-content\/uploads\/2022\/08\/image-122.png","keywords":["EFEM\u00c9RIDES INFOECOS"],"articleSection":["C1 N4"],"inLanguage":"es"},{"@type":"WebPage","@id":"https:\/\/infoecos.com.ar\/index.php\/que-se-recuerda-y-se-celebra-el-20-de-agosto\/","url":"https:\/\/infoecos.com.ar\/index.php\/que-se-recuerda-y-se-celebra-el-20-de-agosto\/","name":"Que se recuerda y se celebra el 20 de Agosto... - Infoecos","isPartOf":{"@id":"https:\/\/infoecos.com.ar\/#website"},"primaryImageOfPage":{"@id":"https:\/\/infoecos.com.ar\/index.php\/que-se-recuerda-y-se-celebra-el-20-de-agosto\/#primaryimage"},"image":{"@id":"https:\/\/infoecos.com.ar\/index.php\/que-se-recuerda-y-se-celebra-el-20-de-agosto\/#primaryimage"},"thumbnailUrl":"https:\/\/infoecos.com.ar\/wp-content\/uploads\/2022\/08\/image-122.png","datePublished":"2022-08-20T08:34:09+00:00","dateModified":"2022-08-20T08:34:10+00:00","breadcrumb":{"@id":"https:\/\/infoecos.com.ar\/index.php\/que-se-recuerda-y-se-celebra-el-20-de-agosto\/#breadcrumb"},"inLanguage":"es","potentialAction":[{"@type":"ReadAction","target":["https:\/\/infoecos.com.ar\/index.php\/que-se-recuerda-y-se-celebra-el-20-de-agosto\/"]}]},{"@type":"ImageObject","inLanguage":"es","@id":"https:\/\/infoecos.com.ar\/index.php\/que-se-recuerda-y-se-celebra-el-20-de-agosto\/#primaryimage","url":"https:\/\/infoecos.com.ar\/wp-content\/uploads\/2022\/08\/image-122.png","contentUrl":"https:\/\/infoecos.com.ar\/wp-content\/uploads\/2022\/08\/image-122.png","width":730,"height":486},{"@type":"BreadcrumbList","@id":"https:\/\/infoecos.com.ar\/index.php\/que-se-recuerda-y-se-celebra-el-20-de-agosto\/#breadcrumb","itemListElement":[{"@type":"ListItem","position":1,"name":"Portada","item":"https:\/\/infoecos.com.ar\/"},{"@type":"ListItem","position":2,"name":"Que se recuerda y se celebra el 20 de Agosto&#8230;"}]},{"@type":"WebSite","@id":"https:\/\/infoecos.com.ar\/#website","url":"https:\/\/infoecos.com.ar\/","name":"Infoecos","description":"Noticias de trenque lauquen y la zona","publisher":{"@id":"https:\/\/infoecos.com.ar\/#organization"},"alternateName":"Noticias","potentialAction":[{"@type":"SearchAction","target":{"@type":"EntryPoint","urlTemplate":"https:\/\/infoecos.com.ar\/?s={search_term_string}"},"query-input":{"@type":"PropertyValueSpecification","valueRequired":true,"valueName":"search_term_string"}}],"inLanguage":"es"},{"@type":"Organization","@id":"https:\/\/infoecos.com.ar\/#organization","name":"Infoecos","alternateName":"Noticias","url":"https:\/\/infoecos.com.ar\/","logo":{"@type":"ImageObject","inLanguage":"es","@id":"https:\/\/infoecos.com.ar\/#\/schema\/logo\/image\/","url":"https:\/\/infoecos.com.ar\/wp-content\/uploads\/2024\/03\/cropped-logo.png","contentUrl":"https:\/\/infoecos.com.ar\/wp-content\/uploads\/2024\/03\/cropped-logo.png","width":374,"height":90,"caption":"Infoecos"},"image":{"@id":"https:\/\/infoecos.com.ar\/#\/schema\/logo\/image\/"},"sameAs":["https:\/\/www.facebook.com\/profile.php?id=100063200290284","https:\/\/x.com\/infoecos"]},{"@type":"Person","@id":"https:\/\/infoecos.com.ar\/#\/schema\/person\/8f5ace5ce73b4b4aac4b7245aee6f191","name":"Jorge Matheus","url":"https:\/\/infoecos.com.ar\/index.php\/author\/jomatheus\/"}]}},"featured_image_urls":{"full":["https:\/\/infoecos.com.ar\/wp-content\/uploads\/2022\/08\/image-122.png",730,486,false],"thumbnail":["https:\/\/infoecos.com.ar\/wp-content\/uploads\/2022\/08\/image-122-150x150.png",150,150,true],"medium":["https:\/\/infoecos.com.ar\/wp-content\/uploads\/2022\/08\/image-122-460x306.png",460,306,true],"medium_large":["https:\/\/infoecos.com.ar\/wp-content\/uploads\/2022\/08\/image-122.png",640,426,false],"large":["https:\/\/infoecos.com.ar\/wp-content\/uploads\/2022\/08\/image-122.png",640,426,false],"1536x1536":["https:\/\/infoecos.com.ar\/wp-content\/uploads\/2022\/08\/image-122.png",730,486,false],"2048x2048":["https:\/\/infoecos.com.ar\/wp-content\/uploads\/2022\/08\/image-122.png",730,486,false],"covernews-slider-full":["https:\/\/infoecos.com.ar\/wp-content\/uploads\/2022\/08\/image-122.png",730,486,false],"covernews-slider-center":["https:\/\/infoecos.com.ar\/wp-content\/uploads\/2022\/08\/image-122.png",730,486,false],"covernews-featured":["https:\/\/infoecos.com.ar\/wp-content\/uploads\/2022\/08\/image-122.png",730,486,false],"covernews-medium":["https:\/\/infoecos.com.ar\/wp-content\/uploads\/2022\/08\/image-122-720x380.png",540,285,true],"covernews-medium-square":["https:\/\/infoecos.com.ar\/wp-content\/uploads\/2022\/08\/image-122-675x450.png",375,250,true]},"author_info":{"info":["Jorge Matheus"]},"category_info":"<a href=\"https:\/\/infoecos.com.ar\/index.php\/category\/c1nota4\/\" rel=\"category tag\">C1 N4<\/a>","tag_info":"C1 N4","comment_count":"0","_links":{"self":[{"href":"https:\/\/infoecos.com.ar\/index.php\/wp-json\/wp\/v2\/posts\/96430"}],"collection":[{"href":"https:\/\/infoecos.com.ar\/index.php\/wp-json\/wp\/v2\/posts"}],"about":[{"href":"https:\/\/infoecos.com.ar\/index.php\/wp-json\/wp\/v2\/types\/post"}],"author":[{"embeddable":true,"href":"https:\/\/infoecos.com.ar\/index.php\/wp-json\/wp\/v2\/users\/2"}],"replies":[{"embeddable":true,"href":"https:\/\/infoecos.com.ar\/index.php\/wp-json\/wp\/v2\/comments?post=96430"}],"version-history":[{"count":1,"href":"https:\/\/infoecos.com.ar\/index.php\/wp-json\/wp\/v2\/posts\/96430\/revisions"}],"predecessor-version":[{"id":96432,"href":"https:\/\/infoecos.com.ar\/index.php\/wp-json\/wp\/v2\/posts\/96430\/revisions\/96432"}],"wp:featuredmedia":[{"embeddable":true,"href":"https:\/\/infoecos.com.ar\/index.php\/wp-json\/wp\/v2\/media\/96431"}],"wp:attachment":[{"href":"https:\/\/infoecos.com.ar\/index.php\/wp-json\/wp\/v2\/media?parent=96430"}],"wp:term":[{"taxonomy":"category","embeddable":true,"href":"https:\/\/infoecos.com.ar\/index.php\/wp-json\/wp\/v2\/categories?post=96430"},{"taxonomy":"post_tag","embeddable":true,"href":"https:\/\/infoecos.com.ar\/index.php\/wp-json\/wp\/v2\/tags?post=96430"}],"curies":[{"name":"wp","href":"https:\/\/api.w.org\/{rel}","templated":true}]}}