{"id":96467,"date":"2022-08-21T05:42:38","date_gmt":"2022-08-21T08:42:38","guid":{"rendered":"http:\/\/infoecos.com.ar\/?p=96467"},"modified":"2022-08-22T05:46:06","modified_gmt":"2022-08-22T08:46:06","slug":"el-lunes-se-promulgara-la-extension-del-regimen-de-incentivo-a-la-construccion","status":"publish","type":"post","link":"https:\/\/infoecos.com.ar\/index.php\/el-lunes-se-promulgara-la-extension-del-regimen-de-incentivo-a-la-construccion\/","title":{"rendered":"Hoy se promulgar\u00e1 la extensi\u00f3n del r\u00e9gimen de incentivo a la construcci\u00f3n"},"content":{"rendered":"\n<p>El gobierno publicar\u00e1 este lunes en el Bolet\u00edn Oficial el decreto que promulga la Ley de Incentivo a la Construcci\u00f3n Federal Argentina y Acceso a la Vivienda, anunci\u00f3 el ministro de Econom\u00eda, Sergio Massa, a trav\u00e9s de sus redes sociales.<\/p>\n\n\n\n<figure class=\"wp-block-embed is-type-rich is-provider-twitter wp-block-embed-twitter\"><div class=\"wp-block-embed__wrapper\">\n<blockquote class=\"twitter-tweet\" data-width=\"550\" data-dnt=\"true\"><p lang=\"es\" dir=\"ltr\">El lunes se publicar\u00e1 en el Bolet\u00edn Oficial la promulgaci\u00f3n de la Ley de Incentivo a la Construcci\u00f3n Federal Argentina y Acceso a la Vivienda N\u00ba 27.679, que extiende por un a\u00f1o el R\u00e9gimen de Blanqueo para la Construcci\u00f3n. <a href=\"https:\/\/t.co\/kCq1PIDyPV\">pic.twitter.com\/kCq1PIDyPV<\/a><\/p>&mdash; Sergio Massa (@SergioMassa) <a href=\"https:\/\/twitter.com\/SergioMassa\/status\/1561096277915729920?ref_src=twsrc%5Etfw\">August 20, 2022<\/a><\/blockquote><script async src=\"https:\/\/platform.twitter.com\/widgets.js\" charset=\"utf-8\"><\/script>\n<\/div><\/figure>\n\n\n\n<p>\u00abEl lunes se publicar\u00e1 en el Bolet\u00edn Oficial la promulgaci\u00f3n de la Ley de Incentivo a la Construcci\u00f3n Federal Argentina y Acceso a la Vivienda N\u00ba 27.679, que extiende por un a\u00f1o el R\u00e9gimen de Blanqueo para la Construcci\u00f3n\u00bb anunci\u00f3 Massa.<\/p>\n\n\n\n<p>El funcionario precis\u00f3 que \u00abla reglamentaci\u00f3n de la AFIP estar\u00e1 vigente el mi\u00e9rcoles y plantea una declaraci\u00f3n voluntaria de tenencia de moneda nacional y extranjera\u00bb.<\/p>\n\n\n\n<p>\u00abLos fondos alcanzados por un impuesto especial ser\u00e1n del 5 % en una primera etapa, vencidos los primeros 90 d\u00edas ser\u00e1 del 10 % y luego del 20 %\u00bb, sintetiz\u00f3 el titular del Palacio de Hacienda.<\/p>\n","protected":false},"excerpt":{"rendered":"<p>Extiende por un a\u00f1o el R\u00e9gimen de Blanqueo para la Construcci\u00f3n<\/p>\n","protected":false},"author":2,"featured_media":95633,"comment_status":"closed","ping_status":"open","sticky":false,"template":"","format":"standard","meta":{"footnotes":""},"categories":[1330],"tags":[6590],"class_list":["post-96467","post","type-post","status-publish","format-standard","has-post-thumbnail","hentry","category-inferior10","tag-lo-anuncio-massa"],"yoast_head":"<!-- This site is optimized with the Yoast SEO plugin v23.4 - https:\/\/yoast.com\/wordpress\/plugins\/seo\/ -->\n<title>Hoy se promulgar\u00e1 la extensi\u00f3n del r\u00e9gimen de incentivo a la construcci\u00f3n - Infoecos<\/title>\n<meta name=\"robots\" content=\"index, follow, max-snippet:-1, max-image-preview:large, max-video-preview:-1\" \/>\n<link rel=\"canonical\" href=\"https:\/\/infoecos.com.ar\/index.php\/el-lunes-se-promulgara-la-extension-del-regimen-de-incentivo-a-la-construccion\/\" \/>\n<meta property=\"og:locale\" content=\"es_ES\" \/>\n<meta property=\"og:type\" content=\"article\" \/>\n<meta property=\"og:title\" content=\"Hoy se promulgar\u00e1 la extensi\u00f3n del r\u00e9gimen de incentivo a la construcci\u00f3n - Infoecos\" \/>\n<meta property=\"og:description\" content=\"Extiende por un a\u00f1o el R\u00e9gimen de Blanqueo para la Construcci\u00f3n\" \/>\n<meta property=\"og:url\" content=\"https:\/\/infoecos.com.ar\/index.php\/el-lunes-se-promulgara-la-extension-del-regimen-de-incentivo-a-la-construccion\/\" \/>\n<meta property=\"og:site_name\" content=\"Infoecos\" \/>\n<meta property=\"article:publisher\" content=\"https:\/\/www.facebook.com\/profile.php?id=100063200290284\" \/>\n<meta property=\"article:published_time\" content=\"2022-08-21T08:42:38+00:00\" \/>\n<meta property=\"article:modified_time\" content=\"2022-08-22T08:46:06+00:00\" \/>\n<meta property=\"og:image\" content=\"https:\/\/infoecos.com.ar\/wp-content\/uploads\/2022\/08\/image-25.png\" \/>\n\t<meta property=\"og:image:width\" content=\"680\" \/>\n\t<meta property=\"og:image:height\" content=\"445\" \/>\n\t<meta property=\"og:image:type\" content=\"image\/png\" \/>\n<meta name=\"author\" content=\"Jorge Matheus\" \/>\n<meta name=\"twitter:card\" content=\"summary_large_image\" \/>\n<meta name=\"twitter:creator\" content=\"@infoecos\" \/>\n<meta name=\"twitter:site\" content=\"@infoecos\" \/>\n<meta name=\"twitter:label1\" content=\"Escrito por\" \/>\n\t<meta name=\"twitter:data1\" content=\"Jorge Matheus\" \/>\n\t<meta name=\"twitter:label2\" content=\"Tiempo de lectura\" \/>\n\t<meta name=\"twitter:data2\" content=\"1 minuto\" \/>\n<script type=\"application\/ld+json\" class=\"yoast-schema-graph\">{\"@context\":\"https:\/\/schema.org\",\"@graph\":[{\"@type\":\"Article\",\"@id\":\"https:\/\/infoecos.com.ar\/index.php\/el-lunes-se-promulgara-la-extension-del-regimen-de-incentivo-a-la-construccion\/#article\",\"isPartOf\":{\"@id\":\"https:\/\/infoecos.com.ar\/index.php\/el-lunes-se-promulgara-la-extension-del-regimen-de-incentivo-a-la-construccion\/\"},\"author\":{\"name\":\"Jorge Matheus\",\"@id\":\"https:\/\/infoecos.com.ar\/#\/schema\/person\/8f5ace5ce73b4b4aac4b7245aee6f191\"},\"headline\":\"Hoy se promulgar\u00e1 la extensi\u00f3n del r\u00e9gimen de incentivo a la construcci\u00f3n\",\"datePublished\":\"2022-08-21T08:42:38+00:00\",\"dateModified\":\"2022-08-22T08:46:06+00:00\",\"mainEntityOfPage\":{\"@id\":\"https:\/\/infoecos.com.ar\/index.php\/el-lunes-se-promulgara-la-extension-del-regimen-de-incentivo-a-la-construccion\/\"},\"wordCount\":169,\"publisher\":{\"@id\":\"https:\/\/infoecos.com.ar\/#organization\"},\"image\":{\"@id\":\"https:\/\/infoecos.com.ar\/index.php\/el-lunes-se-promulgara-la-extension-del-regimen-de-incentivo-a-la-construccion\/#primaryimage\"},\"thumbnailUrl\":\"https:\/\/infoecos.com.ar\/wp-content\/uploads\/2022\/08\/image-25.png\",\"keywords\":[\"LO ANUNCI\u00d3 MASSA\"],\"articleSection\":[\"Bloque inferior - 10\"],\"inLanguage\":\"es\"},{\"@type\":\"WebPage\",\"@id\":\"https:\/\/infoecos.com.ar\/index.php\/el-lunes-se-promulgara-la-extension-del-regimen-de-incentivo-a-la-construccion\/\",\"url\":\"https:\/\/infoecos.com.ar\/index.php\/el-lunes-se-promulgara-la-extension-del-regimen-de-incentivo-a-la-construccion\/\",\"name\":\"Hoy se promulgar\u00e1 la extensi\u00f3n del r\u00e9gimen de incentivo a la construcci\u00f3n - Infoecos\",\"isPartOf\":{\"@id\":\"https:\/\/infoecos.com.ar\/#website\"},\"primaryImageOfPage\":{\"@id\":\"https:\/\/infoecos.com.ar\/index.php\/el-lunes-se-promulgara-la-extension-del-regimen-de-incentivo-a-la-construccion\/#primaryimage\"},\"image\":{\"@id\":\"https:\/\/infoecos.com.ar\/index.php\/el-lunes-se-promulgara-la-extension-del-regimen-de-incentivo-a-la-construccion\/#primaryimage\"},\"thumbnailUrl\":\"https:\/\/infoecos.com.ar\/wp-content\/uploads\/2022\/08\/image-25.png\",\"datePublished\":\"2022-08-21T08:42:38+00:00\",\"dateModified\":\"2022-08-22T08:46:06+00:00\",\"breadcrumb\":{\"@id\":\"https:\/\/infoecos.com.ar\/index.php\/el-lunes-se-promulgara-la-extension-del-regimen-de-incentivo-a-la-construccion\/#breadcrumb\"},\"inLanguage\":\"es\",\"potentialAction\":[{\"@type\":\"ReadAction\",\"target\":[\"https:\/\/infoecos.com.ar\/index.php\/el-lunes-se-promulgara-la-extension-del-regimen-de-incentivo-a-la-construccion\/\"]}]},{\"@type\":\"ImageObject\",\"inLanguage\":\"es\",\"@id\":\"https:\/\/infoecos.com.ar\/index.php\/el-lunes-se-promulgara-la-extension-del-regimen-de-incentivo-a-la-construccion\/#primaryimage\",\"url\":\"https:\/\/infoecos.com.ar\/wp-content\/uploads\/2022\/08\/image-25.png\",\"contentUrl\":\"https:\/\/infoecos.com.ar\/wp-content\/uploads\/2022\/08\/image-25.png\",\"width\":680,\"height\":445},{\"@type\":\"BreadcrumbList\",\"@id\":\"https:\/\/infoecos.com.ar\/index.php\/el-lunes-se-promulgara-la-extension-del-regimen-de-incentivo-a-la-construccion\/#breadcrumb\",\"itemListElement\":[{\"@type\":\"ListItem\",\"position\":1,\"name\":\"Portada\",\"item\":\"https:\/\/infoecos.com.ar\/\"},{\"@type\":\"ListItem\",\"position\":2,\"name\":\"Hoy se promulgar\u00e1 la extensi\u00f3n del r\u00e9gimen de incentivo a la construcci\u00f3n\"}]},{\"@type\":\"WebSite\",\"@id\":\"https:\/\/infoecos.com.ar\/#website\",\"url\":\"https:\/\/infoecos.com.ar\/\",\"name\":\"Infoecos\",\"description\":\"Noticias de trenque lauquen y la zona\",\"publisher\":{\"@id\":\"https:\/\/infoecos.com.ar\/#organization\"},\"alternateName\":\"Noticias\",\"potentialAction\":[{\"@type\":\"SearchAction\",\"target\":{\"@type\":\"EntryPoint\",\"urlTemplate\":\"https:\/\/infoecos.com.ar\/?s={search_term_string}\"},\"query-input\":{\"@type\":\"PropertyValueSpecification\",\"valueRequired\":true,\"valueName\":\"search_term_string\"}}],\"inLanguage\":\"es\"},{\"@type\":\"Organization\",\"@id\":\"https:\/\/infoecos.com.ar\/#organization\",\"name\":\"Infoecos\",\"alternateName\":\"Noticias\",\"url\":\"https:\/\/infoecos.com.ar\/\",\"logo\":{\"@type\":\"ImageObject\",\"inLanguage\":\"es\",\"@id\":\"https:\/\/infoecos.com.ar\/#\/schema\/logo\/image\/\",\"url\":\"https:\/\/infoecos.com.ar\/wp-content\/uploads\/2024\/03\/cropped-logo.png\",\"contentUrl\":\"https:\/\/infoecos.com.ar\/wp-content\/uploads\/2024\/03\/cropped-logo.png\",\"width\":374,\"height\":90,\"caption\":\"Infoecos\"},\"image\":{\"@id\":\"https:\/\/infoecos.com.ar\/#\/schema\/logo\/image\/\"},\"sameAs\":[\"https:\/\/www.facebook.com\/profile.php?id=100063200290284\",\"https:\/\/x.com\/infoecos\"]},{\"@type\":\"Person\",\"@id\":\"https:\/\/infoecos.com.ar\/#\/schema\/person\/8f5ace5ce73b4b4aac4b7245aee6f191\",\"name\":\"Jorge Matheus\",\"url\":\"https:\/\/infoecos.com.ar\/index.php\/author\/jomatheus\/\"}]}<\/script>\n<!-- \/ Yoast SEO plugin. -->","yoast_head_json":{"title":"Hoy se promulgar\u00e1 la extensi\u00f3n del r\u00e9gimen de incentivo a la construcci\u00f3n - Infoecos","robots":{"index":"index","follow":"follow","max-snippet":"max-snippet:-1","max-image-preview":"max-image-preview:large","max-video-preview":"max-video-preview:-1"},"canonical":"https:\/\/infoecos.com.ar\/index.php\/el-lunes-se-promulgara-la-extension-del-regimen-de-incentivo-a-la-construccion\/","og_locale":"es_ES","og_type":"article","og_title":"Hoy se promulgar\u00e1 la extensi\u00f3n del r\u00e9gimen de incentivo a la construcci\u00f3n - Infoecos","og_description":"Extiende por un a\u00f1o el R\u00e9gimen de Blanqueo para la Construcci\u00f3n","og_url":"https:\/\/infoecos.com.ar\/index.php\/el-lunes-se-promulgara-la-extension-del-regimen-de-incentivo-a-la-construccion\/","og_site_name":"Infoecos","article_publisher":"https:\/\/www.facebook.com\/profile.php?id=100063200290284","article_published_time":"2022-08-21T08:42:38+00:00","article_modified_time":"2022-08-22T08:46:06+00:00","og_image":[{"width":680,"height":445,"url":"https:\/\/infoecos.com.ar\/wp-content\/uploads\/2022\/08\/image-25.png","type":"image\/png"}],"author":"Jorge Matheus","twitter_card":"summary_large_image","twitter_creator":"@infoecos","twitter_site":"@infoecos","twitter_misc":{"Escrito por":"Jorge Matheus","Tiempo de lectura":"1 minuto"},"schema":{"@context":"https:\/\/schema.org","@graph":[{"@type":"Article","@id":"https:\/\/infoecos.com.ar\/index.php\/el-lunes-se-promulgara-la-extension-del-regimen-de-incentivo-a-la-construccion\/#article","isPartOf":{"@id":"https:\/\/infoecos.com.ar\/index.php\/el-lunes-se-promulgara-la-extension-del-regimen-de-incentivo-a-la-construccion\/"},"author":{"name":"Jorge Matheus","@id":"https:\/\/infoecos.com.ar\/#\/schema\/person\/8f5ace5ce73b4b4aac4b7245aee6f191"},"headline":"Hoy se promulgar\u00e1 la extensi\u00f3n del r\u00e9gimen de incentivo a la construcci\u00f3n","datePublished":"2022-08-21T08:42:38+00:00","dateModified":"2022-08-22T08:46:06+00:00","mainEntityOfPage":{"@id":"https:\/\/infoecos.com.ar\/index.php\/el-lunes-se-promulgara-la-extension-del-regimen-de-incentivo-a-la-construccion\/"},"wordCount":169,"publisher":{"@id":"https:\/\/infoecos.com.ar\/#organization"},"image":{"@id":"https:\/\/infoecos.com.ar\/index.php\/el-lunes-se-promulgara-la-extension-del-regimen-de-incentivo-a-la-construccion\/#primaryimage"},"thumbnailUrl":"https:\/\/infoecos.com.ar\/wp-content\/uploads\/2022\/08\/image-25.png","keywords":["LO ANUNCI\u00d3 MASSA"],"articleSection":["Bloque inferior - 10"],"inLanguage":"es"},{"@type":"WebPage","@id":"https:\/\/infoecos.com.ar\/index.php\/el-lunes-se-promulgara-la-extension-del-regimen-de-incentivo-a-la-construccion\/","url":"https:\/\/infoecos.com.ar\/index.php\/el-lunes-se-promulgara-la-extension-del-regimen-de-incentivo-a-la-construccion\/","name":"Hoy se promulgar\u00e1 la extensi\u00f3n del r\u00e9gimen de incentivo a la construcci\u00f3n - Infoecos","isPartOf":{"@id":"https:\/\/infoecos.com.ar\/#website"},"primaryImageOfPage":{"@id":"https:\/\/infoecos.com.ar\/index.php\/el-lunes-se-promulgara-la-extension-del-regimen-de-incentivo-a-la-construccion\/#primaryimage"},"image":{"@id":"https:\/\/infoecos.com.ar\/index.php\/el-lunes-se-promulgara-la-extension-del-regimen-de-incentivo-a-la-construccion\/#primaryimage"},"thumbnailUrl":"https:\/\/infoecos.com.ar\/wp-content\/uploads\/2022\/08\/image-25.png","datePublished":"2022-08-21T08:42:38+00:00","dateModified":"2022-08-22T08:46:06+00:00","breadcrumb":{"@id":"https:\/\/infoecos.com.ar\/index.php\/el-lunes-se-promulgara-la-extension-del-regimen-de-incentivo-a-la-construccion\/#breadcrumb"},"inLanguage":"es","potentialAction":[{"@type":"ReadAction","target":["https:\/\/infoecos.com.ar\/index.php\/el-lunes-se-promulgara-la-extension-del-regimen-de-incentivo-a-la-construccion\/"]}]},{"@type":"ImageObject","inLanguage":"es","@id":"https:\/\/infoecos.com.ar\/index.php\/el-lunes-se-promulgara-la-extension-del-regimen-de-incentivo-a-la-construccion\/#primaryimage","url":"https:\/\/infoecos.com.ar\/wp-content\/uploads\/2022\/08\/image-25.png","contentUrl":"https:\/\/infoecos.com.ar\/wp-content\/uploads\/2022\/08\/image-25.png","width":680,"height":445},{"@type":"BreadcrumbList","@id":"https:\/\/infoecos.com.ar\/index.php\/el-lunes-se-promulgara-la-extension-del-regimen-de-incentivo-a-la-construccion\/#breadcrumb","itemListElement":[{"@type":"ListItem","position":1,"name":"Portada","item":"https:\/\/infoecos.com.ar\/"},{"@type":"ListItem","position":2,"name":"Hoy se promulgar\u00e1 la extensi\u00f3n del r\u00e9gimen de incentivo a la construcci\u00f3n"}]},{"@type":"WebSite","@id":"https:\/\/infoecos.com.ar\/#website","url":"https:\/\/infoecos.com.ar\/","name":"Infoecos","description":"Noticias de trenque lauquen y la zona","publisher":{"@id":"https:\/\/infoecos.com.ar\/#organization"},"alternateName":"Noticias","potentialAction":[{"@type":"SearchAction","target":{"@type":"EntryPoint","urlTemplate":"https:\/\/infoecos.com.ar\/?s={search_term_string}"},"query-input":{"@type":"PropertyValueSpecification","valueRequired":true,"valueName":"search_term_string"}}],"inLanguage":"es"},{"@type":"Organization","@id":"https:\/\/infoecos.com.ar\/#organization","name":"Infoecos","alternateName":"Noticias","url":"https:\/\/infoecos.com.ar\/","logo":{"@type":"ImageObject","inLanguage":"es","@id":"https:\/\/infoecos.com.ar\/#\/schema\/logo\/image\/","url":"https:\/\/infoecos.com.ar\/wp-content\/uploads\/2024\/03\/cropped-logo.png","contentUrl":"https:\/\/infoecos.com.ar\/wp-content\/uploads\/2024\/03\/cropped-logo.png","width":374,"height":90,"caption":"Infoecos"},"image":{"@id":"https:\/\/infoecos.com.ar\/#\/schema\/logo\/image\/"},"sameAs":["https:\/\/www.facebook.com\/profile.php?id=100063200290284","https:\/\/x.com\/infoecos"]},{"@type":"Person","@id":"https:\/\/infoecos.com.ar\/#\/schema\/person\/8f5ace5ce73b4b4aac4b7245aee6f191","name":"Jorge Matheus","url":"https:\/\/infoecos.com.ar\/index.php\/author\/jomatheus\/"}]}},"featured_image_urls":{"full":["https:\/\/infoecos.com.ar\/wp-content\/uploads\/2022\/08\/image-25.png",680,445,false],"thumbnail":["https:\/\/infoecos.com.ar\/wp-content\/uploads\/2022\/08\/image-25-150x150.png",150,150,true],"medium":["https:\/\/infoecos.com.ar\/wp-content\/uploads\/2022\/08\/image-25-460x301.png",460,301,true],"medium_large":["https:\/\/infoecos.com.ar\/wp-content\/uploads\/2022\/08\/image-25.png",640,419,false],"large":["https:\/\/infoecos.com.ar\/wp-content\/uploads\/2022\/08\/image-25.png",640,419,false],"1536x1536":["https:\/\/infoecos.com.ar\/wp-content\/uploads\/2022\/08\/image-25.png",680,445,false],"2048x2048":["https:\/\/infoecos.com.ar\/wp-content\/uploads\/2022\/08\/image-25.png",680,445,false],"covernews-slider-full":["https:\/\/infoecos.com.ar\/wp-content\/uploads\/2022\/08\/image-25.png",680,445,false],"covernews-slider-center":["https:\/\/infoecos.com.ar\/wp-content\/uploads\/2022\/08\/image-25.png",680,445,false],"covernews-featured":["https:\/\/infoecos.com.ar\/wp-content\/uploads\/2022\/08\/image-25.png",680,445,false],"covernews-medium":["https:\/\/infoecos.com.ar\/wp-content\/uploads\/2022\/08\/image-25-680x380.png",540,302,true],"covernews-medium-square":["https:\/\/infoecos.com.ar\/wp-content\/uploads\/2022\/08\/image-25-675x445.png",379,250,true]},"author_info":{"info":["Jorge Matheus"]},"category_info":"<a href=\"https:\/\/infoecos.com.ar\/index.php\/category\/inferior10\/\" rel=\"category tag\">Bloque inferior - 10<\/a>","tag_info":"Bloque inferior - 10","comment_count":"0","_links":{"self":[{"href":"https:\/\/infoecos.com.ar\/index.php\/wp-json\/wp\/v2\/posts\/96467"}],"collection":[{"href":"https:\/\/infoecos.com.ar\/index.php\/wp-json\/wp\/v2\/posts"}],"about":[{"href":"https:\/\/infoecos.com.ar\/index.php\/wp-json\/wp\/v2\/types\/post"}],"author":[{"embeddable":true,"href":"https:\/\/infoecos.com.ar\/index.php\/wp-json\/wp\/v2\/users\/2"}],"replies":[{"embeddable":true,"href":"https:\/\/infoecos.com.ar\/index.php\/wp-json\/wp\/v2\/comments?post=96467"}],"version-history":[{"count":2,"href":"https:\/\/infoecos.com.ar\/index.php\/wp-json\/wp\/v2\/posts\/96467\/revisions"}],"predecessor-version":[{"id":96522,"href":"https:\/\/infoecos.com.ar\/index.php\/wp-json\/wp\/v2\/posts\/96467\/revisions\/96522"}],"wp:featuredmedia":[{"embeddable":true,"href":"https:\/\/infoecos.com.ar\/index.php\/wp-json\/wp\/v2\/media\/95633"}],"wp:attachment":[{"href":"https:\/\/infoecos.com.ar\/index.php\/wp-json\/wp\/v2\/media?parent=96467"}],"wp:term":[{"taxonomy":"category","embeddable":true,"href":"https:\/\/infoecos.com.ar\/index.php\/wp-json\/wp\/v2\/categories?post=96467"},{"taxonomy":"post_tag","embeddable":true,"href":"https:\/\/infoecos.com.ar\/index.php\/wp-json\/wp\/v2\/tags?post=96467"}],"curies":[{"name":"wp","href":"https:\/\/api.w.org\/{rel}","templated":true}]}}