{"id":96478,"date":"2022-08-22T02:53:30","date_gmt":"2022-08-22T05:53:30","guid":{"rendered":"http:\/\/infoecos.com.ar\/?p=96478"},"modified":"2022-08-24T05:05:47","modified_gmt":"2022-08-24T08:05:47","slug":"le-piden-al-gobierno-de-buenos-aires-implemente-el-regimen-de-zona-fria","status":"publish","type":"post","link":"https:\/\/infoecos.com.ar\/index.php\/le-piden-al-gobierno-de-buenos-aires-implemente-el-regimen-de-zona-fria\/","title":{"rendered":"Le piden al gobierno de Buenos Aires implemente el R\u00e9gimen de Zona Fr\u00eda"},"content":{"rendered":"\n<p>Legisladores de la oposici\u00f3n reclamaron que, a un a\u00f1o de la sanci\u00f3n de la Ley 27.637 de Ampliaci\u00f3n del R\u00e9gimen de Zona Fr\u00eda, el gobierno de la provincia de Buenos Aires todav\u00eda no implement\u00f3 un sistema para que los descuentos que perciben los usuarios de gas domiciliario se hagan extensivos a quienes deben emplear&nbsp;gas envasado y GLP, entre otros.<\/p>\n\n\n\n<figure class=\"wp-block-image aligncenter size-large is-resized\"><img loading=\"lazy\" decoding=\"async\" src=\"http:\/\/infoecos.com.ar\/wp-content\/uploads\/2022\/08\/image-130-920x520.png\" alt=\"\" class=\"wp-image-96479\" width=\"605\" height=\"341\" srcset=\"https:\/\/infoecos.com.ar\/wp-content\/uploads\/2022\/08\/image-130-920x520.png 920w, https:\/\/infoecos.com.ar\/wp-content\/uploads\/2022\/08\/image-130-460x260.png 460w, https:\/\/infoecos.com.ar\/wp-content\/uploads\/2022\/08\/image-130-768x434.png 768w, https:\/\/infoecos.com.ar\/wp-content\/uploads\/2022\/08\/image-130-1024x578.png 1024w, https:\/\/infoecos.com.ar\/wp-content\/uploads\/2022\/08\/image-130.png 1121w\" sizes=\"(max-width: 605px) 100vw, 605px\" \/><\/figure>\n\n\n\n<p>Mediante una nota dirigida al gobernador Axel Kicillof y al ministro de Infraestructura bonaerense, Leonardo Nardini, se solicit\u00f3 la \u201curgente intervenci\u00f3n a los efectos de garantizar el cumplimiento de los descuentos para usuarios residenciales de gas en garrafas, cilindros y otros, tal como lo establece la Ley 27.637\u201d.<\/p>\n\n\n\n<p>El reclamo fue realizado por el diputado nacional Alejandro \u201cTopo\u201d Rodr\u00edguez, uno de los principales impulsores de la ley quien, explic\u00f3, el problema se deber\u00eda a que las empresas de gas envasado no conf\u00edan en que el Estado les transfiera las compensaciones por descuentos en tiempo y forma.<\/p>\n\n\n\n<p>La Ley de Zona Fr\u00eda establece que en determinados sectores del pa\u00eds se aplique un descuento de entre el 30% y el 50% en el valor del consumo del gas domiciliario, tanto de red como envasado.&nbsp;<\/p>\n\n\n\n<p><\/p>\n","protected":false},"excerpt":{"rendered":"<p>El reclamo fue realizado por el diputado nacional Alejandro \u201cTopo\u201d Rodr\u00edguez, uno de los principales impulsores de la ley  27.637<\/p>\n","protected":false},"author":2,"featured_media":96516,"comment_status":"closed","ping_status":"open","sticky":false,"template":"","format":"standard","meta":{"footnotes":""},"categories":[1614],"tags":[6595],"class_list":["post-96478","post","type-post","status-publish","format-standard","has-post-thumbnail","hentry","category-c2nota7","tag-gas-envasado-y-glp"],"yoast_head":"<!-- This site is optimized with the Yoast SEO plugin v23.4 - https:\/\/yoast.com\/wordpress\/plugins\/seo\/ -->\n<title>Le piden al gobierno de Buenos Aires implemente el R\u00e9gimen de Zona Fr\u00eda - Infoecos<\/title>\n<meta name=\"robots\" content=\"index, follow, max-snippet:-1, max-image-preview:large, max-video-preview:-1\" \/>\n<link rel=\"canonical\" href=\"https:\/\/infoecos.com.ar\/index.php\/le-piden-al-gobierno-de-buenos-aires-implemente-el-regimen-de-zona-fria\/\" \/>\n<meta property=\"og:locale\" content=\"es_ES\" \/>\n<meta property=\"og:type\" content=\"article\" \/>\n<meta property=\"og:title\" content=\"Le piden al gobierno de Buenos Aires implemente el R\u00e9gimen de Zona Fr\u00eda - Infoecos\" \/>\n<meta property=\"og:description\" content=\"El reclamo fue realizado por el diputado nacional Alejandro \u201cTopo\u201d Rodr\u00edguez, uno de los principales impulsores de la ley 27.637\" \/>\n<meta property=\"og:url\" content=\"https:\/\/infoecos.com.ar\/index.php\/le-piden-al-gobierno-de-buenos-aires-implemente-el-regimen-de-zona-fria\/\" \/>\n<meta property=\"og:site_name\" content=\"Infoecos\" \/>\n<meta property=\"article:publisher\" content=\"https:\/\/www.facebook.com\/profile.php?id=100063200290284\" \/>\n<meta property=\"article:published_time\" content=\"2022-08-22T05:53:30+00:00\" \/>\n<meta property=\"article:modified_time\" content=\"2022-08-24T08:05:47+00:00\" \/>\n<meta property=\"og:image\" content=\"https:\/\/infoecos.com.ar\/wp-content\/uploads\/2022\/08\/garrafasytubos.jpeg\" \/>\n\t<meta property=\"og:image:width\" content=\"848\" \/>\n\t<meta property=\"og:image:height\" content=\"477\" \/>\n\t<meta property=\"og:image:type\" content=\"image\/jpeg\" \/>\n<meta name=\"author\" content=\"Jorge Matheus\" \/>\n<meta name=\"twitter:card\" content=\"summary_large_image\" \/>\n<meta name=\"twitter:creator\" content=\"@infoecos\" \/>\n<meta name=\"twitter:site\" content=\"@infoecos\" \/>\n<meta name=\"twitter:label1\" content=\"Escrito por\" \/>\n\t<meta name=\"twitter:data1\" content=\"Jorge Matheus\" \/>\n\t<meta name=\"twitter:label2\" content=\"Tiempo de lectura\" \/>\n\t<meta name=\"twitter:data2\" content=\"1 minuto\" \/>\n<script type=\"application\/ld+json\" class=\"yoast-schema-graph\">{\"@context\":\"https:\/\/schema.org\",\"@graph\":[{\"@type\":\"Article\",\"@id\":\"https:\/\/infoecos.com.ar\/index.php\/le-piden-al-gobierno-de-buenos-aires-implemente-el-regimen-de-zona-fria\/#article\",\"isPartOf\":{\"@id\":\"https:\/\/infoecos.com.ar\/index.php\/le-piden-al-gobierno-de-buenos-aires-implemente-el-regimen-de-zona-fria\/\"},\"author\":{\"name\":\"Jorge Matheus\",\"@id\":\"https:\/\/infoecos.com.ar\/#\/schema\/person\/8f5ace5ce73b4b4aac4b7245aee6f191\"},\"headline\":\"Le piden al gobierno de Buenos Aires implemente el R\u00e9gimen de Zona Fr\u00eda\",\"datePublished\":\"2022-08-22T05:53:30+00:00\",\"dateModified\":\"2022-08-24T08:05:47+00:00\",\"mainEntityOfPage\":{\"@id\":\"https:\/\/infoecos.com.ar\/index.php\/le-piden-al-gobierno-de-buenos-aires-implemente-el-regimen-de-zona-fria\/\"},\"wordCount\":218,\"publisher\":{\"@id\":\"https:\/\/infoecos.com.ar\/#organization\"},\"image\":{\"@id\":\"https:\/\/infoecos.com.ar\/index.php\/le-piden-al-gobierno-de-buenos-aires-implemente-el-regimen-de-zona-fria\/#primaryimage\"},\"thumbnailUrl\":\"https:\/\/infoecos.com.ar\/wp-content\/uploads\/2022\/08\/garrafasytubos.jpeg\",\"keywords\":[\"GAS ENVASADO Y GLP\"],\"articleSection\":[\"C2 N7\"],\"inLanguage\":\"es\"},{\"@type\":\"WebPage\",\"@id\":\"https:\/\/infoecos.com.ar\/index.php\/le-piden-al-gobierno-de-buenos-aires-implemente-el-regimen-de-zona-fria\/\",\"url\":\"https:\/\/infoecos.com.ar\/index.php\/le-piden-al-gobierno-de-buenos-aires-implemente-el-regimen-de-zona-fria\/\",\"name\":\"Le piden al gobierno de Buenos Aires implemente el R\u00e9gimen de Zona Fr\u00eda - Infoecos\",\"isPartOf\":{\"@id\":\"https:\/\/infoecos.com.ar\/#website\"},\"primaryImageOfPage\":{\"@id\":\"https:\/\/infoecos.com.ar\/index.php\/le-piden-al-gobierno-de-buenos-aires-implemente-el-regimen-de-zona-fria\/#primaryimage\"},\"image\":{\"@id\":\"https:\/\/infoecos.com.ar\/index.php\/le-piden-al-gobierno-de-buenos-aires-implemente-el-regimen-de-zona-fria\/#primaryimage\"},\"thumbnailUrl\":\"https:\/\/infoecos.com.ar\/wp-content\/uploads\/2022\/08\/garrafasytubos.jpeg\",\"datePublished\":\"2022-08-22T05:53:30+00:00\",\"dateModified\":\"2022-08-24T08:05:47+00:00\",\"breadcrumb\":{\"@id\":\"https:\/\/infoecos.com.ar\/index.php\/le-piden-al-gobierno-de-buenos-aires-implemente-el-regimen-de-zona-fria\/#breadcrumb\"},\"inLanguage\":\"es\",\"potentialAction\":[{\"@type\":\"ReadAction\",\"target\":[\"https:\/\/infoecos.com.ar\/index.php\/le-piden-al-gobierno-de-buenos-aires-implemente-el-regimen-de-zona-fria\/\"]}]},{\"@type\":\"ImageObject\",\"inLanguage\":\"es\",\"@id\":\"https:\/\/infoecos.com.ar\/index.php\/le-piden-al-gobierno-de-buenos-aires-implemente-el-regimen-de-zona-fria\/#primaryimage\",\"url\":\"https:\/\/infoecos.com.ar\/wp-content\/uploads\/2022\/08\/garrafasytubos.jpeg\",\"contentUrl\":\"https:\/\/infoecos.com.ar\/wp-content\/uploads\/2022\/08\/garrafasytubos.jpeg\",\"width\":848,\"height\":477},{\"@type\":\"BreadcrumbList\",\"@id\":\"https:\/\/infoecos.com.ar\/index.php\/le-piden-al-gobierno-de-buenos-aires-implemente-el-regimen-de-zona-fria\/#breadcrumb\",\"itemListElement\":[{\"@type\":\"ListItem\",\"position\":1,\"name\":\"Portada\",\"item\":\"https:\/\/infoecos.com.ar\/\"},{\"@type\":\"ListItem\",\"position\":2,\"name\":\"Le piden al gobierno de Buenos Aires implemente el R\u00e9gimen de Zona Fr\u00eda\"}]},{\"@type\":\"WebSite\",\"@id\":\"https:\/\/infoecos.com.ar\/#website\",\"url\":\"https:\/\/infoecos.com.ar\/\",\"name\":\"Infoecos\",\"description\":\"Noticias de trenque lauquen y la zona\",\"publisher\":{\"@id\":\"https:\/\/infoecos.com.ar\/#organization\"},\"alternateName\":\"Noticias\",\"potentialAction\":[{\"@type\":\"SearchAction\",\"target\":{\"@type\":\"EntryPoint\",\"urlTemplate\":\"https:\/\/infoecos.com.ar\/?s={search_term_string}\"},\"query-input\":{\"@type\":\"PropertyValueSpecification\",\"valueRequired\":true,\"valueName\":\"search_term_string\"}}],\"inLanguage\":\"es\"},{\"@type\":\"Organization\",\"@id\":\"https:\/\/infoecos.com.ar\/#organization\",\"name\":\"Infoecos\",\"alternateName\":\"Noticias\",\"url\":\"https:\/\/infoecos.com.ar\/\",\"logo\":{\"@type\":\"ImageObject\",\"inLanguage\":\"es\",\"@id\":\"https:\/\/infoecos.com.ar\/#\/schema\/logo\/image\/\",\"url\":\"https:\/\/infoecos.com.ar\/wp-content\/uploads\/2024\/03\/cropped-logo.png\",\"contentUrl\":\"https:\/\/infoecos.com.ar\/wp-content\/uploads\/2024\/03\/cropped-logo.png\",\"width\":374,\"height\":90,\"caption\":\"Infoecos\"},\"image\":{\"@id\":\"https:\/\/infoecos.com.ar\/#\/schema\/logo\/image\/\"},\"sameAs\":[\"https:\/\/www.facebook.com\/profile.php?id=100063200290284\",\"https:\/\/x.com\/infoecos\"]},{\"@type\":\"Person\",\"@id\":\"https:\/\/infoecos.com.ar\/#\/schema\/person\/8f5ace5ce73b4b4aac4b7245aee6f191\",\"name\":\"Jorge Matheus\",\"url\":\"https:\/\/infoecos.com.ar\/index.php\/author\/jomatheus\/\"}]}<\/script>\n<!-- \/ Yoast SEO plugin. -->","yoast_head_json":{"title":"Le piden al gobierno de Buenos Aires implemente el R\u00e9gimen de Zona Fr\u00eda - Infoecos","robots":{"index":"index","follow":"follow","max-snippet":"max-snippet:-1","max-image-preview":"max-image-preview:large","max-video-preview":"max-video-preview:-1"},"canonical":"https:\/\/infoecos.com.ar\/index.php\/le-piden-al-gobierno-de-buenos-aires-implemente-el-regimen-de-zona-fria\/","og_locale":"es_ES","og_type":"article","og_title":"Le piden al gobierno de Buenos Aires implemente el R\u00e9gimen de Zona Fr\u00eda - Infoecos","og_description":"El reclamo fue realizado por el diputado nacional Alejandro \u201cTopo\u201d Rodr\u00edguez, uno de los principales impulsores de la ley 27.637","og_url":"https:\/\/infoecos.com.ar\/index.php\/le-piden-al-gobierno-de-buenos-aires-implemente-el-regimen-de-zona-fria\/","og_site_name":"Infoecos","article_publisher":"https:\/\/www.facebook.com\/profile.php?id=100063200290284","article_published_time":"2022-08-22T05:53:30+00:00","article_modified_time":"2022-08-24T08:05:47+00:00","og_image":[{"width":848,"height":477,"url":"https:\/\/infoecos.com.ar\/wp-content\/uploads\/2022\/08\/garrafasytubos.jpeg","type":"image\/jpeg"}],"author":"Jorge Matheus","twitter_card":"summary_large_image","twitter_creator":"@infoecos","twitter_site":"@infoecos","twitter_misc":{"Escrito por":"Jorge Matheus","Tiempo de lectura":"1 minuto"},"schema":{"@context":"https:\/\/schema.org","@graph":[{"@type":"Article","@id":"https:\/\/infoecos.com.ar\/index.php\/le-piden-al-gobierno-de-buenos-aires-implemente-el-regimen-de-zona-fria\/#article","isPartOf":{"@id":"https:\/\/infoecos.com.ar\/index.php\/le-piden-al-gobierno-de-buenos-aires-implemente-el-regimen-de-zona-fria\/"},"author":{"name":"Jorge Matheus","@id":"https:\/\/infoecos.com.ar\/#\/schema\/person\/8f5ace5ce73b4b4aac4b7245aee6f191"},"headline":"Le piden al gobierno de Buenos Aires implemente el R\u00e9gimen de Zona Fr\u00eda","datePublished":"2022-08-22T05:53:30+00:00","dateModified":"2022-08-24T08:05:47+00:00","mainEntityOfPage":{"@id":"https:\/\/infoecos.com.ar\/index.php\/le-piden-al-gobierno-de-buenos-aires-implemente-el-regimen-de-zona-fria\/"},"wordCount":218,"publisher":{"@id":"https:\/\/infoecos.com.ar\/#organization"},"image":{"@id":"https:\/\/infoecos.com.ar\/index.php\/le-piden-al-gobierno-de-buenos-aires-implemente-el-regimen-de-zona-fria\/#primaryimage"},"thumbnailUrl":"https:\/\/infoecos.com.ar\/wp-content\/uploads\/2022\/08\/garrafasytubos.jpeg","keywords":["GAS ENVASADO Y GLP"],"articleSection":["C2 N7"],"inLanguage":"es"},{"@type":"WebPage","@id":"https:\/\/infoecos.com.ar\/index.php\/le-piden-al-gobierno-de-buenos-aires-implemente-el-regimen-de-zona-fria\/","url":"https:\/\/infoecos.com.ar\/index.php\/le-piden-al-gobierno-de-buenos-aires-implemente-el-regimen-de-zona-fria\/","name":"Le piden al gobierno de Buenos Aires implemente el R\u00e9gimen de Zona Fr\u00eda - Infoecos","isPartOf":{"@id":"https:\/\/infoecos.com.ar\/#website"},"primaryImageOfPage":{"@id":"https:\/\/infoecos.com.ar\/index.php\/le-piden-al-gobierno-de-buenos-aires-implemente-el-regimen-de-zona-fria\/#primaryimage"},"image":{"@id":"https:\/\/infoecos.com.ar\/index.php\/le-piden-al-gobierno-de-buenos-aires-implemente-el-regimen-de-zona-fria\/#primaryimage"},"thumbnailUrl":"https:\/\/infoecos.com.ar\/wp-content\/uploads\/2022\/08\/garrafasytubos.jpeg","datePublished":"2022-08-22T05:53:30+00:00","dateModified":"2022-08-24T08:05:47+00:00","breadcrumb":{"@id":"https:\/\/infoecos.com.ar\/index.php\/le-piden-al-gobierno-de-buenos-aires-implemente-el-regimen-de-zona-fria\/#breadcrumb"},"inLanguage":"es","potentialAction":[{"@type":"ReadAction","target":["https:\/\/infoecos.com.ar\/index.php\/le-piden-al-gobierno-de-buenos-aires-implemente-el-regimen-de-zona-fria\/"]}]},{"@type":"ImageObject","inLanguage":"es","@id":"https:\/\/infoecos.com.ar\/index.php\/le-piden-al-gobierno-de-buenos-aires-implemente-el-regimen-de-zona-fria\/#primaryimage","url":"https:\/\/infoecos.com.ar\/wp-content\/uploads\/2022\/08\/garrafasytubos.jpeg","contentUrl":"https:\/\/infoecos.com.ar\/wp-content\/uploads\/2022\/08\/garrafasytubos.jpeg","width":848,"height":477},{"@type":"BreadcrumbList","@id":"https:\/\/infoecos.com.ar\/index.php\/le-piden-al-gobierno-de-buenos-aires-implemente-el-regimen-de-zona-fria\/#breadcrumb","itemListElement":[{"@type":"ListItem","position":1,"name":"Portada","item":"https:\/\/infoecos.com.ar\/"},{"@type":"ListItem","position":2,"name":"Le piden al gobierno de Buenos Aires implemente el R\u00e9gimen de Zona Fr\u00eda"}]},{"@type":"WebSite","@id":"https:\/\/infoecos.com.ar\/#website","url":"https:\/\/infoecos.com.ar\/","name":"Infoecos","description":"Noticias de trenque lauquen y la zona","publisher":{"@id":"https:\/\/infoecos.com.ar\/#organization"},"alternateName":"Noticias","potentialAction":[{"@type":"SearchAction","target":{"@type":"EntryPoint","urlTemplate":"https:\/\/infoecos.com.ar\/?s={search_term_string}"},"query-input":{"@type":"PropertyValueSpecification","valueRequired":true,"valueName":"search_term_string"}}],"inLanguage":"es"},{"@type":"Organization","@id":"https:\/\/infoecos.com.ar\/#organization","name":"Infoecos","alternateName":"Noticias","url":"https:\/\/infoecos.com.ar\/","logo":{"@type":"ImageObject","inLanguage":"es","@id":"https:\/\/infoecos.com.ar\/#\/schema\/logo\/image\/","url":"https:\/\/infoecos.com.ar\/wp-content\/uploads\/2024\/03\/cropped-logo.png","contentUrl":"https:\/\/infoecos.com.ar\/wp-content\/uploads\/2024\/03\/cropped-logo.png","width":374,"height":90,"caption":"Infoecos"},"image":{"@id":"https:\/\/infoecos.com.ar\/#\/schema\/logo\/image\/"},"sameAs":["https:\/\/www.facebook.com\/profile.php?id=100063200290284","https:\/\/x.com\/infoecos"]},{"@type":"Person","@id":"https:\/\/infoecos.com.ar\/#\/schema\/person\/8f5ace5ce73b4b4aac4b7245aee6f191","name":"Jorge Matheus","url":"https:\/\/infoecos.com.ar\/index.php\/author\/jomatheus\/"}]}},"featured_image_urls":{"full":["https:\/\/infoecos.com.ar\/wp-content\/uploads\/2022\/08\/garrafasytubos.jpeg",848,477,false],"thumbnail":["https:\/\/infoecos.com.ar\/wp-content\/uploads\/2022\/08\/garrafasytubos-150x150.jpeg",150,150,true],"medium":["https:\/\/infoecos.com.ar\/wp-content\/uploads\/2022\/08\/garrafasytubos-460x259.jpeg",460,259,true],"medium_large":["https:\/\/infoecos.com.ar\/wp-content\/uploads\/2022\/08\/garrafasytubos-768x432.jpeg",640,360,true],"large":["https:\/\/infoecos.com.ar\/wp-content\/uploads\/2022\/08\/garrafasytubos.jpeg",640,360,false],"1536x1536":["https:\/\/infoecos.com.ar\/wp-content\/uploads\/2022\/08\/garrafasytubos.jpeg",848,477,false],"2048x2048":["https:\/\/infoecos.com.ar\/wp-content\/uploads\/2022\/08\/garrafasytubos.jpeg",848,477,false],"covernews-slider-full":["https:\/\/infoecos.com.ar\/wp-content\/uploads\/2022\/08\/garrafasytubos.jpeg",848,477,false],"covernews-slider-center":["https:\/\/infoecos.com.ar\/wp-content\/uploads\/2022\/08\/garrafasytubos.jpeg",800,450,false],"covernews-featured":["https:\/\/infoecos.com.ar\/wp-content\/uploads\/2022\/08\/garrafasytubos.jpeg",848,477,false],"covernews-medium":["https:\/\/infoecos.com.ar\/wp-content\/uploads\/2022\/08\/garrafasytubos-720x380.jpeg",540,285,true],"covernews-medium-square":["https:\/\/infoecos.com.ar\/wp-content\/uploads\/2022\/08\/garrafasytubos-675x450.jpeg",375,250,true]},"author_info":{"info":["Jorge Matheus"]},"category_info":"<a href=\"https:\/\/infoecos.com.ar\/index.php\/category\/c2nota7\/\" rel=\"category tag\">C2 N7<\/a>","tag_info":"C2 N7","comment_count":"0","_links":{"self":[{"href":"https:\/\/infoecos.com.ar\/index.php\/wp-json\/wp\/v2\/posts\/96478"}],"collection":[{"href":"https:\/\/infoecos.com.ar\/index.php\/wp-json\/wp\/v2\/posts"}],"about":[{"href":"https:\/\/infoecos.com.ar\/index.php\/wp-json\/wp\/v2\/types\/post"}],"author":[{"embeddable":true,"href":"https:\/\/infoecos.com.ar\/index.php\/wp-json\/wp\/v2\/users\/2"}],"replies":[{"embeddable":true,"href":"https:\/\/infoecos.com.ar\/index.php\/wp-json\/wp\/v2\/comments?post=96478"}],"version-history":[{"count":2,"href":"https:\/\/infoecos.com.ar\/index.php\/wp-json\/wp\/v2\/posts\/96478\/revisions"}],"predecessor-version":[{"id":96515,"href":"https:\/\/infoecos.com.ar\/index.php\/wp-json\/wp\/v2\/posts\/96478\/revisions\/96515"}],"wp:featuredmedia":[{"embeddable":true,"href":"https:\/\/infoecos.com.ar\/index.php\/wp-json\/wp\/v2\/media\/96516"}],"wp:attachment":[{"href":"https:\/\/infoecos.com.ar\/index.php\/wp-json\/wp\/v2\/media?parent=96478"}],"wp:term":[{"taxonomy":"category","embeddable":true,"href":"https:\/\/infoecos.com.ar\/index.php\/wp-json\/wp\/v2\/categories?post=96478"},{"taxonomy":"post_tag","embeddable":true,"href":"https:\/\/infoecos.com.ar\/index.php\/wp-json\/wp\/v2\/tags?post=96478"}],"curies":[{"name":"wp","href":"https:\/\/api.w.org\/{rel}","templated":true}]}}