{"id":96499,"date":"2022-08-22T04:51:12","date_gmt":"2022-08-22T07:51:12","guid":{"rendered":"http:\/\/infoecos.com.ar\/?p=96499"},"modified":"2022-08-22T05:21:10","modified_gmt":"2022-08-22T08:21:10","slug":"despiste-de-ciudadanos-de-chivilcoy-en-ruta-5-kilometro-142","status":"publish","type":"post","link":"https:\/\/infoecos.com.ar\/index.php\/despiste-de-ciudadanos-de-chivilcoy-en-ruta-5-kilometro-142\/","title":{"rendered":"Despiste de ciudadanos de Chivilcoy en Ruta 5, kil\u00f3metro 142"},"content":{"rendered":"\n<p>Personal policial y bomberos a cargo del Jefe del Cuerpo Activo H\u00e9ctor Alagia de la ciudad de Chivilcoy dos ambulancias de SAME y otra de Gorostiaga, asistieron a ciudadanos de Mercedes que se despistaron en la Ruta Nacional n\u00famero 5, kil\u00f3metro 142. <\/p>\n\n\n\n<figure class=\"wp-block-image aligncenter size-full is-resized\"><img loading=\"lazy\" decoding=\"async\" src=\"http:\/\/infoecos.com.ar\/wp-content\/uploads\/2022\/08\/image-132.png\" alt=\"\" class=\"wp-image-96500\" width=\"437\" height=\"246\" srcset=\"https:\/\/infoecos.com.ar\/wp-content\/uploads\/2022\/08\/image-132.png 700w, https:\/\/infoecos.com.ar\/wp-content\/uploads\/2022\/08\/image-132-460x259.png 460w\" sizes=\"(max-width: 437px) 100vw, 437px\" \/><figcaption>Accidente Ruta 5 &#8211; Zona Chivilcoy<\/figcaption><\/figure>\n\n\n\n<p>Por razones que a\u00fan no se informaron se produjo el despiste y vuelco de un rodado Toyota Etios dominio OIY-185 que circulaba sentido Suipacha-Chivilcoy conducido por Valentino Bitetta de 19 a\u00f1os, acompa\u00f1ado por Wanda Bustos quien viajaba en la parte trasera y Jos\u00e9 Bitetta, todos con domicilio en Mercedes.<\/p>\n\n\n\n<p><strong>Fuente: latrochadigital.com.ar<\/strong><\/p>\n","protected":false},"excerpt":{"rendered":"<p>Por razones que a\u00fan no se informaron se produjo el despiste y vuelco de un rodado Toyota Etios dominio OIY-185 que circulaba sentido Suipacha-Chivilcoy conducido por Valentino Bitetta<\/p>\n","protected":false},"author":2,"featured_media":96500,"comment_status":"closed","ping_status":"open","sticky":false,"template":"","format":"standard","meta":{"footnotes":""},"categories":[48],"tags":[1849],"class_list":["post-96499","post","type-post","status-publish","format-standard","has-post-thumbnail","hentry","category-c2nota3","tag-accidente"],"yoast_head":"<!-- This site is optimized with the Yoast SEO plugin v23.4 - https:\/\/yoast.com\/wordpress\/plugins\/seo\/ -->\n<title>Despiste de ciudadanos de Chivilcoy en Ruta 5, kil\u00f3metro 142 - Infoecos<\/title>\n<meta name=\"robots\" content=\"index, follow, max-snippet:-1, max-image-preview:large, max-video-preview:-1\" \/>\n<link rel=\"canonical\" href=\"https:\/\/infoecos.com.ar\/index.php\/despiste-de-ciudadanos-de-chivilcoy-en-ruta-5-kilometro-142\/\" \/>\n<meta property=\"og:locale\" content=\"es_ES\" \/>\n<meta property=\"og:type\" content=\"article\" \/>\n<meta property=\"og:title\" content=\"Despiste de ciudadanos de Chivilcoy en Ruta 5, kil\u00f3metro 142 - Infoecos\" \/>\n<meta property=\"og:description\" content=\"Por razones que a\u00fan no se informaron se produjo el despiste y vuelco de un rodado Toyota Etios dominio OIY-185 que circulaba sentido Suipacha-Chivilcoy conducido por Valentino Bitetta\" \/>\n<meta property=\"og:url\" content=\"https:\/\/infoecos.com.ar\/index.php\/despiste-de-ciudadanos-de-chivilcoy-en-ruta-5-kilometro-142\/\" \/>\n<meta property=\"og:site_name\" content=\"Infoecos\" \/>\n<meta property=\"article:publisher\" content=\"https:\/\/www.facebook.com\/profile.php?id=100063200290284\" \/>\n<meta property=\"article:published_time\" content=\"2022-08-22T07:51:12+00:00\" \/>\n<meta property=\"article:modified_time\" content=\"2022-08-22T08:21:10+00:00\" \/>\n<meta property=\"og:image\" content=\"https:\/\/infoecos.com.ar\/wp-content\/uploads\/2022\/08\/image-132.png\" \/>\n\t<meta property=\"og:image:width\" content=\"700\" \/>\n\t<meta property=\"og:image:height\" content=\"394\" \/>\n\t<meta property=\"og:image:type\" content=\"image\/png\" \/>\n<meta name=\"author\" content=\"Jorge Matheus\" \/>\n<meta name=\"twitter:card\" content=\"summary_large_image\" \/>\n<meta name=\"twitter:creator\" content=\"@infoecos\" \/>\n<meta name=\"twitter:site\" content=\"@infoecos\" \/>\n<meta name=\"twitter:label1\" content=\"Escrito por\" \/>\n\t<meta name=\"twitter:data1\" content=\"Jorge Matheus\" \/>\n\t<meta name=\"twitter:label2\" content=\"Tiempo de lectura\" \/>\n\t<meta name=\"twitter:data2\" content=\"1 minuto\" \/>\n<script type=\"application\/ld+json\" class=\"yoast-schema-graph\">{\"@context\":\"https:\/\/schema.org\",\"@graph\":[{\"@type\":\"Article\",\"@id\":\"https:\/\/infoecos.com.ar\/index.php\/despiste-de-ciudadanos-de-chivilcoy-en-ruta-5-kilometro-142\/#article\",\"isPartOf\":{\"@id\":\"https:\/\/infoecos.com.ar\/index.php\/despiste-de-ciudadanos-de-chivilcoy-en-ruta-5-kilometro-142\/\"},\"author\":{\"name\":\"Jorge Matheus\",\"@id\":\"https:\/\/infoecos.com.ar\/#\/schema\/person\/8f5ace5ce73b4b4aac4b7245aee6f191\"},\"headline\":\"Despiste de ciudadanos de Chivilcoy en Ruta 5, kil\u00f3metro 142\",\"datePublished\":\"2022-08-22T07:51:12+00:00\",\"dateModified\":\"2022-08-22T08:21:10+00:00\",\"mainEntityOfPage\":{\"@id\":\"https:\/\/infoecos.com.ar\/index.php\/despiste-de-ciudadanos-de-chivilcoy-en-ruta-5-kilometro-142\/\"},\"wordCount\":112,\"publisher\":{\"@id\":\"https:\/\/infoecos.com.ar\/#organization\"},\"image\":{\"@id\":\"https:\/\/infoecos.com.ar\/index.php\/despiste-de-ciudadanos-de-chivilcoy-en-ruta-5-kilometro-142\/#primaryimage\"},\"thumbnailUrl\":\"https:\/\/infoecos.com.ar\/wp-content\/uploads\/2022\/08\/image-132.png\",\"keywords\":[\"ACCIDENTE\"],\"articleSection\":[\"C2 N3\"],\"inLanguage\":\"es\"},{\"@type\":\"WebPage\",\"@id\":\"https:\/\/infoecos.com.ar\/index.php\/despiste-de-ciudadanos-de-chivilcoy-en-ruta-5-kilometro-142\/\",\"url\":\"https:\/\/infoecos.com.ar\/index.php\/despiste-de-ciudadanos-de-chivilcoy-en-ruta-5-kilometro-142\/\",\"name\":\"Despiste de ciudadanos de Chivilcoy en Ruta 5, kil\u00f3metro 142 - Infoecos\",\"isPartOf\":{\"@id\":\"https:\/\/infoecos.com.ar\/#website\"},\"primaryImageOfPage\":{\"@id\":\"https:\/\/infoecos.com.ar\/index.php\/despiste-de-ciudadanos-de-chivilcoy-en-ruta-5-kilometro-142\/#primaryimage\"},\"image\":{\"@id\":\"https:\/\/infoecos.com.ar\/index.php\/despiste-de-ciudadanos-de-chivilcoy-en-ruta-5-kilometro-142\/#primaryimage\"},\"thumbnailUrl\":\"https:\/\/infoecos.com.ar\/wp-content\/uploads\/2022\/08\/image-132.png\",\"datePublished\":\"2022-08-22T07:51:12+00:00\",\"dateModified\":\"2022-08-22T08:21:10+00:00\",\"breadcrumb\":{\"@id\":\"https:\/\/infoecos.com.ar\/index.php\/despiste-de-ciudadanos-de-chivilcoy-en-ruta-5-kilometro-142\/#breadcrumb\"},\"inLanguage\":\"es\",\"potentialAction\":[{\"@type\":\"ReadAction\",\"target\":[\"https:\/\/infoecos.com.ar\/index.php\/despiste-de-ciudadanos-de-chivilcoy-en-ruta-5-kilometro-142\/\"]}]},{\"@type\":\"ImageObject\",\"inLanguage\":\"es\",\"@id\":\"https:\/\/infoecos.com.ar\/index.php\/despiste-de-ciudadanos-de-chivilcoy-en-ruta-5-kilometro-142\/#primaryimage\",\"url\":\"https:\/\/infoecos.com.ar\/wp-content\/uploads\/2022\/08\/image-132.png\",\"contentUrl\":\"https:\/\/infoecos.com.ar\/wp-content\/uploads\/2022\/08\/image-132.png\",\"width\":700,\"height\":394},{\"@type\":\"BreadcrumbList\",\"@id\":\"https:\/\/infoecos.com.ar\/index.php\/despiste-de-ciudadanos-de-chivilcoy-en-ruta-5-kilometro-142\/#breadcrumb\",\"itemListElement\":[{\"@type\":\"ListItem\",\"position\":1,\"name\":\"Portada\",\"item\":\"https:\/\/infoecos.com.ar\/\"},{\"@type\":\"ListItem\",\"position\":2,\"name\":\"Despiste de ciudadanos de Chivilcoy en Ruta 5, kil\u00f3metro 142\"}]},{\"@type\":\"WebSite\",\"@id\":\"https:\/\/infoecos.com.ar\/#website\",\"url\":\"https:\/\/infoecos.com.ar\/\",\"name\":\"Infoecos\",\"description\":\"Noticias de trenque lauquen y la zona\",\"publisher\":{\"@id\":\"https:\/\/infoecos.com.ar\/#organization\"},\"alternateName\":\"Noticias\",\"potentialAction\":[{\"@type\":\"SearchAction\",\"target\":{\"@type\":\"EntryPoint\",\"urlTemplate\":\"https:\/\/infoecos.com.ar\/?s={search_term_string}\"},\"query-input\":{\"@type\":\"PropertyValueSpecification\",\"valueRequired\":true,\"valueName\":\"search_term_string\"}}],\"inLanguage\":\"es\"},{\"@type\":\"Organization\",\"@id\":\"https:\/\/infoecos.com.ar\/#organization\",\"name\":\"Infoecos\",\"alternateName\":\"Noticias\",\"url\":\"https:\/\/infoecos.com.ar\/\",\"logo\":{\"@type\":\"ImageObject\",\"inLanguage\":\"es\",\"@id\":\"https:\/\/infoecos.com.ar\/#\/schema\/logo\/image\/\",\"url\":\"https:\/\/infoecos.com.ar\/wp-content\/uploads\/2024\/03\/cropped-logo.png\",\"contentUrl\":\"https:\/\/infoecos.com.ar\/wp-content\/uploads\/2024\/03\/cropped-logo.png\",\"width\":374,\"height\":90,\"caption\":\"Infoecos\"},\"image\":{\"@id\":\"https:\/\/infoecos.com.ar\/#\/schema\/logo\/image\/\"},\"sameAs\":[\"https:\/\/www.facebook.com\/profile.php?id=100063200290284\",\"https:\/\/x.com\/infoecos\"]},{\"@type\":\"Person\",\"@id\":\"https:\/\/infoecos.com.ar\/#\/schema\/person\/8f5ace5ce73b4b4aac4b7245aee6f191\",\"name\":\"Jorge Matheus\",\"url\":\"https:\/\/infoecos.com.ar\/index.php\/author\/jomatheus\/\"}]}<\/script>\n<!-- \/ Yoast SEO plugin. -->","yoast_head_json":{"title":"Despiste de ciudadanos de Chivilcoy en Ruta 5, kil\u00f3metro 142 - Infoecos","robots":{"index":"index","follow":"follow","max-snippet":"max-snippet:-1","max-image-preview":"max-image-preview:large","max-video-preview":"max-video-preview:-1"},"canonical":"https:\/\/infoecos.com.ar\/index.php\/despiste-de-ciudadanos-de-chivilcoy-en-ruta-5-kilometro-142\/","og_locale":"es_ES","og_type":"article","og_title":"Despiste de ciudadanos de Chivilcoy en Ruta 5, kil\u00f3metro 142 - Infoecos","og_description":"Por razones que a\u00fan no se informaron se produjo el despiste y vuelco de un rodado Toyota Etios dominio OIY-185 que circulaba sentido Suipacha-Chivilcoy conducido por Valentino Bitetta","og_url":"https:\/\/infoecos.com.ar\/index.php\/despiste-de-ciudadanos-de-chivilcoy-en-ruta-5-kilometro-142\/","og_site_name":"Infoecos","article_publisher":"https:\/\/www.facebook.com\/profile.php?id=100063200290284","article_published_time":"2022-08-22T07:51:12+00:00","article_modified_time":"2022-08-22T08:21:10+00:00","og_image":[{"width":700,"height":394,"url":"https:\/\/infoecos.com.ar\/wp-content\/uploads\/2022\/08\/image-132.png","type":"image\/png"}],"author":"Jorge Matheus","twitter_card":"summary_large_image","twitter_creator":"@infoecos","twitter_site":"@infoecos","twitter_misc":{"Escrito por":"Jorge Matheus","Tiempo de lectura":"1 minuto"},"schema":{"@context":"https:\/\/schema.org","@graph":[{"@type":"Article","@id":"https:\/\/infoecos.com.ar\/index.php\/despiste-de-ciudadanos-de-chivilcoy-en-ruta-5-kilometro-142\/#article","isPartOf":{"@id":"https:\/\/infoecos.com.ar\/index.php\/despiste-de-ciudadanos-de-chivilcoy-en-ruta-5-kilometro-142\/"},"author":{"name":"Jorge Matheus","@id":"https:\/\/infoecos.com.ar\/#\/schema\/person\/8f5ace5ce73b4b4aac4b7245aee6f191"},"headline":"Despiste de ciudadanos de Chivilcoy en Ruta 5, kil\u00f3metro 142","datePublished":"2022-08-22T07:51:12+00:00","dateModified":"2022-08-22T08:21:10+00:00","mainEntityOfPage":{"@id":"https:\/\/infoecos.com.ar\/index.php\/despiste-de-ciudadanos-de-chivilcoy-en-ruta-5-kilometro-142\/"},"wordCount":112,"publisher":{"@id":"https:\/\/infoecos.com.ar\/#organization"},"image":{"@id":"https:\/\/infoecos.com.ar\/index.php\/despiste-de-ciudadanos-de-chivilcoy-en-ruta-5-kilometro-142\/#primaryimage"},"thumbnailUrl":"https:\/\/infoecos.com.ar\/wp-content\/uploads\/2022\/08\/image-132.png","keywords":["ACCIDENTE"],"articleSection":["C2 N3"],"inLanguage":"es"},{"@type":"WebPage","@id":"https:\/\/infoecos.com.ar\/index.php\/despiste-de-ciudadanos-de-chivilcoy-en-ruta-5-kilometro-142\/","url":"https:\/\/infoecos.com.ar\/index.php\/despiste-de-ciudadanos-de-chivilcoy-en-ruta-5-kilometro-142\/","name":"Despiste de ciudadanos de Chivilcoy en Ruta 5, kil\u00f3metro 142 - Infoecos","isPartOf":{"@id":"https:\/\/infoecos.com.ar\/#website"},"primaryImageOfPage":{"@id":"https:\/\/infoecos.com.ar\/index.php\/despiste-de-ciudadanos-de-chivilcoy-en-ruta-5-kilometro-142\/#primaryimage"},"image":{"@id":"https:\/\/infoecos.com.ar\/index.php\/despiste-de-ciudadanos-de-chivilcoy-en-ruta-5-kilometro-142\/#primaryimage"},"thumbnailUrl":"https:\/\/infoecos.com.ar\/wp-content\/uploads\/2022\/08\/image-132.png","datePublished":"2022-08-22T07:51:12+00:00","dateModified":"2022-08-22T08:21:10+00:00","breadcrumb":{"@id":"https:\/\/infoecos.com.ar\/index.php\/despiste-de-ciudadanos-de-chivilcoy-en-ruta-5-kilometro-142\/#breadcrumb"},"inLanguage":"es","potentialAction":[{"@type":"ReadAction","target":["https:\/\/infoecos.com.ar\/index.php\/despiste-de-ciudadanos-de-chivilcoy-en-ruta-5-kilometro-142\/"]}]},{"@type":"ImageObject","inLanguage":"es","@id":"https:\/\/infoecos.com.ar\/index.php\/despiste-de-ciudadanos-de-chivilcoy-en-ruta-5-kilometro-142\/#primaryimage","url":"https:\/\/infoecos.com.ar\/wp-content\/uploads\/2022\/08\/image-132.png","contentUrl":"https:\/\/infoecos.com.ar\/wp-content\/uploads\/2022\/08\/image-132.png","width":700,"height":394},{"@type":"BreadcrumbList","@id":"https:\/\/infoecos.com.ar\/index.php\/despiste-de-ciudadanos-de-chivilcoy-en-ruta-5-kilometro-142\/#breadcrumb","itemListElement":[{"@type":"ListItem","position":1,"name":"Portada","item":"https:\/\/infoecos.com.ar\/"},{"@type":"ListItem","position":2,"name":"Despiste de ciudadanos de Chivilcoy en Ruta 5, kil\u00f3metro 142"}]},{"@type":"WebSite","@id":"https:\/\/infoecos.com.ar\/#website","url":"https:\/\/infoecos.com.ar\/","name":"Infoecos","description":"Noticias de trenque lauquen y la zona","publisher":{"@id":"https:\/\/infoecos.com.ar\/#organization"},"alternateName":"Noticias","potentialAction":[{"@type":"SearchAction","target":{"@type":"EntryPoint","urlTemplate":"https:\/\/infoecos.com.ar\/?s={search_term_string}"},"query-input":{"@type":"PropertyValueSpecification","valueRequired":true,"valueName":"search_term_string"}}],"inLanguage":"es"},{"@type":"Organization","@id":"https:\/\/infoecos.com.ar\/#organization","name":"Infoecos","alternateName":"Noticias","url":"https:\/\/infoecos.com.ar\/","logo":{"@type":"ImageObject","inLanguage":"es","@id":"https:\/\/infoecos.com.ar\/#\/schema\/logo\/image\/","url":"https:\/\/infoecos.com.ar\/wp-content\/uploads\/2024\/03\/cropped-logo.png","contentUrl":"https:\/\/infoecos.com.ar\/wp-content\/uploads\/2024\/03\/cropped-logo.png","width":374,"height":90,"caption":"Infoecos"},"image":{"@id":"https:\/\/infoecos.com.ar\/#\/schema\/logo\/image\/"},"sameAs":["https:\/\/www.facebook.com\/profile.php?id=100063200290284","https:\/\/x.com\/infoecos"]},{"@type":"Person","@id":"https:\/\/infoecos.com.ar\/#\/schema\/person\/8f5ace5ce73b4b4aac4b7245aee6f191","name":"Jorge Matheus","url":"https:\/\/infoecos.com.ar\/index.php\/author\/jomatheus\/"}]}},"featured_image_urls":{"full":["https:\/\/infoecos.com.ar\/wp-content\/uploads\/2022\/08\/image-132.png",700,394,false],"thumbnail":["https:\/\/infoecos.com.ar\/wp-content\/uploads\/2022\/08\/image-132-150x150.png",150,150,true],"medium":["https:\/\/infoecos.com.ar\/wp-content\/uploads\/2022\/08\/image-132-460x259.png",460,259,true],"medium_large":["https:\/\/infoecos.com.ar\/wp-content\/uploads\/2022\/08\/image-132.png",640,360,false],"large":["https:\/\/infoecos.com.ar\/wp-content\/uploads\/2022\/08\/image-132.png",640,360,false],"1536x1536":["https:\/\/infoecos.com.ar\/wp-content\/uploads\/2022\/08\/image-132.png",700,394,false],"2048x2048":["https:\/\/infoecos.com.ar\/wp-content\/uploads\/2022\/08\/image-132.png",700,394,false],"covernews-slider-full":["https:\/\/infoecos.com.ar\/wp-content\/uploads\/2022\/08\/image-132.png",700,394,false],"covernews-slider-center":["https:\/\/infoecos.com.ar\/wp-content\/uploads\/2022\/08\/image-132.png",700,394,false],"covernews-featured":["https:\/\/infoecos.com.ar\/wp-content\/uploads\/2022\/08\/image-132.png",700,394,false],"covernews-medium":["https:\/\/infoecos.com.ar\/wp-content\/uploads\/2022\/08\/image-132-700x380.png",540,293,true],"covernews-medium-square":["https:\/\/infoecos.com.ar\/wp-content\/uploads\/2022\/08\/image-132-675x394.png",400,233,true]},"author_info":{"info":["Jorge Matheus"]},"category_info":"<a href=\"https:\/\/infoecos.com.ar\/index.php\/category\/c2nota3\/\" rel=\"category tag\">C2 N3<\/a>","tag_info":"C2 N3","comment_count":"0","_links":{"self":[{"href":"https:\/\/infoecos.com.ar\/index.php\/wp-json\/wp\/v2\/posts\/96499"}],"collection":[{"href":"https:\/\/infoecos.com.ar\/index.php\/wp-json\/wp\/v2\/posts"}],"about":[{"href":"https:\/\/infoecos.com.ar\/index.php\/wp-json\/wp\/v2\/types\/post"}],"author":[{"embeddable":true,"href":"https:\/\/infoecos.com.ar\/index.php\/wp-json\/wp\/v2\/users\/2"}],"replies":[{"embeddable":true,"href":"https:\/\/infoecos.com.ar\/index.php\/wp-json\/wp\/v2\/comments?post=96499"}],"version-history":[{"count":1,"href":"https:\/\/infoecos.com.ar\/index.php\/wp-json\/wp\/v2\/posts\/96499\/revisions"}],"predecessor-version":[{"id":96501,"href":"https:\/\/infoecos.com.ar\/index.php\/wp-json\/wp\/v2\/posts\/96499\/revisions\/96501"}],"wp:featuredmedia":[{"embeddable":true,"href":"https:\/\/infoecos.com.ar\/index.php\/wp-json\/wp\/v2\/media\/96500"}],"wp:attachment":[{"href":"https:\/\/infoecos.com.ar\/index.php\/wp-json\/wp\/v2\/media?parent=96499"}],"wp:term":[{"taxonomy":"category","embeddable":true,"href":"https:\/\/infoecos.com.ar\/index.php\/wp-json\/wp\/v2\/categories?post=96499"},{"taxonomy":"post_tag","embeddable":true,"href":"https:\/\/infoecos.com.ar\/index.php\/wp-json\/wp\/v2\/tags?post=96499"}],"curies":[{"name":"wp","href":"https:\/\/api.w.org\/{rel}","templated":true}]}}