{"id":96547,"date":"2022-08-22T19:04:22","date_gmt":"2022-08-22T22:04:22","guid":{"rendered":"http:\/\/infoecos.com.ar\/?p=96547"},"modified":"2022-08-23T01:52:47","modified_gmt":"2022-08-23T04:52:47","slug":"la-posicion-del-gobierno-nacional-ante-el-pedido-de-los-fiscales-a-traves-de-twitter","status":"publish","type":"post","link":"https:\/\/infoecos.com.ar\/index.php\/la-posicion-del-gobierno-nacional-ante-el-pedido-de-los-fiscales-a-traves-de-twitter\/","title":{"rendered":"A trav\u00e9s de Twitter el Gobierno Nacional se refiri\u00f3 al pedido de los fiscales"},"content":{"rendered":"\n<figure class=\"wp-block-embed is-type-rich is-provider-twitter wp-block-embed-twitter\"><div class=\"wp-block-embed__wrapper\">\n<blockquote class=\"twitter-tweet\" data-width=\"550\" data-dnt=\"true\"><p lang=\"es\" dir=\"ltr\">Hoy es un d\u00eda muy ingrato para alguien que, como yo, se ha criado en la familia de un juez, se ha educado en el mundo del derecho y ense\u00f1a Derecho Penal hace m\u00e1s de tres d\u00e9cadas. Vuelvo a transmitir mi m\u00e1s profundo afecto y solidaridad a la vicepresidenta <a href=\"https:\/\/twitter.com\/CFKArgentina?ref_src=twsrc%5Etfw\">@CFKArgentina<\/a>. <a href=\"https:\/\/t.co\/cOMH2iKjnK\">pic.twitter.com\/cOMH2iKjnK<\/a><\/p>&mdash; Alberto Fern\u00e1ndez (@alferdez) <a href=\"https:\/\/twitter.com\/alferdez\/status\/1561811966984761344?ref_src=twsrc%5Etfw\">August 22, 2022<\/a><\/blockquote><script async src=\"https:\/\/platform.twitter.com\/widgets.js\" charset=\"utf-8\"><\/script>\n<\/div><\/figure>\n","protected":false},"excerpt":{"rendered":"<p>Hoy es un d\u00eda muy ingrato para alguien que, como yo, se ha criado en la familia de un juez, se ha educado en el mundo del derecho y ense\u00f1a Derecho Penal hace m\u00e1s de tres d\u00e9cadas. Vuelvo a transmitir mi m\u00e1s profundo afecto y solidaridad a la vicepresidenta @CFKArgentina<\/p>\n","protected":false},"author":2,"featured_media":83412,"comment_status":"closed","ping_status":"open","sticky":false,"template":"","format":"standard","meta":{"footnotes":""},"categories":[1613],"tags":[747],"class_list":["post-96547","post","type-post","status-publish","format-standard","has-post-thumbnail","hentry","category-noticia-secundaria","tag-politica-y-justicia"],"yoast_head":"<!-- This site is optimized with the Yoast SEO plugin v23.4 - https:\/\/yoast.com\/wordpress\/plugins\/seo\/ -->\n<title>A trav\u00e9s de Twitter el Gobierno Nacional se refiri\u00f3 al pedido de los fiscales - Infoecos<\/title>\n<meta name=\"robots\" content=\"index, follow, max-snippet:-1, max-image-preview:large, max-video-preview:-1\" \/>\n<link rel=\"canonical\" href=\"https:\/\/infoecos.com.ar\/index.php\/la-posicion-del-gobierno-nacional-ante-el-pedido-de-los-fiscales-a-traves-de-twitter\/\" \/>\n<meta property=\"og:locale\" content=\"es_ES\" \/>\n<meta property=\"og:type\" content=\"article\" \/>\n<meta property=\"og:title\" content=\"A trav\u00e9s de Twitter el Gobierno Nacional se refiri\u00f3 al pedido de los fiscales - Infoecos\" \/>\n<meta property=\"og:description\" content=\"Hoy es un d\u00eda muy ingrato para alguien que, como yo, se ha criado en la familia de un juez, se ha educado en el mundo del derecho y ense\u00f1a Derecho Penal hace m\u00e1s de tres d\u00e9cadas. Vuelvo a transmitir mi m\u00e1s profundo afecto y solidaridad a la vicepresidenta @CFKArgentina\" \/>\n<meta property=\"og:url\" content=\"https:\/\/infoecos.com.ar\/index.php\/la-posicion-del-gobierno-nacional-ante-el-pedido-de-los-fiscales-a-traves-de-twitter\/\" \/>\n<meta property=\"og:site_name\" content=\"Infoecos\" \/>\n<meta property=\"article:publisher\" content=\"https:\/\/www.facebook.com\/profile.php?id=100063200290284\" \/>\n<meta property=\"article:published_time\" content=\"2022-08-22T22:04:22+00:00\" \/>\n<meta property=\"article:modified_time\" content=\"2022-08-23T04:52:47+00:00\" \/>\n<meta property=\"og:image\" content=\"https:\/\/infoecos.com.ar\/wp-content\/uploads\/2021\/08\/fernandezalbertoenolavarria.jpg\" \/>\n\t<meta property=\"og:image:width\" content=\"1440\" \/>\n\t<meta property=\"og:image:height\" content=\"810\" \/>\n\t<meta property=\"og:image:type\" content=\"image\/jpeg\" \/>\n<meta name=\"author\" content=\"Jorge Matheus\" \/>\n<meta name=\"twitter:card\" content=\"summary_large_image\" \/>\n<meta name=\"twitter:creator\" content=\"@infoecos\" \/>\n<meta name=\"twitter:site\" content=\"@infoecos\" \/>\n<meta name=\"twitter:label1\" content=\"Escrito por\" \/>\n\t<meta name=\"twitter:data1\" content=\"Jorge Matheus\" \/>\n<script type=\"application\/ld+json\" class=\"yoast-schema-graph\">{\"@context\":\"https:\/\/schema.org\",\"@graph\":[{\"@type\":\"Article\",\"@id\":\"https:\/\/infoecos.com.ar\/index.php\/la-posicion-del-gobierno-nacional-ante-el-pedido-de-los-fiscales-a-traves-de-twitter\/#article\",\"isPartOf\":{\"@id\":\"https:\/\/infoecos.com.ar\/index.php\/la-posicion-del-gobierno-nacional-ante-el-pedido-de-los-fiscales-a-traves-de-twitter\/\"},\"author\":{\"name\":\"Jorge Matheus\",\"@id\":\"https:\/\/infoecos.com.ar\/#\/schema\/person\/8f5ace5ce73b4b4aac4b7245aee6f191\"},\"headline\":\"A trav\u00e9s de Twitter el Gobierno Nacional se refiri\u00f3 al pedido de los fiscales\",\"datePublished\":\"2022-08-22T22:04:22+00:00\",\"dateModified\":\"2022-08-23T04:52:47+00:00\",\"mainEntityOfPage\":{\"@id\":\"https:\/\/infoecos.com.ar\/index.php\/la-posicion-del-gobierno-nacional-ante-el-pedido-de-los-fiscales-a-traves-de-twitter\/\"},\"wordCount\":20,\"publisher\":{\"@id\":\"https:\/\/infoecos.com.ar\/#organization\"},\"image\":{\"@id\":\"https:\/\/infoecos.com.ar\/index.php\/la-posicion-del-gobierno-nacional-ante-el-pedido-de-los-fiscales-a-traves-de-twitter\/#primaryimage\"},\"thumbnailUrl\":\"https:\/\/infoecos.com.ar\/wp-content\/uploads\/2021\/08\/fernandezalbertoenolavarria.jpg\",\"keywords\":[\"POL\u00cdTICA Y JUSTICIA\"],\"articleSection\":[\"Noticia Secundaria\"],\"inLanguage\":\"es\"},{\"@type\":\"WebPage\",\"@id\":\"https:\/\/infoecos.com.ar\/index.php\/la-posicion-del-gobierno-nacional-ante-el-pedido-de-los-fiscales-a-traves-de-twitter\/\",\"url\":\"https:\/\/infoecos.com.ar\/index.php\/la-posicion-del-gobierno-nacional-ante-el-pedido-de-los-fiscales-a-traves-de-twitter\/\",\"name\":\"A trav\u00e9s de Twitter el Gobierno Nacional se refiri\u00f3 al pedido de los fiscales - Infoecos\",\"isPartOf\":{\"@id\":\"https:\/\/infoecos.com.ar\/#website\"},\"primaryImageOfPage\":{\"@id\":\"https:\/\/infoecos.com.ar\/index.php\/la-posicion-del-gobierno-nacional-ante-el-pedido-de-los-fiscales-a-traves-de-twitter\/#primaryimage\"},\"image\":{\"@id\":\"https:\/\/infoecos.com.ar\/index.php\/la-posicion-del-gobierno-nacional-ante-el-pedido-de-los-fiscales-a-traves-de-twitter\/#primaryimage\"},\"thumbnailUrl\":\"https:\/\/infoecos.com.ar\/wp-content\/uploads\/2021\/08\/fernandezalbertoenolavarria.jpg\",\"datePublished\":\"2022-08-22T22:04:22+00:00\",\"dateModified\":\"2022-08-23T04:52:47+00:00\",\"breadcrumb\":{\"@id\":\"https:\/\/infoecos.com.ar\/index.php\/la-posicion-del-gobierno-nacional-ante-el-pedido-de-los-fiscales-a-traves-de-twitter\/#breadcrumb\"},\"inLanguage\":\"es\",\"potentialAction\":[{\"@type\":\"ReadAction\",\"target\":[\"https:\/\/infoecos.com.ar\/index.php\/la-posicion-del-gobierno-nacional-ante-el-pedido-de-los-fiscales-a-traves-de-twitter\/\"]}]},{\"@type\":\"ImageObject\",\"inLanguage\":\"es\",\"@id\":\"https:\/\/infoecos.com.ar\/index.php\/la-posicion-del-gobierno-nacional-ante-el-pedido-de-los-fiscales-a-traves-de-twitter\/#primaryimage\",\"url\":\"https:\/\/infoecos.com.ar\/wp-content\/uploads\/2021\/08\/fernandezalbertoenolavarria.jpg\",\"contentUrl\":\"https:\/\/infoecos.com.ar\/wp-content\/uploads\/2021\/08\/fernandezalbertoenolavarria.jpg\",\"width\":1440,\"height\":810},{\"@type\":\"BreadcrumbList\",\"@id\":\"https:\/\/infoecos.com.ar\/index.php\/la-posicion-del-gobierno-nacional-ante-el-pedido-de-los-fiscales-a-traves-de-twitter\/#breadcrumb\",\"itemListElement\":[{\"@type\":\"ListItem\",\"position\":1,\"name\":\"Portada\",\"item\":\"https:\/\/infoecos.com.ar\/\"},{\"@type\":\"ListItem\",\"position\":2,\"name\":\"A trav\u00e9s de Twitter el Gobierno Nacional se refiri\u00f3 al pedido de los fiscales\"}]},{\"@type\":\"WebSite\",\"@id\":\"https:\/\/infoecos.com.ar\/#website\",\"url\":\"https:\/\/infoecos.com.ar\/\",\"name\":\"Infoecos\",\"description\":\"Noticias de trenque lauquen y la zona\",\"publisher\":{\"@id\":\"https:\/\/infoecos.com.ar\/#organization\"},\"alternateName\":\"Noticias\",\"potentialAction\":[{\"@type\":\"SearchAction\",\"target\":{\"@type\":\"EntryPoint\",\"urlTemplate\":\"https:\/\/infoecos.com.ar\/?s={search_term_string}\"},\"query-input\":{\"@type\":\"PropertyValueSpecification\",\"valueRequired\":true,\"valueName\":\"search_term_string\"}}],\"inLanguage\":\"es\"},{\"@type\":\"Organization\",\"@id\":\"https:\/\/infoecos.com.ar\/#organization\",\"name\":\"Infoecos\",\"alternateName\":\"Noticias\",\"url\":\"https:\/\/infoecos.com.ar\/\",\"logo\":{\"@type\":\"ImageObject\",\"inLanguage\":\"es\",\"@id\":\"https:\/\/infoecos.com.ar\/#\/schema\/logo\/image\/\",\"url\":\"https:\/\/infoecos.com.ar\/wp-content\/uploads\/2024\/03\/cropped-logo.png\",\"contentUrl\":\"https:\/\/infoecos.com.ar\/wp-content\/uploads\/2024\/03\/cropped-logo.png\",\"width\":374,\"height\":90,\"caption\":\"Infoecos\"},\"image\":{\"@id\":\"https:\/\/infoecos.com.ar\/#\/schema\/logo\/image\/\"},\"sameAs\":[\"https:\/\/www.facebook.com\/profile.php?id=100063200290284\",\"https:\/\/x.com\/infoecos\"]},{\"@type\":\"Person\",\"@id\":\"https:\/\/infoecos.com.ar\/#\/schema\/person\/8f5ace5ce73b4b4aac4b7245aee6f191\",\"name\":\"Jorge Matheus\",\"url\":\"https:\/\/infoecos.com.ar\/index.php\/author\/jomatheus\/\"}]}<\/script>\n<!-- \/ Yoast SEO plugin. -->","yoast_head_json":{"title":"A trav\u00e9s de Twitter el Gobierno Nacional se refiri\u00f3 al pedido de los fiscales - Infoecos","robots":{"index":"index","follow":"follow","max-snippet":"max-snippet:-1","max-image-preview":"max-image-preview:large","max-video-preview":"max-video-preview:-1"},"canonical":"https:\/\/infoecos.com.ar\/index.php\/la-posicion-del-gobierno-nacional-ante-el-pedido-de-los-fiscales-a-traves-de-twitter\/","og_locale":"es_ES","og_type":"article","og_title":"A trav\u00e9s de Twitter el Gobierno Nacional se refiri\u00f3 al pedido de los fiscales - Infoecos","og_description":"Hoy es un d\u00eda muy ingrato para alguien que, como yo, se ha criado en la familia de un juez, se ha educado en el mundo del derecho y ense\u00f1a Derecho Penal hace m\u00e1s de tres d\u00e9cadas. Vuelvo a transmitir mi m\u00e1s profundo afecto y solidaridad a la vicepresidenta @CFKArgentina","og_url":"https:\/\/infoecos.com.ar\/index.php\/la-posicion-del-gobierno-nacional-ante-el-pedido-de-los-fiscales-a-traves-de-twitter\/","og_site_name":"Infoecos","article_publisher":"https:\/\/www.facebook.com\/profile.php?id=100063200290284","article_published_time":"2022-08-22T22:04:22+00:00","article_modified_time":"2022-08-23T04:52:47+00:00","og_image":[{"width":1440,"height":810,"url":"https:\/\/infoecos.com.ar\/wp-content\/uploads\/2021\/08\/fernandezalbertoenolavarria.jpg","type":"image\/jpeg"}],"author":"Jorge Matheus","twitter_card":"summary_large_image","twitter_creator":"@infoecos","twitter_site":"@infoecos","twitter_misc":{"Escrito por":"Jorge Matheus"},"schema":{"@context":"https:\/\/schema.org","@graph":[{"@type":"Article","@id":"https:\/\/infoecos.com.ar\/index.php\/la-posicion-del-gobierno-nacional-ante-el-pedido-de-los-fiscales-a-traves-de-twitter\/#article","isPartOf":{"@id":"https:\/\/infoecos.com.ar\/index.php\/la-posicion-del-gobierno-nacional-ante-el-pedido-de-los-fiscales-a-traves-de-twitter\/"},"author":{"name":"Jorge Matheus","@id":"https:\/\/infoecos.com.ar\/#\/schema\/person\/8f5ace5ce73b4b4aac4b7245aee6f191"},"headline":"A trav\u00e9s de Twitter el Gobierno Nacional se refiri\u00f3 al pedido de los fiscales","datePublished":"2022-08-22T22:04:22+00:00","dateModified":"2022-08-23T04:52:47+00:00","mainEntityOfPage":{"@id":"https:\/\/infoecos.com.ar\/index.php\/la-posicion-del-gobierno-nacional-ante-el-pedido-de-los-fiscales-a-traves-de-twitter\/"},"wordCount":20,"publisher":{"@id":"https:\/\/infoecos.com.ar\/#organization"},"image":{"@id":"https:\/\/infoecos.com.ar\/index.php\/la-posicion-del-gobierno-nacional-ante-el-pedido-de-los-fiscales-a-traves-de-twitter\/#primaryimage"},"thumbnailUrl":"https:\/\/infoecos.com.ar\/wp-content\/uploads\/2021\/08\/fernandezalbertoenolavarria.jpg","keywords":["POL\u00cdTICA Y JUSTICIA"],"articleSection":["Noticia Secundaria"],"inLanguage":"es"},{"@type":"WebPage","@id":"https:\/\/infoecos.com.ar\/index.php\/la-posicion-del-gobierno-nacional-ante-el-pedido-de-los-fiscales-a-traves-de-twitter\/","url":"https:\/\/infoecos.com.ar\/index.php\/la-posicion-del-gobierno-nacional-ante-el-pedido-de-los-fiscales-a-traves-de-twitter\/","name":"A trav\u00e9s de Twitter el Gobierno Nacional se refiri\u00f3 al pedido de los fiscales - Infoecos","isPartOf":{"@id":"https:\/\/infoecos.com.ar\/#website"},"primaryImageOfPage":{"@id":"https:\/\/infoecos.com.ar\/index.php\/la-posicion-del-gobierno-nacional-ante-el-pedido-de-los-fiscales-a-traves-de-twitter\/#primaryimage"},"image":{"@id":"https:\/\/infoecos.com.ar\/index.php\/la-posicion-del-gobierno-nacional-ante-el-pedido-de-los-fiscales-a-traves-de-twitter\/#primaryimage"},"thumbnailUrl":"https:\/\/infoecos.com.ar\/wp-content\/uploads\/2021\/08\/fernandezalbertoenolavarria.jpg","datePublished":"2022-08-22T22:04:22+00:00","dateModified":"2022-08-23T04:52:47+00:00","breadcrumb":{"@id":"https:\/\/infoecos.com.ar\/index.php\/la-posicion-del-gobierno-nacional-ante-el-pedido-de-los-fiscales-a-traves-de-twitter\/#breadcrumb"},"inLanguage":"es","potentialAction":[{"@type":"ReadAction","target":["https:\/\/infoecos.com.ar\/index.php\/la-posicion-del-gobierno-nacional-ante-el-pedido-de-los-fiscales-a-traves-de-twitter\/"]}]},{"@type":"ImageObject","inLanguage":"es","@id":"https:\/\/infoecos.com.ar\/index.php\/la-posicion-del-gobierno-nacional-ante-el-pedido-de-los-fiscales-a-traves-de-twitter\/#primaryimage","url":"https:\/\/infoecos.com.ar\/wp-content\/uploads\/2021\/08\/fernandezalbertoenolavarria.jpg","contentUrl":"https:\/\/infoecos.com.ar\/wp-content\/uploads\/2021\/08\/fernandezalbertoenolavarria.jpg","width":1440,"height":810},{"@type":"BreadcrumbList","@id":"https:\/\/infoecos.com.ar\/index.php\/la-posicion-del-gobierno-nacional-ante-el-pedido-de-los-fiscales-a-traves-de-twitter\/#breadcrumb","itemListElement":[{"@type":"ListItem","position":1,"name":"Portada","item":"https:\/\/infoecos.com.ar\/"},{"@type":"ListItem","position":2,"name":"A trav\u00e9s de Twitter el Gobierno Nacional se refiri\u00f3 al pedido de los fiscales"}]},{"@type":"WebSite","@id":"https:\/\/infoecos.com.ar\/#website","url":"https:\/\/infoecos.com.ar\/","name":"Infoecos","description":"Noticias de trenque lauquen y la zona","publisher":{"@id":"https:\/\/infoecos.com.ar\/#organization"},"alternateName":"Noticias","potentialAction":[{"@type":"SearchAction","target":{"@type":"EntryPoint","urlTemplate":"https:\/\/infoecos.com.ar\/?s={search_term_string}"},"query-input":{"@type":"PropertyValueSpecification","valueRequired":true,"valueName":"search_term_string"}}],"inLanguage":"es"},{"@type":"Organization","@id":"https:\/\/infoecos.com.ar\/#organization","name":"Infoecos","alternateName":"Noticias","url":"https:\/\/infoecos.com.ar\/","logo":{"@type":"ImageObject","inLanguage":"es","@id":"https:\/\/infoecos.com.ar\/#\/schema\/logo\/image\/","url":"https:\/\/infoecos.com.ar\/wp-content\/uploads\/2024\/03\/cropped-logo.png","contentUrl":"https:\/\/infoecos.com.ar\/wp-content\/uploads\/2024\/03\/cropped-logo.png","width":374,"height":90,"caption":"Infoecos"},"image":{"@id":"https:\/\/infoecos.com.ar\/#\/schema\/logo\/image\/"},"sameAs":["https:\/\/www.facebook.com\/profile.php?id=100063200290284","https:\/\/x.com\/infoecos"]},{"@type":"Person","@id":"https:\/\/infoecos.com.ar\/#\/schema\/person\/8f5ace5ce73b4b4aac4b7245aee6f191","name":"Jorge Matheus","url":"https:\/\/infoecos.com.ar\/index.php\/author\/jomatheus\/"}]}},"featured_image_urls":{"full":["https:\/\/infoecos.com.ar\/wp-content\/uploads\/2021\/08\/fernandezalbertoenolavarria.jpg",1440,810,false],"thumbnail":["https:\/\/infoecos.com.ar\/wp-content\/uploads\/2021\/08\/fernandezalbertoenolavarria-150x150.jpg",150,150,true],"medium":["https:\/\/infoecos.com.ar\/wp-content\/uploads\/2021\/08\/fernandezalbertoenolavarria-460x259.jpg",460,259,true],"medium_large":["https:\/\/infoecos.com.ar\/wp-content\/uploads\/2021\/08\/fernandezalbertoenolavarria-768x432.jpg",640,360,true],"large":["https:\/\/infoecos.com.ar\/wp-content\/uploads\/2021\/08\/fernandezalbertoenolavarria-920x518.jpg",640,360,true],"1536x1536":["https:\/\/infoecos.com.ar\/wp-content\/uploads\/2021\/08\/fernandezalbertoenolavarria.jpg",1440,810,false],"2048x2048":["https:\/\/infoecos.com.ar\/wp-content\/uploads\/2021\/08\/fernandezalbertoenolavarria.jpg",1440,810,false],"covernews-slider-full":["https:\/\/infoecos.com.ar\/wp-content\/uploads\/2021\/08\/fernandezalbertoenolavarria.jpg",1115,627,false],"covernews-slider-center":["https:\/\/infoecos.com.ar\/wp-content\/uploads\/2021\/08\/fernandezalbertoenolavarria-936x810.jpg",578,500,true],"covernews-featured":["https:\/\/infoecos.com.ar\/wp-content\/uploads\/2021\/08\/fernandezalbertoenolavarria-1024x576.jpg",1024,576,true],"covernews-medium":["https:\/\/infoecos.com.ar\/wp-content\/uploads\/2021\/08\/fernandezalbertoenolavarria-720x380.jpg",540,285,true],"covernews-medium-square":["https:\/\/infoecos.com.ar\/wp-content\/uploads\/2021\/08\/fernandezalbertoenolavarria-675x450.jpg",375,250,true]},"author_info":{"info":["Jorge Matheus"]},"category_info":"<a href=\"https:\/\/infoecos.com.ar\/index.php\/category\/noticia-secundaria\/\" rel=\"category tag\">Noticia Secundaria<\/a>","tag_info":"Noticia Secundaria","comment_count":"0","_links":{"self":[{"href":"https:\/\/infoecos.com.ar\/index.php\/wp-json\/wp\/v2\/posts\/96547"}],"collection":[{"href":"https:\/\/infoecos.com.ar\/index.php\/wp-json\/wp\/v2\/posts"}],"about":[{"href":"https:\/\/infoecos.com.ar\/index.php\/wp-json\/wp\/v2\/types\/post"}],"author":[{"embeddable":true,"href":"https:\/\/infoecos.com.ar\/index.php\/wp-json\/wp\/v2\/users\/2"}],"replies":[{"embeddable":true,"href":"https:\/\/infoecos.com.ar\/index.php\/wp-json\/wp\/v2\/comments?post=96547"}],"version-history":[{"count":2,"href":"https:\/\/infoecos.com.ar\/index.php\/wp-json\/wp\/v2\/posts\/96547\/revisions"}],"predecessor-version":[{"id":96558,"href":"https:\/\/infoecos.com.ar\/index.php\/wp-json\/wp\/v2\/posts\/96547\/revisions\/96558"}],"wp:featuredmedia":[{"embeddable":true,"href":"https:\/\/infoecos.com.ar\/index.php\/wp-json\/wp\/v2\/media\/83412"}],"wp:attachment":[{"href":"https:\/\/infoecos.com.ar\/index.php\/wp-json\/wp\/v2\/media?parent=96547"}],"wp:term":[{"taxonomy":"category","embeddable":true,"href":"https:\/\/infoecos.com.ar\/index.php\/wp-json\/wp\/v2\/categories?post=96547"},{"taxonomy":"post_tag","embeddable":true,"href":"https:\/\/infoecos.com.ar\/index.php\/wp-json\/wp\/v2\/tags?post=96547"}],"curies":[{"name":"wp","href":"https:\/\/api.w.org\/{rel}","templated":true}]}}