{"id":96562,"date":"2022-08-23T01:40:18","date_gmt":"2022-08-23T04:40:18","guid":{"rendered":"http:\/\/infoecos.com.ar\/?p=96562"},"modified":"2022-08-23T01:53:17","modified_gmt":"2022-08-23T04:53:17","slug":"piden-12-anos-de-prision-e-inhabilitacion-perpetua-para-cristina-kirchner-2","status":"publish","type":"post","link":"https:\/\/infoecos.com.ar\/index.php\/piden-12-anos-de-prision-e-inhabilitacion-perpetua-para-cristina-kirchner-2\/","title":{"rendered":"Piden 12 a\u00f1os de prisi\u00f3n e inhabilitaci\u00f3n perpetua para Cristina Kirchner"},"content":{"rendered":"\n<p>Los fiscales&nbsp;Diego Luciani&nbsp;y&nbsp;Sergio Mola&nbsp;pidieron esta tarde la pena de 12 a\u00f1os de prisi\u00f3n para la vicepresidenta,&nbsp;Cristina Kirchner, como presunta autora penalmente responsable de los delitos de jefa de una asociaci\u00f3n il\u00edcita y administraci\u00f3n infiel en perjuicio del Estado por la adjudicaci\u00f3n de obra p\u00fablica a la provincia de Santa Cruz entre 2003 y 2015.<\/p>\n\n\n\n<figure class=\"wp-block-image aligncenter size-full is-resized\"><img loading=\"lazy\" decoding=\"async\" src=\"http:\/\/infoecos.com.ar\/wp-content\/uploads\/2022\/08\/image-139.png\" alt=\"\" class=\"wp-image-96544\" width=\"482\" height=\"271\" srcset=\"https:\/\/infoecos.com.ar\/wp-content\/uploads\/2022\/08\/image-139.png 807w, https:\/\/infoecos.com.ar\/wp-content\/uploads\/2022\/08\/image-139-460x259.png 460w, https:\/\/infoecos.com.ar\/wp-content\/uploads\/2022\/08\/image-139-768x432.png 768w\" sizes=\"(max-width: 482px) 100vw, 482px\" \/><figcaption>Fiscal Luciani<\/figcaption><\/figure>\n\n\n\n<p>El pedido incluye la inhabilitaci\u00f3n perpetua para volver a ejercer cargos p\u00fablicos. La fiscal\u00eda tambi\u00e9n pidi\u00f3 el decomiso de todos los bienes que fueron objeto de la investigaci\u00f3n y sean destinados a \u00abinstituciones de bien p\u00fablico\u00bb.<\/p>\n\n\n\n<p>\u00abEl estado de derecho fue arrasado por la acci\u00f3n ilegal de los imputados\u00bb, proclam\u00f3. Luciani reivindic\u00f3 el rol que le cupo a \u00e9l y a su equipo de trabajo: \u201cLos fiscales y los jueces son la \u00faltima esperanza de terminar con estas pr\u00e1cticas\u201d.<\/p>\n\n\n\n<p>En su tramo final de las nueve jornadas del alegato, consider\u00f3 que \u201cel orden p\u00fablico ha sido trastocado por funcionarios p\u00fablicos de alta jerarqu\u00eda\u201d y que la trama de corrupci\u00f3n por la que acus\u00f3 es la \u201cmayor de la historia\u201d.<\/p>\n\n\n\n<figure class=\"wp-block-image aligncenter size-full\"><img loading=\"lazy\" decoding=\"async\" width=\"470\" height=\"313\" src=\"http:\/\/infoecos.com.ar\/wp-content\/uploads\/2022\/08\/image-140.png\" alt=\"\" class=\"wp-image-96545\" srcset=\"https:\/\/infoecos.com.ar\/wp-content\/uploads\/2022\/08\/image-140.png 470w, https:\/\/infoecos.com.ar\/wp-content\/uploads\/2022\/08\/image-140-460x306.png 460w\" sizes=\"(max-width: 470px) 100vw, 470px\" \/><\/figure>\n\n\n\n<p>Como medida adicional a las penas y la inhabilitaci\u00f3n, el fiscal reclam\u00f3 el decomiso de todos los bienes de las empresas del Grupo Austral y de todas las estancias de B\u00e1ez y sus allegados.<\/p>\n\n\n\n<p>El fiscal le contest\u00f3 al presidente Alberto Fern\u00e1ndez, a quien le atribuy\u00f3 una \u201cinjerencia indebida\u201d sobre el Poder Judicial. En ese sentido, le refut\u00f3 la afirmaci\u00f3n de que las decisiones pol\u00edticas de gobierno no son judiciales y le respondi\u00f3: \u201ctodos los actos del Poder Ejecutivo son revisables por el Poder Judicial\u201d.<\/p>\n\n\n\n<p>&nbsp;Adem\u00e1s, le record\u00f3 que cuando fue jefe de Gabinete de los gobiernos de N\u00e9stor y Cristina Kirchner \u201crenunci\u00f3 al cargo de jefe de Gabinete fue lo que estaba ocurriendo con la obra p\u00fablica en Santa Cruz\u201d.<\/p>\n","protected":false},"excerpt":{"rendered":"<p>Como medida adicional a las penas y la inhabilitaci\u00f3n, el fiscal reclam\u00f3 el decomiso de todos los bienes de las empresas del Grupo Austral y de todas las estancias de B\u00e1ez y sus allegados<\/p>\n","protected":false},"author":2,"featured_media":96545,"comment_status":"closed","ping_status":"open","sticky":false,"template":"","format":"standard","meta":{"footnotes":""},"categories":[1613],"tags":[6605],"class_list":["post-96562","post","type-post","status-publish","format-standard","has-post-thumbnail","hentry","category-noticia-secundaria","tag-causa-vialidad"],"yoast_head":"<!-- This site is optimized with the Yoast SEO plugin v23.4 - https:\/\/yoast.com\/wordpress\/plugins\/seo\/ -->\n<title>Piden 12 a\u00f1os de prisi\u00f3n e inhabilitaci\u00f3n perpetua para Cristina Kirchner - Infoecos<\/title>\n<meta name=\"robots\" content=\"index, follow, max-snippet:-1, max-image-preview:large, max-video-preview:-1\" \/>\n<link rel=\"canonical\" href=\"https:\/\/infoecos.com.ar\/index.php\/piden-12-anos-de-prision-e-inhabilitacion-perpetua-para-cristina-kirchner-2\/\" \/>\n<meta property=\"og:locale\" content=\"es_ES\" \/>\n<meta property=\"og:type\" content=\"article\" \/>\n<meta property=\"og:title\" content=\"Piden 12 a\u00f1os de prisi\u00f3n e inhabilitaci\u00f3n perpetua para Cristina Kirchner - Infoecos\" \/>\n<meta property=\"og:description\" content=\"Como medida adicional a las penas y la inhabilitaci\u00f3n, el fiscal reclam\u00f3 el decomiso de todos los bienes de las empresas del Grupo Austral y de todas las estancias de B\u00e1ez y sus allegados\" \/>\n<meta property=\"og:url\" content=\"https:\/\/infoecos.com.ar\/index.php\/piden-12-anos-de-prision-e-inhabilitacion-perpetua-para-cristina-kirchner-2\/\" \/>\n<meta property=\"og:site_name\" content=\"Infoecos\" \/>\n<meta property=\"article:publisher\" content=\"https:\/\/www.facebook.com\/profile.php?id=100063200290284\" \/>\n<meta property=\"article:published_time\" content=\"2022-08-23T04:40:18+00:00\" \/>\n<meta property=\"article:modified_time\" content=\"2022-08-23T04:53:17+00:00\" \/>\n<meta property=\"og:image\" content=\"https:\/\/infoecos.com.ar\/wp-content\/uploads\/2022\/08\/image-140.png\" \/>\n\t<meta property=\"og:image:width\" content=\"470\" \/>\n\t<meta property=\"og:image:height\" content=\"313\" \/>\n\t<meta property=\"og:image:type\" content=\"image\/png\" \/>\n<meta name=\"author\" content=\"Jorge Matheus\" \/>\n<meta name=\"twitter:card\" content=\"summary_large_image\" \/>\n<meta name=\"twitter:creator\" content=\"@infoecos\" \/>\n<meta name=\"twitter:site\" content=\"@infoecos\" \/>\n<meta name=\"twitter:label1\" content=\"Escrito por\" \/>\n\t<meta name=\"twitter:data1\" content=\"Jorge Matheus\" \/>\n\t<meta name=\"twitter:label2\" content=\"Tiempo de lectura\" \/>\n\t<meta name=\"twitter:data2\" content=\"2 minutos\" \/>\n<script type=\"application\/ld+json\" class=\"yoast-schema-graph\">{\"@context\":\"https:\/\/schema.org\",\"@graph\":[{\"@type\":\"Article\",\"@id\":\"https:\/\/infoecos.com.ar\/index.php\/piden-12-anos-de-prision-e-inhabilitacion-perpetua-para-cristina-kirchner-2\/#article\",\"isPartOf\":{\"@id\":\"https:\/\/infoecos.com.ar\/index.php\/piden-12-anos-de-prision-e-inhabilitacion-perpetua-para-cristina-kirchner-2\/\"},\"author\":{\"name\":\"Jorge Matheus\",\"@id\":\"https:\/\/infoecos.com.ar\/#\/schema\/person\/8f5ace5ce73b4b4aac4b7245aee6f191\"},\"headline\":\"Piden 12 a\u00f1os de prisi\u00f3n e inhabilitaci\u00f3n perpetua para Cristina Kirchner\",\"datePublished\":\"2022-08-23T04:40:18+00:00\",\"dateModified\":\"2022-08-23T04:53:17+00:00\",\"mainEntityOfPage\":{\"@id\":\"https:\/\/infoecos.com.ar\/index.php\/piden-12-anos-de-prision-e-inhabilitacion-perpetua-para-cristina-kirchner-2\/\"},\"wordCount\":344,\"publisher\":{\"@id\":\"https:\/\/infoecos.com.ar\/#organization\"},\"image\":{\"@id\":\"https:\/\/infoecos.com.ar\/index.php\/piden-12-anos-de-prision-e-inhabilitacion-perpetua-para-cristina-kirchner-2\/#primaryimage\"},\"thumbnailUrl\":\"https:\/\/infoecos.com.ar\/wp-content\/uploads\/2022\/08\/image-140.png\",\"keywords\":[\"CAUSA VIALIDAD\"],\"articleSection\":[\"Noticia Secundaria\"],\"inLanguage\":\"es\"},{\"@type\":\"WebPage\",\"@id\":\"https:\/\/infoecos.com.ar\/index.php\/piden-12-anos-de-prision-e-inhabilitacion-perpetua-para-cristina-kirchner-2\/\",\"url\":\"https:\/\/infoecos.com.ar\/index.php\/piden-12-anos-de-prision-e-inhabilitacion-perpetua-para-cristina-kirchner-2\/\",\"name\":\"Piden 12 a\u00f1os de prisi\u00f3n e inhabilitaci\u00f3n perpetua para Cristina Kirchner - Infoecos\",\"isPartOf\":{\"@id\":\"https:\/\/infoecos.com.ar\/#website\"},\"primaryImageOfPage\":{\"@id\":\"https:\/\/infoecos.com.ar\/index.php\/piden-12-anos-de-prision-e-inhabilitacion-perpetua-para-cristina-kirchner-2\/#primaryimage\"},\"image\":{\"@id\":\"https:\/\/infoecos.com.ar\/index.php\/piden-12-anos-de-prision-e-inhabilitacion-perpetua-para-cristina-kirchner-2\/#primaryimage\"},\"thumbnailUrl\":\"https:\/\/infoecos.com.ar\/wp-content\/uploads\/2022\/08\/image-140.png\",\"datePublished\":\"2022-08-23T04:40:18+00:00\",\"dateModified\":\"2022-08-23T04:53:17+00:00\",\"breadcrumb\":{\"@id\":\"https:\/\/infoecos.com.ar\/index.php\/piden-12-anos-de-prision-e-inhabilitacion-perpetua-para-cristina-kirchner-2\/#breadcrumb\"},\"inLanguage\":\"es\",\"potentialAction\":[{\"@type\":\"ReadAction\",\"target\":[\"https:\/\/infoecos.com.ar\/index.php\/piden-12-anos-de-prision-e-inhabilitacion-perpetua-para-cristina-kirchner-2\/\"]}]},{\"@type\":\"ImageObject\",\"inLanguage\":\"es\",\"@id\":\"https:\/\/infoecos.com.ar\/index.php\/piden-12-anos-de-prision-e-inhabilitacion-perpetua-para-cristina-kirchner-2\/#primaryimage\",\"url\":\"https:\/\/infoecos.com.ar\/wp-content\/uploads\/2022\/08\/image-140.png\",\"contentUrl\":\"https:\/\/infoecos.com.ar\/wp-content\/uploads\/2022\/08\/image-140.png\",\"width\":470,\"height\":313},{\"@type\":\"BreadcrumbList\",\"@id\":\"https:\/\/infoecos.com.ar\/index.php\/piden-12-anos-de-prision-e-inhabilitacion-perpetua-para-cristina-kirchner-2\/#breadcrumb\",\"itemListElement\":[{\"@type\":\"ListItem\",\"position\":1,\"name\":\"Portada\",\"item\":\"https:\/\/infoecos.com.ar\/\"},{\"@type\":\"ListItem\",\"position\":2,\"name\":\"Piden 12 a\u00f1os de prisi\u00f3n e inhabilitaci\u00f3n perpetua para Cristina Kirchner\"}]},{\"@type\":\"WebSite\",\"@id\":\"https:\/\/infoecos.com.ar\/#website\",\"url\":\"https:\/\/infoecos.com.ar\/\",\"name\":\"Infoecos\",\"description\":\"Noticias de trenque lauquen y la zona\",\"publisher\":{\"@id\":\"https:\/\/infoecos.com.ar\/#organization\"},\"alternateName\":\"Noticias\",\"potentialAction\":[{\"@type\":\"SearchAction\",\"target\":{\"@type\":\"EntryPoint\",\"urlTemplate\":\"https:\/\/infoecos.com.ar\/?s={search_term_string}\"},\"query-input\":{\"@type\":\"PropertyValueSpecification\",\"valueRequired\":true,\"valueName\":\"search_term_string\"}}],\"inLanguage\":\"es\"},{\"@type\":\"Organization\",\"@id\":\"https:\/\/infoecos.com.ar\/#organization\",\"name\":\"Infoecos\",\"alternateName\":\"Noticias\",\"url\":\"https:\/\/infoecos.com.ar\/\",\"logo\":{\"@type\":\"ImageObject\",\"inLanguage\":\"es\",\"@id\":\"https:\/\/infoecos.com.ar\/#\/schema\/logo\/image\/\",\"url\":\"https:\/\/infoecos.com.ar\/wp-content\/uploads\/2024\/03\/cropped-logo.png\",\"contentUrl\":\"https:\/\/infoecos.com.ar\/wp-content\/uploads\/2024\/03\/cropped-logo.png\",\"width\":374,\"height\":90,\"caption\":\"Infoecos\"},\"image\":{\"@id\":\"https:\/\/infoecos.com.ar\/#\/schema\/logo\/image\/\"},\"sameAs\":[\"https:\/\/www.facebook.com\/profile.php?id=100063200290284\",\"https:\/\/x.com\/infoecos\"]},{\"@type\":\"Person\",\"@id\":\"https:\/\/infoecos.com.ar\/#\/schema\/person\/8f5ace5ce73b4b4aac4b7245aee6f191\",\"name\":\"Jorge Matheus\",\"url\":\"https:\/\/infoecos.com.ar\/index.php\/author\/jomatheus\/\"}]}<\/script>\n<!-- \/ Yoast SEO plugin. -->","yoast_head_json":{"title":"Piden 12 a\u00f1os de prisi\u00f3n e inhabilitaci\u00f3n perpetua para Cristina Kirchner - Infoecos","robots":{"index":"index","follow":"follow","max-snippet":"max-snippet:-1","max-image-preview":"max-image-preview:large","max-video-preview":"max-video-preview:-1"},"canonical":"https:\/\/infoecos.com.ar\/index.php\/piden-12-anos-de-prision-e-inhabilitacion-perpetua-para-cristina-kirchner-2\/","og_locale":"es_ES","og_type":"article","og_title":"Piden 12 a\u00f1os de prisi\u00f3n e inhabilitaci\u00f3n perpetua para Cristina Kirchner - Infoecos","og_description":"Como medida adicional a las penas y la inhabilitaci\u00f3n, el fiscal reclam\u00f3 el decomiso de todos los bienes de las empresas del Grupo Austral y de todas las estancias de B\u00e1ez y sus allegados","og_url":"https:\/\/infoecos.com.ar\/index.php\/piden-12-anos-de-prision-e-inhabilitacion-perpetua-para-cristina-kirchner-2\/","og_site_name":"Infoecos","article_publisher":"https:\/\/www.facebook.com\/profile.php?id=100063200290284","article_published_time":"2022-08-23T04:40:18+00:00","article_modified_time":"2022-08-23T04:53:17+00:00","og_image":[{"width":470,"height":313,"url":"https:\/\/infoecos.com.ar\/wp-content\/uploads\/2022\/08\/image-140.png","type":"image\/png"}],"author":"Jorge Matheus","twitter_card":"summary_large_image","twitter_creator":"@infoecos","twitter_site":"@infoecos","twitter_misc":{"Escrito por":"Jorge Matheus","Tiempo de lectura":"2 minutos"},"schema":{"@context":"https:\/\/schema.org","@graph":[{"@type":"Article","@id":"https:\/\/infoecos.com.ar\/index.php\/piden-12-anos-de-prision-e-inhabilitacion-perpetua-para-cristina-kirchner-2\/#article","isPartOf":{"@id":"https:\/\/infoecos.com.ar\/index.php\/piden-12-anos-de-prision-e-inhabilitacion-perpetua-para-cristina-kirchner-2\/"},"author":{"name":"Jorge Matheus","@id":"https:\/\/infoecos.com.ar\/#\/schema\/person\/8f5ace5ce73b4b4aac4b7245aee6f191"},"headline":"Piden 12 a\u00f1os de prisi\u00f3n e inhabilitaci\u00f3n perpetua para Cristina Kirchner","datePublished":"2022-08-23T04:40:18+00:00","dateModified":"2022-08-23T04:53:17+00:00","mainEntityOfPage":{"@id":"https:\/\/infoecos.com.ar\/index.php\/piden-12-anos-de-prision-e-inhabilitacion-perpetua-para-cristina-kirchner-2\/"},"wordCount":344,"publisher":{"@id":"https:\/\/infoecos.com.ar\/#organization"},"image":{"@id":"https:\/\/infoecos.com.ar\/index.php\/piden-12-anos-de-prision-e-inhabilitacion-perpetua-para-cristina-kirchner-2\/#primaryimage"},"thumbnailUrl":"https:\/\/infoecos.com.ar\/wp-content\/uploads\/2022\/08\/image-140.png","keywords":["CAUSA VIALIDAD"],"articleSection":["Noticia Secundaria"],"inLanguage":"es"},{"@type":"WebPage","@id":"https:\/\/infoecos.com.ar\/index.php\/piden-12-anos-de-prision-e-inhabilitacion-perpetua-para-cristina-kirchner-2\/","url":"https:\/\/infoecos.com.ar\/index.php\/piden-12-anos-de-prision-e-inhabilitacion-perpetua-para-cristina-kirchner-2\/","name":"Piden 12 a\u00f1os de prisi\u00f3n e inhabilitaci\u00f3n perpetua para Cristina Kirchner - Infoecos","isPartOf":{"@id":"https:\/\/infoecos.com.ar\/#website"},"primaryImageOfPage":{"@id":"https:\/\/infoecos.com.ar\/index.php\/piden-12-anos-de-prision-e-inhabilitacion-perpetua-para-cristina-kirchner-2\/#primaryimage"},"image":{"@id":"https:\/\/infoecos.com.ar\/index.php\/piden-12-anos-de-prision-e-inhabilitacion-perpetua-para-cristina-kirchner-2\/#primaryimage"},"thumbnailUrl":"https:\/\/infoecos.com.ar\/wp-content\/uploads\/2022\/08\/image-140.png","datePublished":"2022-08-23T04:40:18+00:00","dateModified":"2022-08-23T04:53:17+00:00","breadcrumb":{"@id":"https:\/\/infoecos.com.ar\/index.php\/piden-12-anos-de-prision-e-inhabilitacion-perpetua-para-cristina-kirchner-2\/#breadcrumb"},"inLanguage":"es","potentialAction":[{"@type":"ReadAction","target":["https:\/\/infoecos.com.ar\/index.php\/piden-12-anos-de-prision-e-inhabilitacion-perpetua-para-cristina-kirchner-2\/"]}]},{"@type":"ImageObject","inLanguage":"es","@id":"https:\/\/infoecos.com.ar\/index.php\/piden-12-anos-de-prision-e-inhabilitacion-perpetua-para-cristina-kirchner-2\/#primaryimage","url":"https:\/\/infoecos.com.ar\/wp-content\/uploads\/2022\/08\/image-140.png","contentUrl":"https:\/\/infoecos.com.ar\/wp-content\/uploads\/2022\/08\/image-140.png","width":470,"height":313},{"@type":"BreadcrumbList","@id":"https:\/\/infoecos.com.ar\/index.php\/piden-12-anos-de-prision-e-inhabilitacion-perpetua-para-cristina-kirchner-2\/#breadcrumb","itemListElement":[{"@type":"ListItem","position":1,"name":"Portada","item":"https:\/\/infoecos.com.ar\/"},{"@type":"ListItem","position":2,"name":"Piden 12 a\u00f1os de prisi\u00f3n e inhabilitaci\u00f3n perpetua para Cristina Kirchner"}]},{"@type":"WebSite","@id":"https:\/\/infoecos.com.ar\/#website","url":"https:\/\/infoecos.com.ar\/","name":"Infoecos","description":"Noticias de trenque lauquen y la zona","publisher":{"@id":"https:\/\/infoecos.com.ar\/#organization"},"alternateName":"Noticias","potentialAction":[{"@type":"SearchAction","target":{"@type":"EntryPoint","urlTemplate":"https:\/\/infoecos.com.ar\/?s={search_term_string}"},"query-input":{"@type":"PropertyValueSpecification","valueRequired":true,"valueName":"search_term_string"}}],"inLanguage":"es"},{"@type":"Organization","@id":"https:\/\/infoecos.com.ar\/#organization","name":"Infoecos","alternateName":"Noticias","url":"https:\/\/infoecos.com.ar\/","logo":{"@type":"ImageObject","inLanguage":"es","@id":"https:\/\/infoecos.com.ar\/#\/schema\/logo\/image\/","url":"https:\/\/infoecos.com.ar\/wp-content\/uploads\/2024\/03\/cropped-logo.png","contentUrl":"https:\/\/infoecos.com.ar\/wp-content\/uploads\/2024\/03\/cropped-logo.png","width":374,"height":90,"caption":"Infoecos"},"image":{"@id":"https:\/\/infoecos.com.ar\/#\/schema\/logo\/image\/"},"sameAs":["https:\/\/www.facebook.com\/profile.php?id=100063200290284","https:\/\/x.com\/infoecos"]},{"@type":"Person","@id":"https:\/\/infoecos.com.ar\/#\/schema\/person\/8f5ace5ce73b4b4aac4b7245aee6f191","name":"Jorge Matheus","url":"https:\/\/infoecos.com.ar\/index.php\/author\/jomatheus\/"}]}},"featured_image_urls":{"full":["https:\/\/infoecos.com.ar\/wp-content\/uploads\/2022\/08\/image-140.png",470,313,false],"thumbnail":["https:\/\/infoecos.com.ar\/wp-content\/uploads\/2022\/08\/image-140-150x150.png",150,150,true],"medium":["https:\/\/infoecos.com.ar\/wp-content\/uploads\/2022\/08\/image-140-460x306.png",460,306,true],"medium_large":["https:\/\/infoecos.com.ar\/wp-content\/uploads\/2022\/08\/image-140.png",470,313,false],"large":["https:\/\/infoecos.com.ar\/wp-content\/uploads\/2022\/08\/image-140.png",470,313,false],"1536x1536":["https:\/\/infoecos.com.ar\/wp-content\/uploads\/2022\/08\/image-140.png",470,313,false],"2048x2048":["https:\/\/infoecos.com.ar\/wp-content\/uploads\/2022\/08\/image-140.png",470,313,false],"covernews-slider-full":["https:\/\/infoecos.com.ar\/wp-content\/uploads\/2022\/08\/image-140.png",470,313,false],"covernews-slider-center":["https:\/\/infoecos.com.ar\/wp-content\/uploads\/2022\/08\/image-140.png",470,313,false],"covernews-featured":["https:\/\/infoecos.com.ar\/wp-content\/uploads\/2022\/08\/image-140.png",470,313,false],"covernews-medium":["https:\/\/infoecos.com.ar\/wp-content\/uploads\/2022\/08\/image-140.png",470,313,false],"covernews-medium-square":["https:\/\/infoecos.com.ar\/wp-content\/uploads\/2022\/08\/image-140.png",375,250,false]},"author_info":{"info":["Jorge Matheus"]},"category_info":"<a href=\"https:\/\/infoecos.com.ar\/index.php\/category\/noticia-secundaria\/\" rel=\"category tag\">Noticia Secundaria<\/a>","tag_info":"Noticia Secundaria","comment_count":"0","_links":{"self":[{"href":"https:\/\/infoecos.com.ar\/index.php\/wp-json\/wp\/v2\/posts\/96562"}],"collection":[{"href":"https:\/\/infoecos.com.ar\/index.php\/wp-json\/wp\/v2\/posts"}],"about":[{"href":"https:\/\/infoecos.com.ar\/index.php\/wp-json\/wp\/v2\/types\/post"}],"author":[{"embeddable":true,"href":"https:\/\/infoecos.com.ar\/index.php\/wp-json\/wp\/v2\/users\/2"}],"replies":[{"embeddable":true,"href":"https:\/\/infoecos.com.ar\/index.php\/wp-json\/wp\/v2\/comments?post=96562"}],"version-history":[{"count":1,"href":"https:\/\/infoecos.com.ar\/index.php\/wp-json\/wp\/v2\/posts\/96562\/revisions"}],"predecessor-version":[{"id":96563,"href":"https:\/\/infoecos.com.ar\/index.php\/wp-json\/wp\/v2\/posts\/96562\/revisions\/96563"}],"wp:featuredmedia":[{"embeddable":true,"href":"https:\/\/infoecos.com.ar\/index.php\/wp-json\/wp\/v2\/media\/96545"}],"wp:attachment":[{"href":"https:\/\/infoecos.com.ar\/index.php\/wp-json\/wp\/v2\/media?parent=96562"}],"wp:term":[{"taxonomy":"category","embeddable":true,"href":"https:\/\/infoecos.com.ar\/index.php\/wp-json\/wp\/v2\/categories?post=96562"},{"taxonomy":"post_tag","embeddable":true,"href":"https:\/\/infoecos.com.ar\/index.php\/wp-json\/wp\/v2\/tags?post=96562"}],"curies":[{"name":"wp","href":"https:\/\/api.w.org\/{rel}","templated":true}]}}