{"id":96570,"date":"2022-08-23T02:16:49","date_gmt":"2022-08-23T05:16:49","guid":{"rendered":"http:\/\/infoecos.com.ar\/?p=96570"},"modified":"2022-08-24T05:03:12","modified_gmt":"2022-08-24T08:03:12","slug":"la-representante-de-los-abogados-ante-el-consejo-de-la-magistratura-estuvo-en-trenque-lauquen","status":"publish","type":"post","link":"https:\/\/infoecos.com.ar\/index.php\/la-representante-de-los-abogados-ante-el-consejo-de-la-magistratura-estuvo-en-trenque-lauquen\/","title":{"rendered":"La representante de los abogados ante el Consejo de la Magistratura, estuvo en Trenque Lauquen"},"content":{"rendered":"\n<p>La Consejera de la Magistratura de la Naci\u00f3n en representaci\u00f3n de la abogac\u00eda, Dra. Jimena de la Torre, visit\u00f3 este lunes la ciudad de Trenque Lauquen y mantuvo una reuni\u00f3n con las autoridades del Colegio de Abogados.&nbsp;<\/p>\n\n\n\n<figure class=\"wp-block-image aligncenter size-large is-resized\"><img loading=\"lazy\" decoding=\"async\" src=\"http:\/\/infoecos.com.ar\/wp-content\/uploads\/2022\/08\/Jimena-de-la-Torre-1-920x614.jpeg\" alt=\"\" class=\"wp-image-96571\" width=\"562\" height=\"374\" srcset=\"https:\/\/infoecos.com.ar\/wp-content\/uploads\/2022\/08\/Jimena-de-la-Torre-1-920x614.jpeg 920w, https:\/\/infoecos.com.ar\/wp-content\/uploads\/2022\/08\/Jimena-de-la-Torre-1-460x307.jpeg 460w, https:\/\/infoecos.com.ar\/wp-content\/uploads\/2022\/08\/Jimena-de-la-Torre-1-768x512.jpeg 768w, https:\/\/infoecos.com.ar\/wp-content\/uploads\/2022\/08\/Jimena-de-la-Torre-1-675x450.jpeg 675w, https:\/\/infoecos.com.ar\/wp-content\/uploads\/2022\/08\/Jimena-de-la-Torre-1.jpeg 1024w\" sizes=\"(max-width: 562px) 100vw, 562px\" \/><figcaption>Jimena De La Torre<\/figcaption><\/figure>\n\n\n\n<p>\u00abFui elegida por los abogados del pa\u00eds, por lo que en este rol me encuentro viajando por toda la Argentina relevando las necesidades de la Justicia Federal y de los colegas en relaci\u00f3n al funcionamiento del sistema judicial en las distintas jurisdicciones\u201d dijo Jimena de la Torre.<\/p>\n\n\n\n<p>\u00abCon vocaci\u00f3n de escucha, queremos entender no solamente los problemas que nos son comunes, sino tambi\u00e9n las situaciones puntuales de cada lugar, que muchas veces difieren\u00bb afirm\u00f3 la Consejera.<\/p>\n\n\n\n<figure class=\"wp-block-image aligncenter size-large is-resized\"><img loading=\"lazy\" decoding=\"async\" src=\"http:\/\/infoecos.com.ar\/wp-content\/uploads\/2022\/08\/Jimena-de-la-Torre-en-Trenque-Lauquen-1-920x690.jpeg\" alt=\"\" class=\"wp-image-96572\" width=\"579\" height=\"435\" srcset=\"https:\/\/infoecos.com.ar\/wp-content\/uploads\/2022\/08\/Jimena-de-la-Torre-en-Trenque-Lauquen-1-920x690.jpeg 920w, https:\/\/infoecos.com.ar\/wp-content\/uploads\/2022\/08\/Jimena-de-la-Torre-en-Trenque-Lauquen-1-460x345.jpeg 460w, https:\/\/infoecos.com.ar\/wp-content\/uploads\/2022\/08\/Jimena-de-la-Torre-en-Trenque-Lauquen-1-768x576.jpeg 768w, https:\/\/infoecos.com.ar\/wp-content\/uploads\/2022\/08\/Jimena-de-la-Torre-en-Trenque-Lauquen-1-1024x768.jpeg 1024w, https:\/\/infoecos.com.ar\/wp-content\/uploads\/2022\/08\/Jimena-de-la-Torre-en-Trenque-Lauquen-1.jpeg 1280w\" sizes=\"(max-width: 579px) 100vw, 579px\" \/><figcaption>Jimena De La Torre con miembros del Colegio de Abogados de Trenque Lauquen<\/figcaption><\/figure>\n\n\n\n<p>Sobre el encuentro que mantuvo con las autoridades del Colegio de Abogados, de la Torre dijo que \u201cfue muy productivo, donde tom\u00e9 varias sugerencias para trabajarlas y poder mejorar el servicio de justicia en todos los rincones del pa\u00eds, que es lo que necesita la sociedad\u201d.<\/p>\n\n\n\n<p>\u201cFui recibida por el Presidente del Colegio y miembros del Consejo Directivo, profesionales comprometidos por un mejor servicio de justicia. Abordamos distintas cuestiones sobre el funcionamiento del poder judicial e intercambiamos opiniones sobre la calidad de las instituciones que necesitamos\u201d cont\u00f3 de la Torre.<\/p>\n\n\n\n<figure class=\"wp-block-image aligncenter size-large is-resized\"><img loading=\"lazy\" decoding=\"async\" src=\"http:\/\/infoecos.com.ar\/wp-content\/uploads\/2022\/08\/Jimena-de-la-Torre-en-Trenque-Lauquen-2-920x690.jpeg\" alt=\"\" class=\"wp-image-96573\" width=\"582\" height=\"437\" srcset=\"https:\/\/infoecos.com.ar\/wp-content\/uploads\/2022\/08\/Jimena-de-la-Torre-en-Trenque-Lauquen-2-920x690.jpeg 920w, https:\/\/infoecos.com.ar\/wp-content\/uploads\/2022\/08\/Jimena-de-la-Torre-en-Trenque-Lauquen-2-460x345.jpeg 460w, https:\/\/infoecos.com.ar\/wp-content\/uploads\/2022\/08\/Jimena-de-la-Torre-en-Trenque-Lauquen-2-768x576.jpeg 768w, https:\/\/infoecos.com.ar\/wp-content\/uploads\/2022\/08\/Jimena-de-la-Torre-en-Trenque-Lauquen-2-1024x768.jpeg 1024w, https:\/\/infoecos.com.ar\/wp-content\/uploads\/2022\/08\/Jimena-de-la-Torre-en-Trenque-Lauquen-2.jpeg 1280w\" sizes=\"(max-width: 582px) 100vw, 582px\" \/><figcaption>Jimena De La Torre con miembros del Colegio de Abogados de Trenque Lauquen<\/figcaption><\/figure>\n\n\n\n<p>Jimena de la Torre asumi\u00f3 como Consejera de la Magistratura en abril pasado, cuando el organismo tuvo que volver a su anterior conformaci\u00f3n de 20 miembros, tras el fallo de la Corte Suprema que as\u00ed lo indic\u00f3. Fue electa por m\u00e1s del 60% de los votos en las elecciones que se desarrollaron entre los abogados de la matr\u00edcula federal para definir a sus representantes en la instituci\u00f3n judicial y debe renovar mandato en elecciones que se llevar\u00e1n adelante el pr\u00f3ximo 18 de octubre.<\/p>\n","protected":false},"excerpt":{"rendered":"<p>Sobre el encuentro que mantuvo con las autoridades del Colegio de Abogados, de la Torre dijo que \u201cfue muy productivo, donde tom\u00e9 varias sugerencias para trabajarlas y poder mejorar el servicio de justicia en todos los rincones del pa\u00eds, que es lo que necesita la sociedad\u201d<\/p>\n","protected":false},"author":2,"featured_media":96573,"comment_status":"closed","ping_status":"open","sticky":false,"template":"","format":"standard","meta":{"footnotes":""},"categories":[1326],"tags":[6606],"class_list":["post-96570","post","type-post","status-publish","format-standard","has-post-thumbnail","hentry","category-c2nota6","tag-de-recorrida-por-el-pais"],"yoast_head":"<!-- This site is optimized with the Yoast SEO plugin v23.4 - https:\/\/yoast.com\/wordpress\/plugins\/seo\/ -->\n<title>La representante de los abogados ante el Consejo de la Magistratura, estuvo en Trenque Lauquen - Infoecos<\/title>\n<meta name=\"robots\" content=\"index, follow, max-snippet:-1, max-image-preview:large, max-video-preview:-1\" \/>\n<link rel=\"canonical\" href=\"https:\/\/infoecos.com.ar\/index.php\/la-representante-de-los-abogados-ante-el-consejo-de-la-magistratura-estuvo-en-trenque-lauquen\/\" \/>\n<meta property=\"og:locale\" content=\"es_ES\" \/>\n<meta property=\"og:type\" content=\"article\" \/>\n<meta property=\"og:title\" content=\"La representante de los abogados ante el Consejo de la Magistratura, estuvo en Trenque Lauquen - Infoecos\" \/>\n<meta property=\"og:description\" content=\"Sobre el encuentro que mantuvo con las autoridades del Colegio de Abogados, de la Torre dijo que \u201cfue muy productivo, donde tom\u00e9 varias sugerencias para trabajarlas y poder mejorar el servicio de justicia en todos los rincones del pa\u00eds, que es lo que necesita la sociedad\u201d\" \/>\n<meta property=\"og:url\" content=\"https:\/\/infoecos.com.ar\/index.php\/la-representante-de-los-abogados-ante-el-consejo-de-la-magistratura-estuvo-en-trenque-lauquen\/\" \/>\n<meta property=\"og:site_name\" content=\"Infoecos\" \/>\n<meta property=\"article:publisher\" content=\"https:\/\/www.facebook.com\/profile.php?id=100063200290284\" \/>\n<meta property=\"article:published_time\" content=\"2022-08-23T05:16:49+00:00\" \/>\n<meta property=\"article:modified_time\" content=\"2022-08-24T08:03:12+00:00\" \/>\n<meta property=\"og:image\" content=\"https:\/\/infoecos.com.ar\/wp-content\/uploads\/2022\/08\/Jimena-de-la-Torre-en-Trenque-Lauquen-2.jpeg\" \/>\n\t<meta property=\"og:image:width\" content=\"1280\" \/>\n\t<meta property=\"og:image:height\" content=\"960\" \/>\n\t<meta property=\"og:image:type\" content=\"image\/jpeg\" \/>\n<meta name=\"author\" content=\"Jorge Matheus\" \/>\n<meta name=\"twitter:card\" content=\"summary_large_image\" \/>\n<meta name=\"twitter:creator\" content=\"@infoecos\" \/>\n<meta name=\"twitter:site\" content=\"@infoecos\" \/>\n<meta name=\"twitter:label1\" content=\"Escrito por\" \/>\n\t<meta name=\"twitter:data1\" content=\"Jorge Matheus\" \/>\n\t<meta name=\"twitter:label2\" content=\"Tiempo de lectura\" \/>\n\t<meta name=\"twitter:data2\" content=\"2 minutos\" \/>\n<script type=\"application\/ld+json\" class=\"yoast-schema-graph\">{\"@context\":\"https:\/\/schema.org\",\"@graph\":[{\"@type\":\"Article\",\"@id\":\"https:\/\/infoecos.com.ar\/index.php\/la-representante-de-los-abogados-ante-el-consejo-de-la-magistratura-estuvo-en-trenque-lauquen\/#article\",\"isPartOf\":{\"@id\":\"https:\/\/infoecos.com.ar\/index.php\/la-representante-de-los-abogados-ante-el-consejo-de-la-magistratura-estuvo-en-trenque-lauquen\/\"},\"author\":{\"name\":\"Jorge Matheus\",\"@id\":\"https:\/\/infoecos.com.ar\/#\/schema\/person\/8f5ace5ce73b4b4aac4b7245aee6f191\"},\"headline\":\"La representante de los abogados ante el Consejo de la Magistratura, estuvo en Trenque Lauquen\",\"datePublished\":\"2022-08-23T05:16:49+00:00\",\"dateModified\":\"2022-08-24T08:03:12+00:00\",\"mainEntityOfPage\":{\"@id\":\"https:\/\/infoecos.com.ar\/index.php\/la-representante-de-los-abogados-ante-el-consejo-de-la-magistratura-estuvo-en-trenque-lauquen\/\"},\"wordCount\":344,\"publisher\":{\"@id\":\"https:\/\/infoecos.com.ar\/#organization\"},\"image\":{\"@id\":\"https:\/\/infoecos.com.ar\/index.php\/la-representante-de-los-abogados-ante-el-consejo-de-la-magistratura-estuvo-en-trenque-lauquen\/#primaryimage\"},\"thumbnailUrl\":\"https:\/\/infoecos.com.ar\/wp-content\/uploads\/2022\/08\/Jimena-de-la-Torre-en-Trenque-Lauquen-2.jpeg\",\"keywords\":[\"DE RECORRIDA POR EL PA\u00cdS\"],\"articleSection\":[\"C2 N6\"],\"inLanguage\":\"es\"},{\"@type\":\"WebPage\",\"@id\":\"https:\/\/infoecos.com.ar\/index.php\/la-representante-de-los-abogados-ante-el-consejo-de-la-magistratura-estuvo-en-trenque-lauquen\/\",\"url\":\"https:\/\/infoecos.com.ar\/index.php\/la-representante-de-los-abogados-ante-el-consejo-de-la-magistratura-estuvo-en-trenque-lauquen\/\",\"name\":\"La representante de los abogados ante el Consejo de la Magistratura, estuvo en Trenque Lauquen - Infoecos\",\"isPartOf\":{\"@id\":\"https:\/\/infoecos.com.ar\/#website\"},\"primaryImageOfPage\":{\"@id\":\"https:\/\/infoecos.com.ar\/index.php\/la-representante-de-los-abogados-ante-el-consejo-de-la-magistratura-estuvo-en-trenque-lauquen\/#primaryimage\"},\"image\":{\"@id\":\"https:\/\/infoecos.com.ar\/index.php\/la-representante-de-los-abogados-ante-el-consejo-de-la-magistratura-estuvo-en-trenque-lauquen\/#primaryimage\"},\"thumbnailUrl\":\"https:\/\/infoecos.com.ar\/wp-content\/uploads\/2022\/08\/Jimena-de-la-Torre-en-Trenque-Lauquen-2.jpeg\",\"datePublished\":\"2022-08-23T05:16:49+00:00\",\"dateModified\":\"2022-08-24T08:03:12+00:00\",\"breadcrumb\":{\"@id\":\"https:\/\/infoecos.com.ar\/index.php\/la-representante-de-los-abogados-ante-el-consejo-de-la-magistratura-estuvo-en-trenque-lauquen\/#breadcrumb\"},\"inLanguage\":\"es\",\"potentialAction\":[{\"@type\":\"ReadAction\",\"target\":[\"https:\/\/infoecos.com.ar\/index.php\/la-representante-de-los-abogados-ante-el-consejo-de-la-magistratura-estuvo-en-trenque-lauquen\/\"]}]},{\"@type\":\"ImageObject\",\"inLanguage\":\"es\",\"@id\":\"https:\/\/infoecos.com.ar\/index.php\/la-representante-de-los-abogados-ante-el-consejo-de-la-magistratura-estuvo-en-trenque-lauquen\/#primaryimage\",\"url\":\"https:\/\/infoecos.com.ar\/wp-content\/uploads\/2022\/08\/Jimena-de-la-Torre-en-Trenque-Lauquen-2.jpeg\",\"contentUrl\":\"https:\/\/infoecos.com.ar\/wp-content\/uploads\/2022\/08\/Jimena-de-la-Torre-en-Trenque-Lauquen-2.jpeg\",\"width\":1280,\"height\":960},{\"@type\":\"BreadcrumbList\",\"@id\":\"https:\/\/infoecos.com.ar\/index.php\/la-representante-de-los-abogados-ante-el-consejo-de-la-magistratura-estuvo-en-trenque-lauquen\/#breadcrumb\",\"itemListElement\":[{\"@type\":\"ListItem\",\"position\":1,\"name\":\"Portada\",\"item\":\"https:\/\/infoecos.com.ar\/\"},{\"@type\":\"ListItem\",\"position\":2,\"name\":\"La representante de los abogados ante el Consejo de la Magistratura, estuvo en Trenque Lauquen\"}]},{\"@type\":\"WebSite\",\"@id\":\"https:\/\/infoecos.com.ar\/#website\",\"url\":\"https:\/\/infoecos.com.ar\/\",\"name\":\"Infoecos\",\"description\":\"Noticias de trenque lauquen y la zona\",\"publisher\":{\"@id\":\"https:\/\/infoecos.com.ar\/#organization\"},\"alternateName\":\"Noticias\",\"potentialAction\":[{\"@type\":\"SearchAction\",\"target\":{\"@type\":\"EntryPoint\",\"urlTemplate\":\"https:\/\/infoecos.com.ar\/?s={search_term_string}\"},\"query-input\":{\"@type\":\"PropertyValueSpecification\",\"valueRequired\":true,\"valueName\":\"search_term_string\"}}],\"inLanguage\":\"es\"},{\"@type\":\"Organization\",\"@id\":\"https:\/\/infoecos.com.ar\/#organization\",\"name\":\"Infoecos\",\"alternateName\":\"Noticias\",\"url\":\"https:\/\/infoecos.com.ar\/\",\"logo\":{\"@type\":\"ImageObject\",\"inLanguage\":\"es\",\"@id\":\"https:\/\/infoecos.com.ar\/#\/schema\/logo\/image\/\",\"url\":\"https:\/\/infoecos.com.ar\/wp-content\/uploads\/2024\/03\/cropped-logo.png\",\"contentUrl\":\"https:\/\/infoecos.com.ar\/wp-content\/uploads\/2024\/03\/cropped-logo.png\",\"width\":374,\"height\":90,\"caption\":\"Infoecos\"},\"image\":{\"@id\":\"https:\/\/infoecos.com.ar\/#\/schema\/logo\/image\/\"},\"sameAs\":[\"https:\/\/www.facebook.com\/profile.php?id=100063200290284\",\"https:\/\/x.com\/infoecos\"]},{\"@type\":\"Person\",\"@id\":\"https:\/\/infoecos.com.ar\/#\/schema\/person\/8f5ace5ce73b4b4aac4b7245aee6f191\",\"name\":\"Jorge Matheus\",\"url\":\"https:\/\/infoecos.com.ar\/index.php\/author\/jomatheus\/\"}]}<\/script>\n<!-- \/ Yoast SEO plugin. -->","yoast_head_json":{"title":"La representante de los abogados ante el Consejo de la Magistratura, estuvo en Trenque Lauquen - Infoecos","robots":{"index":"index","follow":"follow","max-snippet":"max-snippet:-1","max-image-preview":"max-image-preview:large","max-video-preview":"max-video-preview:-1"},"canonical":"https:\/\/infoecos.com.ar\/index.php\/la-representante-de-los-abogados-ante-el-consejo-de-la-magistratura-estuvo-en-trenque-lauquen\/","og_locale":"es_ES","og_type":"article","og_title":"La representante de los abogados ante el Consejo de la Magistratura, estuvo en Trenque Lauquen - Infoecos","og_description":"Sobre el encuentro que mantuvo con las autoridades del Colegio de Abogados, de la Torre dijo que \u201cfue muy productivo, donde tom\u00e9 varias sugerencias para trabajarlas y poder mejorar el servicio de justicia en todos los rincones del pa\u00eds, que es lo que necesita la sociedad\u201d","og_url":"https:\/\/infoecos.com.ar\/index.php\/la-representante-de-los-abogados-ante-el-consejo-de-la-magistratura-estuvo-en-trenque-lauquen\/","og_site_name":"Infoecos","article_publisher":"https:\/\/www.facebook.com\/profile.php?id=100063200290284","article_published_time":"2022-08-23T05:16:49+00:00","article_modified_time":"2022-08-24T08:03:12+00:00","og_image":[{"width":1280,"height":960,"url":"https:\/\/infoecos.com.ar\/wp-content\/uploads\/2022\/08\/Jimena-de-la-Torre-en-Trenque-Lauquen-2.jpeg","type":"image\/jpeg"}],"author":"Jorge Matheus","twitter_card":"summary_large_image","twitter_creator":"@infoecos","twitter_site":"@infoecos","twitter_misc":{"Escrito por":"Jorge Matheus","Tiempo de lectura":"2 minutos"},"schema":{"@context":"https:\/\/schema.org","@graph":[{"@type":"Article","@id":"https:\/\/infoecos.com.ar\/index.php\/la-representante-de-los-abogados-ante-el-consejo-de-la-magistratura-estuvo-en-trenque-lauquen\/#article","isPartOf":{"@id":"https:\/\/infoecos.com.ar\/index.php\/la-representante-de-los-abogados-ante-el-consejo-de-la-magistratura-estuvo-en-trenque-lauquen\/"},"author":{"name":"Jorge Matheus","@id":"https:\/\/infoecos.com.ar\/#\/schema\/person\/8f5ace5ce73b4b4aac4b7245aee6f191"},"headline":"La representante de los abogados ante el Consejo de la Magistratura, estuvo en Trenque Lauquen","datePublished":"2022-08-23T05:16:49+00:00","dateModified":"2022-08-24T08:03:12+00:00","mainEntityOfPage":{"@id":"https:\/\/infoecos.com.ar\/index.php\/la-representante-de-los-abogados-ante-el-consejo-de-la-magistratura-estuvo-en-trenque-lauquen\/"},"wordCount":344,"publisher":{"@id":"https:\/\/infoecos.com.ar\/#organization"},"image":{"@id":"https:\/\/infoecos.com.ar\/index.php\/la-representante-de-los-abogados-ante-el-consejo-de-la-magistratura-estuvo-en-trenque-lauquen\/#primaryimage"},"thumbnailUrl":"https:\/\/infoecos.com.ar\/wp-content\/uploads\/2022\/08\/Jimena-de-la-Torre-en-Trenque-Lauquen-2.jpeg","keywords":["DE RECORRIDA POR EL PA\u00cdS"],"articleSection":["C2 N6"],"inLanguage":"es"},{"@type":"WebPage","@id":"https:\/\/infoecos.com.ar\/index.php\/la-representante-de-los-abogados-ante-el-consejo-de-la-magistratura-estuvo-en-trenque-lauquen\/","url":"https:\/\/infoecos.com.ar\/index.php\/la-representante-de-los-abogados-ante-el-consejo-de-la-magistratura-estuvo-en-trenque-lauquen\/","name":"La representante de los abogados ante el Consejo de la Magistratura, estuvo en Trenque Lauquen - Infoecos","isPartOf":{"@id":"https:\/\/infoecos.com.ar\/#website"},"primaryImageOfPage":{"@id":"https:\/\/infoecos.com.ar\/index.php\/la-representante-de-los-abogados-ante-el-consejo-de-la-magistratura-estuvo-en-trenque-lauquen\/#primaryimage"},"image":{"@id":"https:\/\/infoecos.com.ar\/index.php\/la-representante-de-los-abogados-ante-el-consejo-de-la-magistratura-estuvo-en-trenque-lauquen\/#primaryimage"},"thumbnailUrl":"https:\/\/infoecos.com.ar\/wp-content\/uploads\/2022\/08\/Jimena-de-la-Torre-en-Trenque-Lauquen-2.jpeg","datePublished":"2022-08-23T05:16:49+00:00","dateModified":"2022-08-24T08:03:12+00:00","breadcrumb":{"@id":"https:\/\/infoecos.com.ar\/index.php\/la-representante-de-los-abogados-ante-el-consejo-de-la-magistratura-estuvo-en-trenque-lauquen\/#breadcrumb"},"inLanguage":"es","potentialAction":[{"@type":"ReadAction","target":["https:\/\/infoecos.com.ar\/index.php\/la-representante-de-los-abogados-ante-el-consejo-de-la-magistratura-estuvo-en-trenque-lauquen\/"]}]},{"@type":"ImageObject","inLanguage":"es","@id":"https:\/\/infoecos.com.ar\/index.php\/la-representante-de-los-abogados-ante-el-consejo-de-la-magistratura-estuvo-en-trenque-lauquen\/#primaryimage","url":"https:\/\/infoecos.com.ar\/wp-content\/uploads\/2022\/08\/Jimena-de-la-Torre-en-Trenque-Lauquen-2.jpeg","contentUrl":"https:\/\/infoecos.com.ar\/wp-content\/uploads\/2022\/08\/Jimena-de-la-Torre-en-Trenque-Lauquen-2.jpeg","width":1280,"height":960},{"@type":"BreadcrumbList","@id":"https:\/\/infoecos.com.ar\/index.php\/la-representante-de-los-abogados-ante-el-consejo-de-la-magistratura-estuvo-en-trenque-lauquen\/#breadcrumb","itemListElement":[{"@type":"ListItem","position":1,"name":"Portada","item":"https:\/\/infoecos.com.ar\/"},{"@type":"ListItem","position":2,"name":"La representante de los abogados ante el Consejo de la Magistratura, estuvo en Trenque Lauquen"}]},{"@type":"WebSite","@id":"https:\/\/infoecos.com.ar\/#website","url":"https:\/\/infoecos.com.ar\/","name":"Infoecos","description":"Noticias de trenque lauquen y la zona","publisher":{"@id":"https:\/\/infoecos.com.ar\/#organization"},"alternateName":"Noticias","potentialAction":[{"@type":"SearchAction","target":{"@type":"EntryPoint","urlTemplate":"https:\/\/infoecos.com.ar\/?s={search_term_string}"},"query-input":{"@type":"PropertyValueSpecification","valueRequired":true,"valueName":"search_term_string"}}],"inLanguage":"es"},{"@type":"Organization","@id":"https:\/\/infoecos.com.ar\/#organization","name":"Infoecos","alternateName":"Noticias","url":"https:\/\/infoecos.com.ar\/","logo":{"@type":"ImageObject","inLanguage":"es","@id":"https:\/\/infoecos.com.ar\/#\/schema\/logo\/image\/","url":"https:\/\/infoecos.com.ar\/wp-content\/uploads\/2024\/03\/cropped-logo.png","contentUrl":"https:\/\/infoecos.com.ar\/wp-content\/uploads\/2024\/03\/cropped-logo.png","width":374,"height":90,"caption":"Infoecos"},"image":{"@id":"https:\/\/infoecos.com.ar\/#\/schema\/logo\/image\/"},"sameAs":["https:\/\/www.facebook.com\/profile.php?id=100063200290284","https:\/\/x.com\/infoecos"]},{"@type":"Person","@id":"https:\/\/infoecos.com.ar\/#\/schema\/person\/8f5ace5ce73b4b4aac4b7245aee6f191","name":"Jorge Matheus","url":"https:\/\/infoecos.com.ar\/index.php\/author\/jomatheus\/"}]}},"featured_image_urls":{"full":["https:\/\/infoecos.com.ar\/wp-content\/uploads\/2022\/08\/Jimena-de-la-Torre-en-Trenque-Lauquen-2.jpeg",1280,960,false],"thumbnail":["https:\/\/infoecos.com.ar\/wp-content\/uploads\/2022\/08\/Jimena-de-la-Torre-en-Trenque-Lauquen-2-150x150.jpeg",150,150,true],"medium":["https:\/\/infoecos.com.ar\/wp-content\/uploads\/2022\/08\/Jimena-de-la-Torre-en-Trenque-Lauquen-2-460x345.jpeg",460,345,true],"medium_large":["https:\/\/infoecos.com.ar\/wp-content\/uploads\/2022\/08\/Jimena-de-la-Torre-en-Trenque-Lauquen-2-768x576.jpeg",640,480,true],"large":["https:\/\/infoecos.com.ar\/wp-content\/uploads\/2022\/08\/Jimena-de-la-Torre-en-Trenque-Lauquen-2-920x690.jpeg",640,480,true],"1536x1536":["https:\/\/infoecos.com.ar\/wp-content\/uploads\/2022\/08\/Jimena-de-la-Torre-en-Trenque-Lauquen-2.jpeg",1280,960,false],"2048x2048":["https:\/\/infoecos.com.ar\/wp-content\/uploads\/2022\/08\/Jimena-de-la-Torre-en-Trenque-Lauquen-2.jpeg",1280,960,false],"covernews-slider-full":["https:\/\/infoecos.com.ar\/wp-content\/uploads\/2022\/08\/Jimena-de-la-Torre-en-Trenque-Lauquen-2.jpeg",953,715,false],"covernews-slider-center":["https:\/\/infoecos.com.ar\/wp-content\/uploads\/2022\/08\/Jimena-de-la-Torre-en-Trenque-Lauquen-2-936x897.jpeg",522,500,true],"covernews-featured":["https:\/\/infoecos.com.ar\/wp-content\/uploads\/2022\/08\/Jimena-de-la-Torre-en-Trenque-Lauquen-2-1024x768.jpeg",1024,768,true],"covernews-medium":["https:\/\/infoecos.com.ar\/wp-content\/uploads\/2022\/08\/Jimena-de-la-Torre-en-Trenque-Lauquen-2-720x380.jpeg",540,285,true],"covernews-medium-square":["https:\/\/infoecos.com.ar\/wp-content\/uploads\/2022\/08\/Jimena-de-la-Torre-en-Trenque-Lauquen-2-675x450.jpeg",375,250,true]},"author_info":{"info":["Jorge Matheus"]},"category_info":"<a href=\"https:\/\/infoecos.com.ar\/index.php\/category\/c2nota6\/\" rel=\"category tag\">C2 N6<\/a>","tag_info":"C2 N6","comment_count":"0","_links":{"self":[{"href":"https:\/\/infoecos.com.ar\/index.php\/wp-json\/wp\/v2\/posts\/96570"}],"collection":[{"href":"https:\/\/infoecos.com.ar\/index.php\/wp-json\/wp\/v2\/posts"}],"about":[{"href":"https:\/\/infoecos.com.ar\/index.php\/wp-json\/wp\/v2\/types\/post"}],"author":[{"embeddable":true,"href":"https:\/\/infoecos.com.ar\/index.php\/wp-json\/wp\/v2\/users\/2"}],"replies":[{"embeddable":true,"href":"https:\/\/infoecos.com.ar\/index.php\/wp-json\/wp\/v2\/comments?post=96570"}],"version-history":[{"count":2,"href":"https:\/\/infoecos.com.ar\/index.php\/wp-json\/wp\/v2\/posts\/96570\/revisions"}],"predecessor-version":[{"id":96675,"href":"https:\/\/infoecos.com.ar\/index.php\/wp-json\/wp\/v2\/posts\/96570\/revisions\/96675"}],"wp:featuredmedia":[{"embeddable":true,"href":"https:\/\/infoecos.com.ar\/index.php\/wp-json\/wp\/v2\/media\/96573"}],"wp:attachment":[{"href":"https:\/\/infoecos.com.ar\/index.php\/wp-json\/wp\/v2\/media?parent=96570"}],"wp:term":[{"taxonomy":"category","embeddable":true,"href":"https:\/\/infoecos.com.ar\/index.php\/wp-json\/wp\/v2\/categories?post=96570"},{"taxonomy":"post_tag","embeddable":true,"href":"https:\/\/infoecos.com.ar\/index.php\/wp-json\/wp\/v2\/tags?post=96570"}],"curies":[{"name":"wp","href":"https:\/\/api.w.org\/{rel}","templated":true}]}}