{"id":96618,"date":"2022-08-24T02:52:06","date_gmt":"2022-08-24T05:52:06","guid":{"rendered":"http:\/\/infoecos.com.ar\/?p=96618"},"modified":"2022-08-24T02:52:07","modified_gmt":"2022-08-24T05:52:07","slug":"las-opiniones-de-dirigentes-del-frente-de-todos-y-de-la-oposicion-sobre-la-exposicion-de-cfk","status":"publish","type":"post","link":"https:\/\/infoecos.com.ar\/index.php\/las-opiniones-de-dirigentes-del-frente-de-todos-y-de-la-oposicion-sobre-la-exposicion-de-cfk\/","title":{"rendered":"Las opiniones de dirigentes del Frente de Todos y de la oposici\u00f3n sobre la exposici\u00f3n de CFK"},"content":{"rendered":"\n<p>Referentes del oficialismo y de la coalici\u00f3n opositora Juntos por el Cambio (JxC) se pronunciaron sobre la exposici\u00f3n que brind\u00f3 la vicepresidenta de la Naci\u00f3n.<\/p>\n\n\n\n<figure class=\"wp-block-image aligncenter size-full is-resized\"><img loading=\"lazy\" decoding=\"async\" src=\"http:\/\/infoecos.com.ar\/wp-content\/uploads\/2022\/08\/cfkcausavialidadcasa.jpg\" alt=\"\" class=\"wp-image-96619\" width=\"728\" height=\"409\" srcset=\"https:\/\/infoecos.com.ar\/wp-content\/uploads\/2022\/08\/cfkcausavialidadcasa.jpg 900w, https:\/\/infoecos.com.ar\/wp-content\/uploads\/2022\/08\/cfkcausavialidadcasa-460x259.jpg 460w, https:\/\/infoecos.com.ar\/wp-content\/uploads\/2022\/08\/cfkcausavialidadcasa-768x432.jpg 768w\" sizes=\"(max-width: 728px) 100vw, 728px\" \/><\/figure>\n\n\n\n<p>\u00abPor m\u00e1s que quiera, no podr\u00e1 tapar la verdad; las pruebas son contundentes e inapelables. Aunque lo quiera, no habr\u00e1 pacto de impunidad. Decadente. Fin del juego\u00bb, tuite\u00f3 el presidente de la Coalici\u00f3n C\u00edvica,\u00a0<strong>Maximiliano Ferraro<\/strong>.<\/p>\n\n\n\n<p><strong>Mario Negri<\/strong>, expres\u00f3 que Fern\u00e1ndez de Kirchner \u00abno pudo explicar ni una palabra\u00bb de las \u00abpruebas claves que incorporaron (los fiscales Diego) Luciani y (Sergio) Mola para demostrar su sociedad con B\u00e1ez\u00bb.<\/p>\n\n\n\n<p>La ministra de Gobierno bonaerense,\u00a0<strong>Cristina \u00c1lvarez Rodr\u00edguez<\/strong>, replic\u00f3 en redes sociales que \u00abbuscan revancha, no justicia\u00bb.<\/p>\n\n\n\n<p><strong>Jorge Ferraresi<\/strong>, evalu\u00f3 que tuvo \u00abla claridad de siempre\u00bb, demostr\u00f3 la \u00abausencia de pruebas\u00bb del juicio y afirm\u00f3 que \u00ablo que est\u00e1 en juego es el disciplinamiento a los liderazgos populares que mejoran la vida del pueblo trabajador\u00bb.<\/p>\n\n\n\n<p>El ministro de Defensa,\u00a0<strong>Jorge Taiana<\/strong>, destac\u00f3: \u00abEn una sola exposici\u00f3n, Cristina destruy\u00f3 las largas horas de lectura de falsedades a las que nos someti\u00f3 el fiscal Luciani\u00bb.<\/p>\n\n\n\n<p>La ministra de Mujeres, G\u00e9neros y Diversidad,\u00a0<strong>Elizabeth G\u00f3mez Alcorta\u00a0<\/strong>dijo que lo expresado por la expresidenta \u00abno solo deja claras las contundentes pruebas de la aberraci\u00f3n judicial en su contra sino que expone con mucha certeza los verdaderos motivos de su persecuci\u00f3n\u00bb.<\/p>\n\n\n\n<p>El ministro de Justicia,\u00a0<strong>Mart\u00edn Soria<\/strong>, sostuvo que \u00abno quer\u00edan escucharla porque no soportan el peso de la verdad. Este no es un juicio a Cristina Fern\u00e1ndez, es un juicio al peronismo y a los gobiernos nacionales y populares\u00bb.\u00a0<\/p>\n\n\n\n<p>La titular del Inadi,\u00a0<strong>Victoria Donda<\/strong>, subray\u00f3 que \u00abla persecuci\u00f3n\u00bb a la vicepresidenta tiene por objetivo \u00abcastigarla\u00bb por haber dirigido un \u00abproceso de ampliaci\u00f3n de derechos e inclusi\u00f3n\u00bb.<\/p>\n\n\n\n<p>El senador nacional radical\u00a0<strong>Alfredo Cornejo<\/strong>\u00a0respald\u00f3 el juicio oral por la causa \u00abVialidad\u00bb y opin\u00f3 que se est\u00e1n cumpliendo \u00ablas garant\u00edas del debido proceso\u00bb. Los acusados \u00abse pueden defender perfectamente\u00bb, estim\u00f3 Cornejo y analiz\u00f3: \u00abArgentina tiene que ser un pa\u00eds normal donde las instituciones funcionen\u00bb.<\/p>\n","protected":false},"excerpt":{"rendered":"<p>Mario Negri, expres\u00f3 que Fern\u00e1ndez de Kirchner \u00abno pudo explicar ni una palabra de las \u00abpruebas claves\u00bb. \u00a0Mart\u00edn Soria, sostuvo que \u00abno quer\u00edan escucharla porque no soportan el peso de la verdad\u00bb<\/p>\n","protected":false},"author":2,"featured_media":96619,"comment_status":"closed","ping_status":"open","sticky":false,"template":"","format":"standard","meta":{"footnotes":""},"categories":[1613],"tags":[6605],"class_list":["post-96618","post","type-post","status-publish","format-standard","has-post-thumbnail","hentry","category-noticia-secundaria","tag-causa-vialidad"],"yoast_head":"<!-- This site is optimized with the Yoast SEO plugin v23.4 - https:\/\/yoast.com\/wordpress\/plugins\/seo\/ -->\n<title>Las opiniones de dirigentes del Frente de Todos y de la oposici\u00f3n sobre la exposici\u00f3n de CFK - Infoecos<\/title>\n<meta name=\"robots\" content=\"index, follow, max-snippet:-1, max-image-preview:large, max-video-preview:-1\" \/>\n<link rel=\"canonical\" href=\"https:\/\/infoecos.com.ar\/index.php\/las-opiniones-de-dirigentes-del-frente-de-todos-y-de-la-oposicion-sobre-la-exposicion-de-cfk\/\" \/>\n<meta property=\"og:locale\" content=\"es_ES\" \/>\n<meta property=\"og:type\" content=\"article\" \/>\n<meta property=\"og:title\" content=\"Las opiniones de dirigentes del Frente de Todos y de la oposici\u00f3n sobre la exposici\u00f3n de CFK - Infoecos\" \/>\n<meta property=\"og:description\" content=\"Mario Negri, expres\u00f3 que Fern\u00e1ndez de Kirchner &quot;no pudo explicar ni una palabra de las &quot;pruebas claves&quot;. \u00a0Mart\u00edn Soria, sostuvo que &quot;no quer\u00edan escucharla porque no soportan el peso de la verdad&quot;\" \/>\n<meta property=\"og:url\" content=\"https:\/\/infoecos.com.ar\/index.php\/las-opiniones-de-dirigentes-del-frente-de-todos-y-de-la-oposicion-sobre-la-exposicion-de-cfk\/\" \/>\n<meta property=\"og:site_name\" content=\"Infoecos\" \/>\n<meta property=\"article:publisher\" content=\"https:\/\/www.facebook.com\/profile.php?id=100063200290284\" \/>\n<meta property=\"article:published_time\" content=\"2022-08-24T05:52:06+00:00\" \/>\n<meta property=\"article:modified_time\" content=\"2022-08-24T05:52:07+00:00\" \/>\n<meta property=\"og:image\" content=\"https:\/\/infoecos.com.ar\/wp-content\/uploads\/2022\/08\/cfkcausavialidadcasa.jpg\" \/>\n\t<meta property=\"og:image:width\" content=\"900\" \/>\n\t<meta property=\"og:image:height\" content=\"506\" \/>\n\t<meta property=\"og:image:type\" content=\"image\/jpeg\" \/>\n<meta name=\"author\" content=\"Jorge Matheus\" \/>\n<meta name=\"twitter:card\" content=\"summary_large_image\" \/>\n<meta name=\"twitter:creator\" content=\"@infoecos\" \/>\n<meta name=\"twitter:site\" content=\"@infoecos\" \/>\n<meta name=\"twitter:label1\" content=\"Escrito por\" \/>\n\t<meta name=\"twitter:data1\" content=\"Jorge Matheus\" \/>\n\t<meta name=\"twitter:label2\" content=\"Tiempo de lectura\" \/>\n\t<meta name=\"twitter:data2\" content=\"2 minutos\" \/>\n<script type=\"application\/ld+json\" class=\"yoast-schema-graph\">{\"@context\":\"https:\/\/schema.org\",\"@graph\":[{\"@type\":\"Article\",\"@id\":\"https:\/\/infoecos.com.ar\/index.php\/las-opiniones-de-dirigentes-del-frente-de-todos-y-de-la-oposicion-sobre-la-exposicion-de-cfk\/#article\",\"isPartOf\":{\"@id\":\"https:\/\/infoecos.com.ar\/index.php\/las-opiniones-de-dirigentes-del-frente-de-todos-y-de-la-oposicion-sobre-la-exposicion-de-cfk\/\"},\"author\":{\"name\":\"Jorge Matheus\",\"@id\":\"https:\/\/infoecos.com.ar\/#\/schema\/person\/8f5ace5ce73b4b4aac4b7245aee6f191\"},\"headline\":\"Las opiniones de dirigentes del Frente de Todos y de la oposici\u00f3n sobre la exposici\u00f3n de CFK\",\"datePublished\":\"2022-08-24T05:52:06+00:00\",\"dateModified\":\"2022-08-24T05:52:07+00:00\",\"mainEntityOfPage\":{\"@id\":\"https:\/\/infoecos.com.ar\/index.php\/las-opiniones-de-dirigentes-del-frente-de-todos-y-de-la-oposicion-sobre-la-exposicion-de-cfk\/\"},\"wordCount\":374,\"publisher\":{\"@id\":\"https:\/\/infoecos.com.ar\/#organization\"},\"image\":{\"@id\":\"https:\/\/infoecos.com.ar\/index.php\/las-opiniones-de-dirigentes-del-frente-de-todos-y-de-la-oposicion-sobre-la-exposicion-de-cfk\/#primaryimage\"},\"thumbnailUrl\":\"https:\/\/infoecos.com.ar\/wp-content\/uploads\/2022\/08\/cfkcausavialidadcasa.jpg\",\"keywords\":[\"CAUSA VIALIDAD\"],\"articleSection\":[\"Noticia Secundaria\"],\"inLanguage\":\"es\"},{\"@type\":\"WebPage\",\"@id\":\"https:\/\/infoecos.com.ar\/index.php\/las-opiniones-de-dirigentes-del-frente-de-todos-y-de-la-oposicion-sobre-la-exposicion-de-cfk\/\",\"url\":\"https:\/\/infoecos.com.ar\/index.php\/las-opiniones-de-dirigentes-del-frente-de-todos-y-de-la-oposicion-sobre-la-exposicion-de-cfk\/\",\"name\":\"Las opiniones de dirigentes del Frente de Todos y de la oposici\u00f3n sobre la exposici\u00f3n de CFK - Infoecos\",\"isPartOf\":{\"@id\":\"https:\/\/infoecos.com.ar\/#website\"},\"primaryImageOfPage\":{\"@id\":\"https:\/\/infoecos.com.ar\/index.php\/las-opiniones-de-dirigentes-del-frente-de-todos-y-de-la-oposicion-sobre-la-exposicion-de-cfk\/#primaryimage\"},\"image\":{\"@id\":\"https:\/\/infoecos.com.ar\/index.php\/las-opiniones-de-dirigentes-del-frente-de-todos-y-de-la-oposicion-sobre-la-exposicion-de-cfk\/#primaryimage\"},\"thumbnailUrl\":\"https:\/\/infoecos.com.ar\/wp-content\/uploads\/2022\/08\/cfkcausavialidadcasa.jpg\",\"datePublished\":\"2022-08-24T05:52:06+00:00\",\"dateModified\":\"2022-08-24T05:52:07+00:00\",\"breadcrumb\":{\"@id\":\"https:\/\/infoecos.com.ar\/index.php\/las-opiniones-de-dirigentes-del-frente-de-todos-y-de-la-oposicion-sobre-la-exposicion-de-cfk\/#breadcrumb\"},\"inLanguage\":\"es\",\"potentialAction\":[{\"@type\":\"ReadAction\",\"target\":[\"https:\/\/infoecos.com.ar\/index.php\/las-opiniones-de-dirigentes-del-frente-de-todos-y-de-la-oposicion-sobre-la-exposicion-de-cfk\/\"]}]},{\"@type\":\"ImageObject\",\"inLanguage\":\"es\",\"@id\":\"https:\/\/infoecos.com.ar\/index.php\/las-opiniones-de-dirigentes-del-frente-de-todos-y-de-la-oposicion-sobre-la-exposicion-de-cfk\/#primaryimage\",\"url\":\"https:\/\/infoecos.com.ar\/wp-content\/uploads\/2022\/08\/cfkcausavialidadcasa.jpg\",\"contentUrl\":\"https:\/\/infoecos.com.ar\/wp-content\/uploads\/2022\/08\/cfkcausavialidadcasa.jpg\",\"width\":900,\"height\":506},{\"@type\":\"BreadcrumbList\",\"@id\":\"https:\/\/infoecos.com.ar\/index.php\/las-opiniones-de-dirigentes-del-frente-de-todos-y-de-la-oposicion-sobre-la-exposicion-de-cfk\/#breadcrumb\",\"itemListElement\":[{\"@type\":\"ListItem\",\"position\":1,\"name\":\"Portada\",\"item\":\"https:\/\/infoecos.com.ar\/\"},{\"@type\":\"ListItem\",\"position\":2,\"name\":\"Las opiniones de dirigentes del Frente de Todos y de la oposici\u00f3n sobre la exposici\u00f3n de CFK\"}]},{\"@type\":\"WebSite\",\"@id\":\"https:\/\/infoecos.com.ar\/#website\",\"url\":\"https:\/\/infoecos.com.ar\/\",\"name\":\"Infoecos\",\"description\":\"Noticias de trenque lauquen y la zona\",\"publisher\":{\"@id\":\"https:\/\/infoecos.com.ar\/#organization\"},\"alternateName\":\"Noticias\",\"potentialAction\":[{\"@type\":\"SearchAction\",\"target\":{\"@type\":\"EntryPoint\",\"urlTemplate\":\"https:\/\/infoecos.com.ar\/?s={search_term_string}\"},\"query-input\":{\"@type\":\"PropertyValueSpecification\",\"valueRequired\":true,\"valueName\":\"search_term_string\"}}],\"inLanguage\":\"es\"},{\"@type\":\"Organization\",\"@id\":\"https:\/\/infoecos.com.ar\/#organization\",\"name\":\"Infoecos\",\"alternateName\":\"Noticias\",\"url\":\"https:\/\/infoecos.com.ar\/\",\"logo\":{\"@type\":\"ImageObject\",\"inLanguage\":\"es\",\"@id\":\"https:\/\/infoecos.com.ar\/#\/schema\/logo\/image\/\",\"url\":\"https:\/\/infoecos.com.ar\/wp-content\/uploads\/2024\/03\/cropped-logo.png\",\"contentUrl\":\"https:\/\/infoecos.com.ar\/wp-content\/uploads\/2024\/03\/cropped-logo.png\",\"width\":374,\"height\":90,\"caption\":\"Infoecos\"},\"image\":{\"@id\":\"https:\/\/infoecos.com.ar\/#\/schema\/logo\/image\/\"},\"sameAs\":[\"https:\/\/www.facebook.com\/profile.php?id=100063200290284\",\"https:\/\/x.com\/infoecos\"]},{\"@type\":\"Person\",\"@id\":\"https:\/\/infoecos.com.ar\/#\/schema\/person\/8f5ace5ce73b4b4aac4b7245aee6f191\",\"name\":\"Jorge Matheus\",\"url\":\"https:\/\/infoecos.com.ar\/index.php\/author\/jomatheus\/\"}]}<\/script>\n<!-- \/ Yoast SEO plugin. -->","yoast_head_json":{"title":"Las opiniones de dirigentes del Frente de Todos y de la oposici\u00f3n sobre la exposici\u00f3n de CFK - Infoecos","robots":{"index":"index","follow":"follow","max-snippet":"max-snippet:-1","max-image-preview":"max-image-preview:large","max-video-preview":"max-video-preview:-1"},"canonical":"https:\/\/infoecos.com.ar\/index.php\/las-opiniones-de-dirigentes-del-frente-de-todos-y-de-la-oposicion-sobre-la-exposicion-de-cfk\/","og_locale":"es_ES","og_type":"article","og_title":"Las opiniones de dirigentes del Frente de Todos y de la oposici\u00f3n sobre la exposici\u00f3n de CFK - Infoecos","og_description":"Mario Negri, expres\u00f3 que Fern\u00e1ndez de Kirchner \"no pudo explicar ni una palabra de las \"pruebas claves\". \u00a0Mart\u00edn Soria, sostuvo que \"no quer\u00edan escucharla porque no soportan el peso de la verdad\"","og_url":"https:\/\/infoecos.com.ar\/index.php\/las-opiniones-de-dirigentes-del-frente-de-todos-y-de-la-oposicion-sobre-la-exposicion-de-cfk\/","og_site_name":"Infoecos","article_publisher":"https:\/\/www.facebook.com\/profile.php?id=100063200290284","article_published_time":"2022-08-24T05:52:06+00:00","article_modified_time":"2022-08-24T05:52:07+00:00","og_image":[{"width":900,"height":506,"url":"https:\/\/infoecos.com.ar\/wp-content\/uploads\/2022\/08\/cfkcausavialidadcasa.jpg","type":"image\/jpeg"}],"author":"Jorge Matheus","twitter_card":"summary_large_image","twitter_creator":"@infoecos","twitter_site":"@infoecos","twitter_misc":{"Escrito por":"Jorge Matheus","Tiempo de lectura":"2 minutos"},"schema":{"@context":"https:\/\/schema.org","@graph":[{"@type":"Article","@id":"https:\/\/infoecos.com.ar\/index.php\/las-opiniones-de-dirigentes-del-frente-de-todos-y-de-la-oposicion-sobre-la-exposicion-de-cfk\/#article","isPartOf":{"@id":"https:\/\/infoecos.com.ar\/index.php\/las-opiniones-de-dirigentes-del-frente-de-todos-y-de-la-oposicion-sobre-la-exposicion-de-cfk\/"},"author":{"name":"Jorge Matheus","@id":"https:\/\/infoecos.com.ar\/#\/schema\/person\/8f5ace5ce73b4b4aac4b7245aee6f191"},"headline":"Las opiniones de dirigentes del Frente de Todos y de la oposici\u00f3n sobre la exposici\u00f3n de CFK","datePublished":"2022-08-24T05:52:06+00:00","dateModified":"2022-08-24T05:52:07+00:00","mainEntityOfPage":{"@id":"https:\/\/infoecos.com.ar\/index.php\/las-opiniones-de-dirigentes-del-frente-de-todos-y-de-la-oposicion-sobre-la-exposicion-de-cfk\/"},"wordCount":374,"publisher":{"@id":"https:\/\/infoecos.com.ar\/#organization"},"image":{"@id":"https:\/\/infoecos.com.ar\/index.php\/las-opiniones-de-dirigentes-del-frente-de-todos-y-de-la-oposicion-sobre-la-exposicion-de-cfk\/#primaryimage"},"thumbnailUrl":"https:\/\/infoecos.com.ar\/wp-content\/uploads\/2022\/08\/cfkcausavialidadcasa.jpg","keywords":["CAUSA VIALIDAD"],"articleSection":["Noticia Secundaria"],"inLanguage":"es"},{"@type":"WebPage","@id":"https:\/\/infoecos.com.ar\/index.php\/las-opiniones-de-dirigentes-del-frente-de-todos-y-de-la-oposicion-sobre-la-exposicion-de-cfk\/","url":"https:\/\/infoecos.com.ar\/index.php\/las-opiniones-de-dirigentes-del-frente-de-todos-y-de-la-oposicion-sobre-la-exposicion-de-cfk\/","name":"Las opiniones de dirigentes del Frente de Todos y de la oposici\u00f3n sobre la exposici\u00f3n de CFK - Infoecos","isPartOf":{"@id":"https:\/\/infoecos.com.ar\/#website"},"primaryImageOfPage":{"@id":"https:\/\/infoecos.com.ar\/index.php\/las-opiniones-de-dirigentes-del-frente-de-todos-y-de-la-oposicion-sobre-la-exposicion-de-cfk\/#primaryimage"},"image":{"@id":"https:\/\/infoecos.com.ar\/index.php\/las-opiniones-de-dirigentes-del-frente-de-todos-y-de-la-oposicion-sobre-la-exposicion-de-cfk\/#primaryimage"},"thumbnailUrl":"https:\/\/infoecos.com.ar\/wp-content\/uploads\/2022\/08\/cfkcausavialidadcasa.jpg","datePublished":"2022-08-24T05:52:06+00:00","dateModified":"2022-08-24T05:52:07+00:00","breadcrumb":{"@id":"https:\/\/infoecos.com.ar\/index.php\/las-opiniones-de-dirigentes-del-frente-de-todos-y-de-la-oposicion-sobre-la-exposicion-de-cfk\/#breadcrumb"},"inLanguage":"es","potentialAction":[{"@type":"ReadAction","target":["https:\/\/infoecos.com.ar\/index.php\/las-opiniones-de-dirigentes-del-frente-de-todos-y-de-la-oposicion-sobre-la-exposicion-de-cfk\/"]}]},{"@type":"ImageObject","inLanguage":"es","@id":"https:\/\/infoecos.com.ar\/index.php\/las-opiniones-de-dirigentes-del-frente-de-todos-y-de-la-oposicion-sobre-la-exposicion-de-cfk\/#primaryimage","url":"https:\/\/infoecos.com.ar\/wp-content\/uploads\/2022\/08\/cfkcausavialidadcasa.jpg","contentUrl":"https:\/\/infoecos.com.ar\/wp-content\/uploads\/2022\/08\/cfkcausavialidadcasa.jpg","width":900,"height":506},{"@type":"BreadcrumbList","@id":"https:\/\/infoecos.com.ar\/index.php\/las-opiniones-de-dirigentes-del-frente-de-todos-y-de-la-oposicion-sobre-la-exposicion-de-cfk\/#breadcrumb","itemListElement":[{"@type":"ListItem","position":1,"name":"Portada","item":"https:\/\/infoecos.com.ar\/"},{"@type":"ListItem","position":2,"name":"Las opiniones de dirigentes del Frente de Todos y de la oposici\u00f3n sobre la exposici\u00f3n de CFK"}]},{"@type":"WebSite","@id":"https:\/\/infoecos.com.ar\/#website","url":"https:\/\/infoecos.com.ar\/","name":"Infoecos","description":"Noticias de trenque lauquen y la zona","publisher":{"@id":"https:\/\/infoecos.com.ar\/#organization"},"alternateName":"Noticias","potentialAction":[{"@type":"SearchAction","target":{"@type":"EntryPoint","urlTemplate":"https:\/\/infoecos.com.ar\/?s={search_term_string}"},"query-input":{"@type":"PropertyValueSpecification","valueRequired":true,"valueName":"search_term_string"}}],"inLanguage":"es"},{"@type":"Organization","@id":"https:\/\/infoecos.com.ar\/#organization","name":"Infoecos","alternateName":"Noticias","url":"https:\/\/infoecos.com.ar\/","logo":{"@type":"ImageObject","inLanguage":"es","@id":"https:\/\/infoecos.com.ar\/#\/schema\/logo\/image\/","url":"https:\/\/infoecos.com.ar\/wp-content\/uploads\/2024\/03\/cropped-logo.png","contentUrl":"https:\/\/infoecos.com.ar\/wp-content\/uploads\/2024\/03\/cropped-logo.png","width":374,"height":90,"caption":"Infoecos"},"image":{"@id":"https:\/\/infoecos.com.ar\/#\/schema\/logo\/image\/"},"sameAs":["https:\/\/www.facebook.com\/profile.php?id=100063200290284","https:\/\/x.com\/infoecos"]},{"@type":"Person","@id":"https:\/\/infoecos.com.ar\/#\/schema\/person\/8f5ace5ce73b4b4aac4b7245aee6f191","name":"Jorge Matheus","url":"https:\/\/infoecos.com.ar\/index.php\/author\/jomatheus\/"}]}},"featured_image_urls":{"full":["https:\/\/infoecos.com.ar\/wp-content\/uploads\/2022\/08\/cfkcausavialidadcasa.jpg",900,506,false],"thumbnail":["https:\/\/infoecos.com.ar\/wp-content\/uploads\/2022\/08\/cfkcausavialidadcasa-150x150.jpg",150,150,true],"medium":["https:\/\/infoecos.com.ar\/wp-content\/uploads\/2022\/08\/cfkcausavialidadcasa-460x259.jpg",460,259,true],"medium_large":["https:\/\/infoecos.com.ar\/wp-content\/uploads\/2022\/08\/cfkcausavialidadcasa-768x432.jpg",640,360,true],"large":["https:\/\/infoecos.com.ar\/wp-content\/uploads\/2022\/08\/cfkcausavialidadcasa.jpg",640,360,false],"1536x1536":["https:\/\/infoecos.com.ar\/wp-content\/uploads\/2022\/08\/cfkcausavialidadcasa.jpg",900,506,false],"2048x2048":["https:\/\/infoecos.com.ar\/wp-content\/uploads\/2022\/08\/cfkcausavialidadcasa.jpg",900,506,false],"covernews-slider-full":["https:\/\/infoecos.com.ar\/wp-content\/uploads\/2022\/08\/cfkcausavialidadcasa.jpg",900,506,false],"covernews-slider-center":["https:\/\/infoecos.com.ar\/wp-content\/uploads\/2022\/08\/cfkcausavialidadcasa.jpg",800,450,false],"covernews-featured":["https:\/\/infoecos.com.ar\/wp-content\/uploads\/2022\/08\/cfkcausavialidadcasa.jpg",900,506,false],"covernews-medium":["https:\/\/infoecos.com.ar\/wp-content\/uploads\/2022\/08\/cfkcausavialidadcasa-720x380.jpg",540,285,true],"covernews-medium-square":["https:\/\/infoecos.com.ar\/wp-content\/uploads\/2022\/08\/cfkcausavialidadcasa-675x450.jpg",375,250,true]},"author_info":{"info":["Jorge Matheus"]},"category_info":"<a href=\"https:\/\/infoecos.com.ar\/index.php\/category\/noticia-secundaria\/\" rel=\"category tag\">Noticia Secundaria<\/a>","tag_info":"Noticia Secundaria","comment_count":"0","_links":{"self":[{"href":"https:\/\/infoecos.com.ar\/index.php\/wp-json\/wp\/v2\/posts\/96618"}],"collection":[{"href":"https:\/\/infoecos.com.ar\/index.php\/wp-json\/wp\/v2\/posts"}],"about":[{"href":"https:\/\/infoecos.com.ar\/index.php\/wp-json\/wp\/v2\/types\/post"}],"author":[{"embeddable":true,"href":"https:\/\/infoecos.com.ar\/index.php\/wp-json\/wp\/v2\/users\/2"}],"replies":[{"embeddable":true,"href":"https:\/\/infoecos.com.ar\/index.php\/wp-json\/wp\/v2\/comments?post=96618"}],"version-history":[{"count":1,"href":"https:\/\/infoecos.com.ar\/index.php\/wp-json\/wp\/v2\/posts\/96618\/revisions"}],"predecessor-version":[{"id":96620,"href":"https:\/\/infoecos.com.ar\/index.php\/wp-json\/wp\/v2\/posts\/96618\/revisions\/96620"}],"wp:featuredmedia":[{"embeddable":true,"href":"https:\/\/infoecos.com.ar\/index.php\/wp-json\/wp\/v2\/media\/96619"}],"wp:attachment":[{"href":"https:\/\/infoecos.com.ar\/index.php\/wp-json\/wp\/v2\/media?parent=96618"}],"wp:term":[{"taxonomy":"category","embeddable":true,"href":"https:\/\/infoecos.com.ar\/index.php\/wp-json\/wp\/v2\/categories?post=96618"},{"taxonomy":"post_tag","embeddable":true,"href":"https:\/\/infoecos.com.ar\/index.php\/wp-json\/wp\/v2\/tags?post=96618"}],"curies":[{"name":"wp","href":"https:\/\/api.w.org\/{rel}","templated":true}]}}