{"id":96647,"date":"2022-08-24T04:11:33","date_gmt":"2022-08-24T07:11:33","guid":{"rendered":"http:\/\/infoecos.com.ar\/?p=96647"},"modified":"2022-08-26T03:59:28","modified_gmt":"2022-08-26T06:59:28","slug":"laprida-es-compatible-con-un-suicidio-la-muerte-de-daiana-abregu","status":"publish","type":"post","link":"https:\/\/infoecos.com.ar\/index.php\/laprida-es-compatible-con-un-suicidio-la-muerte-de-daiana-abregu\/","title":{"rendered":"Laprida: es compatible con un suicidio la muerte de Daiana Abreg\u00fa"},"content":{"rendered":"\n<p>Un ateneo de peritos determin\u00f3 que&nbsp;Daiana Abreg\u00fa, quien fue encontrada muerta el 5 de Junio \u00faltimo en una celda de la Comisar\u00eda de Laprida&nbsp;falleci\u00f3&nbsp;con una mec\u00e1nica compatible con un suicidio,&nbsp;por lo que los cinco polic\u00edas que estaban detenidos por el caso fueron&nbsp;excarcelados a pedido del fiscal&nbsp;de la causa, informaron fuentes judiciales.<\/p>\n\n\n\n<figure class=\"wp-block-image aligncenter size-large is-resized\"><img loading=\"lazy\" decoding=\"async\" src=\"http:\/\/infoecos.com.ar\/wp-content\/uploads\/2022\/08\/image-147-920x518.png\" alt=\"\" class=\"wp-image-96648\" width=\"434\" height=\"243\" srcset=\"https:\/\/infoecos.com.ar\/wp-content\/uploads\/2022\/08\/image-147-920x518.png 920w, https:\/\/infoecos.com.ar\/wp-content\/uploads\/2022\/08\/image-147-460x259.png 460w, https:\/\/infoecos.com.ar\/wp-content\/uploads\/2022\/08\/image-147-768x432.png 768w, https:\/\/infoecos.com.ar\/wp-content\/uploads\/2022\/08\/image-147-1024x576.png 1024w, https:\/\/infoecos.com.ar\/wp-content\/uploads\/2022\/08\/image-147.png 1200w\" sizes=\"(max-width: 434px) 100vw, 434px\" \/><figcaption>Comisar\u00eda de Laprida<\/figcaption><\/figure>\n\n\n\n<p>Se trata de un&nbsp;informe criminal\u00edstico forense&nbsp;completo el que&nbsp;no se hall\u00f3 ADN de otras personas&nbsp;en las muestras analizadas del&nbsp;cuerpo ni en la campera&nbsp;con la que la joven se ahorc\u00f3, ante lo cual, el fiscal de Azul, Jos\u00e9 Ignacio Calonje, descarta la&nbsp;hip\u00f3tesis del homicidio agravado,&nbsp;delito por el que hab\u00eda imputado los efectivos que, de todos modos,&nbsp;seguir\u00e1n bajo investigaci\u00f3n<strong>.<\/strong><\/p>\n\n\n\n<figure class=\"wp-block-image aligncenter size-large is-resized\"><img loading=\"lazy\" decoding=\"async\" src=\"http:\/\/infoecos.com.ar\/wp-content\/uploads\/2022\/08\/image-148-920x518.png\" alt=\"\" class=\"wp-image-96649\" width=\"439\" height=\"246\" srcset=\"https:\/\/infoecos.com.ar\/wp-content\/uploads\/2022\/08\/image-148-920x518.png 920w, https:\/\/infoecos.com.ar\/wp-content\/uploads\/2022\/08\/image-148-460x259.png 460w, https:\/\/infoecos.com.ar\/wp-content\/uploads\/2022\/08\/image-148-768x432.png 768w, https:\/\/infoecos.com.ar\/wp-content\/uploads\/2022\/08\/image-148-1024x576.png 1024w, https:\/\/infoecos.com.ar\/wp-content\/uploads\/2022\/08\/image-148.png 1200w\" sizes=\"(max-width: 439px) 100vw, 439px\" \/><figcaption>Daiana Abreg\u00fa<\/figcaption><\/figure>\n\n\n\n<p>Este ateneo, a cargo de&nbsp;expertos de la Polic\u00eda Federal&nbsp;Argentina (PFA) y del que participaron&nbsp;peritos de las partes,&nbsp;se llev\u00f3 a cabo con el objetivo de dar&nbsp;cuenta de la etiolog\u00eda de muerte, analizando la autopsia, reautopsia, estudios complementarios,&nbsp;an\u00e1lisis comparativo de ADN,&nbsp;pericia toxicol\u00f3gica, pericia an\u00e1tomo-patol\u00f3gica y&nbsp;pericia de ensayos de tracci\u00f3n.<\/p>\n\n\n\n<p>Los peritos&nbsp;<strong>analizaron unas cincuenta pruebas<\/strong>&nbsp;volcadas en el expediente desde que&nbsp;<strong>se inici\u00f3 la investigaci\u00f3n<\/strong>&nbsp;para concluir que se trat\u00f3 de una&nbsp;<strong>muerte por \u00abs\u00edndrome asf\u00edctico\u00bb secundario a una posible ahorcadura\u00bb.<\/strong><\/p>\n","protected":false},"excerpt":{"rendered":"<p>Trabaj\u00f3 un ateneo de peritos encabezado por profesionales de la Polic\u00eda Federal Argentina<\/p>\n","protected":false},"author":2,"featured_media":96649,"comment_status":"closed","ping_status":"open","sticky":false,"template":"","format":"standard","meta":{"footnotes":""},"categories":[199],"tags":[6619],"class_list":["post-96647","post","type-post","status-publish","format-standard","has-post-thumbnail","hentry","category-inferior7","tag-los-policias-excarcelados"],"yoast_head":"<!-- This site is optimized with the Yoast SEO plugin v23.4 - https:\/\/yoast.com\/wordpress\/plugins\/seo\/ -->\n<title>Laprida: es compatible con un suicidio la muerte de Daiana Abreg\u00fa - Infoecos<\/title>\n<meta name=\"robots\" content=\"index, follow, max-snippet:-1, max-image-preview:large, max-video-preview:-1\" \/>\n<link rel=\"canonical\" href=\"https:\/\/infoecos.com.ar\/index.php\/laprida-es-compatible-con-un-suicidio-la-muerte-de-daiana-abregu\/\" \/>\n<meta property=\"og:locale\" content=\"es_ES\" \/>\n<meta property=\"og:type\" content=\"article\" \/>\n<meta property=\"og:title\" content=\"Laprida: es compatible con un suicidio la muerte de Daiana Abreg\u00fa - Infoecos\" \/>\n<meta property=\"og:description\" content=\"Trabaj\u00f3 un ateneo de peritos encabezado por profesionales de la Polic\u00eda Federal Argentina\" \/>\n<meta property=\"og:url\" content=\"https:\/\/infoecos.com.ar\/index.php\/laprida-es-compatible-con-un-suicidio-la-muerte-de-daiana-abregu\/\" \/>\n<meta property=\"og:site_name\" content=\"Infoecos\" \/>\n<meta property=\"article:publisher\" content=\"https:\/\/www.facebook.com\/profile.php?id=100063200290284\" \/>\n<meta property=\"article:published_time\" content=\"2022-08-24T07:11:33+00:00\" \/>\n<meta property=\"article:modified_time\" content=\"2022-08-26T06:59:28+00:00\" \/>\n<meta property=\"og:image\" content=\"https:\/\/infoecos.com.ar\/wp-content\/uploads\/2022\/08\/image-148.png\" \/>\n\t<meta property=\"og:image:width\" content=\"1200\" \/>\n\t<meta property=\"og:image:height\" content=\"675\" \/>\n\t<meta property=\"og:image:type\" content=\"image\/png\" \/>\n<meta name=\"author\" content=\"Jorge Matheus\" \/>\n<meta name=\"twitter:card\" content=\"summary_large_image\" \/>\n<meta name=\"twitter:creator\" content=\"@infoecos\" \/>\n<meta name=\"twitter:site\" content=\"@infoecos\" \/>\n<meta name=\"twitter:label1\" content=\"Escrito por\" \/>\n\t<meta name=\"twitter:data1\" content=\"Jorge Matheus\" \/>\n\t<meta name=\"twitter:label2\" content=\"Tiempo de lectura\" \/>\n\t<meta name=\"twitter:data2\" content=\"1 minuto\" \/>\n<script type=\"application\/ld+json\" class=\"yoast-schema-graph\">{\"@context\":\"https:\/\/schema.org\",\"@graph\":[{\"@type\":\"Article\",\"@id\":\"https:\/\/infoecos.com.ar\/index.php\/laprida-es-compatible-con-un-suicidio-la-muerte-de-daiana-abregu\/#article\",\"isPartOf\":{\"@id\":\"https:\/\/infoecos.com.ar\/index.php\/laprida-es-compatible-con-un-suicidio-la-muerte-de-daiana-abregu\/\"},\"author\":{\"name\":\"Jorge Matheus\",\"@id\":\"https:\/\/infoecos.com.ar\/#\/schema\/person\/8f5ace5ce73b4b4aac4b7245aee6f191\"},\"headline\":\"Laprida: es compatible con un suicidio la muerte de Daiana Abreg\u00fa\",\"datePublished\":\"2022-08-24T07:11:33+00:00\",\"dateModified\":\"2022-08-26T06:59:28+00:00\",\"mainEntityOfPage\":{\"@id\":\"https:\/\/infoecos.com.ar\/index.php\/laprida-es-compatible-con-un-suicidio-la-muerte-de-daiana-abregu\/\"},\"wordCount\":271,\"publisher\":{\"@id\":\"https:\/\/infoecos.com.ar\/#organization\"},\"image\":{\"@id\":\"https:\/\/infoecos.com.ar\/index.php\/laprida-es-compatible-con-un-suicidio-la-muerte-de-daiana-abregu\/#primaryimage\"},\"thumbnailUrl\":\"https:\/\/infoecos.com.ar\/wp-content\/uploads\/2022\/08\/image-148.png\",\"keywords\":[\"LOS POLIC\u00cdAS EXCARCELADOS\"],\"articleSection\":[\"Bloque inferior - 7\"],\"inLanguage\":\"es\"},{\"@type\":\"WebPage\",\"@id\":\"https:\/\/infoecos.com.ar\/index.php\/laprida-es-compatible-con-un-suicidio-la-muerte-de-daiana-abregu\/\",\"url\":\"https:\/\/infoecos.com.ar\/index.php\/laprida-es-compatible-con-un-suicidio-la-muerte-de-daiana-abregu\/\",\"name\":\"Laprida: es compatible con un suicidio la muerte de Daiana Abreg\u00fa - Infoecos\",\"isPartOf\":{\"@id\":\"https:\/\/infoecos.com.ar\/#website\"},\"primaryImageOfPage\":{\"@id\":\"https:\/\/infoecos.com.ar\/index.php\/laprida-es-compatible-con-un-suicidio-la-muerte-de-daiana-abregu\/#primaryimage\"},\"image\":{\"@id\":\"https:\/\/infoecos.com.ar\/index.php\/laprida-es-compatible-con-un-suicidio-la-muerte-de-daiana-abregu\/#primaryimage\"},\"thumbnailUrl\":\"https:\/\/infoecos.com.ar\/wp-content\/uploads\/2022\/08\/image-148.png\",\"datePublished\":\"2022-08-24T07:11:33+00:00\",\"dateModified\":\"2022-08-26T06:59:28+00:00\",\"breadcrumb\":{\"@id\":\"https:\/\/infoecos.com.ar\/index.php\/laprida-es-compatible-con-un-suicidio-la-muerte-de-daiana-abregu\/#breadcrumb\"},\"inLanguage\":\"es\",\"potentialAction\":[{\"@type\":\"ReadAction\",\"target\":[\"https:\/\/infoecos.com.ar\/index.php\/laprida-es-compatible-con-un-suicidio-la-muerte-de-daiana-abregu\/\"]}]},{\"@type\":\"ImageObject\",\"inLanguage\":\"es\",\"@id\":\"https:\/\/infoecos.com.ar\/index.php\/laprida-es-compatible-con-un-suicidio-la-muerte-de-daiana-abregu\/#primaryimage\",\"url\":\"https:\/\/infoecos.com.ar\/wp-content\/uploads\/2022\/08\/image-148.png\",\"contentUrl\":\"https:\/\/infoecos.com.ar\/wp-content\/uploads\/2022\/08\/image-148.png\",\"width\":1200,\"height\":675},{\"@type\":\"BreadcrumbList\",\"@id\":\"https:\/\/infoecos.com.ar\/index.php\/laprida-es-compatible-con-un-suicidio-la-muerte-de-daiana-abregu\/#breadcrumb\",\"itemListElement\":[{\"@type\":\"ListItem\",\"position\":1,\"name\":\"Portada\",\"item\":\"https:\/\/infoecos.com.ar\/\"},{\"@type\":\"ListItem\",\"position\":2,\"name\":\"Laprida: es compatible con un suicidio la muerte de Daiana Abreg\u00fa\"}]},{\"@type\":\"WebSite\",\"@id\":\"https:\/\/infoecos.com.ar\/#website\",\"url\":\"https:\/\/infoecos.com.ar\/\",\"name\":\"Infoecos\",\"description\":\"Noticias de trenque lauquen y la zona\",\"publisher\":{\"@id\":\"https:\/\/infoecos.com.ar\/#organization\"},\"alternateName\":\"Noticias\",\"potentialAction\":[{\"@type\":\"SearchAction\",\"target\":{\"@type\":\"EntryPoint\",\"urlTemplate\":\"https:\/\/infoecos.com.ar\/?s={search_term_string}\"},\"query-input\":{\"@type\":\"PropertyValueSpecification\",\"valueRequired\":true,\"valueName\":\"search_term_string\"}}],\"inLanguage\":\"es\"},{\"@type\":\"Organization\",\"@id\":\"https:\/\/infoecos.com.ar\/#organization\",\"name\":\"Infoecos\",\"alternateName\":\"Noticias\",\"url\":\"https:\/\/infoecos.com.ar\/\",\"logo\":{\"@type\":\"ImageObject\",\"inLanguage\":\"es\",\"@id\":\"https:\/\/infoecos.com.ar\/#\/schema\/logo\/image\/\",\"url\":\"https:\/\/infoecos.com.ar\/wp-content\/uploads\/2024\/03\/cropped-logo.png\",\"contentUrl\":\"https:\/\/infoecos.com.ar\/wp-content\/uploads\/2024\/03\/cropped-logo.png\",\"width\":374,\"height\":90,\"caption\":\"Infoecos\"},\"image\":{\"@id\":\"https:\/\/infoecos.com.ar\/#\/schema\/logo\/image\/\"},\"sameAs\":[\"https:\/\/www.facebook.com\/profile.php?id=100063200290284\",\"https:\/\/x.com\/infoecos\"]},{\"@type\":\"Person\",\"@id\":\"https:\/\/infoecos.com.ar\/#\/schema\/person\/8f5ace5ce73b4b4aac4b7245aee6f191\",\"name\":\"Jorge Matheus\",\"url\":\"https:\/\/infoecos.com.ar\/index.php\/author\/jomatheus\/\"}]}<\/script>\n<!-- \/ Yoast SEO plugin. -->","yoast_head_json":{"title":"Laprida: es compatible con un suicidio la muerte de Daiana Abreg\u00fa - Infoecos","robots":{"index":"index","follow":"follow","max-snippet":"max-snippet:-1","max-image-preview":"max-image-preview:large","max-video-preview":"max-video-preview:-1"},"canonical":"https:\/\/infoecos.com.ar\/index.php\/laprida-es-compatible-con-un-suicidio-la-muerte-de-daiana-abregu\/","og_locale":"es_ES","og_type":"article","og_title":"Laprida: es compatible con un suicidio la muerte de Daiana Abreg\u00fa - Infoecos","og_description":"Trabaj\u00f3 un ateneo de peritos encabezado por profesionales de la Polic\u00eda Federal Argentina","og_url":"https:\/\/infoecos.com.ar\/index.php\/laprida-es-compatible-con-un-suicidio-la-muerte-de-daiana-abregu\/","og_site_name":"Infoecos","article_publisher":"https:\/\/www.facebook.com\/profile.php?id=100063200290284","article_published_time":"2022-08-24T07:11:33+00:00","article_modified_time":"2022-08-26T06:59:28+00:00","og_image":[{"width":1200,"height":675,"url":"https:\/\/infoecos.com.ar\/wp-content\/uploads\/2022\/08\/image-148.png","type":"image\/png"}],"author":"Jorge Matheus","twitter_card":"summary_large_image","twitter_creator":"@infoecos","twitter_site":"@infoecos","twitter_misc":{"Escrito por":"Jorge Matheus","Tiempo de lectura":"1 minuto"},"schema":{"@context":"https:\/\/schema.org","@graph":[{"@type":"Article","@id":"https:\/\/infoecos.com.ar\/index.php\/laprida-es-compatible-con-un-suicidio-la-muerte-de-daiana-abregu\/#article","isPartOf":{"@id":"https:\/\/infoecos.com.ar\/index.php\/laprida-es-compatible-con-un-suicidio-la-muerte-de-daiana-abregu\/"},"author":{"name":"Jorge Matheus","@id":"https:\/\/infoecos.com.ar\/#\/schema\/person\/8f5ace5ce73b4b4aac4b7245aee6f191"},"headline":"Laprida: es compatible con un suicidio la muerte de Daiana Abreg\u00fa","datePublished":"2022-08-24T07:11:33+00:00","dateModified":"2022-08-26T06:59:28+00:00","mainEntityOfPage":{"@id":"https:\/\/infoecos.com.ar\/index.php\/laprida-es-compatible-con-un-suicidio-la-muerte-de-daiana-abregu\/"},"wordCount":271,"publisher":{"@id":"https:\/\/infoecos.com.ar\/#organization"},"image":{"@id":"https:\/\/infoecos.com.ar\/index.php\/laprida-es-compatible-con-un-suicidio-la-muerte-de-daiana-abregu\/#primaryimage"},"thumbnailUrl":"https:\/\/infoecos.com.ar\/wp-content\/uploads\/2022\/08\/image-148.png","keywords":["LOS POLIC\u00cdAS EXCARCELADOS"],"articleSection":["Bloque inferior - 7"],"inLanguage":"es"},{"@type":"WebPage","@id":"https:\/\/infoecos.com.ar\/index.php\/laprida-es-compatible-con-un-suicidio-la-muerte-de-daiana-abregu\/","url":"https:\/\/infoecos.com.ar\/index.php\/laprida-es-compatible-con-un-suicidio-la-muerte-de-daiana-abregu\/","name":"Laprida: es compatible con un suicidio la muerte de Daiana Abreg\u00fa - Infoecos","isPartOf":{"@id":"https:\/\/infoecos.com.ar\/#website"},"primaryImageOfPage":{"@id":"https:\/\/infoecos.com.ar\/index.php\/laprida-es-compatible-con-un-suicidio-la-muerte-de-daiana-abregu\/#primaryimage"},"image":{"@id":"https:\/\/infoecos.com.ar\/index.php\/laprida-es-compatible-con-un-suicidio-la-muerte-de-daiana-abregu\/#primaryimage"},"thumbnailUrl":"https:\/\/infoecos.com.ar\/wp-content\/uploads\/2022\/08\/image-148.png","datePublished":"2022-08-24T07:11:33+00:00","dateModified":"2022-08-26T06:59:28+00:00","breadcrumb":{"@id":"https:\/\/infoecos.com.ar\/index.php\/laprida-es-compatible-con-un-suicidio-la-muerte-de-daiana-abregu\/#breadcrumb"},"inLanguage":"es","potentialAction":[{"@type":"ReadAction","target":["https:\/\/infoecos.com.ar\/index.php\/laprida-es-compatible-con-un-suicidio-la-muerte-de-daiana-abregu\/"]}]},{"@type":"ImageObject","inLanguage":"es","@id":"https:\/\/infoecos.com.ar\/index.php\/laprida-es-compatible-con-un-suicidio-la-muerte-de-daiana-abregu\/#primaryimage","url":"https:\/\/infoecos.com.ar\/wp-content\/uploads\/2022\/08\/image-148.png","contentUrl":"https:\/\/infoecos.com.ar\/wp-content\/uploads\/2022\/08\/image-148.png","width":1200,"height":675},{"@type":"BreadcrumbList","@id":"https:\/\/infoecos.com.ar\/index.php\/laprida-es-compatible-con-un-suicidio-la-muerte-de-daiana-abregu\/#breadcrumb","itemListElement":[{"@type":"ListItem","position":1,"name":"Portada","item":"https:\/\/infoecos.com.ar\/"},{"@type":"ListItem","position":2,"name":"Laprida: es compatible con un suicidio la muerte de Daiana Abreg\u00fa"}]},{"@type":"WebSite","@id":"https:\/\/infoecos.com.ar\/#website","url":"https:\/\/infoecos.com.ar\/","name":"Infoecos","description":"Noticias de trenque lauquen y la zona","publisher":{"@id":"https:\/\/infoecos.com.ar\/#organization"},"alternateName":"Noticias","potentialAction":[{"@type":"SearchAction","target":{"@type":"EntryPoint","urlTemplate":"https:\/\/infoecos.com.ar\/?s={search_term_string}"},"query-input":{"@type":"PropertyValueSpecification","valueRequired":true,"valueName":"search_term_string"}}],"inLanguage":"es"},{"@type":"Organization","@id":"https:\/\/infoecos.com.ar\/#organization","name":"Infoecos","alternateName":"Noticias","url":"https:\/\/infoecos.com.ar\/","logo":{"@type":"ImageObject","inLanguage":"es","@id":"https:\/\/infoecos.com.ar\/#\/schema\/logo\/image\/","url":"https:\/\/infoecos.com.ar\/wp-content\/uploads\/2024\/03\/cropped-logo.png","contentUrl":"https:\/\/infoecos.com.ar\/wp-content\/uploads\/2024\/03\/cropped-logo.png","width":374,"height":90,"caption":"Infoecos"},"image":{"@id":"https:\/\/infoecos.com.ar\/#\/schema\/logo\/image\/"},"sameAs":["https:\/\/www.facebook.com\/profile.php?id=100063200290284","https:\/\/x.com\/infoecos"]},{"@type":"Person","@id":"https:\/\/infoecos.com.ar\/#\/schema\/person\/8f5ace5ce73b4b4aac4b7245aee6f191","name":"Jorge Matheus","url":"https:\/\/infoecos.com.ar\/index.php\/author\/jomatheus\/"}]}},"featured_image_urls":{"full":["https:\/\/infoecos.com.ar\/wp-content\/uploads\/2022\/08\/image-148.png",1200,675,false],"thumbnail":["https:\/\/infoecos.com.ar\/wp-content\/uploads\/2022\/08\/image-148-150x150.png",150,150,true],"medium":["https:\/\/infoecos.com.ar\/wp-content\/uploads\/2022\/08\/image-148-460x259.png",460,259,true],"medium_large":["https:\/\/infoecos.com.ar\/wp-content\/uploads\/2022\/08\/image-148-768x432.png",640,360,true],"large":["https:\/\/infoecos.com.ar\/wp-content\/uploads\/2022\/08\/image-148-920x518.png",640,360,true],"1536x1536":["https:\/\/infoecos.com.ar\/wp-content\/uploads\/2022\/08\/image-148.png",1200,675,false],"2048x2048":["https:\/\/infoecos.com.ar\/wp-content\/uploads\/2022\/08\/image-148.png",1200,675,false],"covernews-slider-full":["https:\/\/infoecos.com.ar\/wp-content\/uploads\/2022\/08\/image-148.png",1115,627,false],"covernews-slider-center":["https:\/\/infoecos.com.ar\/wp-content\/uploads\/2022\/08\/image-148-936x675.png",693,500,true],"covernews-featured":["https:\/\/infoecos.com.ar\/wp-content\/uploads\/2022\/08\/image-148-1024x576.png",1024,576,true],"covernews-medium":["https:\/\/infoecos.com.ar\/wp-content\/uploads\/2022\/08\/image-148-720x380.png",540,285,true],"covernews-medium-square":["https:\/\/infoecos.com.ar\/wp-content\/uploads\/2022\/08\/image-148-675x450.png",375,250,true]},"author_info":{"info":["Jorge Matheus"]},"category_info":"<a href=\"https:\/\/infoecos.com.ar\/index.php\/category\/inferior7\/\" rel=\"category tag\">Bloque inferior - 7<\/a>","tag_info":"Bloque inferior - 7","comment_count":"0","_links":{"self":[{"href":"https:\/\/infoecos.com.ar\/index.php\/wp-json\/wp\/v2\/posts\/96647"}],"collection":[{"href":"https:\/\/infoecos.com.ar\/index.php\/wp-json\/wp\/v2\/posts"}],"about":[{"href":"https:\/\/infoecos.com.ar\/index.php\/wp-json\/wp\/v2\/types\/post"}],"author":[{"embeddable":true,"href":"https:\/\/infoecos.com.ar\/index.php\/wp-json\/wp\/v2\/users\/2"}],"replies":[{"embeddable":true,"href":"https:\/\/infoecos.com.ar\/index.php\/wp-json\/wp\/v2\/comments?post=96647"}],"version-history":[{"count":2,"href":"https:\/\/infoecos.com.ar\/index.php\/wp-json\/wp\/v2\/posts\/96647\/revisions"}],"predecessor-version":[{"id":96656,"href":"https:\/\/infoecos.com.ar\/index.php\/wp-json\/wp\/v2\/posts\/96647\/revisions\/96656"}],"wp:featuredmedia":[{"embeddable":true,"href":"https:\/\/infoecos.com.ar\/index.php\/wp-json\/wp\/v2\/media\/96649"}],"wp:attachment":[{"href":"https:\/\/infoecos.com.ar\/index.php\/wp-json\/wp\/v2\/media?parent=96647"}],"wp:term":[{"taxonomy":"category","embeddable":true,"href":"https:\/\/infoecos.com.ar\/index.php\/wp-json\/wp\/v2\/categories?post=96647"},{"taxonomy":"post_tag","embeddable":true,"href":"https:\/\/infoecos.com.ar\/index.php\/wp-json\/wp\/v2\/tags?post=96647"}],"curies":[{"name":"wp","href":"https:\/\/api.w.org\/{rel}","templated":true}]}}