{"id":96651,"date":"2022-08-24T04:25:32","date_gmt":"2022-08-24T07:25:32","guid":{"rendered":"http:\/\/infoecos.com.ar\/?p=96651"},"modified":"2022-08-26T03:58:22","modified_gmt":"2022-08-26T06:58:22","slug":"el-gobernador-de-la-pampa-sergio-ziliotto-recibio-a-los-abuelos-de-lucio-dupuy","status":"publish","type":"post","link":"https:\/\/infoecos.com.ar\/index.php\/el-gobernador-de-la-pampa-sergio-ziliotto-recibio-a-los-abuelos-de-lucio-dupuy\/","title":{"rendered":"El gobernador de La Pampa, Sergio Ziliotto, recibi\u00f3 a los abuelos de Lucio Dupuy"},"content":{"rendered":"\n<p>El abuelo paterno de Lucio, Ram\u00f3n Dupuy, fue recibido por el gobernador Sergio Ziliotto, en la Casa de Gobierno de Santa Rosa. \u00abMe recibi\u00f3, es la primera vez, hemos tenido comunicaci\u00f3n telef\u00f3nica, pero hoy nos arrimamos a la Casa de Gobierno\u00bb, cont\u00f3.<\/p>\n\n\n\n<figure class=\"wp-block-image aligncenter size-full is-resized\"><img loading=\"lazy\" decoding=\"async\" src=\"http:\/\/infoecos.com.ar\/wp-content\/uploads\/2022\/08\/image-149.png\" alt=\"\" class=\"wp-image-96652\" width=\"565\" height=\"374\" srcset=\"https:\/\/infoecos.com.ar\/wp-content\/uploads\/2022\/08\/image-149.png 860w, https:\/\/infoecos.com.ar\/wp-content\/uploads\/2022\/08\/image-149-460x305.png 460w, https:\/\/infoecos.com.ar\/wp-content\/uploads\/2022\/08\/image-149-768x509.png 768w\" sizes=\"(max-width: 565px) 100vw, 565px\" \/><figcaption>Foto: El Diario de La Pampa<\/figcaption><\/figure>\n\n\n\n<p>Dupuy revel\u00f3 que el gobernador le expres\u00f3 que \u00abtodo responsable del caso de Lucito tendr\u00e1 que dar cuenta de sus responsabilidades\u00bb.<\/p>\n\n\n\n<p>Confi\u00f3 que conoce a Ziliotto desde la primaria, en Pico. \u00abMe dijo que las puertas de la gobernaci\u00f3n est\u00e1n abiertas\u00bb, a\u00f1adi\u00f3.<\/p>\n\n\n\n<p>\u00abMe confirm\u00f3 las declaraciones que hab\u00eda hecho, de que no le va a temblar el pulso para que quien tenga responsabilidades que la asuma\u00bb, dijo en declaraciones radiales. \u00abLo conozco a Sergio y si habla, va derecho\u00bb, aclar\u00f3.<\/p>\n\n\n\n<figure class=\"wp-block-image aligncenter size-full is-resized\"><img loading=\"lazy\" decoding=\"async\" src=\"http:\/\/infoecos.com.ar\/wp-content\/uploads\/2022\/08\/image-150.png\" alt=\"\" class=\"wp-image-96653\" width=\"548\" height=\"288\" srcset=\"https:\/\/infoecos.com.ar\/wp-content\/uploads\/2022\/08\/image-150.png 860w, https:\/\/infoecos.com.ar\/wp-content\/uploads\/2022\/08\/image-150-460x242.png 460w, https:\/\/infoecos.com.ar\/wp-content\/uploads\/2022\/08\/image-150-768x404.png 768w, https:\/\/infoecos.com.ar\/wp-content\/uploads\/2022\/08\/image-150-720x380.png 720w\" sizes=\"(max-width: 548px) 100vw, 548px\" \/><figcaption>Foto: diarioderivera.com.ar<\/figcaption><\/figure>\n\n\n\n<p>Dupuy sostuvo que deben investigarse las responsabilidades en el \u00e1rea de Educaci\u00f3n y Salud. \u00abLa directora y la maestra nos mintieron en la cara, que nunca hab\u00eda ido lastimado ni faltaba. Fue lastimado, quebrado, y nadie se dio cuenta. Ya hab\u00eda faltado una semana completa\u00bb, asegur\u00f3.<\/p>\n\n\n\n<p>\u00abLos responsables van a tener que pagar\u00bb, dijo Dupuy. \u00abAlguna alarma tendr\u00eda que haber saltado, la jueza de Familia de Pico no deber\u00eda estar en su cargo (Ana Clara P\u00e9rez Ballester). Me parece aberrante que el Superior Tribunal de Justicia la defienda. Se firm\u00f3 un acuerdo, pero ella tendr\u00eda que haber hecho un seguimiento\u00bb, declar\u00f3.<\/p>\n\n\n\n<p>Sobre el juicio, dijo: \u00abVamos por todo lo que le hicieron a Lucito, no tiene perd\u00f3n de Dios haberlo masacrado como lo hicieron\u00bb.<\/p>\n\n\n\n<p>\u00abEstoy conforme con la actuaci\u00f3n de los fiscales y el juez (Daniel) Ralli y nuestro abogado\u00bb, se\u00f1al\u00f3. \u00abUna jueza inepta, que fue puesta a dedo, es la que nos fall\u00f3. No le echo la culpa al poder judicial\u00bb, insisti\u00f3.<\/p>\n\n\n\n<p>Dupuy se mostr\u00f3 confiado respecto al avance de la denominada Ley Lucio en el Congreso y con la implementaci\u00f3n de la l\u00ednea 102 en La Pampa, cuyos operadores se est\u00e1n capacitando actualmente. Asegur\u00f3 que todos los d\u00edas recibe llamados telef\u00f3nicos de persona que denuncian maltrato infantil y que los asesora \u00abporque algo he aprendido\u00bb.<\/p>\n","protected":false},"excerpt":{"rendered":"<p>\u00abMe confirm\u00f3 las declaraciones que hab\u00eda hecho, de que no le va a temblar el pulso para que quien tenga responsabilidades que la asuma\u00bb, dijo en declaraciones radiales<\/p>\n","protected":false},"author":2,"featured_media":96652,"comment_status":"closed","ping_status":"open","sticky":false,"template":"","format":"standard","meta":{"footnotes":""},"categories":[26],"tags":[6620],"class_list":["post-96651","post","type-post","status-publish","format-standard","has-post-thumbnail","hentry","category-inferior6","tag-declaraciones-del-abuelo"],"yoast_head":"<!-- This site is optimized with the Yoast SEO plugin v23.4 - https:\/\/yoast.com\/wordpress\/plugins\/seo\/ -->\n<title>El gobernador de La Pampa, Sergio Ziliotto, recibi\u00f3 a los abuelos de Lucio Dupuy - Infoecos<\/title>\n<meta name=\"robots\" content=\"index, follow, max-snippet:-1, max-image-preview:large, max-video-preview:-1\" \/>\n<link rel=\"canonical\" href=\"https:\/\/infoecos.com.ar\/index.php\/el-gobernador-de-la-pampa-sergio-ziliotto-recibio-a-los-abuelos-de-lucio-dupuy\/\" \/>\n<meta property=\"og:locale\" content=\"es_ES\" \/>\n<meta property=\"og:type\" content=\"article\" \/>\n<meta property=\"og:title\" content=\"El gobernador de La Pampa, Sergio Ziliotto, recibi\u00f3 a los abuelos de Lucio Dupuy - Infoecos\" \/>\n<meta property=\"og:description\" content=\"\u00abMe confirm\u00f3 las declaraciones que hab\u00eda hecho, de que no le va a temblar el pulso para que quien tenga responsabilidades que la asuma\u00bb, dijo en declaraciones radiales\" \/>\n<meta property=\"og:url\" content=\"https:\/\/infoecos.com.ar\/index.php\/el-gobernador-de-la-pampa-sergio-ziliotto-recibio-a-los-abuelos-de-lucio-dupuy\/\" \/>\n<meta property=\"og:site_name\" content=\"Infoecos\" \/>\n<meta property=\"article:publisher\" content=\"https:\/\/www.facebook.com\/profile.php?id=100063200290284\" \/>\n<meta property=\"article:published_time\" content=\"2022-08-24T07:25:32+00:00\" \/>\n<meta property=\"article:modified_time\" content=\"2022-08-26T06:58:22+00:00\" \/>\n<meta property=\"og:image\" content=\"https:\/\/infoecos.com.ar\/wp-content\/uploads\/2022\/08\/image-149.png\" \/>\n\t<meta property=\"og:image:width\" content=\"860\" \/>\n\t<meta property=\"og:image:height\" content=\"570\" \/>\n\t<meta property=\"og:image:type\" content=\"image\/png\" \/>\n<meta name=\"author\" content=\"Jorge Matheus\" \/>\n<meta name=\"twitter:card\" content=\"summary_large_image\" \/>\n<meta name=\"twitter:creator\" content=\"@infoecos\" \/>\n<meta name=\"twitter:site\" content=\"@infoecos\" \/>\n<meta name=\"twitter:label1\" content=\"Escrito por\" \/>\n\t<meta name=\"twitter:data1\" content=\"Jorge Matheus\" \/>\n\t<meta name=\"twitter:label2\" content=\"Tiempo de lectura\" \/>\n\t<meta name=\"twitter:data2\" content=\"2 minutos\" \/>\n<script type=\"application\/ld+json\" class=\"yoast-schema-graph\">{\"@context\":\"https:\/\/schema.org\",\"@graph\":[{\"@type\":\"Article\",\"@id\":\"https:\/\/infoecos.com.ar\/index.php\/el-gobernador-de-la-pampa-sergio-ziliotto-recibio-a-los-abuelos-de-lucio-dupuy\/#article\",\"isPartOf\":{\"@id\":\"https:\/\/infoecos.com.ar\/index.php\/el-gobernador-de-la-pampa-sergio-ziliotto-recibio-a-los-abuelos-de-lucio-dupuy\/\"},\"author\":{\"name\":\"Jorge Matheus\",\"@id\":\"https:\/\/infoecos.com.ar\/#\/schema\/person\/8f5ace5ce73b4b4aac4b7245aee6f191\"},\"headline\":\"El gobernador de La Pampa, Sergio Ziliotto, recibi\u00f3 a los abuelos de Lucio Dupuy\",\"datePublished\":\"2022-08-24T07:25:32+00:00\",\"dateModified\":\"2022-08-26T06:58:22+00:00\",\"mainEntityOfPage\":{\"@id\":\"https:\/\/infoecos.com.ar\/index.php\/el-gobernador-de-la-pampa-sergio-ziliotto-recibio-a-los-abuelos-de-lucio-dupuy\/\"},\"wordCount\":384,\"publisher\":{\"@id\":\"https:\/\/infoecos.com.ar\/#organization\"},\"image\":{\"@id\":\"https:\/\/infoecos.com.ar\/index.php\/el-gobernador-de-la-pampa-sergio-ziliotto-recibio-a-los-abuelos-de-lucio-dupuy\/#primaryimage\"},\"thumbnailUrl\":\"https:\/\/infoecos.com.ar\/wp-content\/uploads\/2022\/08\/image-149.png\",\"keywords\":[\"DECLARACIONES DEL ABUELO\"],\"articleSection\":[\"Bloque inferior - 6\"],\"inLanguage\":\"es\"},{\"@type\":\"WebPage\",\"@id\":\"https:\/\/infoecos.com.ar\/index.php\/el-gobernador-de-la-pampa-sergio-ziliotto-recibio-a-los-abuelos-de-lucio-dupuy\/\",\"url\":\"https:\/\/infoecos.com.ar\/index.php\/el-gobernador-de-la-pampa-sergio-ziliotto-recibio-a-los-abuelos-de-lucio-dupuy\/\",\"name\":\"El gobernador de La Pampa, Sergio Ziliotto, recibi\u00f3 a los abuelos de Lucio Dupuy - Infoecos\",\"isPartOf\":{\"@id\":\"https:\/\/infoecos.com.ar\/#website\"},\"primaryImageOfPage\":{\"@id\":\"https:\/\/infoecos.com.ar\/index.php\/el-gobernador-de-la-pampa-sergio-ziliotto-recibio-a-los-abuelos-de-lucio-dupuy\/#primaryimage\"},\"image\":{\"@id\":\"https:\/\/infoecos.com.ar\/index.php\/el-gobernador-de-la-pampa-sergio-ziliotto-recibio-a-los-abuelos-de-lucio-dupuy\/#primaryimage\"},\"thumbnailUrl\":\"https:\/\/infoecos.com.ar\/wp-content\/uploads\/2022\/08\/image-149.png\",\"datePublished\":\"2022-08-24T07:25:32+00:00\",\"dateModified\":\"2022-08-26T06:58:22+00:00\",\"breadcrumb\":{\"@id\":\"https:\/\/infoecos.com.ar\/index.php\/el-gobernador-de-la-pampa-sergio-ziliotto-recibio-a-los-abuelos-de-lucio-dupuy\/#breadcrumb\"},\"inLanguage\":\"es\",\"potentialAction\":[{\"@type\":\"ReadAction\",\"target\":[\"https:\/\/infoecos.com.ar\/index.php\/el-gobernador-de-la-pampa-sergio-ziliotto-recibio-a-los-abuelos-de-lucio-dupuy\/\"]}]},{\"@type\":\"ImageObject\",\"inLanguage\":\"es\",\"@id\":\"https:\/\/infoecos.com.ar\/index.php\/el-gobernador-de-la-pampa-sergio-ziliotto-recibio-a-los-abuelos-de-lucio-dupuy\/#primaryimage\",\"url\":\"https:\/\/infoecos.com.ar\/wp-content\/uploads\/2022\/08\/image-149.png\",\"contentUrl\":\"https:\/\/infoecos.com.ar\/wp-content\/uploads\/2022\/08\/image-149.png\",\"width\":860,\"height\":570},{\"@type\":\"BreadcrumbList\",\"@id\":\"https:\/\/infoecos.com.ar\/index.php\/el-gobernador-de-la-pampa-sergio-ziliotto-recibio-a-los-abuelos-de-lucio-dupuy\/#breadcrumb\",\"itemListElement\":[{\"@type\":\"ListItem\",\"position\":1,\"name\":\"Portada\",\"item\":\"https:\/\/infoecos.com.ar\/\"},{\"@type\":\"ListItem\",\"position\":2,\"name\":\"El gobernador de La Pampa, Sergio Ziliotto, recibi\u00f3 a los abuelos de Lucio Dupuy\"}]},{\"@type\":\"WebSite\",\"@id\":\"https:\/\/infoecos.com.ar\/#website\",\"url\":\"https:\/\/infoecos.com.ar\/\",\"name\":\"Infoecos\",\"description\":\"Noticias de trenque lauquen y la zona\",\"publisher\":{\"@id\":\"https:\/\/infoecos.com.ar\/#organization\"},\"alternateName\":\"Noticias\",\"potentialAction\":[{\"@type\":\"SearchAction\",\"target\":{\"@type\":\"EntryPoint\",\"urlTemplate\":\"https:\/\/infoecos.com.ar\/?s={search_term_string}\"},\"query-input\":{\"@type\":\"PropertyValueSpecification\",\"valueRequired\":true,\"valueName\":\"search_term_string\"}}],\"inLanguage\":\"es\"},{\"@type\":\"Organization\",\"@id\":\"https:\/\/infoecos.com.ar\/#organization\",\"name\":\"Infoecos\",\"alternateName\":\"Noticias\",\"url\":\"https:\/\/infoecos.com.ar\/\",\"logo\":{\"@type\":\"ImageObject\",\"inLanguage\":\"es\",\"@id\":\"https:\/\/infoecos.com.ar\/#\/schema\/logo\/image\/\",\"url\":\"https:\/\/infoecos.com.ar\/wp-content\/uploads\/2024\/03\/cropped-logo.png\",\"contentUrl\":\"https:\/\/infoecos.com.ar\/wp-content\/uploads\/2024\/03\/cropped-logo.png\",\"width\":374,\"height\":90,\"caption\":\"Infoecos\"},\"image\":{\"@id\":\"https:\/\/infoecos.com.ar\/#\/schema\/logo\/image\/\"},\"sameAs\":[\"https:\/\/www.facebook.com\/profile.php?id=100063200290284\",\"https:\/\/x.com\/infoecos\"]},{\"@type\":\"Person\",\"@id\":\"https:\/\/infoecos.com.ar\/#\/schema\/person\/8f5ace5ce73b4b4aac4b7245aee6f191\",\"name\":\"Jorge Matheus\",\"url\":\"https:\/\/infoecos.com.ar\/index.php\/author\/jomatheus\/\"}]}<\/script>\n<!-- \/ Yoast SEO plugin. -->","yoast_head_json":{"title":"El gobernador de La Pampa, Sergio Ziliotto, recibi\u00f3 a los abuelos de Lucio Dupuy - Infoecos","robots":{"index":"index","follow":"follow","max-snippet":"max-snippet:-1","max-image-preview":"max-image-preview:large","max-video-preview":"max-video-preview:-1"},"canonical":"https:\/\/infoecos.com.ar\/index.php\/el-gobernador-de-la-pampa-sergio-ziliotto-recibio-a-los-abuelos-de-lucio-dupuy\/","og_locale":"es_ES","og_type":"article","og_title":"El gobernador de La Pampa, Sergio Ziliotto, recibi\u00f3 a los abuelos de Lucio Dupuy - Infoecos","og_description":"\u00abMe confirm\u00f3 las declaraciones que hab\u00eda hecho, de que no le va a temblar el pulso para que quien tenga responsabilidades que la asuma\u00bb, dijo en declaraciones radiales","og_url":"https:\/\/infoecos.com.ar\/index.php\/el-gobernador-de-la-pampa-sergio-ziliotto-recibio-a-los-abuelos-de-lucio-dupuy\/","og_site_name":"Infoecos","article_publisher":"https:\/\/www.facebook.com\/profile.php?id=100063200290284","article_published_time":"2022-08-24T07:25:32+00:00","article_modified_time":"2022-08-26T06:58:22+00:00","og_image":[{"width":860,"height":570,"url":"https:\/\/infoecos.com.ar\/wp-content\/uploads\/2022\/08\/image-149.png","type":"image\/png"}],"author":"Jorge Matheus","twitter_card":"summary_large_image","twitter_creator":"@infoecos","twitter_site":"@infoecos","twitter_misc":{"Escrito por":"Jorge Matheus","Tiempo de lectura":"2 minutos"},"schema":{"@context":"https:\/\/schema.org","@graph":[{"@type":"Article","@id":"https:\/\/infoecos.com.ar\/index.php\/el-gobernador-de-la-pampa-sergio-ziliotto-recibio-a-los-abuelos-de-lucio-dupuy\/#article","isPartOf":{"@id":"https:\/\/infoecos.com.ar\/index.php\/el-gobernador-de-la-pampa-sergio-ziliotto-recibio-a-los-abuelos-de-lucio-dupuy\/"},"author":{"name":"Jorge Matheus","@id":"https:\/\/infoecos.com.ar\/#\/schema\/person\/8f5ace5ce73b4b4aac4b7245aee6f191"},"headline":"El gobernador de La Pampa, Sergio Ziliotto, recibi\u00f3 a los abuelos de Lucio Dupuy","datePublished":"2022-08-24T07:25:32+00:00","dateModified":"2022-08-26T06:58:22+00:00","mainEntityOfPage":{"@id":"https:\/\/infoecos.com.ar\/index.php\/el-gobernador-de-la-pampa-sergio-ziliotto-recibio-a-los-abuelos-de-lucio-dupuy\/"},"wordCount":384,"publisher":{"@id":"https:\/\/infoecos.com.ar\/#organization"},"image":{"@id":"https:\/\/infoecos.com.ar\/index.php\/el-gobernador-de-la-pampa-sergio-ziliotto-recibio-a-los-abuelos-de-lucio-dupuy\/#primaryimage"},"thumbnailUrl":"https:\/\/infoecos.com.ar\/wp-content\/uploads\/2022\/08\/image-149.png","keywords":["DECLARACIONES DEL ABUELO"],"articleSection":["Bloque inferior - 6"],"inLanguage":"es"},{"@type":"WebPage","@id":"https:\/\/infoecos.com.ar\/index.php\/el-gobernador-de-la-pampa-sergio-ziliotto-recibio-a-los-abuelos-de-lucio-dupuy\/","url":"https:\/\/infoecos.com.ar\/index.php\/el-gobernador-de-la-pampa-sergio-ziliotto-recibio-a-los-abuelos-de-lucio-dupuy\/","name":"El gobernador de La Pampa, Sergio Ziliotto, recibi\u00f3 a los abuelos de Lucio Dupuy - Infoecos","isPartOf":{"@id":"https:\/\/infoecos.com.ar\/#website"},"primaryImageOfPage":{"@id":"https:\/\/infoecos.com.ar\/index.php\/el-gobernador-de-la-pampa-sergio-ziliotto-recibio-a-los-abuelos-de-lucio-dupuy\/#primaryimage"},"image":{"@id":"https:\/\/infoecos.com.ar\/index.php\/el-gobernador-de-la-pampa-sergio-ziliotto-recibio-a-los-abuelos-de-lucio-dupuy\/#primaryimage"},"thumbnailUrl":"https:\/\/infoecos.com.ar\/wp-content\/uploads\/2022\/08\/image-149.png","datePublished":"2022-08-24T07:25:32+00:00","dateModified":"2022-08-26T06:58:22+00:00","breadcrumb":{"@id":"https:\/\/infoecos.com.ar\/index.php\/el-gobernador-de-la-pampa-sergio-ziliotto-recibio-a-los-abuelos-de-lucio-dupuy\/#breadcrumb"},"inLanguage":"es","potentialAction":[{"@type":"ReadAction","target":["https:\/\/infoecos.com.ar\/index.php\/el-gobernador-de-la-pampa-sergio-ziliotto-recibio-a-los-abuelos-de-lucio-dupuy\/"]}]},{"@type":"ImageObject","inLanguage":"es","@id":"https:\/\/infoecos.com.ar\/index.php\/el-gobernador-de-la-pampa-sergio-ziliotto-recibio-a-los-abuelos-de-lucio-dupuy\/#primaryimage","url":"https:\/\/infoecos.com.ar\/wp-content\/uploads\/2022\/08\/image-149.png","contentUrl":"https:\/\/infoecos.com.ar\/wp-content\/uploads\/2022\/08\/image-149.png","width":860,"height":570},{"@type":"BreadcrumbList","@id":"https:\/\/infoecos.com.ar\/index.php\/el-gobernador-de-la-pampa-sergio-ziliotto-recibio-a-los-abuelos-de-lucio-dupuy\/#breadcrumb","itemListElement":[{"@type":"ListItem","position":1,"name":"Portada","item":"https:\/\/infoecos.com.ar\/"},{"@type":"ListItem","position":2,"name":"El gobernador de La Pampa, Sergio Ziliotto, recibi\u00f3 a los abuelos de Lucio Dupuy"}]},{"@type":"WebSite","@id":"https:\/\/infoecos.com.ar\/#website","url":"https:\/\/infoecos.com.ar\/","name":"Infoecos","description":"Noticias de trenque lauquen y la zona","publisher":{"@id":"https:\/\/infoecos.com.ar\/#organization"},"alternateName":"Noticias","potentialAction":[{"@type":"SearchAction","target":{"@type":"EntryPoint","urlTemplate":"https:\/\/infoecos.com.ar\/?s={search_term_string}"},"query-input":{"@type":"PropertyValueSpecification","valueRequired":true,"valueName":"search_term_string"}}],"inLanguage":"es"},{"@type":"Organization","@id":"https:\/\/infoecos.com.ar\/#organization","name":"Infoecos","alternateName":"Noticias","url":"https:\/\/infoecos.com.ar\/","logo":{"@type":"ImageObject","inLanguage":"es","@id":"https:\/\/infoecos.com.ar\/#\/schema\/logo\/image\/","url":"https:\/\/infoecos.com.ar\/wp-content\/uploads\/2024\/03\/cropped-logo.png","contentUrl":"https:\/\/infoecos.com.ar\/wp-content\/uploads\/2024\/03\/cropped-logo.png","width":374,"height":90,"caption":"Infoecos"},"image":{"@id":"https:\/\/infoecos.com.ar\/#\/schema\/logo\/image\/"},"sameAs":["https:\/\/www.facebook.com\/profile.php?id=100063200290284","https:\/\/x.com\/infoecos"]},{"@type":"Person","@id":"https:\/\/infoecos.com.ar\/#\/schema\/person\/8f5ace5ce73b4b4aac4b7245aee6f191","name":"Jorge Matheus","url":"https:\/\/infoecos.com.ar\/index.php\/author\/jomatheus\/"}]}},"featured_image_urls":{"full":["https:\/\/infoecos.com.ar\/wp-content\/uploads\/2022\/08\/image-149.png",860,570,false],"thumbnail":["https:\/\/infoecos.com.ar\/wp-content\/uploads\/2022\/08\/image-149-150x150.png",150,150,true],"medium":["https:\/\/infoecos.com.ar\/wp-content\/uploads\/2022\/08\/image-149-460x305.png",460,305,true],"medium_large":["https:\/\/infoecos.com.ar\/wp-content\/uploads\/2022\/08\/image-149-768x509.png",640,424,true],"large":["https:\/\/infoecos.com.ar\/wp-content\/uploads\/2022\/08\/image-149.png",640,424,false],"1536x1536":["https:\/\/infoecos.com.ar\/wp-content\/uploads\/2022\/08\/image-149.png",860,570,false],"2048x2048":["https:\/\/infoecos.com.ar\/wp-content\/uploads\/2022\/08\/image-149.png",860,570,false],"covernews-slider-full":["https:\/\/infoecos.com.ar\/wp-content\/uploads\/2022\/08\/image-149.png",860,570,false],"covernews-slider-center":["https:\/\/infoecos.com.ar\/wp-content\/uploads\/2022\/08\/image-149.png",754,500,false],"covernews-featured":["https:\/\/infoecos.com.ar\/wp-content\/uploads\/2022\/08\/image-149.png",860,570,false],"covernews-medium":["https:\/\/infoecos.com.ar\/wp-content\/uploads\/2022\/08\/image-149-720x380.png",540,285,true],"covernews-medium-square":["https:\/\/infoecos.com.ar\/wp-content\/uploads\/2022\/08\/image-149-675x450.png",375,250,true]},"author_info":{"info":["Jorge Matheus"]},"category_info":"<a href=\"https:\/\/infoecos.com.ar\/index.php\/category\/inferior6\/\" rel=\"category tag\">Bloque inferior - 6<\/a>","tag_info":"Bloque inferior - 6","comment_count":"0","_links":{"self":[{"href":"https:\/\/infoecos.com.ar\/index.php\/wp-json\/wp\/v2\/posts\/96651"}],"collection":[{"href":"https:\/\/infoecos.com.ar\/index.php\/wp-json\/wp\/v2\/posts"}],"about":[{"href":"https:\/\/infoecos.com.ar\/index.php\/wp-json\/wp\/v2\/types\/post"}],"author":[{"embeddable":true,"href":"https:\/\/infoecos.com.ar\/index.php\/wp-json\/wp\/v2\/users\/2"}],"replies":[{"embeddable":true,"href":"https:\/\/infoecos.com.ar\/index.php\/wp-json\/wp\/v2\/comments?post=96651"}],"version-history":[{"count":1,"href":"https:\/\/infoecos.com.ar\/index.php\/wp-json\/wp\/v2\/posts\/96651\/revisions"}],"predecessor-version":[{"id":96654,"href":"https:\/\/infoecos.com.ar\/index.php\/wp-json\/wp\/v2\/posts\/96651\/revisions\/96654"}],"wp:featuredmedia":[{"embeddable":true,"href":"https:\/\/infoecos.com.ar\/index.php\/wp-json\/wp\/v2\/media\/96652"}],"wp:attachment":[{"href":"https:\/\/infoecos.com.ar\/index.php\/wp-json\/wp\/v2\/media?parent=96651"}],"wp:term":[{"taxonomy":"category","embeddable":true,"href":"https:\/\/infoecos.com.ar\/index.php\/wp-json\/wp\/v2\/categories?post=96651"},{"taxonomy":"post_tag","embeddable":true,"href":"https:\/\/infoecos.com.ar\/index.php\/wp-json\/wp\/v2\/tags?post=96651"}],"curies":[{"name":"wp","href":"https:\/\/api.w.org\/{rel}","templated":true}]}}