{"id":96682,"date":"2022-08-25T02:20:50","date_gmt":"2022-08-25T05:20:50","guid":{"rendered":"http:\/\/infoecos.com.ar\/?p=96682"},"modified":"2022-08-26T03:55:58","modified_gmt":"2022-08-26T06:55:58","slug":"datos-que-alarman-de-un-estudio-realizado-en-bahia-blanca-sobre-la-pobreza-intensa-o-severa","status":"publish","type":"post","link":"https:\/\/infoecos.com.ar\/index.php\/datos-que-alarman-de-un-estudio-realizado-en-bahia-blanca-sobre-la-pobreza-intensa-o-severa\/","title":{"rendered":"Datos que alarman de un estudio realizado en Bah\u00eda Blanca sobre la pobreza intensa o severa"},"content":{"rendered":"\n<p>Un estudio realizado por e<strong>l Instituto de Investigaciones Econ\u00f3micas y Sociales del Sur<\/strong>&nbsp;detect\u00f3 que&nbsp;<strong>en Bah\u00eda Blanca hay unas 82 mil personas viviendo en la pobreza intensa o severa.<\/strong><\/p>\n\n\n\n<figure class=\"wp-block-image size-large\"><img loading=\"lazy\" decoding=\"async\" width=\"920\" height=\"518\" src=\"http:\/\/infoecos.com.ar\/wp-content\/uploads\/2022\/08\/image-160-920x518.png\" alt=\"\" class=\"wp-image-96684\" srcset=\"https:\/\/infoecos.com.ar\/wp-content\/uploads\/2022\/08\/image-160-920x518.png 920w, https:\/\/infoecos.com.ar\/wp-content\/uploads\/2022\/08\/image-160-460x259.png 460w, https:\/\/infoecos.com.ar\/wp-content\/uploads\/2022\/08\/image-160-768x432.png 768w, https:\/\/infoecos.com.ar\/wp-content\/uploads\/2022\/08\/image-160.png 929w\" sizes=\"(max-width: 920px) 100vw, 920px\" \/><\/figure>\n\n\n\n<p>De ese total,&nbsp;<strong>30 mil son chicos o adolescentes, y adem\u00e1s hay 46 mil vecinos en situaci\u00f3n de inseguridad alimentaria.<\/strong><\/p>\n\n\n\n<p>Dependiente de la&nbsp;<strong>Universidad Nacional del Sur y el Conicet<\/strong>, se trata de la encuesta \u201cInclusi\u00f3n social sostenible: innovaciones y pol\u00edticas p\u00fablicas en perspectiva regional\u201d, la cual se elabor\u00f3 considerando un \u201c\u00cdndice de Pobreza Multidimensional\u201d que analiza 15 indicadores agrupados en 5 dimensiones: Vivienda, Servicios B\u00e1sicos, Alimentaci\u00f3n y Salud, Educaci\u00f3n, Empleo y Seguridad Social.<\/p>\n\n\n\n<p>La&nbsp;<strong>doctora en Econom\u00eda, Mar\u00eda Emma Santos<\/strong>, que coordin\u00f3 el trabajo, precis\u00f3 que \u00abun hogar es pobre multidimensionalmente cuando presenta privaciones en varios indicadores a la vez. Por eso hablamos de intensidad de la pobreza\u201d.<\/p>\n\n\n\n<p>La encuesta se hizo con<strong>&nbsp;una muestra de 1.421 hogares bahienses, que comprenden 4.199 personas, y de sus datos se concluye que 28 % de la poblaci\u00f3n, se estiman unas 82 mil personas<\/strong>, en Bah\u00eda Blanca habita en hogares en pobreza multidimensional intensa o severa: est\u00e1n privados en el equivalente de m\u00e1s de una dimensi\u00f3n completa del bienestar.<\/p>\n\n\n\n<p>De los mencionados casi 30 mil son ni\u00f1os, ni\u00f1as y adolescentes de 0 a 17 a\u00f1os, de los cuales 14 mil est\u00e1n en hogares en pobreza multidimensional severa.<\/p>\n\n\n\n<p>Un dato alarmante es que la incidencia de la pobreza multidimensional severa entre los ni\u00f1os, ni\u00f1as y adolescentes ese rango etario es 1.5 veces la incidencia de la pobreza entre los adultos de 18-64 a\u00f1os y 5.6 veces la incidencia entre los adultos mayores (65 a\u00f1os y m\u00e1s).<\/p>\n\n\n\n<figure class=\"wp-block-image size-large\"><img loading=\"lazy\" decoding=\"async\" width=\"920\" height=\"395\" src=\"http:\/\/infoecos.com.ar\/wp-content\/uploads\/2022\/08\/image-159-920x395.png\" alt=\"\" class=\"wp-image-96683\" srcset=\"https:\/\/infoecos.com.ar\/wp-content\/uploads\/2022\/08\/image-159-920x395.png 920w, https:\/\/infoecos.com.ar\/wp-content\/uploads\/2022\/08\/image-159-460x198.png 460w, https:\/\/infoecos.com.ar\/wp-content\/uploads\/2022\/08\/image-159-768x330.png 768w, https:\/\/infoecos.com.ar\/wp-content\/uploads\/2022\/08\/image-159.png 1006w\" sizes=\"(max-width: 920px) 100vw, 920px\" \/><\/figure>\n\n\n\n<p>Seg\u00fan los datos que arroja la encuesta, un 7 % de los ni\u00f1os, ni\u00f1as y adolescentes que asisten a la escuela (aproximadamente 3.600) est\u00e1 rezagado en el nivel escolar con respecto a su edad, y aproximadamente 2.000 chicos directamente no est\u00e1n asistiendo.<\/p>\n\n\n\n<p>\u201cSe observa tambi\u00e9n una significativa segregaci\u00f3n socio-espacial: mientras que un 1\/5 de la poblaci\u00f3n bahiense habita en barrios vulnerables, estos barrios albergan a 2\/5 del total de la poblaci\u00f3n en pobreza multidimensional intensa a severa\u201d, indic\u00f3 la profesional.<\/p>\n\n\n\n<p>Adem\u00e1s, el estudio revela que el 16 % de la poblaci\u00f3n (46.476 personas) se encuentra en una situaci\u00f3n de inseguridad alimentaria moderada a severa. De ese total, 17.387 son ni\u00f1os, ni\u00f1as y adolescentes de 0 a 17 a\u00f1os de edad. Las privaciones con mayores incidencias detectadas son falta de cobertura de salud (29 % de la poblaci\u00f3n), trabajo precario (23 % de los ocupados), bajo logro educativo (18 % de las personas de 20 a\u00f1os y m\u00e1s), vivienda precaria (17 %), inseguridad alimentaria (16 %) y saneamiento inadecuado (16 %).<\/p>\n\n\n\n<p>\u201cTambi\u00e9n es preocupante que el 8 % de la poblaci\u00f3n vive en hogares con hacinamiento para dormir, con los perjuicios que eso implica para la salud y el desarrollo de ni\u00f1os, ni\u00f1as y adolescentes. Un 7% cocina y calefacciona con energ\u00edas contaminantes como le\u00f1a o keros\u00e9n, y ese mismo porcentaje carece de acceso o tiene un acceso irregular a la red el\u00e9ctrica. Adem\u00e1s, encontramos que un 7% de la poblaci\u00f3n activa est\u00e1 desocupada\u201d, agreg\u00f3 Santos.<\/p>\n\n\n\n<p>Seg\u00fan explican sus autores, una encuesta como la realizada no tiene precedentes en la ciudad por tres motivos:<\/p>\n\n\n\n<ol class=\"wp-block-list\"><li>Porque se logr\u00f3 un tama\u00f1o muestral que triplica al tama\u00f1o de la Encuesta Permanente de Hogares (EPH).<\/li><li>Porque logr\u00f3 una excelente cobertura de los barrios m\u00e1s vulnerables de la ciudad.<\/li><li>Porque indaga sobre una gran cantidad de variables socio-econ\u00f3micas y de condiciones de vida de las familias bahienses, incluyendo por primera vez indicadores que no est\u00e1n incluidos en otras fuentes de datos de recolecci\u00f3n habitual.<\/li><\/ol>\n\n\n\n<p>El grupo de trabajo estuvo conformado por 37 investigadores, investigadoras y becarios y un importante grupo de alumnos y alumnas que visitaron los hogares y realizaron las encuestas.<\/p>\n\n\n\n<p>La direcci\u00f3n general fue de la&nbsp;<strong>doctora Silvia London&nbsp;<\/strong>y el dise\u00f1o muestral y coordinaci\u00f3n del trabajo de campo de los alumnos estuvo a cargo de la doctora&nbsp;<strong>Valentina Viego.<\/strong><\/p>\n\n\n\n<p><strong>Fuente: diarioderivera.com.ar<\/strong><\/p>\n","protected":false},"excerpt":{"rendered":"<p>Hay unas 82 mil personas viviendo en la pobreza intensa o severa<\/p>\n","protected":false},"author":2,"featured_media":96684,"comment_status":"closed","ping_status":"open","sticky":false,"template":"","format":"standard","meta":{"footnotes":""},"categories":[43],"tags":[6624],"class_list":["post-96682","post","type-post","status-publish","format-standard","has-post-thumbnail","hentry","category-inferior4","tag-uns-conicet"],"yoast_head":"<!-- This site is optimized with the Yoast SEO plugin v23.4 - https:\/\/yoast.com\/wordpress\/plugins\/seo\/ -->\n<title>Datos que alarman de un estudio realizado en Bah\u00eda Blanca sobre la pobreza intensa o severa - Infoecos<\/title>\n<meta name=\"robots\" content=\"index, follow, max-snippet:-1, max-image-preview:large, max-video-preview:-1\" \/>\n<link rel=\"canonical\" href=\"https:\/\/infoecos.com.ar\/index.php\/datos-que-alarman-de-un-estudio-realizado-en-bahia-blanca-sobre-la-pobreza-intensa-o-severa\/\" \/>\n<meta property=\"og:locale\" content=\"es_ES\" \/>\n<meta property=\"og:type\" content=\"article\" \/>\n<meta property=\"og:title\" content=\"Datos que alarman de un estudio realizado en Bah\u00eda Blanca sobre la pobreza intensa o severa - Infoecos\" \/>\n<meta property=\"og:description\" content=\"Hay unas 82 mil personas viviendo en la pobreza intensa o severa\" \/>\n<meta property=\"og:url\" content=\"https:\/\/infoecos.com.ar\/index.php\/datos-que-alarman-de-un-estudio-realizado-en-bahia-blanca-sobre-la-pobreza-intensa-o-severa\/\" \/>\n<meta property=\"og:site_name\" content=\"Infoecos\" \/>\n<meta property=\"article:publisher\" content=\"https:\/\/www.facebook.com\/profile.php?id=100063200290284\" \/>\n<meta property=\"article:published_time\" content=\"2022-08-25T05:20:50+00:00\" \/>\n<meta property=\"article:modified_time\" content=\"2022-08-26T06:55:58+00:00\" \/>\n<meta property=\"og:image\" content=\"https:\/\/infoecos.com.ar\/wp-content\/uploads\/2022\/08\/image-160.png\" \/>\n\t<meta property=\"og:image:width\" content=\"929\" \/>\n\t<meta property=\"og:image:height\" content=\"523\" \/>\n\t<meta property=\"og:image:type\" content=\"image\/png\" \/>\n<meta name=\"author\" content=\"Jorge Matheus\" \/>\n<meta name=\"twitter:card\" content=\"summary_large_image\" \/>\n<meta name=\"twitter:creator\" content=\"@infoecos\" \/>\n<meta name=\"twitter:site\" content=\"@infoecos\" \/>\n<meta name=\"twitter:label1\" content=\"Escrito por\" \/>\n\t<meta name=\"twitter:data1\" content=\"Jorge Matheus\" \/>\n\t<meta name=\"twitter:label2\" content=\"Tiempo de lectura\" \/>\n\t<meta name=\"twitter:data2\" content=\"3 minutos\" \/>\n<script type=\"application\/ld+json\" class=\"yoast-schema-graph\">{\"@context\":\"https:\/\/schema.org\",\"@graph\":[{\"@type\":\"Article\",\"@id\":\"https:\/\/infoecos.com.ar\/index.php\/datos-que-alarman-de-un-estudio-realizado-en-bahia-blanca-sobre-la-pobreza-intensa-o-severa\/#article\",\"isPartOf\":{\"@id\":\"https:\/\/infoecos.com.ar\/index.php\/datos-que-alarman-de-un-estudio-realizado-en-bahia-blanca-sobre-la-pobreza-intensa-o-severa\/\"},\"author\":{\"name\":\"Jorge Matheus\",\"@id\":\"https:\/\/infoecos.com.ar\/#\/schema\/person\/8f5ace5ce73b4b4aac4b7245aee6f191\"},\"headline\":\"Datos que alarman de un estudio realizado en Bah\u00eda Blanca sobre la pobreza intensa o severa\",\"datePublished\":\"2022-08-25T05:20:50+00:00\",\"dateModified\":\"2022-08-26T06:55:58+00:00\",\"mainEntityOfPage\":{\"@id\":\"https:\/\/infoecos.com.ar\/index.php\/datos-que-alarman-de-un-estudio-realizado-en-bahia-blanca-sobre-la-pobreza-intensa-o-severa\/\"},\"wordCount\":705,\"publisher\":{\"@id\":\"https:\/\/infoecos.com.ar\/#organization\"},\"image\":{\"@id\":\"https:\/\/infoecos.com.ar\/index.php\/datos-que-alarman-de-un-estudio-realizado-en-bahia-blanca-sobre-la-pobreza-intensa-o-severa\/#primaryimage\"},\"thumbnailUrl\":\"https:\/\/infoecos.com.ar\/wp-content\/uploads\/2022\/08\/image-160.png\",\"keywords\":[\"UNS - CONICET\"],\"articleSection\":[\"Bloque inferior - 4\"],\"inLanguage\":\"es\"},{\"@type\":\"WebPage\",\"@id\":\"https:\/\/infoecos.com.ar\/index.php\/datos-que-alarman-de-un-estudio-realizado-en-bahia-blanca-sobre-la-pobreza-intensa-o-severa\/\",\"url\":\"https:\/\/infoecos.com.ar\/index.php\/datos-que-alarman-de-un-estudio-realizado-en-bahia-blanca-sobre-la-pobreza-intensa-o-severa\/\",\"name\":\"Datos que alarman de un estudio realizado en Bah\u00eda Blanca sobre la pobreza intensa o severa - Infoecos\",\"isPartOf\":{\"@id\":\"https:\/\/infoecos.com.ar\/#website\"},\"primaryImageOfPage\":{\"@id\":\"https:\/\/infoecos.com.ar\/index.php\/datos-que-alarman-de-un-estudio-realizado-en-bahia-blanca-sobre-la-pobreza-intensa-o-severa\/#primaryimage\"},\"image\":{\"@id\":\"https:\/\/infoecos.com.ar\/index.php\/datos-que-alarman-de-un-estudio-realizado-en-bahia-blanca-sobre-la-pobreza-intensa-o-severa\/#primaryimage\"},\"thumbnailUrl\":\"https:\/\/infoecos.com.ar\/wp-content\/uploads\/2022\/08\/image-160.png\",\"datePublished\":\"2022-08-25T05:20:50+00:00\",\"dateModified\":\"2022-08-26T06:55:58+00:00\",\"breadcrumb\":{\"@id\":\"https:\/\/infoecos.com.ar\/index.php\/datos-que-alarman-de-un-estudio-realizado-en-bahia-blanca-sobre-la-pobreza-intensa-o-severa\/#breadcrumb\"},\"inLanguage\":\"es\",\"potentialAction\":[{\"@type\":\"ReadAction\",\"target\":[\"https:\/\/infoecos.com.ar\/index.php\/datos-que-alarman-de-un-estudio-realizado-en-bahia-blanca-sobre-la-pobreza-intensa-o-severa\/\"]}]},{\"@type\":\"ImageObject\",\"inLanguage\":\"es\",\"@id\":\"https:\/\/infoecos.com.ar\/index.php\/datos-que-alarman-de-un-estudio-realizado-en-bahia-blanca-sobre-la-pobreza-intensa-o-severa\/#primaryimage\",\"url\":\"https:\/\/infoecos.com.ar\/wp-content\/uploads\/2022\/08\/image-160.png\",\"contentUrl\":\"https:\/\/infoecos.com.ar\/wp-content\/uploads\/2022\/08\/image-160.png\",\"width\":929,\"height\":523},{\"@type\":\"BreadcrumbList\",\"@id\":\"https:\/\/infoecos.com.ar\/index.php\/datos-que-alarman-de-un-estudio-realizado-en-bahia-blanca-sobre-la-pobreza-intensa-o-severa\/#breadcrumb\",\"itemListElement\":[{\"@type\":\"ListItem\",\"position\":1,\"name\":\"Portada\",\"item\":\"https:\/\/infoecos.com.ar\/\"},{\"@type\":\"ListItem\",\"position\":2,\"name\":\"Datos que alarman de un estudio realizado en Bah\u00eda Blanca sobre la pobreza intensa o severa\"}]},{\"@type\":\"WebSite\",\"@id\":\"https:\/\/infoecos.com.ar\/#website\",\"url\":\"https:\/\/infoecos.com.ar\/\",\"name\":\"Infoecos\",\"description\":\"Noticias de trenque lauquen y la zona\",\"publisher\":{\"@id\":\"https:\/\/infoecos.com.ar\/#organization\"},\"alternateName\":\"Noticias\",\"potentialAction\":[{\"@type\":\"SearchAction\",\"target\":{\"@type\":\"EntryPoint\",\"urlTemplate\":\"https:\/\/infoecos.com.ar\/?s={search_term_string}\"},\"query-input\":{\"@type\":\"PropertyValueSpecification\",\"valueRequired\":true,\"valueName\":\"search_term_string\"}}],\"inLanguage\":\"es\"},{\"@type\":\"Organization\",\"@id\":\"https:\/\/infoecos.com.ar\/#organization\",\"name\":\"Infoecos\",\"alternateName\":\"Noticias\",\"url\":\"https:\/\/infoecos.com.ar\/\",\"logo\":{\"@type\":\"ImageObject\",\"inLanguage\":\"es\",\"@id\":\"https:\/\/infoecos.com.ar\/#\/schema\/logo\/image\/\",\"url\":\"https:\/\/infoecos.com.ar\/wp-content\/uploads\/2024\/03\/cropped-logo.png\",\"contentUrl\":\"https:\/\/infoecos.com.ar\/wp-content\/uploads\/2024\/03\/cropped-logo.png\",\"width\":374,\"height\":90,\"caption\":\"Infoecos\"},\"image\":{\"@id\":\"https:\/\/infoecos.com.ar\/#\/schema\/logo\/image\/\"},\"sameAs\":[\"https:\/\/www.facebook.com\/profile.php?id=100063200290284\",\"https:\/\/x.com\/infoecos\"]},{\"@type\":\"Person\",\"@id\":\"https:\/\/infoecos.com.ar\/#\/schema\/person\/8f5ace5ce73b4b4aac4b7245aee6f191\",\"name\":\"Jorge Matheus\",\"url\":\"https:\/\/infoecos.com.ar\/index.php\/author\/jomatheus\/\"}]}<\/script>\n<!-- \/ Yoast SEO plugin. -->","yoast_head_json":{"title":"Datos que alarman de un estudio realizado en Bah\u00eda Blanca sobre la pobreza intensa o severa - Infoecos","robots":{"index":"index","follow":"follow","max-snippet":"max-snippet:-1","max-image-preview":"max-image-preview:large","max-video-preview":"max-video-preview:-1"},"canonical":"https:\/\/infoecos.com.ar\/index.php\/datos-que-alarman-de-un-estudio-realizado-en-bahia-blanca-sobre-la-pobreza-intensa-o-severa\/","og_locale":"es_ES","og_type":"article","og_title":"Datos que alarman de un estudio realizado en Bah\u00eda Blanca sobre la pobreza intensa o severa - Infoecos","og_description":"Hay unas 82 mil personas viviendo en la pobreza intensa o severa","og_url":"https:\/\/infoecos.com.ar\/index.php\/datos-que-alarman-de-un-estudio-realizado-en-bahia-blanca-sobre-la-pobreza-intensa-o-severa\/","og_site_name":"Infoecos","article_publisher":"https:\/\/www.facebook.com\/profile.php?id=100063200290284","article_published_time":"2022-08-25T05:20:50+00:00","article_modified_time":"2022-08-26T06:55:58+00:00","og_image":[{"width":929,"height":523,"url":"https:\/\/infoecos.com.ar\/wp-content\/uploads\/2022\/08\/image-160.png","type":"image\/png"}],"author":"Jorge Matheus","twitter_card":"summary_large_image","twitter_creator":"@infoecos","twitter_site":"@infoecos","twitter_misc":{"Escrito por":"Jorge Matheus","Tiempo de lectura":"3 minutos"},"schema":{"@context":"https:\/\/schema.org","@graph":[{"@type":"Article","@id":"https:\/\/infoecos.com.ar\/index.php\/datos-que-alarman-de-un-estudio-realizado-en-bahia-blanca-sobre-la-pobreza-intensa-o-severa\/#article","isPartOf":{"@id":"https:\/\/infoecos.com.ar\/index.php\/datos-que-alarman-de-un-estudio-realizado-en-bahia-blanca-sobre-la-pobreza-intensa-o-severa\/"},"author":{"name":"Jorge Matheus","@id":"https:\/\/infoecos.com.ar\/#\/schema\/person\/8f5ace5ce73b4b4aac4b7245aee6f191"},"headline":"Datos que alarman de un estudio realizado en Bah\u00eda Blanca sobre la pobreza intensa o severa","datePublished":"2022-08-25T05:20:50+00:00","dateModified":"2022-08-26T06:55:58+00:00","mainEntityOfPage":{"@id":"https:\/\/infoecos.com.ar\/index.php\/datos-que-alarman-de-un-estudio-realizado-en-bahia-blanca-sobre-la-pobreza-intensa-o-severa\/"},"wordCount":705,"publisher":{"@id":"https:\/\/infoecos.com.ar\/#organization"},"image":{"@id":"https:\/\/infoecos.com.ar\/index.php\/datos-que-alarman-de-un-estudio-realizado-en-bahia-blanca-sobre-la-pobreza-intensa-o-severa\/#primaryimage"},"thumbnailUrl":"https:\/\/infoecos.com.ar\/wp-content\/uploads\/2022\/08\/image-160.png","keywords":["UNS - CONICET"],"articleSection":["Bloque inferior - 4"],"inLanguage":"es"},{"@type":"WebPage","@id":"https:\/\/infoecos.com.ar\/index.php\/datos-que-alarman-de-un-estudio-realizado-en-bahia-blanca-sobre-la-pobreza-intensa-o-severa\/","url":"https:\/\/infoecos.com.ar\/index.php\/datos-que-alarman-de-un-estudio-realizado-en-bahia-blanca-sobre-la-pobreza-intensa-o-severa\/","name":"Datos que alarman de un estudio realizado en Bah\u00eda Blanca sobre la pobreza intensa o severa - Infoecos","isPartOf":{"@id":"https:\/\/infoecos.com.ar\/#website"},"primaryImageOfPage":{"@id":"https:\/\/infoecos.com.ar\/index.php\/datos-que-alarman-de-un-estudio-realizado-en-bahia-blanca-sobre-la-pobreza-intensa-o-severa\/#primaryimage"},"image":{"@id":"https:\/\/infoecos.com.ar\/index.php\/datos-que-alarman-de-un-estudio-realizado-en-bahia-blanca-sobre-la-pobreza-intensa-o-severa\/#primaryimage"},"thumbnailUrl":"https:\/\/infoecos.com.ar\/wp-content\/uploads\/2022\/08\/image-160.png","datePublished":"2022-08-25T05:20:50+00:00","dateModified":"2022-08-26T06:55:58+00:00","breadcrumb":{"@id":"https:\/\/infoecos.com.ar\/index.php\/datos-que-alarman-de-un-estudio-realizado-en-bahia-blanca-sobre-la-pobreza-intensa-o-severa\/#breadcrumb"},"inLanguage":"es","potentialAction":[{"@type":"ReadAction","target":["https:\/\/infoecos.com.ar\/index.php\/datos-que-alarman-de-un-estudio-realizado-en-bahia-blanca-sobre-la-pobreza-intensa-o-severa\/"]}]},{"@type":"ImageObject","inLanguage":"es","@id":"https:\/\/infoecos.com.ar\/index.php\/datos-que-alarman-de-un-estudio-realizado-en-bahia-blanca-sobre-la-pobreza-intensa-o-severa\/#primaryimage","url":"https:\/\/infoecos.com.ar\/wp-content\/uploads\/2022\/08\/image-160.png","contentUrl":"https:\/\/infoecos.com.ar\/wp-content\/uploads\/2022\/08\/image-160.png","width":929,"height":523},{"@type":"BreadcrumbList","@id":"https:\/\/infoecos.com.ar\/index.php\/datos-que-alarman-de-un-estudio-realizado-en-bahia-blanca-sobre-la-pobreza-intensa-o-severa\/#breadcrumb","itemListElement":[{"@type":"ListItem","position":1,"name":"Portada","item":"https:\/\/infoecos.com.ar\/"},{"@type":"ListItem","position":2,"name":"Datos que alarman de un estudio realizado en Bah\u00eda Blanca sobre la pobreza intensa o severa"}]},{"@type":"WebSite","@id":"https:\/\/infoecos.com.ar\/#website","url":"https:\/\/infoecos.com.ar\/","name":"Infoecos","description":"Noticias de trenque lauquen y la zona","publisher":{"@id":"https:\/\/infoecos.com.ar\/#organization"},"alternateName":"Noticias","potentialAction":[{"@type":"SearchAction","target":{"@type":"EntryPoint","urlTemplate":"https:\/\/infoecos.com.ar\/?s={search_term_string}"},"query-input":{"@type":"PropertyValueSpecification","valueRequired":true,"valueName":"search_term_string"}}],"inLanguage":"es"},{"@type":"Organization","@id":"https:\/\/infoecos.com.ar\/#organization","name":"Infoecos","alternateName":"Noticias","url":"https:\/\/infoecos.com.ar\/","logo":{"@type":"ImageObject","inLanguage":"es","@id":"https:\/\/infoecos.com.ar\/#\/schema\/logo\/image\/","url":"https:\/\/infoecos.com.ar\/wp-content\/uploads\/2024\/03\/cropped-logo.png","contentUrl":"https:\/\/infoecos.com.ar\/wp-content\/uploads\/2024\/03\/cropped-logo.png","width":374,"height":90,"caption":"Infoecos"},"image":{"@id":"https:\/\/infoecos.com.ar\/#\/schema\/logo\/image\/"},"sameAs":["https:\/\/www.facebook.com\/profile.php?id=100063200290284","https:\/\/x.com\/infoecos"]},{"@type":"Person","@id":"https:\/\/infoecos.com.ar\/#\/schema\/person\/8f5ace5ce73b4b4aac4b7245aee6f191","name":"Jorge Matheus","url":"https:\/\/infoecos.com.ar\/index.php\/author\/jomatheus\/"}]}},"featured_image_urls":{"full":["https:\/\/infoecos.com.ar\/wp-content\/uploads\/2022\/08\/image-160.png",929,523,false],"thumbnail":["https:\/\/infoecos.com.ar\/wp-content\/uploads\/2022\/08\/image-160-150x150.png",150,150,true],"medium":["https:\/\/infoecos.com.ar\/wp-content\/uploads\/2022\/08\/image-160-460x259.png",460,259,true],"medium_large":["https:\/\/infoecos.com.ar\/wp-content\/uploads\/2022\/08\/image-160-768x432.png",640,360,true],"large":["https:\/\/infoecos.com.ar\/wp-content\/uploads\/2022\/08\/image-160-920x518.png",640,360,true],"1536x1536":["https:\/\/infoecos.com.ar\/wp-content\/uploads\/2022\/08\/image-160.png",929,523,false],"2048x2048":["https:\/\/infoecos.com.ar\/wp-content\/uploads\/2022\/08\/image-160.png",929,523,false],"covernews-slider-full":["https:\/\/infoecos.com.ar\/wp-content\/uploads\/2022\/08\/image-160.png",929,523,false],"covernews-slider-center":["https:\/\/infoecos.com.ar\/wp-content\/uploads\/2022\/08\/image-160.png",800,450,false],"covernews-featured":["https:\/\/infoecos.com.ar\/wp-content\/uploads\/2022\/08\/image-160.png",929,523,false],"covernews-medium":["https:\/\/infoecos.com.ar\/wp-content\/uploads\/2022\/08\/image-160-720x380.png",540,285,true],"covernews-medium-square":["https:\/\/infoecos.com.ar\/wp-content\/uploads\/2022\/08\/image-160-675x450.png",375,250,true]},"author_info":{"info":["Jorge Matheus"]},"category_info":"<a href=\"https:\/\/infoecos.com.ar\/index.php\/category\/inferior4\/\" rel=\"category tag\">Bloque inferior - 4<\/a>","tag_info":"Bloque inferior - 4","comment_count":"0","_links":{"self":[{"href":"https:\/\/infoecos.com.ar\/index.php\/wp-json\/wp\/v2\/posts\/96682"}],"collection":[{"href":"https:\/\/infoecos.com.ar\/index.php\/wp-json\/wp\/v2\/posts"}],"about":[{"href":"https:\/\/infoecos.com.ar\/index.php\/wp-json\/wp\/v2\/types\/post"}],"author":[{"embeddable":true,"href":"https:\/\/infoecos.com.ar\/index.php\/wp-json\/wp\/v2\/users\/2"}],"replies":[{"embeddable":true,"href":"https:\/\/infoecos.com.ar\/index.php\/wp-json\/wp\/v2\/comments?post=96682"}],"version-history":[{"count":2,"href":"https:\/\/infoecos.com.ar\/index.php\/wp-json\/wp\/v2\/posts\/96682\/revisions"}],"predecessor-version":[{"id":96795,"href":"https:\/\/infoecos.com.ar\/index.php\/wp-json\/wp\/v2\/posts\/96682\/revisions\/96795"}],"wp:featuredmedia":[{"embeddable":true,"href":"https:\/\/infoecos.com.ar\/index.php\/wp-json\/wp\/v2\/media\/96684"}],"wp:attachment":[{"href":"https:\/\/infoecos.com.ar\/index.php\/wp-json\/wp\/v2\/media?parent=96682"}],"wp:term":[{"taxonomy":"category","embeddable":true,"href":"https:\/\/infoecos.com.ar\/index.php\/wp-json\/wp\/v2\/categories?post=96682"},{"taxonomy":"post_tag","embeddable":true,"href":"https:\/\/infoecos.com.ar\/index.php\/wp-json\/wp\/v2\/tags?post=96682"}],"curies":[{"name":"wp","href":"https:\/\/api.w.org\/{rel}","templated":true}]}}