{"id":96702,"date":"2022-08-25T03:11:20","date_gmt":"2022-08-25T06:11:20","guid":{"rendered":"http:\/\/infoecos.com.ar\/?p=96702"},"modified":"2022-08-25T15:44:07","modified_gmt":"2022-08-25T18:44:07","slug":"el-servicio-meteorologico-nacional-anticipa-un-40-por-ciento-de-lluvias-para-viernes-y-sabado","status":"publish","type":"post","link":"https:\/\/infoecos.com.ar\/index.php\/el-servicio-meteorologico-nacional-anticipa-un-40-por-ciento-de-lluvias-para-viernes-y-sabado\/","title":{"rendered":"El SMN anticipa 40 por ciento de probabilidad de lluvias para viernes y s\u00e1bado"},"content":{"rendered":"\n<p>El pron\u00f3stico de este jueves anticipa cielo cubierto y semi cubierto durante gran parte del d\u00eda, mientras que se produjeron cambios para el viernes y s\u00e1bado. Hay hasta un 40 por ciento de probabilidad de lluvias para el viernes a la tarde y noche. Id\u00e9ntico panorama para el s\u00e1bado a la ma\u00f1ana. A partir de la tarde de ese d\u00eda el sol se mostrar\u00e1 radiante, anticip\u00e1ndose que este estad\u00edo podr\u00eda extenderse hasta el lunes. <\/p>\n\n\n\n<figure class=\"wp-block-image aligncenter size-full\"><img loading=\"lazy\" decoding=\"async\" width=\"257\" height=\"256\" src=\"http:\/\/infoecos.com.ar\/wp-content\/uploads\/2022\/08\/72-3.png\" alt=\"\" class=\"wp-image-96705\" srcset=\"https:\/\/infoecos.com.ar\/wp-content\/uploads\/2022\/08\/72-3.png 257w, https:\/\/infoecos.com.ar\/wp-content\/uploads\/2022\/08\/72-3-150x150.png 150w\" sizes=\"(max-width: 257px) 100vw, 257px\" \/><\/figure>\n\n\n\n<p>Para el martes 30 y mi\u00e9rcoles 31 se estima buen tiempo con buen sol. Alguna nubosidad el martes por la ma\u00f1ana y el mi\u00e9rcoles durante todo el d\u00eda. <\/p>\n\n\n\n<figure class=\"wp-block-image size-large\"><img loading=\"lazy\" decoding=\"async\" width=\"920\" height=\"313\" src=\"http:\/\/infoecos.com.ar\/wp-content\/uploads\/2022\/08\/pronostico25-920x313.jpg\" alt=\"\" class=\"wp-image-96704\" srcset=\"https:\/\/infoecos.com.ar\/wp-content\/uploads\/2022\/08\/pronostico25-920x313.jpg 920w, https:\/\/infoecos.com.ar\/wp-content\/uploads\/2022\/08\/pronostico25-460x156.jpg 460w, https:\/\/infoecos.com.ar\/wp-content\/uploads\/2022\/08\/pronostico25-768x261.jpg 768w, https:\/\/infoecos.com.ar\/wp-content\/uploads\/2022\/08\/pronostico25-1536x522.jpg 1536w, https:\/\/infoecos.com.ar\/wp-content\/uploads\/2022\/08\/pronostico25-1024x348.jpg 1024w, https:\/\/infoecos.com.ar\/wp-content\/uploads\/2022\/08\/pronostico25.jpg 1890w\" sizes=\"(max-width: 920px) 100vw, 920px\" \/><\/figure>\n","protected":false},"excerpt":{"rendered":"<p>A partir de la tarde deL s\u00e1bado el sol se mostrar\u00e1 radiante, anticip\u00e1ndose que este estad\u00edo podr\u00eda extenderse hasta el lunes<\/p>\n","protected":false},"author":2,"featured_media":96705,"comment_status":"closed","ping_status":"open","sticky":false,"template":"","format":"standard","meta":{"footnotes":""},"categories":[40],"tags":[6630],"class_list":["post-96702","post","type-post","status-publish","format-standard","has-post-thumbnail","hentry","category-inferior1","tag-servicio-meteorologico-nacional-2"],"yoast_head":"<!-- This site is optimized with the Yoast SEO plugin v23.4 - https:\/\/yoast.com\/wordpress\/plugins\/seo\/ -->\n<title>El SMN anticipa 40 por ciento de probabilidad de lluvias para viernes y s\u00e1bado - Infoecos<\/title>\n<meta name=\"robots\" content=\"index, follow, max-snippet:-1, max-image-preview:large, max-video-preview:-1\" \/>\n<link rel=\"canonical\" href=\"https:\/\/infoecos.com.ar\/index.php\/el-servicio-meteorologico-nacional-anticipa-un-40-por-ciento-de-lluvias-para-viernes-y-sabado\/\" \/>\n<meta property=\"og:locale\" content=\"es_ES\" \/>\n<meta property=\"og:type\" content=\"article\" \/>\n<meta property=\"og:title\" content=\"El SMN anticipa 40 por ciento de probabilidad de lluvias para viernes y s\u00e1bado - Infoecos\" \/>\n<meta property=\"og:description\" content=\"A partir de la tarde deL s\u00e1bado el sol se mostrar\u00e1 radiante, anticip\u00e1ndose que este estad\u00edo podr\u00eda extenderse hasta el lunes\" \/>\n<meta property=\"og:url\" content=\"https:\/\/infoecos.com.ar\/index.php\/el-servicio-meteorologico-nacional-anticipa-un-40-por-ciento-de-lluvias-para-viernes-y-sabado\/\" \/>\n<meta property=\"og:site_name\" content=\"Infoecos\" \/>\n<meta property=\"article:publisher\" content=\"https:\/\/www.facebook.com\/profile.php?id=100063200290284\" \/>\n<meta property=\"article:published_time\" content=\"2022-08-25T06:11:20+00:00\" \/>\n<meta property=\"article:modified_time\" content=\"2022-08-25T18:44:07+00:00\" \/>\n<meta property=\"og:image\" content=\"https:\/\/infoecos.com.ar\/wp-content\/uploads\/2022\/08\/72-3.png\" \/>\n\t<meta property=\"og:image:width\" content=\"257\" \/>\n\t<meta property=\"og:image:height\" content=\"256\" \/>\n\t<meta property=\"og:image:type\" content=\"image\/png\" \/>\n<meta name=\"author\" content=\"Jorge Matheus\" \/>\n<meta name=\"twitter:card\" content=\"summary_large_image\" \/>\n<meta name=\"twitter:creator\" content=\"@infoecos\" \/>\n<meta name=\"twitter:site\" content=\"@infoecos\" \/>\n<meta name=\"twitter:label1\" content=\"Escrito por\" \/>\n\t<meta name=\"twitter:data1\" content=\"Jorge Matheus\" \/>\n\t<meta name=\"twitter:label2\" content=\"Tiempo de lectura\" \/>\n\t<meta name=\"twitter:data2\" content=\"1 minuto\" \/>\n<script type=\"application\/ld+json\" class=\"yoast-schema-graph\">{\"@context\":\"https:\/\/schema.org\",\"@graph\":[{\"@type\":\"Article\",\"@id\":\"https:\/\/infoecos.com.ar\/index.php\/el-servicio-meteorologico-nacional-anticipa-un-40-por-ciento-de-lluvias-para-viernes-y-sabado\/#article\",\"isPartOf\":{\"@id\":\"https:\/\/infoecos.com.ar\/index.php\/el-servicio-meteorologico-nacional-anticipa-un-40-por-ciento-de-lluvias-para-viernes-y-sabado\/\"},\"author\":{\"name\":\"Jorge Matheus\",\"@id\":\"https:\/\/infoecos.com.ar\/#\/schema\/person\/8f5ace5ce73b4b4aac4b7245aee6f191\"},\"headline\":\"El SMN anticipa 40 por ciento de probabilidad de lluvias para viernes y s\u00e1bado\",\"datePublished\":\"2022-08-25T06:11:20+00:00\",\"dateModified\":\"2022-08-25T18:44:07+00:00\",\"mainEntityOfPage\":{\"@id\":\"https:\/\/infoecos.com.ar\/index.php\/el-servicio-meteorologico-nacional-anticipa-un-40-por-ciento-de-lluvias-para-viernes-y-sabado\/\"},\"wordCount\":127,\"publisher\":{\"@id\":\"https:\/\/infoecos.com.ar\/#organization\"},\"image\":{\"@id\":\"https:\/\/infoecos.com.ar\/index.php\/el-servicio-meteorologico-nacional-anticipa-un-40-por-ciento-de-lluvias-para-viernes-y-sabado\/#primaryimage\"},\"thumbnailUrl\":\"https:\/\/infoecos.com.ar\/wp-content\/uploads\/2022\/08\/72-3.png\",\"keywords\":[\"Servicio meteorol\u00f3gico Nacional\"],\"articleSection\":[\"Bloque inferior - 1\"],\"inLanguage\":\"es\"},{\"@type\":\"WebPage\",\"@id\":\"https:\/\/infoecos.com.ar\/index.php\/el-servicio-meteorologico-nacional-anticipa-un-40-por-ciento-de-lluvias-para-viernes-y-sabado\/\",\"url\":\"https:\/\/infoecos.com.ar\/index.php\/el-servicio-meteorologico-nacional-anticipa-un-40-por-ciento-de-lluvias-para-viernes-y-sabado\/\",\"name\":\"El SMN anticipa 40 por ciento de probabilidad de lluvias para viernes y s\u00e1bado - Infoecos\",\"isPartOf\":{\"@id\":\"https:\/\/infoecos.com.ar\/#website\"},\"primaryImageOfPage\":{\"@id\":\"https:\/\/infoecos.com.ar\/index.php\/el-servicio-meteorologico-nacional-anticipa-un-40-por-ciento-de-lluvias-para-viernes-y-sabado\/#primaryimage\"},\"image\":{\"@id\":\"https:\/\/infoecos.com.ar\/index.php\/el-servicio-meteorologico-nacional-anticipa-un-40-por-ciento-de-lluvias-para-viernes-y-sabado\/#primaryimage\"},\"thumbnailUrl\":\"https:\/\/infoecos.com.ar\/wp-content\/uploads\/2022\/08\/72-3.png\",\"datePublished\":\"2022-08-25T06:11:20+00:00\",\"dateModified\":\"2022-08-25T18:44:07+00:00\",\"breadcrumb\":{\"@id\":\"https:\/\/infoecos.com.ar\/index.php\/el-servicio-meteorologico-nacional-anticipa-un-40-por-ciento-de-lluvias-para-viernes-y-sabado\/#breadcrumb\"},\"inLanguage\":\"es\",\"potentialAction\":[{\"@type\":\"ReadAction\",\"target\":[\"https:\/\/infoecos.com.ar\/index.php\/el-servicio-meteorologico-nacional-anticipa-un-40-por-ciento-de-lluvias-para-viernes-y-sabado\/\"]}]},{\"@type\":\"ImageObject\",\"inLanguage\":\"es\",\"@id\":\"https:\/\/infoecos.com.ar\/index.php\/el-servicio-meteorologico-nacional-anticipa-un-40-por-ciento-de-lluvias-para-viernes-y-sabado\/#primaryimage\",\"url\":\"https:\/\/infoecos.com.ar\/wp-content\/uploads\/2022\/08\/72-3.png\",\"contentUrl\":\"https:\/\/infoecos.com.ar\/wp-content\/uploads\/2022\/08\/72-3.png\",\"width\":257,\"height\":256},{\"@type\":\"BreadcrumbList\",\"@id\":\"https:\/\/infoecos.com.ar\/index.php\/el-servicio-meteorologico-nacional-anticipa-un-40-por-ciento-de-lluvias-para-viernes-y-sabado\/#breadcrumb\",\"itemListElement\":[{\"@type\":\"ListItem\",\"position\":1,\"name\":\"Portada\",\"item\":\"https:\/\/infoecos.com.ar\/\"},{\"@type\":\"ListItem\",\"position\":2,\"name\":\"El SMN anticipa 40 por ciento de probabilidad de lluvias para viernes y s\u00e1bado\"}]},{\"@type\":\"WebSite\",\"@id\":\"https:\/\/infoecos.com.ar\/#website\",\"url\":\"https:\/\/infoecos.com.ar\/\",\"name\":\"Infoecos\",\"description\":\"Noticias de trenque lauquen y la zona\",\"publisher\":{\"@id\":\"https:\/\/infoecos.com.ar\/#organization\"},\"alternateName\":\"Noticias\",\"potentialAction\":[{\"@type\":\"SearchAction\",\"target\":{\"@type\":\"EntryPoint\",\"urlTemplate\":\"https:\/\/infoecos.com.ar\/?s={search_term_string}\"},\"query-input\":{\"@type\":\"PropertyValueSpecification\",\"valueRequired\":true,\"valueName\":\"search_term_string\"}}],\"inLanguage\":\"es\"},{\"@type\":\"Organization\",\"@id\":\"https:\/\/infoecos.com.ar\/#organization\",\"name\":\"Infoecos\",\"alternateName\":\"Noticias\",\"url\":\"https:\/\/infoecos.com.ar\/\",\"logo\":{\"@type\":\"ImageObject\",\"inLanguage\":\"es\",\"@id\":\"https:\/\/infoecos.com.ar\/#\/schema\/logo\/image\/\",\"url\":\"https:\/\/infoecos.com.ar\/wp-content\/uploads\/2024\/03\/cropped-logo.png\",\"contentUrl\":\"https:\/\/infoecos.com.ar\/wp-content\/uploads\/2024\/03\/cropped-logo.png\",\"width\":374,\"height\":90,\"caption\":\"Infoecos\"},\"image\":{\"@id\":\"https:\/\/infoecos.com.ar\/#\/schema\/logo\/image\/\"},\"sameAs\":[\"https:\/\/www.facebook.com\/profile.php?id=100063200290284\",\"https:\/\/x.com\/infoecos\"]},{\"@type\":\"Person\",\"@id\":\"https:\/\/infoecos.com.ar\/#\/schema\/person\/8f5ace5ce73b4b4aac4b7245aee6f191\",\"name\":\"Jorge Matheus\",\"url\":\"https:\/\/infoecos.com.ar\/index.php\/author\/jomatheus\/\"}]}<\/script>\n<!-- \/ Yoast SEO plugin. -->","yoast_head_json":{"title":"El SMN anticipa 40 por ciento de probabilidad de lluvias para viernes y s\u00e1bado - Infoecos","robots":{"index":"index","follow":"follow","max-snippet":"max-snippet:-1","max-image-preview":"max-image-preview:large","max-video-preview":"max-video-preview:-1"},"canonical":"https:\/\/infoecos.com.ar\/index.php\/el-servicio-meteorologico-nacional-anticipa-un-40-por-ciento-de-lluvias-para-viernes-y-sabado\/","og_locale":"es_ES","og_type":"article","og_title":"El SMN anticipa 40 por ciento de probabilidad de lluvias para viernes y s\u00e1bado - Infoecos","og_description":"A partir de la tarde deL s\u00e1bado el sol se mostrar\u00e1 radiante, anticip\u00e1ndose que este estad\u00edo podr\u00eda extenderse hasta el lunes","og_url":"https:\/\/infoecos.com.ar\/index.php\/el-servicio-meteorologico-nacional-anticipa-un-40-por-ciento-de-lluvias-para-viernes-y-sabado\/","og_site_name":"Infoecos","article_publisher":"https:\/\/www.facebook.com\/profile.php?id=100063200290284","article_published_time":"2022-08-25T06:11:20+00:00","article_modified_time":"2022-08-25T18:44:07+00:00","og_image":[{"width":257,"height":256,"url":"https:\/\/infoecos.com.ar\/wp-content\/uploads\/2022\/08\/72-3.png","type":"image\/png"}],"author":"Jorge Matheus","twitter_card":"summary_large_image","twitter_creator":"@infoecos","twitter_site":"@infoecos","twitter_misc":{"Escrito por":"Jorge Matheus","Tiempo de lectura":"1 minuto"},"schema":{"@context":"https:\/\/schema.org","@graph":[{"@type":"Article","@id":"https:\/\/infoecos.com.ar\/index.php\/el-servicio-meteorologico-nacional-anticipa-un-40-por-ciento-de-lluvias-para-viernes-y-sabado\/#article","isPartOf":{"@id":"https:\/\/infoecos.com.ar\/index.php\/el-servicio-meteorologico-nacional-anticipa-un-40-por-ciento-de-lluvias-para-viernes-y-sabado\/"},"author":{"name":"Jorge Matheus","@id":"https:\/\/infoecos.com.ar\/#\/schema\/person\/8f5ace5ce73b4b4aac4b7245aee6f191"},"headline":"El SMN anticipa 40 por ciento de probabilidad de lluvias para viernes y s\u00e1bado","datePublished":"2022-08-25T06:11:20+00:00","dateModified":"2022-08-25T18:44:07+00:00","mainEntityOfPage":{"@id":"https:\/\/infoecos.com.ar\/index.php\/el-servicio-meteorologico-nacional-anticipa-un-40-por-ciento-de-lluvias-para-viernes-y-sabado\/"},"wordCount":127,"publisher":{"@id":"https:\/\/infoecos.com.ar\/#organization"},"image":{"@id":"https:\/\/infoecos.com.ar\/index.php\/el-servicio-meteorologico-nacional-anticipa-un-40-por-ciento-de-lluvias-para-viernes-y-sabado\/#primaryimage"},"thumbnailUrl":"https:\/\/infoecos.com.ar\/wp-content\/uploads\/2022\/08\/72-3.png","keywords":["Servicio meteorol\u00f3gico Nacional"],"articleSection":["Bloque inferior - 1"],"inLanguage":"es"},{"@type":"WebPage","@id":"https:\/\/infoecos.com.ar\/index.php\/el-servicio-meteorologico-nacional-anticipa-un-40-por-ciento-de-lluvias-para-viernes-y-sabado\/","url":"https:\/\/infoecos.com.ar\/index.php\/el-servicio-meteorologico-nacional-anticipa-un-40-por-ciento-de-lluvias-para-viernes-y-sabado\/","name":"El SMN anticipa 40 por ciento de probabilidad de lluvias para viernes y s\u00e1bado - Infoecos","isPartOf":{"@id":"https:\/\/infoecos.com.ar\/#website"},"primaryImageOfPage":{"@id":"https:\/\/infoecos.com.ar\/index.php\/el-servicio-meteorologico-nacional-anticipa-un-40-por-ciento-de-lluvias-para-viernes-y-sabado\/#primaryimage"},"image":{"@id":"https:\/\/infoecos.com.ar\/index.php\/el-servicio-meteorologico-nacional-anticipa-un-40-por-ciento-de-lluvias-para-viernes-y-sabado\/#primaryimage"},"thumbnailUrl":"https:\/\/infoecos.com.ar\/wp-content\/uploads\/2022\/08\/72-3.png","datePublished":"2022-08-25T06:11:20+00:00","dateModified":"2022-08-25T18:44:07+00:00","breadcrumb":{"@id":"https:\/\/infoecos.com.ar\/index.php\/el-servicio-meteorologico-nacional-anticipa-un-40-por-ciento-de-lluvias-para-viernes-y-sabado\/#breadcrumb"},"inLanguage":"es","potentialAction":[{"@type":"ReadAction","target":["https:\/\/infoecos.com.ar\/index.php\/el-servicio-meteorologico-nacional-anticipa-un-40-por-ciento-de-lluvias-para-viernes-y-sabado\/"]}]},{"@type":"ImageObject","inLanguage":"es","@id":"https:\/\/infoecos.com.ar\/index.php\/el-servicio-meteorologico-nacional-anticipa-un-40-por-ciento-de-lluvias-para-viernes-y-sabado\/#primaryimage","url":"https:\/\/infoecos.com.ar\/wp-content\/uploads\/2022\/08\/72-3.png","contentUrl":"https:\/\/infoecos.com.ar\/wp-content\/uploads\/2022\/08\/72-3.png","width":257,"height":256},{"@type":"BreadcrumbList","@id":"https:\/\/infoecos.com.ar\/index.php\/el-servicio-meteorologico-nacional-anticipa-un-40-por-ciento-de-lluvias-para-viernes-y-sabado\/#breadcrumb","itemListElement":[{"@type":"ListItem","position":1,"name":"Portada","item":"https:\/\/infoecos.com.ar\/"},{"@type":"ListItem","position":2,"name":"El SMN anticipa 40 por ciento de probabilidad de lluvias para viernes y s\u00e1bado"}]},{"@type":"WebSite","@id":"https:\/\/infoecos.com.ar\/#website","url":"https:\/\/infoecos.com.ar\/","name":"Infoecos","description":"Noticias de trenque lauquen y la zona","publisher":{"@id":"https:\/\/infoecos.com.ar\/#organization"},"alternateName":"Noticias","potentialAction":[{"@type":"SearchAction","target":{"@type":"EntryPoint","urlTemplate":"https:\/\/infoecos.com.ar\/?s={search_term_string}"},"query-input":{"@type":"PropertyValueSpecification","valueRequired":true,"valueName":"search_term_string"}}],"inLanguage":"es"},{"@type":"Organization","@id":"https:\/\/infoecos.com.ar\/#organization","name":"Infoecos","alternateName":"Noticias","url":"https:\/\/infoecos.com.ar\/","logo":{"@type":"ImageObject","inLanguage":"es","@id":"https:\/\/infoecos.com.ar\/#\/schema\/logo\/image\/","url":"https:\/\/infoecos.com.ar\/wp-content\/uploads\/2024\/03\/cropped-logo.png","contentUrl":"https:\/\/infoecos.com.ar\/wp-content\/uploads\/2024\/03\/cropped-logo.png","width":374,"height":90,"caption":"Infoecos"},"image":{"@id":"https:\/\/infoecos.com.ar\/#\/schema\/logo\/image\/"},"sameAs":["https:\/\/www.facebook.com\/profile.php?id=100063200290284","https:\/\/x.com\/infoecos"]},{"@type":"Person","@id":"https:\/\/infoecos.com.ar\/#\/schema\/person\/8f5ace5ce73b4b4aac4b7245aee6f191","name":"Jorge Matheus","url":"https:\/\/infoecos.com.ar\/index.php\/author\/jomatheus\/"}]}},"featured_image_urls":{"full":["https:\/\/infoecos.com.ar\/wp-content\/uploads\/2022\/08\/72-3.png",257,256,false],"thumbnail":["https:\/\/infoecos.com.ar\/wp-content\/uploads\/2022\/08\/72-3-150x150.png",150,150,true],"medium":["https:\/\/infoecos.com.ar\/wp-content\/uploads\/2022\/08\/72-3.png",257,256,false],"medium_large":["https:\/\/infoecos.com.ar\/wp-content\/uploads\/2022\/08\/72-3.png",257,256,false],"large":["https:\/\/infoecos.com.ar\/wp-content\/uploads\/2022\/08\/72-3.png",257,256,false],"1536x1536":["https:\/\/infoecos.com.ar\/wp-content\/uploads\/2022\/08\/72-3.png",257,256,false],"2048x2048":["https:\/\/infoecos.com.ar\/wp-content\/uploads\/2022\/08\/72-3.png",257,256,false],"covernews-slider-full":["https:\/\/infoecos.com.ar\/wp-content\/uploads\/2022\/08\/72-3.png",257,256,false],"covernews-slider-center":["https:\/\/infoecos.com.ar\/wp-content\/uploads\/2022\/08\/72-3.png",257,256,false],"covernews-featured":["https:\/\/infoecos.com.ar\/wp-content\/uploads\/2022\/08\/72-3.png",257,256,false],"covernews-medium":["https:\/\/infoecos.com.ar\/wp-content\/uploads\/2022\/08\/72-3.png",257,256,false],"covernews-medium-square":["https:\/\/infoecos.com.ar\/wp-content\/uploads\/2022\/08\/72-3.png",251,250,false]},"author_info":{"info":["Jorge Matheus"]},"category_info":"<a href=\"https:\/\/infoecos.com.ar\/index.php\/category\/inferior1\/\" rel=\"category tag\">Bloque inferior - 1<\/a>","tag_info":"Bloque inferior - 1","comment_count":"0","_links":{"self":[{"href":"https:\/\/infoecos.com.ar\/index.php\/wp-json\/wp\/v2\/posts\/96702"}],"collection":[{"href":"https:\/\/infoecos.com.ar\/index.php\/wp-json\/wp\/v2\/posts"}],"about":[{"href":"https:\/\/infoecos.com.ar\/index.php\/wp-json\/wp\/v2\/types\/post"}],"author":[{"embeddable":true,"href":"https:\/\/infoecos.com.ar\/index.php\/wp-json\/wp\/v2\/users\/2"}],"replies":[{"embeddable":true,"href":"https:\/\/infoecos.com.ar\/index.php\/wp-json\/wp\/v2\/comments?post=96702"}],"version-history":[{"count":2,"href":"https:\/\/infoecos.com.ar\/index.php\/wp-json\/wp\/v2\/posts\/96702\/revisions"}],"predecessor-version":[{"id":96712,"href":"https:\/\/infoecos.com.ar\/index.php\/wp-json\/wp\/v2\/posts\/96702\/revisions\/96712"}],"wp:featuredmedia":[{"embeddable":true,"href":"https:\/\/infoecos.com.ar\/index.php\/wp-json\/wp\/v2\/media\/96705"}],"wp:attachment":[{"href":"https:\/\/infoecos.com.ar\/index.php\/wp-json\/wp\/v2\/media?parent=96702"}],"wp:term":[{"taxonomy":"category","embeddable":true,"href":"https:\/\/infoecos.com.ar\/index.php\/wp-json\/wp\/v2\/categories?post=96702"},{"taxonomy":"post_tag","embeddable":true,"href":"https:\/\/infoecos.com.ar\/index.php\/wp-json\/wp\/v2\/tags?post=96702"}],"curies":[{"name":"wp","href":"https:\/\/api.w.org\/{rel}","templated":true}]}}