{"id":96721,"date":"2022-08-25T04:08:17","date_gmt":"2022-08-25T07:08:17","guid":{"rendered":"http:\/\/infoecos.com.ar\/?p=96721"},"modified":"2022-08-25T04:08:27","modified_gmt":"2022-08-25T07:08:27","slug":"la-orquesta-de-tango-de-trenque-lauquen-en-la-biblioteca-rivadavia","status":"publish","type":"post","link":"https:\/\/infoecos.com.ar\/index.php\/la-orquesta-de-tango-de-trenque-lauquen-en-la-biblioteca-rivadavia\/","title":{"rendered":"La Orquesta de Tango de Trenque Lauquen en la Biblioteca Rivadavia"},"content":{"rendered":"\n<p>La Orquesta de Tango de Trenque Lauquen, agrupaci\u00f3n que dirige Mart\u00edn Larroud\u00e9 y perteneciente a la Escuela Municipal de M\u00fasica, presentar\u00e1 este s\u00e1bado desde las 21 en la Biblioteca P\u00fablica Rivadavia el concierto <strong>\u201c<em>Tangos entre Libros<\/em>\u201d<\/strong>.<\/p>\n\n\n\n<figure class=\"wp-block-image aligncenter size-large is-resized\"><img loading=\"lazy\" decoding=\"async\" src=\"http:\/\/infoecos.com.ar\/wp-content\/uploads\/2022\/08\/Orquesta-de-Tango-920x613.jpg\" alt=\"\" class=\"wp-image-96722\" width=\"529\" height=\"352\" srcset=\"https:\/\/infoecos.com.ar\/wp-content\/uploads\/2022\/08\/Orquesta-de-Tango-920x613.jpg 920w, https:\/\/infoecos.com.ar\/wp-content\/uploads\/2022\/08\/Orquesta-de-Tango-460x307.jpg 460w, https:\/\/infoecos.com.ar\/wp-content\/uploads\/2022\/08\/Orquesta-de-Tango-768x512.jpg 768w, https:\/\/infoecos.com.ar\/wp-content\/uploads\/2022\/08\/Orquesta-de-Tango-1536x1020.jpg 1536w, https:\/\/infoecos.com.ar\/wp-content\/uploads\/2022\/08\/Orquesta-de-Tango-1024x683.jpg 1024w, https:\/\/infoecos.com.ar\/wp-content\/uploads\/2022\/08\/Orquesta-de-Tango-675x450.jpg 675w, https:\/\/infoecos.com.ar\/wp-content\/uploads\/2022\/08\/Orquesta-de-Tango.jpg 2048w\" sizes=\"(max-width: 529px) 100vw, 529px\" \/><figcaption>Orquesta de Tango de Trenque Lauquen<\/figcaption><\/figure>\n\n\n\n<p>Las entradas tienen un valor de 500 pesos, y se pueden adquirir en la Biblioteca y en La Naturista (Villegas 680). <\/p>\n\n\n\n<p>El concierto es a beneficio de la instituci\u00f3n.<\/p>\n","protected":false},"excerpt":{"rendered":"<p>Presentar\u00e1 este s\u00e1bado desde las 21 en la Biblioteca P\u00fablica Rivadavia el concierto \u201cTangos entre Libros\u201d<\/p>\n","protected":false},"author":2,"featured_media":96722,"comment_status":"closed","ping_status":"open","sticky":false,"template":"","format":"standard","meta":{"footnotes":""},"categories":[48],"tags":[6633],"class_list":["post-96721","post","type-post","status-publish","format-standard","has-post-thumbnail","hentry","category-c2nota3","tag-el-sabado-27"],"yoast_head":"<!-- This site is optimized with the Yoast SEO plugin v23.4 - https:\/\/yoast.com\/wordpress\/plugins\/seo\/ -->\n<title>La Orquesta de Tango de Trenque Lauquen en la Biblioteca Rivadavia - Infoecos<\/title>\n<meta name=\"robots\" content=\"index, follow, max-snippet:-1, max-image-preview:large, max-video-preview:-1\" \/>\n<link rel=\"canonical\" href=\"https:\/\/infoecos.com.ar\/index.php\/la-orquesta-de-tango-de-trenque-lauquen-en-la-biblioteca-rivadavia\/\" \/>\n<meta property=\"og:locale\" content=\"es_ES\" \/>\n<meta property=\"og:type\" content=\"article\" \/>\n<meta property=\"og:title\" content=\"La Orquesta de Tango de Trenque Lauquen en la Biblioteca Rivadavia - Infoecos\" \/>\n<meta property=\"og:description\" content=\"Presentar\u00e1 este s\u00e1bado desde las 21 en la Biblioteca P\u00fablica Rivadavia el concierto \u201cTangos entre Libros\u201d\" \/>\n<meta property=\"og:url\" content=\"https:\/\/infoecos.com.ar\/index.php\/la-orquesta-de-tango-de-trenque-lauquen-en-la-biblioteca-rivadavia\/\" \/>\n<meta property=\"og:site_name\" content=\"Infoecos\" \/>\n<meta property=\"article:publisher\" content=\"https:\/\/www.facebook.com\/profile.php?id=100063200290284\" \/>\n<meta property=\"article:published_time\" content=\"2022-08-25T07:08:17+00:00\" \/>\n<meta property=\"article:modified_time\" content=\"2022-08-25T07:08:27+00:00\" \/>\n<meta property=\"og:image\" content=\"https:\/\/infoecos.com.ar\/wp-content\/uploads\/2022\/08\/Orquesta-de-Tango.jpg\" \/>\n\t<meta property=\"og:image:width\" content=\"2048\" \/>\n\t<meta property=\"og:image:height\" content=\"1365\" \/>\n\t<meta property=\"og:image:type\" content=\"image\/jpeg\" \/>\n<meta name=\"author\" content=\"Jorge Matheus\" \/>\n<meta name=\"twitter:card\" content=\"summary_large_image\" \/>\n<meta name=\"twitter:creator\" content=\"@infoecos\" \/>\n<meta name=\"twitter:site\" content=\"@infoecos\" \/>\n<meta name=\"twitter:label1\" content=\"Escrito por\" \/>\n\t<meta name=\"twitter:data1\" content=\"Jorge Matheus\" \/>\n<script type=\"application\/ld+json\" class=\"yoast-schema-graph\">{\"@context\":\"https:\/\/schema.org\",\"@graph\":[{\"@type\":\"Article\",\"@id\":\"https:\/\/infoecos.com.ar\/index.php\/la-orquesta-de-tango-de-trenque-lauquen-en-la-biblioteca-rivadavia\/#article\",\"isPartOf\":{\"@id\":\"https:\/\/infoecos.com.ar\/index.php\/la-orquesta-de-tango-de-trenque-lauquen-en-la-biblioteca-rivadavia\/\"},\"author\":{\"name\":\"Jorge Matheus\",\"@id\":\"https:\/\/infoecos.com.ar\/#\/schema\/person\/8f5ace5ce73b4b4aac4b7245aee6f191\"},\"headline\":\"La Orquesta de Tango de Trenque Lauquen en la Biblioteca Rivadavia\",\"datePublished\":\"2022-08-25T07:08:17+00:00\",\"dateModified\":\"2022-08-25T07:08:27+00:00\",\"mainEntityOfPage\":{\"@id\":\"https:\/\/infoecos.com.ar\/index.php\/la-orquesta-de-tango-de-trenque-lauquen-en-la-biblioteca-rivadavia\/\"},\"wordCount\":85,\"publisher\":{\"@id\":\"https:\/\/infoecos.com.ar\/#organization\"},\"image\":{\"@id\":\"https:\/\/infoecos.com.ar\/index.php\/la-orquesta-de-tango-de-trenque-lauquen-en-la-biblioteca-rivadavia\/#primaryimage\"},\"thumbnailUrl\":\"https:\/\/infoecos.com.ar\/wp-content\/uploads\/2022\/08\/Orquesta-de-Tango.jpg\",\"keywords\":[\"el s\u00e1bado 27\"],\"articleSection\":[\"C2 N3\"],\"inLanguage\":\"es\"},{\"@type\":\"WebPage\",\"@id\":\"https:\/\/infoecos.com.ar\/index.php\/la-orquesta-de-tango-de-trenque-lauquen-en-la-biblioteca-rivadavia\/\",\"url\":\"https:\/\/infoecos.com.ar\/index.php\/la-orquesta-de-tango-de-trenque-lauquen-en-la-biblioteca-rivadavia\/\",\"name\":\"La Orquesta de Tango de Trenque Lauquen en la Biblioteca Rivadavia - Infoecos\",\"isPartOf\":{\"@id\":\"https:\/\/infoecos.com.ar\/#website\"},\"primaryImageOfPage\":{\"@id\":\"https:\/\/infoecos.com.ar\/index.php\/la-orquesta-de-tango-de-trenque-lauquen-en-la-biblioteca-rivadavia\/#primaryimage\"},\"image\":{\"@id\":\"https:\/\/infoecos.com.ar\/index.php\/la-orquesta-de-tango-de-trenque-lauquen-en-la-biblioteca-rivadavia\/#primaryimage\"},\"thumbnailUrl\":\"https:\/\/infoecos.com.ar\/wp-content\/uploads\/2022\/08\/Orquesta-de-Tango.jpg\",\"datePublished\":\"2022-08-25T07:08:17+00:00\",\"dateModified\":\"2022-08-25T07:08:27+00:00\",\"breadcrumb\":{\"@id\":\"https:\/\/infoecos.com.ar\/index.php\/la-orquesta-de-tango-de-trenque-lauquen-en-la-biblioteca-rivadavia\/#breadcrumb\"},\"inLanguage\":\"es\",\"potentialAction\":[{\"@type\":\"ReadAction\",\"target\":[\"https:\/\/infoecos.com.ar\/index.php\/la-orquesta-de-tango-de-trenque-lauquen-en-la-biblioteca-rivadavia\/\"]}]},{\"@type\":\"ImageObject\",\"inLanguage\":\"es\",\"@id\":\"https:\/\/infoecos.com.ar\/index.php\/la-orquesta-de-tango-de-trenque-lauquen-en-la-biblioteca-rivadavia\/#primaryimage\",\"url\":\"https:\/\/infoecos.com.ar\/wp-content\/uploads\/2022\/08\/Orquesta-de-Tango.jpg\",\"contentUrl\":\"https:\/\/infoecos.com.ar\/wp-content\/uploads\/2022\/08\/Orquesta-de-Tango.jpg\",\"width\":2048,\"height\":1365},{\"@type\":\"BreadcrumbList\",\"@id\":\"https:\/\/infoecos.com.ar\/index.php\/la-orquesta-de-tango-de-trenque-lauquen-en-la-biblioteca-rivadavia\/#breadcrumb\",\"itemListElement\":[{\"@type\":\"ListItem\",\"position\":1,\"name\":\"Portada\",\"item\":\"https:\/\/infoecos.com.ar\/\"},{\"@type\":\"ListItem\",\"position\":2,\"name\":\"La Orquesta de Tango de Trenque Lauquen en la Biblioteca Rivadavia\"}]},{\"@type\":\"WebSite\",\"@id\":\"https:\/\/infoecos.com.ar\/#website\",\"url\":\"https:\/\/infoecos.com.ar\/\",\"name\":\"Infoecos\",\"description\":\"Noticias de trenque lauquen y la zona\",\"publisher\":{\"@id\":\"https:\/\/infoecos.com.ar\/#organization\"},\"alternateName\":\"Noticias\",\"potentialAction\":[{\"@type\":\"SearchAction\",\"target\":{\"@type\":\"EntryPoint\",\"urlTemplate\":\"https:\/\/infoecos.com.ar\/?s={search_term_string}\"},\"query-input\":{\"@type\":\"PropertyValueSpecification\",\"valueRequired\":true,\"valueName\":\"search_term_string\"}}],\"inLanguage\":\"es\"},{\"@type\":\"Organization\",\"@id\":\"https:\/\/infoecos.com.ar\/#organization\",\"name\":\"Infoecos\",\"alternateName\":\"Noticias\",\"url\":\"https:\/\/infoecos.com.ar\/\",\"logo\":{\"@type\":\"ImageObject\",\"inLanguage\":\"es\",\"@id\":\"https:\/\/infoecos.com.ar\/#\/schema\/logo\/image\/\",\"url\":\"https:\/\/infoecos.com.ar\/wp-content\/uploads\/2024\/03\/cropped-logo.png\",\"contentUrl\":\"https:\/\/infoecos.com.ar\/wp-content\/uploads\/2024\/03\/cropped-logo.png\",\"width\":374,\"height\":90,\"caption\":\"Infoecos\"},\"image\":{\"@id\":\"https:\/\/infoecos.com.ar\/#\/schema\/logo\/image\/\"},\"sameAs\":[\"https:\/\/www.facebook.com\/profile.php?id=100063200290284\",\"https:\/\/x.com\/infoecos\"]},{\"@type\":\"Person\",\"@id\":\"https:\/\/infoecos.com.ar\/#\/schema\/person\/8f5ace5ce73b4b4aac4b7245aee6f191\",\"name\":\"Jorge Matheus\",\"url\":\"https:\/\/infoecos.com.ar\/index.php\/author\/jomatheus\/\"}]}<\/script>\n<!-- \/ Yoast SEO plugin. -->","yoast_head_json":{"title":"La Orquesta de Tango de Trenque Lauquen en la Biblioteca Rivadavia - Infoecos","robots":{"index":"index","follow":"follow","max-snippet":"max-snippet:-1","max-image-preview":"max-image-preview:large","max-video-preview":"max-video-preview:-1"},"canonical":"https:\/\/infoecos.com.ar\/index.php\/la-orquesta-de-tango-de-trenque-lauquen-en-la-biblioteca-rivadavia\/","og_locale":"es_ES","og_type":"article","og_title":"La Orquesta de Tango de Trenque Lauquen en la Biblioteca Rivadavia - Infoecos","og_description":"Presentar\u00e1 este s\u00e1bado desde las 21 en la Biblioteca P\u00fablica Rivadavia el concierto \u201cTangos entre Libros\u201d","og_url":"https:\/\/infoecos.com.ar\/index.php\/la-orquesta-de-tango-de-trenque-lauquen-en-la-biblioteca-rivadavia\/","og_site_name":"Infoecos","article_publisher":"https:\/\/www.facebook.com\/profile.php?id=100063200290284","article_published_time":"2022-08-25T07:08:17+00:00","article_modified_time":"2022-08-25T07:08:27+00:00","og_image":[{"width":2048,"height":1365,"url":"https:\/\/infoecos.com.ar\/wp-content\/uploads\/2022\/08\/Orquesta-de-Tango.jpg","type":"image\/jpeg"}],"author":"Jorge Matheus","twitter_card":"summary_large_image","twitter_creator":"@infoecos","twitter_site":"@infoecos","twitter_misc":{"Escrito por":"Jorge Matheus"},"schema":{"@context":"https:\/\/schema.org","@graph":[{"@type":"Article","@id":"https:\/\/infoecos.com.ar\/index.php\/la-orquesta-de-tango-de-trenque-lauquen-en-la-biblioteca-rivadavia\/#article","isPartOf":{"@id":"https:\/\/infoecos.com.ar\/index.php\/la-orquesta-de-tango-de-trenque-lauquen-en-la-biblioteca-rivadavia\/"},"author":{"name":"Jorge Matheus","@id":"https:\/\/infoecos.com.ar\/#\/schema\/person\/8f5ace5ce73b4b4aac4b7245aee6f191"},"headline":"La Orquesta de Tango de Trenque Lauquen en la Biblioteca Rivadavia","datePublished":"2022-08-25T07:08:17+00:00","dateModified":"2022-08-25T07:08:27+00:00","mainEntityOfPage":{"@id":"https:\/\/infoecos.com.ar\/index.php\/la-orquesta-de-tango-de-trenque-lauquen-en-la-biblioteca-rivadavia\/"},"wordCount":85,"publisher":{"@id":"https:\/\/infoecos.com.ar\/#organization"},"image":{"@id":"https:\/\/infoecos.com.ar\/index.php\/la-orquesta-de-tango-de-trenque-lauquen-en-la-biblioteca-rivadavia\/#primaryimage"},"thumbnailUrl":"https:\/\/infoecos.com.ar\/wp-content\/uploads\/2022\/08\/Orquesta-de-Tango.jpg","keywords":["el s\u00e1bado 27"],"articleSection":["C2 N3"],"inLanguage":"es"},{"@type":"WebPage","@id":"https:\/\/infoecos.com.ar\/index.php\/la-orquesta-de-tango-de-trenque-lauquen-en-la-biblioteca-rivadavia\/","url":"https:\/\/infoecos.com.ar\/index.php\/la-orquesta-de-tango-de-trenque-lauquen-en-la-biblioteca-rivadavia\/","name":"La Orquesta de Tango de Trenque Lauquen en la Biblioteca Rivadavia - Infoecos","isPartOf":{"@id":"https:\/\/infoecos.com.ar\/#website"},"primaryImageOfPage":{"@id":"https:\/\/infoecos.com.ar\/index.php\/la-orquesta-de-tango-de-trenque-lauquen-en-la-biblioteca-rivadavia\/#primaryimage"},"image":{"@id":"https:\/\/infoecos.com.ar\/index.php\/la-orquesta-de-tango-de-trenque-lauquen-en-la-biblioteca-rivadavia\/#primaryimage"},"thumbnailUrl":"https:\/\/infoecos.com.ar\/wp-content\/uploads\/2022\/08\/Orquesta-de-Tango.jpg","datePublished":"2022-08-25T07:08:17+00:00","dateModified":"2022-08-25T07:08:27+00:00","breadcrumb":{"@id":"https:\/\/infoecos.com.ar\/index.php\/la-orquesta-de-tango-de-trenque-lauquen-en-la-biblioteca-rivadavia\/#breadcrumb"},"inLanguage":"es","potentialAction":[{"@type":"ReadAction","target":["https:\/\/infoecos.com.ar\/index.php\/la-orquesta-de-tango-de-trenque-lauquen-en-la-biblioteca-rivadavia\/"]}]},{"@type":"ImageObject","inLanguage":"es","@id":"https:\/\/infoecos.com.ar\/index.php\/la-orquesta-de-tango-de-trenque-lauquen-en-la-biblioteca-rivadavia\/#primaryimage","url":"https:\/\/infoecos.com.ar\/wp-content\/uploads\/2022\/08\/Orquesta-de-Tango.jpg","contentUrl":"https:\/\/infoecos.com.ar\/wp-content\/uploads\/2022\/08\/Orquesta-de-Tango.jpg","width":2048,"height":1365},{"@type":"BreadcrumbList","@id":"https:\/\/infoecos.com.ar\/index.php\/la-orquesta-de-tango-de-trenque-lauquen-en-la-biblioteca-rivadavia\/#breadcrumb","itemListElement":[{"@type":"ListItem","position":1,"name":"Portada","item":"https:\/\/infoecos.com.ar\/"},{"@type":"ListItem","position":2,"name":"La Orquesta de Tango de Trenque Lauquen en la Biblioteca Rivadavia"}]},{"@type":"WebSite","@id":"https:\/\/infoecos.com.ar\/#website","url":"https:\/\/infoecos.com.ar\/","name":"Infoecos","description":"Noticias de trenque lauquen y la zona","publisher":{"@id":"https:\/\/infoecos.com.ar\/#organization"},"alternateName":"Noticias","potentialAction":[{"@type":"SearchAction","target":{"@type":"EntryPoint","urlTemplate":"https:\/\/infoecos.com.ar\/?s={search_term_string}"},"query-input":{"@type":"PropertyValueSpecification","valueRequired":true,"valueName":"search_term_string"}}],"inLanguage":"es"},{"@type":"Organization","@id":"https:\/\/infoecos.com.ar\/#organization","name":"Infoecos","alternateName":"Noticias","url":"https:\/\/infoecos.com.ar\/","logo":{"@type":"ImageObject","inLanguage":"es","@id":"https:\/\/infoecos.com.ar\/#\/schema\/logo\/image\/","url":"https:\/\/infoecos.com.ar\/wp-content\/uploads\/2024\/03\/cropped-logo.png","contentUrl":"https:\/\/infoecos.com.ar\/wp-content\/uploads\/2024\/03\/cropped-logo.png","width":374,"height":90,"caption":"Infoecos"},"image":{"@id":"https:\/\/infoecos.com.ar\/#\/schema\/logo\/image\/"},"sameAs":["https:\/\/www.facebook.com\/profile.php?id=100063200290284","https:\/\/x.com\/infoecos"]},{"@type":"Person","@id":"https:\/\/infoecos.com.ar\/#\/schema\/person\/8f5ace5ce73b4b4aac4b7245aee6f191","name":"Jorge Matheus","url":"https:\/\/infoecos.com.ar\/index.php\/author\/jomatheus\/"}]}},"featured_image_urls":{"full":["https:\/\/infoecos.com.ar\/wp-content\/uploads\/2022\/08\/Orquesta-de-Tango.jpg",2048,1365,false],"thumbnail":["https:\/\/infoecos.com.ar\/wp-content\/uploads\/2022\/08\/Orquesta-de-Tango-150x150.jpg",150,150,true],"medium":["https:\/\/infoecos.com.ar\/wp-content\/uploads\/2022\/08\/Orquesta-de-Tango-460x307.jpg",460,307,true],"medium_large":["https:\/\/infoecos.com.ar\/wp-content\/uploads\/2022\/08\/Orquesta-de-Tango-768x512.jpg",640,427,true],"large":["https:\/\/infoecos.com.ar\/wp-content\/uploads\/2022\/08\/Orquesta-de-Tango-920x613.jpg",640,426,true],"1536x1536":["https:\/\/infoecos.com.ar\/wp-content\/uploads\/2022\/08\/Orquesta-de-Tango-1536x1024.jpg",1536,1024,true],"2048x2048":["https:\/\/infoecos.com.ar\/wp-content\/uploads\/2022\/08\/Orquesta-de-Tango.jpg",2048,1365,false],"covernews-slider-full":["https:\/\/infoecos.com.ar\/wp-content\/uploads\/2022\/08\/Orquesta-de-Tango-1536x1020.jpg",1077,715,true],"covernews-slider-center":["https:\/\/infoecos.com.ar\/wp-content\/uploads\/2022\/08\/Orquesta-de-Tango-936x897.jpg",522,500,true],"covernews-featured":["https:\/\/infoecos.com.ar\/wp-content\/uploads\/2022\/08\/Orquesta-de-Tango-1024x683.jpg",1024,683,true],"covernews-medium":["https:\/\/infoecos.com.ar\/wp-content\/uploads\/2022\/08\/Orquesta-de-Tango-720x380.jpg",540,285,true],"covernews-medium-square":["https:\/\/infoecos.com.ar\/wp-content\/uploads\/2022\/08\/Orquesta-de-Tango-675x450.jpg",375,250,true]},"author_info":{"info":["Jorge Matheus"]},"category_info":"<a href=\"https:\/\/infoecos.com.ar\/index.php\/category\/c2nota3\/\" rel=\"category tag\">C2 N3<\/a>","tag_info":"C2 N3","comment_count":"0","_links":{"self":[{"href":"https:\/\/infoecos.com.ar\/index.php\/wp-json\/wp\/v2\/posts\/96721"}],"collection":[{"href":"https:\/\/infoecos.com.ar\/index.php\/wp-json\/wp\/v2\/posts"}],"about":[{"href":"https:\/\/infoecos.com.ar\/index.php\/wp-json\/wp\/v2\/types\/post"}],"author":[{"embeddable":true,"href":"https:\/\/infoecos.com.ar\/index.php\/wp-json\/wp\/v2\/users\/2"}],"replies":[{"embeddable":true,"href":"https:\/\/infoecos.com.ar\/index.php\/wp-json\/wp\/v2\/comments?post=96721"}],"version-history":[{"count":1,"href":"https:\/\/infoecos.com.ar\/index.php\/wp-json\/wp\/v2\/posts\/96721\/revisions"}],"predecessor-version":[{"id":96723,"href":"https:\/\/infoecos.com.ar\/index.php\/wp-json\/wp\/v2\/posts\/96721\/revisions\/96723"}],"wp:featuredmedia":[{"embeddable":true,"href":"https:\/\/infoecos.com.ar\/index.php\/wp-json\/wp\/v2\/media\/96722"}],"wp:attachment":[{"href":"https:\/\/infoecos.com.ar\/index.php\/wp-json\/wp\/v2\/media?parent=96721"}],"wp:term":[{"taxonomy":"category","embeddable":true,"href":"https:\/\/infoecos.com.ar\/index.php\/wp-json\/wp\/v2\/categories?post=96721"},{"taxonomy":"post_tag","embeddable":true,"href":"https:\/\/infoecos.com.ar\/index.php\/wp-json\/wp\/v2\/tags?post=96721"}],"curies":[{"name":"wp","href":"https:\/\/api.w.org\/{rel}","templated":true}]}}