{"id":96749,"date":"2022-08-25T21:07:26","date_gmt":"2022-08-26T00:07:26","guid":{"rendered":"http:\/\/infoecos.com.ar\/?p=96749"},"modified":"2022-08-28T05:42:52","modified_gmt":"2022-08-28T08:42:52","slug":"zurro-no-afloja-con-sus-expresiones-batalladoras-los-traidores-y-cagones-que-se-vayan-a-vender-caramelos","status":"publish","type":"post","link":"https:\/\/infoecos.com.ar\/index.php\/zurro-no-afloja-con-sus-expresiones-batalladoras-los-traidores-y-cagones-que-se-vayan-a-vender-caramelos\/","title":{"rendered":"Zurro no afloja con sus expresiones batalladoras: \u00a0\u00ablos traidores y cagones que se vayan a vender caramelos\u201d"},"content":{"rendered":"\n<p>El&nbsp;intendente de Pehuaj\u00f3,&nbsp;<strong>Pablo Zurro<\/strong>, habl\u00f3 con&nbsp;<strong>Todo Provincial RADIO<\/strong>&nbsp;respecto a la situaci\u00f3n judicial de Cristina Kirchner. El dirigente dijo no creer que la justicia avance con la detenci\u00f3n o proscripci\u00f3n de la vicepresidenta y manifest\u00f3 duras palabras contra el fiscal Diego Luciani.<\/p>\n\n\n\n<figure class=\"wp-block-image aligncenter size-large is-resized\"><img loading=\"lazy\" decoding=\"async\" src=\"http:\/\/infoecos.com.ar\/wp-content\/uploads\/2022\/04\/zurro-2-920x551.png\" alt=\"\" class=\"wp-image-90676\" width=\"593\" height=\"355\" srcset=\"https:\/\/infoecos.com.ar\/wp-content\/uploads\/2022\/04\/zurro-2-920x551.png 920w, https:\/\/infoecos.com.ar\/wp-content\/uploads\/2022\/04\/zurro-2-460x276.png 460w, https:\/\/infoecos.com.ar\/wp-content\/uploads\/2022\/04\/zurro-2-768x460.png 768w, https:\/\/infoecos.com.ar\/wp-content\/uploads\/2022\/04\/zurro-2-1024x613.png 1024w, https:\/\/infoecos.com.ar\/wp-content\/uploads\/2022\/04\/zurro-2.png 1282w\" sizes=\"(max-width: 593px) 100vw, 593px\" \/><\/figure>\n\n\n\n<p><strong>\u201cCristina estuvo brillante como siempre<\/strong>. Se destac\u00f3 m\u00e1s ante el contraste con lo nefasto y el fiscal Luciani\u201d, opin\u00f3 Zurro sobre el descargo de Cristina Kirchner y apunt\u00f3: \u201c<strong>L\u00f3pez (Jos\u00e9) adem\u00e1s de ladr\u00f3n era una porquer\u00eda pero no siguieron averiguando su relaci\u00f3n con Caputo<\/strong>, hermano de Macri\u201d.<\/p>\n\n\n\n<p>\u201cAhora la respuesta la debe dar la justicia,&nbsp;<strong>todos estamos esperando que act\u00faen los jueces y que a Cristina no le pase nada<\/strong>\u201c, asegur\u00f3 el dirigente peronista.<\/p>\n\n\n\n<p>El intendente de Pehuaj\u00f3 asegur\u00f3 que es \u201cun momento complejo\u201d, y denunci\u00f3: \u201cEl porte\u00f1ito Larreta en lugar de cuidar a una persona que era agredida mand\u00f3 a agredir a quienes la fueron a cuidar\u201d. De todos modos, consider\u00f3 que \u201c<strong>no le va a alcanzar a Larreta con la polic\u00eda porque si tocan a Cristina habr\u00e1 una movilizaci\u00f3n de un mill\u00f3n de personas\u201d.<\/strong><\/p>\n\n\n\n<p>\u201cCristina representa todo lo popular. La tenemos que cuidar, m\u00e1s de lo que nos ha dado no nos puede dar.&nbsp;<strong>Ellos saben que es la \u00fanica que puede modificar el estado de las cosas<\/strong>\u201c, opin\u00f3 Pablo Zurro.<\/p>\n\n\n\n<p>Y agreg\u00f3: \u201cEsto es un envi\u00f3n m\u00e1s, los que tienen miedo que le compren caramelos al poder real. Muchos de nosotros no tenemos ning\u00fan miedo. Tenemos como referente a Cristina a la que m\u00e1s cosas no le pueden hacer.&nbsp;<strong>Los traidores y los cagones que se vayan a vender caramelos\u201d.<\/strong><\/p>\n\n\n\n<p>Sobre las pr\u00f3ximas elecciones, el jefe comunal asegur\u00f3: \u201cCreo que Cristina&nbsp;<strong>tiene que ser la candidata a presidenta en 2023.<\/strong>&nbsp;No soy vocero de ella pero creo Cristina&nbsp;<strong>es tan grande en la historia que no depender\u00e1 de ella decir que si<\/strong>. Es como cuando dicen que N\u00e9stor no pudo parar y dio la vida por nosotros. Es dif\u00edcil de comprender para un ser humano racional que no est\u00e1 en ese lugar. Cristina est\u00e1 quedando como lo m\u00e1s grande en la historia argentina\u201d.<\/p>\n","protected":false},"excerpt":{"rendered":"<p>\u00abSi tocan a Cristina habr\u00e1 una movilizaci\u00f3n de un mill\u00f3n de personas\u201d, dijo el mandatario comunal ultra k a Todo Provincial RADIO\u00a0<\/p>\n","protected":false},"author":2,"featured_media":96619,"comment_status":"closed","ping_status":"open","sticky":false,"template":"","format":"standard","meta":{"footnotes":""},"categories":[43],"tags":[6605],"class_list":["post-96749","post","type-post","status-publish","format-standard","has-post-thumbnail","hentry","category-inferior4","tag-causa-vialidad"],"yoast_head":"<!-- This site is optimized with the Yoast SEO plugin v23.4 - https:\/\/yoast.com\/wordpress\/plugins\/seo\/ -->\n<title>Zurro no afloja con sus expresiones batalladoras: \u00a0&quot;los traidores y cagones que se vayan a vender caramelos\u201d - Infoecos<\/title>\n<meta name=\"robots\" content=\"index, follow, max-snippet:-1, max-image-preview:large, max-video-preview:-1\" \/>\n<link rel=\"canonical\" href=\"https:\/\/infoecos.com.ar\/index.php\/zurro-no-afloja-con-sus-expresiones-batalladoras-los-traidores-y-cagones-que-se-vayan-a-vender-caramelos\/\" \/>\n<meta property=\"og:locale\" content=\"es_ES\" \/>\n<meta property=\"og:type\" content=\"article\" \/>\n<meta property=\"og:title\" content=\"Zurro no afloja con sus expresiones batalladoras: \u00a0&quot;los traidores y cagones que se vayan a vender caramelos\u201d - Infoecos\" \/>\n<meta property=\"og:description\" content=\"&quot;Si tocan a Cristina habr\u00e1 una movilizaci\u00f3n de un mill\u00f3n de personas\u201d, dijo el mandatario comunal ultra k a Todo Provincial RADIO\u00a0\" \/>\n<meta property=\"og:url\" content=\"https:\/\/infoecos.com.ar\/index.php\/zurro-no-afloja-con-sus-expresiones-batalladoras-los-traidores-y-cagones-que-se-vayan-a-vender-caramelos\/\" \/>\n<meta property=\"og:site_name\" content=\"Infoecos\" \/>\n<meta property=\"article:publisher\" content=\"https:\/\/www.facebook.com\/profile.php?id=100063200290284\" \/>\n<meta property=\"article:published_time\" content=\"2022-08-26T00:07:26+00:00\" \/>\n<meta property=\"article:modified_time\" content=\"2022-08-28T08:42:52+00:00\" \/>\n<meta property=\"og:image\" content=\"https:\/\/infoecos.com.ar\/wp-content\/uploads\/2022\/08\/cfkcausavialidadcasa.jpg\" \/>\n\t<meta property=\"og:image:width\" content=\"900\" \/>\n\t<meta property=\"og:image:height\" content=\"506\" \/>\n\t<meta property=\"og:image:type\" content=\"image\/jpeg\" \/>\n<meta name=\"author\" content=\"Jorge Matheus\" \/>\n<meta name=\"twitter:card\" content=\"summary_large_image\" \/>\n<meta name=\"twitter:creator\" content=\"@infoecos\" \/>\n<meta name=\"twitter:site\" content=\"@infoecos\" \/>\n<meta name=\"twitter:label1\" content=\"Escrito por\" \/>\n\t<meta name=\"twitter:data1\" content=\"Jorge Matheus\" \/>\n\t<meta name=\"twitter:label2\" content=\"Tiempo de lectura\" \/>\n\t<meta name=\"twitter:data2\" content=\"2 minutos\" \/>\n<script type=\"application\/ld+json\" class=\"yoast-schema-graph\">{\"@context\":\"https:\/\/schema.org\",\"@graph\":[{\"@type\":\"Article\",\"@id\":\"https:\/\/infoecos.com.ar\/index.php\/zurro-no-afloja-con-sus-expresiones-batalladoras-los-traidores-y-cagones-que-se-vayan-a-vender-caramelos\/#article\",\"isPartOf\":{\"@id\":\"https:\/\/infoecos.com.ar\/index.php\/zurro-no-afloja-con-sus-expresiones-batalladoras-los-traidores-y-cagones-que-se-vayan-a-vender-caramelos\/\"},\"author\":{\"name\":\"Jorge Matheus\",\"@id\":\"https:\/\/infoecos.com.ar\/#\/schema\/person\/8f5ace5ce73b4b4aac4b7245aee6f191\"},\"headline\":\"Zurro no afloja con sus expresiones batalladoras: \u00a0\u00ablos traidores y cagones que se vayan a vender caramelos\u201d\",\"datePublished\":\"2022-08-26T00:07:26+00:00\",\"dateModified\":\"2022-08-28T08:42:52+00:00\",\"mainEntityOfPage\":{\"@id\":\"https:\/\/infoecos.com.ar\/index.php\/zurro-no-afloja-con-sus-expresiones-batalladoras-los-traidores-y-cagones-que-se-vayan-a-vender-caramelos\/\"},\"wordCount\":400,\"publisher\":{\"@id\":\"https:\/\/infoecos.com.ar\/#organization\"},\"image\":{\"@id\":\"https:\/\/infoecos.com.ar\/index.php\/zurro-no-afloja-con-sus-expresiones-batalladoras-los-traidores-y-cagones-que-se-vayan-a-vender-caramelos\/#primaryimage\"},\"thumbnailUrl\":\"https:\/\/infoecos.com.ar\/wp-content\/uploads\/2022\/08\/cfkcausavialidadcasa.jpg\",\"keywords\":[\"CAUSA VIALIDAD\"],\"articleSection\":[\"Bloque inferior - 4\"],\"inLanguage\":\"es\"},{\"@type\":\"WebPage\",\"@id\":\"https:\/\/infoecos.com.ar\/index.php\/zurro-no-afloja-con-sus-expresiones-batalladoras-los-traidores-y-cagones-que-se-vayan-a-vender-caramelos\/\",\"url\":\"https:\/\/infoecos.com.ar\/index.php\/zurro-no-afloja-con-sus-expresiones-batalladoras-los-traidores-y-cagones-que-se-vayan-a-vender-caramelos\/\",\"name\":\"Zurro no afloja con sus expresiones batalladoras: \u00a0\\\"los traidores y cagones que se vayan a vender caramelos\u201d - Infoecos\",\"isPartOf\":{\"@id\":\"https:\/\/infoecos.com.ar\/#website\"},\"primaryImageOfPage\":{\"@id\":\"https:\/\/infoecos.com.ar\/index.php\/zurro-no-afloja-con-sus-expresiones-batalladoras-los-traidores-y-cagones-que-se-vayan-a-vender-caramelos\/#primaryimage\"},\"image\":{\"@id\":\"https:\/\/infoecos.com.ar\/index.php\/zurro-no-afloja-con-sus-expresiones-batalladoras-los-traidores-y-cagones-que-se-vayan-a-vender-caramelos\/#primaryimage\"},\"thumbnailUrl\":\"https:\/\/infoecos.com.ar\/wp-content\/uploads\/2022\/08\/cfkcausavialidadcasa.jpg\",\"datePublished\":\"2022-08-26T00:07:26+00:00\",\"dateModified\":\"2022-08-28T08:42:52+00:00\",\"breadcrumb\":{\"@id\":\"https:\/\/infoecos.com.ar\/index.php\/zurro-no-afloja-con-sus-expresiones-batalladoras-los-traidores-y-cagones-que-se-vayan-a-vender-caramelos\/#breadcrumb\"},\"inLanguage\":\"es\",\"potentialAction\":[{\"@type\":\"ReadAction\",\"target\":[\"https:\/\/infoecos.com.ar\/index.php\/zurro-no-afloja-con-sus-expresiones-batalladoras-los-traidores-y-cagones-que-se-vayan-a-vender-caramelos\/\"]}]},{\"@type\":\"ImageObject\",\"inLanguage\":\"es\",\"@id\":\"https:\/\/infoecos.com.ar\/index.php\/zurro-no-afloja-con-sus-expresiones-batalladoras-los-traidores-y-cagones-que-se-vayan-a-vender-caramelos\/#primaryimage\",\"url\":\"https:\/\/infoecos.com.ar\/wp-content\/uploads\/2022\/08\/cfkcausavialidadcasa.jpg\",\"contentUrl\":\"https:\/\/infoecos.com.ar\/wp-content\/uploads\/2022\/08\/cfkcausavialidadcasa.jpg\",\"width\":900,\"height\":506},{\"@type\":\"BreadcrumbList\",\"@id\":\"https:\/\/infoecos.com.ar\/index.php\/zurro-no-afloja-con-sus-expresiones-batalladoras-los-traidores-y-cagones-que-se-vayan-a-vender-caramelos\/#breadcrumb\",\"itemListElement\":[{\"@type\":\"ListItem\",\"position\":1,\"name\":\"Portada\",\"item\":\"https:\/\/infoecos.com.ar\/\"},{\"@type\":\"ListItem\",\"position\":2,\"name\":\"Zurro no afloja con sus expresiones batalladoras: \u00a0\u00ablos traidores y cagones que se vayan a vender caramelos\u201d\"}]},{\"@type\":\"WebSite\",\"@id\":\"https:\/\/infoecos.com.ar\/#website\",\"url\":\"https:\/\/infoecos.com.ar\/\",\"name\":\"Infoecos\",\"description\":\"Noticias de trenque lauquen y la zona\",\"publisher\":{\"@id\":\"https:\/\/infoecos.com.ar\/#organization\"},\"alternateName\":\"Noticias\",\"potentialAction\":[{\"@type\":\"SearchAction\",\"target\":{\"@type\":\"EntryPoint\",\"urlTemplate\":\"https:\/\/infoecos.com.ar\/?s={search_term_string}\"},\"query-input\":{\"@type\":\"PropertyValueSpecification\",\"valueRequired\":true,\"valueName\":\"search_term_string\"}}],\"inLanguage\":\"es\"},{\"@type\":\"Organization\",\"@id\":\"https:\/\/infoecos.com.ar\/#organization\",\"name\":\"Infoecos\",\"alternateName\":\"Noticias\",\"url\":\"https:\/\/infoecos.com.ar\/\",\"logo\":{\"@type\":\"ImageObject\",\"inLanguage\":\"es\",\"@id\":\"https:\/\/infoecos.com.ar\/#\/schema\/logo\/image\/\",\"url\":\"https:\/\/infoecos.com.ar\/wp-content\/uploads\/2024\/03\/cropped-logo.png\",\"contentUrl\":\"https:\/\/infoecos.com.ar\/wp-content\/uploads\/2024\/03\/cropped-logo.png\",\"width\":374,\"height\":90,\"caption\":\"Infoecos\"},\"image\":{\"@id\":\"https:\/\/infoecos.com.ar\/#\/schema\/logo\/image\/\"},\"sameAs\":[\"https:\/\/www.facebook.com\/profile.php?id=100063200290284\",\"https:\/\/x.com\/infoecos\"]},{\"@type\":\"Person\",\"@id\":\"https:\/\/infoecos.com.ar\/#\/schema\/person\/8f5ace5ce73b4b4aac4b7245aee6f191\",\"name\":\"Jorge Matheus\",\"url\":\"https:\/\/infoecos.com.ar\/index.php\/author\/jomatheus\/\"}]}<\/script>\n<!-- \/ Yoast SEO plugin. -->","yoast_head_json":{"title":"Zurro no afloja con sus expresiones batalladoras: \u00a0\"los traidores y cagones que se vayan a vender caramelos\u201d - Infoecos","robots":{"index":"index","follow":"follow","max-snippet":"max-snippet:-1","max-image-preview":"max-image-preview:large","max-video-preview":"max-video-preview:-1"},"canonical":"https:\/\/infoecos.com.ar\/index.php\/zurro-no-afloja-con-sus-expresiones-batalladoras-los-traidores-y-cagones-que-se-vayan-a-vender-caramelos\/","og_locale":"es_ES","og_type":"article","og_title":"Zurro no afloja con sus expresiones batalladoras: \u00a0\"los traidores y cagones que se vayan a vender caramelos\u201d - Infoecos","og_description":"\"Si tocan a Cristina habr\u00e1 una movilizaci\u00f3n de un mill\u00f3n de personas\u201d, dijo el mandatario comunal ultra k a Todo Provincial RADIO\u00a0","og_url":"https:\/\/infoecos.com.ar\/index.php\/zurro-no-afloja-con-sus-expresiones-batalladoras-los-traidores-y-cagones-que-se-vayan-a-vender-caramelos\/","og_site_name":"Infoecos","article_publisher":"https:\/\/www.facebook.com\/profile.php?id=100063200290284","article_published_time":"2022-08-26T00:07:26+00:00","article_modified_time":"2022-08-28T08:42:52+00:00","og_image":[{"width":900,"height":506,"url":"https:\/\/infoecos.com.ar\/wp-content\/uploads\/2022\/08\/cfkcausavialidadcasa.jpg","type":"image\/jpeg"}],"author":"Jorge Matheus","twitter_card":"summary_large_image","twitter_creator":"@infoecos","twitter_site":"@infoecos","twitter_misc":{"Escrito por":"Jorge Matheus","Tiempo de lectura":"2 minutos"},"schema":{"@context":"https:\/\/schema.org","@graph":[{"@type":"Article","@id":"https:\/\/infoecos.com.ar\/index.php\/zurro-no-afloja-con-sus-expresiones-batalladoras-los-traidores-y-cagones-que-se-vayan-a-vender-caramelos\/#article","isPartOf":{"@id":"https:\/\/infoecos.com.ar\/index.php\/zurro-no-afloja-con-sus-expresiones-batalladoras-los-traidores-y-cagones-que-se-vayan-a-vender-caramelos\/"},"author":{"name":"Jorge Matheus","@id":"https:\/\/infoecos.com.ar\/#\/schema\/person\/8f5ace5ce73b4b4aac4b7245aee6f191"},"headline":"Zurro no afloja con sus expresiones batalladoras: \u00a0\u00ablos traidores y cagones que se vayan a vender caramelos\u201d","datePublished":"2022-08-26T00:07:26+00:00","dateModified":"2022-08-28T08:42:52+00:00","mainEntityOfPage":{"@id":"https:\/\/infoecos.com.ar\/index.php\/zurro-no-afloja-con-sus-expresiones-batalladoras-los-traidores-y-cagones-que-se-vayan-a-vender-caramelos\/"},"wordCount":400,"publisher":{"@id":"https:\/\/infoecos.com.ar\/#organization"},"image":{"@id":"https:\/\/infoecos.com.ar\/index.php\/zurro-no-afloja-con-sus-expresiones-batalladoras-los-traidores-y-cagones-que-se-vayan-a-vender-caramelos\/#primaryimage"},"thumbnailUrl":"https:\/\/infoecos.com.ar\/wp-content\/uploads\/2022\/08\/cfkcausavialidadcasa.jpg","keywords":["CAUSA VIALIDAD"],"articleSection":["Bloque inferior - 4"],"inLanguage":"es"},{"@type":"WebPage","@id":"https:\/\/infoecos.com.ar\/index.php\/zurro-no-afloja-con-sus-expresiones-batalladoras-los-traidores-y-cagones-que-se-vayan-a-vender-caramelos\/","url":"https:\/\/infoecos.com.ar\/index.php\/zurro-no-afloja-con-sus-expresiones-batalladoras-los-traidores-y-cagones-que-se-vayan-a-vender-caramelos\/","name":"Zurro no afloja con sus expresiones batalladoras: \u00a0\"los traidores y cagones que se vayan a vender caramelos\u201d - Infoecos","isPartOf":{"@id":"https:\/\/infoecos.com.ar\/#website"},"primaryImageOfPage":{"@id":"https:\/\/infoecos.com.ar\/index.php\/zurro-no-afloja-con-sus-expresiones-batalladoras-los-traidores-y-cagones-que-se-vayan-a-vender-caramelos\/#primaryimage"},"image":{"@id":"https:\/\/infoecos.com.ar\/index.php\/zurro-no-afloja-con-sus-expresiones-batalladoras-los-traidores-y-cagones-que-se-vayan-a-vender-caramelos\/#primaryimage"},"thumbnailUrl":"https:\/\/infoecos.com.ar\/wp-content\/uploads\/2022\/08\/cfkcausavialidadcasa.jpg","datePublished":"2022-08-26T00:07:26+00:00","dateModified":"2022-08-28T08:42:52+00:00","breadcrumb":{"@id":"https:\/\/infoecos.com.ar\/index.php\/zurro-no-afloja-con-sus-expresiones-batalladoras-los-traidores-y-cagones-que-se-vayan-a-vender-caramelos\/#breadcrumb"},"inLanguage":"es","potentialAction":[{"@type":"ReadAction","target":["https:\/\/infoecos.com.ar\/index.php\/zurro-no-afloja-con-sus-expresiones-batalladoras-los-traidores-y-cagones-que-se-vayan-a-vender-caramelos\/"]}]},{"@type":"ImageObject","inLanguage":"es","@id":"https:\/\/infoecos.com.ar\/index.php\/zurro-no-afloja-con-sus-expresiones-batalladoras-los-traidores-y-cagones-que-se-vayan-a-vender-caramelos\/#primaryimage","url":"https:\/\/infoecos.com.ar\/wp-content\/uploads\/2022\/08\/cfkcausavialidadcasa.jpg","contentUrl":"https:\/\/infoecos.com.ar\/wp-content\/uploads\/2022\/08\/cfkcausavialidadcasa.jpg","width":900,"height":506},{"@type":"BreadcrumbList","@id":"https:\/\/infoecos.com.ar\/index.php\/zurro-no-afloja-con-sus-expresiones-batalladoras-los-traidores-y-cagones-que-se-vayan-a-vender-caramelos\/#breadcrumb","itemListElement":[{"@type":"ListItem","position":1,"name":"Portada","item":"https:\/\/infoecos.com.ar\/"},{"@type":"ListItem","position":2,"name":"Zurro no afloja con sus expresiones batalladoras: \u00a0\u00ablos traidores y cagones que se vayan a vender caramelos\u201d"}]},{"@type":"WebSite","@id":"https:\/\/infoecos.com.ar\/#website","url":"https:\/\/infoecos.com.ar\/","name":"Infoecos","description":"Noticias de trenque lauquen y la zona","publisher":{"@id":"https:\/\/infoecos.com.ar\/#organization"},"alternateName":"Noticias","potentialAction":[{"@type":"SearchAction","target":{"@type":"EntryPoint","urlTemplate":"https:\/\/infoecos.com.ar\/?s={search_term_string}"},"query-input":{"@type":"PropertyValueSpecification","valueRequired":true,"valueName":"search_term_string"}}],"inLanguage":"es"},{"@type":"Organization","@id":"https:\/\/infoecos.com.ar\/#organization","name":"Infoecos","alternateName":"Noticias","url":"https:\/\/infoecos.com.ar\/","logo":{"@type":"ImageObject","inLanguage":"es","@id":"https:\/\/infoecos.com.ar\/#\/schema\/logo\/image\/","url":"https:\/\/infoecos.com.ar\/wp-content\/uploads\/2024\/03\/cropped-logo.png","contentUrl":"https:\/\/infoecos.com.ar\/wp-content\/uploads\/2024\/03\/cropped-logo.png","width":374,"height":90,"caption":"Infoecos"},"image":{"@id":"https:\/\/infoecos.com.ar\/#\/schema\/logo\/image\/"},"sameAs":["https:\/\/www.facebook.com\/profile.php?id=100063200290284","https:\/\/x.com\/infoecos"]},{"@type":"Person","@id":"https:\/\/infoecos.com.ar\/#\/schema\/person\/8f5ace5ce73b4b4aac4b7245aee6f191","name":"Jorge Matheus","url":"https:\/\/infoecos.com.ar\/index.php\/author\/jomatheus\/"}]}},"featured_image_urls":{"full":["https:\/\/infoecos.com.ar\/wp-content\/uploads\/2022\/08\/cfkcausavialidadcasa.jpg",900,506,false],"thumbnail":["https:\/\/infoecos.com.ar\/wp-content\/uploads\/2022\/08\/cfkcausavialidadcasa-150x150.jpg",150,150,true],"medium":["https:\/\/infoecos.com.ar\/wp-content\/uploads\/2022\/08\/cfkcausavialidadcasa-460x259.jpg",460,259,true],"medium_large":["https:\/\/infoecos.com.ar\/wp-content\/uploads\/2022\/08\/cfkcausavialidadcasa-768x432.jpg",640,360,true],"large":["https:\/\/infoecos.com.ar\/wp-content\/uploads\/2022\/08\/cfkcausavialidadcasa.jpg",640,360,false],"1536x1536":["https:\/\/infoecos.com.ar\/wp-content\/uploads\/2022\/08\/cfkcausavialidadcasa.jpg",900,506,false],"2048x2048":["https:\/\/infoecos.com.ar\/wp-content\/uploads\/2022\/08\/cfkcausavialidadcasa.jpg",900,506,false],"covernews-slider-full":["https:\/\/infoecos.com.ar\/wp-content\/uploads\/2022\/08\/cfkcausavialidadcasa.jpg",900,506,false],"covernews-slider-center":["https:\/\/infoecos.com.ar\/wp-content\/uploads\/2022\/08\/cfkcausavialidadcasa.jpg",800,450,false],"covernews-featured":["https:\/\/infoecos.com.ar\/wp-content\/uploads\/2022\/08\/cfkcausavialidadcasa.jpg",900,506,false],"covernews-medium":["https:\/\/infoecos.com.ar\/wp-content\/uploads\/2022\/08\/cfkcausavialidadcasa-720x380.jpg",540,285,true],"covernews-medium-square":["https:\/\/infoecos.com.ar\/wp-content\/uploads\/2022\/08\/cfkcausavialidadcasa-675x450.jpg",375,250,true]},"author_info":{"info":["Jorge Matheus"]},"category_info":"<a href=\"https:\/\/infoecos.com.ar\/index.php\/category\/inferior4\/\" rel=\"category tag\">Bloque inferior - 4<\/a>","tag_info":"Bloque inferior - 4","comment_count":"0","_links":{"self":[{"href":"https:\/\/infoecos.com.ar\/index.php\/wp-json\/wp\/v2\/posts\/96749"}],"collection":[{"href":"https:\/\/infoecos.com.ar\/index.php\/wp-json\/wp\/v2\/posts"}],"about":[{"href":"https:\/\/infoecos.com.ar\/index.php\/wp-json\/wp\/v2\/types\/post"}],"author":[{"embeddable":true,"href":"https:\/\/infoecos.com.ar\/index.php\/wp-json\/wp\/v2\/users\/2"}],"replies":[{"embeddable":true,"href":"https:\/\/infoecos.com.ar\/index.php\/wp-json\/wp\/v2\/comments?post=96749"}],"version-history":[{"count":2,"href":"https:\/\/infoecos.com.ar\/index.php\/wp-json\/wp\/v2\/posts\/96749\/revisions"}],"predecessor-version":[{"id":96751,"href":"https:\/\/infoecos.com.ar\/index.php\/wp-json\/wp\/v2\/posts\/96749\/revisions\/96751"}],"wp:featuredmedia":[{"embeddable":true,"href":"https:\/\/infoecos.com.ar\/index.php\/wp-json\/wp\/v2\/media\/96619"}],"wp:attachment":[{"href":"https:\/\/infoecos.com.ar\/index.php\/wp-json\/wp\/v2\/media?parent=96749"}],"wp:term":[{"taxonomy":"category","embeddable":true,"href":"https:\/\/infoecos.com.ar\/index.php\/wp-json\/wp\/v2\/categories?post=96749"},{"taxonomy":"post_tag","embeddable":true,"href":"https:\/\/infoecos.com.ar\/index.php\/wp-json\/wp\/v2\/tags?post=96749"}],"curies":[{"name":"wp","href":"https:\/\/api.w.org\/{rel}","templated":true}]}}