{"id":96849,"date":"2022-08-28T02:39:57","date_gmt":"2022-08-28T05:39:57","guid":{"rendered":"http:\/\/infoecos.com.ar\/?p=96849"},"modified":"2022-08-28T05:35:13","modified_gmt":"2022-08-28T08:35:13","slug":"65-veces-tormenta-de-santa-rosa-en-116-anos","status":"publish","type":"post","link":"https:\/\/infoecos.com.ar\/index.php\/65-veces-tormenta-de-santa-rosa-en-116-anos\/","title":{"rendered":"65 veces \u00abTormenta de Santa Rosa\u00bb en 116 a\u00f1os"},"content":{"rendered":"\n<p>Nota publicada en la p\u00e1gina web del Servicio Meteorol\u00f3gico Nacional bajo el t\u00edtulo: <strong>Tormenta de Santa Rosa: entre el mito y la ciencia<\/strong><\/p>\n\n\n\n<p><strong>En el copete<\/strong>: La famosa tormenta de finales de agosto es uno de los eventos m\u00e1s esperados y populares del a\u00f1o. Pero, \u00bfrealmente puede considerarse como un fen\u00f3meno recurrente? \u00bfo es simplemente un mito?<\/p>\n\n\n\n<figure class=\"wp-block-image aligncenter size-large is-resized\"><img loading=\"lazy\" decoding=\"async\" src=\"http:\/\/infoecos.com.ar\/wp-content\/uploads\/2022\/08\/image-183-920x518.png\" alt=\"\" class=\"wp-image-96815\" width=\"840\" height=\"472\" srcset=\"https:\/\/infoecos.com.ar\/wp-content\/uploads\/2022\/08\/image-183-920x518.png 920w, https:\/\/infoecos.com.ar\/wp-content\/uploads\/2022\/08\/image-183-460x259.png 460w, https:\/\/infoecos.com.ar\/wp-content\/uploads\/2022\/08\/image-183-768x432.png 768w, https:\/\/infoecos.com.ar\/wp-content\/uploads\/2022\/08\/image-183-1536x864.png 1536w, https:\/\/infoecos.com.ar\/wp-content\/uploads\/2022\/08\/image-183-1024x576.png 1024w, https:\/\/infoecos.com.ar\/wp-content\/uploads\/2022\/08\/image-183.png 1920w\" sizes=\"(max-width: 840px) 100vw, 840px\" \/><\/figure>\n\n\n\n<p><strong><mark style=\"background-color:rgba(0, 0, 0, 0)\" class=\"has-inline-color has-vivid-red-color\"><em>Cada 30 de agosto se celebra el d\u00eda de Santa Rosa de Lima, y, seg\u00fan la creencia popular,&nbsp;alrededor de esta fecha&nbsp;hay que esperar una tormenta intensa. Pero ese \u201calrededor\u201d no est\u00e1 fijo, y seg\u00fan la conveniencia del creyente, puede ser una tormenta que ocurre unos 3 o 4 d\u00edas en torno al 30 de agosto o unos 15 d\u00edas antes y despu\u00e9s de esa fecha. Lo cierto, es que como este l\u00edmite no est\u00e1 del todo claro, cualquier tormenta entre agosto y septiembre podr\u00eda ser \u201cla de Santa Rosa\u201d. Por ese motivo decidimos ponernos un poco m\u00e1s estrictos y fijar algunos par\u00e1metros para analizar la frecuencia del popular fen\u00f3meno<\/em><\/mark>.<\/strong><\/p>\n\n\n\n<p><mark style=\"background-color:rgba(0, 0, 0, 0)\" class=\"has-inline-color has-vivid-red-color\"><em><strong>Antes de comenzar, es necesario aclarar algunos conceptos. Seg\u00fan el glosario meteorol\u00f3gico de la Organizaci\u00f3n Meteorol\u00f3gica Mundial (OMM),\u00a0para que haya\u00a0<u><a href=\"https:\/\/www.youtube.com\/watch?v=ZoJa1dmEHMw\">tormenta<\/a><\/u>\u00a0tiene que haber actividad el\u00e9ctrica. Una lluvia sin la presencia de descargas bruscas de electricidad atmosf\u00e9rica acompa\u00f1adas por un resplandor (rel\u00e1mpago) y un ruido (trueno), no clasifica como tormenta.<\/strong><\/em><\/mark><br>\u00a0<br><strong><mark style=\"background-color:rgba(0, 0, 0, 0)\" class=\"has-inline-color has-vivid-red-color\"><em>Ahora bien, las tormentas se asocian a nubes denominadas convectivas (cumulonimbus) las que, generalmente,\u00a0generan precipitaciones intensas en forma de chaparr\u00f3n de lluvia\u00a0o, en ocasiones, de nieve o granizo, as\u00ed como tambi\u00e9n vientos fuertes.<\/em><\/mark><\/strong><\/p>\n\n\n\n<p><strong>Cuesti\u00f3n de regi\u00f3n, condiciones y \u00e9poca: <\/strong><\/p>\n\n\n\n<p><strong><em><mark style=\"background-color:rgba(0, 0, 0, 0)\" class=\"has-inline-color has-vivid-red-color\">En regiones como la Patagonia&nbsp;no es com\u00fan tener la formaci\u00f3n de tormentas, as\u00ed que la frecuencia de Santa Rosa es muy baja. Algo similar ocurre en Noroeste Argentino (NOA), donde la \u00e9poca est\u00e1 marcada por la estaci\u00f3n seca y predominan los d\u00edas despejados y con mucho sol.<\/mark><\/em><\/strong><br>&nbsp;<br><strong><em><mark style=\"background-color:rgba(0, 0, 0, 0)\" class=\"has-inline-color has-vivid-red-color\">Donde s\u00ed es frecuente la generaci\u00f3n de tormentas en esta \u00e9poca es en el centro y noreste argentino. Desde mediados y finales de agosto, la atm\u00f3sfera es sometida a&nbsp;cambios en su circulaci\u00f3n debido a la proximidad de la primavera, lo que favorece la presencia de aire c\u00e1lido, m\u00e1s humedad y condiciones propicias para su desarrollo. Eso s\u00ed, aunque popularmente se espera que la tormenta de Santa Rosa sea m\u00e1s fuerte que cualquier otra, no hay evidencia de que esto sea siempre as\u00ed.<\/mark><\/em><\/strong><\/p>\n\n\n\n<p><strong>Estad\u00edsticas: n\u00fameros que hablan<\/strong><\/p>\n\n\n\n<p><strong><em><mark style=\"background-color:rgba(0, 0, 0, 0)\" class=\"has-inline-color has-vivid-red-color\">Para realizar estas estad\u00edsticas,&nbsp;decidimos tomar como referencia la&nbsp;informaci\u00f3n del Observatorio Central Buenos Aires (OCBA), que posee una&nbsp;base de datos de m\u00e1s de 100 a\u00f1os&nbsp;y se encuentra dentro de la regi\u00f3n de nuestro pa\u00eds en donde las tormentas no son at\u00edpicas. Consideramos los datos del&nbsp;25 de agosto al 4 de septiembre&nbsp;(5 d\u00edas antes y despu\u00e9s de Santa Rosa) desde 1906 hasta 2021.<\/mark><\/em><\/strong><br>&nbsp;<br><strong><em><mark style=\"background-color:rgba(0, 0, 0, 0)\" class=\"has-inline-color has-vivid-red-color\">Luego, contabilizamos, para cada a\u00f1o, la&nbsp;cantidad de d\u00edas consecutivos con tormentas&nbsp;y la lluvia acumulada.&nbsp; En caso de registrarse m\u00e1s de un evento de tormentas en los 10 d\u00edas considerados, se contabiliz\u00f3 solo el que dio&nbsp; lugar a mayor cantidad de agua ca\u00edda.<\/mark><\/em><\/strong><\/p>\n\n\n\n<p><strong><em><mark style=\"background-color:rgba(0, 0, 0, 0)\" class=\"has-inline-color has-vivid-red-color\">El resultado del an\u00e1lisis demostr\u00f3 que,&nbsp;en los 116 a\u00f1os de registro, en 65 oportunidades (56% de los casos) se produjeron tormentas en esas fechas, aunque no siempre estuvieron asociadas a precipitaciones intensas y\/o abundantes.<\/mark><\/em><\/strong><\/p>\n\n\n\n<figure class=\"wp-block-image size-large\"><img loading=\"lazy\" decoding=\"async\" width=\"920\" height=\"508\" src=\"http:\/\/infoecos.com.ar\/wp-content\/uploads\/2022\/08\/tormenta30-920x508.jpg\" alt=\"\" class=\"wp-image-96814\" srcset=\"https:\/\/infoecos.com.ar\/wp-content\/uploads\/2022\/08\/tormenta30-920x508.jpg 920w, https:\/\/infoecos.com.ar\/wp-content\/uploads\/2022\/08\/tormenta30-460x254.jpg 460w, https:\/\/infoecos.com.ar\/wp-content\/uploads\/2022\/08\/tormenta30-768x424.jpg 768w, https:\/\/infoecos.com.ar\/wp-content\/uploads\/2022\/08\/tormenta30-1024x565.jpg 1024w, https:\/\/infoecos.com.ar\/wp-content\/uploads\/2022\/08\/tormenta30.jpg 1111w\" sizes=\"(max-width: 920px) 100vw, 920px\" \/><\/figure>\n\n\n\n<p><strong>Habr\u00e1 tormenta de Santa Rosa este 30 de Agosto: <\/strong><\/p>\n\n\n\n<p><strong><em><mark style=\"background-color:rgba(0, 0, 0, 0)\" class=\"has-inline-color has-vivid-red-color\">Parece que este 2022 podr\u00edamos sumar un nuevo evento de Santa Rosa a las estad\u00edsticas. Durante el jueves 25 se pueden registrar algunas tormentas aisladas en el centro y sur del&nbsp;<a href=\"https:\/\/www.smn.gob.ar\/pronostico\/?loc=2195\">Litoral<\/a>&nbsp;y norte de la provincia de&nbsp;<a href=\"https:\/\/www.smn.gob.ar\/pronostico\/?loc=4864\">Buenos Aires<\/a>. Luego, hacia el fin de semana, avanzar\u00e1 un frente fr\u00edo que provocar\u00e1 la formaci\u00f3n de nuevas tormentas, primero en la regi\u00f3n ya mencionada y posteriormente en el NEA.<\/mark><\/em><\/strong><\/p>\n\n\n\n<p><strong><em><mark style=\"background-color:rgba(0, 0, 0, 0)\" class=\"has-inline-color has-vivid-red-color\">A\u00fan faltan algunos d\u00edas para que sepamos si se cumplir\u00e1 \u201cSanta Rosa\u201d en este 2022. Mientras tanto y como siempre, recomendamos seguir de cerca la actualizaci\u00f3n de los pron\u00f3sticos y alertas en nuestro sitio&nbsp;<a href=\"http:\/\/www.smn.gob.ar\/\">www.smn.gob.ar<\/a>.&nbsp;<\/mark><\/em><\/strong><\/p>\n\n\n\n<p><\/p>\n\n\n\n<h2 class=\"wp-block-heading\"><\/h2>\n","protected":false},"excerpt":{"rendered":"<p>Seg\u00fan el glosario meteorol\u00f3gico de la Organizaci\u00f3n Meteorol\u00f3gica Mundial (OMM),\u00a0para que haya\u00a0tormenta\u00a0tiene que haber actividad el\u00e9ctrica. Una lluvia sin la presencia de descargas bruscas de electricidad atmosf\u00e9rica acompa\u00f1adas por un resplandor (rel\u00e1mpago) y un ruido (trueno), no clasifica como tormenta.<\/p>\n","protected":false},"author":2,"featured_media":96811,"comment_status":"closed","ping_status":"open","sticky":false,"template":"","format":"standard","meta":{"footnotes":""},"categories":[1325],"tags":[6654],"class_list":["post-96849","post","type-post","status-publish","format-standard","has-post-thumbnail","hentry","category-c1nota6","tag-nota-en-el-smn"],"yoast_head":"<!-- This site is optimized with the Yoast SEO plugin v23.4 - https:\/\/yoast.com\/wordpress\/plugins\/seo\/ -->\n<title>65 veces &quot;Tormenta de Santa Rosa&quot; en 116 a\u00f1os - Infoecos<\/title>\n<meta name=\"robots\" content=\"index, follow, max-snippet:-1, max-image-preview:large, max-video-preview:-1\" \/>\n<link rel=\"canonical\" href=\"https:\/\/infoecos.com.ar\/index.php\/65-veces-tormenta-de-santa-rosa-en-116-anos\/\" \/>\n<meta property=\"og:locale\" content=\"es_ES\" \/>\n<meta property=\"og:type\" content=\"article\" \/>\n<meta property=\"og:title\" content=\"65 veces &quot;Tormenta de Santa Rosa&quot; en 116 a\u00f1os - Infoecos\" \/>\n<meta property=\"og:description\" content=\"Seg\u00fan el glosario meteorol\u00f3gico de la Organizaci\u00f3n Meteorol\u00f3gica Mundial (OMM),\u00a0para que haya\u00a0tormenta\u00a0tiene que haber actividad el\u00e9ctrica. Una lluvia sin la presencia de descargas bruscas de electricidad atmosf\u00e9rica acompa\u00f1adas por un resplandor (rel\u00e1mpago) y un ruido (trueno), no clasifica como tormenta.\" \/>\n<meta property=\"og:url\" content=\"https:\/\/infoecos.com.ar\/index.php\/65-veces-tormenta-de-santa-rosa-en-116-anos\/\" \/>\n<meta property=\"og:site_name\" content=\"Infoecos\" \/>\n<meta property=\"article:publisher\" content=\"https:\/\/www.facebook.com\/profile.php?id=100063200290284\" \/>\n<meta property=\"article:published_time\" content=\"2022-08-28T05:39:57+00:00\" \/>\n<meta property=\"article:modified_time\" content=\"2022-08-28T08:35:13+00:00\" \/>\n<meta property=\"og:image\" content=\"https:\/\/infoecos.com.ar\/wp-content\/uploads\/2022\/08\/301761706_5183486081779401_7388878690728733963_n.jpg\" \/>\n\t<meta property=\"og:image:width\" content=\"1428\" \/>\n\t<meta property=\"og:image:height\" content=\"821\" \/>\n\t<meta property=\"og:image:type\" content=\"image\/jpeg\" \/>\n<meta name=\"author\" content=\"Jorge Matheus\" \/>\n<meta name=\"twitter:card\" content=\"summary_large_image\" \/>\n<meta name=\"twitter:creator\" content=\"@infoecos\" \/>\n<meta name=\"twitter:site\" content=\"@infoecos\" \/>\n<meta name=\"twitter:label1\" content=\"Escrito por\" \/>\n\t<meta name=\"twitter:data1\" content=\"Jorge Matheus\" \/>\n\t<meta name=\"twitter:label2\" content=\"Tiempo de lectura\" \/>\n\t<meta name=\"twitter:data2\" content=\"4 minutos\" \/>\n<script type=\"application\/ld+json\" class=\"yoast-schema-graph\">{\"@context\":\"https:\/\/schema.org\",\"@graph\":[{\"@type\":\"Article\",\"@id\":\"https:\/\/infoecos.com.ar\/index.php\/65-veces-tormenta-de-santa-rosa-en-116-anos\/#article\",\"isPartOf\":{\"@id\":\"https:\/\/infoecos.com.ar\/index.php\/65-veces-tormenta-de-santa-rosa-en-116-anos\/\"},\"author\":{\"name\":\"Jorge Matheus\",\"@id\":\"https:\/\/infoecos.com.ar\/#\/schema\/person\/8f5ace5ce73b4b4aac4b7245aee6f191\"},\"headline\":\"65 veces \u00abTormenta de Santa Rosa\u00bb en 116 a\u00f1os\",\"datePublished\":\"2022-08-28T05:39:57+00:00\",\"dateModified\":\"2022-08-28T08:35:13+00:00\",\"mainEntityOfPage\":{\"@id\":\"https:\/\/infoecos.com.ar\/index.php\/65-veces-tormenta-de-santa-rosa-en-116-anos\/\"},\"wordCount\":734,\"publisher\":{\"@id\":\"https:\/\/infoecos.com.ar\/#organization\"},\"image\":{\"@id\":\"https:\/\/infoecos.com.ar\/index.php\/65-veces-tormenta-de-santa-rosa-en-116-anos\/#primaryimage\"},\"thumbnailUrl\":\"https:\/\/infoecos.com.ar\/wp-content\/uploads\/2022\/08\/301761706_5183486081779401_7388878690728733963_n.jpg\",\"keywords\":[\"NOTA EN EL SMN\"],\"articleSection\":[\"C1 nota 6\"],\"inLanguage\":\"es\"},{\"@type\":\"WebPage\",\"@id\":\"https:\/\/infoecos.com.ar\/index.php\/65-veces-tormenta-de-santa-rosa-en-116-anos\/\",\"url\":\"https:\/\/infoecos.com.ar\/index.php\/65-veces-tormenta-de-santa-rosa-en-116-anos\/\",\"name\":\"65 veces \\\"Tormenta de Santa Rosa\\\" en 116 a\u00f1os - Infoecos\",\"isPartOf\":{\"@id\":\"https:\/\/infoecos.com.ar\/#website\"},\"primaryImageOfPage\":{\"@id\":\"https:\/\/infoecos.com.ar\/index.php\/65-veces-tormenta-de-santa-rosa-en-116-anos\/#primaryimage\"},\"image\":{\"@id\":\"https:\/\/infoecos.com.ar\/index.php\/65-veces-tormenta-de-santa-rosa-en-116-anos\/#primaryimage\"},\"thumbnailUrl\":\"https:\/\/infoecos.com.ar\/wp-content\/uploads\/2022\/08\/301761706_5183486081779401_7388878690728733963_n.jpg\",\"datePublished\":\"2022-08-28T05:39:57+00:00\",\"dateModified\":\"2022-08-28T08:35:13+00:00\",\"breadcrumb\":{\"@id\":\"https:\/\/infoecos.com.ar\/index.php\/65-veces-tormenta-de-santa-rosa-en-116-anos\/#breadcrumb\"},\"inLanguage\":\"es\",\"potentialAction\":[{\"@type\":\"ReadAction\",\"target\":[\"https:\/\/infoecos.com.ar\/index.php\/65-veces-tormenta-de-santa-rosa-en-116-anos\/\"]}]},{\"@type\":\"ImageObject\",\"inLanguage\":\"es\",\"@id\":\"https:\/\/infoecos.com.ar\/index.php\/65-veces-tormenta-de-santa-rosa-en-116-anos\/#primaryimage\",\"url\":\"https:\/\/infoecos.com.ar\/wp-content\/uploads\/2022\/08\/301761706_5183486081779401_7388878690728733963_n.jpg\",\"contentUrl\":\"https:\/\/infoecos.com.ar\/wp-content\/uploads\/2022\/08\/301761706_5183486081779401_7388878690728733963_n.jpg\",\"width\":1428,\"height\":821},{\"@type\":\"BreadcrumbList\",\"@id\":\"https:\/\/infoecos.com.ar\/index.php\/65-veces-tormenta-de-santa-rosa-en-116-anos\/#breadcrumb\",\"itemListElement\":[{\"@type\":\"ListItem\",\"position\":1,\"name\":\"Portada\",\"item\":\"https:\/\/infoecos.com.ar\/\"},{\"@type\":\"ListItem\",\"position\":2,\"name\":\"65 veces \u00abTormenta de Santa Rosa\u00bb en 116 a\u00f1os\"}]},{\"@type\":\"WebSite\",\"@id\":\"https:\/\/infoecos.com.ar\/#website\",\"url\":\"https:\/\/infoecos.com.ar\/\",\"name\":\"Infoecos\",\"description\":\"Noticias de trenque lauquen y la zona\",\"publisher\":{\"@id\":\"https:\/\/infoecos.com.ar\/#organization\"},\"alternateName\":\"Noticias\",\"potentialAction\":[{\"@type\":\"SearchAction\",\"target\":{\"@type\":\"EntryPoint\",\"urlTemplate\":\"https:\/\/infoecos.com.ar\/?s={search_term_string}\"},\"query-input\":{\"@type\":\"PropertyValueSpecification\",\"valueRequired\":true,\"valueName\":\"search_term_string\"}}],\"inLanguage\":\"es\"},{\"@type\":\"Organization\",\"@id\":\"https:\/\/infoecos.com.ar\/#organization\",\"name\":\"Infoecos\",\"alternateName\":\"Noticias\",\"url\":\"https:\/\/infoecos.com.ar\/\",\"logo\":{\"@type\":\"ImageObject\",\"inLanguage\":\"es\",\"@id\":\"https:\/\/infoecos.com.ar\/#\/schema\/logo\/image\/\",\"url\":\"https:\/\/infoecos.com.ar\/wp-content\/uploads\/2024\/03\/cropped-logo.png\",\"contentUrl\":\"https:\/\/infoecos.com.ar\/wp-content\/uploads\/2024\/03\/cropped-logo.png\",\"width\":374,\"height\":90,\"caption\":\"Infoecos\"},\"image\":{\"@id\":\"https:\/\/infoecos.com.ar\/#\/schema\/logo\/image\/\"},\"sameAs\":[\"https:\/\/www.facebook.com\/profile.php?id=100063200290284\",\"https:\/\/x.com\/infoecos\"]},{\"@type\":\"Person\",\"@id\":\"https:\/\/infoecos.com.ar\/#\/schema\/person\/8f5ace5ce73b4b4aac4b7245aee6f191\",\"name\":\"Jorge Matheus\",\"url\":\"https:\/\/infoecos.com.ar\/index.php\/author\/jomatheus\/\"}]}<\/script>\n<!-- \/ Yoast SEO plugin. -->","yoast_head_json":{"title":"65 veces \"Tormenta de Santa Rosa\" en 116 a\u00f1os - Infoecos","robots":{"index":"index","follow":"follow","max-snippet":"max-snippet:-1","max-image-preview":"max-image-preview:large","max-video-preview":"max-video-preview:-1"},"canonical":"https:\/\/infoecos.com.ar\/index.php\/65-veces-tormenta-de-santa-rosa-en-116-anos\/","og_locale":"es_ES","og_type":"article","og_title":"65 veces \"Tormenta de Santa Rosa\" en 116 a\u00f1os - Infoecos","og_description":"Seg\u00fan el glosario meteorol\u00f3gico de la Organizaci\u00f3n Meteorol\u00f3gica Mundial (OMM),\u00a0para que haya\u00a0tormenta\u00a0tiene que haber actividad el\u00e9ctrica. Una lluvia sin la presencia de descargas bruscas de electricidad atmosf\u00e9rica acompa\u00f1adas por un resplandor (rel\u00e1mpago) y un ruido (trueno), no clasifica como tormenta.","og_url":"https:\/\/infoecos.com.ar\/index.php\/65-veces-tormenta-de-santa-rosa-en-116-anos\/","og_site_name":"Infoecos","article_publisher":"https:\/\/www.facebook.com\/profile.php?id=100063200290284","article_published_time":"2022-08-28T05:39:57+00:00","article_modified_time":"2022-08-28T08:35:13+00:00","og_image":[{"width":1428,"height":821,"url":"https:\/\/infoecos.com.ar\/wp-content\/uploads\/2022\/08\/301761706_5183486081779401_7388878690728733963_n.jpg","type":"image\/jpeg"}],"author":"Jorge Matheus","twitter_card":"summary_large_image","twitter_creator":"@infoecos","twitter_site":"@infoecos","twitter_misc":{"Escrito por":"Jorge Matheus","Tiempo de lectura":"4 minutos"},"schema":{"@context":"https:\/\/schema.org","@graph":[{"@type":"Article","@id":"https:\/\/infoecos.com.ar\/index.php\/65-veces-tormenta-de-santa-rosa-en-116-anos\/#article","isPartOf":{"@id":"https:\/\/infoecos.com.ar\/index.php\/65-veces-tormenta-de-santa-rosa-en-116-anos\/"},"author":{"name":"Jorge Matheus","@id":"https:\/\/infoecos.com.ar\/#\/schema\/person\/8f5ace5ce73b4b4aac4b7245aee6f191"},"headline":"65 veces \u00abTormenta de Santa Rosa\u00bb en 116 a\u00f1os","datePublished":"2022-08-28T05:39:57+00:00","dateModified":"2022-08-28T08:35:13+00:00","mainEntityOfPage":{"@id":"https:\/\/infoecos.com.ar\/index.php\/65-veces-tormenta-de-santa-rosa-en-116-anos\/"},"wordCount":734,"publisher":{"@id":"https:\/\/infoecos.com.ar\/#organization"},"image":{"@id":"https:\/\/infoecos.com.ar\/index.php\/65-veces-tormenta-de-santa-rosa-en-116-anos\/#primaryimage"},"thumbnailUrl":"https:\/\/infoecos.com.ar\/wp-content\/uploads\/2022\/08\/301761706_5183486081779401_7388878690728733963_n.jpg","keywords":["NOTA EN EL SMN"],"articleSection":["C1 nota 6"],"inLanguage":"es"},{"@type":"WebPage","@id":"https:\/\/infoecos.com.ar\/index.php\/65-veces-tormenta-de-santa-rosa-en-116-anos\/","url":"https:\/\/infoecos.com.ar\/index.php\/65-veces-tormenta-de-santa-rosa-en-116-anos\/","name":"65 veces \"Tormenta de Santa Rosa\" en 116 a\u00f1os - Infoecos","isPartOf":{"@id":"https:\/\/infoecos.com.ar\/#website"},"primaryImageOfPage":{"@id":"https:\/\/infoecos.com.ar\/index.php\/65-veces-tormenta-de-santa-rosa-en-116-anos\/#primaryimage"},"image":{"@id":"https:\/\/infoecos.com.ar\/index.php\/65-veces-tormenta-de-santa-rosa-en-116-anos\/#primaryimage"},"thumbnailUrl":"https:\/\/infoecos.com.ar\/wp-content\/uploads\/2022\/08\/301761706_5183486081779401_7388878690728733963_n.jpg","datePublished":"2022-08-28T05:39:57+00:00","dateModified":"2022-08-28T08:35:13+00:00","breadcrumb":{"@id":"https:\/\/infoecos.com.ar\/index.php\/65-veces-tormenta-de-santa-rosa-en-116-anos\/#breadcrumb"},"inLanguage":"es","potentialAction":[{"@type":"ReadAction","target":["https:\/\/infoecos.com.ar\/index.php\/65-veces-tormenta-de-santa-rosa-en-116-anos\/"]}]},{"@type":"ImageObject","inLanguage":"es","@id":"https:\/\/infoecos.com.ar\/index.php\/65-veces-tormenta-de-santa-rosa-en-116-anos\/#primaryimage","url":"https:\/\/infoecos.com.ar\/wp-content\/uploads\/2022\/08\/301761706_5183486081779401_7388878690728733963_n.jpg","contentUrl":"https:\/\/infoecos.com.ar\/wp-content\/uploads\/2022\/08\/301761706_5183486081779401_7388878690728733963_n.jpg","width":1428,"height":821},{"@type":"BreadcrumbList","@id":"https:\/\/infoecos.com.ar\/index.php\/65-veces-tormenta-de-santa-rosa-en-116-anos\/#breadcrumb","itemListElement":[{"@type":"ListItem","position":1,"name":"Portada","item":"https:\/\/infoecos.com.ar\/"},{"@type":"ListItem","position":2,"name":"65 veces \u00abTormenta de Santa Rosa\u00bb en 116 a\u00f1os"}]},{"@type":"WebSite","@id":"https:\/\/infoecos.com.ar\/#website","url":"https:\/\/infoecos.com.ar\/","name":"Infoecos","description":"Noticias de trenque lauquen y la zona","publisher":{"@id":"https:\/\/infoecos.com.ar\/#organization"},"alternateName":"Noticias","potentialAction":[{"@type":"SearchAction","target":{"@type":"EntryPoint","urlTemplate":"https:\/\/infoecos.com.ar\/?s={search_term_string}"},"query-input":{"@type":"PropertyValueSpecification","valueRequired":true,"valueName":"search_term_string"}}],"inLanguage":"es"},{"@type":"Organization","@id":"https:\/\/infoecos.com.ar\/#organization","name":"Infoecos","alternateName":"Noticias","url":"https:\/\/infoecos.com.ar\/","logo":{"@type":"ImageObject","inLanguage":"es","@id":"https:\/\/infoecos.com.ar\/#\/schema\/logo\/image\/","url":"https:\/\/infoecos.com.ar\/wp-content\/uploads\/2024\/03\/cropped-logo.png","contentUrl":"https:\/\/infoecos.com.ar\/wp-content\/uploads\/2024\/03\/cropped-logo.png","width":374,"height":90,"caption":"Infoecos"},"image":{"@id":"https:\/\/infoecos.com.ar\/#\/schema\/logo\/image\/"},"sameAs":["https:\/\/www.facebook.com\/profile.php?id=100063200290284","https:\/\/x.com\/infoecos"]},{"@type":"Person","@id":"https:\/\/infoecos.com.ar\/#\/schema\/person\/8f5ace5ce73b4b4aac4b7245aee6f191","name":"Jorge Matheus","url":"https:\/\/infoecos.com.ar\/index.php\/author\/jomatheus\/"}]}},"featured_image_urls":{"full":["https:\/\/infoecos.com.ar\/wp-content\/uploads\/2022\/08\/301761706_5183486081779401_7388878690728733963_n.jpg",1428,821,false],"thumbnail":["https:\/\/infoecos.com.ar\/wp-content\/uploads\/2022\/08\/301761706_5183486081779401_7388878690728733963_n-150x150.jpg",150,150,true],"medium":["https:\/\/infoecos.com.ar\/wp-content\/uploads\/2022\/08\/301761706_5183486081779401_7388878690728733963_n-460x264.jpg",460,264,true],"medium_large":["https:\/\/infoecos.com.ar\/wp-content\/uploads\/2022\/08\/301761706_5183486081779401_7388878690728733963_n-768x442.jpg",640,368,true],"large":["https:\/\/infoecos.com.ar\/wp-content\/uploads\/2022\/08\/301761706_5183486081779401_7388878690728733963_n-920x529.jpg",640,368,true],"1536x1536":["https:\/\/infoecos.com.ar\/wp-content\/uploads\/2022\/08\/301761706_5183486081779401_7388878690728733963_n.jpg",1428,821,false],"2048x2048":["https:\/\/infoecos.com.ar\/wp-content\/uploads\/2022\/08\/301761706_5183486081779401_7388878690728733963_n.jpg",1428,821,false],"covernews-slider-full":["https:\/\/infoecos.com.ar\/wp-content\/uploads\/2022\/08\/301761706_5183486081779401_7388878690728733963_n.jpg",1115,641,false],"covernews-slider-center":["https:\/\/infoecos.com.ar\/wp-content\/uploads\/2022\/08\/301761706_5183486081779401_7388878690728733963_n-936x821.jpg",570,500,true],"covernews-featured":["https:\/\/infoecos.com.ar\/wp-content\/uploads\/2022\/08\/301761706_5183486081779401_7388878690728733963_n-1024x589.jpg",1024,589,true],"covernews-medium":["https:\/\/infoecos.com.ar\/wp-content\/uploads\/2022\/08\/301761706_5183486081779401_7388878690728733963_n-720x380.jpg",540,285,true],"covernews-medium-square":["https:\/\/infoecos.com.ar\/wp-content\/uploads\/2022\/08\/301761706_5183486081779401_7388878690728733963_n-675x450.jpg",375,250,true]},"author_info":{"info":["Jorge Matheus"]},"category_info":"<a href=\"https:\/\/infoecos.com.ar\/index.php\/category\/c1nota6\/\" rel=\"category tag\">C1 nota 6<\/a>","tag_info":"C1 nota 6","comment_count":"0","_links":{"self":[{"href":"https:\/\/infoecos.com.ar\/index.php\/wp-json\/wp\/v2\/posts\/96849"}],"collection":[{"href":"https:\/\/infoecos.com.ar\/index.php\/wp-json\/wp\/v2\/posts"}],"about":[{"href":"https:\/\/infoecos.com.ar\/index.php\/wp-json\/wp\/v2\/types\/post"}],"author":[{"embeddable":true,"href":"https:\/\/infoecos.com.ar\/index.php\/wp-json\/wp\/v2\/users\/2"}],"replies":[{"embeddable":true,"href":"https:\/\/infoecos.com.ar\/index.php\/wp-json\/wp\/v2\/comments?post=96849"}],"version-history":[{"count":1,"href":"https:\/\/infoecos.com.ar\/index.php\/wp-json\/wp\/v2\/posts\/96849\/revisions"}],"predecessor-version":[{"id":96850,"href":"https:\/\/infoecos.com.ar\/index.php\/wp-json\/wp\/v2\/posts\/96849\/revisions\/96850"}],"wp:featuredmedia":[{"embeddable":true,"href":"https:\/\/infoecos.com.ar\/index.php\/wp-json\/wp\/v2\/media\/96811"}],"wp:attachment":[{"href":"https:\/\/infoecos.com.ar\/index.php\/wp-json\/wp\/v2\/media?parent=96849"}],"wp:term":[{"taxonomy":"category","embeddable":true,"href":"https:\/\/infoecos.com.ar\/index.php\/wp-json\/wp\/v2\/categories?post=96849"},{"taxonomy":"post_tag","embeddable":true,"href":"https:\/\/infoecos.com.ar\/index.php\/wp-json\/wp\/v2\/tags?post=96849"}],"curies":[{"name":"wp","href":"https:\/\/api.w.org\/{rel}","templated":true}]}}