{"id":96851,"date":"2022-08-28T02:56:18","date_gmt":"2022-08-28T05:56:18","guid":{"rendered":"http:\/\/infoecos.com.ar\/?p=96851"},"modified":"2022-08-28T02:56:19","modified_gmt":"2022-08-28T05:56:19","slug":"se-celebra-el-dia-de-la-ancianidad","status":"publish","type":"post","link":"https:\/\/infoecos.com.ar\/index.php\/se-celebra-el-dia-de-la-ancianidad\/","title":{"rendered":"Se celebra el D\u00eda de la Ancianidad&#8230;"},"content":{"rendered":"\n<figure class=\"wp-block-image aligncenter size-large is-resized\"><img loading=\"lazy\" decoding=\"async\" src=\"http:\/\/infoecos.com.ar\/wp-content\/uploads\/2022\/08\/image-192-920x613.png\" alt=\"\" class=\"wp-image-96852\" width=\"475\" height=\"316\" srcset=\"https:\/\/infoecos.com.ar\/wp-content\/uploads\/2022\/08\/image-192-920x613.png 920w, https:\/\/infoecos.com.ar\/wp-content\/uploads\/2022\/08\/image-192-460x307.png 460w, https:\/\/infoecos.com.ar\/wp-content\/uploads\/2022\/08\/image-192-768x512.png 768w, https:\/\/infoecos.com.ar\/wp-content\/uploads\/2022\/08\/image-192-1536x1020.png 1536w, https:\/\/infoecos.com.ar\/wp-content\/uploads\/2022\/08\/image-192-1024x682.png 1024w, https:\/\/infoecos.com.ar\/wp-content\/uploads\/2022\/08\/image-192-675x450.png 675w, https:\/\/infoecos.com.ar\/wp-content\/uploads\/2022\/08\/image-192.png 2000w\" sizes=\"(max-width: 475px) 100vw, 475px\" \/><\/figure>\n\n\n\n<ul class=\"wp-block-list\"><li><strong>1905 &#8211; FIDEL PINTOS.<\/strong>\u00a0Nace en la ciudad de Buenos Aires el actor y humorista argentino Fidel Pintos, una de las grandes figuras de la comicidad en televisi\u00f3n, cine y teatro. Actu\u00f3 en 36 pel\u00edculas y en exitosos ciclos del teatro de revista porte\u00f1o.<\/li><li><\/li><li><strong>1919 &#8211; GODFREY HOUNSFIELD.<\/strong>\u00a0Nace en la ciudad inglesa de Newark el ingeniero electr\u00f3nico y cient\u00edfico Godfrey Newbold Hounsfield, inventor de la Tomograf\u00eda Axial Computarizada, el primer esc\u00e1ner aplicado a la medicina. Recibi\u00f3 el Premio Nobel de Medicina en 1979 junto con el f\u00edsico sudafricano-estadounidense Alan Cormack.<\/li><li><\/li><li><strong>1944 &#8211; ANGEL C. ROJAS.<\/strong>\u00a0Nace en la localidad bonaerense de Sarand\u00ed el exfutbolista \u00c1ngel Clemente Rojas, popularmente llamado \u201cRojitas\u201d, uno de los grandes cracks del f\u00fatbol argentino y figura de Boca Juniors en la d\u00e9cada de los a\u00f1os \u201860. Convirti\u00f3 79 goles a lo largo de 222 partidos.<\/li><li><\/li><li><strong>1954 &#8211; MARIA ROSA YORIO.<\/strong>\u00a0Nace en Buenos Aires la cantante, pintora y profesora de canto Mar\u00eda Rosa Yorio, una de las grandes voces femeninas del rock argentino. Fue corista de la banda Sui Generis y vocalista principal de PorSuiGieco. Yorio grab\u00f3 siete discos como solista.<\/li><li><\/li><li><strong>1963 &#8211; LUTHER KING.<\/strong>\u00a0Unas 250.000 personas asisten en Washington a la Marcha por el Trabajo y la Libertad, organizada por el activista Martin Luther King, quien pronuncia su famoso discurso \u201cYo tengo un sue\u00f1o\u201d que extender\u00eda por Estados Unidos la conciencia p\u00fablica sobre los derechos civiles. King fue uno de los m\u00e1s grandes oradores de la historia estadounidense.<\/li><li><\/li><li><strong>2004 &#8211; GENERACI\u00d3N DORADA.<\/strong>\u00a0La selecci\u00f3n argentina de b\u00e1squetbol gan\u00f3 la medalla de oro en los Juegos Ol\u00edmpicos de Atenas 2004 al vencer a Italia por 84 a 69. Fue la consagraci\u00f3n hist\u00f3rica del equipo dirigido por Rub\u00e9n Magnano y que contaba con Emanuel Ginobili, Andr\u00e9s Nocioni, Luis Scola, Walter Herrmann, y Fabricio Oberto, entre otros jugadores de la \u201cgeneraci\u00f3n dorada\u201d del b\u00e1squetbol argentino.<\/li><li><\/li><li><strong>2004 &#8211; ARGENTINA CAMPE\u00d3N.<\/strong>\u00a0Con Marcelo Bielsa en la direcci\u00f3n t\u00e9cnica, la selecci\u00f3n argentina de f\u00fatbol gana invicta la medalla de oro en los Juegos Ol\u00edmpicos de Atenas 2004, al vencer a Paraguay por 1 a 0 con gol de Carlos T\u00e9vez.<\/li><li><\/li><li><strong>2009 &#8211; HERMANOS GALLAGHER.<\/strong>\u00a0A causa de peleas con sus compa\u00f1eros, el guitarrista y cantante Noel Gallagher anuncia la separaci\u00f3n de la banda brit\u00e1nica de rock Oasis, de la que formaba parte con su hermano Liam Gallagher, Chris Hutton, Paul Arthurs, Paul McGuigan, Daniel Alexander y Tony McCarroll. Por eso se cancel\u00f3 el show que Oasis iba a ofrecer en el Festival de Rock de Seine, en Par\u00eds.<\/li><li><\/li><li><strong>2021 &#8211; D\u00cdA DE LA ANCIANIDAD.<\/strong>\u00a0Se celebra el D\u00eda de la Ancianidad en conmemoraci\u00f3n de la fecha de 1948 en el que la primera dama, Maria Eva Duarte de Per\u00f3n, proclam\u00f3 los derechos de los adultos mayores.<\/li><\/ul>\n\n\n\n<p><a href=\"https:\/\/www.tycsports.com\/interes-general\/telekino-sorteo-2234-resultados-en-vivo-hoy-28-de-agosto-id460584.html\"><\/a><\/p>\n","protected":false},"excerpt":{"rendered":"<p>Se celebra el D\u00eda de la Ancianidad en conmemoraci\u00f3n de la fecha de 1948 en el que la primera dama, Maria Eva Duarte de Per\u00f3n, proclam\u00f3 los derechos de los adultos mayores<\/p>\n","protected":false},"author":2,"featured_media":96852,"comment_status":"closed","ping_status":"open","sticky":false,"template":"","format":"standard","meta":{"footnotes":""},"categories":[50],"tags":[4736],"class_list":["post-96851","post","type-post","status-publish","format-standard","has-post-thumbnail","hentry","category-c1nota4","tag-efemerides"],"yoast_head":"<!-- This site is optimized with the Yoast SEO plugin v23.4 - https:\/\/yoast.com\/wordpress\/plugins\/seo\/ -->\n<title>Se celebra el D\u00eda de la Ancianidad... - Infoecos<\/title>\n<meta name=\"robots\" content=\"index, follow, max-snippet:-1, max-image-preview:large, max-video-preview:-1\" \/>\n<link rel=\"canonical\" href=\"https:\/\/infoecos.com.ar\/index.php\/se-celebra-el-dia-de-la-ancianidad\/\" \/>\n<meta property=\"og:locale\" content=\"es_ES\" \/>\n<meta property=\"og:type\" content=\"article\" \/>\n<meta property=\"og:title\" content=\"Se celebra el D\u00eda de la Ancianidad... - Infoecos\" \/>\n<meta property=\"og:description\" content=\"Se celebra el D\u00eda de la Ancianidad en conmemoraci\u00f3n de la fecha de 1948 en el que la primera dama, Maria Eva Duarte de Per\u00f3n, proclam\u00f3 los derechos de los adultos mayores\" \/>\n<meta property=\"og:url\" content=\"https:\/\/infoecos.com.ar\/index.php\/se-celebra-el-dia-de-la-ancianidad\/\" \/>\n<meta property=\"og:site_name\" content=\"Infoecos\" \/>\n<meta property=\"article:publisher\" content=\"https:\/\/www.facebook.com\/profile.php?id=100063200290284\" \/>\n<meta property=\"article:published_time\" content=\"2022-08-28T05:56:18+00:00\" \/>\n<meta property=\"article:modified_time\" content=\"2022-08-28T05:56:19+00:00\" \/>\n<meta property=\"og:image\" content=\"https:\/\/infoecos.com.ar\/wp-content\/uploads\/2022\/08\/image-192-920x613.png\" \/>\n\t<meta property=\"og:image:width\" content=\"920\" \/>\n\t<meta property=\"og:image:height\" content=\"613\" \/>\n\t<meta property=\"og:image:type\" content=\"image\/png\" \/>\n<meta name=\"author\" content=\"Jorge Matheus\" \/>\n<meta name=\"twitter:card\" content=\"summary_large_image\" \/>\n<meta name=\"twitter:creator\" content=\"@infoecos\" \/>\n<meta name=\"twitter:site\" content=\"@infoecos\" \/>\n<meta name=\"twitter:label1\" content=\"Escrito por\" \/>\n\t<meta name=\"twitter:data1\" content=\"Jorge Matheus\" \/>\n\t<meta name=\"twitter:label2\" content=\"Tiempo de lectura\" \/>\n\t<meta name=\"twitter:data2\" content=\"2 minutos\" \/>\n<script type=\"application\/ld+json\" class=\"yoast-schema-graph\">{\"@context\":\"https:\/\/schema.org\",\"@graph\":[{\"@type\":\"Article\",\"@id\":\"https:\/\/infoecos.com.ar\/index.php\/se-celebra-el-dia-de-la-ancianidad\/#article\",\"isPartOf\":{\"@id\":\"https:\/\/infoecos.com.ar\/index.php\/se-celebra-el-dia-de-la-ancianidad\/\"},\"author\":{\"name\":\"Jorge Matheus\",\"@id\":\"https:\/\/infoecos.com.ar\/#\/schema\/person\/8f5ace5ce73b4b4aac4b7245aee6f191\"},\"headline\":\"Se celebra el D\u00eda de la Ancianidad&#8230;\",\"datePublished\":\"2022-08-28T05:56:18+00:00\",\"dateModified\":\"2022-08-28T05:56:19+00:00\",\"mainEntityOfPage\":{\"@id\":\"https:\/\/infoecos.com.ar\/index.php\/se-celebra-el-dia-de-la-ancianidad\/\"},\"wordCount\":484,\"publisher\":{\"@id\":\"https:\/\/infoecos.com.ar\/#organization\"},\"image\":{\"@id\":\"https:\/\/infoecos.com.ar\/index.php\/se-celebra-el-dia-de-la-ancianidad\/#primaryimage\"},\"thumbnailUrl\":\"https:\/\/infoecos.com.ar\/wp-content\/uploads\/2022\/08\/image-192.png\",\"keywords\":[\"EFEM\u00c9RIDES\"],\"articleSection\":[\"C1 N4\"],\"inLanguage\":\"es\"},{\"@type\":\"WebPage\",\"@id\":\"https:\/\/infoecos.com.ar\/index.php\/se-celebra-el-dia-de-la-ancianidad\/\",\"url\":\"https:\/\/infoecos.com.ar\/index.php\/se-celebra-el-dia-de-la-ancianidad\/\",\"name\":\"Se celebra el D\u00eda de la Ancianidad... - Infoecos\",\"isPartOf\":{\"@id\":\"https:\/\/infoecos.com.ar\/#website\"},\"primaryImageOfPage\":{\"@id\":\"https:\/\/infoecos.com.ar\/index.php\/se-celebra-el-dia-de-la-ancianidad\/#primaryimage\"},\"image\":{\"@id\":\"https:\/\/infoecos.com.ar\/index.php\/se-celebra-el-dia-de-la-ancianidad\/#primaryimage\"},\"thumbnailUrl\":\"https:\/\/infoecos.com.ar\/wp-content\/uploads\/2022\/08\/image-192.png\",\"datePublished\":\"2022-08-28T05:56:18+00:00\",\"dateModified\":\"2022-08-28T05:56:19+00:00\",\"breadcrumb\":{\"@id\":\"https:\/\/infoecos.com.ar\/index.php\/se-celebra-el-dia-de-la-ancianidad\/#breadcrumb\"},\"inLanguage\":\"es\",\"potentialAction\":[{\"@type\":\"ReadAction\",\"target\":[\"https:\/\/infoecos.com.ar\/index.php\/se-celebra-el-dia-de-la-ancianidad\/\"]}]},{\"@type\":\"ImageObject\",\"inLanguage\":\"es\",\"@id\":\"https:\/\/infoecos.com.ar\/index.php\/se-celebra-el-dia-de-la-ancianidad\/#primaryimage\",\"url\":\"https:\/\/infoecos.com.ar\/wp-content\/uploads\/2022\/08\/image-192.png\",\"contentUrl\":\"https:\/\/infoecos.com.ar\/wp-content\/uploads\/2022\/08\/image-192.png\",\"width\":2000,\"height\":1333},{\"@type\":\"BreadcrumbList\",\"@id\":\"https:\/\/infoecos.com.ar\/index.php\/se-celebra-el-dia-de-la-ancianidad\/#breadcrumb\",\"itemListElement\":[{\"@type\":\"ListItem\",\"position\":1,\"name\":\"Portada\",\"item\":\"https:\/\/infoecos.com.ar\/\"},{\"@type\":\"ListItem\",\"position\":2,\"name\":\"Se celebra el D\u00eda de la Ancianidad&#8230;\"}]},{\"@type\":\"WebSite\",\"@id\":\"https:\/\/infoecos.com.ar\/#website\",\"url\":\"https:\/\/infoecos.com.ar\/\",\"name\":\"Infoecos\",\"description\":\"Noticias de trenque lauquen y la zona\",\"publisher\":{\"@id\":\"https:\/\/infoecos.com.ar\/#organization\"},\"alternateName\":\"Noticias\",\"potentialAction\":[{\"@type\":\"SearchAction\",\"target\":{\"@type\":\"EntryPoint\",\"urlTemplate\":\"https:\/\/infoecos.com.ar\/?s={search_term_string}\"},\"query-input\":{\"@type\":\"PropertyValueSpecification\",\"valueRequired\":true,\"valueName\":\"search_term_string\"}}],\"inLanguage\":\"es\"},{\"@type\":\"Organization\",\"@id\":\"https:\/\/infoecos.com.ar\/#organization\",\"name\":\"Infoecos\",\"alternateName\":\"Noticias\",\"url\":\"https:\/\/infoecos.com.ar\/\",\"logo\":{\"@type\":\"ImageObject\",\"inLanguage\":\"es\",\"@id\":\"https:\/\/infoecos.com.ar\/#\/schema\/logo\/image\/\",\"url\":\"https:\/\/infoecos.com.ar\/wp-content\/uploads\/2024\/03\/cropped-logo.png\",\"contentUrl\":\"https:\/\/infoecos.com.ar\/wp-content\/uploads\/2024\/03\/cropped-logo.png\",\"width\":374,\"height\":90,\"caption\":\"Infoecos\"},\"image\":{\"@id\":\"https:\/\/infoecos.com.ar\/#\/schema\/logo\/image\/\"},\"sameAs\":[\"https:\/\/www.facebook.com\/profile.php?id=100063200290284\",\"https:\/\/x.com\/infoecos\"]},{\"@type\":\"Person\",\"@id\":\"https:\/\/infoecos.com.ar\/#\/schema\/person\/8f5ace5ce73b4b4aac4b7245aee6f191\",\"name\":\"Jorge Matheus\",\"url\":\"https:\/\/infoecos.com.ar\/index.php\/author\/jomatheus\/\"}]}<\/script>\n<!-- \/ Yoast SEO plugin. -->","yoast_head_json":{"title":"Se celebra el D\u00eda de la Ancianidad... - Infoecos","robots":{"index":"index","follow":"follow","max-snippet":"max-snippet:-1","max-image-preview":"max-image-preview:large","max-video-preview":"max-video-preview:-1"},"canonical":"https:\/\/infoecos.com.ar\/index.php\/se-celebra-el-dia-de-la-ancianidad\/","og_locale":"es_ES","og_type":"article","og_title":"Se celebra el D\u00eda de la Ancianidad... - Infoecos","og_description":"Se celebra el D\u00eda de la Ancianidad en conmemoraci\u00f3n de la fecha de 1948 en el que la primera dama, Maria Eva Duarte de Per\u00f3n, proclam\u00f3 los derechos de los adultos mayores","og_url":"https:\/\/infoecos.com.ar\/index.php\/se-celebra-el-dia-de-la-ancianidad\/","og_site_name":"Infoecos","article_publisher":"https:\/\/www.facebook.com\/profile.php?id=100063200290284","article_published_time":"2022-08-28T05:56:18+00:00","article_modified_time":"2022-08-28T05:56:19+00:00","og_image":[{"width":920,"height":613,"url":"https:\/\/infoecos.com.ar\/wp-content\/uploads\/2022\/08\/image-192-920x613.png","type":"image\/png"}],"author":"Jorge Matheus","twitter_card":"summary_large_image","twitter_creator":"@infoecos","twitter_site":"@infoecos","twitter_misc":{"Escrito por":"Jorge Matheus","Tiempo de lectura":"2 minutos"},"schema":{"@context":"https:\/\/schema.org","@graph":[{"@type":"Article","@id":"https:\/\/infoecos.com.ar\/index.php\/se-celebra-el-dia-de-la-ancianidad\/#article","isPartOf":{"@id":"https:\/\/infoecos.com.ar\/index.php\/se-celebra-el-dia-de-la-ancianidad\/"},"author":{"name":"Jorge Matheus","@id":"https:\/\/infoecos.com.ar\/#\/schema\/person\/8f5ace5ce73b4b4aac4b7245aee6f191"},"headline":"Se celebra el D\u00eda de la Ancianidad&#8230;","datePublished":"2022-08-28T05:56:18+00:00","dateModified":"2022-08-28T05:56:19+00:00","mainEntityOfPage":{"@id":"https:\/\/infoecos.com.ar\/index.php\/se-celebra-el-dia-de-la-ancianidad\/"},"wordCount":484,"publisher":{"@id":"https:\/\/infoecos.com.ar\/#organization"},"image":{"@id":"https:\/\/infoecos.com.ar\/index.php\/se-celebra-el-dia-de-la-ancianidad\/#primaryimage"},"thumbnailUrl":"https:\/\/infoecos.com.ar\/wp-content\/uploads\/2022\/08\/image-192.png","keywords":["EFEM\u00c9RIDES"],"articleSection":["C1 N4"],"inLanguage":"es"},{"@type":"WebPage","@id":"https:\/\/infoecos.com.ar\/index.php\/se-celebra-el-dia-de-la-ancianidad\/","url":"https:\/\/infoecos.com.ar\/index.php\/se-celebra-el-dia-de-la-ancianidad\/","name":"Se celebra el D\u00eda de la Ancianidad... - Infoecos","isPartOf":{"@id":"https:\/\/infoecos.com.ar\/#website"},"primaryImageOfPage":{"@id":"https:\/\/infoecos.com.ar\/index.php\/se-celebra-el-dia-de-la-ancianidad\/#primaryimage"},"image":{"@id":"https:\/\/infoecos.com.ar\/index.php\/se-celebra-el-dia-de-la-ancianidad\/#primaryimage"},"thumbnailUrl":"https:\/\/infoecos.com.ar\/wp-content\/uploads\/2022\/08\/image-192.png","datePublished":"2022-08-28T05:56:18+00:00","dateModified":"2022-08-28T05:56:19+00:00","breadcrumb":{"@id":"https:\/\/infoecos.com.ar\/index.php\/se-celebra-el-dia-de-la-ancianidad\/#breadcrumb"},"inLanguage":"es","potentialAction":[{"@type":"ReadAction","target":["https:\/\/infoecos.com.ar\/index.php\/se-celebra-el-dia-de-la-ancianidad\/"]}]},{"@type":"ImageObject","inLanguage":"es","@id":"https:\/\/infoecos.com.ar\/index.php\/se-celebra-el-dia-de-la-ancianidad\/#primaryimage","url":"https:\/\/infoecos.com.ar\/wp-content\/uploads\/2022\/08\/image-192.png","contentUrl":"https:\/\/infoecos.com.ar\/wp-content\/uploads\/2022\/08\/image-192.png","width":2000,"height":1333},{"@type":"BreadcrumbList","@id":"https:\/\/infoecos.com.ar\/index.php\/se-celebra-el-dia-de-la-ancianidad\/#breadcrumb","itemListElement":[{"@type":"ListItem","position":1,"name":"Portada","item":"https:\/\/infoecos.com.ar\/"},{"@type":"ListItem","position":2,"name":"Se celebra el D\u00eda de la Ancianidad&#8230;"}]},{"@type":"WebSite","@id":"https:\/\/infoecos.com.ar\/#website","url":"https:\/\/infoecos.com.ar\/","name":"Infoecos","description":"Noticias de trenque lauquen y la zona","publisher":{"@id":"https:\/\/infoecos.com.ar\/#organization"},"alternateName":"Noticias","potentialAction":[{"@type":"SearchAction","target":{"@type":"EntryPoint","urlTemplate":"https:\/\/infoecos.com.ar\/?s={search_term_string}"},"query-input":{"@type":"PropertyValueSpecification","valueRequired":true,"valueName":"search_term_string"}}],"inLanguage":"es"},{"@type":"Organization","@id":"https:\/\/infoecos.com.ar\/#organization","name":"Infoecos","alternateName":"Noticias","url":"https:\/\/infoecos.com.ar\/","logo":{"@type":"ImageObject","inLanguage":"es","@id":"https:\/\/infoecos.com.ar\/#\/schema\/logo\/image\/","url":"https:\/\/infoecos.com.ar\/wp-content\/uploads\/2024\/03\/cropped-logo.png","contentUrl":"https:\/\/infoecos.com.ar\/wp-content\/uploads\/2024\/03\/cropped-logo.png","width":374,"height":90,"caption":"Infoecos"},"image":{"@id":"https:\/\/infoecos.com.ar\/#\/schema\/logo\/image\/"},"sameAs":["https:\/\/www.facebook.com\/profile.php?id=100063200290284","https:\/\/x.com\/infoecos"]},{"@type":"Person","@id":"https:\/\/infoecos.com.ar\/#\/schema\/person\/8f5ace5ce73b4b4aac4b7245aee6f191","name":"Jorge Matheus","url":"https:\/\/infoecos.com.ar\/index.php\/author\/jomatheus\/"}]}},"featured_image_urls":{"full":["https:\/\/infoecos.com.ar\/wp-content\/uploads\/2022\/08\/image-192.png",2000,1333,false],"thumbnail":["https:\/\/infoecos.com.ar\/wp-content\/uploads\/2022\/08\/image-192-150x150.png",150,150,true],"medium":["https:\/\/infoecos.com.ar\/wp-content\/uploads\/2022\/08\/image-192-460x307.png",460,307,true],"medium_large":["https:\/\/infoecos.com.ar\/wp-content\/uploads\/2022\/08\/image-192-768x512.png",640,427,true],"large":["https:\/\/infoecos.com.ar\/wp-content\/uploads\/2022\/08\/image-192-920x613.png",640,426,true],"1536x1536":["https:\/\/infoecos.com.ar\/wp-content\/uploads\/2022\/08\/image-192-1536x1024.png",1536,1024,true],"2048x2048":["https:\/\/infoecos.com.ar\/wp-content\/uploads\/2022\/08\/image-192.png",2000,1333,false],"covernews-slider-full":["https:\/\/infoecos.com.ar\/wp-content\/uploads\/2022\/08\/image-192-1536x1020.png",1077,715,true],"covernews-slider-center":["https:\/\/infoecos.com.ar\/wp-content\/uploads\/2022\/08\/image-192-936x897.png",522,500,true],"covernews-featured":["https:\/\/infoecos.com.ar\/wp-content\/uploads\/2022\/08\/image-192-1024x682.png",1024,682,true],"covernews-medium":["https:\/\/infoecos.com.ar\/wp-content\/uploads\/2022\/08\/image-192-720x380.png",540,285,true],"covernews-medium-square":["https:\/\/infoecos.com.ar\/wp-content\/uploads\/2022\/08\/image-192-675x450.png",375,250,true]},"author_info":{"info":["Jorge Matheus"]},"category_info":"<a href=\"https:\/\/infoecos.com.ar\/index.php\/category\/c1nota4\/\" rel=\"category tag\">C1 N4<\/a>","tag_info":"C1 N4","comment_count":"0","_links":{"self":[{"href":"https:\/\/infoecos.com.ar\/index.php\/wp-json\/wp\/v2\/posts\/96851"}],"collection":[{"href":"https:\/\/infoecos.com.ar\/index.php\/wp-json\/wp\/v2\/posts"}],"about":[{"href":"https:\/\/infoecos.com.ar\/index.php\/wp-json\/wp\/v2\/types\/post"}],"author":[{"embeddable":true,"href":"https:\/\/infoecos.com.ar\/index.php\/wp-json\/wp\/v2\/users\/2"}],"replies":[{"embeddable":true,"href":"https:\/\/infoecos.com.ar\/index.php\/wp-json\/wp\/v2\/comments?post=96851"}],"version-history":[{"count":1,"href":"https:\/\/infoecos.com.ar\/index.php\/wp-json\/wp\/v2\/posts\/96851\/revisions"}],"predecessor-version":[{"id":96853,"href":"https:\/\/infoecos.com.ar\/index.php\/wp-json\/wp\/v2\/posts\/96851\/revisions\/96853"}],"wp:featuredmedia":[{"embeddable":true,"href":"https:\/\/infoecos.com.ar\/index.php\/wp-json\/wp\/v2\/media\/96852"}],"wp:attachment":[{"href":"https:\/\/infoecos.com.ar\/index.php\/wp-json\/wp\/v2\/media?parent=96851"}],"wp:term":[{"taxonomy":"category","embeddable":true,"href":"https:\/\/infoecos.com.ar\/index.php\/wp-json\/wp\/v2\/categories?post=96851"},{"taxonomy":"post_tag","embeddable":true,"href":"https:\/\/infoecos.com.ar\/index.php\/wp-json\/wp\/v2\/tags?post=96851"}],"curies":[{"name":"wp","href":"https:\/\/api.w.org\/{rel}","templated":true}]}}