{"id":96896,"date":"2022-08-28T05:04:45","date_gmt":"2022-08-28T08:04:45","guid":{"rendered":"http:\/\/infoecos.com.ar\/?p=96896"},"modified":"2022-08-28T05:04:49","modified_gmt":"2022-08-28T08:04:49","slug":"larreta-le-pidio-a-cfk-que-asuma-la-responsabilidad-por-los-incidentes-ocurridos","status":"publish","type":"post","link":"https:\/\/infoecos.com.ar\/index.php\/larreta-le-pidio-a-cfk-que-asuma-la-responsabilidad-por-los-incidentes-ocurridos\/","title":{"rendered":"Larreta le pidi\u00f3 a CFK que asuma la responsabilidad por los incidentes ocurridos"},"content":{"rendered":"\n<p>Horacio Rodr\u00edguez Larreta, jefe de Gobierno porte\u00f1o, pidi\u00f3 que \u00ablos manifestantes (del kirchnerismo) se retiren pac\u00edficamente a sus casas\u00bb y a\u00a0<strong>Cristina Kirchner\u00a0<\/strong>le solicit\u00f3 que \u00abasuma la responsabilidad\u00bb\u00a0por los incidentes ocurridos en la Recoleta. <\/p>\n\n\n\n<figure class=\"wp-block-image aligncenter size-large is-resized\"><img loading=\"lazy\" decoding=\"async\" src=\"http:\/\/infoecos.com.ar\/wp-content\/uploads\/2022\/08\/image-200-920x495.png\" alt=\"\" class=\"wp-image-96897\" width=\"659\" height=\"354\" srcset=\"https:\/\/infoecos.com.ar\/wp-content\/uploads\/2022\/08\/image-200-920x495.png 920w, https:\/\/infoecos.com.ar\/wp-content\/uploads\/2022\/08\/image-200-460x248.png 460w, https:\/\/infoecos.com.ar\/wp-content\/uploads\/2022\/08\/image-200-768x413.png 768w, https:\/\/infoecos.com.ar\/wp-content\/uploads\/2022\/08\/image-200-1024x551.png 1024w, https:\/\/infoecos.com.ar\/wp-content\/uploads\/2022\/08\/image-200.png 1200w\" sizes=\"(max-width: 659px) 100vw, 659px\" \/><\/figure>\n\n\n\n<p>\u00abLa Polic\u00eda de CABA actu\u00f3 con profesionalismo\u00bb, enfatiz\u00f3 el pol\u00edtico del Pro, pasadas las 21.20, rodeados de figuras de Juntos por el Cambio.<\/p>\n\n\n\n<p>Apunt\u00f3 que la disposici\u00f3n del vallado perimetral en el barrio de Recoleta tuvo como objetivo \u00abla recuperaci\u00f3n del espacio p\u00fablico\u00bb que esta semana se vio copado por la militancia que apoya a Cristina Kirchner tras la acusaci\u00f3n y pedido de c\u00e1rcel del fiscal Diego Luciani por la Causa Vialidad.<\/p>\n\n\n\n<p><\/p>\n","protected":false},"excerpt":{"rendered":"<p>Apunt\u00f3 que la disposici\u00f3n del vallado perimetral en el barrio de Recoleta tuvo como objetivo \u00abla recuperaci\u00f3n del espacio p\u00fablico\u00bb<\/p>\n","protected":false},"author":2,"featured_media":96897,"comment_status":"closed","ping_status":"open","sticky":false,"template":"","format":"standard","meta":{"footnotes":""},"categories":[48],"tags":[155],"class_list":["post-96896","post","type-post","status-publish","format-standard","has-post-thumbnail","hentry","category-c2nota3","tag-politica"],"yoast_head":"<!-- This site is optimized with the Yoast SEO plugin v23.4 - https:\/\/yoast.com\/wordpress\/plugins\/seo\/ -->\n<title>Larreta le pidi\u00f3 a CFK que asuma la responsabilidad por los incidentes ocurridos - Infoecos<\/title>\n<meta name=\"robots\" content=\"index, follow, max-snippet:-1, max-image-preview:large, max-video-preview:-1\" \/>\n<link rel=\"canonical\" href=\"https:\/\/infoecos.com.ar\/index.php\/larreta-le-pidio-a-cfk-que-asuma-la-responsabilidad-por-los-incidentes-ocurridos\/\" \/>\n<meta property=\"og:locale\" content=\"es_ES\" \/>\n<meta property=\"og:type\" content=\"article\" \/>\n<meta property=\"og:title\" content=\"Larreta le pidi\u00f3 a CFK que asuma la responsabilidad por los incidentes ocurridos - Infoecos\" \/>\n<meta property=\"og:description\" content=\"Apunt\u00f3 que la disposici\u00f3n del vallado perimetral en el barrio de Recoleta tuvo como objetivo &quot;la recuperaci\u00f3n del espacio p\u00fablico&quot;\" \/>\n<meta property=\"og:url\" content=\"https:\/\/infoecos.com.ar\/index.php\/larreta-le-pidio-a-cfk-que-asuma-la-responsabilidad-por-los-incidentes-ocurridos\/\" \/>\n<meta property=\"og:site_name\" content=\"Infoecos\" \/>\n<meta property=\"article:publisher\" content=\"https:\/\/www.facebook.com\/profile.php?id=100063200290284\" \/>\n<meta property=\"article:published_time\" content=\"2022-08-28T08:04:45+00:00\" \/>\n<meta property=\"article:modified_time\" content=\"2022-08-28T08:04:49+00:00\" \/>\n<meta property=\"og:image\" content=\"https:\/\/infoecos.com.ar\/wp-content\/uploads\/2022\/08\/image-200.png\" \/>\n\t<meta property=\"og:image:width\" content=\"1200\" \/>\n\t<meta property=\"og:image:height\" content=\"646\" \/>\n\t<meta property=\"og:image:type\" content=\"image\/png\" \/>\n<meta name=\"author\" content=\"Jorge Matheus\" \/>\n<meta name=\"twitter:card\" content=\"summary_large_image\" \/>\n<meta name=\"twitter:creator\" content=\"@infoecos\" \/>\n<meta name=\"twitter:site\" content=\"@infoecos\" \/>\n<meta name=\"twitter:label1\" content=\"Escrito por\" \/>\n\t<meta name=\"twitter:data1\" content=\"Jorge Matheus\" \/>\n\t<meta name=\"twitter:label2\" content=\"Tiempo de lectura\" \/>\n\t<meta name=\"twitter:data2\" content=\"1 minuto\" \/>\n<script type=\"application\/ld+json\" class=\"yoast-schema-graph\">{\"@context\":\"https:\/\/schema.org\",\"@graph\":[{\"@type\":\"Article\",\"@id\":\"https:\/\/infoecos.com.ar\/index.php\/larreta-le-pidio-a-cfk-que-asuma-la-responsabilidad-por-los-incidentes-ocurridos\/#article\",\"isPartOf\":{\"@id\":\"https:\/\/infoecos.com.ar\/index.php\/larreta-le-pidio-a-cfk-que-asuma-la-responsabilidad-por-los-incidentes-ocurridos\/\"},\"author\":{\"name\":\"Jorge Matheus\",\"@id\":\"https:\/\/infoecos.com.ar\/#\/schema\/person\/8f5ace5ce73b4b4aac4b7245aee6f191\"},\"headline\":\"Larreta le pidi\u00f3 a CFK que asuma la responsabilidad por los incidentes ocurridos\",\"datePublished\":\"2022-08-28T08:04:45+00:00\",\"dateModified\":\"2022-08-28T08:04:49+00:00\",\"mainEntityOfPage\":{\"@id\":\"https:\/\/infoecos.com.ar\/index.php\/larreta-le-pidio-a-cfk-que-asuma-la-responsabilidad-por-los-incidentes-ocurridos\/\"},\"wordCount\":130,\"publisher\":{\"@id\":\"https:\/\/infoecos.com.ar\/#organization\"},\"image\":{\"@id\":\"https:\/\/infoecos.com.ar\/index.php\/larreta-le-pidio-a-cfk-que-asuma-la-responsabilidad-por-los-incidentes-ocurridos\/#primaryimage\"},\"thumbnailUrl\":\"https:\/\/infoecos.com.ar\/wp-content\/uploads\/2022\/08\/image-200.png\",\"keywords\":[\"POL\u00cdTICA\"],\"articleSection\":[\"C2 N3\"],\"inLanguage\":\"es\"},{\"@type\":\"WebPage\",\"@id\":\"https:\/\/infoecos.com.ar\/index.php\/larreta-le-pidio-a-cfk-que-asuma-la-responsabilidad-por-los-incidentes-ocurridos\/\",\"url\":\"https:\/\/infoecos.com.ar\/index.php\/larreta-le-pidio-a-cfk-que-asuma-la-responsabilidad-por-los-incidentes-ocurridos\/\",\"name\":\"Larreta le pidi\u00f3 a CFK que asuma la responsabilidad por los incidentes ocurridos - Infoecos\",\"isPartOf\":{\"@id\":\"https:\/\/infoecos.com.ar\/#website\"},\"primaryImageOfPage\":{\"@id\":\"https:\/\/infoecos.com.ar\/index.php\/larreta-le-pidio-a-cfk-que-asuma-la-responsabilidad-por-los-incidentes-ocurridos\/#primaryimage\"},\"image\":{\"@id\":\"https:\/\/infoecos.com.ar\/index.php\/larreta-le-pidio-a-cfk-que-asuma-la-responsabilidad-por-los-incidentes-ocurridos\/#primaryimage\"},\"thumbnailUrl\":\"https:\/\/infoecos.com.ar\/wp-content\/uploads\/2022\/08\/image-200.png\",\"datePublished\":\"2022-08-28T08:04:45+00:00\",\"dateModified\":\"2022-08-28T08:04:49+00:00\",\"breadcrumb\":{\"@id\":\"https:\/\/infoecos.com.ar\/index.php\/larreta-le-pidio-a-cfk-que-asuma-la-responsabilidad-por-los-incidentes-ocurridos\/#breadcrumb\"},\"inLanguage\":\"es\",\"potentialAction\":[{\"@type\":\"ReadAction\",\"target\":[\"https:\/\/infoecos.com.ar\/index.php\/larreta-le-pidio-a-cfk-que-asuma-la-responsabilidad-por-los-incidentes-ocurridos\/\"]}]},{\"@type\":\"ImageObject\",\"inLanguage\":\"es\",\"@id\":\"https:\/\/infoecos.com.ar\/index.php\/larreta-le-pidio-a-cfk-que-asuma-la-responsabilidad-por-los-incidentes-ocurridos\/#primaryimage\",\"url\":\"https:\/\/infoecos.com.ar\/wp-content\/uploads\/2022\/08\/image-200.png\",\"contentUrl\":\"https:\/\/infoecos.com.ar\/wp-content\/uploads\/2022\/08\/image-200.png\",\"width\":1200,\"height\":646},{\"@type\":\"BreadcrumbList\",\"@id\":\"https:\/\/infoecos.com.ar\/index.php\/larreta-le-pidio-a-cfk-que-asuma-la-responsabilidad-por-los-incidentes-ocurridos\/#breadcrumb\",\"itemListElement\":[{\"@type\":\"ListItem\",\"position\":1,\"name\":\"Portada\",\"item\":\"https:\/\/infoecos.com.ar\/\"},{\"@type\":\"ListItem\",\"position\":2,\"name\":\"Larreta le pidi\u00f3 a CFK que asuma la responsabilidad por los incidentes ocurridos\"}]},{\"@type\":\"WebSite\",\"@id\":\"https:\/\/infoecos.com.ar\/#website\",\"url\":\"https:\/\/infoecos.com.ar\/\",\"name\":\"Infoecos\",\"description\":\"Noticias de trenque lauquen y la zona\",\"publisher\":{\"@id\":\"https:\/\/infoecos.com.ar\/#organization\"},\"alternateName\":\"Noticias\",\"potentialAction\":[{\"@type\":\"SearchAction\",\"target\":{\"@type\":\"EntryPoint\",\"urlTemplate\":\"https:\/\/infoecos.com.ar\/?s={search_term_string}\"},\"query-input\":{\"@type\":\"PropertyValueSpecification\",\"valueRequired\":true,\"valueName\":\"search_term_string\"}}],\"inLanguage\":\"es\"},{\"@type\":\"Organization\",\"@id\":\"https:\/\/infoecos.com.ar\/#organization\",\"name\":\"Infoecos\",\"alternateName\":\"Noticias\",\"url\":\"https:\/\/infoecos.com.ar\/\",\"logo\":{\"@type\":\"ImageObject\",\"inLanguage\":\"es\",\"@id\":\"https:\/\/infoecos.com.ar\/#\/schema\/logo\/image\/\",\"url\":\"https:\/\/infoecos.com.ar\/wp-content\/uploads\/2024\/03\/cropped-logo.png\",\"contentUrl\":\"https:\/\/infoecos.com.ar\/wp-content\/uploads\/2024\/03\/cropped-logo.png\",\"width\":374,\"height\":90,\"caption\":\"Infoecos\"},\"image\":{\"@id\":\"https:\/\/infoecos.com.ar\/#\/schema\/logo\/image\/\"},\"sameAs\":[\"https:\/\/www.facebook.com\/profile.php?id=100063200290284\",\"https:\/\/x.com\/infoecos\"]},{\"@type\":\"Person\",\"@id\":\"https:\/\/infoecos.com.ar\/#\/schema\/person\/8f5ace5ce73b4b4aac4b7245aee6f191\",\"name\":\"Jorge Matheus\",\"url\":\"https:\/\/infoecos.com.ar\/index.php\/author\/jomatheus\/\"}]}<\/script>\n<!-- \/ Yoast SEO plugin. -->","yoast_head_json":{"title":"Larreta le pidi\u00f3 a CFK que asuma la responsabilidad por los incidentes ocurridos - Infoecos","robots":{"index":"index","follow":"follow","max-snippet":"max-snippet:-1","max-image-preview":"max-image-preview:large","max-video-preview":"max-video-preview:-1"},"canonical":"https:\/\/infoecos.com.ar\/index.php\/larreta-le-pidio-a-cfk-que-asuma-la-responsabilidad-por-los-incidentes-ocurridos\/","og_locale":"es_ES","og_type":"article","og_title":"Larreta le pidi\u00f3 a CFK que asuma la responsabilidad por los incidentes ocurridos - Infoecos","og_description":"Apunt\u00f3 que la disposici\u00f3n del vallado perimetral en el barrio de Recoleta tuvo como objetivo \"la recuperaci\u00f3n del espacio p\u00fablico\"","og_url":"https:\/\/infoecos.com.ar\/index.php\/larreta-le-pidio-a-cfk-que-asuma-la-responsabilidad-por-los-incidentes-ocurridos\/","og_site_name":"Infoecos","article_publisher":"https:\/\/www.facebook.com\/profile.php?id=100063200290284","article_published_time":"2022-08-28T08:04:45+00:00","article_modified_time":"2022-08-28T08:04:49+00:00","og_image":[{"width":1200,"height":646,"url":"https:\/\/infoecos.com.ar\/wp-content\/uploads\/2022\/08\/image-200.png","type":"image\/png"}],"author":"Jorge Matheus","twitter_card":"summary_large_image","twitter_creator":"@infoecos","twitter_site":"@infoecos","twitter_misc":{"Escrito por":"Jorge Matheus","Tiempo de lectura":"1 minuto"},"schema":{"@context":"https:\/\/schema.org","@graph":[{"@type":"Article","@id":"https:\/\/infoecos.com.ar\/index.php\/larreta-le-pidio-a-cfk-que-asuma-la-responsabilidad-por-los-incidentes-ocurridos\/#article","isPartOf":{"@id":"https:\/\/infoecos.com.ar\/index.php\/larreta-le-pidio-a-cfk-que-asuma-la-responsabilidad-por-los-incidentes-ocurridos\/"},"author":{"name":"Jorge Matheus","@id":"https:\/\/infoecos.com.ar\/#\/schema\/person\/8f5ace5ce73b4b4aac4b7245aee6f191"},"headline":"Larreta le pidi\u00f3 a CFK que asuma la responsabilidad por los incidentes ocurridos","datePublished":"2022-08-28T08:04:45+00:00","dateModified":"2022-08-28T08:04:49+00:00","mainEntityOfPage":{"@id":"https:\/\/infoecos.com.ar\/index.php\/larreta-le-pidio-a-cfk-que-asuma-la-responsabilidad-por-los-incidentes-ocurridos\/"},"wordCount":130,"publisher":{"@id":"https:\/\/infoecos.com.ar\/#organization"},"image":{"@id":"https:\/\/infoecos.com.ar\/index.php\/larreta-le-pidio-a-cfk-que-asuma-la-responsabilidad-por-los-incidentes-ocurridos\/#primaryimage"},"thumbnailUrl":"https:\/\/infoecos.com.ar\/wp-content\/uploads\/2022\/08\/image-200.png","keywords":["POL\u00cdTICA"],"articleSection":["C2 N3"],"inLanguage":"es"},{"@type":"WebPage","@id":"https:\/\/infoecos.com.ar\/index.php\/larreta-le-pidio-a-cfk-que-asuma-la-responsabilidad-por-los-incidentes-ocurridos\/","url":"https:\/\/infoecos.com.ar\/index.php\/larreta-le-pidio-a-cfk-que-asuma-la-responsabilidad-por-los-incidentes-ocurridos\/","name":"Larreta le pidi\u00f3 a CFK que asuma la responsabilidad por los incidentes ocurridos - Infoecos","isPartOf":{"@id":"https:\/\/infoecos.com.ar\/#website"},"primaryImageOfPage":{"@id":"https:\/\/infoecos.com.ar\/index.php\/larreta-le-pidio-a-cfk-que-asuma-la-responsabilidad-por-los-incidentes-ocurridos\/#primaryimage"},"image":{"@id":"https:\/\/infoecos.com.ar\/index.php\/larreta-le-pidio-a-cfk-que-asuma-la-responsabilidad-por-los-incidentes-ocurridos\/#primaryimage"},"thumbnailUrl":"https:\/\/infoecos.com.ar\/wp-content\/uploads\/2022\/08\/image-200.png","datePublished":"2022-08-28T08:04:45+00:00","dateModified":"2022-08-28T08:04:49+00:00","breadcrumb":{"@id":"https:\/\/infoecos.com.ar\/index.php\/larreta-le-pidio-a-cfk-que-asuma-la-responsabilidad-por-los-incidentes-ocurridos\/#breadcrumb"},"inLanguage":"es","potentialAction":[{"@type":"ReadAction","target":["https:\/\/infoecos.com.ar\/index.php\/larreta-le-pidio-a-cfk-que-asuma-la-responsabilidad-por-los-incidentes-ocurridos\/"]}]},{"@type":"ImageObject","inLanguage":"es","@id":"https:\/\/infoecos.com.ar\/index.php\/larreta-le-pidio-a-cfk-que-asuma-la-responsabilidad-por-los-incidentes-ocurridos\/#primaryimage","url":"https:\/\/infoecos.com.ar\/wp-content\/uploads\/2022\/08\/image-200.png","contentUrl":"https:\/\/infoecos.com.ar\/wp-content\/uploads\/2022\/08\/image-200.png","width":1200,"height":646},{"@type":"BreadcrumbList","@id":"https:\/\/infoecos.com.ar\/index.php\/larreta-le-pidio-a-cfk-que-asuma-la-responsabilidad-por-los-incidentes-ocurridos\/#breadcrumb","itemListElement":[{"@type":"ListItem","position":1,"name":"Portada","item":"https:\/\/infoecos.com.ar\/"},{"@type":"ListItem","position":2,"name":"Larreta le pidi\u00f3 a CFK que asuma la responsabilidad por los incidentes ocurridos"}]},{"@type":"WebSite","@id":"https:\/\/infoecos.com.ar\/#website","url":"https:\/\/infoecos.com.ar\/","name":"Infoecos","description":"Noticias de trenque lauquen y la zona","publisher":{"@id":"https:\/\/infoecos.com.ar\/#organization"},"alternateName":"Noticias","potentialAction":[{"@type":"SearchAction","target":{"@type":"EntryPoint","urlTemplate":"https:\/\/infoecos.com.ar\/?s={search_term_string}"},"query-input":{"@type":"PropertyValueSpecification","valueRequired":true,"valueName":"search_term_string"}}],"inLanguage":"es"},{"@type":"Organization","@id":"https:\/\/infoecos.com.ar\/#organization","name":"Infoecos","alternateName":"Noticias","url":"https:\/\/infoecos.com.ar\/","logo":{"@type":"ImageObject","inLanguage":"es","@id":"https:\/\/infoecos.com.ar\/#\/schema\/logo\/image\/","url":"https:\/\/infoecos.com.ar\/wp-content\/uploads\/2024\/03\/cropped-logo.png","contentUrl":"https:\/\/infoecos.com.ar\/wp-content\/uploads\/2024\/03\/cropped-logo.png","width":374,"height":90,"caption":"Infoecos"},"image":{"@id":"https:\/\/infoecos.com.ar\/#\/schema\/logo\/image\/"},"sameAs":["https:\/\/www.facebook.com\/profile.php?id=100063200290284","https:\/\/x.com\/infoecos"]},{"@type":"Person","@id":"https:\/\/infoecos.com.ar\/#\/schema\/person\/8f5ace5ce73b4b4aac4b7245aee6f191","name":"Jorge Matheus","url":"https:\/\/infoecos.com.ar\/index.php\/author\/jomatheus\/"}]}},"featured_image_urls":{"full":["https:\/\/infoecos.com.ar\/wp-content\/uploads\/2022\/08\/image-200.png",1200,646,false],"thumbnail":["https:\/\/infoecos.com.ar\/wp-content\/uploads\/2022\/08\/image-200-150x150.png",150,150,true],"medium":["https:\/\/infoecos.com.ar\/wp-content\/uploads\/2022\/08\/image-200-460x248.png",460,248,true],"medium_large":["https:\/\/infoecos.com.ar\/wp-content\/uploads\/2022\/08\/image-200-768x413.png",640,344,true],"large":["https:\/\/infoecos.com.ar\/wp-content\/uploads\/2022\/08\/image-200-920x495.png",640,344,true],"1536x1536":["https:\/\/infoecos.com.ar\/wp-content\/uploads\/2022\/08\/image-200.png",1200,646,false],"2048x2048":["https:\/\/infoecos.com.ar\/wp-content\/uploads\/2022\/08\/image-200.png",1200,646,false],"covernews-slider-full":["https:\/\/infoecos.com.ar\/wp-content\/uploads\/2022\/08\/image-200.png",1115,600,false],"covernews-slider-center":["https:\/\/infoecos.com.ar\/wp-content\/uploads\/2022\/08\/image-200-936x646.png",724,500,true],"covernews-featured":["https:\/\/infoecos.com.ar\/wp-content\/uploads\/2022\/08\/image-200-1024x551.png",1024,551,true],"covernews-medium":["https:\/\/infoecos.com.ar\/wp-content\/uploads\/2022\/08\/image-200-720x380.png",540,285,true],"covernews-medium-square":["https:\/\/infoecos.com.ar\/wp-content\/uploads\/2022\/08\/image-200-675x450.png",375,250,true]},"author_info":{"info":["Jorge Matheus"]},"category_info":"<a href=\"https:\/\/infoecos.com.ar\/index.php\/category\/c2nota3\/\" rel=\"category tag\">C2 N3<\/a>","tag_info":"C2 N3","comment_count":"0","_links":{"self":[{"href":"https:\/\/infoecos.com.ar\/index.php\/wp-json\/wp\/v2\/posts\/96896"}],"collection":[{"href":"https:\/\/infoecos.com.ar\/index.php\/wp-json\/wp\/v2\/posts"}],"about":[{"href":"https:\/\/infoecos.com.ar\/index.php\/wp-json\/wp\/v2\/types\/post"}],"author":[{"embeddable":true,"href":"https:\/\/infoecos.com.ar\/index.php\/wp-json\/wp\/v2\/users\/2"}],"replies":[{"embeddable":true,"href":"https:\/\/infoecos.com.ar\/index.php\/wp-json\/wp\/v2\/comments?post=96896"}],"version-history":[{"count":1,"href":"https:\/\/infoecos.com.ar\/index.php\/wp-json\/wp\/v2\/posts\/96896\/revisions"}],"predecessor-version":[{"id":96898,"href":"https:\/\/infoecos.com.ar\/index.php\/wp-json\/wp\/v2\/posts\/96896\/revisions\/96898"}],"wp:featuredmedia":[{"embeddable":true,"href":"https:\/\/infoecos.com.ar\/index.php\/wp-json\/wp\/v2\/media\/96897"}],"wp:attachment":[{"href":"https:\/\/infoecos.com.ar\/index.php\/wp-json\/wp\/v2\/media?parent=96896"}],"wp:term":[{"taxonomy":"category","embeddable":true,"href":"https:\/\/infoecos.com.ar\/index.php\/wp-json\/wp\/v2\/categories?post=96896"},{"taxonomy":"post_tag","embeddable":true,"href":"https:\/\/infoecos.com.ar\/index.php\/wp-json\/wp\/v2\/tags?post=96896"}],"curies":[{"name":"wp","href":"https:\/\/api.w.org\/{rel}","templated":true}]}}