{"id":96951,"date":"2022-08-30T20:42:32","date_gmt":"2022-08-30T23:42:32","guid":{"rendered":"http:\/\/infoecos.com.ar\/?p=96951"},"modified":"2022-09-01T03:14:36","modified_gmt":"2022-09-01T06:14:36","slug":"el-registro-de-las-personas-funcionara-en-el-centro-civico-remodelado-de-30-de-agosto","status":"publish","type":"post","link":"https:\/\/infoecos.com.ar\/index.php\/el-registro-de-las-personas-funcionara-en-el-centro-civico-remodelado-de-30-de-agosto\/","title":{"rendered":"El Registro de las Personas funcionar\u00e1 en el Centro C\u00edvico remodelado de 30 de Agosto"},"content":{"rendered":"\n<p>Este martes, la ministra de Gobierno, <strong><mark style=\"background-color:rgba(0, 0, 0, 0)\" class=\"has-inline-color has-vivid-red-color\">Cristina \u00c1lvarez Rodr\u00edguez<\/mark>,<\/strong> y el intendente de Trenque Lauquen,<strong> <mark style=\"background-color:rgba(0, 0, 0, 0)\" class=\"has-inline-color has-vivid-red-color\">Miguel Fern\u00e1ndez<\/mark><\/strong>, inauguraron el Centro C\u00edvico y la <strong>nueva oficina de la Delegaci\u00f3n 30 de Agosto del Registro de las Personas<\/strong> que funcionar\u00e1 en su interior, en el marco del 112\u00b0 aniversario de la ciudad.<\/p>\n\n\n\n<figure class=\"wp-block-image aligncenter size-large is-resized\"><img loading=\"lazy\" decoding=\"async\" src=\"http:\/\/infoecos.com.ar\/wp-content\/uploads\/2022\/08\/image-212-920x614.png\" alt=\"\" class=\"wp-image-96952\" width=\"519\" height=\"346\" srcset=\"https:\/\/infoecos.com.ar\/wp-content\/uploads\/2022\/08\/image-212-920x614.png 920w, https:\/\/infoecos.com.ar\/wp-content\/uploads\/2022\/08\/image-212-460x307.png 460w, https:\/\/infoecos.com.ar\/wp-content\/uploads\/2022\/08\/image-212-768x512.png 768w, https:\/\/infoecos.com.ar\/wp-content\/uploads\/2022\/08\/image-212-1024x683.png 1024w, https:\/\/infoecos.com.ar\/wp-content\/uploads\/2022\/08\/image-212-675x450.png 675w, https:\/\/infoecos.com.ar\/wp-content\/uploads\/2022\/08\/image-212.png 1280w\" sizes=\"(max-width: 519px) 100vw, 519px\" \/><figcaption>Centro C\u00edvico 30 de Agosto<\/figcaption><\/figure>\n\n\n\n<p>El flamante edificio centralizar\u00e1 otras dependencias administrativas municipales y provinciales adem\u00e1s del Registro, para facilitar la realizaci\u00f3n de tr\u00e1mites a vecinas y vecinos del lugar, evitando que deban trasladarse a ciudades vecinas.<\/p>\n\n\n\n<p>Adem\u00e1s, el intendente Fern\u00e1ndez suscribi\u00f3 el convenio por el cual el municipio se adhiere al programa <strong>\u201cMi Identidad, Mi Derecho\u201d<\/strong>, que busca regularizar la<strong> inscripci\u00f3n de las y los bonaerenses que no cuentan con su documentaci\u00f3n.<\/strong><\/p>\n\n\n\n<figure class=\"wp-block-image aligncenter size-large is-resized\"><img loading=\"lazy\" decoding=\"async\" src=\"http:\/\/infoecos.com.ar\/wp-content\/uploads\/2022\/08\/image-213-920x614.png\" alt=\"\" class=\"wp-image-96953\" width=\"529\" height=\"353\" srcset=\"https:\/\/infoecos.com.ar\/wp-content\/uploads\/2022\/08\/image-213-920x614.png 920w, https:\/\/infoecos.com.ar\/wp-content\/uploads\/2022\/08\/image-213-460x307.png 460w, https:\/\/infoecos.com.ar\/wp-content\/uploads\/2022\/08\/image-213-768x512.png 768w, https:\/\/infoecos.com.ar\/wp-content\/uploads\/2022\/08\/image-213-1024x683.png 1024w, https:\/\/infoecos.com.ar\/wp-content\/uploads\/2022\/08\/image-213-675x450.png 675w, https:\/\/infoecos.com.ar\/wp-content\/uploads\/2022\/08\/image-213.png 1280w\" sizes=\"(max-width: 529px) 100vw, 529px\" \/><figcaption>Centro C\u00edvico 30 de Agosto &#8211; Registro de las Personas<\/figcaption><\/figure>\n\n\n\n<p>Al respecto, la ministra expres\u00f3 que <strong>\u201cdesde el gobierno de la Provincia tenemos el compromiso de trabajar para agilizar los tr\u00e1mites y garantizar a cada bonaerense su derecho a la identidad\u201d<\/strong>.<\/p>\n\n\n\n<p><strong>\u201cEl DNI es el documento m\u00e1s importante de todos porque es la puerta a todos los derechos. Es lo que permite el acceso a la educaci\u00f3n, a la salud, al sistema bancario, al empleo registrado y hasta la posibilidad de votar o de ser elegidos\u201d<\/strong>, agreg\u00f3.<\/p>\n\n\n\n<figure class=\"wp-block-image aligncenter size-large is-resized\"><img loading=\"lazy\" decoding=\"async\" src=\"http:\/\/infoecos.com.ar\/wp-content\/uploads\/2022\/08\/image-214-920x614.png\" alt=\"\" class=\"wp-image-96954\" width=\"534\" height=\"356\" srcset=\"https:\/\/infoecos.com.ar\/wp-content\/uploads\/2022\/08\/image-214-920x614.png 920w, https:\/\/infoecos.com.ar\/wp-content\/uploads\/2022\/08\/image-214-460x307.png 460w, https:\/\/infoecos.com.ar\/wp-content\/uploads\/2022\/08\/image-214-768x512.png 768w, https:\/\/infoecos.com.ar\/wp-content\/uploads\/2022\/08\/image-214-1024x683.png 1024w, https:\/\/infoecos.com.ar\/wp-content\/uploads\/2022\/08\/image-214-675x450.png 675w, https:\/\/infoecos.com.ar\/wp-content\/uploads\/2022\/08\/image-214.png 1280w\" sizes=\"(max-width: 534px) 100vw, 534px\" \/><figcaption>Cristina \u00c1lvarez Rodr\u00edguez habla en el acto del 112 aniversario de 30 de Agosto<\/figcaption><\/figure>\n\n\n\n<p>A trav\u00e9s del convenio, el municipio brindar\u00e1 asistencia t\u00e9cnica para que las personas que no cuentan con inscripci\u00f3n de nacimiento, puedan realizar el tr\u00e1mite <strong>por v\u00eda administrativa, de manera gratuita y sin l\u00edmite de edad<\/strong>. Con su partida de nacimiento, podr\u00e1n obtener por primera vez su DNI que les permitir\u00e1 acceder a un trabajo registrado, realizar tr\u00e1mites en ANSES, y gozar de todos sus derechos.<\/p>\n\n\n\n<p>Durante su discurso, Alvarez Rodr\u00edguez felicit\u00f3 a la comunidad de 30 de Agosto por el aniversario, al tiempo que agradeci\u00f3 al intendente Fern\u00e1ndez \u201cpor la voluntad que ha demostrado durante todo este tiempo, para que la Provincia y municipio podamos trabajar juntos en resolver los principales problemas que afectan a los vecinos y vecinas\u201d.&nbsp;<\/p>\n\n\n\n<p>De la actividad particip\u00f3 tambi\u00e9n el director provincial del Registro de las Personas, Mariano R\u00edos Ordo\u00f1ez, quien suscribi\u00f3 el contrato de comodato por el cual el municipio cedi\u00f3 formalmente el inmueble ubicado dentro del Centro C\u00edvico, donde fue trasladada la Delegaci\u00f3n.<\/p>\n\n\n\n<p>Adem\u00e1s estuvieron presentes Miguel Mul\u00e1n, director del Ente Descentralizado de Trenque Lauquen; y concejalas y concejales del municipio.<\/p>\n\n\n\n<p>Cabe destacar que el Registro estuvo presente con un operativo m\u00f3vil en la Plaza San Mart\u00edn para que vecinos y vecinas puedan realizar sus tr\u00e1mites documentarios.&nbsp;<\/p>\n","protected":false},"excerpt":{"rendered":"<p>El intendente Fern\u00e1ndez suscribi\u00f3 con la ministra de Gobierno, el convenio por el cual el municipio se adhiere al programa \u201cMi Identidad, Mi Derecho\u201d, que busca regularizar la inscripci\u00f3n de las y los bonaerenses que no cuentan con su documentaci\u00f3n<\/p>\n","protected":false},"author":2,"featured_media":96952,"comment_status":"closed","ping_status":"open","sticky":false,"template":"","format":"standard","meta":{"footnotes":""},"categories":[1341],"tags":[6671],"class_list":["post-96951","post","type-post","status-publish","format-standard","has-post-thumbnail","hentry","category-c1nota7","tag-convenio-entre-municipio-y-provincia"],"yoast_head":"<!-- This site is optimized with the Yoast SEO plugin v23.4 - https:\/\/yoast.com\/wordpress\/plugins\/seo\/ -->\n<title>El Registro de las Personas funcionar\u00e1 en el Centro C\u00edvico remodelado de 30 de Agosto - Infoecos<\/title>\n<meta name=\"robots\" content=\"index, follow, max-snippet:-1, max-image-preview:large, max-video-preview:-1\" \/>\n<link rel=\"canonical\" href=\"https:\/\/infoecos.com.ar\/index.php\/el-registro-de-las-personas-funcionara-en-el-centro-civico-remodelado-de-30-de-agosto\/\" \/>\n<meta property=\"og:locale\" content=\"es_ES\" \/>\n<meta property=\"og:type\" content=\"article\" \/>\n<meta property=\"og:title\" content=\"El Registro de las Personas funcionar\u00e1 en el Centro C\u00edvico remodelado de 30 de Agosto - Infoecos\" \/>\n<meta property=\"og:description\" content=\"El intendente Fern\u00e1ndez suscribi\u00f3 con la ministra de Gobierno, el convenio por el cual el municipio se adhiere al programa \u201cMi Identidad, Mi Derecho\u201d, que busca regularizar la inscripci\u00f3n de las y los bonaerenses que no cuentan con su documentaci\u00f3n\" \/>\n<meta property=\"og:url\" content=\"https:\/\/infoecos.com.ar\/index.php\/el-registro-de-las-personas-funcionara-en-el-centro-civico-remodelado-de-30-de-agosto\/\" \/>\n<meta property=\"og:site_name\" content=\"Infoecos\" \/>\n<meta property=\"article:publisher\" content=\"https:\/\/www.facebook.com\/profile.php?id=100063200290284\" \/>\n<meta property=\"article:published_time\" content=\"2022-08-30T23:42:32+00:00\" \/>\n<meta property=\"article:modified_time\" content=\"2022-09-01T06:14:36+00:00\" \/>\n<meta property=\"og:image\" content=\"https:\/\/infoecos.com.ar\/wp-content\/uploads\/2022\/08\/image-212.png\" \/>\n\t<meta property=\"og:image:width\" content=\"1280\" \/>\n\t<meta property=\"og:image:height\" content=\"854\" \/>\n\t<meta property=\"og:image:type\" content=\"image\/png\" \/>\n<meta name=\"author\" content=\"Jorge Matheus\" \/>\n<meta name=\"twitter:card\" content=\"summary_large_image\" \/>\n<meta name=\"twitter:creator\" content=\"@infoecos\" \/>\n<meta name=\"twitter:site\" content=\"@infoecos\" \/>\n<meta name=\"twitter:label1\" content=\"Escrito por\" \/>\n\t<meta name=\"twitter:data1\" content=\"Jorge Matheus\" \/>\n\t<meta name=\"twitter:label2\" content=\"Tiempo de lectura\" \/>\n\t<meta name=\"twitter:data2\" content=\"2 minutos\" \/>\n<script type=\"application\/ld+json\" class=\"yoast-schema-graph\">{\"@context\":\"https:\/\/schema.org\",\"@graph\":[{\"@type\":\"Article\",\"@id\":\"https:\/\/infoecos.com.ar\/index.php\/el-registro-de-las-personas-funcionara-en-el-centro-civico-remodelado-de-30-de-agosto\/#article\",\"isPartOf\":{\"@id\":\"https:\/\/infoecos.com.ar\/index.php\/el-registro-de-las-personas-funcionara-en-el-centro-civico-remodelado-de-30-de-agosto\/\"},\"author\":{\"name\":\"Jorge Matheus\",\"@id\":\"https:\/\/infoecos.com.ar\/#\/schema\/person\/8f5ace5ce73b4b4aac4b7245aee6f191\"},\"headline\":\"El Registro de las Personas funcionar\u00e1 en el Centro C\u00edvico remodelado de 30 de Agosto\",\"datePublished\":\"2022-08-30T23:42:32+00:00\",\"dateModified\":\"2022-09-01T06:14:36+00:00\",\"mainEntityOfPage\":{\"@id\":\"https:\/\/infoecos.com.ar\/index.php\/el-registro-de-las-personas-funcionara-en-el-centro-civico-remodelado-de-30-de-agosto\/\"},\"wordCount\":475,\"publisher\":{\"@id\":\"https:\/\/infoecos.com.ar\/#organization\"},\"image\":{\"@id\":\"https:\/\/infoecos.com.ar\/index.php\/el-registro-de-las-personas-funcionara-en-el-centro-civico-remodelado-de-30-de-agosto\/#primaryimage\"},\"thumbnailUrl\":\"https:\/\/infoecos.com.ar\/wp-content\/uploads\/2022\/08\/image-212.png\",\"keywords\":[\"CONVENIO ENTRE MUNICIPIO Y PROVINCIA\"],\"articleSection\":[\"C1 nota 7\"],\"inLanguage\":\"es\"},{\"@type\":\"WebPage\",\"@id\":\"https:\/\/infoecos.com.ar\/index.php\/el-registro-de-las-personas-funcionara-en-el-centro-civico-remodelado-de-30-de-agosto\/\",\"url\":\"https:\/\/infoecos.com.ar\/index.php\/el-registro-de-las-personas-funcionara-en-el-centro-civico-remodelado-de-30-de-agosto\/\",\"name\":\"El Registro de las Personas funcionar\u00e1 en el Centro C\u00edvico remodelado de 30 de Agosto - Infoecos\",\"isPartOf\":{\"@id\":\"https:\/\/infoecos.com.ar\/#website\"},\"primaryImageOfPage\":{\"@id\":\"https:\/\/infoecos.com.ar\/index.php\/el-registro-de-las-personas-funcionara-en-el-centro-civico-remodelado-de-30-de-agosto\/#primaryimage\"},\"image\":{\"@id\":\"https:\/\/infoecos.com.ar\/index.php\/el-registro-de-las-personas-funcionara-en-el-centro-civico-remodelado-de-30-de-agosto\/#primaryimage\"},\"thumbnailUrl\":\"https:\/\/infoecos.com.ar\/wp-content\/uploads\/2022\/08\/image-212.png\",\"datePublished\":\"2022-08-30T23:42:32+00:00\",\"dateModified\":\"2022-09-01T06:14:36+00:00\",\"breadcrumb\":{\"@id\":\"https:\/\/infoecos.com.ar\/index.php\/el-registro-de-las-personas-funcionara-en-el-centro-civico-remodelado-de-30-de-agosto\/#breadcrumb\"},\"inLanguage\":\"es\",\"potentialAction\":[{\"@type\":\"ReadAction\",\"target\":[\"https:\/\/infoecos.com.ar\/index.php\/el-registro-de-las-personas-funcionara-en-el-centro-civico-remodelado-de-30-de-agosto\/\"]}]},{\"@type\":\"ImageObject\",\"inLanguage\":\"es\",\"@id\":\"https:\/\/infoecos.com.ar\/index.php\/el-registro-de-las-personas-funcionara-en-el-centro-civico-remodelado-de-30-de-agosto\/#primaryimage\",\"url\":\"https:\/\/infoecos.com.ar\/wp-content\/uploads\/2022\/08\/image-212.png\",\"contentUrl\":\"https:\/\/infoecos.com.ar\/wp-content\/uploads\/2022\/08\/image-212.png\",\"width\":1280,\"height\":854},{\"@type\":\"BreadcrumbList\",\"@id\":\"https:\/\/infoecos.com.ar\/index.php\/el-registro-de-las-personas-funcionara-en-el-centro-civico-remodelado-de-30-de-agosto\/#breadcrumb\",\"itemListElement\":[{\"@type\":\"ListItem\",\"position\":1,\"name\":\"Portada\",\"item\":\"https:\/\/infoecos.com.ar\/\"},{\"@type\":\"ListItem\",\"position\":2,\"name\":\"El Registro de las Personas funcionar\u00e1 en el Centro C\u00edvico remodelado de 30 de Agosto\"}]},{\"@type\":\"WebSite\",\"@id\":\"https:\/\/infoecos.com.ar\/#website\",\"url\":\"https:\/\/infoecos.com.ar\/\",\"name\":\"Infoecos\",\"description\":\"Noticias de trenque lauquen y la zona\",\"publisher\":{\"@id\":\"https:\/\/infoecos.com.ar\/#organization\"},\"alternateName\":\"Noticias\",\"potentialAction\":[{\"@type\":\"SearchAction\",\"target\":{\"@type\":\"EntryPoint\",\"urlTemplate\":\"https:\/\/infoecos.com.ar\/?s={search_term_string}\"},\"query-input\":{\"@type\":\"PropertyValueSpecification\",\"valueRequired\":true,\"valueName\":\"search_term_string\"}}],\"inLanguage\":\"es\"},{\"@type\":\"Organization\",\"@id\":\"https:\/\/infoecos.com.ar\/#organization\",\"name\":\"Infoecos\",\"alternateName\":\"Noticias\",\"url\":\"https:\/\/infoecos.com.ar\/\",\"logo\":{\"@type\":\"ImageObject\",\"inLanguage\":\"es\",\"@id\":\"https:\/\/infoecos.com.ar\/#\/schema\/logo\/image\/\",\"url\":\"https:\/\/infoecos.com.ar\/wp-content\/uploads\/2024\/03\/cropped-logo.png\",\"contentUrl\":\"https:\/\/infoecos.com.ar\/wp-content\/uploads\/2024\/03\/cropped-logo.png\",\"width\":374,\"height\":90,\"caption\":\"Infoecos\"},\"image\":{\"@id\":\"https:\/\/infoecos.com.ar\/#\/schema\/logo\/image\/\"},\"sameAs\":[\"https:\/\/www.facebook.com\/profile.php?id=100063200290284\",\"https:\/\/x.com\/infoecos\"]},{\"@type\":\"Person\",\"@id\":\"https:\/\/infoecos.com.ar\/#\/schema\/person\/8f5ace5ce73b4b4aac4b7245aee6f191\",\"name\":\"Jorge Matheus\",\"url\":\"https:\/\/infoecos.com.ar\/index.php\/author\/jomatheus\/\"}]}<\/script>\n<!-- \/ Yoast SEO plugin. -->","yoast_head_json":{"title":"El Registro de las Personas funcionar\u00e1 en el Centro C\u00edvico remodelado de 30 de Agosto - Infoecos","robots":{"index":"index","follow":"follow","max-snippet":"max-snippet:-1","max-image-preview":"max-image-preview:large","max-video-preview":"max-video-preview:-1"},"canonical":"https:\/\/infoecos.com.ar\/index.php\/el-registro-de-las-personas-funcionara-en-el-centro-civico-remodelado-de-30-de-agosto\/","og_locale":"es_ES","og_type":"article","og_title":"El Registro de las Personas funcionar\u00e1 en el Centro C\u00edvico remodelado de 30 de Agosto - Infoecos","og_description":"El intendente Fern\u00e1ndez suscribi\u00f3 con la ministra de Gobierno, el convenio por el cual el municipio se adhiere al programa \u201cMi Identidad, Mi Derecho\u201d, que busca regularizar la inscripci\u00f3n de las y los bonaerenses que no cuentan con su documentaci\u00f3n","og_url":"https:\/\/infoecos.com.ar\/index.php\/el-registro-de-las-personas-funcionara-en-el-centro-civico-remodelado-de-30-de-agosto\/","og_site_name":"Infoecos","article_publisher":"https:\/\/www.facebook.com\/profile.php?id=100063200290284","article_published_time":"2022-08-30T23:42:32+00:00","article_modified_time":"2022-09-01T06:14:36+00:00","og_image":[{"width":1280,"height":854,"url":"https:\/\/infoecos.com.ar\/wp-content\/uploads\/2022\/08\/image-212.png","type":"image\/png"}],"author":"Jorge Matheus","twitter_card":"summary_large_image","twitter_creator":"@infoecos","twitter_site":"@infoecos","twitter_misc":{"Escrito por":"Jorge Matheus","Tiempo de lectura":"2 minutos"},"schema":{"@context":"https:\/\/schema.org","@graph":[{"@type":"Article","@id":"https:\/\/infoecos.com.ar\/index.php\/el-registro-de-las-personas-funcionara-en-el-centro-civico-remodelado-de-30-de-agosto\/#article","isPartOf":{"@id":"https:\/\/infoecos.com.ar\/index.php\/el-registro-de-las-personas-funcionara-en-el-centro-civico-remodelado-de-30-de-agosto\/"},"author":{"name":"Jorge Matheus","@id":"https:\/\/infoecos.com.ar\/#\/schema\/person\/8f5ace5ce73b4b4aac4b7245aee6f191"},"headline":"El Registro de las Personas funcionar\u00e1 en el Centro C\u00edvico remodelado de 30 de Agosto","datePublished":"2022-08-30T23:42:32+00:00","dateModified":"2022-09-01T06:14:36+00:00","mainEntityOfPage":{"@id":"https:\/\/infoecos.com.ar\/index.php\/el-registro-de-las-personas-funcionara-en-el-centro-civico-remodelado-de-30-de-agosto\/"},"wordCount":475,"publisher":{"@id":"https:\/\/infoecos.com.ar\/#organization"},"image":{"@id":"https:\/\/infoecos.com.ar\/index.php\/el-registro-de-las-personas-funcionara-en-el-centro-civico-remodelado-de-30-de-agosto\/#primaryimage"},"thumbnailUrl":"https:\/\/infoecos.com.ar\/wp-content\/uploads\/2022\/08\/image-212.png","keywords":["CONVENIO ENTRE MUNICIPIO Y PROVINCIA"],"articleSection":["C1 nota 7"],"inLanguage":"es"},{"@type":"WebPage","@id":"https:\/\/infoecos.com.ar\/index.php\/el-registro-de-las-personas-funcionara-en-el-centro-civico-remodelado-de-30-de-agosto\/","url":"https:\/\/infoecos.com.ar\/index.php\/el-registro-de-las-personas-funcionara-en-el-centro-civico-remodelado-de-30-de-agosto\/","name":"El Registro de las Personas funcionar\u00e1 en el Centro C\u00edvico remodelado de 30 de Agosto - Infoecos","isPartOf":{"@id":"https:\/\/infoecos.com.ar\/#website"},"primaryImageOfPage":{"@id":"https:\/\/infoecos.com.ar\/index.php\/el-registro-de-las-personas-funcionara-en-el-centro-civico-remodelado-de-30-de-agosto\/#primaryimage"},"image":{"@id":"https:\/\/infoecos.com.ar\/index.php\/el-registro-de-las-personas-funcionara-en-el-centro-civico-remodelado-de-30-de-agosto\/#primaryimage"},"thumbnailUrl":"https:\/\/infoecos.com.ar\/wp-content\/uploads\/2022\/08\/image-212.png","datePublished":"2022-08-30T23:42:32+00:00","dateModified":"2022-09-01T06:14:36+00:00","breadcrumb":{"@id":"https:\/\/infoecos.com.ar\/index.php\/el-registro-de-las-personas-funcionara-en-el-centro-civico-remodelado-de-30-de-agosto\/#breadcrumb"},"inLanguage":"es","potentialAction":[{"@type":"ReadAction","target":["https:\/\/infoecos.com.ar\/index.php\/el-registro-de-las-personas-funcionara-en-el-centro-civico-remodelado-de-30-de-agosto\/"]}]},{"@type":"ImageObject","inLanguage":"es","@id":"https:\/\/infoecos.com.ar\/index.php\/el-registro-de-las-personas-funcionara-en-el-centro-civico-remodelado-de-30-de-agosto\/#primaryimage","url":"https:\/\/infoecos.com.ar\/wp-content\/uploads\/2022\/08\/image-212.png","contentUrl":"https:\/\/infoecos.com.ar\/wp-content\/uploads\/2022\/08\/image-212.png","width":1280,"height":854},{"@type":"BreadcrumbList","@id":"https:\/\/infoecos.com.ar\/index.php\/el-registro-de-las-personas-funcionara-en-el-centro-civico-remodelado-de-30-de-agosto\/#breadcrumb","itemListElement":[{"@type":"ListItem","position":1,"name":"Portada","item":"https:\/\/infoecos.com.ar\/"},{"@type":"ListItem","position":2,"name":"El Registro de las Personas funcionar\u00e1 en el Centro C\u00edvico remodelado de 30 de Agosto"}]},{"@type":"WebSite","@id":"https:\/\/infoecos.com.ar\/#website","url":"https:\/\/infoecos.com.ar\/","name":"Infoecos","description":"Noticias de trenque lauquen y la zona","publisher":{"@id":"https:\/\/infoecos.com.ar\/#organization"},"alternateName":"Noticias","potentialAction":[{"@type":"SearchAction","target":{"@type":"EntryPoint","urlTemplate":"https:\/\/infoecos.com.ar\/?s={search_term_string}"},"query-input":{"@type":"PropertyValueSpecification","valueRequired":true,"valueName":"search_term_string"}}],"inLanguage":"es"},{"@type":"Organization","@id":"https:\/\/infoecos.com.ar\/#organization","name":"Infoecos","alternateName":"Noticias","url":"https:\/\/infoecos.com.ar\/","logo":{"@type":"ImageObject","inLanguage":"es","@id":"https:\/\/infoecos.com.ar\/#\/schema\/logo\/image\/","url":"https:\/\/infoecos.com.ar\/wp-content\/uploads\/2024\/03\/cropped-logo.png","contentUrl":"https:\/\/infoecos.com.ar\/wp-content\/uploads\/2024\/03\/cropped-logo.png","width":374,"height":90,"caption":"Infoecos"},"image":{"@id":"https:\/\/infoecos.com.ar\/#\/schema\/logo\/image\/"},"sameAs":["https:\/\/www.facebook.com\/profile.php?id=100063200290284","https:\/\/x.com\/infoecos"]},{"@type":"Person","@id":"https:\/\/infoecos.com.ar\/#\/schema\/person\/8f5ace5ce73b4b4aac4b7245aee6f191","name":"Jorge Matheus","url":"https:\/\/infoecos.com.ar\/index.php\/author\/jomatheus\/"}]}},"featured_image_urls":{"full":["https:\/\/infoecos.com.ar\/wp-content\/uploads\/2022\/08\/image-212.png",1280,854,false],"thumbnail":["https:\/\/infoecos.com.ar\/wp-content\/uploads\/2022\/08\/image-212-150x150.png",150,150,true],"medium":["https:\/\/infoecos.com.ar\/wp-content\/uploads\/2022\/08\/image-212-460x307.png",460,307,true],"medium_large":["https:\/\/infoecos.com.ar\/wp-content\/uploads\/2022\/08\/image-212-768x512.png",640,427,true],"large":["https:\/\/infoecos.com.ar\/wp-content\/uploads\/2022\/08\/image-212-920x614.png",640,427,true],"1536x1536":["https:\/\/infoecos.com.ar\/wp-content\/uploads\/2022\/08\/image-212.png",1280,854,false],"2048x2048":["https:\/\/infoecos.com.ar\/wp-content\/uploads\/2022\/08\/image-212.png",1280,854,false],"covernews-slider-full":["https:\/\/infoecos.com.ar\/wp-content\/uploads\/2022\/08\/image-212.png",1072,715,false],"covernews-slider-center":["https:\/\/infoecos.com.ar\/wp-content\/uploads\/2022\/08\/image-212-936x854.png",548,500,true],"covernews-featured":["https:\/\/infoecos.com.ar\/wp-content\/uploads\/2022\/08\/image-212-1024x683.png",1024,683,true],"covernews-medium":["https:\/\/infoecos.com.ar\/wp-content\/uploads\/2022\/08\/image-212-720x380.png",540,285,true],"covernews-medium-square":["https:\/\/infoecos.com.ar\/wp-content\/uploads\/2022\/08\/image-212-675x450.png",375,250,true]},"author_info":{"info":["Jorge Matheus"]},"category_info":"<a href=\"https:\/\/infoecos.com.ar\/index.php\/category\/c1nota7\/\" rel=\"category tag\">C1 nota 7<\/a>","tag_info":"C1 nota 7","comment_count":"0","_links":{"self":[{"href":"https:\/\/infoecos.com.ar\/index.php\/wp-json\/wp\/v2\/posts\/96951"}],"collection":[{"href":"https:\/\/infoecos.com.ar\/index.php\/wp-json\/wp\/v2\/posts"}],"about":[{"href":"https:\/\/infoecos.com.ar\/index.php\/wp-json\/wp\/v2\/types\/post"}],"author":[{"embeddable":true,"href":"https:\/\/infoecos.com.ar\/index.php\/wp-json\/wp\/v2\/users\/2"}],"replies":[{"embeddable":true,"href":"https:\/\/infoecos.com.ar\/index.php\/wp-json\/wp\/v2\/comments?post=96951"}],"version-history":[{"count":2,"href":"https:\/\/infoecos.com.ar\/index.php\/wp-json\/wp\/v2\/posts\/96951\/revisions"}],"predecessor-version":[{"id":97189,"href":"https:\/\/infoecos.com.ar\/index.php\/wp-json\/wp\/v2\/posts\/96951\/revisions\/97189"}],"wp:featuredmedia":[{"embeddable":true,"href":"https:\/\/infoecos.com.ar\/index.php\/wp-json\/wp\/v2\/media\/96952"}],"wp:attachment":[{"href":"https:\/\/infoecos.com.ar\/index.php\/wp-json\/wp\/v2\/media?parent=96951"}],"wp:term":[{"taxonomy":"category","embeddable":true,"href":"https:\/\/infoecos.com.ar\/index.php\/wp-json\/wp\/v2\/categories?post=96951"},{"taxonomy":"post_tag","embeddable":true,"href":"https:\/\/infoecos.com.ar\/index.php\/wp-json\/wp\/v2\/tags?post=96951"}],"curies":[{"name":"wp","href":"https:\/\/api.w.org\/{rel}","templated":true}]}}