{"id":97074,"date":"2022-08-31T02:32:38","date_gmt":"2022-08-31T05:32:38","guid":{"rendered":"http:\/\/infoecos.com.ar\/?p=97074"},"modified":"2022-09-02T05:11:12","modified_gmt":"2022-09-02T08:11:12","slug":"fotos-de-la-puesta-en-valor-del-centro-civico-de-30-de-agosto-en-el-aniversario-de-la-ciudad","status":"publish","type":"post","link":"https:\/\/infoecos.com.ar\/index.php\/fotos-de-la-puesta-en-valor-del-centro-civico-de-30-de-agosto-en-el-aniversario-de-la-ciudad\/","title":{"rendered":"Fotos de la puesta en valor del Centro C\u00edvico de 30 de Agosto en el aniversario de la ciudad"},"content":{"rendered":"\n<figure class=\"wp-block-gallery has-nested-images columns-default is-cropped wp-block-gallery-1 is-layout-flex wp-block-gallery-is-layout-flex\">\n<figure class=\"wp-block-image size-large\"><img loading=\"lazy\" decoding=\"async\" width=\"920\" height=\"613\" data-id=\"97076\" src=\"http:\/\/infoecos.com.ar\/wp-content\/uploads\/2022\/08\/MG_1956-2-920x613.jpg\" alt=\"\" class=\"wp-image-97076\" srcset=\"https:\/\/infoecos.com.ar\/wp-content\/uploads\/2022\/08\/MG_1956-2-920x613.jpg 920w, https:\/\/infoecos.com.ar\/wp-content\/uploads\/2022\/08\/MG_1956-2-460x307.jpg 460w, https:\/\/infoecos.com.ar\/wp-content\/uploads\/2022\/08\/MG_1956-2-768x512.jpg 768w, https:\/\/infoecos.com.ar\/wp-content\/uploads\/2022\/08\/MG_1956-2-1536x1024.jpg 1536w, https:\/\/infoecos.com.ar\/wp-content\/uploads\/2022\/08\/MG_1956-2-2048x1365.jpg 2048w, https:\/\/infoecos.com.ar\/wp-content\/uploads\/2022\/08\/MG_1956-2-1024x683.jpg 1024w, https:\/\/infoecos.com.ar\/wp-content\/uploads\/2022\/08\/MG_1956-2-675x450.jpg 675w\" sizes=\"(max-width: 920px) 100vw, 920px\" \/><figcaption>Centro C\u00edvico de 30 de Agosto habla Miguel Fern\u00e1ndez<\/figcaption><\/figure>\n\n\n\n<figure class=\"wp-block-image size-large\"><img loading=\"lazy\" decoding=\"async\" width=\"920\" height=\"613\" data-id=\"97089\" src=\"http:\/\/infoecos.com.ar\/wp-content\/uploads\/2022\/08\/MG_1959-2-920x613.jpg\" alt=\"\" class=\"wp-image-97089\" srcset=\"https:\/\/infoecos.com.ar\/wp-content\/uploads\/2022\/08\/MG_1959-2-920x613.jpg 920w, https:\/\/infoecos.com.ar\/wp-content\/uploads\/2022\/08\/MG_1959-2-460x307.jpg 460w, https:\/\/infoecos.com.ar\/wp-content\/uploads\/2022\/08\/MG_1959-2-768x512.jpg 768w, https:\/\/infoecos.com.ar\/wp-content\/uploads\/2022\/08\/MG_1959-2-1536x1024.jpg 1536w, https:\/\/infoecos.com.ar\/wp-content\/uploads\/2022\/08\/MG_1959-2-2048x1365.jpg 2048w, https:\/\/infoecos.com.ar\/wp-content\/uploads\/2022\/08\/MG_1959-2-1024x683.jpg 1024w, https:\/\/infoecos.com.ar\/wp-content\/uploads\/2022\/08\/MG_1959-2-675x450.jpg 675w\" sizes=\"(max-width: 920px) 100vw, 920px\" \/><figcaption>Centro C\u00edvico de 30 de Agosto habla Miguel Fern\u00e1ndez<\/figcaption><\/figure>\n\n\n\n<figure class=\"wp-block-image size-large\"><img loading=\"lazy\" decoding=\"async\" width=\"920\" height=\"613\" data-id=\"97084\" src=\"http:\/\/infoecos.com.ar\/wp-content\/uploads\/2022\/08\/MG_1961-2-920x613.jpg\" alt=\"\" class=\"wp-image-97084\" srcset=\"https:\/\/infoecos.com.ar\/wp-content\/uploads\/2022\/08\/MG_1961-2-920x613.jpg 920w, https:\/\/infoecos.com.ar\/wp-content\/uploads\/2022\/08\/MG_1961-2-460x307.jpg 460w, https:\/\/infoecos.com.ar\/wp-content\/uploads\/2022\/08\/MG_1961-2-768x512.jpg 768w, https:\/\/infoecos.com.ar\/wp-content\/uploads\/2022\/08\/MG_1961-2-1536x1024.jpg 1536w, https:\/\/infoecos.com.ar\/wp-content\/uploads\/2022\/08\/MG_1961-2-2048x1365.jpg 2048w, https:\/\/infoecos.com.ar\/wp-content\/uploads\/2022\/08\/MG_1961-2-1024x683.jpg 1024w, https:\/\/infoecos.com.ar\/wp-content\/uploads\/2022\/08\/MG_1961-2-675x450.jpg 675w\" sizes=\"(max-width: 920px) 100vw, 920px\" \/><figcaption>Centro C\u00edvico de 30 de Agosto habla Miguel Fern\u00e1ndez<\/figcaption><\/figure>\n\n\n\n<figure class=\"wp-block-image size-large\"><img loading=\"lazy\" decoding=\"async\" width=\"920\" height=\"613\" data-id=\"97077\" src=\"http:\/\/infoecos.com.ar\/wp-content\/uploads\/2022\/08\/MG_1963-2-920x613.jpg\" alt=\"\" class=\"wp-image-97077\" srcset=\"https:\/\/infoecos.com.ar\/wp-content\/uploads\/2022\/08\/MG_1963-2-920x613.jpg 920w, https:\/\/infoecos.com.ar\/wp-content\/uploads\/2022\/08\/MG_1963-2-460x307.jpg 460w, https:\/\/infoecos.com.ar\/wp-content\/uploads\/2022\/08\/MG_1963-2-768x512.jpg 768w, https:\/\/infoecos.com.ar\/wp-content\/uploads\/2022\/08\/MG_1963-2-1536x1024.jpg 1536w, https:\/\/infoecos.com.ar\/wp-content\/uploads\/2022\/08\/MG_1963-2-2048x1365.jpg 2048w, https:\/\/infoecos.com.ar\/wp-content\/uploads\/2022\/08\/MG_1963-2-1024x683.jpg 1024w, https:\/\/infoecos.com.ar\/wp-content\/uploads\/2022\/08\/MG_1963-2-675x450.jpg 675w\" sizes=\"(max-width: 920px) 100vw, 920px\" \/><figcaption>Centro C\u00edvico 30 de Agosto firma convenio Cristina \u00c1lvarez Rodr\u00edguez y Miguel Fern\u00e1ndez<\/figcaption><\/figure>\n\n\n\n<figure class=\"wp-block-image size-large\"><img loading=\"lazy\" decoding=\"async\" width=\"920\" height=\"613\" data-id=\"97093\" src=\"http:\/\/infoecos.com.ar\/wp-content\/uploads\/2022\/08\/MG_1976-2-920x613.jpg\" alt=\"\" class=\"wp-image-97093\" srcset=\"https:\/\/infoecos.com.ar\/wp-content\/uploads\/2022\/08\/MG_1976-2-920x613.jpg 920w, https:\/\/infoecos.com.ar\/wp-content\/uploads\/2022\/08\/MG_1976-2-460x307.jpg 460w, https:\/\/infoecos.com.ar\/wp-content\/uploads\/2022\/08\/MG_1976-2-768x512.jpg 768w, https:\/\/infoecos.com.ar\/wp-content\/uploads\/2022\/08\/MG_1976-2-1536x1024.jpg 1536w, https:\/\/infoecos.com.ar\/wp-content\/uploads\/2022\/08\/MG_1976-2-2048x1365.jpg 2048w, https:\/\/infoecos.com.ar\/wp-content\/uploads\/2022\/08\/MG_1976-2-1024x683.jpg 1024w, https:\/\/infoecos.com.ar\/wp-content\/uploads\/2022\/08\/MG_1976-2-675x450.jpg 675w\" sizes=\"(max-width: 920px) 100vw, 920px\" \/><figcaption>Miguel Fern\u00e1ndez y el Director del Registro Provincial de las Personas<\/figcaption><\/figure>\n\n\n\n<figure class=\"wp-block-image size-large\"><img loading=\"lazy\" decoding=\"async\" width=\"920\" height=\"613\" data-id=\"97097\" src=\"http:\/\/infoecos.com.ar\/wp-content\/uploads\/2022\/08\/MG_1977-2-920x613.jpg\" alt=\"\" class=\"wp-image-97097\" srcset=\"https:\/\/infoecos.com.ar\/wp-content\/uploads\/2022\/08\/MG_1977-2-920x613.jpg 920w, https:\/\/infoecos.com.ar\/wp-content\/uploads\/2022\/08\/MG_1977-2-460x307.jpg 460w, https:\/\/infoecos.com.ar\/wp-content\/uploads\/2022\/08\/MG_1977-2-768x512.jpg 768w, https:\/\/infoecos.com.ar\/wp-content\/uploads\/2022\/08\/MG_1977-2-1536x1024.jpg 1536w, https:\/\/infoecos.com.ar\/wp-content\/uploads\/2022\/08\/MG_1977-2-2048x1365.jpg 2048w, https:\/\/infoecos.com.ar\/wp-content\/uploads\/2022\/08\/MG_1977-2-1024x683.jpg 1024w, https:\/\/infoecos.com.ar\/wp-content\/uploads\/2022\/08\/MG_1977-2-675x450.jpg 675w\" sizes=\"(max-width: 920px) 100vw, 920px\" \/><figcaption>Entrega de regalo a la ministra de Gobierno de Buenos Aires en 30 de Agosto<\/figcaption><\/figure>\n\n\n\n<figure class=\"wp-block-image size-large\"><img loading=\"lazy\" decoding=\"async\" width=\"920\" height=\"613\" data-id=\"97098\" src=\"http:\/\/infoecos.com.ar\/wp-content\/uploads\/2022\/08\/MG_1978-2-920x613.jpg\" alt=\"\" class=\"wp-image-97098\" srcset=\"https:\/\/infoecos.com.ar\/wp-content\/uploads\/2022\/08\/MG_1978-2-920x613.jpg 920w, https:\/\/infoecos.com.ar\/wp-content\/uploads\/2022\/08\/MG_1978-2-460x307.jpg 460w, https:\/\/infoecos.com.ar\/wp-content\/uploads\/2022\/08\/MG_1978-2-768x512.jpg 768w, https:\/\/infoecos.com.ar\/wp-content\/uploads\/2022\/08\/MG_1978-2-1536x1024.jpg 1536w, https:\/\/infoecos.com.ar\/wp-content\/uploads\/2022\/08\/MG_1978-2-2048x1365.jpg 2048w, https:\/\/infoecos.com.ar\/wp-content\/uploads\/2022\/08\/MG_1978-2-1024x683.jpg 1024w, https:\/\/infoecos.com.ar\/wp-content\/uploads\/2022\/08\/MG_1978-2-675x450.jpg 675w\" sizes=\"(max-width: 920px) 100vw, 920px\" \/><figcaption>Entrega de regalo a la ministra de Gobierno de Buenos Aires en 30 de Agosto<\/figcaption><\/figure>\n\n\n\n<figure class=\"wp-block-image size-large\"><img loading=\"lazy\" decoding=\"async\" width=\"920\" height=\"613\" data-id=\"97099\" src=\"http:\/\/infoecos.com.ar\/wp-content\/uploads\/2022\/08\/MG_1980-2-920x613.jpg\" alt=\"\" class=\"wp-image-97099\" srcset=\"https:\/\/infoecos.com.ar\/wp-content\/uploads\/2022\/08\/MG_1980-2-920x613.jpg 920w, https:\/\/infoecos.com.ar\/wp-content\/uploads\/2022\/08\/MG_1980-2-460x307.jpg 460w, https:\/\/infoecos.com.ar\/wp-content\/uploads\/2022\/08\/MG_1980-2-768x512.jpg 768w, https:\/\/infoecos.com.ar\/wp-content\/uploads\/2022\/08\/MG_1980-2-1536x1024.jpg 1536w, https:\/\/infoecos.com.ar\/wp-content\/uploads\/2022\/08\/MG_1980-2-2048x1365.jpg 2048w, https:\/\/infoecos.com.ar\/wp-content\/uploads\/2022\/08\/MG_1980-2-1024x683.jpg 1024w, https:\/\/infoecos.com.ar\/wp-content\/uploads\/2022\/08\/MG_1980-2-675x450.jpg 675w\" sizes=\"(max-width: 920px) 100vw, 920px\" \/><figcaption>Entrega de regalo al Director Provincial del Registro de las Personas<\/figcaption><\/figure>\n<\/figure>\n","protected":false},"excerpt":{"rendered":"<p>Acto institucional cumplido este 30 de Agosto, con la presencia de autoridades provinciales y municipales<\/p>\n","protected":false},"author":2,"featured_media":97097,"comment_status":"closed","ping_status":"open","sticky":false,"template":"","format":"standard","meta":{"footnotes":""},"categories":[44],"tags":[6673],"class_list":["post-97074","post","type-post","status-publish","format-standard","has-post-thumbnail","hentry","category-inferior5","tag-material-exclusivo"],"yoast_head":"<!-- This site is optimized with the Yoast SEO plugin v23.4 - https:\/\/yoast.com\/wordpress\/plugins\/seo\/ -->\n<title>Fotos de la puesta en valor del Centro C\u00edvico de 30 de Agosto en el aniversario de la ciudad - Infoecos<\/title>\n<meta name=\"robots\" content=\"index, follow, max-snippet:-1, max-image-preview:large, max-video-preview:-1\" \/>\n<link rel=\"canonical\" href=\"https:\/\/infoecos.com.ar\/index.php\/fotos-de-la-puesta-en-valor-del-centro-civico-de-30-de-agosto-en-el-aniversario-de-la-ciudad\/\" \/>\n<meta property=\"og:locale\" content=\"es_ES\" \/>\n<meta property=\"og:type\" content=\"article\" \/>\n<meta property=\"og:title\" content=\"Fotos de la puesta en valor del Centro C\u00edvico de 30 de Agosto en el aniversario de la ciudad - Infoecos\" \/>\n<meta property=\"og:description\" content=\"Acto institucional cumplido este 30 de Agosto, con la presencia de autoridades provinciales y municipales\" \/>\n<meta property=\"og:url\" content=\"https:\/\/infoecos.com.ar\/index.php\/fotos-de-la-puesta-en-valor-del-centro-civico-de-30-de-agosto-en-el-aniversario-de-la-ciudad\/\" \/>\n<meta property=\"og:site_name\" content=\"Infoecos\" \/>\n<meta property=\"article:publisher\" content=\"https:\/\/www.facebook.com\/profile.php?id=100063200290284\" \/>\n<meta property=\"article:published_time\" content=\"2022-08-31T05:32:38+00:00\" \/>\n<meta property=\"article:modified_time\" content=\"2022-09-02T08:11:12+00:00\" \/>\n<meta property=\"og:image\" content=\"https:\/\/infoecos.com.ar\/wp-content\/uploads\/2022\/08\/MG_1977-2-scaled.jpg\" \/>\n\t<meta property=\"og:image:width\" content=\"2560\" \/>\n\t<meta property=\"og:image:height\" content=\"1706\" \/>\n\t<meta property=\"og:image:type\" content=\"image\/jpeg\" \/>\n<meta name=\"author\" content=\"Jorge Matheus\" \/>\n<meta name=\"twitter:card\" content=\"summary_large_image\" \/>\n<meta name=\"twitter:creator\" content=\"@infoecos\" \/>\n<meta name=\"twitter:site\" content=\"@infoecos\" \/>\n<meta name=\"twitter:label1\" content=\"Escrito por\" \/>\n\t<meta name=\"twitter:data1\" content=\"Jorge Matheus\" \/>\n<script type=\"application\/ld+json\" class=\"yoast-schema-graph\">{\"@context\":\"https:\/\/schema.org\",\"@graph\":[{\"@type\":\"Article\",\"@id\":\"https:\/\/infoecos.com.ar\/index.php\/fotos-de-la-puesta-en-valor-del-centro-civico-de-30-de-agosto-en-el-aniversario-de-la-ciudad\/#article\",\"isPartOf\":{\"@id\":\"https:\/\/infoecos.com.ar\/index.php\/fotos-de-la-puesta-en-valor-del-centro-civico-de-30-de-agosto-en-el-aniversario-de-la-ciudad\/\"},\"author\":{\"name\":\"Jorge Matheus\",\"@id\":\"https:\/\/infoecos.com.ar\/#\/schema\/person\/8f5ace5ce73b4b4aac4b7245aee6f191\"},\"headline\":\"Fotos de la puesta en valor del Centro C\u00edvico de 30 de Agosto en el aniversario de la ciudad\",\"datePublished\":\"2022-08-31T05:32:38+00:00\",\"dateModified\":\"2022-09-02T08:11:12+00:00\",\"mainEntityOfPage\":{\"@id\":\"https:\/\/infoecos.com.ar\/index.php\/fotos-de-la-puesta-en-valor-del-centro-civico-de-30-de-agosto-en-el-aniversario-de-la-ciudad\/\"},\"wordCount\":115,\"publisher\":{\"@id\":\"https:\/\/infoecos.com.ar\/#organization\"},\"image\":{\"@id\":\"https:\/\/infoecos.com.ar\/index.php\/fotos-de-la-puesta-en-valor-del-centro-civico-de-30-de-agosto-en-el-aniversario-de-la-ciudad\/#primaryimage\"},\"thumbnailUrl\":\"https:\/\/infoecos.com.ar\/wp-content\/uploads\/2022\/08\/MG_1977-2-scaled.jpg\",\"keywords\":[\"MATERIAL EXCLUSIVO\"],\"articleSection\":[\"Bloque inferior - 5\"],\"inLanguage\":\"es\"},{\"@type\":\"WebPage\",\"@id\":\"https:\/\/infoecos.com.ar\/index.php\/fotos-de-la-puesta-en-valor-del-centro-civico-de-30-de-agosto-en-el-aniversario-de-la-ciudad\/\",\"url\":\"https:\/\/infoecos.com.ar\/index.php\/fotos-de-la-puesta-en-valor-del-centro-civico-de-30-de-agosto-en-el-aniversario-de-la-ciudad\/\",\"name\":\"Fotos de la puesta en valor del Centro C\u00edvico de 30 de Agosto en el aniversario de la ciudad - Infoecos\",\"isPartOf\":{\"@id\":\"https:\/\/infoecos.com.ar\/#website\"},\"primaryImageOfPage\":{\"@id\":\"https:\/\/infoecos.com.ar\/index.php\/fotos-de-la-puesta-en-valor-del-centro-civico-de-30-de-agosto-en-el-aniversario-de-la-ciudad\/#primaryimage\"},\"image\":{\"@id\":\"https:\/\/infoecos.com.ar\/index.php\/fotos-de-la-puesta-en-valor-del-centro-civico-de-30-de-agosto-en-el-aniversario-de-la-ciudad\/#primaryimage\"},\"thumbnailUrl\":\"https:\/\/infoecos.com.ar\/wp-content\/uploads\/2022\/08\/MG_1977-2-scaled.jpg\",\"datePublished\":\"2022-08-31T05:32:38+00:00\",\"dateModified\":\"2022-09-02T08:11:12+00:00\",\"breadcrumb\":{\"@id\":\"https:\/\/infoecos.com.ar\/index.php\/fotos-de-la-puesta-en-valor-del-centro-civico-de-30-de-agosto-en-el-aniversario-de-la-ciudad\/#breadcrumb\"},\"inLanguage\":\"es\",\"potentialAction\":[{\"@type\":\"ReadAction\",\"target\":[\"https:\/\/infoecos.com.ar\/index.php\/fotos-de-la-puesta-en-valor-del-centro-civico-de-30-de-agosto-en-el-aniversario-de-la-ciudad\/\"]}]},{\"@type\":\"ImageObject\",\"inLanguage\":\"es\",\"@id\":\"https:\/\/infoecos.com.ar\/index.php\/fotos-de-la-puesta-en-valor-del-centro-civico-de-30-de-agosto-en-el-aniversario-de-la-ciudad\/#primaryimage\",\"url\":\"https:\/\/infoecos.com.ar\/wp-content\/uploads\/2022\/08\/MG_1977-2-scaled.jpg\",\"contentUrl\":\"https:\/\/infoecos.com.ar\/wp-content\/uploads\/2022\/08\/MG_1977-2-scaled.jpg\",\"width\":2560,\"height\":1706},{\"@type\":\"BreadcrumbList\",\"@id\":\"https:\/\/infoecos.com.ar\/index.php\/fotos-de-la-puesta-en-valor-del-centro-civico-de-30-de-agosto-en-el-aniversario-de-la-ciudad\/#breadcrumb\",\"itemListElement\":[{\"@type\":\"ListItem\",\"position\":1,\"name\":\"Portada\",\"item\":\"https:\/\/infoecos.com.ar\/\"},{\"@type\":\"ListItem\",\"position\":2,\"name\":\"Fotos de la puesta en valor del Centro C\u00edvico de 30 de Agosto en el aniversario de la ciudad\"}]},{\"@type\":\"WebSite\",\"@id\":\"https:\/\/infoecos.com.ar\/#website\",\"url\":\"https:\/\/infoecos.com.ar\/\",\"name\":\"Infoecos\",\"description\":\"Noticias de trenque lauquen y la zona\",\"publisher\":{\"@id\":\"https:\/\/infoecos.com.ar\/#organization\"},\"alternateName\":\"Noticias\",\"potentialAction\":[{\"@type\":\"SearchAction\",\"target\":{\"@type\":\"EntryPoint\",\"urlTemplate\":\"https:\/\/infoecos.com.ar\/?s={search_term_string}\"},\"query-input\":{\"@type\":\"PropertyValueSpecification\",\"valueRequired\":true,\"valueName\":\"search_term_string\"}}],\"inLanguage\":\"es\"},{\"@type\":\"Organization\",\"@id\":\"https:\/\/infoecos.com.ar\/#organization\",\"name\":\"Infoecos\",\"alternateName\":\"Noticias\",\"url\":\"https:\/\/infoecos.com.ar\/\",\"logo\":{\"@type\":\"ImageObject\",\"inLanguage\":\"es\",\"@id\":\"https:\/\/infoecos.com.ar\/#\/schema\/logo\/image\/\",\"url\":\"https:\/\/infoecos.com.ar\/wp-content\/uploads\/2024\/03\/cropped-logo.png\",\"contentUrl\":\"https:\/\/infoecos.com.ar\/wp-content\/uploads\/2024\/03\/cropped-logo.png\",\"width\":374,\"height\":90,\"caption\":\"Infoecos\"},\"image\":{\"@id\":\"https:\/\/infoecos.com.ar\/#\/schema\/logo\/image\/\"},\"sameAs\":[\"https:\/\/www.facebook.com\/profile.php?id=100063200290284\",\"https:\/\/x.com\/infoecos\"]},{\"@type\":\"Person\",\"@id\":\"https:\/\/infoecos.com.ar\/#\/schema\/person\/8f5ace5ce73b4b4aac4b7245aee6f191\",\"name\":\"Jorge Matheus\",\"url\":\"https:\/\/infoecos.com.ar\/index.php\/author\/jomatheus\/\"}]}<\/script>\n<!-- \/ Yoast SEO plugin. -->","yoast_head_json":{"title":"Fotos de la puesta en valor del Centro C\u00edvico de 30 de Agosto en el aniversario de la ciudad - Infoecos","robots":{"index":"index","follow":"follow","max-snippet":"max-snippet:-1","max-image-preview":"max-image-preview:large","max-video-preview":"max-video-preview:-1"},"canonical":"https:\/\/infoecos.com.ar\/index.php\/fotos-de-la-puesta-en-valor-del-centro-civico-de-30-de-agosto-en-el-aniversario-de-la-ciudad\/","og_locale":"es_ES","og_type":"article","og_title":"Fotos de la puesta en valor del Centro C\u00edvico de 30 de Agosto en el aniversario de la ciudad - Infoecos","og_description":"Acto institucional cumplido este 30 de Agosto, con la presencia de autoridades provinciales y municipales","og_url":"https:\/\/infoecos.com.ar\/index.php\/fotos-de-la-puesta-en-valor-del-centro-civico-de-30-de-agosto-en-el-aniversario-de-la-ciudad\/","og_site_name":"Infoecos","article_publisher":"https:\/\/www.facebook.com\/profile.php?id=100063200290284","article_published_time":"2022-08-31T05:32:38+00:00","article_modified_time":"2022-09-02T08:11:12+00:00","og_image":[{"width":2560,"height":1706,"url":"https:\/\/infoecos.com.ar\/wp-content\/uploads\/2022\/08\/MG_1977-2-scaled.jpg","type":"image\/jpeg"}],"author":"Jorge Matheus","twitter_card":"summary_large_image","twitter_creator":"@infoecos","twitter_site":"@infoecos","twitter_misc":{"Escrito por":"Jorge Matheus"},"schema":{"@context":"https:\/\/schema.org","@graph":[{"@type":"Article","@id":"https:\/\/infoecos.com.ar\/index.php\/fotos-de-la-puesta-en-valor-del-centro-civico-de-30-de-agosto-en-el-aniversario-de-la-ciudad\/#article","isPartOf":{"@id":"https:\/\/infoecos.com.ar\/index.php\/fotos-de-la-puesta-en-valor-del-centro-civico-de-30-de-agosto-en-el-aniversario-de-la-ciudad\/"},"author":{"name":"Jorge Matheus","@id":"https:\/\/infoecos.com.ar\/#\/schema\/person\/8f5ace5ce73b4b4aac4b7245aee6f191"},"headline":"Fotos de la puesta en valor del Centro C\u00edvico de 30 de Agosto en el aniversario de la ciudad","datePublished":"2022-08-31T05:32:38+00:00","dateModified":"2022-09-02T08:11:12+00:00","mainEntityOfPage":{"@id":"https:\/\/infoecos.com.ar\/index.php\/fotos-de-la-puesta-en-valor-del-centro-civico-de-30-de-agosto-en-el-aniversario-de-la-ciudad\/"},"wordCount":115,"publisher":{"@id":"https:\/\/infoecos.com.ar\/#organization"},"image":{"@id":"https:\/\/infoecos.com.ar\/index.php\/fotos-de-la-puesta-en-valor-del-centro-civico-de-30-de-agosto-en-el-aniversario-de-la-ciudad\/#primaryimage"},"thumbnailUrl":"https:\/\/infoecos.com.ar\/wp-content\/uploads\/2022\/08\/MG_1977-2-scaled.jpg","keywords":["MATERIAL EXCLUSIVO"],"articleSection":["Bloque inferior - 5"],"inLanguage":"es"},{"@type":"WebPage","@id":"https:\/\/infoecos.com.ar\/index.php\/fotos-de-la-puesta-en-valor-del-centro-civico-de-30-de-agosto-en-el-aniversario-de-la-ciudad\/","url":"https:\/\/infoecos.com.ar\/index.php\/fotos-de-la-puesta-en-valor-del-centro-civico-de-30-de-agosto-en-el-aniversario-de-la-ciudad\/","name":"Fotos de la puesta en valor del Centro C\u00edvico de 30 de Agosto en el aniversario de la ciudad - Infoecos","isPartOf":{"@id":"https:\/\/infoecos.com.ar\/#website"},"primaryImageOfPage":{"@id":"https:\/\/infoecos.com.ar\/index.php\/fotos-de-la-puesta-en-valor-del-centro-civico-de-30-de-agosto-en-el-aniversario-de-la-ciudad\/#primaryimage"},"image":{"@id":"https:\/\/infoecos.com.ar\/index.php\/fotos-de-la-puesta-en-valor-del-centro-civico-de-30-de-agosto-en-el-aniversario-de-la-ciudad\/#primaryimage"},"thumbnailUrl":"https:\/\/infoecos.com.ar\/wp-content\/uploads\/2022\/08\/MG_1977-2-scaled.jpg","datePublished":"2022-08-31T05:32:38+00:00","dateModified":"2022-09-02T08:11:12+00:00","breadcrumb":{"@id":"https:\/\/infoecos.com.ar\/index.php\/fotos-de-la-puesta-en-valor-del-centro-civico-de-30-de-agosto-en-el-aniversario-de-la-ciudad\/#breadcrumb"},"inLanguage":"es","potentialAction":[{"@type":"ReadAction","target":["https:\/\/infoecos.com.ar\/index.php\/fotos-de-la-puesta-en-valor-del-centro-civico-de-30-de-agosto-en-el-aniversario-de-la-ciudad\/"]}]},{"@type":"ImageObject","inLanguage":"es","@id":"https:\/\/infoecos.com.ar\/index.php\/fotos-de-la-puesta-en-valor-del-centro-civico-de-30-de-agosto-en-el-aniversario-de-la-ciudad\/#primaryimage","url":"https:\/\/infoecos.com.ar\/wp-content\/uploads\/2022\/08\/MG_1977-2-scaled.jpg","contentUrl":"https:\/\/infoecos.com.ar\/wp-content\/uploads\/2022\/08\/MG_1977-2-scaled.jpg","width":2560,"height":1706},{"@type":"BreadcrumbList","@id":"https:\/\/infoecos.com.ar\/index.php\/fotos-de-la-puesta-en-valor-del-centro-civico-de-30-de-agosto-en-el-aniversario-de-la-ciudad\/#breadcrumb","itemListElement":[{"@type":"ListItem","position":1,"name":"Portada","item":"https:\/\/infoecos.com.ar\/"},{"@type":"ListItem","position":2,"name":"Fotos de la puesta en valor del Centro C\u00edvico de 30 de Agosto en el aniversario de la ciudad"}]},{"@type":"WebSite","@id":"https:\/\/infoecos.com.ar\/#website","url":"https:\/\/infoecos.com.ar\/","name":"Infoecos","description":"Noticias de trenque lauquen y la zona","publisher":{"@id":"https:\/\/infoecos.com.ar\/#organization"},"alternateName":"Noticias","potentialAction":[{"@type":"SearchAction","target":{"@type":"EntryPoint","urlTemplate":"https:\/\/infoecos.com.ar\/?s={search_term_string}"},"query-input":{"@type":"PropertyValueSpecification","valueRequired":true,"valueName":"search_term_string"}}],"inLanguage":"es"},{"@type":"Organization","@id":"https:\/\/infoecos.com.ar\/#organization","name":"Infoecos","alternateName":"Noticias","url":"https:\/\/infoecos.com.ar\/","logo":{"@type":"ImageObject","inLanguage":"es","@id":"https:\/\/infoecos.com.ar\/#\/schema\/logo\/image\/","url":"https:\/\/infoecos.com.ar\/wp-content\/uploads\/2024\/03\/cropped-logo.png","contentUrl":"https:\/\/infoecos.com.ar\/wp-content\/uploads\/2024\/03\/cropped-logo.png","width":374,"height":90,"caption":"Infoecos"},"image":{"@id":"https:\/\/infoecos.com.ar\/#\/schema\/logo\/image\/"},"sameAs":["https:\/\/www.facebook.com\/profile.php?id=100063200290284","https:\/\/x.com\/infoecos"]},{"@type":"Person","@id":"https:\/\/infoecos.com.ar\/#\/schema\/person\/8f5ace5ce73b4b4aac4b7245aee6f191","name":"Jorge Matheus","url":"https:\/\/infoecos.com.ar\/index.php\/author\/jomatheus\/"}]}},"featured_image_urls":{"full":["https:\/\/infoecos.com.ar\/wp-content\/uploads\/2022\/08\/MG_1977-2-scaled.jpg",2560,1706,false],"thumbnail":["https:\/\/infoecos.com.ar\/wp-content\/uploads\/2022\/08\/MG_1977-2-150x150.jpg",150,150,true],"medium":["https:\/\/infoecos.com.ar\/wp-content\/uploads\/2022\/08\/MG_1977-2-460x307.jpg",460,307,true],"medium_large":["https:\/\/infoecos.com.ar\/wp-content\/uploads\/2022\/08\/MG_1977-2-768x512.jpg",640,427,true],"large":["https:\/\/infoecos.com.ar\/wp-content\/uploads\/2022\/08\/MG_1977-2-920x613.jpg",640,426,true],"1536x1536":["https:\/\/infoecos.com.ar\/wp-content\/uploads\/2022\/08\/MG_1977-2-1536x1024.jpg",1536,1024,true],"2048x2048":["https:\/\/infoecos.com.ar\/wp-content\/uploads\/2022\/08\/MG_1977-2-2048x1365.jpg",2048,1365,true],"covernews-slider-full":["https:\/\/infoecos.com.ar\/wp-content\/uploads\/2022\/08\/MG_1977-2-1536x1020.jpg",1077,715,true],"covernews-slider-center":["https:\/\/infoecos.com.ar\/wp-content\/uploads\/2022\/08\/MG_1977-2-936x897.jpg",522,500,true],"covernews-featured":["https:\/\/infoecos.com.ar\/wp-content\/uploads\/2022\/08\/MG_1977-2-1024x683.jpg",1024,683,true],"covernews-medium":["https:\/\/infoecos.com.ar\/wp-content\/uploads\/2022\/08\/MG_1977-2-720x380.jpg",540,285,true],"covernews-medium-square":["https:\/\/infoecos.com.ar\/wp-content\/uploads\/2022\/08\/MG_1977-2-675x450.jpg",375,250,true]},"author_info":{"info":["Jorge Matheus"]},"category_info":"<a href=\"https:\/\/infoecos.com.ar\/index.php\/category\/inferior5\/\" rel=\"category tag\">Bloque inferior - 5<\/a>","tag_info":"Bloque inferior - 5","comment_count":"0","_links":{"self":[{"href":"https:\/\/infoecos.com.ar\/index.php\/wp-json\/wp\/v2\/posts\/97074"}],"collection":[{"href":"https:\/\/infoecos.com.ar\/index.php\/wp-json\/wp\/v2\/posts"}],"about":[{"href":"https:\/\/infoecos.com.ar\/index.php\/wp-json\/wp\/v2\/types\/post"}],"author":[{"embeddable":true,"href":"https:\/\/infoecos.com.ar\/index.php\/wp-json\/wp\/v2\/users\/2"}],"replies":[{"embeddable":true,"href":"https:\/\/infoecos.com.ar\/index.php\/wp-json\/wp\/v2\/comments?post=97074"}],"version-history":[{"count":2,"href":"https:\/\/infoecos.com.ar\/index.php\/wp-json\/wp\/v2\/posts\/97074\/revisions"}],"predecessor-version":[{"id":97184,"href":"https:\/\/infoecos.com.ar\/index.php\/wp-json\/wp\/v2\/posts\/97074\/revisions\/97184"}],"wp:featuredmedia":[{"embeddable":true,"href":"https:\/\/infoecos.com.ar\/index.php\/wp-json\/wp\/v2\/media\/97097"}],"wp:attachment":[{"href":"https:\/\/infoecos.com.ar\/index.php\/wp-json\/wp\/v2\/media?parent=97074"}],"wp:term":[{"taxonomy":"category","embeddable":true,"href":"https:\/\/infoecos.com.ar\/index.php\/wp-json\/wp\/v2\/categories?post=97074"},{"taxonomy":"post_tag","embeddable":true,"href":"https:\/\/infoecos.com.ar\/index.php\/wp-json\/wp\/v2\/tags?post=97074"}],"curies":[{"name":"wp","href":"https:\/\/api.w.org\/{rel}","templated":true}]}}