{"id":97152,"date":"2022-08-31T02:41:27","date_gmt":"2022-08-31T05:41:27","guid":{"rendered":"http:\/\/infoecos.com.ar\/?p=97152"},"modified":"2022-09-02T05:10:19","modified_gmt":"2022-09-02T08:10:19","slug":"mas-fotos-de-la-puesta-en-valor-del-centro-civico-de-30-de-agosto","status":"publish","type":"post","link":"https:\/\/infoecos.com.ar\/index.php\/mas-fotos-de-la-puesta-en-valor-del-centro-civico-de-30-de-agosto\/","title":{"rendered":"M\u00e1s fotos de la puesta en valor del Centro C\u00edvico de 30 de Agosto"},"content":{"rendered":"\n<figure class=\"wp-block-gallery has-nested-images columns-default is-cropped wp-block-gallery-1 is-layout-flex wp-block-gallery-is-layout-flex\">\n<figure class=\"wp-block-image size-large\"><img loading=\"lazy\" decoding=\"async\" width=\"920\" height=\"613\" data-id=\"97155\" src=\"http:\/\/infoecos.com.ar\/wp-content\/uploads\/2022\/08\/MG_2021-920x613.jpg\" alt=\"\" class=\"wp-image-97155\" srcset=\"https:\/\/infoecos.com.ar\/wp-content\/uploads\/2022\/08\/MG_2021-920x613.jpg 920w, https:\/\/infoecos.com.ar\/wp-content\/uploads\/2022\/08\/MG_2021-460x307.jpg 460w, https:\/\/infoecos.com.ar\/wp-content\/uploads\/2022\/08\/MG_2021-768x512.jpg 768w, https:\/\/infoecos.com.ar\/wp-content\/uploads\/2022\/08\/MG_2021-1536x1024.jpg 1536w, https:\/\/infoecos.com.ar\/wp-content\/uploads\/2022\/08\/MG_2021-2048x1365.jpg 2048w, https:\/\/infoecos.com.ar\/wp-content\/uploads\/2022\/08\/MG_2021-1024x683.jpg 1024w, https:\/\/infoecos.com.ar\/wp-content\/uploads\/2022\/08\/MG_2021-675x450.jpg 675w\" sizes=\"(max-width: 920px) 100vw, 920px\" \/><figcaption>Miranda, Fern\u00e1ndez, Mul\u00e1n, \u00c1lvarez Rodr\u00edguez, Mariano R\u00edos Ordo\u00f1ez<\/figcaption><\/figure>\n\n\n\n<figure class=\"wp-block-image size-large\"><img loading=\"lazy\" decoding=\"async\" width=\"920\" height=\"613\" data-id=\"97161\" src=\"http:\/\/infoecos.com.ar\/wp-content\/uploads\/2022\/08\/MG_2023-1-920x613.jpg\" alt=\"\" class=\"wp-image-97161\" srcset=\"https:\/\/infoecos.com.ar\/wp-content\/uploads\/2022\/08\/MG_2023-1-920x613.jpg 920w, https:\/\/infoecos.com.ar\/wp-content\/uploads\/2022\/08\/MG_2023-1-460x307.jpg 460w, https:\/\/infoecos.com.ar\/wp-content\/uploads\/2022\/08\/MG_2023-1-768x512.jpg 768w, https:\/\/infoecos.com.ar\/wp-content\/uploads\/2022\/08\/MG_2023-1-1536x1024.jpg 1536w, https:\/\/infoecos.com.ar\/wp-content\/uploads\/2022\/08\/MG_2023-1-2048x1365.jpg 2048w, https:\/\/infoecos.com.ar\/wp-content\/uploads\/2022\/08\/MG_2023-1-1024x683.jpg 1024w, https:\/\/infoecos.com.ar\/wp-content\/uploads\/2022\/08\/MG_2023-1-675x450.jpg 675w\" sizes=\"(max-width: 920px) 100vw, 920px\" \/><figcaption>Miranda, Fern\u00e1ndez, Mul\u00e1n, \u00c1lvarez Rodr\u00edguez, Mariano R\u00edos Ordo\u00f1ez<\/figcaption><\/figure>\n\n\n\n<figure class=\"wp-block-image size-large\"><img loading=\"lazy\" decoding=\"async\" width=\"920\" height=\"613\" data-id=\"97162\" src=\"http:\/\/infoecos.com.ar\/wp-content\/uploads\/2022\/08\/MG_2033-1-920x613.jpg\" alt=\"\" class=\"wp-image-97162\" srcset=\"https:\/\/infoecos.com.ar\/wp-content\/uploads\/2022\/08\/MG_2033-1-920x613.jpg 920w, https:\/\/infoecos.com.ar\/wp-content\/uploads\/2022\/08\/MG_2033-1-460x307.jpg 460w, https:\/\/infoecos.com.ar\/wp-content\/uploads\/2022\/08\/MG_2033-1-768x512.jpg 768w, https:\/\/infoecos.com.ar\/wp-content\/uploads\/2022\/08\/MG_2033-1-1536x1024.jpg 1536w, https:\/\/infoecos.com.ar\/wp-content\/uploads\/2022\/08\/MG_2033-1-2048x1365.jpg 2048w, https:\/\/infoecos.com.ar\/wp-content\/uploads\/2022\/08\/MG_2033-1-1024x683.jpg 1024w, https:\/\/infoecos.com.ar\/wp-content\/uploads\/2022\/08\/MG_2033-1-675x450.jpg 675w\" sizes=\"(max-width: 920px) 100vw, 920px\" \/><figcaption>Miranda, Fern\u00e1ndez, Mul\u00e1n, \u00c1lvarez Rodr\u00edguez, Mariano R\u00edos Ordo\u00f1ez, Ariel Luna<\/figcaption><\/figure>\n\n\n\n<figure class=\"wp-block-image size-large\"><img loading=\"lazy\" decoding=\"async\" width=\"920\" height=\"613\" data-id=\"97169\" src=\"http:\/\/infoecos.com.ar\/wp-content\/uploads\/2022\/08\/MG_2038-1-920x613.jpg\" alt=\"\" class=\"wp-image-97169\" srcset=\"https:\/\/infoecos.com.ar\/wp-content\/uploads\/2022\/08\/MG_2038-1-920x613.jpg 920w, https:\/\/infoecos.com.ar\/wp-content\/uploads\/2022\/08\/MG_2038-1-460x307.jpg 460w, https:\/\/infoecos.com.ar\/wp-content\/uploads\/2022\/08\/MG_2038-1-768x512.jpg 768w, https:\/\/infoecos.com.ar\/wp-content\/uploads\/2022\/08\/MG_2038-1-1536x1024.jpg 1536w, https:\/\/infoecos.com.ar\/wp-content\/uploads\/2022\/08\/MG_2038-1-2048x1365.jpg 2048w, https:\/\/infoecos.com.ar\/wp-content\/uploads\/2022\/08\/MG_2038-1-1024x683.jpg 1024w, https:\/\/infoecos.com.ar\/wp-content\/uploads\/2022\/08\/MG_2038-1-675x450.jpg 675w\" sizes=\"(max-width: 920px) 100vw, 920px\" \/><figcaption>Miranda, Fern\u00e1ndez, Mul\u00e1n, \u00c1lvarez Rodr\u00edguez, Mariano R\u00edos Ordo\u00f1ez<\/figcaption><\/figure>\n\n\n\n<figure class=\"wp-block-image size-large\"><img loading=\"lazy\" decoding=\"async\" width=\"920\" height=\"613\" data-id=\"97172\" src=\"http:\/\/infoecos.com.ar\/wp-content\/uploads\/2022\/08\/MG_2042-1-920x613.jpg\" alt=\"\" class=\"wp-image-97172\" srcset=\"https:\/\/infoecos.com.ar\/wp-content\/uploads\/2022\/08\/MG_2042-1-920x613.jpg 920w, https:\/\/infoecos.com.ar\/wp-content\/uploads\/2022\/08\/MG_2042-1-460x307.jpg 460w, https:\/\/infoecos.com.ar\/wp-content\/uploads\/2022\/08\/MG_2042-1-768x512.jpg 768w, https:\/\/infoecos.com.ar\/wp-content\/uploads\/2022\/08\/MG_2042-1-1536x1024.jpg 1536w, https:\/\/infoecos.com.ar\/wp-content\/uploads\/2022\/08\/MG_2042-1-2048x1365.jpg 2048w, https:\/\/infoecos.com.ar\/wp-content\/uploads\/2022\/08\/MG_2042-1-1024x683.jpg 1024w, https:\/\/infoecos.com.ar\/wp-content\/uploads\/2022\/08\/MG_2042-1-675x450.jpg 675w\" sizes=\"(max-width: 920px) 100vw, 920px\" \/><figcaption>R\u00edos Ordo\u00f1ez, Cristina \u00c1lvarez Rodr\u00edguez, de espaldas Ariel Luna<\/figcaption><\/figure>\n<\/figure>\n","protected":false},"excerpt":{"rendered":"<p>Acto institucional cumplido este 30 de Agosto, con la presencia de autoridades provinciales y municipales<\/p>\n","protected":false},"author":2,"featured_media":97164,"comment_status":"closed","ping_status":"open","sticky":false,"template":"","format":"standard","meta":{"footnotes":""},"categories":[43],"tags":[6673],"class_list":["post-97152","post","type-post","status-publish","format-standard","has-post-thumbnail","hentry","category-inferior4","tag-material-exclusivo"],"yoast_head":"<!-- This site is optimized with the Yoast SEO plugin v23.4 - https:\/\/yoast.com\/wordpress\/plugins\/seo\/ -->\n<title>M\u00e1s fotos de la puesta en valor del Centro C\u00edvico de 30 de Agosto - Infoecos<\/title>\n<meta name=\"robots\" content=\"index, follow, max-snippet:-1, max-image-preview:large, max-video-preview:-1\" \/>\n<link rel=\"canonical\" href=\"https:\/\/infoecos.com.ar\/index.php\/mas-fotos-de-la-puesta-en-valor-del-centro-civico-de-30-de-agosto\/\" \/>\n<meta property=\"og:locale\" content=\"es_ES\" \/>\n<meta property=\"og:type\" content=\"article\" \/>\n<meta property=\"og:title\" content=\"M\u00e1s fotos de la puesta en valor del Centro C\u00edvico de 30 de Agosto - Infoecos\" \/>\n<meta property=\"og:description\" content=\"Acto institucional cumplido este 30 de Agosto, con la presencia de autoridades provinciales y municipales\" \/>\n<meta property=\"og:url\" content=\"https:\/\/infoecos.com.ar\/index.php\/mas-fotos-de-la-puesta-en-valor-del-centro-civico-de-30-de-agosto\/\" \/>\n<meta property=\"og:site_name\" content=\"Infoecos\" \/>\n<meta property=\"article:publisher\" content=\"https:\/\/www.facebook.com\/profile.php?id=100063200290284\" \/>\n<meta property=\"article:published_time\" content=\"2022-08-31T05:41:27+00:00\" \/>\n<meta property=\"article:modified_time\" content=\"2022-09-02T08:10:19+00:00\" \/>\n<meta property=\"og:image\" content=\"https:\/\/infoecos.com.ar\/wp-content\/uploads\/2022\/08\/MG_2036-1-scaled.jpg\" \/>\n\t<meta property=\"og:image:width\" content=\"2560\" \/>\n\t<meta property=\"og:image:height\" content=\"1706\" \/>\n\t<meta property=\"og:image:type\" content=\"image\/jpeg\" \/>\n<meta name=\"author\" content=\"Jorge Matheus\" \/>\n<meta name=\"twitter:card\" content=\"summary_large_image\" \/>\n<meta name=\"twitter:creator\" content=\"@infoecos\" \/>\n<meta name=\"twitter:site\" content=\"@infoecos\" \/>\n<meta name=\"twitter:label1\" content=\"Escrito por\" \/>\n\t<meta name=\"twitter:data1\" content=\"Jorge Matheus\" \/>\n<script type=\"application\/ld+json\" class=\"yoast-schema-graph\">{\"@context\":\"https:\/\/schema.org\",\"@graph\":[{\"@type\":\"Article\",\"@id\":\"https:\/\/infoecos.com.ar\/index.php\/mas-fotos-de-la-puesta-en-valor-del-centro-civico-de-30-de-agosto\/#article\",\"isPartOf\":{\"@id\":\"https:\/\/infoecos.com.ar\/index.php\/mas-fotos-de-la-puesta-en-valor-del-centro-civico-de-30-de-agosto\/\"},\"author\":{\"name\":\"Jorge Matheus\",\"@id\":\"https:\/\/infoecos.com.ar\/#\/schema\/person\/8f5ace5ce73b4b4aac4b7245aee6f191\"},\"headline\":\"M\u00e1s fotos de la puesta en valor del Centro C\u00edvico de 30 de Agosto\",\"datePublished\":\"2022-08-31T05:41:27+00:00\",\"dateModified\":\"2022-09-02T08:10:19+00:00\",\"mainEntityOfPage\":{\"@id\":\"https:\/\/infoecos.com.ar\/index.php\/mas-fotos-de-la-puesta-en-valor-del-centro-civico-de-30-de-agosto\/\"},\"wordCount\":81,\"publisher\":{\"@id\":\"https:\/\/infoecos.com.ar\/#organization\"},\"image\":{\"@id\":\"https:\/\/infoecos.com.ar\/index.php\/mas-fotos-de-la-puesta-en-valor-del-centro-civico-de-30-de-agosto\/#primaryimage\"},\"thumbnailUrl\":\"https:\/\/infoecos.com.ar\/wp-content\/uploads\/2022\/08\/MG_2036-1-scaled.jpg\",\"keywords\":[\"MATERIAL EXCLUSIVO\"],\"articleSection\":[\"Bloque inferior - 4\"],\"inLanguage\":\"es\"},{\"@type\":\"WebPage\",\"@id\":\"https:\/\/infoecos.com.ar\/index.php\/mas-fotos-de-la-puesta-en-valor-del-centro-civico-de-30-de-agosto\/\",\"url\":\"https:\/\/infoecos.com.ar\/index.php\/mas-fotos-de-la-puesta-en-valor-del-centro-civico-de-30-de-agosto\/\",\"name\":\"M\u00e1s fotos de la puesta en valor del Centro C\u00edvico de 30 de Agosto - Infoecos\",\"isPartOf\":{\"@id\":\"https:\/\/infoecos.com.ar\/#website\"},\"primaryImageOfPage\":{\"@id\":\"https:\/\/infoecos.com.ar\/index.php\/mas-fotos-de-la-puesta-en-valor-del-centro-civico-de-30-de-agosto\/#primaryimage\"},\"image\":{\"@id\":\"https:\/\/infoecos.com.ar\/index.php\/mas-fotos-de-la-puesta-en-valor-del-centro-civico-de-30-de-agosto\/#primaryimage\"},\"thumbnailUrl\":\"https:\/\/infoecos.com.ar\/wp-content\/uploads\/2022\/08\/MG_2036-1-scaled.jpg\",\"datePublished\":\"2022-08-31T05:41:27+00:00\",\"dateModified\":\"2022-09-02T08:10:19+00:00\",\"breadcrumb\":{\"@id\":\"https:\/\/infoecos.com.ar\/index.php\/mas-fotos-de-la-puesta-en-valor-del-centro-civico-de-30-de-agosto\/#breadcrumb\"},\"inLanguage\":\"es\",\"potentialAction\":[{\"@type\":\"ReadAction\",\"target\":[\"https:\/\/infoecos.com.ar\/index.php\/mas-fotos-de-la-puesta-en-valor-del-centro-civico-de-30-de-agosto\/\"]}]},{\"@type\":\"ImageObject\",\"inLanguage\":\"es\",\"@id\":\"https:\/\/infoecos.com.ar\/index.php\/mas-fotos-de-la-puesta-en-valor-del-centro-civico-de-30-de-agosto\/#primaryimage\",\"url\":\"https:\/\/infoecos.com.ar\/wp-content\/uploads\/2022\/08\/MG_2036-1-scaled.jpg\",\"contentUrl\":\"https:\/\/infoecos.com.ar\/wp-content\/uploads\/2022\/08\/MG_2036-1-scaled.jpg\",\"width\":2560,\"height\":1706},{\"@type\":\"BreadcrumbList\",\"@id\":\"https:\/\/infoecos.com.ar\/index.php\/mas-fotos-de-la-puesta-en-valor-del-centro-civico-de-30-de-agosto\/#breadcrumb\",\"itemListElement\":[{\"@type\":\"ListItem\",\"position\":1,\"name\":\"Portada\",\"item\":\"https:\/\/infoecos.com.ar\/\"},{\"@type\":\"ListItem\",\"position\":2,\"name\":\"M\u00e1s fotos de la puesta en valor del Centro C\u00edvico de 30 de Agosto\"}]},{\"@type\":\"WebSite\",\"@id\":\"https:\/\/infoecos.com.ar\/#website\",\"url\":\"https:\/\/infoecos.com.ar\/\",\"name\":\"Infoecos\",\"description\":\"Noticias de trenque lauquen y la zona\",\"publisher\":{\"@id\":\"https:\/\/infoecos.com.ar\/#organization\"},\"alternateName\":\"Noticias\",\"potentialAction\":[{\"@type\":\"SearchAction\",\"target\":{\"@type\":\"EntryPoint\",\"urlTemplate\":\"https:\/\/infoecos.com.ar\/?s={search_term_string}\"},\"query-input\":{\"@type\":\"PropertyValueSpecification\",\"valueRequired\":true,\"valueName\":\"search_term_string\"}}],\"inLanguage\":\"es\"},{\"@type\":\"Organization\",\"@id\":\"https:\/\/infoecos.com.ar\/#organization\",\"name\":\"Infoecos\",\"alternateName\":\"Noticias\",\"url\":\"https:\/\/infoecos.com.ar\/\",\"logo\":{\"@type\":\"ImageObject\",\"inLanguage\":\"es\",\"@id\":\"https:\/\/infoecos.com.ar\/#\/schema\/logo\/image\/\",\"url\":\"https:\/\/infoecos.com.ar\/wp-content\/uploads\/2024\/03\/cropped-logo.png\",\"contentUrl\":\"https:\/\/infoecos.com.ar\/wp-content\/uploads\/2024\/03\/cropped-logo.png\",\"width\":374,\"height\":90,\"caption\":\"Infoecos\"},\"image\":{\"@id\":\"https:\/\/infoecos.com.ar\/#\/schema\/logo\/image\/\"},\"sameAs\":[\"https:\/\/www.facebook.com\/profile.php?id=100063200290284\",\"https:\/\/x.com\/infoecos\"]},{\"@type\":\"Person\",\"@id\":\"https:\/\/infoecos.com.ar\/#\/schema\/person\/8f5ace5ce73b4b4aac4b7245aee6f191\",\"name\":\"Jorge Matheus\",\"url\":\"https:\/\/infoecos.com.ar\/index.php\/author\/jomatheus\/\"}]}<\/script>\n<!-- \/ Yoast SEO plugin. -->","yoast_head_json":{"title":"M\u00e1s fotos de la puesta en valor del Centro C\u00edvico de 30 de Agosto - Infoecos","robots":{"index":"index","follow":"follow","max-snippet":"max-snippet:-1","max-image-preview":"max-image-preview:large","max-video-preview":"max-video-preview:-1"},"canonical":"https:\/\/infoecos.com.ar\/index.php\/mas-fotos-de-la-puesta-en-valor-del-centro-civico-de-30-de-agosto\/","og_locale":"es_ES","og_type":"article","og_title":"M\u00e1s fotos de la puesta en valor del Centro C\u00edvico de 30 de Agosto - Infoecos","og_description":"Acto institucional cumplido este 30 de Agosto, con la presencia de autoridades provinciales y municipales","og_url":"https:\/\/infoecos.com.ar\/index.php\/mas-fotos-de-la-puesta-en-valor-del-centro-civico-de-30-de-agosto\/","og_site_name":"Infoecos","article_publisher":"https:\/\/www.facebook.com\/profile.php?id=100063200290284","article_published_time":"2022-08-31T05:41:27+00:00","article_modified_time":"2022-09-02T08:10:19+00:00","og_image":[{"width":2560,"height":1706,"url":"https:\/\/infoecos.com.ar\/wp-content\/uploads\/2022\/08\/MG_2036-1-scaled.jpg","type":"image\/jpeg"}],"author":"Jorge Matheus","twitter_card":"summary_large_image","twitter_creator":"@infoecos","twitter_site":"@infoecos","twitter_misc":{"Escrito por":"Jorge Matheus"},"schema":{"@context":"https:\/\/schema.org","@graph":[{"@type":"Article","@id":"https:\/\/infoecos.com.ar\/index.php\/mas-fotos-de-la-puesta-en-valor-del-centro-civico-de-30-de-agosto\/#article","isPartOf":{"@id":"https:\/\/infoecos.com.ar\/index.php\/mas-fotos-de-la-puesta-en-valor-del-centro-civico-de-30-de-agosto\/"},"author":{"name":"Jorge Matheus","@id":"https:\/\/infoecos.com.ar\/#\/schema\/person\/8f5ace5ce73b4b4aac4b7245aee6f191"},"headline":"M\u00e1s fotos de la puesta en valor del Centro C\u00edvico de 30 de Agosto","datePublished":"2022-08-31T05:41:27+00:00","dateModified":"2022-09-02T08:10:19+00:00","mainEntityOfPage":{"@id":"https:\/\/infoecos.com.ar\/index.php\/mas-fotos-de-la-puesta-en-valor-del-centro-civico-de-30-de-agosto\/"},"wordCount":81,"publisher":{"@id":"https:\/\/infoecos.com.ar\/#organization"},"image":{"@id":"https:\/\/infoecos.com.ar\/index.php\/mas-fotos-de-la-puesta-en-valor-del-centro-civico-de-30-de-agosto\/#primaryimage"},"thumbnailUrl":"https:\/\/infoecos.com.ar\/wp-content\/uploads\/2022\/08\/MG_2036-1-scaled.jpg","keywords":["MATERIAL EXCLUSIVO"],"articleSection":["Bloque inferior - 4"],"inLanguage":"es"},{"@type":"WebPage","@id":"https:\/\/infoecos.com.ar\/index.php\/mas-fotos-de-la-puesta-en-valor-del-centro-civico-de-30-de-agosto\/","url":"https:\/\/infoecos.com.ar\/index.php\/mas-fotos-de-la-puesta-en-valor-del-centro-civico-de-30-de-agosto\/","name":"M\u00e1s fotos de la puesta en valor del Centro C\u00edvico de 30 de Agosto - Infoecos","isPartOf":{"@id":"https:\/\/infoecos.com.ar\/#website"},"primaryImageOfPage":{"@id":"https:\/\/infoecos.com.ar\/index.php\/mas-fotos-de-la-puesta-en-valor-del-centro-civico-de-30-de-agosto\/#primaryimage"},"image":{"@id":"https:\/\/infoecos.com.ar\/index.php\/mas-fotos-de-la-puesta-en-valor-del-centro-civico-de-30-de-agosto\/#primaryimage"},"thumbnailUrl":"https:\/\/infoecos.com.ar\/wp-content\/uploads\/2022\/08\/MG_2036-1-scaled.jpg","datePublished":"2022-08-31T05:41:27+00:00","dateModified":"2022-09-02T08:10:19+00:00","breadcrumb":{"@id":"https:\/\/infoecos.com.ar\/index.php\/mas-fotos-de-la-puesta-en-valor-del-centro-civico-de-30-de-agosto\/#breadcrumb"},"inLanguage":"es","potentialAction":[{"@type":"ReadAction","target":["https:\/\/infoecos.com.ar\/index.php\/mas-fotos-de-la-puesta-en-valor-del-centro-civico-de-30-de-agosto\/"]}]},{"@type":"ImageObject","inLanguage":"es","@id":"https:\/\/infoecos.com.ar\/index.php\/mas-fotos-de-la-puesta-en-valor-del-centro-civico-de-30-de-agosto\/#primaryimage","url":"https:\/\/infoecos.com.ar\/wp-content\/uploads\/2022\/08\/MG_2036-1-scaled.jpg","contentUrl":"https:\/\/infoecos.com.ar\/wp-content\/uploads\/2022\/08\/MG_2036-1-scaled.jpg","width":2560,"height":1706},{"@type":"BreadcrumbList","@id":"https:\/\/infoecos.com.ar\/index.php\/mas-fotos-de-la-puesta-en-valor-del-centro-civico-de-30-de-agosto\/#breadcrumb","itemListElement":[{"@type":"ListItem","position":1,"name":"Portada","item":"https:\/\/infoecos.com.ar\/"},{"@type":"ListItem","position":2,"name":"M\u00e1s fotos de la puesta en valor del Centro C\u00edvico de 30 de Agosto"}]},{"@type":"WebSite","@id":"https:\/\/infoecos.com.ar\/#website","url":"https:\/\/infoecos.com.ar\/","name":"Infoecos","description":"Noticias de trenque lauquen y la zona","publisher":{"@id":"https:\/\/infoecos.com.ar\/#organization"},"alternateName":"Noticias","potentialAction":[{"@type":"SearchAction","target":{"@type":"EntryPoint","urlTemplate":"https:\/\/infoecos.com.ar\/?s={search_term_string}"},"query-input":{"@type":"PropertyValueSpecification","valueRequired":true,"valueName":"search_term_string"}}],"inLanguage":"es"},{"@type":"Organization","@id":"https:\/\/infoecos.com.ar\/#organization","name":"Infoecos","alternateName":"Noticias","url":"https:\/\/infoecos.com.ar\/","logo":{"@type":"ImageObject","inLanguage":"es","@id":"https:\/\/infoecos.com.ar\/#\/schema\/logo\/image\/","url":"https:\/\/infoecos.com.ar\/wp-content\/uploads\/2024\/03\/cropped-logo.png","contentUrl":"https:\/\/infoecos.com.ar\/wp-content\/uploads\/2024\/03\/cropped-logo.png","width":374,"height":90,"caption":"Infoecos"},"image":{"@id":"https:\/\/infoecos.com.ar\/#\/schema\/logo\/image\/"},"sameAs":["https:\/\/www.facebook.com\/profile.php?id=100063200290284","https:\/\/x.com\/infoecos"]},{"@type":"Person","@id":"https:\/\/infoecos.com.ar\/#\/schema\/person\/8f5ace5ce73b4b4aac4b7245aee6f191","name":"Jorge Matheus","url":"https:\/\/infoecos.com.ar\/index.php\/author\/jomatheus\/"}]}},"featured_image_urls":{"full":["https:\/\/infoecos.com.ar\/wp-content\/uploads\/2022\/08\/MG_2036-1-scaled.jpg",2560,1706,false],"thumbnail":["https:\/\/infoecos.com.ar\/wp-content\/uploads\/2022\/08\/MG_2036-1-150x150.jpg",150,150,true],"medium":["https:\/\/infoecos.com.ar\/wp-content\/uploads\/2022\/08\/MG_2036-1-460x307.jpg",460,307,true],"medium_large":["https:\/\/infoecos.com.ar\/wp-content\/uploads\/2022\/08\/MG_2036-1-768x512.jpg",640,427,true],"large":["https:\/\/infoecos.com.ar\/wp-content\/uploads\/2022\/08\/MG_2036-1-920x613.jpg",640,426,true],"1536x1536":["https:\/\/infoecos.com.ar\/wp-content\/uploads\/2022\/08\/MG_2036-1-1536x1024.jpg",1536,1024,true],"2048x2048":["https:\/\/infoecos.com.ar\/wp-content\/uploads\/2022\/08\/MG_2036-1-2048x1365.jpg",2048,1365,true],"covernews-slider-full":["https:\/\/infoecos.com.ar\/wp-content\/uploads\/2022\/08\/MG_2036-1-1536x1020.jpg",1077,715,true],"covernews-slider-center":["https:\/\/infoecos.com.ar\/wp-content\/uploads\/2022\/08\/MG_2036-1-936x897.jpg",522,500,true],"covernews-featured":["https:\/\/infoecos.com.ar\/wp-content\/uploads\/2022\/08\/MG_2036-1-1024x683.jpg",1024,683,true],"covernews-medium":["https:\/\/infoecos.com.ar\/wp-content\/uploads\/2022\/08\/MG_2036-1-720x380.jpg",540,285,true],"covernews-medium-square":["https:\/\/infoecos.com.ar\/wp-content\/uploads\/2022\/08\/MG_2036-1-675x450.jpg",375,250,true]},"author_info":{"info":["Jorge Matheus"]},"category_info":"<a href=\"https:\/\/infoecos.com.ar\/index.php\/category\/inferior4\/\" rel=\"category tag\">Bloque inferior - 4<\/a>","tag_info":"Bloque inferior - 4","comment_count":"0","_links":{"self":[{"href":"https:\/\/infoecos.com.ar\/index.php\/wp-json\/wp\/v2\/posts\/97152"}],"collection":[{"href":"https:\/\/infoecos.com.ar\/index.php\/wp-json\/wp\/v2\/posts"}],"about":[{"href":"https:\/\/infoecos.com.ar\/index.php\/wp-json\/wp\/v2\/types\/post"}],"author":[{"embeddable":true,"href":"https:\/\/infoecos.com.ar\/index.php\/wp-json\/wp\/v2\/users\/2"}],"replies":[{"embeddable":true,"href":"https:\/\/infoecos.com.ar\/index.php\/wp-json\/wp\/v2\/comments?post=97152"}],"version-history":[{"count":2,"href":"https:\/\/infoecos.com.ar\/index.php\/wp-json\/wp\/v2\/posts\/97152\/revisions"}],"predecessor-version":[{"id":97186,"href":"https:\/\/infoecos.com.ar\/index.php\/wp-json\/wp\/v2\/posts\/97152\/revisions\/97186"}],"wp:featuredmedia":[{"embeddable":true,"href":"https:\/\/infoecos.com.ar\/index.php\/wp-json\/wp\/v2\/media\/97164"}],"wp:attachment":[{"href":"https:\/\/infoecos.com.ar\/index.php\/wp-json\/wp\/v2\/media?parent=97152"}],"wp:term":[{"taxonomy":"category","embeddable":true,"href":"https:\/\/infoecos.com.ar\/index.php\/wp-json\/wp\/v2\/categories?post=97152"},{"taxonomy":"post_tag","embeddable":true,"href":"https:\/\/infoecos.com.ar\/index.php\/wp-json\/wp\/v2\/tags?post=97152"}],"curies":[{"name":"wp","href":"https:\/\/api.w.org\/{rel}","templated":true}]}}