{"id":97204,"date":"2022-08-31T13:32:42","date_gmt":"2022-08-31T16:32:42","guid":{"rendered":"http:\/\/infoecos.com.ar\/?p=97204"},"modified":"2022-09-02T05:26:47","modified_gmt":"2022-09-02T08:26:47","slug":"jairo-visito-el-museo-de-arte-mural-que-lleva-el-nombre-de-su-amigo-rodolfo-campodonico","status":"publish","type":"post","link":"https:\/\/infoecos.com.ar\/index.php\/jairo-visito-el-museo-de-arte-mural-que-lleva-el-nombre-de-su-amigo-rodolfo-campodonico\/","title":{"rendered":"Jairo visit\u00f3 el Museo de Arte Mural que lleva el nombre de su Amigo \u00abRodolfo Campod\u00f3nico\u00bb"},"content":{"rendered":"\n<p>El Intendente municipal, Miguel Fern\u00e1ndez, recibi\u00f3 este mi\u00e9rcoles en el Museo de Arte Mural \u201cRodolfo Campod\u00f3nico\u201d, al reconocido cantautor Jairo, que se present\u00f3 el martes en el Cine Club Barrio Alegre, ante una sala colmada de p\u00fablico.<\/p>\n\n\n\n<figure class=\"wp-block-image aligncenter size-large is-resized\"><img loading=\"lazy\" decoding=\"async\" src=\"http:\/\/infoecos.com.ar\/wp-content\/uploads\/2022\/08\/Jairo-en-el-Museo-1-920x517.jpg\" alt=\"\" class=\"wp-image-97205\" width=\"599\" height=\"337\" srcset=\"https:\/\/infoecos.com.ar\/wp-content\/uploads\/2022\/08\/Jairo-en-el-Museo-1-920x517.jpg 920w, https:\/\/infoecos.com.ar\/wp-content\/uploads\/2022\/08\/Jairo-en-el-Museo-1-460x259.jpg 460w, https:\/\/infoecos.com.ar\/wp-content\/uploads\/2022\/08\/Jairo-en-el-Museo-1-768x432.jpg 768w, https:\/\/infoecos.com.ar\/wp-content\/uploads\/2022\/08\/Jairo-en-el-Museo-1.jpg 1010w\" sizes=\"(max-width: 599px) 100vw, 599px\" \/><figcaption>Jairo en el Museo de Arte Mural \u00abRodolfo Campod\u00f3nico\u00bb<\/figcaption><\/figure>\n\n\n\n<p>Tambi\u00e9n se encontraban presentes el director de Cultura y Educaci\u00f3n, Guillermo Ruiz; el director de Deportes del municipio, Sergio Barbas y la coordinadora de Museos, In\u00e9s Maya, quien fue la encargada de realizar la visita guiada.<\/p>\n\n\n\n<figure class=\"wp-block-image aligncenter size-large is-resized\"><img loading=\"lazy\" decoding=\"async\" src=\"http:\/\/infoecos.com.ar\/wp-content\/uploads\/2022\/08\/Jairo-en-el-Museo-3-920x517.jpg\" alt=\"\" class=\"wp-image-97206\" width=\"585\" height=\"329\" srcset=\"https:\/\/infoecos.com.ar\/wp-content\/uploads\/2022\/08\/Jairo-en-el-Museo-3-920x517.jpg 920w, https:\/\/infoecos.com.ar\/wp-content\/uploads\/2022\/08\/Jairo-en-el-Museo-3-460x259.jpg 460w, https:\/\/infoecos.com.ar\/wp-content\/uploads\/2022\/08\/Jairo-en-el-Museo-3-768x432.jpg 768w, https:\/\/infoecos.com.ar\/wp-content\/uploads\/2022\/08\/Jairo-en-el-Museo-3.jpg 1010w\" sizes=\"(max-width: 585px) 100vw, 585px\" \/><figcaption>Jairo en el Museo de Arte Mural \u00abRodolfo Campod\u00f3nico\u00bb<\/figcaption><\/figure>\n\n\n\n<p>Jairo pudo apreciar toda la obra de quien fuera su amigo, el reconocido muralista Rodolfo Campod\u00f3nico, que incluso fue quien dise\u00f1\u00f3 la tapa de su disco \u201cCriollo\u201d.<\/p>\n\n\n\n<figure class=\"wp-block-image aligncenter size-large is-resized\"><img loading=\"lazy\" decoding=\"async\" src=\"http:\/\/infoecos.com.ar\/wp-content\/uploads\/2022\/08\/Jairo-en-el-Museo-4-920x517.jpg\" alt=\"\" class=\"wp-image-97207\" width=\"579\" height=\"326\" srcset=\"https:\/\/infoecos.com.ar\/wp-content\/uploads\/2022\/08\/Jairo-en-el-Museo-4-920x517.jpg 920w, https:\/\/infoecos.com.ar\/wp-content\/uploads\/2022\/08\/Jairo-en-el-Museo-4-460x259.jpg 460w, https:\/\/infoecos.com.ar\/wp-content\/uploads\/2022\/08\/Jairo-en-el-Museo-4-768x432.jpg 768w, https:\/\/infoecos.com.ar\/wp-content\/uploads\/2022\/08\/Jairo-en-el-Museo-4.jpg 1010w\" sizes=\"(max-width: 579px) 100vw, 579px\" \/><figcaption>Jairo en el Museo de Arte Mural \u00abRodolfo Campod\u00f3nico\u00bb<\/figcaption><\/figure>\n\n\n\n<p>Despu\u00e9s de realizar la recorrida, el destacado cantautor argentino convers\u00f3 con el Intendente Fern\u00e1ndez, los funcionarios y tambi\u00e9n algunos vecinos\/as que estaban de visita en el Museo, y record\u00f3 la amistad que lo un\u00eda al \u201cFlaco\u201d, como le dec\u00edan a Campod\u00f3nico con quien tambi\u00e9n pint\u00f3 un cuadro que lo tiene en su casa.<\/p>\n\n\n\n<figure class=\"wp-block-image aligncenter size-full is-resized\"><img loading=\"lazy\" decoding=\"async\" src=\"http:\/\/infoecos.com.ar\/wp-content\/uploads\/2022\/08\/Jairo-en-el-Museo-2.jpg\" alt=\"\" class=\"wp-image-97208\" width=\"572\" height=\"381\" srcset=\"https:\/\/infoecos.com.ar\/wp-content\/uploads\/2022\/08\/Jairo-en-el-Museo-2.jpg 852w, https:\/\/infoecos.com.ar\/wp-content\/uploads\/2022\/08\/Jairo-en-el-Museo-2-460x307.jpg 460w, https:\/\/infoecos.com.ar\/wp-content\/uploads\/2022\/08\/Jairo-en-el-Museo-2-768x512.jpg 768w, https:\/\/infoecos.com.ar\/wp-content\/uploads\/2022\/08\/Jairo-en-el-Museo-2-675x450.jpg 675w\" sizes=\"(max-width: 572px) 100vw, 572px\" \/><figcaption>Jairo en el Museo de Arte Mural \u00abRodolfo Campod\u00f3nico\u00bb<\/figcaption><\/figure>\n\n\n\n<p>Antes de irse, dej\u00f3 una dedicatoria en el libro de visitas que se encuentra en el ingreso al Museo de Arte Mural, ubicado sobre calle Rivadavia n\u00ba 163, en el cuadro ferroviario.<\/p>\n","protected":false},"excerpt":{"rendered":"<p>Jairo, se present\u00f3 el martes en el Cine Club Barrio Alegre de Trenque Lauquen, ante una sala colmada de p\u00fablico<\/p>\n","protected":false},"author":2,"featured_media":97205,"comment_status":"closed","ping_status":"open","sticky":false,"template":"","format":"standard","meta":{"footnotes":""},"categories":[1614],"tags":[5],"class_list":["post-97204","post","type-post","status-publish","format-standard","has-post-thumbnail","hentry","category-c2nota7","tag-trenque-lauquen"],"yoast_head":"<!-- This site is optimized with the Yoast SEO plugin v23.4 - https:\/\/yoast.com\/wordpress\/plugins\/seo\/ -->\n<title>Jairo visit\u00f3 el Museo de Arte Mural que lleva el nombre de su Amigo &quot;Rodolfo Campod\u00f3nico&quot; - Infoecos<\/title>\n<meta name=\"robots\" content=\"index, follow, max-snippet:-1, max-image-preview:large, max-video-preview:-1\" \/>\n<link rel=\"canonical\" href=\"https:\/\/infoecos.com.ar\/index.php\/jairo-visito-el-museo-de-arte-mural-que-lleva-el-nombre-de-su-amigo-rodolfo-campodonico\/\" \/>\n<meta property=\"og:locale\" content=\"es_ES\" \/>\n<meta property=\"og:type\" content=\"article\" \/>\n<meta property=\"og:title\" content=\"Jairo visit\u00f3 el Museo de Arte Mural que lleva el nombre de su Amigo &quot;Rodolfo Campod\u00f3nico&quot; - Infoecos\" \/>\n<meta property=\"og:description\" content=\"Jairo, se present\u00f3 el martes en el Cine Club Barrio Alegre de Trenque Lauquen, ante una sala colmada de p\u00fablico\" \/>\n<meta property=\"og:url\" content=\"https:\/\/infoecos.com.ar\/index.php\/jairo-visito-el-museo-de-arte-mural-que-lleva-el-nombre-de-su-amigo-rodolfo-campodonico\/\" \/>\n<meta property=\"og:site_name\" content=\"Infoecos\" \/>\n<meta property=\"article:publisher\" content=\"https:\/\/www.facebook.com\/profile.php?id=100063200290284\" \/>\n<meta property=\"article:published_time\" content=\"2022-08-31T16:32:42+00:00\" \/>\n<meta property=\"article:modified_time\" content=\"2022-09-02T08:26:47+00:00\" \/>\n<meta property=\"og:image\" content=\"https:\/\/infoecos.com.ar\/wp-content\/uploads\/2022\/08\/Jairo-en-el-Museo-1.jpg\" \/>\n\t<meta property=\"og:image:width\" content=\"1010\" \/>\n\t<meta property=\"og:image:height\" content=\"568\" \/>\n\t<meta property=\"og:image:type\" content=\"image\/jpeg\" \/>\n<meta name=\"author\" content=\"Jorge Matheus\" \/>\n<meta name=\"twitter:card\" content=\"summary_large_image\" \/>\n<meta name=\"twitter:creator\" content=\"@infoecos\" \/>\n<meta name=\"twitter:site\" content=\"@infoecos\" \/>\n<meta name=\"twitter:label1\" content=\"Escrito por\" \/>\n\t<meta name=\"twitter:data1\" content=\"Jorge Matheus\" \/>\n\t<meta name=\"twitter:label2\" content=\"Tiempo de lectura\" \/>\n\t<meta name=\"twitter:data2\" content=\"1 minuto\" \/>\n<script type=\"application\/ld+json\" class=\"yoast-schema-graph\">{\"@context\":\"https:\/\/schema.org\",\"@graph\":[{\"@type\":\"Article\",\"@id\":\"https:\/\/infoecos.com.ar\/index.php\/jairo-visito-el-museo-de-arte-mural-que-lleva-el-nombre-de-su-amigo-rodolfo-campodonico\/#article\",\"isPartOf\":{\"@id\":\"https:\/\/infoecos.com.ar\/index.php\/jairo-visito-el-museo-de-arte-mural-que-lleva-el-nombre-de-su-amigo-rodolfo-campodonico\/\"},\"author\":{\"name\":\"Jorge Matheus\",\"@id\":\"https:\/\/infoecos.com.ar\/#\/schema\/person\/8f5ace5ce73b4b4aac4b7245aee6f191\"},\"headline\":\"Jairo visit\u00f3 el Museo de Arte Mural que lleva el nombre de su Amigo \u00abRodolfo Campod\u00f3nico\u00bb\",\"datePublished\":\"2022-08-31T16:32:42+00:00\",\"dateModified\":\"2022-09-02T08:26:47+00:00\",\"mainEntityOfPage\":{\"@id\":\"https:\/\/infoecos.com.ar\/index.php\/jairo-visito-el-museo-de-arte-mural-que-lleva-el-nombre-de-su-amigo-rodolfo-campodonico\/\"},\"wordCount\":257,\"publisher\":{\"@id\":\"https:\/\/infoecos.com.ar\/#organization\"},\"image\":{\"@id\":\"https:\/\/infoecos.com.ar\/index.php\/jairo-visito-el-museo-de-arte-mural-que-lleva-el-nombre-de-su-amigo-rodolfo-campodonico\/#primaryimage\"},\"thumbnailUrl\":\"https:\/\/infoecos.com.ar\/wp-content\/uploads\/2022\/08\/Jairo-en-el-Museo-1.jpg\",\"keywords\":[\"Trenque Lauquen\"],\"articleSection\":[\"C2 N7\"],\"inLanguage\":\"es\"},{\"@type\":\"WebPage\",\"@id\":\"https:\/\/infoecos.com.ar\/index.php\/jairo-visito-el-museo-de-arte-mural-que-lleva-el-nombre-de-su-amigo-rodolfo-campodonico\/\",\"url\":\"https:\/\/infoecos.com.ar\/index.php\/jairo-visito-el-museo-de-arte-mural-que-lleva-el-nombre-de-su-amigo-rodolfo-campodonico\/\",\"name\":\"Jairo visit\u00f3 el Museo de Arte Mural que lleva el nombre de su Amigo \\\"Rodolfo Campod\u00f3nico\\\" - Infoecos\",\"isPartOf\":{\"@id\":\"https:\/\/infoecos.com.ar\/#website\"},\"primaryImageOfPage\":{\"@id\":\"https:\/\/infoecos.com.ar\/index.php\/jairo-visito-el-museo-de-arte-mural-que-lleva-el-nombre-de-su-amigo-rodolfo-campodonico\/#primaryimage\"},\"image\":{\"@id\":\"https:\/\/infoecos.com.ar\/index.php\/jairo-visito-el-museo-de-arte-mural-que-lleva-el-nombre-de-su-amigo-rodolfo-campodonico\/#primaryimage\"},\"thumbnailUrl\":\"https:\/\/infoecos.com.ar\/wp-content\/uploads\/2022\/08\/Jairo-en-el-Museo-1.jpg\",\"datePublished\":\"2022-08-31T16:32:42+00:00\",\"dateModified\":\"2022-09-02T08:26:47+00:00\",\"breadcrumb\":{\"@id\":\"https:\/\/infoecos.com.ar\/index.php\/jairo-visito-el-museo-de-arte-mural-que-lleva-el-nombre-de-su-amigo-rodolfo-campodonico\/#breadcrumb\"},\"inLanguage\":\"es\",\"potentialAction\":[{\"@type\":\"ReadAction\",\"target\":[\"https:\/\/infoecos.com.ar\/index.php\/jairo-visito-el-museo-de-arte-mural-que-lleva-el-nombre-de-su-amigo-rodolfo-campodonico\/\"]}]},{\"@type\":\"ImageObject\",\"inLanguage\":\"es\",\"@id\":\"https:\/\/infoecos.com.ar\/index.php\/jairo-visito-el-museo-de-arte-mural-que-lleva-el-nombre-de-su-amigo-rodolfo-campodonico\/#primaryimage\",\"url\":\"https:\/\/infoecos.com.ar\/wp-content\/uploads\/2022\/08\/Jairo-en-el-Museo-1.jpg\",\"contentUrl\":\"https:\/\/infoecos.com.ar\/wp-content\/uploads\/2022\/08\/Jairo-en-el-Museo-1.jpg\",\"width\":1010,\"height\":568},{\"@type\":\"BreadcrumbList\",\"@id\":\"https:\/\/infoecos.com.ar\/index.php\/jairo-visito-el-museo-de-arte-mural-que-lleva-el-nombre-de-su-amigo-rodolfo-campodonico\/#breadcrumb\",\"itemListElement\":[{\"@type\":\"ListItem\",\"position\":1,\"name\":\"Portada\",\"item\":\"https:\/\/infoecos.com.ar\/\"},{\"@type\":\"ListItem\",\"position\":2,\"name\":\"Jairo visit\u00f3 el Museo de Arte Mural que lleva el nombre de su Amigo \u00abRodolfo Campod\u00f3nico\u00bb\"}]},{\"@type\":\"WebSite\",\"@id\":\"https:\/\/infoecos.com.ar\/#website\",\"url\":\"https:\/\/infoecos.com.ar\/\",\"name\":\"Infoecos\",\"description\":\"Noticias de trenque lauquen y la zona\",\"publisher\":{\"@id\":\"https:\/\/infoecos.com.ar\/#organization\"},\"alternateName\":\"Noticias\",\"potentialAction\":[{\"@type\":\"SearchAction\",\"target\":{\"@type\":\"EntryPoint\",\"urlTemplate\":\"https:\/\/infoecos.com.ar\/?s={search_term_string}\"},\"query-input\":{\"@type\":\"PropertyValueSpecification\",\"valueRequired\":true,\"valueName\":\"search_term_string\"}}],\"inLanguage\":\"es\"},{\"@type\":\"Organization\",\"@id\":\"https:\/\/infoecos.com.ar\/#organization\",\"name\":\"Infoecos\",\"alternateName\":\"Noticias\",\"url\":\"https:\/\/infoecos.com.ar\/\",\"logo\":{\"@type\":\"ImageObject\",\"inLanguage\":\"es\",\"@id\":\"https:\/\/infoecos.com.ar\/#\/schema\/logo\/image\/\",\"url\":\"https:\/\/infoecos.com.ar\/wp-content\/uploads\/2024\/03\/cropped-logo.png\",\"contentUrl\":\"https:\/\/infoecos.com.ar\/wp-content\/uploads\/2024\/03\/cropped-logo.png\",\"width\":374,\"height\":90,\"caption\":\"Infoecos\"},\"image\":{\"@id\":\"https:\/\/infoecos.com.ar\/#\/schema\/logo\/image\/\"},\"sameAs\":[\"https:\/\/www.facebook.com\/profile.php?id=100063200290284\",\"https:\/\/x.com\/infoecos\"]},{\"@type\":\"Person\",\"@id\":\"https:\/\/infoecos.com.ar\/#\/schema\/person\/8f5ace5ce73b4b4aac4b7245aee6f191\",\"name\":\"Jorge Matheus\",\"url\":\"https:\/\/infoecos.com.ar\/index.php\/author\/jomatheus\/\"}]}<\/script>\n<!-- \/ Yoast SEO plugin. -->","yoast_head_json":{"title":"Jairo visit\u00f3 el Museo de Arte Mural que lleva el nombre de su Amigo \"Rodolfo Campod\u00f3nico\" - Infoecos","robots":{"index":"index","follow":"follow","max-snippet":"max-snippet:-1","max-image-preview":"max-image-preview:large","max-video-preview":"max-video-preview:-1"},"canonical":"https:\/\/infoecos.com.ar\/index.php\/jairo-visito-el-museo-de-arte-mural-que-lleva-el-nombre-de-su-amigo-rodolfo-campodonico\/","og_locale":"es_ES","og_type":"article","og_title":"Jairo visit\u00f3 el Museo de Arte Mural que lleva el nombre de su Amigo \"Rodolfo Campod\u00f3nico\" - Infoecos","og_description":"Jairo, se present\u00f3 el martes en el Cine Club Barrio Alegre de Trenque Lauquen, ante una sala colmada de p\u00fablico","og_url":"https:\/\/infoecos.com.ar\/index.php\/jairo-visito-el-museo-de-arte-mural-que-lleva-el-nombre-de-su-amigo-rodolfo-campodonico\/","og_site_name":"Infoecos","article_publisher":"https:\/\/www.facebook.com\/profile.php?id=100063200290284","article_published_time":"2022-08-31T16:32:42+00:00","article_modified_time":"2022-09-02T08:26:47+00:00","og_image":[{"width":1010,"height":568,"url":"https:\/\/infoecos.com.ar\/wp-content\/uploads\/2022\/08\/Jairo-en-el-Museo-1.jpg","type":"image\/jpeg"}],"author":"Jorge Matheus","twitter_card":"summary_large_image","twitter_creator":"@infoecos","twitter_site":"@infoecos","twitter_misc":{"Escrito por":"Jorge Matheus","Tiempo de lectura":"1 minuto"},"schema":{"@context":"https:\/\/schema.org","@graph":[{"@type":"Article","@id":"https:\/\/infoecos.com.ar\/index.php\/jairo-visito-el-museo-de-arte-mural-que-lleva-el-nombre-de-su-amigo-rodolfo-campodonico\/#article","isPartOf":{"@id":"https:\/\/infoecos.com.ar\/index.php\/jairo-visito-el-museo-de-arte-mural-que-lleva-el-nombre-de-su-amigo-rodolfo-campodonico\/"},"author":{"name":"Jorge Matheus","@id":"https:\/\/infoecos.com.ar\/#\/schema\/person\/8f5ace5ce73b4b4aac4b7245aee6f191"},"headline":"Jairo visit\u00f3 el Museo de Arte Mural que lleva el nombre de su Amigo \u00abRodolfo Campod\u00f3nico\u00bb","datePublished":"2022-08-31T16:32:42+00:00","dateModified":"2022-09-02T08:26:47+00:00","mainEntityOfPage":{"@id":"https:\/\/infoecos.com.ar\/index.php\/jairo-visito-el-museo-de-arte-mural-que-lleva-el-nombre-de-su-amigo-rodolfo-campodonico\/"},"wordCount":257,"publisher":{"@id":"https:\/\/infoecos.com.ar\/#organization"},"image":{"@id":"https:\/\/infoecos.com.ar\/index.php\/jairo-visito-el-museo-de-arte-mural-que-lleva-el-nombre-de-su-amigo-rodolfo-campodonico\/#primaryimage"},"thumbnailUrl":"https:\/\/infoecos.com.ar\/wp-content\/uploads\/2022\/08\/Jairo-en-el-Museo-1.jpg","keywords":["Trenque Lauquen"],"articleSection":["C2 N7"],"inLanguage":"es"},{"@type":"WebPage","@id":"https:\/\/infoecos.com.ar\/index.php\/jairo-visito-el-museo-de-arte-mural-que-lleva-el-nombre-de-su-amigo-rodolfo-campodonico\/","url":"https:\/\/infoecos.com.ar\/index.php\/jairo-visito-el-museo-de-arte-mural-que-lleva-el-nombre-de-su-amigo-rodolfo-campodonico\/","name":"Jairo visit\u00f3 el Museo de Arte Mural que lleva el nombre de su Amigo \"Rodolfo Campod\u00f3nico\" - Infoecos","isPartOf":{"@id":"https:\/\/infoecos.com.ar\/#website"},"primaryImageOfPage":{"@id":"https:\/\/infoecos.com.ar\/index.php\/jairo-visito-el-museo-de-arte-mural-que-lleva-el-nombre-de-su-amigo-rodolfo-campodonico\/#primaryimage"},"image":{"@id":"https:\/\/infoecos.com.ar\/index.php\/jairo-visito-el-museo-de-arte-mural-que-lleva-el-nombre-de-su-amigo-rodolfo-campodonico\/#primaryimage"},"thumbnailUrl":"https:\/\/infoecos.com.ar\/wp-content\/uploads\/2022\/08\/Jairo-en-el-Museo-1.jpg","datePublished":"2022-08-31T16:32:42+00:00","dateModified":"2022-09-02T08:26:47+00:00","breadcrumb":{"@id":"https:\/\/infoecos.com.ar\/index.php\/jairo-visito-el-museo-de-arte-mural-que-lleva-el-nombre-de-su-amigo-rodolfo-campodonico\/#breadcrumb"},"inLanguage":"es","potentialAction":[{"@type":"ReadAction","target":["https:\/\/infoecos.com.ar\/index.php\/jairo-visito-el-museo-de-arte-mural-que-lleva-el-nombre-de-su-amigo-rodolfo-campodonico\/"]}]},{"@type":"ImageObject","inLanguage":"es","@id":"https:\/\/infoecos.com.ar\/index.php\/jairo-visito-el-museo-de-arte-mural-que-lleva-el-nombre-de-su-amigo-rodolfo-campodonico\/#primaryimage","url":"https:\/\/infoecos.com.ar\/wp-content\/uploads\/2022\/08\/Jairo-en-el-Museo-1.jpg","contentUrl":"https:\/\/infoecos.com.ar\/wp-content\/uploads\/2022\/08\/Jairo-en-el-Museo-1.jpg","width":1010,"height":568},{"@type":"BreadcrumbList","@id":"https:\/\/infoecos.com.ar\/index.php\/jairo-visito-el-museo-de-arte-mural-que-lleva-el-nombre-de-su-amigo-rodolfo-campodonico\/#breadcrumb","itemListElement":[{"@type":"ListItem","position":1,"name":"Portada","item":"https:\/\/infoecos.com.ar\/"},{"@type":"ListItem","position":2,"name":"Jairo visit\u00f3 el Museo de Arte Mural que lleva el nombre de su Amigo \u00abRodolfo Campod\u00f3nico\u00bb"}]},{"@type":"WebSite","@id":"https:\/\/infoecos.com.ar\/#website","url":"https:\/\/infoecos.com.ar\/","name":"Infoecos","description":"Noticias de trenque lauquen y la zona","publisher":{"@id":"https:\/\/infoecos.com.ar\/#organization"},"alternateName":"Noticias","potentialAction":[{"@type":"SearchAction","target":{"@type":"EntryPoint","urlTemplate":"https:\/\/infoecos.com.ar\/?s={search_term_string}"},"query-input":{"@type":"PropertyValueSpecification","valueRequired":true,"valueName":"search_term_string"}}],"inLanguage":"es"},{"@type":"Organization","@id":"https:\/\/infoecos.com.ar\/#organization","name":"Infoecos","alternateName":"Noticias","url":"https:\/\/infoecos.com.ar\/","logo":{"@type":"ImageObject","inLanguage":"es","@id":"https:\/\/infoecos.com.ar\/#\/schema\/logo\/image\/","url":"https:\/\/infoecos.com.ar\/wp-content\/uploads\/2024\/03\/cropped-logo.png","contentUrl":"https:\/\/infoecos.com.ar\/wp-content\/uploads\/2024\/03\/cropped-logo.png","width":374,"height":90,"caption":"Infoecos"},"image":{"@id":"https:\/\/infoecos.com.ar\/#\/schema\/logo\/image\/"},"sameAs":["https:\/\/www.facebook.com\/profile.php?id=100063200290284","https:\/\/x.com\/infoecos"]},{"@type":"Person","@id":"https:\/\/infoecos.com.ar\/#\/schema\/person\/8f5ace5ce73b4b4aac4b7245aee6f191","name":"Jorge Matheus","url":"https:\/\/infoecos.com.ar\/index.php\/author\/jomatheus\/"}]}},"featured_image_urls":{"full":["https:\/\/infoecos.com.ar\/wp-content\/uploads\/2022\/08\/Jairo-en-el-Museo-1.jpg",1010,568,false],"thumbnail":["https:\/\/infoecos.com.ar\/wp-content\/uploads\/2022\/08\/Jairo-en-el-Museo-1-150x150.jpg",150,150,true],"medium":["https:\/\/infoecos.com.ar\/wp-content\/uploads\/2022\/08\/Jairo-en-el-Museo-1-460x259.jpg",460,259,true],"medium_large":["https:\/\/infoecos.com.ar\/wp-content\/uploads\/2022\/08\/Jairo-en-el-Museo-1-768x432.jpg",640,360,true],"large":["https:\/\/infoecos.com.ar\/wp-content\/uploads\/2022\/08\/Jairo-en-el-Museo-1-920x517.jpg",640,360,true],"1536x1536":["https:\/\/infoecos.com.ar\/wp-content\/uploads\/2022\/08\/Jairo-en-el-Museo-1.jpg",1010,568,false],"2048x2048":["https:\/\/infoecos.com.ar\/wp-content\/uploads\/2022\/08\/Jairo-en-el-Museo-1.jpg",1010,568,false],"covernews-slider-full":["https:\/\/infoecos.com.ar\/wp-content\/uploads\/2022\/08\/Jairo-en-el-Museo-1.jpg",1010,568,false],"covernews-slider-center":["https:\/\/infoecos.com.ar\/wp-content\/uploads\/2022\/08\/Jairo-en-el-Museo-1-936x568.jpg",800,485,true],"covernews-featured":["https:\/\/infoecos.com.ar\/wp-content\/uploads\/2022\/08\/Jairo-en-el-Museo-1.jpg",1010,568,false],"covernews-medium":["https:\/\/infoecos.com.ar\/wp-content\/uploads\/2022\/08\/Jairo-en-el-Museo-1-720x380.jpg",540,285,true],"covernews-medium-square":["https:\/\/infoecos.com.ar\/wp-content\/uploads\/2022\/08\/Jairo-en-el-Museo-1-675x450.jpg",375,250,true]},"author_info":{"info":["Jorge Matheus"]},"category_info":"<a href=\"https:\/\/infoecos.com.ar\/index.php\/category\/c2nota7\/\" rel=\"category tag\">C2 N7<\/a>","tag_info":"C2 N7","comment_count":"0","_links":{"self":[{"href":"https:\/\/infoecos.com.ar\/index.php\/wp-json\/wp\/v2\/posts\/97204"}],"collection":[{"href":"https:\/\/infoecos.com.ar\/index.php\/wp-json\/wp\/v2\/posts"}],"about":[{"href":"https:\/\/infoecos.com.ar\/index.php\/wp-json\/wp\/v2\/types\/post"}],"author":[{"embeddable":true,"href":"https:\/\/infoecos.com.ar\/index.php\/wp-json\/wp\/v2\/users\/2"}],"replies":[{"embeddable":true,"href":"https:\/\/infoecos.com.ar\/index.php\/wp-json\/wp\/v2\/comments?post=97204"}],"version-history":[{"count":1,"href":"https:\/\/infoecos.com.ar\/index.php\/wp-json\/wp\/v2\/posts\/97204\/revisions"}],"predecessor-version":[{"id":97209,"href":"https:\/\/infoecos.com.ar\/index.php\/wp-json\/wp\/v2\/posts\/97204\/revisions\/97209"}],"wp:featuredmedia":[{"embeddable":true,"href":"https:\/\/infoecos.com.ar\/index.php\/wp-json\/wp\/v2\/media\/97205"}],"wp:attachment":[{"href":"https:\/\/infoecos.com.ar\/index.php\/wp-json\/wp\/v2\/media?parent=97204"}],"wp:term":[{"taxonomy":"category","embeddable":true,"href":"https:\/\/infoecos.com.ar\/index.php\/wp-json\/wp\/v2\/categories?post=97204"},{"taxonomy":"post_tag","embeddable":true,"href":"https:\/\/infoecos.com.ar\/index.php\/wp-json\/wp\/v2\/tags?post=97204"}],"curies":[{"name":"wp","href":"https:\/\/api.w.org\/{rel}","templated":true}]}}