{"id":97265,"date":"2022-09-02T03:17:59","date_gmt":"2022-09-02T06:17:59","guid":{"rendered":"http:\/\/infoecos.com.ar\/?p=97265"},"modified":"2022-09-02T05:25:48","modified_gmt":"2022-09-02T08:25:48","slug":"aparecio-en-trenque-lauquen-un-militar-que-habia-desaparecido-de-punta-alta","status":"publish","type":"post","link":"https:\/\/infoecos.com.ar\/index.php\/aparecio-en-trenque-lauquen-un-militar-que-habia-desaparecido-de-punta-alta\/","title":{"rendered":"Apareci\u00f3 en Trenque Lauquen un militar que hab\u00eda desaparecido de Punta Alta"},"content":{"rendered":"\n<p>Un militar Claudio Belmonte, residente en Punta Alta, Partido de Coronel Rosalles, que hab\u00eda desaparecido hace seis d\u00edas, apareci\u00f3 sano y salvo en Trenque Lauquen en la tarde de este mi\u00e9rcoles, seg\u00fan informaron fuentes policiales, informa el sitio infogei.com<\/p>\n\n\n\n<figure class=\"wp-block-image aligncenter size-full is-resized\"><img loading=\"lazy\" decoding=\"async\" src=\"http:\/\/infoecos.com.ar\/wp-content\/uploads\/2022\/09\/belmonte.jpg\" alt=\"\" class=\"wp-image-97266\" width=\"561\" height=\"326\" srcset=\"https:\/\/infoecos.com.ar\/wp-content\/uploads\/2022\/09\/belmonte.jpg 880w, https:\/\/infoecos.com.ar\/wp-content\/uploads\/2022\/09\/belmonte-460x268.jpg 460w, https:\/\/infoecos.com.ar\/wp-content\/uploads\/2022\/09\/belmonte-768x447.jpg 768w\" sizes=\"(max-width: 561px) 100vw, 561px\" \/><figcaption>Belmonte, Claudio<\/figcaption><\/figure>\n\n\n\n<p>El dato de que estaba en Trenque Lauquen, a unos 350 km de Punta Alta, surgi\u00f3 por un movimiento de su cuenta bancaria que fue registrado por las autoridades. Desde ese momento la polic\u00eda puntaltense se comunic\u00f3 con sus colegas de esa localidad y tras rastrear filmaciones de c\u00e1maras de seguridad dieron con \u00e9l.<\/p>\n\n\n\n<p>Seg\u00fan el portal bahiense, La Br\u00fajula 24, el joven se encuentra en la comisar\u00eda de Trenque Lauquen, en compa\u00f1\u00eda del perro con el que se ausent\u00f3 y de momento no coment\u00f3 las razones que lo llevaron a ausentarse.<\/p>\n\n\n\n<p>Belmonte, de 32 a\u00f1os es oriundo de Tucum\u00e1n y reside en Punta Alta, donde vive con su pareja. su familia y amigos hab\u00edan perdido todo contacto con \u00e9l en la semana, por lo que presentaron la denuncia para dar con su paradero.<\/p>\n\n\n\n<p>La tarde de este mi\u00e9rcoles, el padre del militar habl\u00f3 con La Br\u00fajula 24, donde manifest\u00f3 que no perd\u00eda las esperanzas de encontrarlo bien, debido a que era una persona muy querida y no hab\u00eda manifestado tener problemas graves.<\/p>\n","protected":false},"excerpt":{"rendered":"<p>El dato de que estaba en Trenque Lauquen, a unos 350 km de Punta Alta, surgi\u00f3 por un movimiento de su cuenta bancaria que fue registrado por las autoridades<\/p>\n","protected":false},"author":2,"featured_media":97266,"comment_status":"closed","ping_status":"open","sticky":false,"template":"","format":"standard","meta":{"footnotes":""},"categories":[48],"tags":[6692],"class_list":["post-97265","post","type-post","status-publish","format-standard","has-post-thumbnail","hentry","category-c2nota3","tag-se-supo-este-jueves"],"yoast_head":"<!-- This site is optimized with the Yoast SEO plugin v23.4 - https:\/\/yoast.com\/wordpress\/plugins\/seo\/ -->\n<title>Apareci\u00f3 en Trenque Lauquen un militar que hab\u00eda desaparecido de Punta Alta - Infoecos<\/title>\n<meta name=\"robots\" content=\"index, follow, max-snippet:-1, max-image-preview:large, max-video-preview:-1\" \/>\n<link rel=\"canonical\" href=\"https:\/\/infoecos.com.ar\/index.php\/aparecio-en-trenque-lauquen-un-militar-que-habia-desaparecido-de-punta-alta\/\" \/>\n<meta property=\"og:locale\" content=\"es_ES\" \/>\n<meta property=\"og:type\" content=\"article\" \/>\n<meta property=\"og:title\" content=\"Apareci\u00f3 en Trenque Lauquen un militar que hab\u00eda desaparecido de Punta Alta - Infoecos\" \/>\n<meta property=\"og:description\" content=\"El dato de que estaba en Trenque Lauquen, a unos 350 km de Punta Alta, surgi\u00f3 por un movimiento de su cuenta bancaria que fue registrado por las autoridades\" \/>\n<meta property=\"og:url\" content=\"https:\/\/infoecos.com.ar\/index.php\/aparecio-en-trenque-lauquen-un-militar-que-habia-desaparecido-de-punta-alta\/\" \/>\n<meta property=\"og:site_name\" content=\"Infoecos\" \/>\n<meta property=\"article:publisher\" content=\"https:\/\/www.facebook.com\/profile.php?id=100063200290284\" \/>\n<meta property=\"article:published_time\" content=\"2022-09-02T06:17:59+00:00\" \/>\n<meta property=\"article:modified_time\" content=\"2022-09-02T08:25:48+00:00\" \/>\n<meta property=\"og:image\" content=\"https:\/\/infoecos.com.ar\/wp-content\/uploads\/2022\/09\/belmonte.jpg\" \/>\n\t<meta property=\"og:image:width\" content=\"880\" \/>\n\t<meta property=\"og:image:height\" content=\"512\" \/>\n\t<meta property=\"og:image:type\" content=\"image\/jpeg\" \/>\n<meta name=\"author\" content=\"Jorge Matheus\" \/>\n<meta name=\"twitter:card\" content=\"summary_large_image\" \/>\n<meta name=\"twitter:creator\" content=\"@infoecos\" \/>\n<meta name=\"twitter:site\" content=\"@infoecos\" \/>\n<meta name=\"twitter:label1\" content=\"Escrito por\" \/>\n\t<meta name=\"twitter:data1\" content=\"Jorge Matheus\" \/>\n\t<meta name=\"twitter:label2\" content=\"Tiempo de lectura\" \/>\n\t<meta name=\"twitter:data2\" content=\"1 minuto\" \/>\n<script type=\"application\/ld+json\" class=\"yoast-schema-graph\">{\"@context\":\"https:\/\/schema.org\",\"@graph\":[{\"@type\":\"Article\",\"@id\":\"https:\/\/infoecos.com.ar\/index.php\/aparecio-en-trenque-lauquen-un-militar-que-habia-desaparecido-de-punta-alta\/#article\",\"isPartOf\":{\"@id\":\"https:\/\/infoecos.com.ar\/index.php\/aparecio-en-trenque-lauquen-un-militar-que-habia-desaparecido-de-punta-alta\/\"},\"author\":{\"name\":\"Jorge Matheus\",\"@id\":\"https:\/\/infoecos.com.ar\/#\/schema\/person\/8f5ace5ce73b4b4aac4b7245aee6f191\"},\"headline\":\"Apareci\u00f3 en Trenque Lauquen un militar que hab\u00eda desaparecido de Punta Alta\",\"datePublished\":\"2022-09-02T06:17:59+00:00\",\"dateModified\":\"2022-09-02T08:25:48+00:00\",\"mainEntityOfPage\":{\"@id\":\"https:\/\/infoecos.com.ar\/index.php\/aparecio-en-trenque-lauquen-un-militar-que-habia-desaparecido-de-punta-alta\/\"},\"wordCount\":241,\"publisher\":{\"@id\":\"https:\/\/infoecos.com.ar\/#organization\"},\"image\":{\"@id\":\"https:\/\/infoecos.com.ar\/index.php\/aparecio-en-trenque-lauquen-un-militar-que-habia-desaparecido-de-punta-alta\/#primaryimage\"},\"thumbnailUrl\":\"https:\/\/infoecos.com.ar\/wp-content\/uploads\/2022\/09\/belmonte.jpg\",\"keywords\":[\"SE SUPO ESTE JUEVES\"],\"articleSection\":[\"C2 N3\"],\"inLanguage\":\"es\"},{\"@type\":\"WebPage\",\"@id\":\"https:\/\/infoecos.com.ar\/index.php\/aparecio-en-trenque-lauquen-un-militar-que-habia-desaparecido-de-punta-alta\/\",\"url\":\"https:\/\/infoecos.com.ar\/index.php\/aparecio-en-trenque-lauquen-un-militar-que-habia-desaparecido-de-punta-alta\/\",\"name\":\"Apareci\u00f3 en Trenque Lauquen un militar que hab\u00eda desaparecido de Punta Alta - Infoecos\",\"isPartOf\":{\"@id\":\"https:\/\/infoecos.com.ar\/#website\"},\"primaryImageOfPage\":{\"@id\":\"https:\/\/infoecos.com.ar\/index.php\/aparecio-en-trenque-lauquen-un-militar-que-habia-desaparecido-de-punta-alta\/#primaryimage\"},\"image\":{\"@id\":\"https:\/\/infoecos.com.ar\/index.php\/aparecio-en-trenque-lauquen-un-militar-que-habia-desaparecido-de-punta-alta\/#primaryimage\"},\"thumbnailUrl\":\"https:\/\/infoecos.com.ar\/wp-content\/uploads\/2022\/09\/belmonte.jpg\",\"datePublished\":\"2022-09-02T06:17:59+00:00\",\"dateModified\":\"2022-09-02T08:25:48+00:00\",\"breadcrumb\":{\"@id\":\"https:\/\/infoecos.com.ar\/index.php\/aparecio-en-trenque-lauquen-un-militar-que-habia-desaparecido-de-punta-alta\/#breadcrumb\"},\"inLanguage\":\"es\",\"potentialAction\":[{\"@type\":\"ReadAction\",\"target\":[\"https:\/\/infoecos.com.ar\/index.php\/aparecio-en-trenque-lauquen-un-militar-que-habia-desaparecido-de-punta-alta\/\"]}]},{\"@type\":\"ImageObject\",\"inLanguage\":\"es\",\"@id\":\"https:\/\/infoecos.com.ar\/index.php\/aparecio-en-trenque-lauquen-un-militar-que-habia-desaparecido-de-punta-alta\/#primaryimage\",\"url\":\"https:\/\/infoecos.com.ar\/wp-content\/uploads\/2022\/09\/belmonte.jpg\",\"contentUrl\":\"https:\/\/infoecos.com.ar\/wp-content\/uploads\/2022\/09\/belmonte.jpg\",\"width\":880,\"height\":512},{\"@type\":\"BreadcrumbList\",\"@id\":\"https:\/\/infoecos.com.ar\/index.php\/aparecio-en-trenque-lauquen-un-militar-que-habia-desaparecido-de-punta-alta\/#breadcrumb\",\"itemListElement\":[{\"@type\":\"ListItem\",\"position\":1,\"name\":\"Portada\",\"item\":\"https:\/\/infoecos.com.ar\/\"},{\"@type\":\"ListItem\",\"position\":2,\"name\":\"Apareci\u00f3 en Trenque Lauquen un militar que hab\u00eda desaparecido de Punta Alta\"}]},{\"@type\":\"WebSite\",\"@id\":\"https:\/\/infoecos.com.ar\/#website\",\"url\":\"https:\/\/infoecos.com.ar\/\",\"name\":\"Infoecos\",\"description\":\"Noticias de trenque lauquen y la zona\",\"publisher\":{\"@id\":\"https:\/\/infoecos.com.ar\/#organization\"},\"alternateName\":\"Noticias\",\"potentialAction\":[{\"@type\":\"SearchAction\",\"target\":{\"@type\":\"EntryPoint\",\"urlTemplate\":\"https:\/\/infoecos.com.ar\/?s={search_term_string}\"},\"query-input\":{\"@type\":\"PropertyValueSpecification\",\"valueRequired\":true,\"valueName\":\"search_term_string\"}}],\"inLanguage\":\"es\"},{\"@type\":\"Organization\",\"@id\":\"https:\/\/infoecos.com.ar\/#organization\",\"name\":\"Infoecos\",\"alternateName\":\"Noticias\",\"url\":\"https:\/\/infoecos.com.ar\/\",\"logo\":{\"@type\":\"ImageObject\",\"inLanguage\":\"es\",\"@id\":\"https:\/\/infoecos.com.ar\/#\/schema\/logo\/image\/\",\"url\":\"https:\/\/infoecos.com.ar\/wp-content\/uploads\/2024\/03\/cropped-logo.png\",\"contentUrl\":\"https:\/\/infoecos.com.ar\/wp-content\/uploads\/2024\/03\/cropped-logo.png\",\"width\":374,\"height\":90,\"caption\":\"Infoecos\"},\"image\":{\"@id\":\"https:\/\/infoecos.com.ar\/#\/schema\/logo\/image\/\"},\"sameAs\":[\"https:\/\/www.facebook.com\/profile.php?id=100063200290284\",\"https:\/\/x.com\/infoecos\"]},{\"@type\":\"Person\",\"@id\":\"https:\/\/infoecos.com.ar\/#\/schema\/person\/8f5ace5ce73b4b4aac4b7245aee6f191\",\"name\":\"Jorge Matheus\",\"url\":\"https:\/\/infoecos.com.ar\/index.php\/author\/jomatheus\/\"}]}<\/script>\n<!-- \/ Yoast SEO plugin. -->","yoast_head_json":{"title":"Apareci\u00f3 en Trenque Lauquen un militar que hab\u00eda desaparecido de Punta Alta - Infoecos","robots":{"index":"index","follow":"follow","max-snippet":"max-snippet:-1","max-image-preview":"max-image-preview:large","max-video-preview":"max-video-preview:-1"},"canonical":"https:\/\/infoecos.com.ar\/index.php\/aparecio-en-trenque-lauquen-un-militar-que-habia-desaparecido-de-punta-alta\/","og_locale":"es_ES","og_type":"article","og_title":"Apareci\u00f3 en Trenque Lauquen un militar que hab\u00eda desaparecido de Punta Alta - Infoecos","og_description":"El dato de que estaba en Trenque Lauquen, a unos 350 km de Punta Alta, surgi\u00f3 por un movimiento de su cuenta bancaria que fue registrado por las autoridades","og_url":"https:\/\/infoecos.com.ar\/index.php\/aparecio-en-trenque-lauquen-un-militar-que-habia-desaparecido-de-punta-alta\/","og_site_name":"Infoecos","article_publisher":"https:\/\/www.facebook.com\/profile.php?id=100063200290284","article_published_time":"2022-09-02T06:17:59+00:00","article_modified_time":"2022-09-02T08:25:48+00:00","og_image":[{"width":880,"height":512,"url":"https:\/\/infoecos.com.ar\/wp-content\/uploads\/2022\/09\/belmonte.jpg","type":"image\/jpeg"}],"author":"Jorge Matheus","twitter_card":"summary_large_image","twitter_creator":"@infoecos","twitter_site":"@infoecos","twitter_misc":{"Escrito por":"Jorge Matheus","Tiempo de lectura":"1 minuto"},"schema":{"@context":"https:\/\/schema.org","@graph":[{"@type":"Article","@id":"https:\/\/infoecos.com.ar\/index.php\/aparecio-en-trenque-lauquen-un-militar-que-habia-desaparecido-de-punta-alta\/#article","isPartOf":{"@id":"https:\/\/infoecos.com.ar\/index.php\/aparecio-en-trenque-lauquen-un-militar-que-habia-desaparecido-de-punta-alta\/"},"author":{"name":"Jorge Matheus","@id":"https:\/\/infoecos.com.ar\/#\/schema\/person\/8f5ace5ce73b4b4aac4b7245aee6f191"},"headline":"Apareci\u00f3 en Trenque Lauquen un militar que hab\u00eda desaparecido de Punta Alta","datePublished":"2022-09-02T06:17:59+00:00","dateModified":"2022-09-02T08:25:48+00:00","mainEntityOfPage":{"@id":"https:\/\/infoecos.com.ar\/index.php\/aparecio-en-trenque-lauquen-un-militar-que-habia-desaparecido-de-punta-alta\/"},"wordCount":241,"publisher":{"@id":"https:\/\/infoecos.com.ar\/#organization"},"image":{"@id":"https:\/\/infoecos.com.ar\/index.php\/aparecio-en-trenque-lauquen-un-militar-que-habia-desaparecido-de-punta-alta\/#primaryimage"},"thumbnailUrl":"https:\/\/infoecos.com.ar\/wp-content\/uploads\/2022\/09\/belmonte.jpg","keywords":["SE SUPO ESTE JUEVES"],"articleSection":["C2 N3"],"inLanguage":"es"},{"@type":"WebPage","@id":"https:\/\/infoecos.com.ar\/index.php\/aparecio-en-trenque-lauquen-un-militar-que-habia-desaparecido-de-punta-alta\/","url":"https:\/\/infoecos.com.ar\/index.php\/aparecio-en-trenque-lauquen-un-militar-que-habia-desaparecido-de-punta-alta\/","name":"Apareci\u00f3 en Trenque Lauquen un militar que hab\u00eda desaparecido de Punta Alta - Infoecos","isPartOf":{"@id":"https:\/\/infoecos.com.ar\/#website"},"primaryImageOfPage":{"@id":"https:\/\/infoecos.com.ar\/index.php\/aparecio-en-trenque-lauquen-un-militar-que-habia-desaparecido-de-punta-alta\/#primaryimage"},"image":{"@id":"https:\/\/infoecos.com.ar\/index.php\/aparecio-en-trenque-lauquen-un-militar-que-habia-desaparecido-de-punta-alta\/#primaryimage"},"thumbnailUrl":"https:\/\/infoecos.com.ar\/wp-content\/uploads\/2022\/09\/belmonte.jpg","datePublished":"2022-09-02T06:17:59+00:00","dateModified":"2022-09-02T08:25:48+00:00","breadcrumb":{"@id":"https:\/\/infoecos.com.ar\/index.php\/aparecio-en-trenque-lauquen-un-militar-que-habia-desaparecido-de-punta-alta\/#breadcrumb"},"inLanguage":"es","potentialAction":[{"@type":"ReadAction","target":["https:\/\/infoecos.com.ar\/index.php\/aparecio-en-trenque-lauquen-un-militar-que-habia-desaparecido-de-punta-alta\/"]}]},{"@type":"ImageObject","inLanguage":"es","@id":"https:\/\/infoecos.com.ar\/index.php\/aparecio-en-trenque-lauquen-un-militar-que-habia-desaparecido-de-punta-alta\/#primaryimage","url":"https:\/\/infoecos.com.ar\/wp-content\/uploads\/2022\/09\/belmonte.jpg","contentUrl":"https:\/\/infoecos.com.ar\/wp-content\/uploads\/2022\/09\/belmonte.jpg","width":880,"height":512},{"@type":"BreadcrumbList","@id":"https:\/\/infoecos.com.ar\/index.php\/aparecio-en-trenque-lauquen-un-militar-que-habia-desaparecido-de-punta-alta\/#breadcrumb","itemListElement":[{"@type":"ListItem","position":1,"name":"Portada","item":"https:\/\/infoecos.com.ar\/"},{"@type":"ListItem","position":2,"name":"Apareci\u00f3 en Trenque Lauquen un militar que hab\u00eda desaparecido de Punta Alta"}]},{"@type":"WebSite","@id":"https:\/\/infoecos.com.ar\/#website","url":"https:\/\/infoecos.com.ar\/","name":"Infoecos","description":"Noticias de trenque lauquen y la zona","publisher":{"@id":"https:\/\/infoecos.com.ar\/#organization"},"alternateName":"Noticias","potentialAction":[{"@type":"SearchAction","target":{"@type":"EntryPoint","urlTemplate":"https:\/\/infoecos.com.ar\/?s={search_term_string}"},"query-input":{"@type":"PropertyValueSpecification","valueRequired":true,"valueName":"search_term_string"}}],"inLanguage":"es"},{"@type":"Organization","@id":"https:\/\/infoecos.com.ar\/#organization","name":"Infoecos","alternateName":"Noticias","url":"https:\/\/infoecos.com.ar\/","logo":{"@type":"ImageObject","inLanguage":"es","@id":"https:\/\/infoecos.com.ar\/#\/schema\/logo\/image\/","url":"https:\/\/infoecos.com.ar\/wp-content\/uploads\/2024\/03\/cropped-logo.png","contentUrl":"https:\/\/infoecos.com.ar\/wp-content\/uploads\/2024\/03\/cropped-logo.png","width":374,"height":90,"caption":"Infoecos"},"image":{"@id":"https:\/\/infoecos.com.ar\/#\/schema\/logo\/image\/"},"sameAs":["https:\/\/www.facebook.com\/profile.php?id=100063200290284","https:\/\/x.com\/infoecos"]},{"@type":"Person","@id":"https:\/\/infoecos.com.ar\/#\/schema\/person\/8f5ace5ce73b4b4aac4b7245aee6f191","name":"Jorge Matheus","url":"https:\/\/infoecos.com.ar\/index.php\/author\/jomatheus\/"}]}},"featured_image_urls":{"full":["https:\/\/infoecos.com.ar\/wp-content\/uploads\/2022\/09\/belmonte.jpg",880,512,false],"thumbnail":["https:\/\/infoecos.com.ar\/wp-content\/uploads\/2022\/09\/belmonte-150x150.jpg",150,150,true],"medium":["https:\/\/infoecos.com.ar\/wp-content\/uploads\/2022\/09\/belmonte-460x268.jpg",460,268,true],"medium_large":["https:\/\/infoecos.com.ar\/wp-content\/uploads\/2022\/09\/belmonte-768x447.jpg",640,373,true],"large":["https:\/\/infoecos.com.ar\/wp-content\/uploads\/2022\/09\/belmonte.jpg",640,372,false],"1536x1536":["https:\/\/infoecos.com.ar\/wp-content\/uploads\/2022\/09\/belmonte.jpg",880,512,false],"2048x2048":["https:\/\/infoecos.com.ar\/wp-content\/uploads\/2022\/09\/belmonte.jpg",880,512,false],"covernews-slider-full":["https:\/\/infoecos.com.ar\/wp-content\/uploads\/2022\/09\/belmonte.jpg",880,512,false],"covernews-slider-center":["https:\/\/infoecos.com.ar\/wp-content\/uploads\/2022\/09\/belmonte.jpg",800,465,false],"covernews-featured":["https:\/\/infoecos.com.ar\/wp-content\/uploads\/2022\/09\/belmonte.jpg",880,512,false],"covernews-medium":["https:\/\/infoecos.com.ar\/wp-content\/uploads\/2022\/09\/belmonte-720x380.jpg",540,285,true],"covernews-medium-square":["https:\/\/infoecos.com.ar\/wp-content\/uploads\/2022\/09\/belmonte-675x450.jpg",375,250,true]},"author_info":{"info":["Jorge Matheus"]},"category_info":"<a href=\"https:\/\/infoecos.com.ar\/index.php\/category\/c2nota3\/\" rel=\"category tag\">C2 N3<\/a>","tag_info":"C2 N3","comment_count":"0","_links":{"self":[{"href":"https:\/\/infoecos.com.ar\/index.php\/wp-json\/wp\/v2\/posts\/97265"}],"collection":[{"href":"https:\/\/infoecos.com.ar\/index.php\/wp-json\/wp\/v2\/posts"}],"about":[{"href":"https:\/\/infoecos.com.ar\/index.php\/wp-json\/wp\/v2\/types\/post"}],"author":[{"embeddable":true,"href":"https:\/\/infoecos.com.ar\/index.php\/wp-json\/wp\/v2\/users\/2"}],"replies":[{"embeddable":true,"href":"https:\/\/infoecos.com.ar\/index.php\/wp-json\/wp\/v2\/comments?post=97265"}],"version-history":[{"count":1,"href":"https:\/\/infoecos.com.ar\/index.php\/wp-json\/wp\/v2\/posts\/97265\/revisions"}],"predecessor-version":[{"id":97267,"href":"https:\/\/infoecos.com.ar\/index.php\/wp-json\/wp\/v2\/posts\/97265\/revisions\/97267"}],"wp:featuredmedia":[{"embeddable":true,"href":"https:\/\/infoecos.com.ar\/index.php\/wp-json\/wp\/v2\/media\/97266"}],"wp:attachment":[{"href":"https:\/\/infoecos.com.ar\/index.php\/wp-json\/wp\/v2\/media?parent=97265"}],"wp:term":[{"taxonomy":"category","embeddable":true,"href":"https:\/\/infoecos.com.ar\/index.php\/wp-json\/wp\/v2\/categories?post=97265"},{"taxonomy":"post_tag","embeddable":true,"href":"https:\/\/infoecos.com.ar\/index.php\/wp-json\/wp\/v2\/tags?post=97265"}],"curies":[{"name":"wp","href":"https:\/\/api.w.org\/{rel}","templated":true}]}}