{"id":97289,"date":"2022-09-02T04:58:32","date_gmt":"2022-09-02T07:58:32","guid":{"rendered":"http:\/\/infoecos.com.ar\/?p=97289"},"modified":"2022-09-02T04:58:41","modified_gmt":"2022-09-02T07:58:41","slug":"vandalismo-en-el-parque-municipal-conrado-villegas-de-trenque-lauquen","status":"publish","type":"post","link":"https:\/\/infoecos.com.ar\/index.php\/vandalismo-en-el-parque-municipal-conrado-villegas-de-trenque-lauquen\/","title":{"rendered":"Vandalismo en el Parque Municipal Conrado Villegas de Trenque Lauquen"},"content":{"rendered":"\n<p>Otro hecho de vandalismo se produjo, alrededor de las 18.30 del mi\u00e9rcoles, en el Parque Municipal Conrado Villegas, en el sector del Museo Hist\u00f3rico Regional y el Fort\u00edn 12 de abril, cuando intencionalmente encendieron fuego.<\/p>\n\n\n\n<figure class=\"wp-block-image aligncenter size-large is-resized\"><img loading=\"lazy\" decoding=\"async\" src=\"http:\/\/infoecos.com.ar\/wp-content\/uploads\/2022\/09\/Vandalismo-en-el-Fortin-1-920x690.jpeg\" alt=\"\" class=\"wp-image-97290\" width=\"327\" height=\"245\" srcset=\"https:\/\/infoecos.com.ar\/wp-content\/uploads\/2022\/09\/Vandalismo-en-el-Fortin-1-920x690.jpeg 920w, https:\/\/infoecos.com.ar\/wp-content\/uploads\/2022\/09\/Vandalismo-en-el-Fortin-1-460x345.jpeg 460w, https:\/\/infoecos.com.ar\/wp-content\/uploads\/2022\/09\/Vandalismo-en-el-Fortin-1-768x576.jpeg 768w, https:\/\/infoecos.com.ar\/wp-content\/uploads\/2022\/09\/Vandalismo-en-el-Fortin-1-1024x768.jpeg 1024w, https:\/\/infoecos.com.ar\/wp-content\/uploads\/2022\/09\/Vandalismo-en-el-Fortin-1.jpeg 1280w\" sizes=\"(max-width: 327px) 100vw, 327px\" \/><\/figure>\n\n\n\n<p>Personal municipal fue alertado de lo ocurrido y la r\u00e1pida asistencia de los Bomberos Voluntarios de Trenque Lauquen permiti\u00f3 controlar el incidente y evitar que las llamas alcanzaran el Fort\u00edn y el Mangrullo, con el perjuicio que eso hubiera representado m\u00e1s all\u00e1 del da\u00f1o material. Ya se radic\u00f3 la denuncia correspondiente.<\/p>\n\n\n\n<figure class=\"wp-block-image aligncenter size-large is-resized\"><img loading=\"lazy\" decoding=\"async\" src=\"http:\/\/infoecos.com.ar\/wp-content\/uploads\/2022\/09\/Vandalismo-en-el-Fortin-3-920x605.jpeg\" alt=\"\" class=\"wp-image-97291\" width=\"332\" height=\"218\" srcset=\"https:\/\/infoecos.com.ar\/wp-content\/uploads\/2022\/09\/Vandalismo-en-el-Fortin-3-920x605.jpeg 920w, https:\/\/infoecos.com.ar\/wp-content\/uploads\/2022\/09\/Vandalismo-en-el-Fortin-3-460x303.jpeg 460w, https:\/\/infoecos.com.ar\/wp-content\/uploads\/2022\/09\/Vandalismo-en-el-Fortin-3-768x505.jpeg 768w, https:\/\/infoecos.com.ar\/wp-content\/uploads\/2022\/09\/Vandalismo-en-el-Fortin-3-1024x674.jpeg 1024w, https:\/\/infoecos.com.ar\/wp-content\/uploads\/2022\/09\/Vandalismo-en-el-Fortin-3.jpeg 1193w\" sizes=\"(max-width: 332px) 100vw, 332px\" \/><\/figure>\n\n\n\n<p>Hace poco m\u00e1s dos semanas, durante un fin de semana largo, tambi\u00e9n se hab\u00eda vandalizado el Paseo de las Maquinarias Agr\u00edcolas y el Museo Hist\u00f3rico Regional, con roturas y pintadas.<\/p>\n\n\n\n<figure class=\"wp-block-image aligncenter size-large is-resized\"><img loading=\"lazy\" decoding=\"async\" src=\"http:\/\/infoecos.com.ar\/wp-content\/uploads\/2022\/09\/Vandalismo-en-el-Fortin-2-920x643.jpeg\" alt=\"\" class=\"wp-image-97292\" width=\"335\" height=\"234\" srcset=\"https:\/\/infoecos.com.ar\/wp-content\/uploads\/2022\/09\/Vandalismo-en-el-Fortin-2-920x643.jpeg 920w, https:\/\/infoecos.com.ar\/wp-content\/uploads\/2022\/09\/Vandalismo-en-el-Fortin-2-460x321.jpeg 460w, https:\/\/infoecos.com.ar\/wp-content\/uploads\/2022\/09\/Vandalismo-en-el-Fortin-2-768x536.jpeg 768w, https:\/\/infoecos.com.ar\/wp-content\/uploads\/2022\/09\/Vandalismo-en-el-Fortin-2-1024x715.jpeg 1024w, https:\/\/infoecos.com.ar\/wp-content\/uploads\/2022\/09\/Vandalismo-en-el-Fortin-2.jpeg 1187w\" sizes=\"(max-width: 335px) 100vw, 335px\" \/><\/figure>\n\n\n\n<p>Aunque no deber\u00eda ser necesario decirlo, reiteramos una vez m\u00e1s que lo p\u00fablico es de todos y que debemos cuidarlo. Tenemos que tomar definitivamente conciencia como comunidad de eso.<\/p>\n\n\n\n<p><strong>Nota del \u00e1rea de prensa municipal de Trenque Lauquen<\/strong><\/p>\n","protected":false},"excerpt":{"rendered":"<p>Personal municipal fue alertado de lo ocurrido y la r\u00e1pida asistencia de los Bomberos Voluntarios de Trenque Lauquen permiti\u00f3 controlar el incidente y evitar que las llamas alcanzaran el Fort\u00edn y el Mangrullo<\/p>\n","protected":false},"author":2,"featured_media":97291,"comment_status":"closed","ping_status":"open","sticky":false,"template":"","format":"standard","meta":{"footnotes":""},"categories":[197],"tags":[6697],"class_list":["post-97289","post","type-post","status-publish","format-standard","has-post-thumbnail","hentry","category-c3nota4","tag-fue-el-miercoles"],"yoast_head":"<!-- This site is optimized with the Yoast SEO plugin v23.4 - https:\/\/yoast.com\/wordpress\/plugins\/seo\/ -->\n<title>Vandalismo en el Parque Municipal Conrado Villegas de Trenque Lauquen - Infoecos<\/title>\n<meta name=\"robots\" content=\"index, follow, max-snippet:-1, max-image-preview:large, max-video-preview:-1\" \/>\n<link rel=\"canonical\" href=\"https:\/\/infoecos.com.ar\/index.php\/vandalismo-en-el-parque-municipal-conrado-villegas-de-trenque-lauquen\/\" \/>\n<meta property=\"og:locale\" content=\"es_ES\" \/>\n<meta property=\"og:type\" content=\"article\" \/>\n<meta property=\"og:title\" content=\"Vandalismo en el Parque Municipal Conrado Villegas de Trenque Lauquen - Infoecos\" \/>\n<meta property=\"og:description\" content=\"Personal municipal fue alertado de lo ocurrido y la r\u00e1pida asistencia de los Bomberos Voluntarios de Trenque Lauquen permiti\u00f3 controlar el incidente y evitar que las llamas alcanzaran el Fort\u00edn y el Mangrullo\" \/>\n<meta property=\"og:url\" content=\"https:\/\/infoecos.com.ar\/index.php\/vandalismo-en-el-parque-municipal-conrado-villegas-de-trenque-lauquen\/\" \/>\n<meta property=\"og:site_name\" content=\"Infoecos\" \/>\n<meta property=\"article:publisher\" content=\"https:\/\/www.facebook.com\/profile.php?id=100063200290284\" \/>\n<meta property=\"article:published_time\" content=\"2022-09-02T07:58:32+00:00\" \/>\n<meta property=\"article:modified_time\" content=\"2022-09-02T07:58:41+00:00\" \/>\n<meta property=\"og:image\" content=\"https:\/\/infoecos.com.ar\/wp-content\/uploads\/2022\/09\/Vandalismo-en-el-Fortin-3.jpeg\" \/>\n\t<meta property=\"og:image:width\" content=\"1193\" \/>\n\t<meta property=\"og:image:height\" content=\"785\" \/>\n\t<meta property=\"og:image:type\" content=\"image\/jpeg\" \/>\n<meta name=\"author\" content=\"Jorge Matheus\" \/>\n<meta name=\"twitter:card\" content=\"summary_large_image\" \/>\n<meta name=\"twitter:creator\" content=\"@infoecos\" \/>\n<meta name=\"twitter:site\" content=\"@infoecos\" \/>\n<meta name=\"twitter:label1\" content=\"Escrito por\" \/>\n\t<meta name=\"twitter:data1\" content=\"Jorge Matheus\" \/>\n\t<meta name=\"twitter:label2\" content=\"Tiempo de lectura\" \/>\n\t<meta name=\"twitter:data2\" content=\"1 minuto\" \/>\n<script type=\"application\/ld+json\" class=\"yoast-schema-graph\">{\"@context\":\"https:\/\/schema.org\",\"@graph\":[{\"@type\":\"Article\",\"@id\":\"https:\/\/infoecos.com.ar\/index.php\/vandalismo-en-el-parque-municipal-conrado-villegas-de-trenque-lauquen\/#article\",\"isPartOf\":{\"@id\":\"https:\/\/infoecos.com.ar\/index.php\/vandalismo-en-el-parque-municipal-conrado-villegas-de-trenque-lauquen\/\"},\"author\":{\"name\":\"Jorge Matheus\",\"@id\":\"https:\/\/infoecos.com.ar\/#\/schema\/person\/8f5ace5ce73b4b4aac4b7245aee6f191\"},\"headline\":\"Vandalismo en el Parque Municipal Conrado Villegas de Trenque Lauquen\",\"datePublished\":\"2022-09-02T07:58:32+00:00\",\"dateModified\":\"2022-09-02T07:58:41+00:00\",\"mainEntityOfPage\":{\"@id\":\"https:\/\/infoecos.com.ar\/index.php\/vandalismo-en-el-parque-municipal-conrado-villegas-de-trenque-lauquen\/\"},\"wordCount\":177,\"publisher\":{\"@id\":\"https:\/\/infoecos.com.ar\/#organization\"},\"image\":{\"@id\":\"https:\/\/infoecos.com.ar\/index.php\/vandalismo-en-el-parque-municipal-conrado-villegas-de-trenque-lauquen\/#primaryimage\"},\"thumbnailUrl\":\"https:\/\/infoecos.com.ar\/wp-content\/uploads\/2022\/09\/Vandalismo-en-el-Fortin-3.jpeg\",\"keywords\":[\"FUE EL MI\u00c9RCOLES\"],\"articleSection\":[\"C3 N4\"],\"inLanguage\":\"es\"},{\"@type\":\"WebPage\",\"@id\":\"https:\/\/infoecos.com.ar\/index.php\/vandalismo-en-el-parque-municipal-conrado-villegas-de-trenque-lauquen\/\",\"url\":\"https:\/\/infoecos.com.ar\/index.php\/vandalismo-en-el-parque-municipal-conrado-villegas-de-trenque-lauquen\/\",\"name\":\"Vandalismo en el Parque Municipal Conrado Villegas de Trenque Lauquen - Infoecos\",\"isPartOf\":{\"@id\":\"https:\/\/infoecos.com.ar\/#website\"},\"primaryImageOfPage\":{\"@id\":\"https:\/\/infoecos.com.ar\/index.php\/vandalismo-en-el-parque-municipal-conrado-villegas-de-trenque-lauquen\/#primaryimage\"},\"image\":{\"@id\":\"https:\/\/infoecos.com.ar\/index.php\/vandalismo-en-el-parque-municipal-conrado-villegas-de-trenque-lauquen\/#primaryimage\"},\"thumbnailUrl\":\"https:\/\/infoecos.com.ar\/wp-content\/uploads\/2022\/09\/Vandalismo-en-el-Fortin-3.jpeg\",\"datePublished\":\"2022-09-02T07:58:32+00:00\",\"dateModified\":\"2022-09-02T07:58:41+00:00\",\"breadcrumb\":{\"@id\":\"https:\/\/infoecos.com.ar\/index.php\/vandalismo-en-el-parque-municipal-conrado-villegas-de-trenque-lauquen\/#breadcrumb\"},\"inLanguage\":\"es\",\"potentialAction\":[{\"@type\":\"ReadAction\",\"target\":[\"https:\/\/infoecos.com.ar\/index.php\/vandalismo-en-el-parque-municipal-conrado-villegas-de-trenque-lauquen\/\"]}]},{\"@type\":\"ImageObject\",\"inLanguage\":\"es\",\"@id\":\"https:\/\/infoecos.com.ar\/index.php\/vandalismo-en-el-parque-municipal-conrado-villegas-de-trenque-lauquen\/#primaryimage\",\"url\":\"https:\/\/infoecos.com.ar\/wp-content\/uploads\/2022\/09\/Vandalismo-en-el-Fortin-3.jpeg\",\"contentUrl\":\"https:\/\/infoecos.com.ar\/wp-content\/uploads\/2022\/09\/Vandalismo-en-el-Fortin-3.jpeg\",\"width\":1193,\"height\":785},{\"@type\":\"BreadcrumbList\",\"@id\":\"https:\/\/infoecos.com.ar\/index.php\/vandalismo-en-el-parque-municipal-conrado-villegas-de-trenque-lauquen\/#breadcrumb\",\"itemListElement\":[{\"@type\":\"ListItem\",\"position\":1,\"name\":\"Portada\",\"item\":\"https:\/\/infoecos.com.ar\/\"},{\"@type\":\"ListItem\",\"position\":2,\"name\":\"Vandalismo en el Parque Municipal Conrado Villegas de Trenque Lauquen\"}]},{\"@type\":\"WebSite\",\"@id\":\"https:\/\/infoecos.com.ar\/#website\",\"url\":\"https:\/\/infoecos.com.ar\/\",\"name\":\"Infoecos\",\"description\":\"Noticias de trenque lauquen y la zona\",\"publisher\":{\"@id\":\"https:\/\/infoecos.com.ar\/#organization\"},\"alternateName\":\"Noticias\",\"potentialAction\":[{\"@type\":\"SearchAction\",\"target\":{\"@type\":\"EntryPoint\",\"urlTemplate\":\"https:\/\/infoecos.com.ar\/?s={search_term_string}\"},\"query-input\":{\"@type\":\"PropertyValueSpecification\",\"valueRequired\":true,\"valueName\":\"search_term_string\"}}],\"inLanguage\":\"es\"},{\"@type\":\"Organization\",\"@id\":\"https:\/\/infoecos.com.ar\/#organization\",\"name\":\"Infoecos\",\"alternateName\":\"Noticias\",\"url\":\"https:\/\/infoecos.com.ar\/\",\"logo\":{\"@type\":\"ImageObject\",\"inLanguage\":\"es\",\"@id\":\"https:\/\/infoecos.com.ar\/#\/schema\/logo\/image\/\",\"url\":\"https:\/\/infoecos.com.ar\/wp-content\/uploads\/2024\/03\/cropped-logo.png\",\"contentUrl\":\"https:\/\/infoecos.com.ar\/wp-content\/uploads\/2024\/03\/cropped-logo.png\",\"width\":374,\"height\":90,\"caption\":\"Infoecos\"},\"image\":{\"@id\":\"https:\/\/infoecos.com.ar\/#\/schema\/logo\/image\/\"},\"sameAs\":[\"https:\/\/www.facebook.com\/profile.php?id=100063200290284\",\"https:\/\/x.com\/infoecos\"]},{\"@type\":\"Person\",\"@id\":\"https:\/\/infoecos.com.ar\/#\/schema\/person\/8f5ace5ce73b4b4aac4b7245aee6f191\",\"name\":\"Jorge Matheus\",\"url\":\"https:\/\/infoecos.com.ar\/index.php\/author\/jomatheus\/\"}]}<\/script>\n<!-- \/ Yoast SEO plugin. -->","yoast_head_json":{"title":"Vandalismo en el Parque Municipal Conrado Villegas de Trenque Lauquen - Infoecos","robots":{"index":"index","follow":"follow","max-snippet":"max-snippet:-1","max-image-preview":"max-image-preview:large","max-video-preview":"max-video-preview:-1"},"canonical":"https:\/\/infoecos.com.ar\/index.php\/vandalismo-en-el-parque-municipal-conrado-villegas-de-trenque-lauquen\/","og_locale":"es_ES","og_type":"article","og_title":"Vandalismo en el Parque Municipal Conrado Villegas de Trenque Lauquen - Infoecos","og_description":"Personal municipal fue alertado de lo ocurrido y la r\u00e1pida asistencia de los Bomberos Voluntarios de Trenque Lauquen permiti\u00f3 controlar el incidente y evitar que las llamas alcanzaran el Fort\u00edn y el Mangrullo","og_url":"https:\/\/infoecos.com.ar\/index.php\/vandalismo-en-el-parque-municipal-conrado-villegas-de-trenque-lauquen\/","og_site_name":"Infoecos","article_publisher":"https:\/\/www.facebook.com\/profile.php?id=100063200290284","article_published_time":"2022-09-02T07:58:32+00:00","article_modified_time":"2022-09-02T07:58:41+00:00","og_image":[{"width":1193,"height":785,"url":"https:\/\/infoecos.com.ar\/wp-content\/uploads\/2022\/09\/Vandalismo-en-el-Fortin-3.jpeg","type":"image\/jpeg"}],"author":"Jorge Matheus","twitter_card":"summary_large_image","twitter_creator":"@infoecos","twitter_site":"@infoecos","twitter_misc":{"Escrito por":"Jorge Matheus","Tiempo de lectura":"1 minuto"},"schema":{"@context":"https:\/\/schema.org","@graph":[{"@type":"Article","@id":"https:\/\/infoecos.com.ar\/index.php\/vandalismo-en-el-parque-municipal-conrado-villegas-de-trenque-lauquen\/#article","isPartOf":{"@id":"https:\/\/infoecos.com.ar\/index.php\/vandalismo-en-el-parque-municipal-conrado-villegas-de-trenque-lauquen\/"},"author":{"name":"Jorge Matheus","@id":"https:\/\/infoecos.com.ar\/#\/schema\/person\/8f5ace5ce73b4b4aac4b7245aee6f191"},"headline":"Vandalismo en el Parque Municipal Conrado Villegas de Trenque Lauquen","datePublished":"2022-09-02T07:58:32+00:00","dateModified":"2022-09-02T07:58:41+00:00","mainEntityOfPage":{"@id":"https:\/\/infoecos.com.ar\/index.php\/vandalismo-en-el-parque-municipal-conrado-villegas-de-trenque-lauquen\/"},"wordCount":177,"publisher":{"@id":"https:\/\/infoecos.com.ar\/#organization"},"image":{"@id":"https:\/\/infoecos.com.ar\/index.php\/vandalismo-en-el-parque-municipal-conrado-villegas-de-trenque-lauquen\/#primaryimage"},"thumbnailUrl":"https:\/\/infoecos.com.ar\/wp-content\/uploads\/2022\/09\/Vandalismo-en-el-Fortin-3.jpeg","keywords":["FUE EL MI\u00c9RCOLES"],"articleSection":["C3 N4"],"inLanguage":"es"},{"@type":"WebPage","@id":"https:\/\/infoecos.com.ar\/index.php\/vandalismo-en-el-parque-municipal-conrado-villegas-de-trenque-lauquen\/","url":"https:\/\/infoecos.com.ar\/index.php\/vandalismo-en-el-parque-municipal-conrado-villegas-de-trenque-lauquen\/","name":"Vandalismo en el Parque Municipal Conrado Villegas de Trenque Lauquen - Infoecos","isPartOf":{"@id":"https:\/\/infoecos.com.ar\/#website"},"primaryImageOfPage":{"@id":"https:\/\/infoecos.com.ar\/index.php\/vandalismo-en-el-parque-municipal-conrado-villegas-de-trenque-lauquen\/#primaryimage"},"image":{"@id":"https:\/\/infoecos.com.ar\/index.php\/vandalismo-en-el-parque-municipal-conrado-villegas-de-trenque-lauquen\/#primaryimage"},"thumbnailUrl":"https:\/\/infoecos.com.ar\/wp-content\/uploads\/2022\/09\/Vandalismo-en-el-Fortin-3.jpeg","datePublished":"2022-09-02T07:58:32+00:00","dateModified":"2022-09-02T07:58:41+00:00","breadcrumb":{"@id":"https:\/\/infoecos.com.ar\/index.php\/vandalismo-en-el-parque-municipal-conrado-villegas-de-trenque-lauquen\/#breadcrumb"},"inLanguage":"es","potentialAction":[{"@type":"ReadAction","target":["https:\/\/infoecos.com.ar\/index.php\/vandalismo-en-el-parque-municipal-conrado-villegas-de-trenque-lauquen\/"]}]},{"@type":"ImageObject","inLanguage":"es","@id":"https:\/\/infoecos.com.ar\/index.php\/vandalismo-en-el-parque-municipal-conrado-villegas-de-trenque-lauquen\/#primaryimage","url":"https:\/\/infoecos.com.ar\/wp-content\/uploads\/2022\/09\/Vandalismo-en-el-Fortin-3.jpeg","contentUrl":"https:\/\/infoecos.com.ar\/wp-content\/uploads\/2022\/09\/Vandalismo-en-el-Fortin-3.jpeg","width":1193,"height":785},{"@type":"BreadcrumbList","@id":"https:\/\/infoecos.com.ar\/index.php\/vandalismo-en-el-parque-municipal-conrado-villegas-de-trenque-lauquen\/#breadcrumb","itemListElement":[{"@type":"ListItem","position":1,"name":"Portada","item":"https:\/\/infoecos.com.ar\/"},{"@type":"ListItem","position":2,"name":"Vandalismo en el Parque Municipal Conrado Villegas de Trenque Lauquen"}]},{"@type":"WebSite","@id":"https:\/\/infoecos.com.ar\/#website","url":"https:\/\/infoecos.com.ar\/","name":"Infoecos","description":"Noticias de trenque lauquen y la zona","publisher":{"@id":"https:\/\/infoecos.com.ar\/#organization"},"alternateName":"Noticias","potentialAction":[{"@type":"SearchAction","target":{"@type":"EntryPoint","urlTemplate":"https:\/\/infoecos.com.ar\/?s={search_term_string}"},"query-input":{"@type":"PropertyValueSpecification","valueRequired":true,"valueName":"search_term_string"}}],"inLanguage":"es"},{"@type":"Organization","@id":"https:\/\/infoecos.com.ar\/#organization","name":"Infoecos","alternateName":"Noticias","url":"https:\/\/infoecos.com.ar\/","logo":{"@type":"ImageObject","inLanguage":"es","@id":"https:\/\/infoecos.com.ar\/#\/schema\/logo\/image\/","url":"https:\/\/infoecos.com.ar\/wp-content\/uploads\/2024\/03\/cropped-logo.png","contentUrl":"https:\/\/infoecos.com.ar\/wp-content\/uploads\/2024\/03\/cropped-logo.png","width":374,"height":90,"caption":"Infoecos"},"image":{"@id":"https:\/\/infoecos.com.ar\/#\/schema\/logo\/image\/"},"sameAs":["https:\/\/www.facebook.com\/profile.php?id=100063200290284","https:\/\/x.com\/infoecos"]},{"@type":"Person","@id":"https:\/\/infoecos.com.ar\/#\/schema\/person\/8f5ace5ce73b4b4aac4b7245aee6f191","name":"Jorge Matheus","url":"https:\/\/infoecos.com.ar\/index.php\/author\/jomatheus\/"}]}},"featured_image_urls":{"full":["https:\/\/infoecos.com.ar\/wp-content\/uploads\/2022\/09\/Vandalismo-en-el-Fortin-3.jpeg",1193,785,false],"thumbnail":["https:\/\/infoecos.com.ar\/wp-content\/uploads\/2022\/09\/Vandalismo-en-el-Fortin-3-150x150.jpeg",150,150,true],"medium":["https:\/\/infoecos.com.ar\/wp-content\/uploads\/2022\/09\/Vandalismo-en-el-Fortin-3-460x303.jpeg",460,303,true],"medium_large":["https:\/\/infoecos.com.ar\/wp-content\/uploads\/2022\/09\/Vandalismo-en-el-Fortin-3-768x505.jpeg",640,421,true],"large":["https:\/\/infoecos.com.ar\/wp-content\/uploads\/2022\/09\/Vandalismo-en-el-Fortin-3-920x605.jpeg",640,421,true],"1536x1536":["https:\/\/infoecos.com.ar\/wp-content\/uploads\/2022\/09\/Vandalismo-en-el-Fortin-3.jpeg",1193,785,false],"2048x2048":["https:\/\/infoecos.com.ar\/wp-content\/uploads\/2022\/09\/Vandalismo-en-el-Fortin-3.jpeg",1193,785,false],"covernews-slider-full":["https:\/\/infoecos.com.ar\/wp-content\/uploads\/2022\/09\/Vandalismo-en-el-Fortin-3.jpeg",1087,715,false],"covernews-slider-center":["https:\/\/infoecos.com.ar\/wp-content\/uploads\/2022\/09\/Vandalismo-en-el-Fortin-3-936x785.jpeg",596,500,true],"covernews-featured":["https:\/\/infoecos.com.ar\/wp-content\/uploads\/2022\/09\/Vandalismo-en-el-Fortin-3-1024x674.jpeg",1024,674,true],"covernews-medium":["https:\/\/infoecos.com.ar\/wp-content\/uploads\/2022\/09\/Vandalismo-en-el-Fortin-3-720x380.jpeg",540,285,true],"covernews-medium-square":["https:\/\/infoecos.com.ar\/wp-content\/uploads\/2022\/09\/Vandalismo-en-el-Fortin-3-675x450.jpeg",375,250,true]},"author_info":{"info":["Jorge Matheus"]},"category_info":"<a href=\"https:\/\/infoecos.com.ar\/index.php\/category\/c3nota4\/\" rel=\"category tag\">C3 N4<\/a>","tag_info":"C3 N4","comment_count":"0","_links":{"self":[{"href":"https:\/\/infoecos.com.ar\/index.php\/wp-json\/wp\/v2\/posts\/97289"}],"collection":[{"href":"https:\/\/infoecos.com.ar\/index.php\/wp-json\/wp\/v2\/posts"}],"about":[{"href":"https:\/\/infoecos.com.ar\/index.php\/wp-json\/wp\/v2\/types\/post"}],"author":[{"embeddable":true,"href":"https:\/\/infoecos.com.ar\/index.php\/wp-json\/wp\/v2\/users\/2"}],"replies":[{"embeddable":true,"href":"https:\/\/infoecos.com.ar\/index.php\/wp-json\/wp\/v2\/comments?post=97289"}],"version-history":[{"count":1,"href":"https:\/\/infoecos.com.ar\/index.php\/wp-json\/wp\/v2\/posts\/97289\/revisions"}],"predecessor-version":[{"id":97293,"href":"https:\/\/infoecos.com.ar\/index.php\/wp-json\/wp\/v2\/posts\/97289\/revisions\/97293"}],"wp:featuredmedia":[{"embeddable":true,"href":"https:\/\/infoecos.com.ar\/index.php\/wp-json\/wp\/v2\/media\/97291"}],"wp:attachment":[{"href":"https:\/\/infoecos.com.ar\/index.php\/wp-json\/wp\/v2\/media?parent=97289"}],"wp:term":[{"taxonomy":"category","embeddable":true,"href":"https:\/\/infoecos.com.ar\/index.php\/wp-json\/wp\/v2\/categories?post=97289"},{"taxonomy":"post_tag","embeddable":true,"href":"https:\/\/infoecos.com.ar\/index.php\/wp-json\/wp\/v2\/tags?post=97289"}],"curies":[{"name":"wp","href":"https:\/\/api.w.org\/{rel}","templated":true}]}}