{"id":97334,"date":"2022-09-06T01:29:21","date_gmt":"2022-09-06T04:29:21","guid":{"rendered":"http:\/\/infoecos.com.ar\/?p=97334"},"modified":"2022-09-06T01:29:22","modified_gmt":"2022-09-06T04:29:22","slug":"sergio-massa-esta-en-washington-y-hoy-inicia-una-serie-de-reuniones","status":"publish","type":"post","link":"https:\/\/infoecos.com.ar\/index.php\/sergio-massa-esta-en-washington-y-hoy-inicia-una-serie-de-reuniones\/","title":{"rendered":"Sergio Massa est\u00e1 en Washington y hoy inicia una serie de reuniones"},"content":{"rendered":"\n<p>El ministro de Econom\u00eda,\u00a0<strong>Sergio Massa<\/strong>, est\u00e1 en Washington.  Comenzar\u00e1 este martes oficialmente su actividad. <\/p>\n\n\n\n<figure class=\"wp-block-image alignright size-full is-resized\"><img loading=\"lazy\" decoding=\"async\" src=\"http:\/\/infoecos.com.ar\/wp-content\/uploads\/2022\/09\/image-19.png\" alt=\"\" class=\"wp-image-97335\" width=\"420\" height=\"236\" srcset=\"https:\/\/infoecos.com.ar\/wp-content\/uploads\/2022\/09\/image-19.png 655w, https:\/\/infoecos.com.ar\/wp-content\/uploads\/2022\/09\/image-19-460x258.png 460w\" sizes=\"(max-width: 420px) 100vw, 420px\" \/><\/figure>\n\n\n\n<p>El objetivo del viaje es atraer inversiones, reunirse con funcionarios del Gobierno de<strong>\u00a0Joe Biden<\/strong>\u00a0y dialogar con autoridades del<strong>\u00a0Fondo Monetario Internacional<\/strong>\u00a0y otros organismos multilaterales.<\/p>\n\n\n\n<p>Este lunes tambi\u00e9n comenzaron las reuniones del equipo t\u00e9cnico del Palacio de Hacienda con el staff del FMI, en un encuentro especial acordado a pesar de la celebraci\u00f3n del feriado del D\u00eda del Trabajador en los Estados Unidos.<\/p>\n\n\n\n<p>En la reuni\u00f3n de este lunes estuvo el secretario de Pol\u00edtica Econ\u00f3mica,\u00a0<strong>Gabriel Rubinstein<\/strong>, luego de que acompa\u00f1ara a Massa en la presentaci\u00f3n del nuevo esquema de d\u00f3lar soja, con el que el Gobierno busca que los productores concreten liquidaciones por un monto estimado en alrededor de US$5.000 millones.<\/p>\n\n\n\n<p>El eje del encuentro que comenz\u00f3 en Washington es la\u00a0<strong>segunda revisi\u00f3n del programa con el FMI<\/strong>, que tendr\u00e1 una agenda paralela a la de Massa en Washington y que tendr\u00e1 como punto m\u00e1ximo la reuni\u00f3n que mantendr\u00e1 con\u00a0<strong>Kristalina Georgieva<\/strong>\u00a0el pr\u00f3ximo lunes.<\/p>\n\n\n\n<p>La agenda que Massa desarrollar\u00e1 este martes en Washington, durante su primer d\u00eda de actividad en EEUU, contempla un desayuno de trabajo con&nbsp;<strong>Ricardo Z\u00fa\u00f1iga<\/strong>, subsecretario de Asuntos del Hemisferio Occidental del Departamento de Estado y enviado especial para el Tri\u00e1ngulo Norte.<\/p>\n\n\n\n<p>Tambi\u00e9n tiene previsto un encuentro de trabajo sobre inversiones con\u00a0<strong>Pablo Di Si<\/strong>, CEO de Volkswagen para Am\u00e9rica Latina, Canad\u00e1 y Estados Unidos; y con\u00a0<strong>Marcellus Puig<\/strong>, presidente VW Argentina.<\/p>\n\n\n\n<p>A esto se sumar\u00e1 una reuni\u00f3n de con<strong>\u00a0Arrow Augerot<\/strong>, directora de Asuntos Pol\u00edticos del\u00a0<strong>Grupo Amazo<\/strong>n, con eje en el tema\u00a0<strong>inversiones<\/strong>.<\/p>\n\n\n\n<figure class=\"wp-block-image alignright size-full is-resized\"><img loading=\"lazy\" decoding=\"async\" src=\"http:\/\/infoecos.com.ar\/wp-content\/uploads\/2022\/09\/image-20.png\" alt=\"\" class=\"wp-image-97336\" width=\"404\" height=\"289\" srcset=\"https:\/\/infoecos.com.ar\/wp-content\/uploads\/2022\/09\/image-20.png 680w, https:\/\/infoecos.com.ar\/wp-content\/uploads\/2022\/09\/image-20-460x329.png 460w\" sizes=\"(max-width: 404px) 100vw, 404px\" \/><\/figure>\n\n\n\n<p>Al mediod\u00eda Massa tiene previsto un almuerzo de trabajo con&nbsp;<strong>Jack Rosen<\/strong>, presidente del&nbsp;<strong>American Jewish Congress.<\/strong><\/p>\n\n\n\n<p>En las primeras horas de la tarde se reunir\u00e1 con&nbsp;<strong>Mauricio Claver-Carone<\/strong>, presidente del Banco Interamericano de Desarrollo (BID).<\/p>\n\n\n\n<p>Luego, junto con el ministro Lammens, llevar\u00e1 adelante una actividad de promoci\u00f3n de turismo receptivo organizado por el Instituto Nacional de Promoci\u00f3n Tur\u00edstica (Inprotur).<\/p>\n\n\n\n<p>Por \u00faltimo, Massa mantendr\u00e1 una cena de trabajo con\u00a0<strong>Juan Sebasti\u00e1n Gonz\u00e1lez<\/strong>, asesor especial del presidente<strong>\u00a0Joe Biden<\/strong>.<\/p>\n\n\n\n<p>Durante su estad\u00eda en EEUU, que se extender\u00e1 hasta el lunes 12 de septiembre, el titular del Palacio de Hacienda mantendr\u00e1 encuentros con varios funcionarios de la Casa Blanca, del Tesoro, empresarios e inversores de la econom\u00eda real y de organismos multilaterales.<\/p>\n","protected":false},"excerpt":{"rendered":"<p>Durante su estad\u00eda en EEUU el titular del Palacio de Hacienda mantendr\u00e1 encuentros con varios funcionarios de la Casa Blanca, del Tesoro, empresarios e inversores de la econom\u00eda real y de organismos multilaterales<\/p>\n","protected":false},"author":2,"featured_media":97335,"comment_status":"closed","ping_status":"open","sticky":false,"template":"","format":"standard","meta":{"footnotes":""},"categories":[48],"tags":[6709],"class_list":["post-97334","post","type-post","status-publish","format-standard","has-post-thumbnail","hentry","category-c2nota3","tag-la-visita-se-extendera-hasta-el-lunes"],"yoast_head":"<!-- This site is optimized with the Yoast SEO plugin v23.4 - https:\/\/yoast.com\/wordpress\/plugins\/seo\/ -->\n<title>Sergio Massa est\u00e1 en Washington y hoy inicia una serie de reuniones - Infoecos<\/title>\n<meta name=\"robots\" content=\"index, follow, max-snippet:-1, max-image-preview:large, max-video-preview:-1\" \/>\n<link rel=\"canonical\" href=\"https:\/\/infoecos.com.ar\/index.php\/sergio-massa-esta-en-washington-y-hoy-inicia-una-serie-de-reuniones\/\" \/>\n<meta property=\"og:locale\" content=\"es_ES\" \/>\n<meta property=\"og:type\" content=\"article\" \/>\n<meta property=\"og:title\" content=\"Sergio Massa est\u00e1 en Washington y hoy inicia una serie de reuniones - Infoecos\" \/>\n<meta property=\"og:description\" content=\"Durante su estad\u00eda en EEUU el titular del Palacio de Hacienda mantendr\u00e1 encuentros con varios funcionarios de la Casa Blanca, del Tesoro, empresarios e inversores de la econom\u00eda real y de organismos multilaterales\" \/>\n<meta property=\"og:url\" content=\"https:\/\/infoecos.com.ar\/index.php\/sergio-massa-esta-en-washington-y-hoy-inicia-una-serie-de-reuniones\/\" \/>\n<meta property=\"og:site_name\" content=\"Infoecos\" \/>\n<meta property=\"article:publisher\" content=\"https:\/\/www.facebook.com\/profile.php?id=100063200290284\" \/>\n<meta property=\"article:published_time\" content=\"2022-09-06T04:29:21+00:00\" \/>\n<meta property=\"article:modified_time\" content=\"2022-09-06T04:29:22+00:00\" \/>\n<meta property=\"og:image\" content=\"https:\/\/infoecos.com.ar\/wp-content\/uploads\/2022\/09\/image-19.png\" \/>\n\t<meta property=\"og:image:width\" content=\"655\" \/>\n\t<meta property=\"og:image:height\" content=\"368\" \/>\n\t<meta property=\"og:image:type\" content=\"image\/png\" \/>\n<meta name=\"author\" content=\"Jorge Matheus\" \/>\n<meta name=\"twitter:card\" content=\"summary_large_image\" \/>\n<meta name=\"twitter:creator\" content=\"@infoecos\" \/>\n<meta name=\"twitter:site\" content=\"@infoecos\" \/>\n<meta name=\"twitter:label1\" content=\"Escrito por\" \/>\n\t<meta name=\"twitter:data1\" content=\"Jorge Matheus\" \/>\n\t<meta name=\"twitter:label2\" content=\"Tiempo de lectura\" \/>\n\t<meta name=\"twitter:data2\" content=\"2 minutos\" \/>\n<script type=\"application\/ld+json\" class=\"yoast-schema-graph\">{\"@context\":\"https:\/\/schema.org\",\"@graph\":[{\"@type\":\"Article\",\"@id\":\"https:\/\/infoecos.com.ar\/index.php\/sergio-massa-esta-en-washington-y-hoy-inicia-una-serie-de-reuniones\/#article\",\"isPartOf\":{\"@id\":\"https:\/\/infoecos.com.ar\/index.php\/sergio-massa-esta-en-washington-y-hoy-inicia-una-serie-de-reuniones\/\"},\"author\":{\"name\":\"Jorge Matheus\",\"@id\":\"https:\/\/infoecos.com.ar\/#\/schema\/person\/8f5ace5ce73b4b4aac4b7245aee6f191\"},\"headline\":\"Sergio Massa est\u00e1 en Washington y hoy inicia una serie de reuniones\",\"datePublished\":\"2022-09-06T04:29:21+00:00\",\"dateModified\":\"2022-09-06T04:29:22+00:00\",\"mainEntityOfPage\":{\"@id\":\"https:\/\/infoecos.com.ar\/index.php\/sergio-massa-esta-en-washington-y-hoy-inicia-una-serie-de-reuniones\/\"},\"wordCount\":433,\"publisher\":{\"@id\":\"https:\/\/infoecos.com.ar\/#organization\"},\"image\":{\"@id\":\"https:\/\/infoecos.com.ar\/index.php\/sergio-massa-esta-en-washington-y-hoy-inicia-una-serie-de-reuniones\/#primaryimage\"},\"thumbnailUrl\":\"https:\/\/infoecos.com.ar\/wp-content\/uploads\/2022\/09\/image-19.png\",\"keywords\":[\"LA VISITA SE EXTENDER\u00c1 HASTA EL LUNES\"],\"articleSection\":[\"C2 N3\"],\"inLanguage\":\"es\"},{\"@type\":\"WebPage\",\"@id\":\"https:\/\/infoecos.com.ar\/index.php\/sergio-massa-esta-en-washington-y-hoy-inicia-una-serie-de-reuniones\/\",\"url\":\"https:\/\/infoecos.com.ar\/index.php\/sergio-massa-esta-en-washington-y-hoy-inicia-una-serie-de-reuniones\/\",\"name\":\"Sergio Massa est\u00e1 en Washington y hoy inicia una serie de reuniones - Infoecos\",\"isPartOf\":{\"@id\":\"https:\/\/infoecos.com.ar\/#website\"},\"primaryImageOfPage\":{\"@id\":\"https:\/\/infoecos.com.ar\/index.php\/sergio-massa-esta-en-washington-y-hoy-inicia-una-serie-de-reuniones\/#primaryimage\"},\"image\":{\"@id\":\"https:\/\/infoecos.com.ar\/index.php\/sergio-massa-esta-en-washington-y-hoy-inicia-una-serie-de-reuniones\/#primaryimage\"},\"thumbnailUrl\":\"https:\/\/infoecos.com.ar\/wp-content\/uploads\/2022\/09\/image-19.png\",\"datePublished\":\"2022-09-06T04:29:21+00:00\",\"dateModified\":\"2022-09-06T04:29:22+00:00\",\"breadcrumb\":{\"@id\":\"https:\/\/infoecos.com.ar\/index.php\/sergio-massa-esta-en-washington-y-hoy-inicia-una-serie-de-reuniones\/#breadcrumb\"},\"inLanguage\":\"es\",\"potentialAction\":[{\"@type\":\"ReadAction\",\"target\":[\"https:\/\/infoecos.com.ar\/index.php\/sergio-massa-esta-en-washington-y-hoy-inicia-una-serie-de-reuniones\/\"]}]},{\"@type\":\"ImageObject\",\"inLanguage\":\"es\",\"@id\":\"https:\/\/infoecos.com.ar\/index.php\/sergio-massa-esta-en-washington-y-hoy-inicia-una-serie-de-reuniones\/#primaryimage\",\"url\":\"https:\/\/infoecos.com.ar\/wp-content\/uploads\/2022\/09\/image-19.png\",\"contentUrl\":\"https:\/\/infoecos.com.ar\/wp-content\/uploads\/2022\/09\/image-19.png\",\"width\":655,\"height\":368},{\"@type\":\"BreadcrumbList\",\"@id\":\"https:\/\/infoecos.com.ar\/index.php\/sergio-massa-esta-en-washington-y-hoy-inicia-una-serie-de-reuniones\/#breadcrumb\",\"itemListElement\":[{\"@type\":\"ListItem\",\"position\":1,\"name\":\"Portada\",\"item\":\"https:\/\/infoecos.com.ar\/\"},{\"@type\":\"ListItem\",\"position\":2,\"name\":\"Sergio Massa est\u00e1 en Washington y hoy inicia una serie de reuniones\"}]},{\"@type\":\"WebSite\",\"@id\":\"https:\/\/infoecos.com.ar\/#website\",\"url\":\"https:\/\/infoecos.com.ar\/\",\"name\":\"Infoecos\",\"description\":\"Noticias de trenque lauquen y la zona\",\"publisher\":{\"@id\":\"https:\/\/infoecos.com.ar\/#organization\"},\"alternateName\":\"Noticias\",\"potentialAction\":[{\"@type\":\"SearchAction\",\"target\":{\"@type\":\"EntryPoint\",\"urlTemplate\":\"https:\/\/infoecos.com.ar\/?s={search_term_string}\"},\"query-input\":{\"@type\":\"PropertyValueSpecification\",\"valueRequired\":true,\"valueName\":\"search_term_string\"}}],\"inLanguage\":\"es\"},{\"@type\":\"Organization\",\"@id\":\"https:\/\/infoecos.com.ar\/#organization\",\"name\":\"Infoecos\",\"alternateName\":\"Noticias\",\"url\":\"https:\/\/infoecos.com.ar\/\",\"logo\":{\"@type\":\"ImageObject\",\"inLanguage\":\"es\",\"@id\":\"https:\/\/infoecos.com.ar\/#\/schema\/logo\/image\/\",\"url\":\"https:\/\/infoecos.com.ar\/wp-content\/uploads\/2024\/03\/cropped-logo.png\",\"contentUrl\":\"https:\/\/infoecos.com.ar\/wp-content\/uploads\/2024\/03\/cropped-logo.png\",\"width\":374,\"height\":90,\"caption\":\"Infoecos\"},\"image\":{\"@id\":\"https:\/\/infoecos.com.ar\/#\/schema\/logo\/image\/\"},\"sameAs\":[\"https:\/\/www.facebook.com\/profile.php?id=100063200290284\",\"https:\/\/x.com\/infoecos\"]},{\"@type\":\"Person\",\"@id\":\"https:\/\/infoecos.com.ar\/#\/schema\/person\/8f5ace5ce73b4b4aac4b7245aee6f191\",\"name\":\"Jorge Matheus\",\"url\":\"https:\/\/infoecos.com.ar\/index.php\/author\/jomatheus\/\"}]}<\/script>\n<!-- \/ Yoast SEO plugin. -->","yoast_head_json":{"title":"Sergio Massa est\u00e1 en Washington y hoy inicia una serie de reuniones - Infoecos","robots":{"index":"index","follow":"follow","max-snippet":"max-snippet:-1","max-image-preview":"max-image-preview:large","max-video-preview":"max-video-preview:-1"},"canonical":"https:\/\/infoecos.com.ar\/index.php\/sergio-massa-esta-en-washington-y-hoy-inicia-una-serie-de-reuniones\/","og_locale":"es_ES","og_type":"article","og_title":"Sergio Massa est\u00e1 en Washington y hoy inicia una serie de reuniones - Infoecos","og_description":"Durante su estad\u00eda en EEUU el titular del Palacio de Hacienda mantendr\u00e1 encuentros con varios funcionarios de la Casa Blanca, del Tesoro, empresarios e inversores de la econom\u00eda real y de organismos multilaterales","og_url":"https:\/\/infoecos.com.ar\/index.php\/sergio-massa-esta-en-washington-y-hoy-inicia-una-serie-de-reuniones\/","og_site_name":"Infoecos","article_publisher":"https:\/\/www.facebook.com\/profile.php?id=100063200290284","article_published_time":"2022-09-06T04:29:21+00:00","article_modified_time":"2022-09-06T04:29:22+00:00","og_image":[{"width":655,"height":368,"url":"https:\/\/infoecos.com.ar\/wp-content\/uploads\/2022\/09\/image-19.png","type":"image\/png"}],"author":"Jorge Matheus","twitter_card":"summary_large_image","twitter_creator":"@infoecos","twitter_site":"@infoecos","twitter_misc":{"Escrito por":"Jorge Matheus","Tiempo de lectura":"2 minutos"},"schema":{"@context":"https:\/\/schema.org","@graph":[{"@type":"Article","@id":"https:\/\/infoecos.com.ar\/index.php\/sergio-massa-esta-en-washington-y-hoy-inicia-una-serie-de-reuniones\/#article","isPartOf":{"@id":"https:\/\/infoecos.com.ar\/index.php\/sergio-massa-esta-en-washington-y-hoy-inicia-una-serie-de-reuniones\/"},"author":{"name":"Jorge Matheus","@id":"https:\/\/infoecos.com.ar\/#\/schema\/person\/8f5ace5ce73b4b4aac4b7245aee6f191"},"headline":"Sergio Massa est\u00e1 en Washington y hoy inicia una serie de reuniones","datePublished":"2022-09-06T04:29:21+00:00","dateModified":"2022-09-06T04:29:22+00:00","mainEntityOfPage":{"@id":"https:\/\/infoecos.com.ar\/index.php\/sergio-massa-esta-en-washington-y-hoy-inicia-una-serie-de-reuniones\/"},"wordCount":433,"publisher":{"@id":"https:\/\/infoecos.com.ar\/#organization"},"image":{"@id":"https:\/\/infoecos.com.ar\/index.php\/sergio-massa-esta-en-washington-y-hoy-inicia-una-serie-de-reuniones\/#primaryimage"},"thumbnailUrl":"https:\/\/infoecos.com.ar\/wp-content\/uploads\/2022\/09\/image-19.png","keywords":["LA VISITA SE EXTENDER\u00c1 HASTA EL LUNES"],"articleSection":["C2 N3"],"inLanguage":"es"},{"@type":"WebPage","@id":"https:\/\/infoecos.com.ar\/index.php\/sergio-massa-esta-en-washington-y-hoy-inicia-una-serie-de-reuniones\/","url":"https:\/\/infoecos.com.ar\/index.php\/sergio-massa-esta-en-washington-y-hoy-inicia-una-serie-de-reuniones\/","name":"Sergio Massa est\u00e1 en Washington y hoy inicia una serie de reuniones - Infoecos","isPartOf":{"@id":"https:\/\/infoecos.com.ar\/#website"},"primaryImageOfPage":{"@id":"https:\/\/infoecos.com.ar\/index.php\/sergio-massa-esta-en-washington-y-hoy-inicia-una-serie-de-reuniones\/#primaryimage"},"image":{"@id":"https:\/\/infoecos.com.ar\/index.php\/sergio-massa-esta-en-washington-y-hoy-inicia-una-serie-de-reuniones\/#primaryimage"},"thumbnailUrl":"https:\/\/infoecos.com.ar\/wp-content\/uploads\/2022\/09\/image-19.png","datePublished":"2022-09-06T04:29:21+00:00","dateModified":"2022-09-06T04:29:22+00:00","breadcrumb":{"@id":"https:\/\/infoecos.com.ar\/index.php\/sergio-massa-esta-en-washington-y-hoy-inicia-una-serie-de-reuniones\/#breadcrumb"},"inLanguage":"es","potentialAction":[{"@type":"ReadAction","target":["https:\/\/infoecos.com.ar\/index.php\/sergio-massa-esta-en-washington-y-hoy-inicia-una-serie-de-reuniones\/"]}]},{"@type":"ImageObject","inLanguage":"es","@id":"https:\/\/infoecos.com.ar\/index.php\/sergio-massa-esta-en-washington-y-hoy-inicia-una-serie-de-reuniones\/#primaryimage","url":"https:\/\/infoecos.com.ar\/wp-content\/uploads\/2022\/09\/image-19.png","contentUrl":"https:\/\/infoecos.com.ar\/wp-content\/uploads\/2022\/09\/image-19.png","width":655,"height":368},{"@type":"BreadcrumbList","@id":"https:\/\/infoecos.com.ar\/index.php\/sergio-massa-esta-en-washington-y-hoy-inicia-una-serie-de-reuniones\/#breadcrumb","itemListElement":[{"@type":"ListItem","position":1,"name":"Portada","item":"https:\/\/infoecos.com.ar\/"},{"@type":"ListItem","position":2,"name":"Sergio Massa est\u00e1 en Washington y hoy inicia una serie de reuniones"}]},{"@type":"WebSite","@id":"https:\/\/infoecos.com.ar\/#website","url":"https:\/\/infoecos.com.ar\/","name":"Infoecos","description":"Noticias de trenque lauquen y la zona","publisher":{"@id":"https:\/\/infoecos.com.ar\/#organization"},"alternateName":"Noticias","potentialAction":[{"@type":"SearchAction","target":{"@type":"EntryPoint","urlTemplate":"https:\/\/infoecos.com.ar\/?s={search_term_string}"},"query-input":{"@type":"PropertyValueSpecification","valueRequired":true,"valueName":"search_term_string"}}],"inLanguage":"es"},{"@type":"Organization","@id":"https:\/\/infoecos.com.ar\/#organization","name":"Infoecos","alternateName":"Noticias","url":"https:\/\/infoecos.com.ar\/","logo":{"@type":"ImageObject","inLanguage":"es","@id":"https:\/\/infoecos.com.ar\/#\/schema\/logo\/image\/","url":"https:\/\/infoecos.com.ar\/wp-content\/uploads\/2024\/03\/cropped-logo.png","contentUrl":"https:\/\/infoecos.com.ar\/wp-content\/uploads\/2024\/03\/cropped-logo.png","width":374,"height":90,"caption":"Infoecos"},"image":{"@id":"https:\/\/infoecos.com.ar\/#\/schema\/logo\/image\/"},"sameAs":["https:\/\/www.facebook.com\/profile.php?id=100063200290284","https:\/\/x.com\/infoecos"]},{"@type":"Person","@id":"https:\/\/infoecos.com.ar\/#\/schema\/person\/8f5ace5ce73b4b4aac4b7245aee6f191","name":"Jorge Matheus","url":"https:\/\/infoecos.com.ar\/index.php\/author\/jomatheus\/"}]}},"featured_image_urls":{"full":["https:\/\/infoecos.com.ar\/wp-content\/uploads\/2022\/09\/image-19.png",655,368,false],"thumbnail":["https:\/\/infoecos.com.ar\/wp-content\/uploads\/2022\/09\/image-19-150x150.png",150,150,true],"medium":["https:\/\/infoecos.com.ar\/wp-content\/uploads\/2022\/09\/image-19-460x258.png",460,258,true],"medium_large":["https:\/\/infoecos.com.ar\/wp-content\/uploads\/2022\/09\/image-19.png",640,360,false],"large":["https:\/\/infoecos.com.ar\/wp-content\/uploads\/2022\/09\/image-19.png",640,360,false],"1536x1536":["https:\/\/infoecos.com.ar\/wp-content\/uploads\/2022\/09\/image-19.png",655,368,false],"2048x2048":["https:\/\/infoecos.com.ar\/wp-content\/uploads\/2022\/09\/image-19.png",655,368,false],"covernews-slider-full":["https:\/\/infoecos.com.ar\/wp-content\/uploads\/2022\/09\/image-19.png",655,368,false],"covernews-slider-center":["https:\/\/infoecos.com.ar\/wp-content\/uploads\/2022\/09\/image-19.png",655,368,false],"covernews-featured":["https:\/\/infoecos.com.ar\/wp-content\/uploads\/2022\/09\/image-19.png",655,368,false],"covernews-medium":["https:\/\/infoecos.com.ar\/wp-content\/uploads\/2022\/09\/image-19.png",540,303,false],"covernews-medium-square":["https:\/\/infoecos.com.ar\/wp-content\/uploads\/2022\/09\/image-19.png",400,225,false]},"author_info":{"info":["Jorge Matheus"]},"category_info":"<a href=\"https:\/\/infoecos.com.ar\/index.php\/category\/c2nota3\/\" rel=\"category tag\">C2 N3<\/a>","tag_info":"C2 N3","comment_count":"0","_links":{"self":[{"href":"https:\/\/infoecos.com.ar\/index.php\/wp-json\/wp\/v2\/posts\/97334"}],"collection":[{"href":"https:\/\/infoecos.com.ar\/index.php\/wp-json\/wp\/v2\/posts"}],"about":[{"href":"https:\/\/infoecos.com.ar\/index.php\/wp-json\/wp\/v2\/types\/post"}],"author":[{"embeddable":true,"href":"https:\/\/infoecos.com.ar\/index.php\/wp-json\/wp\/v2\/users\/2"}],"replies":[{"embeddable":true,"href":"https:\/\/infoecos.com.ar\/index.php\/wp-json\/wp\/v2\/comments?post=97334"}],"version-history":[{"count":1,"href":"https:\/\/infoecos.com.ar\/index.php\/wp-json\/wp\/v2\/posts\/97334\/revisions"}],"predecessor-version":[{"id":97337,"href":"https:\/\/infoecos.com.ar\/index.php\/wp-json\/wp\/v2\/posts\/97334\/revisions\/97337"}],"wp:featuredmedia":[{"embeddable":true,"href":"https:\/\/infoecos.com.ar\/index.php\/wp-json\/wp\/v2\/media\/97335"}],"wp:attachment":[{"href":"https:\/\/infoecos.com.ar\/index.php\/wp-json\/wp\/v2\/media?parent=97334"}],"wp:term":[{"taxonomy":"category","embeddable":true,"href":"https:\/\/infoecos.com.ar\/index.php\/wp-json\/wp\/v2\/categories?post=97334"},{"taxonomy":"post_tag","embeddable":true,"href":"https:\/\/infoecos.com.ar\/index.php\/wp-json\/wp\/v2\/tags?post=97334"}],"curies":[{"name":"wp","href":"https:\/\/api.w.org\/{rel}","templated":true}]}}