{"id":97399,"date":"2022-09-07T01:18:08","date_gmt":"2022-09-07T04:18:08","guid":{"rendered":"http:\/\/infoecos.com.ar\/?p=97399"},"modified":"2022-09-07T01:35:11","modified_gmt":"2022-09-07T04:35:11","slug":"reunion-en-carlos-tejedor-de-subregiones-del-comite-de-cuenca-rio-salado","status":"publish","type":"post","link":"https:\/\/infoecos.com.ar\/index.php\/reunion-en-carlos-tejedor-de-subregiones-del-comite-de-cuenca-rio-salado\/","title":{"rendered":"Reuni\u00f3n en Carlos Tejedor de subregiones del Comit\u00e9 de Cuenca R\u00edo Salado"},"content":{"rendered":"\n<p>El subsecretario de Recursos H\u00eddricos de la provincia de Buenos Aires, Guillermo Jelinski; y funcionarios de la direcci\u00f3n de Hidr\u00e1ulica y de la Autoridad del Agua (ADA), entre otros, mantuvieron este martes en Carlos Tejedor una reuni\u00f3n del Comit\u00e9 de Cuenca R\u00edo Salado, Subregiones A2 y A3 para abordar diferentes cuestiones y elegir las autoridades de los Comit\u00e9 de Cuenca A2 y A3.<\/p>\n\n\n\n<figure class=\"wp-block-image alignright size-large is-resized\"><img loading=\"lazy\" decoding=\"async\" src=\"http:\/\/infoecos.com.ar\/wp-content\/uploads\/2022\/09\/comitedecuencasalado1-920x690.jpg\" alt=\"\" class=\"wp-image-97400\" width=\"396\" height=\"296\" srcset=\"https:\/\/infoecos.com.ar\/wp-content\/uploads\/2022\/09\/comitedecuencasalado1-920x690.jpg 920w, https:\/\/infoecos.com.ar\/wp-content\/uploads\/2022\/09\/comitedecuencasalado1-460x345.jpg 460w, https:\/\/infoecos.com.ar\/wp-content\/uploads\/2022\/09\/comitedecuencasalado1-768x576.jpg 768w, https:\/\/infoecos.com.ar\/wp-content\/uploads\/2022\/09\/comitedecuencasalado1-1024x768.jpg 1024w, https:\/\/infoecos.com.ar\/wp-content\/uploads\/2022\/09\/comitedecuencasalado1.jpg 1280w\" sizes=\"(max-width: 396px) 100vw, 396px\" \/><figcaption>Comit\u00e9 de Cuenca en Carlos Tejedor<\/figcaption><\/figure>\n\n\n\n<p>Asistieron la intendenta anfitriona, Mar\u00eda Celia Gianini, los jefes comunales de General Villegas (Eduardo Campana), Bragado (Vicente Gatica), Hip\u00f3lito Yrigoyen (Luis Pugnaloni), Carlos Casares (Daniel Stadnik), Gral. Viamonte (Franco Flexas) y Trenque Lauquen (Miguel Fern\u00e1ndez). <\/p>\n\n\n\n<p>Por la Direcci\u00f3n de Hidr\u00e1ulica asistieron Osvaldo Raimundo, Leandro Rosas, Alberto Micheloud (Jefe Zona 7), Carlos Sampaolesi y Nicol\u00e1s Battistella, y la ADA estuvo representada por Julio Caparochiti (Jefe de Consorcio), Alejandro Gilardi (Jefe Cuenca H\u00eddrica), Luis Siri y Pablo Goy.<\/p>\n\n\n\n<p>La intendenta de Tejedor destac\u00f3 la importancia de fomentar espacios de di\u00e1logo desde las bases, donde se conoce la realidad del territorio y agradeci\u00f3 la presencia de autoridades provinciales, intendentes y funcionarios municipales de.la regi\u00f3n, mientras que Jelinski consider\u00f3 fundamental la puesta en marcha de los Comit\u00e9 de Cuenca que est\u00e1n sin conformar. <strong>\u201cEl Noroeste de la provincia de Buenos Aires es una zona muy importante por la que trabajar para enfrentar temas clim\u00e1ticos e h\u00eddricos actuales y futuros, y los Comit\u00e9 de Cuenca son un \u00e1mbito adecuado para trabajar sobre estos temas\u201d<\/strong>, dijo.<\/p>\n\n\n\n<figure class=\"wp-block-image alignright size-large is-resized\"><img loading=\"lazy\" decoding=\"async\" src=\"http:\/\/infoecos.com.ar\/wp-content\/uploads\/2022\/09\/comitedecuencasalado3-920x690.jpg\" alt=\"\" class=\"wp-image-97401\" width=\"397\" height=\"297\" srcset=\"https:\/\/infoecos.com.ar\/wp-content\/uploads\/2022\/09\/comitedecuencasalado3-920x690.jpg 920w, https:\/\/infoecos.com.ar\/wp-content\/uploads\/2022\/09\/comitedecuencasalado3-460x345.jpg 460w, https:\/\/infoecos.com.ar\/wp-content\/uploads\/2022\/09\/comitedecuencasalado3-768x576.jpg 768w, https:\/\/infoecos.com.ar\/wp-content\/uploads\/2022\/09\/comitedecuencasalado3-1024x768.jpg 1024w, https:\/\/infoecos.com.ar\/wp-content\/uploads\/2022\/09\/comitedecuencasalado3.jpg 1280w\" sizes=\"(max-width: 397px) 100vw, 397px\" \/><figcaption>Comit\u00e9 de Cuenca en Carlos Tejedor<\/figcaption><\/figure>\n\n\n\n<p>Pablo Goy, a su vez, <strong>remarc\u00f3 la importancia de estas reuniones y mencion\u00f3 diferentes planes y programas que se est\u00e1n ejecutando desde el ADA y Luis Siri insisti\u00f3 en la importancia del Comit\u00e9 de Cuenca como herramienta muy \u00fatil para buscar soluciones a los problemas de la regi\u00f3n y en forma regional, y reforz\u00f3 la idea de que es el \u00e1mbito ideal para charlar ideas y plantear los escenarios en forma integral, mencionando espec\u00edficamente a las mesas t\u00e9cnicas como pilares fundamentales para que el Comit\u00e9 cumpla con su objetivo<\/strong>.<\/p>\n\n\n\n<p>La <strong>Subregi\u00f3n A3<\/strong> est\u00e1 conformada por <strong>9 de julio, Carlos Casares, Carlos Tejedor, Pehuaj\u00f3, Bragado, Trenque Lauquen, Daireaux, Hip\u00f3lito Yrigoyen y Lincoln<\/strong>.<\/p>\n\n\n\n<p>El intendente Miguel Fern\u00e1ndez, que fue designado Tesorero de la Subregi\u00f3n A3.<\/p>\n\n\n\n<figure class=\"wp-block-gallery has-nested-images columns-default is-cropped wp-block-gallery-1 is-layout-flex wp-block-gallery-is-layout-flex\">\n<figure class=\"wp-block-image size-large\"><img loading=\"lazy\" decoding=\"async\" width=\"920\" height=\"690\" data-id=\"97404\" src=\"http:\/\/infoecos.com.ar\/wp-content\/uploads\/2022\/09\/comitedecuencasalado-920x690.jpg\" alt=\"\" class=\"wp-image-97404\" srcset=\"https:\/\/infoecos.com.ar\/wp-content\/uploads\/2022\/09\/comitedecuencasalado-920x690.jpg 920w, https:\/\/infoecos.com.ar\/wp-content\/uploads\/2022\/09\/comitedecuencasalado-460x345.jpg 460w, https:\/\/infoecos.com.ar\/wp-content\/uploads\/2022\/09\/comitedecuencasalado-768x576.jpg 768w, https:\/\/infoecos.com.ar\/wp-content\/uploads\/2022\/09\/comitedecuencasalado-1024x768.jpg 1024w, https:\/\/infoecos.com.ar\/wp-content\/uploads\/2022\/09\/comitedecuencasalado.jpg 1280w\" sizes=\"(max-width: 920px) 100vw, 920px\" \/><figcaption>Comit\u00e9 de Cuenca en Carlos Tejedor<\/figcaption><\/figure>\n\n\n\n<figure class=\"wp-block-image size-large\"><img loading=\"lazy\" decoding=\"async\" width=\"920\" height=\"690\" data-id=\"97406\" src=\"http:\/\/infoecos.com.ar\/wp-content\/uploads\/2022\/09\/comitedecuencasalado1-1-920x690.jpg\" alt=\"\" class=\"wp-image-97406\" srcset=\"https:\/\/infoecos.com.ar\/wp-content\/uploads\/2022\/09\/comitedecuencasalado1-1-920x690.jpg 920w, https:\/\/infoecos.com.ar\/wp-content\/uploads\/2022\/09\/comitedecuencasalado1-1-460x345.jpg 460w, https:\/\/infoecos.com.ar\/wp-content\/uploads\/2022\/09\/comitedecuencasalado1-1-768x576.jpg 768w, https:\/\/infoecos.com.ar\/wp-content\/uploads\/2022\/09\/comitedecuencasalado1-1-1024x768.jpg 1024w, https:\/\/infoecos.com.ar\/wp-content\/uploads\/2022\/09\/comitedecuencasalado1-1.jpg 1280w\" sizes=\"(max-width: 920px) 100vw, 920px\" \/><figcaption>Comit\u00e9 de Cuenca en Carlos Tejedor<\/figcaption><\/figure>\n\n\n\n<figure class=\"wp-block-image size-large\"><img loading=\"lazy\" decoding=\"async\" width=\"920\" height=\"690\" data-id=\"97402\" src=\"http:\/\/infoecos.com.ar\/wp-content\/uploads\/2022\/09\/comitedecuencasalado2-920x690.jpg\" alt=\"\" class=\"wp-image-97402\" srcset=\"https:\/\/infoecos.com.ar\/wp-content\/uploads\/2022\/09\/comitedecuencasalado2-920x690.jpg 920w, https:\/\/infoecos.com.ar\/wp-content\/uploads\/2022\/09\/comitedecuencasalado2-460x345.jpg 460w, https:\/\/infoecos.com.ar\/wp-content\/uploads\/2022\/09\/comitedecuencasalado2-768x576.jpg 768w, https:\/\/infoecos.com.ar\/wp-content\/uploads\/2022\/09\/comitedecuencasalado2-1024x768.jpg 1024w, https:\/\/infoecos.com.ar\/wp-content\/uploads\/2022\/09\/comitedecuencasalado2.jpg 1280w\" sizes=\"(max-width: 920px) 100vw, 920px\" \/><figcaption>Comit\u00e9 de Cuenca en Carlos Tejedor<\/figcaption><\/figure>\n\n\n\n<figure class=\"wp-block-image size-large\"><img loading=\"lazy\" decoding=\"async\" width=\"920\" height=\"690\" data-id=\"97405\" src=\"http:\/\/infoecos.com.ar\/wp-content\/uploads\/2022\/09\/comitedecuencasalado3-1-920x690.jpg\" alt=\"\" class=\"wp-image-97405\" srcset=\"https:\/\/infoecos.com.ar\/wp-content\/uploads\/2022\/09\/comitedecuencasalado3-1-920x690.jpg 920w, https:\/\/infoecos.com.ar\/wp-content\/uploads\/2022\/09\/comitedecuencasalado3-1-460x345.jpg 460w, https:\/\/infoecos.com.ar\/wp-content\/uploads\/2022\/09\/comitedecuencasalado3-1-768x576.jpg 768w, https:\/\/infoecos.com.ar\/wp-content\/uploads\/2022\/09\/comitedecuencasalado3-1-1024x768.jpg 1024w, https:\/\/infoecos.com.ar\/wp-content\/uploads\/2022\/09\/comitedecuencasalado3-1.jpg 1280w\" sizes=\"(max-width: 920px) 100vw, 920px\" \/><figcaption>Comit\u00e9 de Cuenca en Carlos Tejedor<\/figcaption><\/figure>\n\n\n\n<figure class=\"wp-block-image size-large\"><img loading=\"lazy\" decoding=\"async\" width=\"920\" height=\"690\" data-id=\"97407\" src=\"http:\/\/infoecos.com.ar\/wp-content\/uploads\/2022\/09\/comitedecuencasalado4-920x690.jpg\" alt=\"\" class=\"wp-image-97407\" srcset=\"https:\/\/infoecos.com.ar\/wp-content\/uploads\/2022\/09\/comitedecuencasalado4-920x690.jpg 920w, https:\/\/infoecos.com.ar\/wp-content\/uploads\/2022\/09\/comitedecuencasalado4-460x345.jpg 460w, https:\/\/infoecos.com.ar\/wp-content\/uploads\/2022\/09\/comitedecuencasalado4-768x576.jpg 768w, https:\/\/infoecos.com.ar\/wp-content\/uploads\/2022\/09\/comitedecuencasalado4-1024x768.jpg 1024w, https:\/\/infoecos.com.ar\/wp-content\/uploads\/2022\/09\/comitedecuencasalado4.jpg 1280w\" sizes=\"(max-width: 920px) 100vw, 920px\" \/><figcaption>Comit\u00e9 de Cuenca en Carlos Tejedor<\/figcaption><\/figure>\n\n\n\n<figure class=\"wp-block-image size-large\"><img loading=\"lazy\" decoding=\"async\" width=\"920\" height=\"690\" data-id=\"97403\" src=\"http:\/\/infoecos.com.ar\/wp-content\/uploads\/2022\/09\/comitedecuencassalado5-920x690.jpg\" alt=\"\" class=\"wp-image-97403\" srcset=\"https:\/\/infoecos.com.ar\/wp-content\/uploads\/2022\/09\/comitedecuencassalado5-920x690.jpg 920w, https:\/\/infoecos.com.ar\/wp-content\/uploads\/2022\/09\/comitedecuencassalado5-460x345.jpg 460w, https:\/\/infoecos.com.ar\/wp-content\/uploads\/2022\/09\/comitedecuencassalado5-768x576.jpg 768w, https:\/\/infoecos.com.ar\/wp-content\/uploads\/2022\/09\/comitedecuencassalado5-1024x768.jpg 1024w, https:\/\/infoecos.com.ar\/wp-content\/uploads\/2022\/09\/comitedecuencassalado5.jpg 1280w\" sizes=\"(max-width: 920px) 100vw, 920px\" \/><figcaption>Comit\u00e9 de Cuenca en Carlos Tejedor<\/figcaption><\/figure>\n<\/figure>\n\n\n\n<p><\/p>\n","protected":false},"excerpt":{"rendered":"<p>Asistieron la intendenta anfitriona, Mar\u00eda Celia Gianini, los jefes comunales de General Villegas (Eduardo Campana), Bragado (Vicente Gatica), Hip\u00f3lito Yrigoyen (Luis Pugnaloni), Carlos Casares (Daniel Stadnik), Gral. Viamonte (Franco Flexas) y Trenque Lauquen (Miguel Fern\u00e1ndez)<\/p>\n","protected":false},"author":2,"featured_media":97405,"comment_status":"closed","ping_status":"open","sticky":false,"template":"","format":"standard","meta":{"footnotes":""},"categories":[28],"tags":[5984],"class_list":["post-97399","post","type-post","status-publish","format-standard","has-post-thumbnail","hentry","category-c1nota1","tag-situacion-hidrica"],"yoast_head":"<!-- This site is optimized with the Yoast SEO plugin v23.4 - https:\/\/yoast.com\/wordpress\/plugins\/seo\/ -->\n<title>Reuni\u00f3n en Carlos Tejedor de subregiones del Comit\u00e9 de Cuenca R\u00edo Salado - Infoecos<\/title>\n<meta name=\"robots\" content=\"index, follow, max-snippet:-1, max-image-preview:large, max-video-preview:-1\" \/>\n<link rel=\"canonical\" href=\"https:\/\/infoecos.com.ar\/index.php\/reunion-en-carlos-tejedor-de-subregiones-del-comite-de-cuenca-rio-salado\/\" \/>\n<meta property=\"og:locale\" content=\"es_ES\" \/>\n<meta property=\"og:type\" content=\"article\" \/>\n<meta property=\"og:title\" content=\"Reuni\u00f3n en Carlos Tejedor de subregiones del Comit\u00e9 de Cuenca R\u00edo Salado - Infoecos\" \/>\n<meta property=\"og:description\" content=\"Asistieron la intendenta anfitriona, Mar\u00eda Celia Gianini, los jefes comunales de General Villegas (Eduardo Campana), Bragado (Vicente Gatica), Hip\u00f3lito Yrigoyen (Luis Pugnaloni), Carlos Casares (Daniel Stadnik), Gral. Viamonte (Franco Flexas) y Trenque Lauquen (Miguel Fern\u00e1ndez)\" \/>\n<meta property=\"og:url\" content=\"https:\/\/infoecos.com.ar\/index.php\/reunion-en-carlos-tejedor-de-subregiones-del-comite-de-cuenca-rio-salado\/\" \/>\n<meta property=\"og:site_name\" content=\"Infoecos\" \/>\n<meta property=\"article:publisher\" content=\"https:\/\/www.facebook.com\/profile.php?id=100063200290284\" \/>\n<meta property=\"article:published_time\" content=\"2022-09-07T04:18:08+00:00\" \/>\n<meta property=\"article:modified_time\" content=\"2022-09-07T04:35:11+00:00\" \/>\n<meta property=\"og:image\" content=\"https:\/\/infoecos.com.ar\/wp-content\/uploads\/2022\/09\/comitedecuencasalado3-1.jpg\" \/>\n\t<meta property=\"og:image:width\" content=\"1280\" \/>\n\t<meta property=\"og:image:height\" content=\"960\" \/>\n\t<meta property=\"og:image:type\" content=\"image\/jpeg\" \/>\n<meta name=\"author\" content=\"Jorge Matheus\" \/>\n<meta name=\"twitter:card\" content=\"summary_large_image\" \/>\n<meta name=\"twitter:creator\" content=\"@infoecos\" \/>\n<meta name=\"twitter:site\" content=\"@infoecos\" \/>\n<meta name=\"twitter:label1\" content=\"Escrito por\" \/>\n\t<meta name=\"twitter:data1\" content=\"Jorge Matheus\" \/>\n\t<meta name=\"twitter:label2\" content=\"Tiempo de lectura\" \/>\n\t<meta name=\"twitter:data2\" content=\"2 minutos\" \/>\n<script type=\"application\/ld+json\" class=\"yoast-schema-graph\">{\"@context\":\"https:\/\/schema.org\",\"@graph\":[{\"@type\":\"Article\",\"@id\":\"https:\/\/infoecos.com.ar\/index.php\/reunion-en-carlos-tejedor-de-subregiones-del-comite-de-cuenca-rio-salado\/#article\",\"isPartOf\":{\"@id\":\"https:\/\/infoecos.com.ar\/index.php\/reunion-en-carlos-tejedor-de-subregiones-del-comite-de-cuenca-rio-salado\/\"},\"author\":{\"name\":\"Jorge Matheus\",\"@id\":\"https:\/\/infoecos.com.ar\/#\/schema\/person\/8f5ace5ce73b4b4aac4b7245aee6f191\"},\"headline\":\"Reuni\u00f3n en Carlos Tejedor de subregiones del Comit\u00e9 de Cuenca R\u00edo Salado\",\"datePublished\":\"2022-09-07T04:18:08+00:00\",\"dateModified\":\"2022-09-07T04:35:11+00:00\",\"mainEntityOfPage\":{\"@id\":\"https:\/\/infoecos.com.ar\/index.php\/reunion-en-carlos-tejedor-de-subregiones-del-comite-de-cuenca-rio-salado\/\"},\"wordCount\":442,\"publisher\":{\"@id\":\"https:\/\/infoecos.com.ar\/#organization\"},\"image\":{\"@id\":\"https:\/\/infoecos.com.ar\/index.php\/reunion-en-carlos-tejedor-de-subregiones-del-comite-de-cuenca-rio-salado\/#primaryimage\"},\"thumbnailUrl\":\"https:\/\/infoecos.com.ar\/wp-content\/uploads\/2022\/09\/comitedecuencasalado3-1.jpg\",\"keywords\":[\"SITUACI\u00d3N H\u00cdDRICA\"],\"articleSection\":[\"C1 N1\"],\"inLanguage\":\"es\"},{\"@type\":\"WebPage\",\"@id\":\"https:\/\/infoecos.com.ar\/index.php\/reunion-en-carlos-tejedor-de-subregiones-del-comite-de-cuenca-rio-salado\/\",\"url\":\"https:\/\/infoecos.com.ar\/index.php\/reunion-en-carlos-tejedor-de-subregiones-del-comite-de-cuenca-rio-salado\/\",\"name\":\"Reuni\u00f3n en Carlos Tejedor de subregiones del Comit\u00e9 de Cuenca R\u00edo Salado - Infoecos\",\"isPartOf\":{\"@id\":\"https:\/\/infoecos.com.ar\/#website\"},\"primaryImageOfPage\":{\"@id\":\"https:\/\/infoecos.com.ar\/index.php\/reunion-en-carlos-tejedor-de-subregiones-del-comite-de-cuenca-rio-salado\/#primaryimage\"},\"image\":{\"@id\":\"https:\/\/infoecos.com.ar\/index.php\/reunion-en-carlos-tejedor-de-subregiones-del-comite-de-cuenca-rio-salado\/#primaryimage\"},\"thumbnailUrl\":\"https:\/\/infoecos.com.ar\/wp-content\/uploads\/2022\/09\/comitedecuencasalado3-1.jpg\",\"datePublished\":\"2022-09-07T04:18:08+00:00\",\"dateModified\":\"2022-09-07T04:35:11+00:00\",\"breadcrumb\":{\"@id\":\"https:\/\/infoecos.com.ar\/index.php\/reunion-en-carlos-tejedor-de-subregiones-del-comite-de-cuenca-rio-salado\/#breadcrumb\"},\"inLanguage\":\"es\",\"potentialAction\":[{\"@type\":\"ReadAction\",\"target\":[\"https:\/\/infoecos.com.ar\/index.php\/reunion-en-carlos-tejedor-de-subregiones-del-comite-de-cuenca-rio-salado\/\"]}]},{\"@type\":\"ImageObject\",\"inLanguage\":\"es\",\"@id\":\"https:\/\/infoecos.com.ar\/index.php\/reunion-en-carlos-tejedor-de-subregiones-del-comite-de-cuenca-rio-salado\/#primaryimage\",\"url\":\"https:\/\/infoecos.com.ar\/wp-content\/uploads\/2022\/09\/comitedecuencasalado3-1.jpg\",\"contentUrl\":\"https:\/\/infoecos.com.ar\/wp-content\/uploads\/2022\/09\/comitedecuencasalado3-1.jpg\",\"width\":1280,\"height\":960},{\"@type\":\"BreadcrumbList\",\"@id\":\"https:\/\/infoecos.com.ar\/index.php\/reunion-en-carlos-tejedor-de-subregiones-del-comite-de-cuenca-rio-salado\/#breadcrumb\",\"itemListElement\":[{\"@type\":\"ListItem\",\"position\":1,\"name\":\"Portada\",\"item\":\"https:\/\/infoecos.com.ar\/\"},{\"@type\":\"ListItem\",\"position\":2,\"name\":\"Reuni\u00f3n en Carlos Tejedor de subregiones del Comit\u00e9 de Cuenca R\u00edo Salado\"}]},{\"@type\":\"WebSite\",\"@id\":\"https:\/\/infoecos.com.ar\/#website\",\"url\":\"https:\/\/infoecos.com.ar\/\",\"name\":\"Infoecos\",\"description\":\"Noticias de trenque lauquen y la zona\",\"publisher\":{\"@id\":\"https:\/\/infoecos.com.ar\/#organization\"},\"alternateName\":\"Noticias\",\"potentialAction\":[{\"@type\":\"SearchAction\",\"target\":{\"@type\":\"EntryPoint\",\"urlTemplate\":\"https:\/\/infoecos.com.ar\/?s={search_term_string}\"},\"query-input\":{\"@type\":\"PropertyValueSpecification\",\"valueRequired\":true,\"valueName\":\"search_term_string\"}}],\"inLanguage\":\"es\"},{\"@type\":\"Organization\",\"@id\":\"https:\/\/infoecos.com.ar\/#organization\",\"name\":\"Infoecos\",\"alternateName\":\"Noticias\",\"url\":\"https:\/\/infoecos.com.ar\/\",\"logo\":{\"@type\":\"ImageObject\",\"inLanguage\":\"es\",\"@id\":\"https:\/\/infoecos.com.ar\/#\/schema\/logo\/image\/\",\"url\":\"https:\/\/infoecos.com.ar\/wp-content\/uploads\/2024\/03\/cropped-logo.png\",\"contentUrl\":\"https:\/\/infoecos.com.ar\/wp-content\/uploads\/2024\/03\/cropped-logo.png\",\"width\":374,\"height\":90,\"caption\":\"Infoecos\"},\"image\":{\"@id\":\"https:\/\/infoecos.com.ar\/#\/schema\/logo\/image\/\"},\"sameAs\":[\"https:\/\/www.facebook.com\/profile.php?id=100063200290284\",\"https:\/\/x.com\/infoecos\"]},{\"@type\":\"Person\",\"@id\":\"https:\/\/infoecos.com.ar\/#\/schema\/person\/8f5ace5ce73b4b4aac4b7245aee6f191\",\"name\":\"Jorge Matheus\",\"url\":\"https:\/\/infoecos.com.ar\/index.php\/author\/jomatheus\/\"}]}<\/script>\n<!-- \/ Yoast SEO plugin. -->","yoast_head_json":{"title":"Reuni\u00f3n en Carlos Tejedor de subregiones del Comit\u00e9 de Cuenca R\u00edo Salado - Infoecos","robots":{"index":"index","follow":"follow","max-snippet":"max-snippet:-1","max-image-preview":"max-image-preview:large","max-video-preview":"max-video-preview:-1"},"canonical":"https:\/\/infoecos.com.ar\/index.php\/reunion-en-carlos-tejedor-de-subregiones-del-comite-de-cuenca-rio-salado\/","og_locale":"es_ES","og_type":"article","og_title":"Reuni\u00f3n en Carlos Tejedor de subregiones del Comit\u00e9 de Cuenca R\u00edo Salado - Infoecos","og_description":"Asistieron la intendenta anfitriona, Mar\u00eda Celia Gianini, los jefes comunales de General Villegas (Eduardo Campana), Bragado (Vicente Gatica), Hip\u00f3lito Yrigoyen (Luis Pugnaloni), Carlos Casares (Daniel Stadnik), Gral. Viamonte (Franco Flexas) y Trenque Lauquen (Miguel Fern\u00e1ndez)","og_url":"https:\/\/infoecos.com.ar\/index.php\/reunion-en-carlos-tejedor-de-subregiones-del-comite-de-cuenca-rio-salado\/","og_site_name":"Infoecos","article_publisher":"https:\/\/www.facebook.com\/profile.php?id=100063200290284","article_published_time":"2022-09-07T04:18:08+00:00","article_modified_time":"2022-09-07T04:35:11+00:00","og_image":[{"width":1280,"height":960,"url":"https:\/\/infoecos.com.ar\/wp-content\/uploads\/2022\/09\/comitedecuencasalado3-1.jpg","type":"image\/jpeg"}],"author":"Jorge Matheus","twitter_card":"summary_large_image","twitter_creator":"@infoecos","twitter_site":"@infoecos","twitter_misc":{"Escrito por":"Jorge Matheus","Tiempo de lectura":"2 minutos"},"schema":{"@context":"https:\/\/schema.org","@graph":[{"@type":"Article","@id":"https:\/\/infoecos.com.ar\/index.php\/reunion-en-carlos-tejedor-de-subregiones-del-comite-de-cuenca-rio-salado\/#article","isPartOf":{"@id":"https:\/\/infoecos.com.ar\/index.php\/reunion-en-carlos-tejedor-de-subregiones-del-comite-de-cuenca-rio-salado\/"},"author":{"name":"Jorge Matheus","@id":"https:\/\/infoecos.com.ar\/#\/schema\/person\/8f5ace5ce73b4b4aac4b7245aee6f191"},"headline":"Reuni\u00f3n en Carlos Tejedor de subregiones del Comit\u00e9 de Cuenca R\u00edo Salado","datePublished":"2022-09-07T04:18:08+00:00","dateModified":"2022-09-07T04:35:11+00:00","mainEntityOfPage":{"@id":"https:\/\/infoecos.com.ar\/index.php\/reunion-en-carlos-tejedor-de-subregiones-del-comite-de-cuenca-rio-salado\/"},"wordCount":442,"publisher":{"@id":"https:\/\/infoecos.com.ar\/#organization"},"image":{"@id":"https:\/\/infoecos.com.ar\/index.php\/reunion-en-carlos-tejedor-de-subregiones-del-comite-de-cuenca-rio-salado\/#primaryimage"},"thumbnailUrl":"https:\/\/infoecos.com.ar\/wp-content\/uploads\/2022\/09\/comitedecuencasalado3-1.jpg","keywords":["SITUACI\u00d3N H\u00cdDRICA"],"articleSection":["C1 N1"],"inLanguage":"es"},{"@type":"WebPage","@id":"https:\/\/infoecos.com.ar\/index.php\/reunion-en-carlos-tejedor-de-subregiones-del-comite-de-cuenca-rio-salado\/","url":"https:\/\/infoecos.com.ar\/index.php\/reunion-en-carlos-tejedor-de-subregiones-del-comite-de-cuenca-rio-salado\/","name":"Reuni\u00f3n en Carlos Tejedor de subregiones del Comit\u00e9 de Cuenca R\u00edo Salado - Infoecos","isPartOf":{"@id":"https:\/\/infoecos.com.ar\/#website"},"primaryImageOfPage":{"@id":"https:\/\/infoecos.com.ar\/index.php\/reunion-en-carlos-tejedor-de-subregiones-del-comite-de-cuenca-rio-salado\/#primaryimage"},"image":{"@id":"https:\/\/infoecos.com.ar\/index.php\/reunion-en-carlos-tejedor-de-subregiones-del-comite-de-cuenca-rio-salado\/#primaryimage"},"thumbnailUrl":"https:\/\/infoecos.com.ar\/wp-content\/uploads\/2022\/09\/comitedecuencasalado3-1.jpg","datePublished":"2022-09-07T04:18:08+00:00","dateModified":"2022-09-07T04:35:11+00:00","breadcrumb":{"@id":"https:\/\/infoecos.com.ar\/index.php\/reunion-en-carlos-tejedor-de-subregiones-del-comite-de-cuenca-rio-salado\/#breadcrumb"},"inLanguage":"es","potentialAction":[{"@type":"ReadAction","target":["https:\/\/infoecos.com.ar\/index.php\/reunion-en-carlos-tejedor-de-subregiones-del-comite-de-cuenca-rio-salado\/"]}]},{"@type":"ImageObject","inLanguage":"es","@id":"https:\/\/infoecos.com.ar\/index.php\/reunion-en-carlos-tejedor-de-subregiones-del-comite-de-cuenca-rio-salado\/#primaryimage","url":"https:\/\/infoecos.com.ar\/wp-content\/uploads\/2022\/09\/comitedecuencasalado3-1.jpg","contentUrl":"https:\/\/infoecos.com.ar\/wp-content\/uploads\/2022\/09\/comitedecuencasalado3-1.jpg","width":1280,"height":960},{"@type":"BreadcrumbList","@id":"https:\/\/infoecos.com.ar\/index.php\/reunion-en-carlos-tejedor-de-subregiones-del-comite-de-cuenca-rio-salado\/#breadcrumb","itemListElement":[{"@type":"ListItem","position":1,"name":"Portada","item":"https:\/\/infoecos.com.ar\/"},{"@type":"ListItem","position":2,"name":"Reuni\u00f3n en Carlos Tejedor de subregiones del Comit\u00e9 de Cuenca R\u00edo Salado"}]},{"@type":"WebSite","@id":"https:\/\/infoecos.com.ar\/#website","url":"https:\/\/infoecos.com.ar\/","name":"Infoecos","description":"Noticias de trenque lauquen y la zona","publisher":{"@id":"https:\/\/infoecos.com.ar\/#organization"},"alternateName":"Noticias","potentialAction":[{"@type":"SearchAction","target":{"@type":"EntryPoint","urlTemplate":"https:\/\/infoecos.com.ar\/?s={search_term_string}"},"query-input":{"@type":"PropertyValueSpecification","valueRequired":true,"valueName":"search_term_string"}}],"inLanguage":"es"},{"@type":"Organization","@id":"https:\/\/infoecos.com.ar\/#organization","name":"Infoecos","alternateName":"Noticias","url":"https:\/\/infoecos.com.ar\/","logo":{"@type":"ImageObject","inLanguage":"es","@id":"https:\/\/infoecos.com.ar\/#\/schema\/logo\/image\/","url":"https:\/\/infoecos.com.ar\/wp-content\/uploads\/2024\/03\/cropped-logo.png","contentUrl":"https:\/\/infoecos.com.ar\/wp-content\/uploads\/2024\/03\/cropped-logo.png","width":374,"height":90,"caption":"Infoecos"},"image":{"@id":"https:\/\/infoecos.com.ar\/#\/schema\/logo\/image\/"},"sameAs":["https:\/\/www.facebook.com\/profile.php?id=100063200290284","https:\/\/x.com\/infoecos"]},{"@type":"Person","@id":"https:\/\/infoecos.com.ar\/#\/schema\/person\/8f5ace5ce73b4b4aac4b7245aee6f191","name":"Jorge Matheus","url":"https:\/\/infoecos.com.ar\/index.php\/author\/jomatheus\/"}]}},"featured_image_urls":{"full":["https:\/\/infoecos.com.ar\/wp-content\/uploads\/2022\/09\/comitedecuencasalado3-1.jpg",1280,960,false],"thumbnail":["https:\/\/infoecos.com.ar\/wp-content\/uploads\/2022\/09\/comitedecuencasalado3-1-150x150.jpg",150,150,true],"medium":["https:\/\/infoecos.com.ar\/wp-content\/uploads\/2022\/09\/comitedecuencasalado3-1-460x345.jpg",460,345,true],"medium_large":["https:\/\/infoecos.com.ar\/wp-content\/uploads\/2022\/09\/comitedecuencasalado3-1-768x576.jpg",640,480,true],"large":["https:\/\/infoecos.com.ar\/wp-content\/uploads\/2022\/09\/comitedecuencasalado3-1-920x690.jpg",640,480,true],"1536x1536":["https:\/\/infoecos.com.ar\/wp-content\/uploads\/2022\/09\/comitedecuencasalado3-1.jpg",1280,960,false],"2048x2048":["https:\/\/infoecos.com.ar\/wp-content\/uploads\/2022\/09\/comitedecuencasalado3-1.jpg",1280,960,false],"covernews-slider-full":["https:\/\/infoecos.com.ar\/wp-content\/uploads\/2022\/09\/comitedecuencasalado3-1.jpg",953,715,false],"covernews-slider-center":["https:\/\/infoecos.com.ar\/wp-content\/uploads\/2022\/09\/comitedecuencasalado3-1-936x897.jpg",522,500,true],"covernews-featured":["https:\/\/infoecos.com.ar\/wp-content\/uploads\/2022\/09\/comitedecuencasalado3-1-1024x768.jpg",1024,768,true],"covernews-medium":["https:\/\/infoecos.com.ar\/wp-content\/uploads\/2022\/09\/comitedecuencasalado3-1-720x380.jpg",540,285,true],"covernews-medium-square":["https:\/\/infoecos.com.ar\/wp-content\/uploads\/2022\/09\/comitedecuencasalado3-1-675x450.jpg",375,250,true]},"author_info":{"info":["Jorge Matheus"]},"category_info":"<a href=\"https:\/\/infoecos.com.ar\/index.php\/category\/c1nota1\/\" rel=\"category tag\">C1 N1<\/a>","tag_info":"C1 N1","comment_count":"0","_links":{"self":[{"href":"https:\/\/infoecos.com.ar\/index.php\/wp-json\/wp\/v2\/posts\/97399"}],"collection":[{"href":"https:\/\/infoecos.com.ar\/index.php\/wp-json\/wp\/v2\/posts"}],"about":[{"href":"https:\/\/infoecos.com.ar\/index.php\/wp-json\/wp\/v2\/types\/post"}],"author":[{"embeddable":true,"href":"https:\/\/infoecos.com.ar\/index.php\/wp-json\/wp\/v2\/users\/2"}],"replies":[{"embeddable":true,"href":"https:\/\/infoecos.com.ar\/index.php\/wp-json\/wp\/v2\/comments?post=97399"}],"version-history":[{"count":1,"href":"https:\/\/infoecos.com.ar\/index.php\/wp-json\/wp\/v2\/posts\/97399\/revisions"}],"predecessor-version":[{"id":97408,"href":"https:\/\/infoecos.com.ar\/index.php\/wp-json\/wp\/v2\/posts\/97399\/revisions\/97408"}],"wp:featuredmedia":[{"embeddable":true,"href":"https:\/\/infoecos.com.ar\/index.php\/wp-json\/wp\/v2\/media\/97405"}],"wp:attachment":[{"href":"https:\/\/infoecos.com.ar\/index.php\/wp-json\/wp\/v2\/media?parent=97399"}],"wp:term":[{"taxonomy":"category","embeddable":true,"href":"https:\/\/infoecos.com.ar\/index.php\/wp-json\/wp\/v2\/categories?post=97399"},{"taxonomy":"post_tag","embeddable":true,"href":"https:\/\/infoecos.com.ar\/index.php\/wp-json\/wp\/v2\/tags?post=97399"}],"curies":[{"name":"wp","href":"https:\/\/api.w.org\/{rel}","templated":true}]}}