{"id":97462,"date":"2022-09-09T02:33:08","date_gmt":"2022-09-09T05:33:08","guid":{"rendered":"http:\/\/infoecos.com.ar\/?p=97462"},"modified":"2022-09-12T03:54:30","modified_gmt":"2022-09-12T06:54:30","slug":"septiembre-octubre-y-noviembre-pueden-tener-precipitaciones-dentro-de-los-parametros-normales","status":"publish","type":"post","link":"https:\/\/infoecos.com.ar\/index.php\/septiembre-octubre-y-noviembre-pueden-tener-precipitaciones-dentro-de-los-parametros-normales\/","title":{"rendered":"Septiembre, octubre y noviembre pueden tener precipitaciones \u00abdentro de los par\u00e1metros normales\u00bb"},"content":{"rendered":"\n<p>El trimestre septiembre, octubre y noviembre presentar\u00e1<strong>&nbsp;\u00abuna primavera m\u00e1s c\u00e1lida que lo normal\u00bb en parte de la Argentina&nbsp;<\/strong>y \u00abun 80% de probabilidad\u00bb de que se mantengan las condiciones del fen\u00f3meno clim\u00e1tico La Ni\u00f1a con \u00ablluvias por debajo de lo normal\u00bb, inform\u00f3 el Servicio Meteorol\u00f3gico Nacional (SMN).<\/p>\n\n\n\n<figure class=\"wp-block-image aligncenter size-full\"><img loading=\"lazy\" decoding=\"async\" width=\"257\" height=\"256\" src=\"http:\/\/infoecos.com.ar\/wp-content\/uploads\/2022\/09\/72.png\" alt=\"\" class=\"wp-image-97463\" srcset=\"https:\/\/infoecos.com.ar\/wp-content\/uploads\/2022\/09\/72.png 257w, https:\/\/infoecos.com.ar\/wp-content\/uploads\/2022\/09\/72-150x150.png 150w\" sizes=\"(max-width: 257px) 100vw, 257px\" \/><\/figure>\n\n\n\n<p>En cuanto al pron\u00f3stico de temperaturas en el norte y noroeste del pa\u00eds, se ver\u00e1n favorecidas, en promedio, las temperaturas dentro de \u00ablo normal\u00bb.<\/p>\n\n\n\n<p>En tanto, en&nbsp;<strong>C\u00f3rdoba, el sur del Litoral y el sur de Patagonia \u00abtienen mayor probabilidad\u00bb de ocurrencia de temperaturas normales o superiores&nbsp;<\/strong>a lo normales para la \u00e9poca, agregaron.<\/p>\n\n\n\n<p>En el resto de la Argentina, indicaron que hay una tendencia de \u00abuna primavera m\u00e1s c\u00e1lida que lo normal\u00bb, y no descartaron \u00abuna mayor frecuencia de temperaturas m\u00e1ximas extremadamente altas\u00bb, seg\u00fan el Pron\u00f3stico Clim\u00e1tico Trimestral (PCT) realizado por el organismo.<\/p>\n\n\n\n<figure class=\"wp-block-embed is-type-rich is-provider-twitter wp-block-embed-twitter\"><div class=\"wp-block-embed__wrapper\">\nhttps:\/\/twitter.com\/SMN_Argentina\/status\/1567966001920151552\n<\/div><\/figure>\n\n\n\n<p>Respecto al pron\u00f3stico de precipitaciones durante esta primavera,&nbsp;<strong>en las provincias del Litoral, centro y norte de Patagonia y Buenos Aires habr\u00e1 \u00abmayor probabilidad de registrar lluvias por debajo del promedio\u00bb,<\/strong>&nbsp;mientras que en parte del norte argentino y Cuyo \u00abse favorecen las precipitaciones normales a inferiores a lo normales\u00bb.<\/p>\n\n\n\n<p>Por otro lado, es \u00abm\u00e1s probable\u00bb que las precipitaciones \u00abest\u00e9n dentro de los par\u00e1metros normales\u00bb en C\u00f3rdoba, el oeste de Santa Fe, La Pampa y oeste de Buenos Aires.<\/p>\n\n\n\n<p>A su vez,&nbsp;<strong>el fen\u00f3meno La Ni\u00f1a transita su tercer a\u00f1o consecutivo<\/strong>, seg\u00fan el SMN, \u00abalgo que solo pas\u00f3 dos veces desde 1950 y que sucedi\u00f3 por \u00faltima vez en el periodo 1998-2001, evidenciando que no es usual que se extienda tanto en el tiempo\u00bb, detallaron en el informe.<\/p>\n\n\n\n<p>La Ni\u00f1a produce cambios en el clima de diversas regiones del planeta. En esta \u00e9poca del a\u00f1o suele estar asociado a lluvias por debajo de lo normal, especialmente en el Litoral y el este de la regi\u00f3n Pampeana, a\u00f1adieron.<\/p>\n\n\n\n<p><strong>En el trimestre septiembre, octubre y noviembre \u00abhay 80% de probabilidad de que se mantengan las condiciones de La Ni\u00f1a\u00bb<\/strong>, indicaron.<\/p>\n\n\n\n<p>En cuanto a las temperaturas de agosto, explicaron que \u00abestuvieron dentro de los par\u00e1metros normales\u00bb en la Argentina, y que present\u00f3 lluvias \u00abinferiores a lo normal\u00bb para la \u00e9poca sobre Buenos Aires, el noroeste de Neuqu\u00e9n y el extremo norte del pa\u00eds.<\/p>\n\n\n\n<p>En particular, en sectores del territorio bonaerense se registraron hasta 25 y 50 mm por debajo de la media de agosto.<\/p>\n\n\n\n<p>Por otro lado, el avance de varios frentes fr\u00edos provocaron eventos de lluvia, los cuales dejaron valores de precipitaci\u00f3n acumulada por encima del promedio para este mes en el centro del Litoral y Misiones.<\/p>\n\n\n\n<p>Por \u00faltimo, como sucedi\u00f3 en buena parte del oto\u00f1o e invierno, continuaron los eventos de nevadas intensas en la zona cordillerana del norte de Patagonia. La nieve acumulada super\u00f3 los 100 y 200 cm en forma local, concluyeron.<\/p>\n","protected":false},"excerpt":{"rendered":"<p>Hay una tendencia de \u00abuna primavera m\u00e1s c\u00e1lida que lo normal\u00bb, y no descartaron \u00abuna mayor frecuencia de temperaturas m\u00e1ximas extremadamente altas\u00bb, seg\u00fan el Pron\u00f3stico Clim\u00e1tico Trimestral (PCT) realizado por el organismo<\/p>\n","protected":false},"author":2,"featured_media":97463,"comment_status":"closed","ping_status":"open","sticky":false,"template":"","format":"standard","meta":{"footnotes":""},"categories":[1614],"tags":[4991],"class_list":["post-97462","post","type-post","status-publish","format-standard","has-post-thumbnail","hentry","category-c2nota7","tag-servicio-meteorologico-nacional"],"yoast_head":"<!-- This site is optimized with the Yoast SEO plugin v23.4 - https:\/\/yoast.com\/wordpress\/plugins\/seo\/ -->\n<title>Septiembre, octubre y noviembre pueden tener precipitaciones &quot;dentro de los par\u00e1metros normales&quot; - Infoecos<\/title>\n<meta name=\"robots\" content=\"index, follow, max-snippet:-1, max-image-preview:large, max-video-preview:-1\" \/>\n<link rel=\"canonical\" href=\"https:\/\/infoecos.com.ar\/index.php\/septiembre-octubre-y-noviembre-pueden-tener-precipitaciones-dentro-de-los-parametros-normales\/\" \/>\n<meta property=\"og:locale\" content=\"es_ES\" \/>\n<meta property=\"og:type\" content=\"article\" \/>\n<meta property=\"og:title\" content=\"Septiembre, octubre y noviembre pueden tener precipitaciones &quot;dentro de los par\u00e1metros normales&quot; - Infoecos\" \/>\n<meta property=\"og:description\" content=\"Hay una tendencia de &quot;una primavera m\u00e1s c\u00e1lida que lo normal&quot;, y no descartaron &quot;una mayor frecuencia de temperaturas m\u00e1ximas extremadamente altas&quot;, seg\u00fan el Pron\u00f3stico Clim\u00e1tico Trimestral (PCT) realizado por el organismo\" \/>\n<meta property=\"og:url\" content=\"https:\/\/infoecos.com.ar\/index.php\/septiembre-octubre-y-noviembre-pueden-tener-precipitaciones-dentro-de-los-parametros-normales\/\" \/>\n<meta property=\"og:site_name\" content=\"Infoecos\" \/>\n<meta property=\"article:publisher\" content=\"https:\/\/www.facebook.com\/profile.php?id=100063200290284\" \/>\n<meta property=\"article:published_time\" content=\"2022-09-09T05:33:08+00:00\" \/>\n<meta property=\"article:modified_time\" content=\"2022-09-12T06:54:30+00:00\" \/>\n<meta property=\"og:image\" content=\"https:\/\/infoecos.com.ar\/wp-content\/uploads\/2022\/09\/72.png\" \/>\n\t<meta property=\"og:image:width\" content=\"257\" \/>\n\t<meta property=\"og:image:height\" content=\"256\" \/>\n\t<meta property=\"og:image:type\" content=\"image\/png\" \/>\n<meta name=\"author\" content=\"Jorge Matheus\" \/>\n<meta name=\"twitter:card\" content=\"summary_large_image\" \/>\n<meta name=\"twitter:creator\" content=\"@infoecos\" \/>\n<meta name=\"twitter:site\" content=\"@infoecos\" \/>\n<meta name=\"twitter:label1\" content=\"Escrito por\" \/>\n\t<meta name=\"twitter:data1\" content=\"Jorge Matheus\" \/>\n\t<meta name=\"twitter:label2\" content=\"Tiempo de lectura\" \/>\n\t<meta name=\"twitter:data2\" content=\"3 minutos\" \/>\n<script type=\"application\/ld+json\" class=\"yoast-schema-graph\">{\"@context\":\"https:\/\/schema.org\",\"@graph\":[{\"@type\":\"Article\",\"@id\":\"https:\/\/infoecos.com.ar\/index.php\/septiembre-octubre-y-noviembre-pueden-tener-precipitaciones-dentro-de-los-parametros-normales\/#article\",\"isPartOf\":{\"@id\":\"https:\/\/infoecos.com.ar\/index.php\/septiembre-octubre-y-noviembre-pueden-tener-precipitaciones-dentro-de-los-parametros-normales\/\"},\"author\":{\"name\":\"Jorge Matheus\",\"@id\":\"https:\/\/infoecos.com.ar\/#\/schema\/person\/8f5ace5ce73b4b4aac4b7245aee6f191\"},\"headline\":\"Septiembre, octubre y noviembre pueden tener precipitaciones \u00abdentro de los par\u00e1metros normales\u00bb\",\"datePublished\":\"2022-09-09T05:33:08+00:00\",\"dateModified\":\"2022-09-12T06:54:30+00:00\",\"mainEntityOfPage\":{\"@id\":\"https:\/\/infoecos.com.ar\/index.php\/septiembre-octubre-y-noviembre-pueden-tener-precipitaciones-dentro-de-los-parametros-normales\/\"},\"wordCount\":520,\"publisher\":{\"@id\":\"https:\/\/infoecos.com.ar\/#organization\"},\"image\":{\"@id\":\"https:\/\/infoecos.com.ar\/index.php\/septiembre-octubre-y-noviembre-pueden-tener-precipitaciones-dentro-de-los-parametros-normales\/#primaryimage\"},\"thumbnailUrl\":\"https:\/\/infoecos.com.ar\/wp-content\/uploads\/2022\/09\/72.png\",\"keywords\":[\"SERVICIO METEOROL\u00d3GICO nACIONAL\"],\"articleSection\":[\"C2 N7\"],\"inLanguage\":\"es\"},{\"@type\":\"WebPage\",\"@id\":\"https:\/\/infoecos.com.ar\/index.php\/septiembre-octubre-y-noviembre-pueden-tener-precipitaciones-dentro-de-los-parametros-normales\/\",\"url\":\"https:\/\/infoecos.com.ar\/index.php\/septiembre-octubre-y-noviembre-pueden-tener-precipitaciones-dentro-de-los-parametros-normales\/\",\"name\":\"Septiembre, octubre y noviembre pueden tener precipitaciones \\\"dentro de los par\u00e1metros normales\\\" - Infoecos\",\"isPartOf\":{\"@id\":\"https:\/\/infoecos.com.ar\/#website\"},\"primaryImageOfPage\":{\"@id\":\"https:\/\/infoecos.com.ar\/index.php\/septiembre-octubre-y-noviembre-pueden-tener-precipitaciones-dentro-de-los-parametros-normales\/#primaryimage\"},\"image\":{\"@id\":\"https:\/\/infoecos.com.ar\/index.php\/septiembre-octubre-y-noviembre-pueden-tener-precipitaciones-dentro-de-los-parametros-normales\/#primaryimage\"},\"thumbnailUrl\":\"https:\/\/infoecos.com.ar\/wp-content\/uploads\/2022\/09\/72.png\",\"datePublished\":\"2022-09-09T05:33:08+00:00\",\"dateModified\":\"2022-09-12T06:54:30+00:00\",\"breadcrumb\":{\"@id\":\"https:\/\/infoecos.com.ar\/index.php\/septiembre-octubre-y-noviembre-pueden-tener-precipitaciones-dentro-de-los-parametros-normales\/#breadcrumb\"},\"inLanguage\":\"es\",\"potentialAction\":[{\"@type\":\"ReadAction\",\"target\":[\"https:\/\/infoecos.com.ar\/index.php\/septiembre-octubre-y-noviembre-pueden-tener-precipitaciones-dentro-de-los-parametros-normales\/\"]}]},{\"@type\":\"ImageObject\",\"inLanguage\":\"es\",\"@id\":\"https:\/\/infoecos.com.ar\/index.php\/septiembre-octubre-y-noviembre-pueden-tener-precipitaciones-dentro-de-los-parametros-normales\/#primaryimage\",\"url\":\"https:\/\/infoecos.com.ar\/wp-content\/uploads\/2022\/09\/72.png\",\"contentUrl\":\"https:\/\/infoecos.com.ar\/wp-content\/uploads\/2022\/09\/72.png\",\"width\":257,\"height\":256},{\"@type\":\"BreadcrumbList\",\"@id\":\"https:\/\/infoecos.com.ar\/index.php\/septiembre-octubre-y-noviembre-pueden-tener-precipitaciones-dentro-de-los-parametros-normales\/#breadcrumb\",\"itemListElement\":[{\"@type\":\"ListItem\",\"position\":1,\"name\":\"Portada\",\"item\":\"https:\/\/infoecos.com.ar\/\"},{\"@type\":\"ListItem\",\"position\":2,\"name\":\"Septiembre, octubre y noviembre pueden tener precipitaciones \u00abdentro de los par\u00e1metros normales\u00bb\"}]},{\"@type\":\"WebSite\",\"@id\":\"https:\/\/infoecos.com.ar\/#website\",\"url\":\"https:\/\/infoecos.com.ar\/\",\"name\":\"Infoecos\",\"description\":\"Noticias de trenque lauquen y la zona\",\"publisher\":{\"@id\":\"https:\/\/infoecos.com.ar\/#organization\"},\"alternateName\":\"Noticias\",\"potentialAction\":[{\"@type\":\"SearchAction\",\"target\":{\"@type\":\"EntryPoint\",\"urlTemplate\":\"https:\/\/infoecos.com.ar\/?s={search_term_string}\"},\"query-input\":{\"@type\":\"PropertyValueSpecification\",\"valueRequired\":true,\"valueName\":\"search_term_string\"}}],\"inLanguage\":\"es\"},{\"@type\":\"Organization\",\"@id\":\"https:\/\/infoecos.com.ar\/#organization\",\"name\":\"Infoecos\",\"alternateName\":\"Noticias\",\"url\":\"https:\/\/infoecos.com.ar\/\",\"logo\":{\"@type\":\"ImageObject\",\"inLanguage\":\"es\",\"@id\":\"https:\/\/infoecos.com.ar\/#\/schema\/logo\/image\/\",\"url\":\"https:\/\/infoecos.com.ar\/wp-content\/uploads\/2024\/03\/cropped-logo.png\",\"contentUrl\":\"https:\/\/infoecos.com.ar\/wp-content\/uploads\/2024\/03\/cropped-logo.png\",\"width\":374,\"height\":90,\"caption\":\"Infoecos\"},\"image\":{\"@id\":\"https:\/\/infoecos.com.ar\/#\/schema\/logo\/image\/\"},\"sameAs\":[\"https:\/\/www.facebook.com\/profile.php?id=100063200290284\",\"https:\/\/x.com\/infoecos\"]},{\"@type\":\"Person\",\"@id\":\"https:\/\/infoecos.com.ar\/#\/schema\/person\/8f5ace5ce73b4b4aac4b7245aee6f191\",\"name\":\"Jorge Matheus\",\"url\":\"https:\/\/infoecos.com.ar\/index.php\/author\/jomatheus\/\"}]}<\/script>\n<!-- \/ Yoast SEO plugin. -->","yoast_head_json":{"title":"Septiembre, octubre y noviembre pueden tener precipitaciones \"dentro de los par\u00e1metros normales\" - Infoecos","robots":{"index":"index","follow":"follow","max-snippet":"max-snippet:-1","max-image-preview":"max-image-preview:large","max-video-preview":"max-video-preview:-1"},"canonical":"https:\/\/infoecos.com.ar\/index.php\/septiembre-octubre-y-noviembre-pueden-tener-precipitaciones-dentro-de-los-parametros-normales\/","og_locale":"es_ES","og_type":"article","og_title":"Septiembre, octubre y noviembre pueden tener precipitaciones \"dentro de los par\u00e1metros normales\" - Infoecos","og_description":"Hay una tendencia de \"una primavera m\u00e1s c\u00e1lida que lo normal\", y no descartaron \"una mayor frecuencia de temperaturas m\u00e1ximas extremadamente altas\", seg\u00fan el Pron\u00f3stico Clim\u00e1tico Trimestral (PCT) realizado por el organismo","og_url":"https:\/\/infoecos.com.ar\/index.php\/septiembre-octubre-y-noviembre-pueden-tener-precipitaciones-dentro-de-los-parametros-normales\/","og_site_name":"Infoecos","article_publisher":"https:\/\/www.facebook.com\/profile.php?id=100063200290284","article_published_time":"2022-09-09T05:33:08+00:00","article_modified_time":"2022-09-12T06:54:30+00:00","og_image":[{"width":257,"height":256,"url":"https:\/\/infoecos.com.ar\/wp-content\/uploads\/2022\/09\/72.png","type":"image\/png"}],"author":"Jorge Matheus","twitter_card":"summary_large_image","twitter_creator":"@infoecos","twitter_site":"@infoecos","twitter_misc":{"Escrito por":"Jorge Matheus","Tiempo de lectura":"3 minutos"},"schema":{"@context":"https:\/\/schema.org","@graph":[{"@type":"Article","@id":"https:\/\/infoecos.com.ar\/index.php\/septiembre-octubre-y-noviembre-pueden-tener-precipitaciones-dentro-de-los-parametros-normales\/#article","isPartOf":{"@id":"https:\/\/infoecos.com.ar\/index.php\/septiembre-octubre-y-noviembre-pueden-tener-precipitaciones-dentro-de-los-parametros-normales\/"},"author":{"name":"Jorge Matheus","@id":"https:\/\/infoecos.com.ar\/#\/schema\/person\/8f5ace5ce73b4b4aac4b7245aee6f191"},"headline":"Septiembre, octubre y noviembre pueden tener precipitaciones \u00abdentro de los par\u00e1metros normales\u00bb","datePublished":"2022-09-09T05:33:08+00:00","dateModified":"2022-09-12T06:54:30+00:00","mainEntityOfPage":{"@id":"https:\/\/infoecos.com.ar\/index.php\/septiembre-octubre-y-noviembre-pueden-tener-precipitaciones-dentro-de-los-parametros-normales\/"},"wordCount":520,"publisher":{"@id":"https:\/\/infoecos.com.ar\/#organization"},"image":{"@id":"https:\/\/infoecos.com.ar\/index.php\/septiembre-octubre-y-noviembre-pueden-tener-precipitaciones-dentro-de-los-parametros-normales\/#primaryimage"},"thumbnailUrl":"https:\/\/infoecos.com.ar\/wp-content\/uploads\/2022\/09\/72.png","keywords":["SERVICIO METEOROL\u00d3GICO nACIONAL"],"articleSection":["C2 N7"],"inLanguage":"es"},{"@type":"WebPage","@id":"https:\/\/infoecos.com.ar\/index.php\/septiembre-octubre-y-noviembre-pueden-tener-precipitaciones-dentro-de-los-parametros-normales\/","url":"https:\/\/infoecos.com.ar\/index.php\/septiembre-octubre-y-noviembre-pueden-tener-precipitaciones-dentro-de-los-parametros-normales\/","name":"Septiembre, octubre y noviembre pueden tener precipitaciones \"dentro de los par\u00e1metros normales\" - Infoecos","isPartOf":{"@id":"https:\/\/infoecos.com.ar\/#website"},"primaryImageOfPage":{"@id":"https:\/\/infoecos.com.ar\/index.php\/septiembre-octubre-y-noviembre-pueden-tener-precipitaciones-dentro-de-los-parametros-normales\/#primaryimage"},"image":{"@id":"https:\/\/infoecos.com.ar\/index.php\/septiembre-octubre-y-noviembre-pueden-tener-precipitaciones-dentro-de-los-parametros-normales\/#primaryimage"},"thumbnailUrl":"https:\/\/infoecos.com.ar\/wp-content\/uploads\/2022\/09\/72.png","datePublished":"2022-09-09T05:33:08+00:00","dateModified":"2022-09-12T06:54:30+00:00","breadcrumb":{"@id":"https:\/\/infoecos.com.ar\/index.php\/septiembre-octubre-y-noviembre-pueden-tener-precipitaciones-dentro-de-los-parametros-normales\/#breadcrumb"},"inLanguage":"es","potentialAction":[{"@type":"ReadAction","target":["https:\/\/infoecos.com.ar\/index.php\/septiembre-octubre-y-noviembre-pueden-tener-precipitaciones-dentro-de-los-parametros-normales\/"]}]},{"@type":"ImageObject","inLanguage":"es","@id":"https:\/\/infoecos.com.ar\/index.php\/septiembre-octubre-y-noviembre-pueden-tener-precipitaciones-dentro-de-los-parametros-normales\/#primaryimage","url":"https:\/\/infoecos.com.ar\/wp-content\/uploads\/2022\/09\/72.png","contentUrl":"https:\/\/infoecos.com.ar\/wp-content\/uploads\/2022\/09\/72.png","width":257,"height":256},{"@type":"BreadcrumbList","@id":"https:\/\/infoecos.com.ar\/index.php\/septiembre-octubre-y-noviembre-pueden-tener-precipitaciones-dentro-de-los-parametros-normales\/#breadcrumb","itemListElement":[{"@type":"ListItem","position":1,"name":"Portada","item":"https:\/\/infoecos.com.ar\/"},{"@type":"ListItem","position":2,"name":"Septiembre, octubre y noviembre pueden tener precipitaciones \u00abdentro de los par\u00e1metros normales\u00bb"}]},{"@type":"WebSite","@id":"https:\/\/infoecos.com.ar\/#website","url":"https:\/\/infoecos.com.ar\/","name":"Infoecos","description":"Noticias de trenque lauquen y la zona","publisher":{"@id":"https:\/\/infoecos.com.ar\/#organization"},"alternateName":"Noticias","potentialAction":[{"@type":"SearchAction","target":{"@type":"EntryPoint","urlTemplate":"https:\/\/infoecos.com.ar\/?s={search_term_string}"},"query-input":{"@type":"PropertyValueSpecification","valueRequired":true,"valueName":"search_term_string"}}],"inLanguage":"es"},{"@type":"Organization","@id":"https:\/\/infoecos.com.ar\/#organization","name":"Infoecos","alternateName":"Noticias","url":"https:\/\/infoecos.com.ar\/","logo":{"@type":"ImageObject","inLanguage":"es","@id":"https:\/\/infoecos.com.ar\/#\/schema\/logo\/image\/","url":"https:\/\/infoecos.com.ar\/wp-content\/uploads\/2024\/03\/cropped-logo.png","contentUrl":"https:\/\/infoecos.com.ar\/wp-content\/uploads\/2024\/03\/cropped-logo.png","width":374,"height":90,"caption":"Infoecos"},"image":{"@id":"https:\/\/infoecos.com.ar\/#\/schema\/logo\/image\/"},"sameAs":["https:\/\/www.facebook.com\/profile.php?id=100063200290284","https:\/\/x.com\/infoecos"]},{"@type":"Person","@id":"https:\/\/infoecos.com.ar\/#\/schema\/person\/8f5ace5ce73b4b4aac4b7245aee6f191","name":"Jorge Matheus","url":"https:\/\/infoecos.com.ar\/index.php\/author\/jomatheus\/"}]}},"featured_image_urls":{"full":["https:\/\/infoecos.com.ar\/wp-content\/uploads\/2022\/09\/72.png",257,256,false],"thumbnail":["https:\/\/infoecos.com.ar\/wp-content\/uploads\/2022\/09\/72-150x150.png",150,150,true],"medium":["https:\/\/infoecos.com.ar\/wp-content\/uploads\/2022\/09\/72.png",257,256,false],"medium_large":["https:\/\/infoecos.com.ar\/wp-content\/uploads\/2022\/09\/72.png",257,256,false],"large":["https:\/\/infoecos.com.ar\/wp-content\/uploads\/2022\/09\/72.png",257,256,false],"1536x1536":["https:\/\/infoecos.com.ar\/wp-content\/uploads\/2022\/09\/72.png",257,256,false],"2048x2048":["https:\/\/infoecos.com.ar\/wp-content\/uploads\/2022\/09\/72.png",257,256,false],"covernews-slider-full":["https:\/\/infoecos.com.ar\/wp-content\/uploads\/2022\/09\/72.png",257,256,false],"covernews-slider-center":["https:\/\/infoecos.com.ar\/wp-content\/uploads\/2022\/09\/72.png",257,256,false],"covernews-featured":["https:\/\/infoecos.com.ar\/wp-content\/uploads\/2022\/09\/72.png",257,256,false],"covernews-medium":["https:\/\/infoecos.com.ar\/wp-content\/uploads\/2022\/09\/72.png",257,256,false],"covernews-medium-square":["https:\/\/infoecos.com.ar\/wp-content\/uploads\/2022\/09\/72.png",251,250,false]},"author_info":{"info":["Jorge Matheus"]},"category_info":"<a href=\"https:\/\/infoecos.com.ar\/index.php\/category\/c2nota7\/\" rel=\"category tag\">C2 N7<\/a>","tag_info":"C2 N7","comment_count":"0","_links":{"self":[{"href":"https:\/\/infoecos.com.ar\/index.php\/wp-json\/wp\/v2\/posts\/97462"}],"collection":[{"href":"https:\/\/infoecos.com.ar\/index.php\/wp-json\/wp\/v2\/posts"}],"about":[{"href":"https:\/\/infoecos.com.ar\/index.php\/wp-json\/wp\/v2\/types\/post"}],"author":[{"embeddable":true,"href":"https:\/\/infoecos.com.ar\/index.php\/wp-json\/wp\/v2\/users\/2"}],"replies":[{"embeddable":true,"href":"https:\/\/infoecos.com.ar\/index.php\/wp-json\/wp\/v2\/comments?post=97462"}],"version-history":[{"count":1,"href":"https:\/\/infoecos.com.ar\/index.php\/wp-json\/wp\/v2\/posts\/97462\/revisions"}],"predecessor-version":[{"id":97464,"href":"https:\/\/infoecos.com.ar\/index.php\/wp-json\/wp\/v2\/posts\/97462\/revisions\/97464"}],"wp:featuredmedia":[{"embeddable":true,"href":"https:\/\/infoecos.com.ar\/index.php\/wp-json\/wp\/v2\/media\/97463"}],"wp:attachment":[{"href":"https:\/\/infoecos.com.ar\/index.php\/wp-json\/wp\/v2\/media?parent=97462"}],"wp:term":[{"taxonomy":"category","embeddable":true,"href":"https:\/\/infoecos.com.ar\/index.php\/wp-json\/wp\/v2\/categories?post=97462"},{"taxonomy":"post_tag","embeddable":true,"href":"https:\/\/infoecos.com.ar\/index.php\/wp-json\/wp\/v2\/tags?post=97462"}],"curies":[{"name":"wp","href":"https:\/\/api.w.org\/{rel}","templated":true}]}}