{"id":97465,"date":"2022-09-09T02:45:42","date_gmt":"2022-09-09T05:45:42","guid":{"rendered":"http:\/\/infoecos.com.ar\/?p=97465"},"modified":"2022-09-09T16:32:38","modified_gmt":"2022-09-09T19:32:38","slug":"cambios-en-el-gabinete-municipal-t-lauquen-silvina-san-juan-directora-del-hospital","status":"publish","type":"post","link":"https:\/\/infoecos.com.ar\/index.php\/cambios-en-el-gabinete-municipal-t-lauquen-silvina-san-juan-directora-del-hospital\/","title":{"rendered":"Cambios en el gabinete municipal T.Lauquen: Silvina San Juan, Directora del Hospital"},"content":{"rendered":"\n<p>El Intendente municipal, Miguel Fern\u00e1ndez, anunci\u00f3 en conferencia de prensa la puesta en funciones de la actual concejal Alicia Ramudo, como subsecretaria de Desarrollo Econ\u00f3mico y Productivo, en reemplazo de Clarisa Fabris, y la designaci\u00f3n de la Dra. Silvina San Juan como nueva directora del Hospital Municipal Dr. Pedro T. Orellana, en lugar de la Dra. Nora Grinberg.<\/p>\n\n\n\n<figure class=\"wp-block-image aligncenter size-large is-resized\"><img loading=\"lazy\" decoding=\"async\" src=\"http:\/\/infoecos.com.ar\/wp-content\/uploads\/2022\/09\/Conferencia-1-920x613.jpg\" alt=\"\" class=\"wp-image-97466\" width=\"526\" height=\"350\" srcset=\"https:\/\/infoecos.com.ar\/wp-content\/uploads\/2022\/09\/Conferencia-1-920x613.jpg 920w, https:\/\/infoecos.com.ar\/wp-content\/uploads\/2022\/09\/Conferencia-1-460x307.jpg 460w, https:\/\/infoecos.com.ar\/wp-content\/uploads\/2022\/09\/Conferencia-1-768x512.jpg 768w, https:\/\/infoecos.com.ar\/wp-content\/uploads\/2022\/09\/Conferencia-1-936x625.jpg 936w, https:\/\/infoecos.com.ar\/wp-content\/uploads\/2022\/09\/Conferencia-1-675x450.jpg 675w, https:\/\/infoecos.com.ar\/wp-content\/uploads\/2022\/09\/Conferencia-1.jpg 938w\" sizes=\"(max-width: 526px) 100vw, 526px\" \/><\/figure>\n\n\n\n<p>La presentaci\u00f3n se realiz\u00f3 en el despacho del Jefe comunal, quien dio la bienvenida a las flamantes funcionarias destacando la buena predisposici\u00f3n y el trabajo que vienen realizando en sus distintas tareas, para se\u00f1alar que en el caso de Alicia Ramudo, a\u00fan falta el tr\u00e1mite de pedido de licencia-renuncia (algo que se est\u00e1 analizando) a su banca en el Concejo Deliberante (HCD). Tambi\u00e9n asistieron el secretario de Gobierno, Gustavo Marchabalo y el subsecretario de Salud, Dr. Sergio Valente.<\/p>\n\n\n\n<figure class=\"wp-block-image aligncenter size-full is-resized\"><img loading=\"lazy\" decoding=\"async\" src=\"http:\/\/infoecos.com.ar\/wp-content\/uploads\/2022\/09\/Conferencia-3.jpg\" alt=\"\" class=\"wp-image-97467\" width=\"526\" height=\"350\" srcset=\"https:\/\/infoecos.com.ar\/wp-content\/uploads\/2022\/09\/Conferencia-3.jpg 852w, https:\/\/infoecos.com.ar\/wp-content\/uploads\/2022\/09\/Conferencia-3-460x307.jpg 460w, https:\/\/infoecos.com.ar\/wp-content\/uploads\/2022\/09\/Conferencia-3-768x512.jpg 768w, https:\/\/infoecos.com.ar\/wp-content\/uploads\/2022\/09\/Conferencia-3-675x450.jpg 675w\" sizes=\"(max-width: 526px) 100vw, 526px\" \/><\/figure>\n\n\n\n<p>\u201cLa Dra. Silvina San Juan ser\u00e1 a partir del d\u00eda de la fecha la nueva directora del Hospital Municipal, en reemplazo de mi amiga y excelente profesional la Dra. Nora Grinberg, quien luego de una licencia que va a tomar por cuestiones de salud y de regreso en Trenque Lauquen va a quedar a cargo del Comit\u00e9 de Docencia e Investigaci\u00f3n del Hospital, un \u00e1rea que se ha venido profundizando desde el inicio de la gesti\u00f3n\u201d, coment\u00f3 el Intendente Miguel Fern\u00e1ndez.<\/p>\n\n\n\n<p>Se\u00f1al\u00f3 que \u201cestar\u00e1 acompa\u00f1ada por los Dres. Ra\u00fal Delamata y Juan Carlos Grossi, quienes ya est\u00e1n jubilados pero que siguen colaborando con el Hospital Municipal\u201d.<\/p>\n\n\n\n<figure class=\"wp-block-image aligncenter size-full is-resized\"><img loading=\"lazy\" decoding=\"async\" src=\"http:\/\/infoecos.com.ar\/wp-content\/uploads\/2022\/09\/Conferencia-6.jpg\" alt=\"\" class=\"wp-image-97468\" width=\"510\" height=\"340\" srcset=\"https:\/\/infoecos.com.ar\/wp-content\/uploads\/2022\/09\/Conferencia-6.jpg 852w, https:\/\/infoecos.com.ar\/wp-content\/uploads\/2022\/09\/Conferencia-6-460x307.jpg 460w, https:\/\/infoecos.com.ar\/wp-content\/uploads\/2022\/09\/Conferencia-6-768x512.jpg 768w, https:\/\/infoecos.com.ar\/wp-content\/uploads\/2022\/09\/Conferencia-6-675x450.jpg 675w\" sizes=\"(max-width: 510px) 100vw, 510px\" \/><\/figure>\n\n\n\n<p>En relaci\u00f3n a la designaci\u00f3n de Ramudo, el Intendente coment\u00f3 que \u201cno va a ser f\u00e1cil, pero Clarisa -quien se alej\u00f3 el 31 de agosto, como estaba previsto, por proyectos personales y familiares- dej\u00f3 una subsecretar\u00eda de Producci\u00f3n en pleno funcionamiento, y tomada la decisi\u00f3n del reemplazo, viene ahora una etapa de transici\u00f3n\u00bb.<\/p>\n","protected":false},"excerpt":{"rendered":"<p>Nora Grinberg a cargo del Comit\u00e9 de Docencia e Investigaci\u00f3n del Hospital. Ramudo en reemplazo de Clarisa Fabris<\/p>\n","protected":false},"author":2,"featured_media":97466,"comment_status":"closed","ping_status":"open","sticky":false,"template":"","format":"standard","meta":{"footnotes":""},"categories":[48],"tags":[6725],"class_list":["post-97465","post","type-post","status-publish","format-standard","has-post-thumbnail","hentry","category-c2nota3","tag-concejal-ramudo-a-produccion"],"yoast_head":"<!-- This site is optimized with the Yoast SEO plugin v23.4 - https:\/\/yoast.com\/wordpress\/plugins\/seo\/ -->\n<title>Cambios en el gabinete municipal T.Lauquen: Silvina San Juan, Directora del Hospital - Infoecos<\/title>\n<meta name=\"robots\" content=\"index, follow, max-snippet:-1, max-image-preview:large, max-video-preview:-1\" \/>\n<link rel=\"canonical\" href=\"https:\/\/infoecos.com.ar\/index.php\/cambios-en-el-gabinete-municipal-t-lauquen-silvina-san-juan-directora-del-hospital\/\" \/>\n<meta property=\"og:locale\" content=\"es_ES\" \/>\n<meta property=\"og:type\" content=\"article\" \/>\n<meta property=\"og:title\" content=\"Cambios en el gabinete municipal T.Lauquen: Silvina San Juan, Directora del Hospital - Infoecos\" \/>\n<meta property=\"og:description\" content=\"Nora Grinberg a cargo del Comit\u00e9 de Docencia e Investigaci\u00f3n del Hospital. Ramudo en reemplazo de Clarisa Fabris\" \/>\n<meta property=\"og:url\" content=\"https:\/\/infoecos.com.ar\/index.php\/cambios-en-el-gabinete-municipal-t-lauquen-silvina-san-juan-directora-del-hospital\/\" \/>\n<meta property=\"og:site_name\" content=\"Infoecos\" \/>\n<meta property=\"article:publisher\" content=\"https:\/\/www.facebook.com\/profile.php?id=100063200290284\" \/>\n<meta property=\"article:published_time\" content=\"2022-09-09T05:45:42+00:00\" \/>\n<meta property=\"article:modified_time\" content=\"2022-09-09T19:32:38+00:00\" \/>\n<meta property=\"og:image\" content=\"https:\/\/infoecos.com.ar\/wp-content\/uploads\/2022\/09\/Conferencia-1.jpg\" \/>\n\t<meta property=\"og:image:width\" content=\"938\" \/>\n\t<meta property=\"og:image:height\" content=\"625\" \/>\n\t<meta property=\"og:image:type\" content=\"image\/jpeg\" \/>\n<meta name=\"author\" content=\"Jorge Matheus\" \/>\n<meta name=\"twitter:card\" content=\"summary_large_image\" \/>\n<meta name=\"twitter:creator\" content=\"@infoecos\" \/>\n<meta name=\"twitter:site\" content=\"@infoecos\" \/>\n<meta name=\"twitter:label1\" content=\"Escrito por\" \/>\n\t<meta name=\"twitter:data1\" content=\"Jorge Matheus\" \/>\n\t<meta name=\"twitter:label2\" content=\"Tiempo de lectura\" \/>\n\t<meta name=\"twitter:data2\" content=\"2 minutos\" \/>\n<script type=\"application\/ld+json\" class=\"yoast-schema-graph\">{\"@context\":\"https:\/\/schema.org\",\"@graph\":[{\"@type\":\"Article\",\"@id\":\"https:\/\/infoecos.com.ar\/index.php\/cambios-en-el-gabinete-municipal-t-lauquen-silvina-san-juan-directora-del-hospital\/#article\",\"isPartOf\":{\"@id\":\"https:\/\/infoecos.com.ar\/index.php\/cambios-en-el-gabinete-municipal-t-lauquen-silvina-san-juan-directora-del-hospital\/\"},\"author\":{\"name\":\"Jorge Matheus\",\"@id\":\"https:\/\/infoecos.com.ar\/#\/schema\/person\/8f5ace5ce73b4b4aac4b7245aee6f191\"},\"headline\":\"Cambios en el gabinete municipal T.Lauquen: Silvina San Juan, Directora del Hospital\",\"datePublished\":\"2022-09-09T05:45:42+00:00\",\"dateModified\":\"2022-09-09T19:32:38+00:00\",\"mainEntityOfPage\":{\"@id\":\"https:\/\/infoecos.com.ar\/index.php\/cambios-en-el-gabinete-municipal-t-lauquen-silvina-san-juan-directora-del-hospital\/\"},\"wordCount\":331,\"publisher\":{\"@id\":\"https:\/\/infoecos.com.ar\/#organization\"},\"image\":{\"@id\":\"https:\/\/infoecos.com.ar\/index.php\/cambios-en-el-gabinete-municipal-t-lauquen-silvina-san-juan-directora-del-hospital\/#primaryimage\"},\"thumbnailUrl\":\"https:\/\/infoecos.com.ar\/wp-content\/uploads\/2022\/09\/Conferencia-1.jpg\",\"keywords\":[\"CONCEJAL RAMUDO A PRODUCCI\u00d3N\"],\"articleSection\":[\"C2 N3\"],\"inLanguage\":\"es\"},{\"@type\":\"WebPage\",\"@id\":\"https:\/\/infoecos.com.ar\/index.php\/cambios-en-el-gabinete-municipal-t-lauquen-silvina-san-juan-directora-del-hospital\/\",\"url\":\"https:\/\/infoecos.com.ar\/index.php\/cambios-en-el-gabinete-municipal-t-lauquen-silvina-san-juan-directora-del-hospital\/\",\"name\":\"Cambios en el gabinete municipal T.Lauquen: Silvina San Juan, Directora del Hospital - Infoecos\",\"isPartOf\":{\"@id\":\"https:\/\/infoecos.com.ar\/#website\"},\"primaryImageOfPage\":{\"@id\":\"https:\/\/infoecos.com.ar\/index.php\/cambios-en-el-gabinete-municipal-t-lauquen-silvina-san-juan-directora-del-hospital\/#primaryimage\"},\"image\":{\"@id\":\"https:\/\/infoecos.com.ar\/index.php\/cambios-en-el-gabinete-municipal-t-lauquen-silvina-san-juan-directora-del-hospital\/#primaryimage\"},\"thumbnailUrl\":\"https:\/\/infoecos.com.ar\/wp-content\/uploads\/2022\/09\/Conferencia-1.jpg\",\"datePublished\":\"2022-09-09T05:45:42+00:00\",\"dateModified\":\"2022-09-09T19:32:38+00:00\",\"breadcrumb\":{\"@id\":\"https:\/\/infoecos.com.ar\/index.php\/cambios-en-el-gabinete-municipal-t-lauquen-silvina-san-juan-directora-del-hospital\/#breadcrumb\"},\"inLanguage\":\"es\",\"potentialAction\":[{\"@type\":\"ReadAction\",\"target\":[\"https:\/\/infoecos.com.ar\/index.php\/cambios-en-el-gabinete-municipal-t-lauquen-silvina-san-juan-directora-del-hospital\/\"]}]},{\"@type\":\"ImageObject\",\"inLanguage\":\"es\",\"@id\":\"https:\/\/infoecos.com.ar\/index.php\/cambios-en-el-gabinete-municipal-t-lauquen-silvina-san-juan-directora-del-hospital\/#primaryimage\",\"url\":\"https:\/\/infoecos.com.ar\/wp-content\/uploads\/2022\/09\/Conferencia-1.jpg\",\"contentUrl\":\"https:\/\/infoecos.com.ar\/wp-content\/uploads\/2022\/09\/Conferencia-1.jpg\",\"width\":938,\"height\":625},{\"@type\":\"BreadcrumbList\",\"@id\":\"https:\/\/infoecos.com.ar\/index.php\/cambios-en-el-gabinete-municipal-t-lauquen-silvina-san-juan-directora-del-hospital\/#breadcrumb\",\"itemListElement\":[{\"@type\":\"ListItem\",\"position\":1,\"name\":\"Portada\",\"item\":\"https:\/\/infoecos.com.ar\/\"},{\"@type\":\"ListItem\",\"position\":2,\"name\":\"Cambios en el gabinete municipal T.Lauquen: Silvina San Juan, Directora del Hospital\"}]},{\"@type\":\"WebSite\",\"@id\":\"https:\/\/infoecos.com.ar\/#website\",\"url\":\"https:\/\/infoecos.com.ar\/\",\"name\":\"Infoecos\",\"description\":\"Noticias de trenque lauquen y la zona\",\"publisher\":{\"@id\":\"https:\/\/infoecos.com.ar\/#organization\"},\"alternateName\":\"Noticias\",\"potentialAction\":[{\"@type\":\"SearchAction\",\"target\":{\"@type\":\"EntryPoint\",\"urlTemplate\":\"https:\/\/infoecos.com.ar\/?s={search_term_string}\"},\"query-input\":{\"@type\":\"PropertyValueSpecification\",\"valueRequired\":true,\"valueName\":\"search_term_string\"}}],\"inLanguage\":\"es\"},{\"@type\":\"Organization\",\"@id\":\"https:\/\/infoecos.com.ar\/#organization\",\"name\":\"Infoecos\",\"alternateName\":\"Noticias\",\"url\":\"https:\/\/infoecos.com.ar\/\",\"logo\":{\"@type\":\"ImageObject\",\"inLanguage\":\"es\",\"@id\":\"https:\/\/infoecos.com.ar\/#\/schema\/logo\/image\/\",\"url\":\"https:\/\/infoecos.com.ar\/wp-content\/uploads\/2024\/03\/cropped-logo.png\",\"contentUrl\":\"https:\/\/infoecos.com.ar\/wp-content\/uploads\/2024\/03\/cropped-logo.png\",\"width\":374,\"height\":90,\"caption\":\"Infoecos\"},\"image\":{\"@id\":\"https:\/\/infoecos.com.ar\/#\/schema\/logo\/image\/\"},\"sameAs\":[\"https:\/\/www.facebook.com\/profile.php?id=100063200290284\",\"https:\/\/x.com\/infoecos\"]},{\"@type\":\"Person\",\"@id\":\"https:\/\/infoecos.com.ar\/#\/schema\/person\/8f5ace5ce73b4b4aac4b7245aee6f191\",\"name\":\"Jorge Matheus\",\"url\":\"https:\/\/infoecos.com.ar\/index.php\/author\/jomatheus\/\"}]}<\/script>\n<!-- \/ Yoast SEO plugin. -->","yoast_head_json":{"title":"Cambios en el gabinete municipal T.Lauquen: Silvina San Juan, Directora del Hospital - Infoecos","robots":{"index":"index","follow":"follow","max-snippet":"max-snippet:-1","max-image-preview":"max-image-preview:large","max-video-preview":"max-video-preview:-1"},"canonical":"https:\/\/infoecos.com.ar\/index.php\/cambios-en-el-gabinete-municipal-t-lauquen-silvina-san-juan-directora-del-hospital\/","og_locale":"es_ES","og_type":"article","og_title":"Cambios en el gabinete municipal T.Lauquen: Silvina San Juan, Directora del Hospital - Infoecos","og_description":"Nora Grinberg a cargo del Comit\u00e9 de Docencia e Investigaci\u00f3n del Hospital. Ramudo en reemplazo de Clarisa Fabris","og_url":"https:\/\/infoecos.com.ar\/index.php\/cambios-en-el-gabinete-municipal-t-lauquen-silvina-san-juan-directora-del-hospital\/","og_site_name":"Infoecos","article_publisher":"https:\/\/www.facebook.com\/profile.php?id=100063200290284","article_published_time":"2022-09-09T05:45:42+00:00","article_modified_time":"2022-09-09T19:32:38+00:00","og_image":[{"width":938,"height":625,"url":"https:\/\/infoecos.com.ar\/wp-content\/uploads\/2022\/09\/Conferencia-1.jpg","type":"image\/jpeg"}],"author":"Jorge Matheus","twitter_card":"summary_large_image","twitter_creator":"@infoecos","twitter_site":"@infoecos","twitter_misc":{"Escrito por":"Jorge Matheus","Tiempo de lectura":"2 minutos"},"schema":{"@context":"https:\/\/schema.org","@graph":[{"@type":"Article","@id":"https:\/\/infoecos.com.ar\/index.php\/cambios-en-el-gabinete-municipal-t-lauquen-silvina-san-juan-directora-del-hospital\/#article","isPartOf":{"@id":"https:\/\/infoecos.com.ar\/index.php\/cambios-en-el-gabinete-municipal-t-lauquen-silvina-san-juan-directora-del-hospital\/"},"author":{"name":"Jorge Matheus","@id":"https:\/\/infoecos.com.ar\/#\/schema\/person\/8f5ace5ce73b4b4aac4b7245aee6f191"},"headline":"Cambios en el gabinete municipal T.Lauquen: Silvina San Juan, Directora del Hospital","datePublished":"2022-09-09T05:45:42+00:00","dateModified":"2022-09-09T19:32:38+00:00","mainEntityOfPage":{"@id":"https:\/\/infoecos.com.ar\/index.php\/cambios-en-el-gabinete-municipal-t-lauquen-silvina-san-juan-directora-del-hospital\/"},"wordCount":331,"publisher":{"@id":"https:\/\/infoecos.com.ar\/#organization"},"image":{"@id":"https:\/\/infoecos.com.ar\/index.php\/cambios-en-el-gabinete-municipal-t-lauquen-silvina-san-juan-directora-del-hospital\/#primaryimage"},"thumbnailUrl":"https:\/\/infoecos.com.ar\/wp-content\/uploads\/2022\/09\/Conferencia-1.jpg","keywords":["CONCEJAL RAMUDO A PRODUCCI\u00d3N"],"articleSection":["C2 N3"],"inLanguage":"es"},{"@type":"WebPage","@id":"https:\/\/infoecos.com.ar\/index.php\/cambios-en-el-gabinete-municipal-t-lauquen-silvina-san-juan-directora-del-hospital\/","url":"https:\/\/infoecos.com.ar\/index.php\/cambios-en-el-gabinete-municipal-t-lauquen-silvina-san-juan-directora-del-hospital\/","name":"Cambios en el gabinete municipal T.Lauquen: Silvina San Juan, Directora del Hospital - Infoecos","isPartOf":{"@id":"https:\/\/infoecos.com.ar\/#website"},"primaryImageOfPage":{"@id":"https:\/\/infoecos.com.ar\/index.php\/cambios-en-el-gabinete-municipal-t-lauquen-silvina-san-juan-directora-del-hospital\/#primaryimage"},"image":{"@id":"https:\/\/infoecos.com.ar\/index.php\/cambios-en-el-gabinete-municipal-t-lauquen-silvina-san-juan-directora-del-hospital\/#primaryimage"},"thumbnailUrl":"https:\/\/infoecos.com.ar\/wp-content\/uploads\/2022\/09\/Conferencia-1.jpg","datePublished":"2022-09-09T05:45:42+00:00","dateModified":"2022-09-09T19:32:38+00:00","breadcrumb":{"@id":"https:\/\/infoecos.com.ar\/index.php\/cambios-en-el-gabinete-municipal-t-lauquen-silvina-san-juan-directora-del-hospital\/#breadcrumb"},"inLanguage":"es","potentialAction":[{"@type":"ReadAction","target":["https:\/\/infoecos.com.ar\/index.php\/cambios-en-el-gabinete-municipal-t-lauquen-silvina-san-juan-directora-del-hospital\/"]}]},{"@type":"ImageObject","inLanguage":"es","@id":"https:\/\/infoecos.com.ar\/index.php\/cambios-en-el-gabinete-municipal-t-lauquen-silvina-san-juan-directora-del-hospital\/#primaryimage","url":"https:\/\/infoecos.com.ar\/wp-content\/uploads\/2022\/09\/Conferencia-1.jpg","contentUrl":"https:\/\/infoecos.com.ar\/wp-content\/uploads\/2022\/09\/Conferencia-1.jpg","width":938,"height":625},{"@type":"BreadcrumbList","@id":"https:\/\/infoecos.com.ar\/index.php\/cambios-en-el-gabinete-municipal-t-lauquen-silvina-san-juan-directora-del-hospital\/#breadcrumb","itemListElement":[{"@type":"ListItem","position":1,"name":"Portada","item":"https:\/\/infoecos.com.ar\/"},{"@type":"ListItem","position":2,"name":"Cambios en el gabinete municipal T.Lauquen: Silvina San Juan, Directora del Hospital"}]},{"@type":"WebSite","@id":"https:\/\/infoecos.com.ar\/#website","url":"https:\/\/infoecos.com.ar\/","name":"Infoecos","description":"Noticias de trenque lauquen y la zona","publisher":{"@id":"https:\/\/infoecos.com.ar\/#organization"},"alternateName":"Noticias","potentialAction":[{"@type":"SearchAction","target":{"@type":"EntryPoint","urlTemplate":"https:\/\/infoecos.com.ar\/?s={search_term_string}"},"query-input":{"@type":"PropertyValueSpecification","valueRequired":true,"valueName":"search_term_string"}}],"inLanguage":"es"},{"@type":"Organization","@id":"https:\/\/infoecos.com.ar\/#organization","name":"Infoecos","alternateName":"Noticias","url":"https:\/\/infoecos.com.ar\/","logo":{"@type":"ImageObject","inLanguage":"es","@id":"https:\/\/infoecos.com.ar\/#\/schema\/logo\/image\/","url":"https:\/\/infoecos.com.ar\/wp-content\/uploads\/2024\/03\/cropped-logo.png","contentUrl":"https:\/\/infoecos.com.ar\/wp-content\/uploads\/2024\/03\/cropped-logo.png","width":374,"height":90,"caption":"Infoecos"},"image":{"@id":"https:\/\/infoecos.com.ar\/#\/schema\/logo\/image\/"},"sameAs":["https:\/\/www.facebook.com\/profile.php?id=100063200290284","https:\/\/x.com\/infoecos"]},{"@type":"Person","@id":"https:\/\/infoecos.com.ar\/#\/schema\/person\/8f5ace5ce73b4b4aac4b7245aee6f191","name":"Jorge Matheus","url":"https:\/\/infoecos.com.ar\/index.php\/author\/jomatheus\/"}]}},"featured_image_urls":{"full":["https:\/\/infoecos.com.ar\/wp-content\/uploads\/2022\/09\/Conferencia-1.jpg",938,625,false],"thumbnail":["https:\/\/infoecos.com.ar\/wp-content\/uploads\/2022\/09\/Conferencia-1-150x150.jpg",150,150,true],"medium":["https:\/\/infoecos.com.ar\/wp-content\/uploads\/2022\/09\/Conferencia-1-460x307.jpg",460,307,true],"medium_large":["https:\/\/infoecos.com.ar\/wp-content\/uploads\/2022\/09\/Conferencia-1-768x512.jpg",640,427,true],"large":["https:\/\/infoecos.com.ar\/wp-content\/uploads\/2022\/09\/Conferencia-1-920x613.jpg",640,426,true],"1536x1536":["https:\/\/infoecos.com.ar\/wp-content\/uploads\/2022\/09\/Conferencia-1.jpg",938,625,false],"2048x2048":["https:\/\/infoecos.com.ar\/wp-content\/uploads\/2022\/09\/Conferencia-1.jpg",938,625,false],"covernews-slider-full":["https:\/\/infoecos.com.ar\/wp-content\/uploads\/2022\/09\/Conferencia-1.jpg",938,625,false],"covernews-slider-center":["https:\/\/infoecos.com.ar\/wp-content\/uploads\/2022\/09\/Conferencia-1-936x625.jpg",749,500,true],"covernews-featured":["https:\/\/infoecos.com.ar\/wp-content\/uploads\/2022\/09\/Conferencia-1.jpg",938,625,false],"covernews-medium":["https:\/\/infoecos.com.ar\/wp-content\/uploads\/2022\/09\/Conferencia-1-720x380.jpg",540,285,true],"covernews-medium-square":["https:\/\/infoecos.com.ar\/wp-content\/uploads\/2022\/09\/Conferencia-1-675x450.jpg",375,250,true]},"author_info":{"info":["Jorge Matheus"]},"category_info":"<a href=\"https:\/\/infoecos.com.ar\/index.php\/category\/c2nota3\/\" rel=\"category tag\">C2 N3<\/a>","tag_info":"C2 N3","comment_count":"0","_links":{"self":[{"href":"https:\/\/infoecos.com.ar\/index.php\/wp-json\/wp\/v2\/posts\/97465"}],"collection":[{"href":"https:\/\/infoecos.com.ar\/index.php\/wp-json\/wp\/v2\/posts"}],"about":[{"href":"https:\/\/infoecos.com.ar\/index.php\/wp-json\/wp\/v2\/types\/post"}],"author":[{"embeddable":true,"href":"https:\/\/infoecos.com.ar\/index.php\/wp-json\/wp\/v2\/users\/2"}],"replies":[{"embeddable":true,"href":"https:\/\/infoecos.com.ar\/index.php\/wp-json\/wp\/v2\/comments?post=97465"}],"version-history":[{"count":1,"href":"https:\/\/infoecos.com.ar\/index.php\/wp-json\/wp\/v2\/posts\/97465\/revisions"}],"predecessor-version":[{"id":97469,"href":"https:\/\/infoecos.com.ar\/index.php\/wp-json\/wp\/v2\/posts\/97465\/revisions\/97469"}],"wp:featuredmedia":[{"embeddable":true,"href":"https:\/\/infoecos.com.ar\/index.php\/wp-json\/wp\/v2\/media\/97466"}],"wp:attachment":[{"href":"https:\/\/infoecos.com.ar\/index.php\/wp-json\/wp\/v2\/media?parent=97465"}],"wp:term":[{"taxonomy":"category","embeddable":true,"href":"https:\/\/infoecos.com.ar\/index.php\/wp-json\/wp\/v2\/categories?post=97465"},{"taxonomy":"post_tag","embeddable":true,"href":"https:\/\/infoecos.com.ar\/index.php\/wp-json\/wp\/v2\/tags?post=97465"}],"curies":[{"name":"wp","href":"https:\/\/api.w.org\/{rel}","templated":true}]}}