{"id":97473,"date":"2022-09-09T03:04:58","date_gmt":"2022-09-09T06:04:58","guid":{"rendered":"http:\/\/infoecos.com.ar\/?p=97473"},"modified":"2022-09-09T15:50:04","modified_gmt":"2022-09-09T18:50:04","slug":"reunion-con-el-titular-de-la-federacion-de-asociaciones-bomberos-voluntarios","status":"publish","type":"post","link":"https:\/\/infoecos.com.ar\/index.php\/reunion-con-el-titular-de-la-federacion-de-asociaciones-bomberos-voluntarios\/","title":{"rendered":"Reuni\u00f3n con el titular de la Federaci\u00f3n de Asociaciones Bomberos Voluntarios"},"content":{"rendered":"\n<p>El senador provincial Juanci Mart\u00ednez mantuvo un encuentro con Osvaldo Lori, presidente de la Federaci\u00f3n de Asociaciones de Bomberos Voluntarios de la provincia de Buenos Aires, y la concejala y presidenta de Bomberos Voluntarios de Am\u00e9rica, Marta Mart\u00edn. Durante la reuni\u00f3n hablaron sobre el proyecto que impulsa Eduardo \u201cBali\u201d Bucca. Adem\u00e1s de acompa\u00f1ar la propuesta, Mart\u00ednez abord\u00f3 algunas alternativas para potenciar la plataforma legislativa.<\/p>\n\n\n\n<figure class=\"wp-block-image aligncenter size-large is-resized\"><img loading=\"lazy\" decoding=\"async\" src=\"http:\/\/infoecos.com.ar\/wp-content\/uploads\/2022\/09\/image-36-920x690.png\" alt=\"\" class=\"wp-image-97474\" width=\"473\" height=\"355\" srcset=\"https:\/\/infoecos.com.ar\/wp-content\/uploads\/2022\/09\/image-36-920x690.png 920w, https:\/\/infoecos.com.ar\/wp-content\/uploads\/2022\/09\/image-36-460x345.png 460w, https:\/\/infoecos.com.ar\/wp-content\/uploads\/2022\/09\/image-36-768x576.png 768w, https:\/\/infoecos.com.ar\/wp-content\/uploads\/2022\/09\/image-36-1024x768.png 1024w, https:\/\/infoecos.com.ar\/wp-content\/uploads\/2022\/09\/image-36.png 1280w\" sizes=\"(max-width: 473px) 100vw, 473px\" \/><\/figure>\n\n\n\n<p>\u201cBomberos es una instituci\u00f3n que cumple un rol fundamental en nuestras comunidades. Lo mejor que podemos hacer desde nuestro lugar es apoyarlos para que puedan crecer y perfeccionarse, as\u00ed como tambi\u00e9n contar con los mejores elementos para desarrollar su tarea\u201d, remarc\u00f3 Mart\u00ednez tras la reuni\u00f3n.<\/p>\n\n\n\n<p>La iniciativa busca incrementar las partidas presupuestarias para los Cuarteles de toda la Provincia, mediante un reparto equitativo. As\u00ed, la reforma propuesta por Bucca apunta a una modificaci\u00f3n de la redistribuci\u00f3n del fondo provincial, integrado por un 3% de lo recaudado en concepto de impuesto inmobiliario por A.R.B.A. en cada ejercicio fiscal, hasta un m\u00e1ximo anual de 500 millones de pesos, a partir de 2022.<\/p>\n","protected":false},"excerpt":{"rendered":"<p>\u201cBomberos es una instituci\u00f3n que cumple un rol fundamental en nuestras comunidades. Lo mejor que podemos hacer desde nuestro lugar es apoyarlos para que puedan crecer y perfeccionarse, as\u00ed como tambi\u00e9n contar con los mejores elementos para desarrollar su tarea\u201d, se\u00f1al\u00f3 Mart\u00ednez tras la reuni\u00f3n<\/p>\n","protected":false},"author":2,"featured_media":97474,"comment_status":"closed","ping_status":"open","sticky":false,"template":"","format":"standard","meta":{"footnotes":""},"categories":[47],"tags":[6727],"class_list":["post-97473","post","type-post","status-publish","format-standard","has-post-thumbnail","hentry","category-c3nota2","tag-senador-juanci-martinez"],"yoast_head":"<!-- This site is optimized with the Yoast SEO plugin v23.4 - https:\/\/yoast.com\/wordpress\/plugins\/seo\/ -->\n<title>Reuni\u00f3n con el titular de la Federaci\u00f3n de Asociaciones Bomberos Voluntarios - Infoecos<\/title>\n<meta name=\"robots\" content=\"index, follow, max-snippet:-1, max-image-preview:large, max-video-preview:-1\" \/>\n<link rel=\"canonical\" href=\"https:\/\/infoecos.com.ar\/index.php\/reunion-con-el-titular-de-la-federacion-de-asociaciones-bomberos-voluntarios\/\" \/>\n<meta property=\"og:locale\" content=\"es_ES\" \/>\n<meta property=\"og:type\" content=\"article\" \/>\n<meta property=\"og:title\" content=\"Reuni\u00f3n con el titular de la Federaci\u00f3n de Asociaciones Bomberos Voluntarios - Infoecos\" \/>\n<meta property=\"og:description\" content=\"\u201cBomberos es una instituci\u00f3n que cumple un rol fundamental en nuestras comunidades. Lo mejor que podemos hacer desde nuestro lugar es apoyarlos para que puedan crecer y perfeccionarse, as\u00ed como tambi\u00e9n contar con los mejores elementos para desarrollar su tarea\u201d, se\u00f1al\u00f3 Mart\u00ednez tras la reuni\u00f3n\" \/>\n<meta property=\"og:url\" content=\"https:\/\/infoecos.com.ar\/index.php\/reunion-con-el-titular-de-la-federacion-de-asociaciones-bomberos-voluntarios\/\" \/>\n<meta property=\"og:site_name\" content=\"Infoecos\" \/>\n<meta property=\"article:publisher\" content=\"https:\/\/www.facebook.com\/profile.php?id=100063200290284\" \/>\n<meta property=\"article:published_time\" content=\"2022-09-09T06:04:58+00:00\" \/>\n<meta property=\"article:modified_time\" content=\"2022-09-09T18:50:04+00:00\" \/>\n<meta property=\"og:image\" content=\"https:\/\/infoecos.com.ar\/wp-content\/uploads\/2022\/09\/image-36.png\" \/>\n\t<meta property=\"og:image:width\" content=\"1280\" \/>\n\t<meta property=\"og:image:height\" content=\"960\" \/>\n\t<meta property=\"og:image:type\" content=\"image\/png\" \/>\n<meta name=\"author\" content=\"Jorge Matheus\" \/>\n<meta name=\"twitter:card\" content=\"summary_large_image\" \/>\n<meta name=\"twitter:creator\" content=\"@infoecos\" \/>\n<meta name=\"twitter:site\" content=\"@infoecos\" \/>\n<meta name=\"twitter:label1\" content=\"Escrito por\" \/>\n\t<meta name=\"twitter:data1\" content=\"Jorge Matheus\" \/>\n\t<meta name=\"twitter:label2\" content=\"Tiempo de lectura\" \/>\n\t<meta name=\"twitter:data2\" content=\"1 minuto\" \/>\n<script type=\"application\/ld+json\" class=\"yoast-schema-graph\">{\"@context\":\"https:\/\/schema.org\",\"@graph\":[{\"@type\":\"Article\",\"@id\":\"https:\/\/infoecos.com.ar\/index.php\/reunion-con-el-titular-de-la-federacion-de-asociaciones-bomberos-voluntarios\/#article\",\"isPartOf\":{\"@id\":\"https:\/\/infoecos.com.ar\/index.php\/reunion-con-el-titular-de-la-federacion-de-asociaciones-bomberos-voluntarios\/\"},\"author\":{\"name\":\"Jorge Matheus\",\"@id\":\"https:\/\/infoecos.com.ar\/#\/schema\/person\/8f5ace5ce73b4b4aac4b7245aee6f191\"},\"headline\":\"Reuni\u00f3n con el titular de la Federaci\u00f3n de Asociaciones Bomberos Voluntarios\",\"datePublished\":\"2022-09-09T06:04:58+00:00\",\"dateModified\":\"2022-09-09T18:50:04+00:00\",\"mainEntityOfPage\":{\"@id\":\"https:\/\/infoecos.com.ar\/index.php\/reunion-con-el-titular-de-la-federacion-de-asociaciones-bomberos-voluntarios\/\"},\"wordCount\":202,\"publisher\":{\"@id\":\"https:\/\/infoecos.com.ar\/#organization\"},\"image\":{\"@id\":\"https:\/\/infoecos.com.ar\/index.php\/reunion-con-el-titular-de-la-federacion-de-asociaciones-bomberos-voluntarios\/#primaryimage\"},\"thumbnailUrl\":\"https:\/\/infoecos.com.ar\/wp-content\/uploads\/2022\/09\/image-36.png\",\"keywords\":[\"SENADOR JUANCI MART\u00cdNEZ\"],\"articleSection\":[\"C3 N2\"],\"inLanguage\":\"es\"},{\"@type\":\"WebPage\",\"@id\":\"https:\/\/infoecos.com.ar\/index.php\/reunion-con-el-titular-de-la-federacion-de-asociaciones-bomberos-voluntarios\/\",\"url\":\"https:\/\/infoecos.com.ar\/index.php\/reunion-con-el-titular-de-la-federacion-de-asociaciones-bomberos-voluntarios\/\",\"name\":\"Reuni\u00f3n con el titular de la Federaci\u00f3n de Asociaciones Bomberos Voluntarios - Infoecos\",\"isPartOf\":{\"@id\":\"https:\/\/infoecos.com.ar\/#website\"},\"primaryImageOfPage\":{\"@id\":\"https:\/\/infoecos.com.ar\/index.php\/reunion-con-el-titular-de-la-federacion-de-asociaciones-bomberos-voluntarios\/#primaryimage\"},\"image\":{\"@id\":\"https:\/\/infoecos.com.ar\/index.php\/reunion-con-el-titular-de-la-federacion-de-asociaciones-bomberos-voluntarios\/#primaryimage\"},\"thumbnailUrl\":\"https:\/\/infoecos.com.ar\/wp-content\/uploads\/2022\/09\/image-36.png\",\"datePublished\":\"2022-09-09T06:04:58+00:00\",\"dateModified\":\"2022-09-09T18:50:04+00:00\",\"breadcrumb\":{\"@id\":\"https:\/\/infoecos.com.ar\/index.php\/reunion-con-el-titular-de-la-federacion-de-asociaciones-bomberos-voluntarios\/#breadcrumb\"},\"inLanguage\":\"es\",\"potentialAction\":[{\"@type\":\"ReadAction\",\"target\":[\"https:\/\/infoecos.com.ar\/index.php\/reunion-con-el-titular-de-la-federacion-de-asociaciones-bomberos-voluntarios\/\"]}]},{\"@type\":\"ImageObject\",\"inLanguage\":\"es\",\"@id\":\"https:\/\/infoecos.com.ar\/index.php\/reunion-con-el-titular-de-la-federacion-de-asociaciones-bomberos-voluntarios\/#primaryimage\",\"url\":\"https:\/\/infoecos.com.ar\/wp-content\/uploads\/2022\/09\/image-36.png\",\"contentUrl\":\"https:\/\/infoecos.com.ar\/wp-content\/uploads\/2022\/09\/image-36.png\",\"width\":1280,\"height\":960},{\"@type\":\"BreadcrumbList\",\"@id\":\"https:\/\/infoecos.com.ar\/index.php\/reunion-con-el-titular-de-la-federacion-de-asociaciones-bomberos-voluntarios\/#breadcrumb\",\"itemListElement\":[{\"@type\":\"ListItem\",\"position\":1,\"name\":\"Portada\",\"item\":\"https:\/\/infoecos.com.ar\/\"},{\"@type\":\"ListItem\",\"position\":2,\"name\":\"Reuni\u00f3n con el titular de la Federaci\u00f3n de Asociaciones Bomberos Voluntarios\"}]},{\"@type\":\"WebSite\",\"@id\":\"https:\/\/infoecos.com.ar\/#website\",\"url\":\"https:\/\/infoecos.com.ar\/\",\"name\":\"Infoecos\",\"description\":\"Noticias de trenque lauquen y la zona\",\"publisher\":{\"@id\":\"https:\/\/infoecos.com.ar\/#organization\"},\"alternateName\":\"Noticias\",\"potentialAction\":[{\"@type\":\"SearchAction\",\"target\":{\"@type\":\"EntryPoint\",\"urlTemplate\":\"https:\/\/infoecos.com.ar\/?s={search_term_string}\"},\"query-input\":{\"@type\":\"PropertyValueSpecification\",\"valueRequired\":true,\"valueName\":\"search_term_string\"}}],\"inLanguage\":\"es\"},{\"@type\":\"Organization\",\"@id\":\"https:\/\/infoecos.com.ar\/#organization\",\"name\":\"Infoecos\",\"alternateName\":\"Noticias\",\"url\":\"https:\/\/infoecos.com.ar\/\",\"logo\":{\"@type\":\"ImageObject\",\"inLanguage\":\"es\",\"@id\":\"https:\/\/infoecos.com.ar\/#\/schema\/logo\/image\/\",\"url\":\"https:\/\/infoecos.com.ar\/wp-content\/uploads\/2024\/03\/cropped-logo.png\",\"contentUrl\":\"https:\/\/infoecos.com.ar\/wp-content\/uploads\/2024\/03\/cropped-logo.png\",\"width\":374,\"height\":90,\"caption\":\"Infoecos\"},\"image\":{\"@id\":\"https:\/\/infoecos.com.ar\/#\/schema\/logo\/image\/\"},\"sameAs\":[\"https:\/\/www.facebook.com\/profile.php?id=100063200290284\",\"https:\/\/x.com\/infoecos\"]},{\"@type\":\"Person\",\"@id\":\"https:\/\/infoecos.com.ar\/#\/schema\/person\/8f5ace5ce73b4b4aac4b7245aee6f191\",\"name\":\"Jorge Matheus\",\"url\":\"https:\/\/infoecos.com.ar\/index.php\/author\/jomatheus\/\"}]}<\/script>\n<!-- \/ Yoast SEO plugin. -->","yoast_head_json":{"title":"Reuni\u00f3n con el titular de la Federaci\u00f3n de Asociaciones Bomberos Voluntarios - Infoecos","robots":{"index":"index","follow":"follow","max-snippet":"max-snippet:-1","max-image-preview":"max-image-preview:large","max-video-preview":"max-video-preview:-1"},"canonical":"https:\/\/infoecos.com.ar\/index.php\/reunion-con-el-titular-de-la-federacion-de-asociaciones-bomberos-voluntarios\/","og_locale":"es_ES","og_type":"article","og_title":"Reuni\u00f3n con el titular de la Federaci\u00f3n de Asociaciones Bomberos Voluntarios - Infoecos","og_description":"\u201cBomberos es una instituci\u00f3n que cumple un rol fundamental en nuestras comunidades. Lo mejor que podemos hacer desde nuestro lugar es apoyarlos para que puedan crecer y perfeccionarse, as\u00ed como tambi\u00e9n contar con los mejores elementos para desarrollar su tarea\u201d, se\u00f1al\u00f3 Mart\u00ednez tras la reuni\u00f3n","og_url":"https:\/\/infoecos.com.ar\/index.php\/reunion-con-el-titular-de-la-federacion-de-asociaciones-bomberos-voluntarios\/","og_site_name":"Infoecos","article_publisher":"https:\/\/www.facebook.com\/profile.php?id=100063200290284","article_published_time":"2022-09-09T06:04:58+00:00","article_modified_time":"2022-09-09T18:50:04+00:00","og_image":[{"width":1280,"height":960,"url":"https:\/\/infoecos.com.ar\/wp-content\/uploads\/2022\/09\/image-36.png","type":"image\/png"}],"author":"Jorge Matheus","twitter_card":"summary_large_image","twitter_creator":"@infoecos","twitter_site":"@infoecos","twitter_misc":{"Escrito por":"Jorge Matheus","Tiempo de lectura":"1 minuto"},"schema":{"@context":"https:\/\/schema.org","@graph":[{"@type":"Article","@id":"https:\/\/infoecos.com.ar\/index.php\/reunion-con-el-titular-de-la-federacion-de-asociaciones-bomberos-voluntarios\/#article","isPartOf":{"@id":"https:\/\/infoecos.com.ar\/index.php\/reunion-con-el-titular-de-la-federacion-de-asociaciones-bomberos-voluntarios\/"},"author":{"name":"Jorge Matheus","@id":"https:\/\/infoecos.com.ar\/#\/schema\/person\/8f5ace5ce73b4b4aac4b7245aee6f191"},"headline":"Reuni\u00f3n con el titular de la Federaci\u00f3n de Asociaciones Bomberos Voluntarios","datePublished":"2022-09-09T06:04:58+00:00","dateModified":"2022-09-09T18:50:04+00:00","mainEntityOfPage":{"@id":"https:\/\/infoecos.com.ar\/index.php\/reunion-con-el-titular-de-la-federacion-de-asociaciones-bomberos-voluntarios\/"},"wordCount":202,"publisher":{"@id":"https:\/\/infoecos.com.ar\/#organization"},"image":{"@id":"https:\/\/infoecos.com.ar\/index.php\/reunion-con-el-titular-de-la-federacion-de-asociaciones-bomberos-voluntarios\/#primaryimage"},"thumbnailUrl":"https:\/\/infoecos.com.ar\/wp-content\/uploads\/2022\/09\/image-36.png","keywords":["SENADOR JUANCI MART\u00cdNEZ"],"articleSection":["C3 N2"],"inLanguage":"es"},{"@type":"WebPage","@id":"https:\/\/infoecos.com.ar\/index.php\/reunion-con-el-titular-de-la-federacion-de-asociaciones-bomberos-voluntarios\/","url":"https:\/\/infoecos.com.ar\/index.php\/reunion-con-el-titular-de-la-federacion-de-asociaciones-bomberos-voluntarios\/","name":"Reuni\u00f3n con el titular de la Federaci\u00f3n de Asociaciones Bomberos Voluntarios - Infoecos","isPartOf":{"@id":"https:\/\/infoecos.com.ar\/#website"},"primaryImageOfPage":{"@id":"https:\/\/infoecos.com.ar\/index.php\/reunion-con-el-titular-de-la-federacion-de-asociaciones-bomberos-voluntarios\/#primaryimage"},"image":{"@id":"https:\/\/infoecos.com.ar\/index.php\/reunion-con-el-titular-de-la-federacion-de-asociaciones-bomberos-voluntarios\/#primaryimage"},"thumbnailUrl":"https:\/\/infoecos.com.ar\/wp-content\/uploads\/2022\/09\/image-36.png","datePublished":"2022-09-09T06:04:58+00:00","dateModified":"2022-09-09T18:50:04+00:00","breadcrumb":{"@id":"https:\/\/infoecos.com.ar\/index.php\/reunion-con-el-titular-de-la-federacion-de-asociaciones-bomberos-voluntarios\/#breadcrumb"},"inLanguage":"es","potentialAction":[{"@type":"ReadAction","target":["https:\/\/infoecos.com.ar\/index.php\/reunion-con-el-titular-de-la-federacion-de-asociaciones-bomberos-voluntarios\/"]}]},{"@type":"ImageObject","inLanguage":"es","@id":"https:\/\/infoecos.com.ar\/index.php\/reunion-con-el-titular-de-la-federacion-de-asociaciones-bomberos-voluntarios\/#primaryimage","url":"https:\/\/infoecos.com.ar\/wp-content\/uploads\/2022\/09\/image-36.png","contentUrl":"https:\/\/infoecos.com.ar\/wp-content\/uploads\/2022\/09\/image-36.png","width":1280,"height":960},{"@type":"BreadcrumbList","@id":"https:\/\/infoecos.com.ar\/index.php\/reunion-con-el-titular-de-la-federacion-de-asociaciones-bomberos-voluntarios\/#breadcrumb","itemListElement":[{"@type":"ListItem","position":1,"name":"Portada","item":"https:\/\/infoecos.com.ar\/"},{"@type":"ListItem","position":2,"name":"Reuni\u00f3n con el titular de la Federaci\u00f3n de Asociaciones Bomberos Voluntarios"}]},{"@type":"WebSite","@id":"https:\/\/infoecos.com.ar\/#website","url":"https:\/\/infoecos.com.ar\/","name":"Infoecos","description":"Noticias de trenque lauquen y la zona","publisher":{"@id":"https:\/\/infoecos.com.ar\/#organization"},"alternateName":"Noticias","potentialAction":[{"@type":"SearchAction","target":{"@type":"EntryPoint","urlTemplate":"https:\/\/infoecos.com.ar\/?s={search_term_string}"},"query-input":{"@type":"PropertyValueSpecification","valueRequired":true,"valueName":"search_term_string"}}],"inLanguage":"es"},{"@type":"Organization","@id":"https:\/\/infoecos.com.ar\/#organization","name":"Infoecos","alternateName":"Noticias","url":"https:\/\/infoecos.com.ar\/","logo":{"@type":"ImageObject","inLanguage":"es","@id":"https:\/\/infoecos.com.ar\/#\/schema\/logo\/image\/","url":"https:\/\/infoecos.com.ar\/wp-content\/uploads\/2024\/03\/cropped-logo.png","contentUrl":"https:\/\/infoecos.com.ar\/wp-content\/uploads\/2024\/03\/cropped-logo.png","width":374,"height":90,"caption":"Infoecos"},"image":{"@id":"https:\/\/infoecos.com.ar\/#\/schema\/logo\/image\/"},"sameAs":["https:\/\/www.facebook.com\/profile.php?id=100063200290284","https:\/\/x.com\/infoecos"]},{"@type":"Person","@id":"https:\/\/infoecos.com.ar\/#\/schema\/person\/8f5ace5ce73b4b4aac4b7245aee6f191","name":"Jorge Matheus","url":"https:\/\/infoecos.com.ar\/index.php\/author\/jomatheus\/"}]}},"featured_image_urls":{"full":["https:\/\/infoecos.com.ar\/wp-content\/uploads\/2022\/09\/image-36.png",1280,960,false],"thumbnail":["https:\/\/infoecos.com.ar\/wp-content\/uploads\/2022\/09\/image-36-150x150.png",150,150,true],"medium":["https:\/\/infoecos.com.ar\/wp-content\/uploads\/2022\/09\/image-36-460x345.png",460,345,true],"medium_large":["https:\/\/infoecos.com.ar\/wp-content\/uploads\/2022\/09\/image-36-768x576.png",640,480,true],"large":["https:\/\/infoecos.com.ar\/wp-content\/uploads\/2022\/09\/image-36-920x690.png",640,480,true],"1536x1536":["https:\/\/infoecos.com.ar\/wp-content\/uploads\/2022\/09\/image-36.png",1280,960,false],"2048x2048":["https:\/\/infoecos.com.ar\/wp-content\/uploads\/2022\/09\/image-36.png",1280,960,false],"covernews-slider-full":["https:\/\/infoecos.com.ar\/wp-content\/uploads\/2022\/09\/image-36.png",953,715,false],"covernews-slider-center":["https:\/\/infoecos.com.ar\/wp-content\/uploads\/2022\/09\/image-36-936x897.png",522,500,true],"covernews-featured":["https:\/\/infoecos.com.ar\/wp-content\/uploads\/2022\/09\/image-36-1024x768.png",1024,768,true],"covernews-medium":["https:\/\/infoecos.com.ar\/wp-content\/uploads\/2022\/09\/image-36-720x380.png",540,285,true],"covernews-medium-square":["https:\/\/infoecos.com.ar\/wp-content\/uploads\/2022\/09\/image-36-675x450.png",375,250,true]},"author_info":{"info":["Jorge Matheus"]},"category_info":"<a href=\"https:\/\/infoecos.com.ar\/index.php\/category\/c3nota2\/\" rel=\"category tag\">C3 N2<\/a>","tag_info":"C3 N2","comment_count":"0","_links":{"self":[{"href":"https:\/\/infoecos.com.ar\/index.php\/wp-json\/wp\/v2\/posts\/97473"}],"collection":[{"href":"https:\/\/infoecos.com.ar\/index.php\/wp-json\/wp\/v2\/posts"}],"about":[{"href":"https:\/\/infoecos.com.ar\/index.php\/wp-json\/wp\/v2\/types\/post"}],"author":[{"embeddable":true,"href":"https:\/\/infoecos.com.ar\/index.php\/wp-json\/wp\/v2\/users\/2"}],"replies":[{"embeddable":true,"href":"https:\/\/infoecos.com.ar\/index.php\/wp-json\/wp\/v2\/comments?post=97473"}],"version-history":[{"count":1,"href":"https:\/\/infoecos.com.ar\/index.php\/wp-json\/wp\/v2\/posts\/97473\/revisions"}],"predecessor-version":[{"id":97475,"href":"https:\/\/infoecos.com.ar\/index.php\/wp-json\/wp\/v2\/posts\/97473\/revisions\/97475"}],"wp:featuredmedia":[{"embeddable":true,"href":"https:\/\/infoecos.com.ar\/index.php\/wp-json\/wp\/v2\/media\/97474"}],"wp:attachment":[{"href":"https:\/\/infoecos.com.ar\/index.php\/wp-json\/wp\/v2\/media?parent=97473"}],"wp:term":[{"taxonomy":"category","embeddable":true,"href":"https:\/\/infoecos.com.ar\/index.php\/wp-json\/wp\/v2\/categories?post=97473"},{"taxonomy":"post_tag","embeddable":true,"href":"https:\/\/infoecos.com.ar\/index.php\/wp-json\/wp\/v2\/tags?post=97473"}],"curies":[{"name":"wp","href":"https:\/\/api.w.org\/{rel}","templated":true}]}}