{"id":97477,"date":"2022-09-09T03:17:31","date_gmt":"2022-09-09T06:17:31","guid":{"rendered":"http:\/\/infoecos.com.ar\/?p=97477"},"modified":"2022-09-13T03:35:52","modified_gmt":"2022-09-13T06:35:52","slug":"sies-2022-se-lanzo-en-t-lauquen-la-quinta-edicion-del-programa","status":"publish","type":"post","link":"https:\/\/infoecos.com.ar\/index.php\/sies-2022-se-lanzo-en-t-lauquen-la-quinta-edicion-del-programa\/","title":{"rendered":"SIES 2022: Se lanz\u00f3 en T.Lauquen la Quinta Edici\u00f3n del programa"},"content":{"rendered":"\n<p>La Facultad Regional Trenque Lauquen de la UTN, los Institutos de Formaci\u00f3n Docente y T\u00e9cnica n\u00b040 y n\u00b0 144 e Inspecci\u00f3n del nivel secundario lanzaron el mi\u00e9rcoles la quinta edici\u00f3n del Seminario de Introducci\u00f3n a los Estudios Superiores \u201cSIES 2022\u201d con el objetivo de preparar a los estudiantes de sexto a\u00f1o del nivel secundario para continuar sus estudios.<\/p>\n\n\n\n<figure class=\"wp-block-image aligncenter size-large is-resized\"><img decoding=\"async\" src=\"http:\/\/infoecos.com.ar\/wp-content\/uploads\/2022\/09\/20220907_092048-920x518.jpg\" alt=\"\" class=\"wp-image-97478\" width=\"-362\" height=\"-203\" srcset=\"https:\/\/infoecos.com.ar\/wp-content\/uploads\/2022\/09\/20220907_092048-920x518.jpg 920w, https:\/\/infoecos.com.ar\/wp-content\/uploads\/2022\/09\/20220907_092048-460x259.jpg 460w, https:\/\/infoecos.com.ar\/wp-content\/uploads\/2022\/09\/20220907_092048-768x432.jpg 768w, https:\/\/infoecos.com.ar\/wp-content\/uploads\/2022\/09\/20220907_092048-1536x864.jpg 1536w, https:\/\/infoecos.com.ar\/wp-content\/uploads\/2022\/09\/20220907_092048-2048x1152.jpg 2048w, https:\/\/infoecos.com.ar\/wp-content\/uploads\/2022\/09\/20220907_092048-1024x576.jpg 1024w\" sizes=\"(max-width: 920px) 100vw, 920px\" \/><\/figure>\n\n\n\n<p>Se realizaron encuentros para todos los estudiantes del \u00faltimo a\u00f1o de secundaria en los turnos ma\u00f1ana y tarde en el Teatro Espa\u00f1ol y el vespertino se realiz\u00f3 en el Centro C\u00edvico \u201cLa Primera\u201d.<\/p>\n\n\n\n<figure class=\"wp-block-image aligncenter size-large is-resized\"><img loading=\"lazy\" decoding=\"async\" src=\"http:\/\/infoecos.com.ar\/wp-content\/uploads\/2022\/09\/20220907_141412-920x518.jpg\" alt=\"\" class=\"wp-image-97479\" width=\"431\" height=\"242\" srcset=\"https:\/\/infoecos.com.ar\/wp-content\/uploads\/2022\/09\/20220907_141412-920x518.jpg 920w, https:\/\/infoecos.com.ar\/wp-content\/uploads\/2022\/09\/20220907_141412-460x259.jpg 460w, https:\/\/infoecos.com.ar\/wp-content\/uploads\/2022\/09\/20220907_141412-768x432.jpg 768w, https:\/\/infoecos.com.ar\/wp-content\/uploads\/2022\/09\/20220907_141412-1536x864.jpg 1536w, https:\/\/infoecos.com.ar\/wp-content\/uploads\/2022\/09\/20220907_141412-2048x1152.jpg 2048w, https:\/\/infoecos.com.ar\/wp-content\/uploads\/2022\/09\/20220907_141412-1024x576.jpg 1024w\" sizes=\"(max-width: 431px) 100vw, 431px\" \/><\/figure>\n\n\n\n<p>Esta propuesta surge a partir de un acuerdo entre las instituciones educativas locales e Inspecci\u00f3n de Secundaria y cuenta con el acompa\u00f1amiento de la direcci\u00f3n de Cultura y Educaci\u00f3n municipal, con el objetivo de brindar un espacio de aprendizaje para los alumnos que decidan continuar sus estudios.<\/p>\n\n\n\n<figure class=\"wp-block-image aligncenter size-large is-resized\"><img loading=\"lazy\" decoding=\"async\" src=\"http:\/\/infoecos.com.ar\/wp-content\/uploads\/2022\/09\/20220907_141501-920x518.jpg\" alt=\"\" class=\"wp-image-97480\" width=\"444\" height=\"249\" srcset=\"https:\/\/infoecos.com.ar\/wp-content\/uploads\/2022\/09\/20220907_141501-920x518.jpg 920w, https:\/\/infoecos.com.ar\/wp-content\/uploads\/2022\/09\/20220907_141501-460x259.jpg 460w, https:\/\/infoecos.com.ar\/wp-content\/uploads\/2022\/09\/20220907_141501-768x432.jpg 768w, https:\/\/infoecos.com.ar\/wp-content\/uploads\/2022\/09\/20220907_141501-1536x864.jpg 1536w, https:\/\/infoecos.com.ar\/wp-content\/uploads\/2022\/09\/20220907_141501-2048x1152.jpg 2048w, https:\/\/infoecos.com.ar\/wp-content\/uploads\/2022\/09\/20220907_141501-1024x576.jpg 1024w\" sizes=\"(max-width: 444px) 100vw, 444px\" \/><\/figure>\n\n\n\n<p>El seminario tendr\u00e1 seis (6) semanas de duraci\u00f3n y comenzar\u00e1 ma\u00f1ana mi\u00e9rcoles 14 de septiembre. El cronograma establece que de 16 a 17.30 hs. podr\u00e1n cursar T\u00e9cnicas de Estudio y Orientaci\u00f3n vocacional, mientras que de 17.45 a 20.30 hs. podr\u00e1n acceder a Matem\u00e1tica Aplicada.<\/p>\n\n\n\n<figure class=\"wp-block-image aligncenter size-large is-resized\"><img loading=\"lazy\" decoding=\"async\" src=\"http:\/\/infoecos.com.ar\/wp-content\/uploads\/2022\/09\/20220907_141552-920x518.jpg\" alt=\"\" class=\"wp-image-97481\" width=\"443\" height=\"248\" srcset=\"https:\/\/infoecos.com.ar\/wp-content\/uploads\/2022\/09\/20220907_141552-920x518.jpg 920w, https:\/\/infoecos.com.ar\/wp-content\/uploads\/2022\/09\/20220907_141552-460x259.jpg 460w, https:\/\/infoecos.com.ar\/wp-content\/uploads\/2022\/09\/20220907_141552-768x432.jpg 768w, https:\/\/infoecos.com.ar\/wp-content\/uploads\/2022\/09\/20220907_141552-1536x864.jpg 1536w, https:\/\/infoecos.com.ar\/wp-content\/uploads\/2022\/09\/20220907_141552-2048x1152.jpg 2048w, https:\/\/infoecos.com.ar\/wp-content\/uploads\/2022\/09\/20220907_141552-1024x576.jpg 1024w\" sizes=\"(max-width: 443px) 100vw, 443px\" \/><\/figure>\n\n\n\n<p>Los estudiantes que contin\u00faen sus estudios en la universidad local y hayan aprobado el SIES no deber\u00e1n realizar el Seminario de Ingreso 2023.<\/p>\n\n\n\n<figure class=\"wp-block-image aligncenter size-large is-resized\"><img loading=\"lazy\" decoding=\"async\" src=\"http:\/\/infoecos.com.ar\/wp-content\/uploads\/2022\/09\/20220907_092048-1-920x518.jpg\" alt=\"\" class=\"wp-image-97482\" width=\"444\" height=\"249\" srcset=\"https:\/\/infoecos.com.ar\/wp-content\/uploads\/2022\/09\/20220907_092048-1-920x518.jpg 920w, https:\/\/infoecos.com.ar\/wp-content\/uploads\/2022\/09\/20220907_092048-1-460x259.jpg 460w, https:\/\/infoecos.com.ar\/wp-content\/uploads\/2022\/09\/20220907_092048-1-768x432.jpg 768w, https:\/\/infoecos.com.ar\/wp-content\/uploads\/2022\/09\/20220907_092048-1-1536x864.jpg 1536w, https:\/\/infoecos.com.ar\/wp-content\/uploads\/2022\/09\/20220907_092048-1-2048x1152.jpg 2048w, https:\/\/infoecos.com.ar\/wp-content\/uploads\/2022\/09\/20220907_092048-1-1024x576.jpg 1024w\" sizes=\"(max-width: 444px) 100vw, 444px\" \/><\/figure>\n\n\n\n<p>Quienes quieran acceder al Seminario podr\u00e1n elegir si hacer ambas asignaturas o solo una de ellas. La inscripci\u00f3n se realizar\u00e1 desde este viernes (9) a trav\u00e9s de la p\u00e1gina Web de la UTN:&nbsp;<a href=\"http:\/\/www.frtl.utn.edu.ar\/\" target=\"_blank\" rel=\"noreferrer noopener\">www.frtl.utn.edu.ar<\/a>&nbsp;y permanecer\u00e1 abierta hasta completar el cupo previsto.&nbsp;<\/p>\n","protected":false},"excerpt":{"rendered":"<p>\u201cSIES 2022\u201d con el objetivo de preparar a los estudiantes de sexto a\u00f1o del nivel secundario para continuar sus estudios<\/p>\n","protected":false},"author":2,"featured_media":97480,"comment_status":"closed","ping_status":"open","sticky":false,"template":"","format":"standard","meta":{"footnotes":""},"categories":[48],"tags":[6728],"class_list":["post-97477","post","type-post","status-publish","format-standard","has-post-thumbnail","hentry","category-c2nota3","tag-utn-e-ifdt-numeros-40-y-144"],"yoast_head":"<!-- This site is optimized with the Yoast SEO plugin v23.4 - https:\/\/yoast.com\/wordpress\/plugins\/seo\/ -->\n<title>SIES 2022: Se lanz\u00f3 en T.Lauquen la Quinta Edici\u00f3n del programa - Infoecos<\/title>\n<meta name=\"robots\" content=\"index, follow, max-snippet:-1, max-image-preview:large, max-video-preview:-1\" \/>\n<link rel=\"canonical\" href=\"https:\/\/infoecos.com.ar\/index.php\/sies-2022-se-lanzo-en-t-lauquen-la-quinta-edicion-del-programa\/\" \/>\n<meta property=\"og:locale\" content=\"es_ES\" \/>\n<meta property=\"og:type\" content=\"article\" \/>\n<meta property=\"og:title\" content=\"SIES 2022: Se lanz\u00f3 en T.Lauquen la Quinta Edici\u00f3n del programa - Infoecos\" \/>\n<meta property=\"og:description\" content=\"\u201cSIES 2022\u201d con el objetivo de preparar a los estudiantes de sexto a\u00f1o del nivel secundario para continuar sus estudios\" \/>\n<meta property=\"og:url\" content=\"https:\/\/infoecos.com.ar\/index.php\/sies-2022-se-lanzo-en-t-lauquen-la-quinta-edicion-del-programa\/\" \/>\n<meta property=\"og:site_name\" content=\"Infoecos\" \/>\n<meta property=\"article:publisher\" content=\"https:\/\/www.facebook.com\/profile.php?id=100063200290284\" \/>\n<meta property=\"article:published_time\" content=\"2022-09-09T06:17:31+00:00\" \/>\n<meta property=\"article:modified_time\" content=\"2022-09-13T06:35:52+00:00\" \/>\n<meta property=\"og:image\" content=\"https:\/\/infoecos.com.ar\/wp-content\/uploads\/2022\/09\/20220907_141501-scaled.jpg\" \/>\n\t<meta property=\"og:image:width\" content=\"2560\" \/>\n\t<meta property=\"og:image:height\" content=\"1440\" \/>\n\t<meta property=\"og:image:type\" content=\"image\/jpeg\" \/>\n<meta name=\"author\" content=\"Jorge Matheus\" \/>\n<meta name=\"twitter:card\" content=\"summary_large_image\" \/>\n<meta name=\"twitter:creator\" content=\"@infoecos\" \/>\n<meta name=\"twitter:site\" content=\"@infoecos\" \/>\n<meta name=\"twitter:label1\" content=\"Escrito por\" \/>\n\t<meta name=\"twitter:data1\" content=\"Jorge Matheus\" \/>\n\t<meta name=\"twitter:label2\" content=\"Tiempo de lectura\" \/>\n\t<meta name=\"twitter:data2\" content=\"1 minuto\" \/>\n<script type=\"application\/ld+json\" class=\"yoast-schema-graph\">{\"@context\":\"https:\/\/schema.org\",\"@graph\":[{\"@type\":\"Article\",\"@id\":\"https:\/\/infoecos.com.ar\/index.php\/sies-2022-se-lanzo-en-t-lauquen-la-quinta-edicion-del-programa\/#article\",\"isPartOf\":{\"@id\":\"https:\/\/infoecos.com.ar\/index.php\/sies-2022-se-lanzo-en-t-lauquen-la-quinta-edicion-del-programa\/\"},\"author\":{\"name\":\"Jorge Matheus\",\"@id\":\"https:\/\/infoecos.com.ar\/#\/schema\/person\/8f5ace5ce73b4b4aac4b7245aee6f191\"},\"headline\":\"SIES 2022: Se lanz\u00f3 en T.Lauquen la Quinta Edici\u00f3n del programa\",\"datePublished\":\"2022-09-09T06:17:31+00:00\",\"dateModified\":\"2022-09-13T06:35:52+00:00\",\"mainEntityOfPage\":{\"@id\":\"https:\/\/infoecos.com.ar\/index.php\/sies-2022-se-lanzo-en-t-lauquen-la-quinta-edicion-del-programa\/\"},\"wordCount\":285,\"publisher\":{\"@id\":\"https:\/\/infoecos.com.ar\/#organization\"},\"image\":{\"@id\":\"https:\/\/infoecos.com.ar\/index.php\/sies-2022-se-lanzo-en-t-lauquen-la-quinta-edicion-del-programa\/#primaryimage\"},\"thumbnailUrl\":\"https:\/\/infoecos.com.ar\/wp-content\/uploads\/2022\/09\/20220907_141501-scaled.jpg\",\"keywords\":[\"UTN E IFDT N\u00fameros 40 y 144\"],\"articleSection\":[\"C2 N3\"],\"inLanguage\":\"es\"},{\"@type\":\"WebPage\",\"@id\":\"https:\/\/infoecos.com.ar\/index.php\/sies-2022-se-lanzo-en-t-lauquen-la-quinta-edicion-del-programa\/\",\"url\":\"https:\/\/infoecos.com.ar\/index.php\/sies-2022-se-lanzo-en-t-lauquen-la-quinta-edicion-del-programa\/\",\"name\":\"SIES 2022: Se lanz\u00f3 en T.Lauquen la Quinta Edici\u00f3n del programa - Infoecos\",\"isPartOf\":{\"@id\":\"https:\/\/infoecos.com.ar\/#website\"},\"primaryImageOfPage\":{\"@id\":\"https:\/\/infoecos.com.ar\/index.php\/sies-2022-se-lanzo-en-t-lauquen-la-quinta-edicion-del-programa\/#primaryimage\"},\"image\":{\"@id\":\"https:\/\/infoecos.com.ar\/index.php\/sies-2022-se-lanzo-en-t-lauquen-la-quinta-edicion-del-programa\/#primaryimage\"},\"thumbnailUrl\":\"https:\/\/infoecos.com.ar\/wp-content\/uploads\/2022\/09\/20220907_141501-scaled.jpg\",\"datePublished\":\"2022-09-09T06:17:31+00:00\",\"dateModified\":\"2022-09-13T06:35:52+00:00\",\"breadcrumb\":{\"@id\":\"https:\/\/infoecos.com.ar\/index.php\/sies-2022-se-lanzo-en-t-lauquen-la-quinta-edicion-del-programa\/#breadcrumb\"},\"inLanguage\":\"es\",\"potentialAction\":[{\"@type\":\"ReadAction\",\"target\":[\"https:\/\/infoecos.com.ar\/index.php\/sies-2022-se-lanzo-en-t-lauquen-la-quinta-edicion-del-programa\/\"]}]},{\"@type\":\"ImageObject\",\"inLanguage\":\"es\",\"@id\":\"https:\/\/infoecos.com.ar\/index.php\/sies-2022-se-lanzo-en-t-lauquen-la-quinta-edicion-del-programa\/#primaryimage\",\"url\":\"https:\/\/infoecos.com.ar\/wp-content\/uploads\/2022\/09\/20220907_141501-scaled.jpg\",\"contentUrl\":\"https:\/\/infoecos.com.ar\/wp-content\/uploads\/2022\/09\/20220907_141501-scaled.jpg\",\"width\":2560,\"height\":1440},{\"@type\":\"BreadcrumbList\",\"@id\":\"https:\/\/infoecos.com.ar\/index.php\/sies-2022-se-lanzo-en-t-lauquen-la-quinta-edicion-del-programa\/#breadcrumb\",\"itemListElement\":[{\"@type\":\"ListItem\",\"position\":1,\"name\":\"Portada\",\"item\":\"https:\/\/infoecos.com.ar\/\"},{\"@type\":\"ListItem\",\"position\":2,\"name\":\"SIES 2022: Se lanz\u00f3 en T.Lauquen la Quinta Edici\u00f3n del programa\"}]},{\"@type\":\"WebSite\",\"@id\":\"https:\/\/infoecos.com.ar\/#website\",\"url\":\"https:\/\/infoecos.com.ar\/\",\"name\":\"Infoecos\",\"description\":\"Noticias de trenque lauquen y la zona\",\"publisher\":{\"@id\":\"https:\/\/infoecos.com.ar\/#organization\"},\"alternateName\":\"Noticias\",\"potentialAction\":[{\"@type\":\"SearchAction\",\"target\":{\"@type\":\"EntryPoint\",\"urlTemplate\":\"https:\/\/infoecos.com.ar\/?s={search_term_string}\"},\"query-input\":{\"@type\":\"PropertyValueSpecification\",\"valueRequired\":true,\"valueName\":\"search_term_string\"}}],\"inLanguage\":\"es\"},{\"@type\":\"Organization\",\"@id\":\"https:\/\/infoecos.com.ar\/#organization\",\"name\":\"Infoecos\",\"alternateName\":\"Noticias\",\"url\":\"https:\/\/infoecos.com.ar\/\",\"logo\":{\"@type\":\"ImageObject\",\"inLanguage\":\"es\",\"@id\":\"https:\/\/infoecos.com.ar\/#\/schema\/logo\/image\/\",\"url\":\"https:\/\/infoecos.com.ar\/wp-content\/uploads\/2024\/03\/cropped-logo.png\",\"contentUrl\":\"https:\/\/infoecos.com.ar\/wp-content\/uploads\/2024\/03\/cropped-logo.png\",\"width\":374,\"height\":90,\"caption\":\"Infoecos\"},\"image\":{\"@id\":\"https:\/\/infoecos.com.ar\/#\/schema\/logo\/image\/\"},\"sameAs\":[\"https:\/\/www.facebook.com\/profile.php?id=100063200290284\",\"https:\/\/x.com\/infoecos\"]},{\"@type\":\"Person\",\"@id\":\"https:\/\/infoecos.com.ar\/#\/schema\/person\/8f5ace5ce73b4b4aac4b7245aee6f191\",\"name\":\"Jorge Matheus\",\"url\":\"https:\/\/infoecos.com.ar\/index.php\/author\/jomatheus\/\"}]}<\/script>\n<!-- \/ Yoast SEO plugin. -->","yoast_head_json":{"title":"SIES 2022: Se lanz\u00f3 en T.Lauquen la Quinta Edici\u00f3n del programa - Infoecos","robots":{"index":"index","follow":"follow","max-snippet":"max-snippet:-1","max-image-preview":"max-image-preview:large","max-video-preview":"max-video-preview:-1"},"canonical":"https:\/\/infoecos.com.ar\/index.php\/sies-2022-se-lanzo-en-t-lauquen-la-quinta-edicion-del-programa\/","og_locale":"es_ES","og_type":"article","og_title":"SIES 2022: Se lanz\u00f3 en T.Lauquen la Quinta Edici\u00f3n del programa - Infoecos","og_description":"\u201cSIES 2022\u201d con el objetivo de preparar a los estudiantes de sexto a\u00f1o del nivel secundario para continuar sus estudios","og_url":"https:\/\/infoecos.com.ar\/index.php\/sies-2022-se-lanzo-en-t-lauquen-la-quinta-edicion-del-programa\/","og_site_name":"Infoecos","article_publisher":"https:\/\/www.facebook.com\/profile.php?id=100063200290284","article_published_time":"2022-09-09T06:17:31+00:00","article_modified_time":"2022-09-13T06:35:52+00:00","og_image":[{"width":2560,"height":1440,"url":"https:\/\/infoecos.com.ar\/wp-content\/uploads\/2022\/09\/20220907_141501-scaled.jpg","type":"image\/jpeg"}],"author":"Jorge Matheus","twitter_card":"summary_large_image","twitter_creator":"@infoecos","twitter_site":"@infoecos","twitter_misc":{"Escrito por":"Jorge Matheus","Tiempo de lectura":"1 minuto"},"schema":{"@context":"https:\/\/schema.org","@graph":[{"@type":"Article","@id":"https:\/\/infoecos.com.ar\/index.php\/sies-2022-se-lanzo-en-t-lauquen-la-quinta-edicion-del-programa\/#article","isPartOf":{"@id":"https:\/\/infoecos.com.ar\/index.php\/sies-2022-se-lanzo-en-t-lauquen-la-quinta-edicion-del-programa\/"},"author":{"name":"Jorge Matheus","@id":"https:\/\/infoecos.com.ar\/#\/schema\/person\/8f5ace5ce73b4b4aac4b7245aee6f191"},"headline":"SIES 2022: Se lanz\u00f3 en T.Lauquen la Quinta Edici\u00f3n del programa","datePublished":"2022-09-09T06:17:31+00:00","dateModified":"2022-09-13T06:35:52+00:00","mainEntityOfPage":{"@id":"https:\/\/infoecos.com.ar\/index.php\/sies-2022-se-lanzo-en-t-lauquen-la-quinta-edicion-del-programa\/"},"wordCount":285,"publisher":{"@id":"https:\/\/infoecos.com.ar\/#organization"},"image":{"@id":"https:\/\/infoecos.com.ar\/index.php\/sies-2022-se-lanzo-en-t-lauquen-la-quinta-edicion-del-programa\/#primaryimage"},"thumbnailUrl":"https:\/\/infoecos.com.ar\/wp-content\/uploads\/2022\/09\/20220907_141501-scaled.jpg","keywords":["UTN E IFDT N\u00fameros 40 y 144"],"articleSection":["C2 N3"],"inLanguage":"es"},{"@type":"WebPage","@id":"https:\/\/infoecos.com.ar\/index.php\/sies-2022-se-lanzo-en-t-lauquen-la-quinta-edicion-del-programa\/","url":"https:\/\/infoecos.com.ar\/index.php\/sies-2022-se-lanzo-en-t-lauquen-la-quinta-edicion-del-programa\/","name":"SIES 2022: Se lanz\u00f3 en T.Lauquen la Quinta Edici\u00f3n del programa - Infoecos","isPartOf":{"@id":"https:\/\/infoecos.com.ar\/#website"},"primaryImageOfPage":{"@id":"https:\/\/infoecos.com.ar\/index.php\/sies-2022-se-lanzo-en-t-lauquen-la-quinta-edicion-del-programa\/#primaryimage"},"image":{"@id":"https:\/\/infoecos.com.ar\/index.php\/sies-2022-se-lanzo-en-t-lauquen-la-quinta-edicion-del-programa\/#primaryimage"},"thumbnailUrl":"https:\/\/infoecos.com.ar\/wp-content\/uploads\/2022\/09\/20220907_141501-scaled.jpg","datePublished":"2022-09-09T06:17:31+00:00","dateModified":"2022-09-13T06:35:52+00:00","breadcrumb":{"@id":"https:\/\/infoecos.com.ar\/index.php\/sies-2022-se-lanzo-en-t-lauquen-la-quinta-edicion-del-programa\/#breadcrumb"},"inLanguage":"es","potentialAction":[{"@type":"ReadAction","target":["https:\/\/infoecos.com.ar\/index.php\/sies-2022-se-lanzo-en-t-lauquen-la-quinta-edicion-del-programa\/"]}]},{"@type":"ImageObject","inLanguage":"es","@id":"https:\/\/infoecos.com.ar\/index.php\/sies-2022-se-lanzo-en-t-lauquen-la-quinta-edicion-del-programa\/#primaryimage","url":"https:\/\/infoecos.com.ar\/wp-content\/uploads\/2022\/09\/20220907_141501-scaled.jpg","contentUrl":"https:\/\/infoecos.com.ar\/wp-content\/uploads\/2022\/09\/20220907_141501-scaled.jpg","width":2560,"height":1440},{"@type":"BreadcrumbList","@id":"https:\/\/infoecos.com.ar\/index.php\/sies-2022-se-lanzo-en-t-lauquen-la-quinta-edicion-del-programa\/#breadcrumb","itemListElement":[{"@type":"ListItem","position":1,"name":"Portada","item":"https:\/\/infoecos.com.ar\/"},{"@type":"ListItem","position":2,"name":"SIES 2022: Se lanz\u00f3 en T.Lauquen la Quinta Edici\u00f3n del programa"}]},{"@type":"WebSite","@id":"https:\/\/infoecos.com.ar\/#website","url":"https:\/\/infoecos.com.ar\/","name":"Infoecos","description":"Noticias de trenque lauquen y la zona","publisher":{"@id":"https:\/\/infoecos.com.ar\/#organization"},"alternateName":"Noticias","potentialAction":[{"@type":"SearchAction","target":{"@type":"EntryPoint","urlTemplate":"https:\/\/infoecos.com.ar\/?s={search_term_string}"},"query-input":{"@type":"PropertyValueSpecification","valueRequired":true,"valueName":"search_term_string"}}],"inLanguage":"es"},{"@type":"Organization","@id":"https:\/\/infoecos.com.ar\/#organization","name":"Infoecos","alternateName":"Noticias","url":"https:\/\/infoecos.com.ar\/","logo":{"@type":"ImageObject","inLanguage":"es","@id":"https:\/\/infoecos.com.ar\/#\/schema\/logo\/image\/","url":"https:\/\/infoecos.com.ar\/wp-content\/uploads\/2024\/03\/cropped-logo.png","contentUrl":"https:\/\/infoecos.com.ar\/wp-content\/uploads\/2024\/03\/cropped-logo.png","width":374,"height":90,"caption":"Infoecos"},"image":{"@id":"https:\/\/infoecos.com.ar\/#\/schema\/logo\/image\/"},"sameAs":["https:\/\/www.facebook.com\/profile.php?id=100063200290284","https:\/\/x.com\/infoecos"]},{"@type":"Person","@id":"https:\/\/infoecos.com.ar\/#\/schema\/person\/8f5ace5ce73b4b4aac4b7245aee6f191","name":"Jorge Matheus","url":"https:\/\/infoecos.com.ar\/index.php\/author\/jomatheus\/"}]}},"featured_image_urls":{"full":["https:\/\/infoecos.com.ar\/wp-content\/uploads\/2022\/09\/20220907_141501-scaled.jpg",2560,1440,false],"thumbnail":["https:\/\/infoecos.com.ar\/wp-content\/uploads\/2022\/09\/20220907_141501-150x150.jpg",150,150,true],"medium":["https:\/\/infoecos.com.ar\/wp-content\/uploads\/2022\/09\/20220907_141501-460x259.jpg",460,259,true],"medium_large":["https:\/\/infoecos.com.ar\/wp-content\/uploads\/2022\/09\/20220907_141501-768x432.jpg",640,360,true],"large":["https:\/\/infoecos.com.ar\/wp-content\/uploads\/2022\/09\/20220907_141501-920x518.jpg",640,360,true],"1536x1536":["https:\/\/infoecos.com.ar\/wp-content\/uploads\/2022\/09\/20220907_141501-1536x864.jpg",1536,864,true],"2048x2048":["https:\/\/infoecos.com.ar\/wp-content\/uploads\/2022\/09\/20220907_141501-2048x1152.jpg",2048,1152,true],"covernews-slider-full":["https:\/\/infoecos.com.ar\/wp-content\/uploads\/2022\/09\/20220907_141501-1536x1020.jpg",1077,715,true],"covernews-slider-center":["https:\/\/infoecos.com.ar\/wp-content\/uploads\/2022\/09\/20220907_141501-936x897.jpg",522,500,true],"covernews-featured":["https:\/\/infoecos.com.ar\/wp-content\/uploads\/2022\/09\/20220907_141501-1024x576.jpg",1024,576,true],"covernews-medium":["https:\/\/infoecos.com.ar\/wp-content\/uploads\/2022\/09\/20220907_141501-720x380.jpg",540,285,true],"covernews-medium-square":["https:\/\/infoecos.com.ar\/wp-content\/uploads\/2022\/09\/20220907_141501-675x450.jpg",375,250,true]},"author_info":{"info":["Jorge Matheus"]},"category_info":"<a href=\"https:\/\/infoecos.com.ar\/index.php\/category\/c2nota3\/\" rel=\"category tag\">C2 N3<\/a>","tag_info":"C2 N3","comment_count":"0","_links":{"self":[{"href":"https:\/\/infoecos.com.ar\/index.php\/wp-json\/wp\/v2\/posts\/97477"}],"collection":[{"href":"https:\/\/infoecos.com.ar\/index.php\/wp-json\/wp\/v2\/posts"}],"about":[{"href":"https:\/\/infoecos.com.ar\/index.php\/wp-json\/wp\/v2\/types\/post"}],"author":[{"embeddable":true,"href":"https:\/\/infoecos.com.ar\/index.php\/wp-json\/wp\/v2\/users\/2"}],"replies":[{"embeddable":true,"href":"https:\/\/infoecos.com.ar\/index.php\/wp-json\/wp\/v2\/comments?post=97477"}],"version-history":[{"count":2,"href":"https:\/\/infoecos.com.ar\/index.php\/wp-json\/wp\/v2\/posts\/97477\/revisions"}],"predecessor-version":[{"id":97627,"href":"https:\/\/infoecos.com.ar\/index.php\/wp-json\/wp\/v2\/posts\/97477\/revisions\/97627"}],"wp:featuredmedia":[{"embeddable":true,"href":"https:\/\/infoecos.com.ar\/index.php\/wp-json\/wp\/v2\/media\/97480"}],"wp:attachment":[{"href":"https:\/\/infoecos.com.ar\/index.php\/wp-json\/wp\/v2\/media?parent=97477"}],"wp:term":[{"taxonomy":"category","embeddable":true,"href":"https:\/\/infoecos.com.ar\/index.php\/wp-json\/wp\/v2\/categories?post=97477"},{"taxonomy":"post_tag","embeddable":true,"href":"https:\/\/infoecos.com.ar\/index.php\/wp-json\/wp\/v2\/tags?post=97477"}],"curies":[{"name":"wp","href":"https:\/\/api.w.org\/{rel}","templated":true}]}}