{"id":97504,"date":"2022-09-09T16:31:52","date_gmt":"2022-09-09T19:31:52","guid":{"rendered":"http:\/\/infoecos.com.ar\/?p=97504"},"modified":"2022-09-12T03:53:14","modified_gmt":"2022-09-12T06:53:14","slug":"vulneracion-a-los-derechos-de-las-personas-con-discapacidad-actua-de-oficio-la-defensoria-del-pueblo-de-la-nacion","status":"publish","type":"post","link":"https:\/\/infoecos.com.ar\/index.php\/vulneracion-a-los-derechos-de-las-personas-con-discapacidad-actua-de-oficio-la-defensoria-del-pueblo-de-la-nacion\/","title":{"rendered":"Vulneraci\u00f3n a los derechos de las Personas con Discapacidad: act\u00faa de oficio la Defensor\u00eda del Pueblo de la Naci\u00f3n"},"content":{"rendered":"\n<p><em><strong>La Defensor\u00eda del Pueblo de la Naci\u00f3n inici\u00f3 una actuaci\u00f3n de oficio con el objeto de investigar la posible vulneraci\u00f3n a los derechos de las Personas con Discapacidad, debido al presunto recorte\/reasignaci\u00f3n presupuestaria de las partidas destinadas al \u00e1rea.<\/strong><\/em><\/p>\n\n\n\n<figure class=\"wp-block-image size-full\"><img loading=\"lazy\" decoding=\"async\" width=\"819\" height=\"457\" src=\"http:\/\/infoecos.com.ar\/wp-content\/uploads\/2022\/09\/image-39.png\" alt=\"\" class=\"wp-image-97505\" srcset=\"https:\/\/infoecos.com.ar\/wp-content\/uploads\/2022\/09\/image-39.png 819w, https:\/\/infoecos.com.ar\/wp-content\/uploads\/2022\/09\/image-39-460x257.png 460w, https:\/\/infoecos.com.ar\/wp-content\/uploads\/2022\/09\/image-39-768x429.png 768w\" sizes=\"(max-width: 819px) 100vw, 819px\" \/><\/figure>\n\n\n\n<p>Anteriormente se hab\u00edan iniciado varias actuaciones particulares ante las quejas generalizadas de grupos de profesionales.<\/p>\n\n\n\n<p>El objetivo de esta investigaci\u00f3n es determinar el panorama general en que se encuentran hoy las prestaciones y, en su caso, pedir al Estado Nacional y a los efectores y prestadores de los servicios de salud involucrados, las rectificaciones de la administraci\u00f3n que fueren menester realizar.<\/p>\n\n\n\n<p>La Defensor\u00eda nacional considera fundamental hacer cumplir la Convenci\u00f3n sobre los Derechos de las Personas con Discapacidad (Ley N\u00b0 26.378) y la Ley N\u00ba 24.901, de Prestaciones B\u00e1sicas en Habilitaci\u00f3n y Rehabilitaci\u00f3n Integral de las Personas con Discapacidad, por quienes tienen el deber de brindar prevenci\u00f3n, protecci\u00f3n, tratamiento y rehabilitaci\u00f3n de la salud humana.<\/p>\n","protected":false},"excerpt":{"rendered":"<p>La Defensor\u00eda nacional considera fundamental hacer cumplir la Convenci\u00f3n sobre los Derechos de las Personas con Discapacidad (Ley N\u00b0 26.378) y la Ley N\u00ba 24.901, de Prestaciones B\u00e1sicas en Habilitaci\u00f3n y Rehabilitaci\u00f3n Integral de las Personas con Discapacidad<\/p>\n","protected":false},"author":2,"featured_media":97505,"comment_status":"closed","ping_status":"open","sticky":false,"template":"","format":"standard","meta":{"footnotes":""},"categories":[1326],"tags":[6733],"class_list":["post-97504","post","type-post","status-publish","format-standard","has-post-thumbnail","hentry","category-c2nota6","tag-recortes-reasignacion-presupuestaria"],"yoast_head":"<!-- This site is optimized with the Yoast SEO plugin v23.4 - https:\/\/yoast.com\/wordpress\/plugins\/seo\/ -->\n<title>Vulneraci\u00f3n a los derechos de las Personas con Discapacidad: act\u00faa de oficio la Defensor\u00eda del Pueblo de la Naci\u00f3n - Infoecos<\/title>\n<meta name=\"robots\" content=\"index, follow, max-snippet:-1, max-image-preview:large, max-video-preview:-1\" \/>\n<link rel=\"canonical\" href=\"https:\/\/infoecos.com.ar\/index.php\/vulneracion-a-los-derechos-de-las-personas-con-discapacidad-actua-de-oficio-la-defensoria-del-pueblo-de-la-nacion\/\" \/>\n<meta property=\"og:locale\" content=\"es_ES\" \/>\n<meta property=\"og:type\" content=\"article\" \/>\n<meta property=\"og:title\" content=\"Vulneraci\u00f3n a los derechos de las Personas con Discapacidad: act\u00faa de oficio la Defensor\u00eda del Pueblo de la Naci\u00f3n - Infoecos\" \/>\n<meta property=\"og:description\" content=\"La Defensor\u00eda nacional considera fundamental hacer cumplir la Convenci\u00f3n sobre los Derechos de las Personas con Discapacidad (Ley N\u00b0 26.378) y la Ley N\u00ba 24.901, de Prestaciones B\u00e1sicas en Habilitaci\u00f3n y Rehabilitaci\u00f3n Integral de las Personas con Discapacidad\" \/>\n<meta property=\"og:url\" content=\"https:\/\/infoecos.com.ar\/index.php\/vulneracion-a-los-derechos-de-las-personas-con-discapacidad-actua-de-oficio-la-defensoria-del-pueblo-de-la-nacion\/\" \/>\n<meta property=\"og:site_name\" content=\"Infoecos\" \/>\n<meta property=\"article:publisher\" content=\"https:\/\/www.facebook.com\/profile.php?id=100063200290284\" \/>\n<meta property=\"article:published_time\" content=\"2022-09-09T19:31:52+00:00\" \/>\n<meta property=\"article:modified_time\" content=\"2022-09-12T06:53:14+00:00\" \/>\n<meta property=\"og:image\" content=\"https:\/\/infoecos.com.ar\/wp-content\/uploads\/2022\/09\/image-39.png\" \/>\n\t<meta property=\"og:image:width\" content=\"819\" \/>\n\t<meta property=\"og:image:height\" content=\"457\" \/>\n\t<meta property=\"og:image:type\" content=\"image\/png\" \/>\n<meta name=\"author\" content=\"Jorge Matheus\" \/>\n<meta name=\"twitter:card\" content=\"summary_large_image\" \/>\n<meta name=\"twitter:creator\" content=\"@infoecos\" \/>\n<meta name=\"twitter:site\" content=\"@infoecos\" \/>\n<meta name=\"twitter:label1\" content=\"Escrito por\" \/>\n\t<meta name=\"twitter:data1\" content=\"Jorge Matheus\" \/>\n\t<meta name=\"twitter:label2\" content=\"Tiempo de lectura\" \/>\n\t<meta name=\"twitter:data2\" content=\"1 minuto\" \/>\n<script type=\"application\/ld+json\" class=\"yoast-schema-graph\">{\"@context\":\"https:\/\/schema.org\",\"@graph\":[{\"@type\":\"Article\",\"@id\":\"https:\/\/infoecos.com.ar\/index.php\/vulneracion-a-los-derechos-de-las-personas-con-discapacidad-actua-de-oficio-la-defensoria-del-pueblo-de-la-nacion\/#article\",\"isPartOf\":{\"@id\":\"https:\/\/infoecos.com.ar\/index.php\/vulneracion-a-los-derechos-de-las-personas-con-discapacidad-actua-de-oficio-la-defensoria-del-pueblo-de-la-nacion\/\"},\"author\":{\"name\":\"Jorge Matheus\",\"@id\":\"https:\/\/infoecos.com.ar\/#\/schema\/person\/8f5ace5ce73b4b4aac4b7245aee6f191\"},\"headline\":\"Vulneraci\u00f3n a los derechos de las Personas con Discapacidad: act\u00faa de oficio la Defensor\u00eda del Pueblo de la Naci\u00f3n\",\"datePublished\":\"2022-09-09T19:31:52+00:00\",\"dateModified\":\"2022-09-12T06:53:14+00:00\",\"mainEntityOfPage\":{\"@id\":\"https:\/\/infoecos.com.ar\/index.php\/vulneracion-a-los-derechos-de-las-personas-con-discapacidad-actua-de-oficio-la-defensoria-del-pueblo-de-la-nacion\/\"},\"wordCount\":192,\"publisher\":{\"@id\":\"https:\/\/infoecos.com.ar\/#organization\"},\"image\":{\"@id\":\"https:\/\/infoecos.com.ar\/index.php\/vulneracion-a-los-derechos-de-las-personas-con-discapacidad-actua-de-oficio-la-defensoria-del-pueblo-de-la-nacion\/#primaryimage\"},\"thumbnailUrl\":\"https:\/\/infoecos.com.ar\/wp-content\/uploads\/2022\/09\/image-39.png\",\"keywords\":[\"RECORTES\/reasignaci\u00f3n presupuestaria\"],\"articleSection\":[\"C2 N6\"],\"inLanguage\":\"es\"},{\"@type\":\"WebPage\",\"@id\":\"https:\/\/infoecos.com.ar\/index.php\/vulneracion-a-los-derechos-de-las-personas-con-discapacidad-actua-de-oficio-la-defensoria-del-pueblo-de-la-nacion\/\",\"url\":\"https:\/\/infoecos.com.ar\/index.php\/vulneracion-a-los-derechos-de-las-personas-con-discapacidad-actua-de-oficio-la-defensoria-del-pueblo-de-la-nacion\/\",\"name\":\"Vulneraci\u00f3n a los derechos de las Personas con Discapacidad: act\u00faa de oficio la Defensor\u00eda del Pueblo de la Naci\u00f3n - Infoecos\",\"isPartOf\":{\"@id\":\"https:\/\/infoecos.com.ar\/#website\"},\"primaryImageOfPage\":{\"@id\":\"https:\/\/infoecos.com.ar\/index.php\/vulneracion-a-los-derechos-de-las-personas-con-discapacidad-actua-de-oficio-la-defensoria-del-pueblo-de-la-nacion\/#primaryimage\"},\"image\":{\"@id\":\"https:\/\/infoecos.com.ar\/index.php\/vulneracion-a-los-derechos-de-las-personas-con-discapacidad-actua-de-oficio-la-defensoria-del-pueblo-de-la-nacion\/#primaryimage\"},\"thumbnailUrl\":\"https:\/\/infoecos.com.ar\/wp-content\/uploads\/2022\/09\/image-39.png\",\"datePublished\":\"2022-09-09T19:31:52+00:00\",\"dateModified\":\"2022-09-12T06:53:14+00:00\",\"breadcrumb\":{\"@id\":\"https:\/\/infoecos.com.ar\/index.php\/vulneracion-a-los-derechos-de-las-personas-con-discapacidad-actua-de-oficio-la-defensoria-del-pueblo-de-la-nacion\/#breadcrumb\"},\"inLanguage\":\"es\",\"potentialAction\":[{\"@type\":\"ReadAction\",\"target\":[\"https:\/\/infoecos.com.ar\/index.php\/vulneracion-a-los-derechos-de-las-personas-con-discapacidad-actua-de-oficio-la-defensoria-del-pueblo-de-la-nacion\/\"]}]},{\"@type\":\"ImageObject\",\"inLanguage\":\"es\",\"@id\":\"https:\/\/infoecos.com.ar\/index.php\/vulneracion-a-los-derechos-de-las-personas-con-discapacidad-actua-de-oficio-la-defensoria-del-pueblo-de-la-nacion\/#primaryimage\",\"url\":\"https:\/\/infoecos.com.ar\/wp-content\/uploads\/2022\/09\/image-39.png\",\"contentUrl\":\"https:\/\/infoecos.com.ar\/wp-content\/uploads\/2022\/09\/image-39.png\",\"width\":819,\"height\":457},{\"@type\":\"BreadcrumbList\",\"@id\":\"https:\/\/infoecos.com.ar\/index.php\/vulneracion-a-los-derechos-de-las-personas-con-discapacidad-actua-de-oficio-la-defensoria-del-pueblo-de-la-nacion\/#breadcrumb\",\"itemListElement\":[{\"@type\":\"ListItem\",\"position\":1,\"name\":\"Portada\",\"item\":\"https:\/\/infoecos.com.ar\/\"},{\"@type\":\"ListItem\",\"position\":2,\"name\":\"Vulneraci\u00f3n a los derechos de las Personas con Discapacidad: act\u00faa de oficio la Defensor\u00eda del Pueblo de la Naci\u00f3n\"}]},{\"@type\":\"WebSite\",\"@id\":\"https:\/\/infoecos.com.ar\/#website\",\"url\":\"https:\/\/infoecos.com.ar\/\",\"name\":\"Infoecos\",\"description\":\"Noticias de trenque lauquen y la zona\",\"publisher\":{\"@id\":\"https:\/\/infoecos.com.ar\/#organization\"},\"alternateName\":\"Noticias\",\"potentialAction\":[{\"@type\":\"SearchAction\",\"target\":{\"@type\":\"EntryPoint\",\"urlTemplate\":\"https:\/\/infoecos.com.ar\/?s={search_term_string}\"},\"query-input\":{\"@type\":\"PropertyValueSpecification\",\"valueRequired\":true,\"valueName\":\"search_term_string\"}}],\"inLanguage\":\"es\"},{\"@type\":\"Organization\",\"@id\":\"https:\/\/infoecos.com.ar\/#organization\",\"name\":\"Infoecos\",\"alternateName\":\"Noticias\",\"url\":\"https:\/\/infoecos.com.ar\/\",\"logo\":{\"@type\":\"ImageObject\",\"inLanguage\":\"es\",\"@id\":\"https:\/\/infoecos.com.ar\/#\/schema\/logo\/image\/\",\"url\":\"https:\/\/infoecos.com.ar\/wp-content\/uploads\/2024\/03\/cropped-logo.png\",\"contentUrl\":\"https:\/\/infoecos.com.ar\/wp-content\/uploads\/2024\/03\/cropped-logo.png\",\"width\":374,\"height\":90,\"caption\":\"Infoecos\"},\"image\":{\"@id\":\"https:\/\/infoecos.com.ar\/#\/schema\/logo\/image\/\"},\"sameAs\":[\"https:\/\/www.facebook.com\/profile.php?id=100063200290284\",\"https:\/\/x.com\/infoecos\"]},{\"@type\":\"Person\",\"@id\":\"https:\/\/infoecos.com.ar\/#\/schema\/person\/8f5ace5ce73b4b4aac4b7245aee6f191\",\"name\":\"Jorge Matheus\",\"url\":\"https:\/\/infoecos.com.ar\/index.php\/author\/jomatheus\/\"}]}<\/script>\n<!-- \/ Yoast SEO plugin. -->","yoast_head_json":{"title":"Vulneraci\u00f3n a los derechos de las Personas con Discapacidad: act\u00faa de oficio la Defensor\u00eda del Pueblo de la Naci\u00f3n - Infoecos","robots":{"index":"index","follow":"follow","max-snippet":"max-snippet:-1","max-image-preview":"max-image-preview:large","max-video-preview":"max-video-preview:-1"},"canonical":"https:\/\/infoecos.com.ar\/index.php\/vulneracion-a-los-derechos-de-las-personas-con-discapacidad-actua-de-oficio-la-defensoria-del-pueblo-de-la-nacion\/","og_locale":"es_ES","og_type":"article","og_title":"Vulneraci\u00f3n a los derechos de las Personas con Discapacidad: act\u00faa de oficio la Defensor\u00eda del Pueblo de la Naci\u00f3n - Infoecos","og_description":"La Defensor\u00eda nacional considera fundamental hacer cumplir la Convenci\u00f3n sobre los Derechos de las Personas con Discapacidad (Ley N\u00b0 26.378) y la Ley N\u00ba 24.901, de Prestaciones B\u00e1sicas en Habilitaci\u00f3n y Rehabilitaci\u00f3n Integral de las Personas con Discapacidad","og_url":"https:\/\/infoecos.com.ar\/index.php\/vulneracion-a-los-derechos-de-las-personas-con-discapacidad-actua-de-oficio-la-defensoria-del-pueblo-de-la-nacion\/","og_site_name":"Infoecos","article_publisher":"https:\/\/www.facebook.com\/profile.php?id=100063200290284","article_published_time":"2022-09-09T19:31:52+00:00","article_modified_time":"2022-09-12T06:53:14+00:00","og_image":[{"width":819,"height":457,"url":"https:\/\/infoecos.com.ar\/wp-content\/uploads\/2022\/09\/image-39.png","type":"image\/png"}],"author":"Jorge Matheus","twitter_card":"summary_large_image","twitter_creator":"@infoecos","twitter_site":"@infoecos","twitter_misc":{"Escrito por":"Jorge Matheus","Tiempo de lectura":"1 minuto"},"schema":{"@context":"https:\/\/schema.org","@graph":[{"@type":"Article","@id":"https:\/\/infoecos.com.ar\/index.php\/vulneracion-a-los-derechos-de-las-personas-con-discapacidad-actua-de-oficio-la-defensoria-del-pueblo-de-la-nacion\/#article","isPartOf":{"@id":"https:\/\/infoecos.com.ar\/index.php\/vulneracion-a-los-derechos-de-las-personas-con-discapacidad-actua-de-oficio-la-defensoria-del-pueblo-de-la-nacion\/"},"author":{"name":"Jorge Matheus","@id":"https:\/\/infoecos.com.ar\/#\/schema\/person\/8f5ace5ce73b4b4aac4b7245aee6f191"},"headline":"Vulneraci\u00f3n a los derechos de las Personas con Discapacidad: act\u00faa de oficio la Defensor\u00eda del Pueblo de la Naci\u00f3n","datePublished":"2022-09-09T19:31:52+00:00","dateModified":"2022-09-12T06:53:14+00:00","mainEntityOfPage":{"@id":"https:\/\/infoecos.com.ar\/index.php\/vulneracion-a-los-derechos-de-las-personas-con-discapacidad-actua-de-oficio-la-defensoria-del-pueblo-de-la-nacion\/"},"wordCount":192,"publisher":{"@id":"https:\/\/infoecos.com.ar\/#organization"},"image":{"@id":"https:\/\/infoecos.com.ar\/index.php\/vulneracion-a-los-derechos-de-las-personas-con-discapacidad-actua-de-oficio-la-defensoria-del-pueblo-de-la-nacion\/#primaryimage"},"thumbnailUrl":"https:\/\/infoecos.com.ar\/wp-content\/uploads\/2022\/09\/image-39.png","keywords":["RECORTES\/reasignaci\u00f3n presupuestaria"],"articleSection":["C2 N6"],"inLanguage":"es"},{"@type":"WebPage","@id":"https:\/\/infoecos.com.ar\/index.php\/vulneracion-a-los-derechos-de-las-personas-con-discapacidad-actua-de-oficio-la-defensoria-del-pueblo-de-la-nacion\/","url":"https:\/\/infoecos.com.ar\/index.php\/vulneracion-a-los-derechos-de-las-personas-con-discapacidad-actua-de-oficio-la-defensoria-del-pueblo-de-la-nacion\/","name":"Vulneraci\u00f3n a los derechos de las Personas con Discapacidad: act\u00faa de oficio la Defensor\u00eda del Pueblo de la Naci\u00f3n - Infoecos","isPartOf":{"@id":"https:\/\/infoecos.com.ar\/#website"},"primaryImageOfPage":{"@id":"https:\/\/infoecos.com.ar\/index.php\/vulneracion-a-los-derechos-de-las-personas-con-discapacidad-actua-de-oficio-la-defensoria-del-pueblo-de-la-nacion\/#primaryimage"},"image":{"@id":"https:\/\/infoecos.com.ar\/index.php\/vulneracion-a-los-derechos-de-las-personas-con-discapacidad-actua-de-oficio-la-defensoria-del-pueblo-de-la-nacion\/#primaryimage"},"thumbnailUrl":"https:\/\/infoecos.com.ar\/wp-content\/uploads\/2022\/09\/image-39.png","datePublished":"2022-09-09T19:31:52+00:00","dateModified":"2022-09-12T06:53:14+00:00","breadcrumb":{"@id":"https:\/\/infoecos.com.ar\/index.php\/vulneracion-a-los-derechos-de-las-personas-con-discapacidad-actua-de-oficio-la-defensoria-del-pueblo-de-la-nacion\/#breadcrumb"},"inLanguage":"es","potentialAction":[{"@type":"ReadAction","target":["https:\/\/infoecos.com.ar\/index.php\/vulneracion-a-los-derechos-de-las-personas-con-discapacidad-actua-de-oficio-la-defensoria-del-pueblo-de-la-nacion\/"]}]},{"@type":"ImageObject","inLanguage":"es","@id":"https:\/\/infoecos.com.ar\/index.php\/vulneracion-a-los-derechos-de-las-personas-con-discapacidad-actua-de-oficio-la-defensoria-del-pueblo-de-la-nacion\/#primaryimage","url":"https:\/\/infoecos.com.ar\/wp-content\/uploads\/2022\/09\/image-39.png","contentUrl":"https:\/\/infoecos.com.ar\/wp-content\/uploads\/2022\/09\/image-39.png","width":819,"height":457},{"@type":"BreadcrumbList","@id":"https:\/\/infoecos.com.ar\/index.php\/vulneracion-a-los-derechos-de-las-personas-con-discapacidad-actua-de-oficio-la-defensoria-del-pueblo-de-la-nacion\/#breadcrumb","itemListElement":[{"@type":"ListItem","position":1,"name":"Portada","item":"https:\/\/infoecos.com.ar\/"},{"@type":"ListItem","position":2,"name":"Vulneraci\u00f3n a los derechos de las Personas con Discapacidad: act\u00faa de oficio la Defensor\u00eda del Pueblo de la Naci\u00f3n"}]},{"@type":"WebSite","@id":"https:\/\/infoecos.com.ar\/#website","url":"https:\/\/infoecos.com.ar\/","name":"Infoecos","description":"Noticias de trenque lauquen y la zona","publisher":{"@id":"https:\/\/infoecos.com.ar\/#organization"},"alternateName":"Noticias","potentialAction":[{"@type":"SearchAction","target":{"@type":"EntryPoint","urlTemplate":"https:\/\/infoecos.com.ar\/?s={search_term_string}"},"query-input":{"@type":"PropertyValueSpecification","valueRequired":true,"valueName":"search_term_string"}}],"inLanguage":"es"},{"@type":"Organization","@id":"https:\/\/infoecos.com.ar\/#organization","name":"Infoecos","alternateName":"Noticias","url":"https:\/\/infoecos.com.ar\/","logo":{"@type":"ImageObject","inLanguage":"es","@id":"https:\/\/infoecos.com.ar\/#\/schema\/logo\/image\/","url":"https:\/\/infoecos.com.ar\/wp-content\/uploads\/2024\/03\/cropped-logo.png","contentUrl":"https:\/\/infoecos.com.ar\/wp-content\/uploads\/2024\/03\/cropped-logo.png","width":374,"height":90,"caption":"Infoecos"},"image":{"@id":"https:\/\/infoecos.com.ar\/#\/schema\/logo\/image\/"},"sameAs":["https:\/\/www.facebook.com\/profile.php?id=100063200290284","https:\/\/x.com\/infoecos"]},{"@type":"Person","@id":"https:\/\/infoecos.com.ar\/#\/schema\/person\/8f5ace5ce73b4b4aac4b7245aee6f191","name":"Jorge Matheus","url":"https:\/\/infoecos.com.ar\/index.php\/author\/jomatheus\/"}]}},"featured_image_urls":{"full":["https:\/\/infoecos.com.ar\/wp-content\/uploads\/2022\/09\/image-39.png",819,457,false],"thumbnail":["https:\/\/infoecos.com.ar\/wp-content\/uploads\/2022\/09\/image-39-150x150.png",150,150,true],"medium":["https:\/\/infoecos.com.ar\/wp-content\/uploads\/2022\/09\/image-39-460x257.png",460,257,true],"medium_large":["https:\/\/infoecos.com.ar\/wp-content\/uploads\/2022\/09\/image-39-768x429.png",640,358,true],"large":["https:\/\/infoecos.com.ar\/wp-content\/uploads\/2022\/09\/image-39.png",640,357,false],"1536x1536":["https:\/\/infoecos.com.ar\/wp-content\/uploads\/2022\/09\/image-39.png",819,457,false],"2048x2048":["https:\/\/infoecos.com.ar\/wp-content\/uploads\/2022\/09\/image-39.png",819,457,false],"covernews-slider-full":["https:\/\/infoecos.com.ar\/wp-content\/uploads\/2022\/09\/image-39.png",819,457,false],"covernews-slider-center":["https:\/\/infoecos.com.ar\/wp-content\/uploads\/2022\/09\/image-39.png",800,446,false],"covernews-featured":["https:\/\/infoecos.com.ar\/wp-content\/uploads\/2022\/09\/image-39.png",819,457,false],"covernews-medium":["https:\/\/infoecos.com.ar\/wp-content\/uploads\/2022\/09\/image-39-720x380.png",540,285,true],"covernews-medium-square":["https:\/\/infoecos.com.ar\/wp-content\/uploads\/2022\/09\/image-39-675x450.png",375,250,true]},"author_info":{"info":["Jorge Matheus"]},"category_info":"<a href=\"https:\/\/infoecos.com.ar\/index.php\/category\/c2nota6\/\" rel=\"category tag\">C2 N6<\/a>","tag_info":"C2 N6","comment_count":"0","_links":{"self":[{"href":"https:\/\/infoecos.com.ar\/index.php\/wp-json\/wp\/v2\/posts\/97504"}],"collection":[{"href":"https:\/\/infoecos.com.ar\/index.php\/wp-json\/wp\/v2\/posts"}],"about":[{"href":"https:\/\/infoecos.com.ar\/index.php\/wp-json\/wp\/v2\/types\/post"}],"author":[{"embeddable":true,"href":"https:\/\/infoecos.com.ar\/index.php\/wp-json\/wp\/v2\/users\/2"}],"replies":[{"embeddable":true,"href":"https:\/\/infoecos.com.ar\/index.php\/wp-json\/wp\/v2\/comments?post=97504"}],"version-history":[{"count":1,"href":"https:\/\/infoecos.com.ar\/index.php\/wp-json\/wp\/v2\/posts\/97504\/revisions"}],"predecessor-version":[{"id":97506,"href":"https:\/\/infoecos.com.ar\/index.php\/wp-json\/wp\/v2\/posts\/97504\/revisions\/97506"}],"wp:featuredmedia":[{"embeddable":true,"href":"https:\/\/infoecos.com.ar\/index.php\/wp-json\/wp\/v2\/media\/97505"}],"wp:attachment":[{"href":"https:\/\/infoecos.com.ar\/index.php\/wp-json\/wp\/v2\/media?parent=97504"}],"wp:term":[{"taxonomy":"category","embeddable":true,"href":"https:\/\/infoecos.com.ar\/index.php\/wp-json\/wp\/v2\/categories?post=97504"},{"taxonomy":"post_tag","embeddable":true,"href":"https:\/\/infoecos.com.ar\/index.php\/wp-json\/wp\/v2\/tags?post=97504"}],"curies":[{"name":"wp","href":"https:\/\/api.w.org\/{rel}","templated":true}]}}