{"id":97507,"date":"2022-09-11T02:41:43","date_gmt":"2022-09-11T05:41:43","guid":{"rendered":"http:\/\/infoecos.com.ar\/?p=97507"},"modified":"2022-09-11T02:41:46","modified_gmt":"2022-09-11T05:41:46","slug":"para-simplificar-la-regularizacion-de-barrios-cerrados-arba-comunico-nuevas-medidas","status":"publish","type":"post","link":"https:\/\/infoecos.com.ar\/index.php\/para-simplificar-la-regularizacion-de-barrios-cerrados-arba-comunico-nuevas-medidas\/","title":{"rendered":"Para simplificar la regularizaci\u00f3n de barrios cerrados, ARBA comunic\u00f3 nuevas medidas"},"content":{"rendered":"\n<p>La\u00a0<strong>Agencia de Recaudaci\u00f3n de la provincia de Buenos Aires (ARBA)<\/strong> instrument\u00f3 una serie de medidas que permiten\u00a0agilizar los tr\u00e1mites vinculados con la responsabilidad tributaria sobre las partidas inmobiliarias y simplificar la subdivisi\u00f3n de parcelas, dando un paso m\u00e1s en el proceso de ordenamiento y regularizaci\u00f3n de grandes urbanizaciones en territorio bonaerense.<\/p>\n\n\n\n<figure class=\"wp-block-image aligncenter size-full is-resized\"><img loading=\"lazy\" decoding=\"async\" src=\"http:\/\/infoecos.com.ar\/wp-content\/uploads\/2022\/09\/image-40.png\" alt=\"\" class=\"wp-image-97508\" width=\"370\" height=\"231\"\/><\/figure>\n\n\n\n<p>El director de ARBA, Cristian Girard, explic\u00f3 los alcances de las medidas en la provincia de Buenos Aires\u00a0durante una reuni\u00f3n que mantuvo con representantes de la C\u00e1mara Empresaria de Desarrollos Urbanos (CEDU) y la C\u00e1mara Argentina de la Construcci\u00f3n (Camarco).\u00a0<\/p>\n\n\n\n<p>\u00abEstamos dando un paso m\u00e1s dentro de la agenda de trabajo que llevamos adelante con el&nbsp;sector inmobiliario&nbsp;desde el d\u00eda que asumimos, para tratar de solucionar problemas estructurales, que se arrastraban desde hace muchos a\u00f1os\u00bb, asegur\u00f3&nbsp;Girard.<\/p>\n\n\n\n<p>\u00abSimplificamos tr\u00e1mites y avanzamos con un ordenamiento claro sobre los desarrollos urbanos,\u00a0que son importantes porque tienen un gran impacto en la econom\u00eda y la generaci\u00f3n de empleo\u00bb, a\u00f1adi\u00f3 el funcionario.<\/p>\n\n\n\n<p>Una de las resoluciones de ARBA es que los desarrolladores de barrios cerrados&nbsp;se desvincular\u00e1n de un impuesto&nbsp;que&nbsp;no le correspond\u00eda pagar a ninguna de las partes y que&nbsp;hasta el momento&nbsp;provocaba juicios por incumplimiento de pago.&nbsp;Esta judicializaci\u00f3n terminaba impidiendo que los propietarios pudieran escriturar sus terrenos o casas.<\/p>\n\n\n\n<p>Adem\u00e1s entre las medidas el organismo sum\u00f3&nbsp;la habilitaci\u00f3n para que escribanas y escribanos tramiten directamente la actualizaci\u00f3n de responsabilidad tributaria, sin necesidad de la intervenci\u00f3n de ARBA.<\/p>\n\n\n\n<p>Tambi\u00e9n la&nbsp;desvinculaci\u00f3n retroactiva mediante boleto de compraventa y la posibilidad de modificar los datos de m\u00faltiples partidas en simult\u00e1neo, lo que agiliza y simplifica el proceso para acceder a la escrituraci\u00f3n de propiedades en grandes desarrollos inmobiliarios.<\/p>\n\n\n\n<p><a href=\"https:\/\/www.cronista.com\/mundial-qatar-2022\/figuritas-mundial-qatar-2022-pais-por-pais-cuanto-cuestan-las-figuritas-en-la-region\/\"><\/a><\/p>\n\n\n\n<p><\/p>\n\n\n\n<p><\/p>\n","protected":false},"excerpt":{"rendered":"<p>El director de ARBA, Cristian Girard, explic\u00f3 los alcances de las medidas en la provincia de Buenos Aires\u00a0durante una reuni\u00f3n que mantuvo con representantes de la C\u00e1mara Empresaria de Desarrollos Urbanos (CEDU) y la C\u00e1mara Argentina de la Construcci\u00f3n (Camarco)<\/p>\n","protected":false},"author":2,"featured_media":97508,"comment_status":"closed","ping_status":"open","sticky":false,"template":"","format":"standard","meta":{"footnotes":""},"categories":[25],"tags":[6734],"class_list":["post-97507","post","type-post","status-publish","format-standard","has-post-thumbnail","hentry","category-c3nota1","tag-economia-bonaerense"],"yoast_head":"<!-- This site is optimized with the Yoast SEO plugin v23.4 - https:\/\/yoast.com\/wordpress\/plugins\/seo\/ -->\n<title>Para simplificar la regularizaci\u00f3n de barrios cerrados, ARBA comunic\u00f3 nuevas medidas - Infoecos<\/title>\n<meta name=\"robots\" content=\"index, follow, max-snippet:-1, max-image-preview:large, max-video-preview:-1\" \/>\n<link rel=\"canonical\" href=\"https:\/\/infoecos.com.ar\/index.php\/para-simplificar-la-regularizacion-de-barrios-cerrados-arba-comunico-nuevas-medidas\/\" \/>\n<meta property=\"og:locale\" content=\"es_ES\" \/>\n<meta property=\"og:type\" content=\"article\" \/>\n<meta property=\"og:title\" content=\"Para simplificar la regularizaci\u00f3n de barrios cerrados, ARBA comunic\u00f3 nuevas medidas - Infoecos\" \/>\n<meta property=\"og:description\" content=\"El director de ARBA, Cristian Girard, explic\u00f3 los alcances de las medidas en la provincia de Buenos Aires\u00a0durante una reuni\u00f3n que mantuvo con representantes de la C\u00e1mara Empresaria de Desarrollos Urbanos (CEDU) y la C\u00e1mara Argentina de la Construcci\u00f3n (Camarco)\" \/>\n<meta property=\"og:url\" content=\"https:\/\/infoecos.com.ar\/index.php\/para-simplificar-la-regularizacion-de-barrios-cerrados-arba-comunico-nuevas-medidas\/\" \/>\n<meta property=\"og:site_name\" content=\"Infoecos\" \/>\n<meta property=\"article:publisher\" content=\"https:\/\/www.facebook.com\/profile.php?id=100063200290284\" \/>\n<meta property=\"article:published_time\" content=\"2022-09-11T05:41:43+00:00\" \/>\n<meta property=\"article:modified_time\" content=\"2022-09-11T05:41:46+00:00\" \/>\n<meta property=\"og:image\" content=\"https:\/\/infoecos.com.ar\/wp-content\/uploads\/2022\/09\/image-40.png\" \/>\n\t<meta property=\"og:image:width\" content=\"284\" \/>\n\t<meta property=\"og:image:height\" content=\"177\" \/>\n\t<meta property=\"og:image:type\" content=\"image\/png\" \/>\n<meta name=\"author\" content=\"Jorge Matheus\" \/>\n<meta name=\"twitter:card\" content=\"summary_large_image\" \/>\n<meta name=\"twitter:creator\" content=\"@infoecos\" \/>\n<meta name=\"twitter:site\" content=\"@infoecos\" \/>\n<meta name=\"twitter:label1\" content=\"Escrito por\" \/>\n\t<meta name=\"twitter:data1\" content=\"Jorge Matheus\" \/>\n\t<meta name=\"twitter:label2\" content=\"Tiempo de lectura\" \/>\n\t<meta name=\"twitter:data2\" content=\"2 minutos\" \/>\n<script type=\"application\/ld+json\" class=\"yoast-schema-graph\">{\"@context\":\"https:\/\/schema.org\",\"@graph\":[{\"@type\":\"Article\",\"@id\":\"https:\/\/infoecos.com.ar\/index.php\/para-simplificar-la-regularizacion-de-barrios-cerrados-arba-comunico-nuevas-medidas\/#article\",\"isPartOf\":{\"@id\":\"https:\/\/infoecos.com.ar\/index.php\/para-simplificar-la-regularizacion-de-barrios-cerrados-arba-comunico-nuevas-medidas\/\"},\"author\":{\"name\":\"Jorge Matheus\",\"@id\":\"https:\/\/infoecos.com.ar\/#\/schema\/person\/8f5ace5ce73b4b4aac4b7245aee6f191\"},\"headline\":\"Para simplificar la regularizaci\u00f3n de barrios cerrados, ARBA comunic\u00f3 nuevas medidas\",\"datePublished\":\"2022-09-11T05:41:43+00:00\",\"dateModified\":\"2022-09-11T05:41:46+00:00\",\"mainEntityOfPage\":{\"@id\":\"https:\/\/infoecos.com.ar\/index.php\/para-simplificar-la-regularizacion-de-barrios-cerrados-arba-comunico-nuevas-medidas\/\"},\"wordCount\":332,\"publisher\":{\"@id\":\"https:\/\/infoecos.com.ar\/#organization\"},\"image\":{\"@id\":\"https:\/\/infoecos.com.ar\/index.php\/para-simplificar-la-regularizacion-de-barrios-cerrados-arba-comunico-nuevas-medidas\/#primaryimage\"},\"thumbnailUrl\":\"https:\/\/infoecos.com.ar\/wp-content\/uploads\/2022\/09\/image-40.png\",\"keywords\":[\"ECONOM\u00cdA BONAERENSE\"],\"articleSection\":[\"C3 N1\"],\"inLanguage\":\"es\"},{\"@type\":\"WebPage\",\"@id\":\"https:\/\/infoecos.com.ar\/index.php\/para-simplificar-la-regularizacion-de-barrios-cerrados-arba-comunico-nuevas-medidas\/\",\"url\":\"https:\/\/infoecos.com.ar\/index.php\/para-simplificar-la-regularizacion-de-barrios-cerrados-arba-comunico-nuevas-medidas\/\",\"name\":\"Para simplificar la regularizaci\u00f3n de barrios cerrados, ARBA comunic\u00f3 nuevas medidas - Infoecos\",\"isPartOf\":{\"@id\":\"https:\/\/infoecos.com.ar\/#website\"},\"primaryImageOfPage\":{\"@id\":\"https:\/\/infoecos.com.ar\/index.php\/para-simplificar-la-regularizacion-de-barrios-cerrados-arba-comunico-nuevas-medidas\/#primaryimage\"},\"image\":{\"@id\":\"https:\/\/infoecos.com.ar\/index.php\/para-simplificar-la-regularizacion-de-barrios-cerrados-arba-comunico-nuevas-medidas\/#primaryimage\"},\"thumbnailUrl\":\"https:\/\/infoecos.com.ar\/wp-content\/uploads\/2022\/09\/image-40.png\",\"datePublished\":\"2022-09-11T05:41:43+00:00\",\"dateModified\":\"2022-09-11T05:41:46+00:00\",\"breadcrumb\":{\"@id\":\"https:\/\/infoecos.com.ar\/index.php\/para-simplificar-la-regularizacion-de-barrios-cerrados-arba-comunico-nuevas-medidas\/#breadcrumb\"},\"inLanguage\":\"es\",\"potentialAction\":[{\"@type\":\"ReadAction\",\"target\":[\"https:\/\/infoecos.com.ar\/index.php\/para-simplificar-la-regularizacion-de-barrios-cerrados-arba-comunico-nuevas-medidas\/\"]}]},{\"@type\":\"ImageObject\",\"inLanguage\":\"es\",\"@id\":\"https:\/\/infoecos.com.ar\/index.php\/para-simplificar-la-regularizacion-de-barrios-cerrados-arba-comunico-nuevas-medidas\/#primaryimage\",\"url\":\"https:\/\/infoecos.com.ar\/wp-content\/uploads\/2022\/09\/image-40.png\",\"contentUrl\":\"https:\/\/infoecos.com.ar\/wp-content\/uploads\/2022\/09\/image-40.png\",\"width\":284,\"height\":177},{\"@type\":\"BreadcrumbList\",\"@id\":\"https:\/\/infoecos.com.ar\/index.php\/para-simplificar-la-regularizacion-de-barrios-cerrados-arba-comunico-nuevas-medidas\/#breadcrumb\",\"itemListElement\":[{\"@type\":\"ListItem\",\"position\":1,\"name\":\"Portada\",\"item\":\"https:\/\/infoecos.com.ar\/\"},{\"@type\":\"ListItem\",\"position\":2,\"name\":\"Para simplificar la regularizaci\u00f3n de barrios cerrados, ARBA comunic\u00f3 nuevas medidas\"}]},{\"@type\":\"WebSite\",\"@id\":\"https:\/\/infoecos.com.ar\/#website\",\"url\":\"https:\/\/infoecos.com.ar\/\",\"name\":\"Infoecos\",\"description\":\"Noticias de trenque lauquen y la zona\",\"publisher\":{\"@id\":\"https:\/\/infoecos.com.ar\/#organization\"},\"alternateName\":\"Noticias\",\"potentialAction\":[{\"@type\":\"SearchAction\",\"target\":{\"@type\":\"EntryPoint\",\"urlTemplate\":\"https:\/\/infoecos.com.ar\/?s={search_term_string}\"},\"query-input\":{\"@type\":\"PropertyValueSpecification\",\"valueRequired\":true,\"valueName\":\"search_term_string\"}}],\"inLanguage\":\"es\"},{\"@type\":\"Organization\",\"@id\":\"https:\/\/infoecos.com.ar\/#organization\",\"name\":\"Infoecos\",\"alternateName\":\"Noticias\",\"url\":\"https:\/\/infoecos.com.ar\/\",\"logo\":{\"@type\":\"ImageObject\",\"inLanguage\":\"es\",\"@id\":\"https:\/\/infoecos.com.ar\/#\/schema\/logo\/image\/\",\"url\":\"https:\/\/infoecos.com.ar\/wp-content\/uploads\/2024\/03\/cropped-logo.png\",\"contentUrl\":\"https:\/\/infoecos.com.ar\/wp-content\/uploads\/2024\/03\/cropped-logo.png\",\"width\":374,\"height\":90,\"caption\":\"Infoecos\"},\"image\":{\"@id\":\"https:\/\/infoecos.com.ar\/#\/schema\/logo\/image\/\"},\"sameAs\":[\"https:\/\/www.facebook.com\/profile.php?id=100063200290284\",\"https:\/\/x.com\/infoecos\"]},{\"@type\":\"Person\",\"@id\":\"https:\/\/infoecos.com.ar\/#\/schema\/person\/8f5ace5ce73b4b4aac4b7245aee6f191\",\"name\":\"Jorge Matheus\",\"url\":\"https:\/\/infoecos.com.ar\/index.php\/author\/jomatheus\/\"}]}<\/script>\n<!-- \/ Yoast SEO plugin. -->","yoast_head_json":{"title":"Para simplificar la regularizaci\u00f3n de barrios cerrados, ARBA comunic\u00f3 nuevas medidas - Infoecos","robots":{"index":"index","follow":"follow","max-snippet":"max-snippet:-1","max-image-preview":"max-image-preview:large","max-video-preview":"max-video-preview:-1"},"canonical":"https:\/\/infoecos.com.ar\/index.php\/para-simplificar-la-regularizacion-de-barrios-cerrados-arba-comunico-nuevas-medidas\/","og_locale":"es_ES","og_type":"article","og_title":"Para simplificar la regularizaci\u00f3n de barrios cerrados, ARBA comunic\u00f3 nuevas medidas - Infoecos","og_description":"El director de ARBA, Cristian Girard, explic\u00f3 los alcances de las medidas en la provincia de Buenos Aires\u00a0durante una reuni\u00f3n que mantuvo con representantes de la C\u00e1mara Empresaria de Desarrollos Urbanos (CEDU) y la C\u00e1mara Argentina de la Construcci\u00f3n (Camarco)","og_url":"https:\/\/infoecos.com.ar\/index.php\/para-simplificar-la-regularizacion-de-barrios-cerrados-arba-comunico-nuevas-medidas\/","og_site_name":"Infoecos","article_publisher":"https:\/\/www.facebook.com\/profile.php?id=100063200290284","article_published_time":"2022-09-11T05:41:43+00:00","article_modified_time":"2022-09-11T05:41:46+00:00","og_image":[{"width":284,"height":177,"url":"https:\/\/infoecos.com.ar\/wp-content\/uploads\/2022\/09\/image-40.png","type":"image\/png"}],"author":"Jorge Matheus","twitter_card":"summary_large_image","twitter_creator":"@infoecos","twitter_site":"@infoecos","twitter_misc":{"Escrito por":"Jorge Matheus","Tiempo de lectura":"2 minutos"},"schema":{"@context":"https:\/\/schema.org","@graph":[{"@type":"Article","@id":"https:\/\/infoecos.com.ar\/index.php\/para-simplificar-la-regularizacion-de-barrios-cerrados-arba-comunico-nuevas-medidas\/#article","isPartOf":{"@id":"https:\/\/infoecos.com.ar\/index.php\/para-simplificar-la-regularizacion-de-barrios-cerrados-arba-comunico-nuevas-medidas\/"},"author":{"name":"Jorge Matheus","@id":"https:\/\/infoecos.com.ar\/#\/schema\/person\/8f5ace5ce73b4b4aac4b7245aee6f191"},"headline":"Para simplificar la regularizaci\u00f3n de barrios cerrados, ARBA comunic\u00f3 nuevas medidas","datePublished":"2022-09-11T05:41:43+00:00","dateModified":"2022-09-11T05:41:46+00:00","mainEntityOfPage":{"@id":"https:\/\/infoecos.com.ar\/index.php\/para-simplificar-la-regularizacion-de-barrios-cerrados-arba-comunico-nuevas-medidas\/"},"wordCount":332,"publisher":{"@id":"https:\/\/infoecos.com.ar\/#organization"},"image":{"@id":"https:\/\/infoecos.com.ar\/index.php\/para-simplificar-la-regularizacion-de-barrios-cerrados-arba-comunico-nuevas-medidas\/#primaryimage"},"thumbnailUrl":"https:\/\/infoecos.com.ar\/wp-content\/uploads\/2022\/09\/image-40.png","keywords":["ECONOM\u00cdA BONAERENSE"],"articleSection":["C3 N1"],"inLanguage":"es"},{"@type":"WebPage","@id":"https:\/\/infoecos.com.ar\/index.php\/para-simplificar-la-regularizacion-de-barrios-cerrados-arba-comunico-nuevas-medidas\/","url":"https:\/\/infoecos.com.ar\/index.php\/para-simplificar-la-regularizacion-de-barrios-cerrados-arba-comunico-nuevas-medidas\/","name":"Para simplificar la regularizaci\u00f3n de barrios cerrados, ARBA comunic\u00f3 nuevas medidas - Infoecos","isPartOf":{"@id":"https:\/\/infoecos.com.ar\/#website"},"primaryImageOfPage":{"@id":"https:\/\/infoecos.com.ar\/index.php\/para-simplificar-la-regularizacion-de-barrios-cerrados-arba-comunico-nuevas-medidas\/#primaryimage"},"image":{"@id":"https:\/\/infoecos.com.ar\/index.php\/para-simplificar-la-regularizacion-de-barrios-cerrados-arba-comunico-nuevas-medidas\/#primaryimage"},"thumbnailUrl":"https:\/\/infoecos.com.ar\/wp-content\/uploads\/2022\/09\/image-40.png","datePublished":"2022-09-11T05:41:43+00:00","dateModified":"2022-09-11T05:41:46+00:00","breadcrumb":{"@id":"https:\/\/infoecos.com.ar\/index.php\/para-simplificar-la-regularizacion-de-barrios-cerrados-arba-comunico-nuevas-medidas\/#breadcrumb"},"inLanguage":"es","potentialAction":[{"@type":"ReadAction","target":["https:\/\/infoecos.com.ar\/index.php\/para-simplificar-la-regularizacion-de-barrios-cerrados-arba-comunico-nuevas-medidas\/"]}]},{"@type":"ImageObject","inLanguage":"es","@id":"https:\/\/infoecos.com.ar\/index.php\/para-simplificar-la-regularizacion-de-barrios-cerrados-arba-comunico-nuevas-medidas\/#primaryimage","url":"https:\/\/infoecos.com.ar\/wp-content\/uploads\/2022\/09\/image-40.png","contentUrl":"https:\/\/infoecos.com.ar\/wp-content\/uploads\/2022\/09\/image-40.png","width":284,"height":177},{"@type":"BreadcrumbList","@id":"https:\/\/infoecos.com.ar\/index.php\/para-simplificar-la-regularizacion-de-barrios-cerrados-arba-comunico-nuevas-medidas\/#breadcrumb","itemListElement":[{"@type":"ListItem","position":1,"name":"Portada","item":"https:\/\/infoecos.com.ar\/"},{"@type":"ListItem","position":2,"name":"Para simplificar la regularizaci\u00f3n de barrios cerrados, ARBA comunic\u00f3 nuevas medidas"}]},{"@type":"WebSite","@id":"https:\/\/infoecos.com.ar\/#website","url":"https:\/\/infoecos.com.ar\/","name":"Infoecos","description":"Noticias de trenque lauquen y la zona","publisher":{"@id":"https:\/\/infoecos.com.ar\/#organization"},"alternateName":"Noticias","potentialAction":[{"@type":"SearchAction","target":{"@type":"EntryPoint","urlTemplate":"https:\/\/infoecos.com.ar\/?s={search_term_string}"},"query-input":{"@type":"PropertyValueSpecification","valueRequired":true,"valueName":"search_term_string"}}],"inLanguage":"es"},{"@type":"Organization","@id":"https:\/\/infoecos.com.ar\/#organization","name":"Infoecos","alternateName":"Noticias","url":"https:\/\/infoecos.com.ar\/","logo":{"@type":"ImageObject","inLanguage":"es","@id":"https:\/\/infoecos.com.ar\/#\/schema\/logo\/image\/","url":"https:\/\/infoecos.com.ar\/wp-content\/uploads\/2024\/03\/cropped-logo.png","contentUrl":"https:\/\/infoecos.com.ar\/wp-content\/uploads\/2024\/03\/cropped-logo.png","width":374,"height":90,"caption":"Infoecos"},"image":{"@id":"https:\/\/infoecos.com.ar\/#\/schema\/logo\/image\/"},"sameAs":["https:\/\/www.facebook.com\/profile.php?id=100063200290284","https:\/\/x.com\/infoecos"]},{"@type":"Person","@id":"https:\/\/infoecos.com.ar\/#\/schema\/person\/8f5ace5ce73b4b4aac4b7245aee6f191","name":"Jorge Matheus","url":"https:\/\/infoecos.com.ar\/index.php\/author\/jomatheus\/"}]}},"featured_image_urls":{"full":["https:\/\/infoecos.com.ar\/wp-content\/uploads\/2022\/09\/image-40.png",284,177,false],"thumbnail":["https:\/\/infoecos.com.ar\/wp-content\/uploads\/2022\/09\/image-40-150x150.png",150,150,true],"medium":["https:\/\/infoecos.com.ar\/wp-content\/uploads\/2022\/09\/image-40.png",284,177,false],"medium_large":["https:\/\/infoecos.com.ar\/wp-content\/uploads\/2022\/09\/image-40.png",284,177,false],"large":["https:\/\/infoecos.com.ar\/wp-content\/uploads\/2022\/09\/image-40.png",284,177,false],"1536x1536":["https:\/\/infoecos.com.ar\/wp-content\/uploads\/2022\/09\/image-40.png",284,177,false],"2048x2048":["https:\/\/infoecos.com.ar\/wp-content\/uploads\/2022\/09\/image-40.png",284,177,false],"covernews-slider-full":["https:\/\/infoecos.com.ar\/wp-content\/uploads\/2022\/09\/image-40.png",284,177,false],"covernews-slider-center":["https:\/\/infoecos.com.ar\/wp-content\/uploads\/2022\/09\/image-40.png",284,177,false],"covernews-featured":["https:\/\/infoecos.com.ar\/wp-content\/uploads\/2022\/09\/image-40.png",284,177,false],"covernews-medium":["https:\/\/infoecos.com.ar\/wp-content\/uploads\/2022\/09\/image-40.png",284,177,false],"covernews-medium-square":["https:\/\/infoecos.com.ar\/wp-content\/uploads\/2022\/09\/image-40.png",284,177,false]},"author_info":{"info":["Jorge Matheus"]},"category_info":"<a href=\"https:\/\/infoecos.com.ar\/index.php\/category\/c3nota1\/\" rel=\"category tag\">C3 N1<\/a>","tag_info":"C3 N1","comment_count":"0","_links":{"self":[{"href":"https:\/\/infoecos.com.ar\/index.php\/wp-json\/wp\/v2\/posts\/97507"}],"collection":[{"href":"https:\/\/infoecos.com.ar\/index.php\/wp-json\/wp\/v2\/posts"}],"about":[{"href":"https:\/\/infoecos.com.ar\/index.php\/wp-json\/wp\/v2\/types\/post"}],"author":[{"embeddable":true,"href":"https:\/\/infoecos.com.ar\/index.php\/wp-json\/wp\/v2\/users\/2"}],"replies":[{"embeddable":true,"href":"https:\/\/infoecos.com.ar\/index.php\/wp-json\/wp\/v2\/comments?post=97507"}],"version-history":[{"count":1,"href":"https:\/\/infoecos.com.ar\/index.php\/wp-json\/wp\/v2\/posts\/97507\/revisions"}],"predecessor-version":[{"id":97509,"href":"https:\/\/infoecos.com.ar\/index.php\/wp-json\/wp\/v2\/posts\/97507\/revisions\/97509"}],"wp:featuredmedia":[{"embeddable":true,"href":"https:\/\/infoecos.com.ar\/index.php\/wp-json\/wp\/v2\/media\/97508"}],"wp:attachment":[{"href":"https:\/\/infoecos.com.ar\/index.php\/wp-json\/wp\/v2\/media?parent=97507"}],"wp:term":[{"taxonomy":"category","embeddable":true,"href":"https:\/\/infoecos.com.ar\/index.php\/wp-json\/wp\/v2\/categories?post=97507"},{"taxonomy":"post_tag","embeddable":true,"href":"https:\/\/infoecos.com.ar\/index.php\/wp-json\/wp\/v2\/tags?post=97507"}],"curies":[{"name":"wp","href":"https:\/\/api.w.org\/{rel}","templated":true}]}}