{"id":97556,"date":"2022-09-12T03:16:51","date_gmt":"2022-09-12T06:16:51","guid":{"rendered":"http:\/\/infoecos.com.ar\/?p=97556"},"modified":"2022-09-13T03:30:38","modified_gmt":"2022-09-13T06:30:38","slug":"el-miercoles-se-dara-a-conocer-el-indice-de-precios-al-consumidor","status":"publish","type":"post","link":"https:\/\/infoecos.com.ar\/index.php\/el-miercoles-se-dara-a-conocer-el-indice-de-precios-al-consumidor\/","title":{"rendered":"Ma\u00f1ana se dar\u00e1 a conocer el Indice de Precios al Consumidor"},"content":{"rendered":"\n<p>El Instituto Nacional de Estad\u00edstica y Censos (<strong>INDEC<\/strong>)&nbsp;<strong>dar\u00e1 a conocer este mi\u00e9rcoles el \u00cdndice de Precios al Consumidor (IPC) de agosto<\/strong>, que de acuerdo a las previsiones&nbsp;<strong>se ubicar\u00e1 por encima del 6 por ciento<\/strong>.<\/p>\n\n\n\n<p>La suba de precios de los alimentos y del boleto de colectivo, el incremento en alquileres m\u00e1s el aumento en los combustibles y otros servicios, impulsan el alza en el \u00edndice de precios del octavo mes del a\u00f1o.<\/p>\n\n\n\n<p>La inflaci\u00f3n de agosto para la consultora C&amp;T fue del 6,7% para el Gran Buenos Aires.<\/p>\n\n\n\n<p>El an\u00e1lisis privado preciso que \u00abtransporte y comunicaciones fue el rubro de mayor alza de la mano del ajuste de 40% en el transporte p\u00fablico\u00bb y sobre el fin de mes se destac\u00f3 el aumento de los combustibles\u00bb.<\/p>\n\n\n\n<p>Adem\u00e1s, destacaron que la \u00abindumentaria volvi\u00f3 a subir significativamente, como en julio, a pesar de no ser un mes estacionalmente fuerte\u00bb.<\/p>\n\n\n\n<p>Indicaron que los alimentos y bebidas crecieron 7,5 por ciento, resaltando particularmente el alza en frutas y verduras.<\/p>\n\n\n\n<p>Con respecto al dato anual se\u00f1alaron que \u00abla variaci\u00f3n de doce meses trep\u00f3 a 75,9 por ciento, ritmo comparable al de enero de 1992\u00bb.<\/p>\n\n\n\n<p>EcoGo, por su parte, tambi\u00e9n prev\u00e9 una inflaci\u00f3n del 6,7 por ciento mensual.<\/p>\n\n\n\n<p>Desde la consultora LCG, en tanto, estiman que el alza de precios de agosto alcanzar\u00e1 el 6,5 por ciento y advirtieron por el desempe\u00f1o alcista de los alimentos, marcando que \u00abest\u00e1 aumentando a un ritmo de 2% por semana, por lo que dificulta encontrar se\u00f1ales de desaceleraci\u00f3n\u00bb.<\/p>\n\n\n\n<p>Analytica, por su parte, proyect\u00f3 una suba del IPC del 6,4 por ciento, y desde Focus Market, la calculan en un 6,2%.<\/p>\n\n\n\n<p>La Fundaci\u00f3n Libertad y Progreso, en tanto, reflej\u00f3 un avance del 6% mensual, \u00abregistrando la tercera mayor suba de toda la Administraci\u00f3n Alberto Fern\u00e1ndez\u00bb y precisaron que \u00abde esta manera, en los primeros ocho meses de 2022, la inflaci\u00f3n acumulada alcanza 55 por ciento, la m\u00e1s grande para los primeros ocho meses del a\u00f1o desde 1991\u00bb.<\/p>\n\n\n\n<p>Durante la semana pasada se conoci\u00f3 que la inflaci\u00f3n de la Ciudad de Buenos Aires lleg\u00f3 al 6,2 por ciento en agosto y la variaci\u00f3n acumulada se ubic\u00f3 en el 53 por ciento anual, mientras que en los \u00faltimos 12 meses ya alcanz\u00f3 el 74,6 por ciento.<\/p>\n\n\n\n<p>El pasado viernes se dio a conocer el Relevamiento de Expectativas de Mercado (REM) que realiza todos los meses el Banco Central y que arroj\u00f3 una previsi\u00f3n del 6,5 por ciento para la suba de precios de agosto.<\/p>\n\n\n\n<p>Las proyecciones para los siguientes meses marcaron que para septiembre esperan una inflaci\u00f3n del 6 por ciento, para octubre del 5,7 por ciento, para noviembre del 5,5 por ciento y para diciembre del 5,8 por ciento.<\/p>\n","protected":false},"excerpt":{"rendered":"<p>La suba de precios de los alimentos y del boleto de colectivo, el incremento en alquileres m\u00e1s el aumento en los combustibles y otros servicios, impulsan el alza en el \u00edndice de precios del octavo mes del a\u00f1o.<\/p>\n","protected":false},"author":2,"featured_media":88054,"comment_status":"closed","ping_status":"open","sticky":false,"template":"","format":"standard","meta":{"footnotes":""},"categories":[1326],"tags":[6738],"class_list":["post-97556","post","type-post","status-publish","format-standard","has-post-thumbnail","hentry","category-c2nota6","tag-se-ubicara-por-encima-del-6"],"yoast_head":"<!-- This site is optimized with the Yoast SEO plugin v23.4 - https:\/\/yoast.com\/wordpress\/plugins\/seo\/ -->\n<title>Ma\u00f1ana se dar\u00e1 a conocer el Indice de Precios al Consumidor - Infoecos<\/title>\n<meta name=\"robots\" content=\"index, follow, max-snippet:-1, max-image-preview:large, max-video-preview:-1\" \/>\n<link rel=\"canonical\" href=\"https:\/\/infoecos.com.ar\/index.php\/el-miercoles-se-dara-a-conocer-el-indice-de-precios-al-consumidor\/\" \/>\n<meta property=\"og:locale\" content=\"es_ES\" \/>\n<meta property=\"og:type\" content=\"article\" \/>\n<meta property=\"og:title\" content=\"Ma\u00f1ana se dar\u00e1 a conocer el Indice de Precios al Consumidor - Infoecos\" \/>\n<meta property=\"og:description\" content=\"La suba de precios de los alimentos y del boleto de colectivo, el incremento en alquileres m\u00e1s el aumento en los combustibles y otros servicios, impulsan el alza en el \u00edndice de precios del octavo mes del a\u00f1o.\" \/>\n<meta property=\"og:url\" content=\"https:\/\/infoecos.com.ar\/index.php\/el-miercoles-se-dara-a-conocer-el-indice-de-precios-al-consumidor\/\" \/>\n<meta property=\"og:site_name\" content=\"Infoecos\" \/>\n<meta property=\"article:publisher\" content=\"https:\/\/www.facebook.com\/profile.php?id=100063200290284\" \/>\n<meta property=\"article:published_time\" content=\"2022-09-12T06:16:51+00:00\" \/>\n<meta property=\"article:modified_time\" content=\"2022-09-13T06:30:38+00:00\" \/>\n<meta property=\"og:image\" content=\"https:\/\/infoecos.com.ar\/wp-content\/uploads\/2021\/10\/frente_indec.jpg\" \/>\n\t<meta property=\"og:image:width\" content=\"1578\" \/>\n\t<meta property=\"og:image:height\" content=\"937\" \/>\n\t<meta property=\"og:image:type\" content=\"image\/jpeg\" \/>\n<meta name=\"author\" content=\"Jorge Matheus\" \/>\n<meta name=\"twitter:card\" content=\"summary_large_image\" \/>\n<meta name=\"twitter:creator\" content=\"@infoecos\" \/>\n<meta name=\"twitter:site\" content=\"@infoecos\" \/>\n<meta name=\"twitter:label1\" content=\"Escrito por\" \/>\n\t<meta name=\"twitter:data1\" content=\"Jorge Matheus\" \/>\n\t<meta name=\"twitter:label2\" content=\"Tiempo de lectura\" \/>\n\t<meta name=\"twitter:data2\" content=\"2 minutos\" \/>\n<script type=\"application\/ld+json\" class=\"yoast-schema-graph\">{\"@context\":\"https:\/\/schema.org\",\"@graph\":[{\"@type\":\"Article\",\"@id\":\"https:\/\/infoecos.com.ar\/index.php\/el-miercoles-se-dara-a-conocer-el-indice-de-precios-al-consumidor\/#article\",\"isPartOf\":{\"@id\":\"https:\/\/infoecos.com.ar\/index.php\/el-miercoles-se-dara-a-conocer-el-indice-de-precios-al-consumidor\/\"},\"author\":{\"name\":\"Jorge Matheus\",\"@id\":\"https:\/\/infoecos.com.ar\/#\/schema\/person\/8f5ace5ce73b4b4aac4b7245aee6f191\"},\"headline\":\"Ma\u00f1ana se dar\u00e1 a conocer el Indice de Precios al Consumidor\",\"datePublished\":\"2022-09-12T06:16:51+00:00\",\"dateModified\":\"2022-09-13T06:30:38+00:00\",\"mainEntityOfPage\":{\"@id\":\"https:\/\/infoecos.com.ar\/index.php\/el-miercoles-se-dara-a-conocer-el-indice-de-precios-al-consumidor\/\"},\"wordCount\":467,\"publisher\":{\"@id\":\"https:\/\/infoecos.com.ar\/#organization\"},\"image\":{\"@id\":\"https:\/\/infoecos.com.ar\/index.php\/el-miercoles-se-dara-a-conocer-el-indice-de-precios-al-consumidor\/#primaryimage\"},\"thumbnailUrl\":\"https:\/\/infoecos.com.ar\/wp-content\/uploads\/2021\/10\/frente_indec.jpg\",\"keywords\":[\"Se ubicar\u00e1 por encima del 6 %\"],\"articleSection\":[\"C2 N6\"],\"inLanguage\":\"es\"},{\"@type\":\"WebPage\",\"@id\":\"https:\/\/infoecos.com.ar\/index.php\/el-miercoles-se-dara-a-conocer-el-indice-de-precios-al-consumidor\/\",\"url\":\"https:\/\/infoecos.com.ar\/index.php\/el-miercoles-se-dara-a-conocer-el-indice-de-precios-al-consumidor\/\",\"name\":\"Ma\u00f1ana se dar\u00e1 a conocer el Indice de Precios al Consumidor - Infoecos\",\"isPartOf\":{\"@id\":\"https:\/\/infoecos.com.ar\/#website\"},\"primaryImageOfPage\":{\"@id\":\"https:\/\/infoecos.com.ar\/index.php\/el-miercoles-se-dara-a-conocer-el-indice-de-precios-al-consumidor\/#primaryimage\"},\"image\":{\"@id\":\"https:\/\/infoecos.com.ar\/index.php\/el-miercoles-se-dara-a-conocer-el-indice-de-precios-al-consumidor\/#primaryimage\"},\"thumbnailUrl\":\"https:\/\/infoecos.com.ar\/wp-content\/uploads\/2021\/10\/frente_indec.jpg\",\"datePublished\":\"2022-09-12T06:16:51+00:00\",\"dateModified\":\"2022-09-13T06:30:38+00:00\",\"breadcrumb\":{\"@id\":\"https:\/\/infoecos.com.ar\/index.php\/el-miercoles-se-dara-a-conocer-el-indice-de-precios-al-consumidor\/#breadcrumb\"},\"inLanguage\":\"es\",\"potentialAction\":[{\"@type\":\"ReadAction\",\"target\":[\"https:\/\/infoecos.com.ar\/index.php\/el-miercoles-se-dara-a-conocer-el-indice-de-precios-al-consumidor\/\"]}]},{\"@type\":\"ImageObject\",\"inLanguage\":\"es\",\"@id\":\"https:\/\/infoecos.com.ar\/index.php\/el-miercoles-se-dara-a-conocer-el-indice-de-precios-al-consumidor\/#primaryimage\",\"url\":\"https:\/\/infoecos.com.ar\/wp-content\/uploads\/2021\/10\/frente_indec.jpg\",\"contentUrl\":\"https:\/\/infoecos.com.ar\/wp-content\/uploads\/2021\/10\/frente_indec.jpg\",\"width\":1578,\"height\":937},{\"@type\":\"BreadcrumbList\",\"@id\":\"https:\/\/infoecos.com.ar\/index.php\/el-miercoles-se-dara-a-conocer-el-indice-de-precios-al-consumidor\/#breadcrumb\",\"itemListElement\":[{\"@type\":\"ListItem\",\"position\":1,\"name\":\"Portada\",\"item\":\"https:\/\/infoecos.com.ar\/\"},{\"@type\":\"ListItem\",\"position\":2,\"name\":\"Ma\u00f1ana se dar\u00e1 a conocer el Indice de Precios al Consumidor\"}]},{\"@type\":\"WebSite\",\"@id\":\"https:\/\/infoecos.com.ar\/#website\",\"url\":\"https:\/\/infoecos.com.ar\/\",\"name\":\"Infoecos\",\"description\":\"Noticias de trenque lauquen y la zona\",\"publisher\":{\"@id\":\"https:\/\/infoecos.com.ar\/#organization\"},\"alternateName\":\"Noticias\",\"potentialAction\":[{\"@type\":\"SearchAction\",\"target\":{\"@type\":\"EntryPoint\",\"urlTemplate\":\"https:\/\/infoecos.com.ar\/?s={search_term_string}\"},\"query-input\":{\"@type\":\"PropertyValueSpecification\",\"valueRequired\":true,\"valueName\":\"search_term_string\"}}],\"inLanguage\":\"es\"},{\"@type\":\"Organization\",\"@id\":\"https:\/\/infoecos.com.ar\/#organization\",\"name\":\"Infoecos\",\"alternateName\":\"Noticias\",\"url\":\"https:\/\/infoecos.com.ar\/\",\"logo\":{\"@type\":\"ImageObject\",\"inLanguage\":\"es\",\"@id\":\"https:\/\/infoecos.com.ar\/#\/schema\/logo\/image\/\",\"url\":\"https:\/\/infoecos.com.ar\/wp-content\/uploads\/2024\/03\/cropped-logo.png\",\"contentUrl\":\"https:\/\/infoecos.com.ar\/wp-content\/uploads\/2024\/03\/cropped-logo.png\",\"width\":374,\"height\":90,\"caption\":\"Infoecos\"},\"image\":{\"@id\":\"https:\/\/infoecos.com.ar\/#\/schema\/logo\/image\/\"},\"sameAs\":[\"https:\/\/www.facebook.com\/profile.php?id=100063200290284\",\"https:\/\/x.com\/infoecos\"]},{\"@type\":\"Person\",\"@id\":\"https:\/\/infoecos.com.ar\/#\/schema\/person\/8f5ace5ce73b4b4aac4b7245aee6f191\",\"name\":\"Jorge Matheus\",\"url\":\"https:\/\/infoecos.com.ar\/index.php\/author\/jomatheus\/\"}]}<\/script>\n<!-- \/ Yoast SEO plugin. -->","yoast_head_json":{"title":"Ma\u00f1ana se dar\u00e1 a conocer el Indice de Precios al Consumidor - Infoecos","robots":{"index":"index","follow":"follow","max-snippet":"max-snippet:-1","max-image-preview":"max-image-preview:large","max-video-preview":"max-video-preview:-1"},"canonical":"https:\/\/infoecos.com.ar\/index.php\/el-miercoles-se-dara-a-conocer-el-indice-de-precios-al-consumidor\/","og_locale":"es_ES","og_type":"article","og_title":"Ma\u00f1ana se dar\u00e1 a conocer el Indice de Precios al Consumidor - Infoecos","og_description":"La suba de precios de los alimentos y del boleto de colectivo, el incremento en alquileres m\u00e1s el aumento en los combustibles y otros servicios, impulsan el alza en el \u00edndice de precios del octavo mes del a\u00f1o.","og_url":"https:\/\/infoecos.com.ar\/index.php\/el-miercoles-se-dara-a-conocer-el-indice-de-precios-al-consumidor\/","og_site_name":"Infoecos","article_publisher":"https:\/\/www.facebook.com\/profile.php?id=100063200290284","article_published_time":"2022-09-12T06:16:51+00:00","article_modified_time":"2022-09-13T06:30:38+00:00","og_image":[{"width":1578,"height":937,"url":"https:\/\/infoecos.com.ar\/wp-content\/uploads\/2021\/10\/frente_indec.jpg","type":"image\/jpeg"}],"author":"Jorge Matheus","twitter_card":"summary_large_image","twitter_creator":"@infoecos","twitter_site":"@infoecos","twitter_misc":{"Escrito por":"Jorge Matheus","Tiempo de lectura":"2 minutos"},"schema":{"@context":"https:\/\/schema.org","@graph":[{"@type":"Article","@id":"https:\/\/infoecos.com.ar\/index.php\/el-miercoles-se-dara-a-conocer-el-indice-de-precios-al-consumidor\/#article","isPartOf":{"@id":"https:\/\/infoecos.com.ar\/index.php\/el-miercoles-se-dara-a-conocer-el-indice-de-precios-al-consumidor\/"},"author":{"name":"Jorge Matheus","@id":"https:\/\/infoecos.com.ar\/#\/schema\/person\/8f5ace5ce73b4b4aac4b7245aee6f191"},"headline":"Ma\u00f1ana se dar\u00e1 a conocer el Indice de Precios al Consumidor","datePublished":"2022-09-12T06:16:51+00:00","dateModified":"2022-09-13T06:30:38+00:00","mainEntityOfPage":{"@id":"https:\/\/infoecos.com.ar\/index.php\/el-miercoles-se-dara-a-conocer-el-indice-de-precios-al-consumidor\/"},"wordCount":467,"publisher":{"@id":"https:\/\/infoecos.com.ar\/#organization"},"image":{"@id":"https:\/\/infoecos.com.ar\/index.php\/el-miercoles-se-dara-a-conocer-el-indice-de-precios-al-consumidor\/#primaryimage"},"thumbnailUrl":"https:\/\/infoecos.com.ar\/wp-content\/uploads\/2021\/10\/frente_indec.jpg","keywords":["Se ubicar\u00e1 por encima del 6 %"],"articleSection":["C2 N6"],"inLanguage":"es"},{"@type":"WebPage","@id":"https:\/\/infoecos.com.ar\/index.php\/el-miercoles-se-dara-a-conocer-el-indice-de-precios-al-consumidor\/","url":"https:\/\/infoecos.com.ar\/index.php\/el-miercoles-se-dara-a-conocer-el-indice-de-precios-al-consumidor\/","name":"Ma\u00f1ana se dar\u00e1 a conocer el Indice de Precios al Consumidor - Infoecos","isPartOf":{"@id":"https:\/\/infoecos.com.ar\/#website"},"primaryImageOfPage":{"@id":"https:\/\/infoecos.com.ar\/index.php\/el-miercoles-se-dara-a-conocer-el-indice-de-precios-al-consumidor\/#primaryimage"},"image":{"@id":"https:\/\/infoecos.com.ar\/index.php\/el-miercoles-se-dara-a-conocer-el-indice-de-precios-al-consumidor\/#primaryimage"},"thumbnailUrl":"https:\/\/infoecos.com.ar\/wp-content\/uploads\/2021\/10\/frente_indec.jpg","datePublished":"2022-09-12T06:16:51+00:00","dateModified":"2022-09-13T06:30:38+00:00","breadcrumb":{"@id":"https:\/\/infoecos.com.ar\/index.php\/el-miercoles-se-dara-a-conocer-el-indice-de-precios-al-consumidor\/#breadcrumb"},"inLanguage":"es","potentialAction":[{"@type":"ReadAction","target":["https:\/\/infoecos.com.ar\/index.php\/el-miercoles-se-dara-a-conocer-el-indice-de-precios-al-consumidor\/"]}]},{"@type":"ImageObject","inLanguage":"es","@id":"https:\/\/infoecos.com.ar\/index.php\/el-miercoles-se-dara-a-conocer-el-indice-de-precios-al-consumidor\/#primaryimage","url":"https:\/\/infoecos.com.ar\/wp-content\/uploads\/2021\/10\/frente_indec.jpg","contentUrl":"https:\/\/infoecos.com.ar\/wp-content\/uploads\/2021\/10\/frente_indec.jpg","width":1578,"height":937},{"@type":"BreadcrumbList","@id":"https:\/\/infoecos.com.ar\/index.php\/el-miercoles-se-dara-a-conocer-el-indice-de-precios-al-consumidor\/#breadcrumb","itemListElement":[{"@type":"ListItem","position":1,"name":"Portada","item":"https:\/\/infoecos.com.ar\/"},{"@type":"ListItem","position":2,"name":"Ma\u00f1ana se dar\u00e1 a conocer el Indice de Precios al Consumidor"}]},{"@type":"WebSite","@id":"https:\/\/infoecos.com.ar\/#website","url":"https:\/\/infoecos.com.ar\/","name":"Infoecos","description":"Noticias de trenque lauquen y la zona","publisher":{"@id":"https:\/\/infoecos.com.ar\/#organization"},"alternateName":"Noticias","potentialAction":[{"@type":"SearchAction","target":{"@type":"EntryPoint","urlTemplate":"https:\/\/infoecos.com.ar\/?s={search_term_string}"},"query-input":{"@type":"PropertyValueSpecification","valueRequired":true,"valueName":"search_term_string"}}],"inLanguage":"es"},{"@type":"Organization","@id":"https:\/\/infoecos.com.ar\/#organization","name":"Infoecos","alternateName":"Noticias","url":"https:\/\/infoecos.com.ar\/","logo":{"@type":"ImageObject","inLanguage":"es","@id":"https:\/\/infoecos.com.ar\/#\/schema\/logo\/image\/","url":"https:\/\/infoecos.com.ar\/wp-content\/uploads\/2024\/03\/cropped-logo.png","contentUrl":"https:\/\/infoecos.com.ar\/wp-content\/uploads\/2024\/03\/cropped-logo.png","width":374,"height":90,"caption":"Infoecos"},"image":{"@id":"https:\/\/infoecos.com.ar\/#\/schema\/logo\/image\/"},"sameAs":["https:\/\/www.facebook.com\/profile.php?id=100063200290284","https:\/\/x.com\/infoecos"]},{"@type":"Person","@id":"https:\/\/infoecos.com.ar\/#\/schema\/person\/8f5ace5ce73b4b4aac4b7245aee6f191","name":"Jorge Matheus","url":"https:\/\/infoecos.com.ar\/index.php\/author\/jomatheus\/"}]}},"featured_image_urls":{"full":["https:\/\/infoecos.com.ar\/wp-content\/uploads\/2021\/10\/frente_indec.jpg",1578,937,false],"thumbnail":["https:\/\/infoecos.com.ar\/wp-content\/uploads\/2021\/10\/frente_indec-150x150.jpg",150,150,true],"medium":["https:\/\/infoecos.com.ar\/wp-content\/uploads\/2021\/10\/frente_indec-460x273.jpg",460,273,true],"medium_large":["https:\/\/infoecos.com.ar\/wp-content\/uploads\/2021\/10\/frente_indec-768x456.jpg",640,380,true],"large":["https:\/\/infoecos.com.ar\/wp-content\/uploads\/2021\/10\/frente_indec-920x546.jpg",640,380,true],"1536x1536":["https:\/\/infoecos.com.ar\/wp-content\/uploads\/2021\/10\/frente_indec-1536x912.jpg",1536,912,true],"2048x2048":["https:\/\/infoecos.com.ar\/wp-content\/uploads\/2021\/10\/frente_indec.jpg",1578,937,false],"covernews-slider-full":["https:\/\/infoecos.com.ar\/wp-content\/uploads\/2021\/10\/frente_indec-1536x937.jpg",1115,680,true],"covernews-slider-center":["https:\/\/infoecos.com.ar\/wp-content\/uploads\/2021\/10\/frente_indec-936x897.jpg",522,500,true],"covernews-featured":["https:\/\/infoecos.com.ar\/wp-content\/uploads\/2021\/10\/frente_indec-1024x608.jpg",1024,608,true],"covernews-medium":["https:\/\/infoecos.com.ar\/wp-content\/uploads\/2021\/10\/frente_indec-720x380.jpg",540,285,true],"covernews-medium-square":["https:\/\/infoecos.com.ar\/wp-content\/uploads\/2021\/10\/frente_indec-675x450.jpg",375,250,true]},"author_info":{"info":["Jorge Matheus"]},"category_info":"<a href=\"https:\/\/infoecos.com.ar\/index.php\/category\/c2nota6\/\" rel=\"category tag\">C2 N6<\/a>","tag_info":"C2 N6","comment_count":"0","_links":{"self":[{"href":"https:\/\/infoecos.com.ar\/index.php\/wp-json\/wp\/v2\/posts\/97556"}],"collection":[{"href":"https:\/\/infoecos.com.ar\/index.php\/wp-json\/wp\/v2\/posts"}],"about":[{"href":"https:\/\/infoecos.com.ar\/index.php\/wp-json\/wp\/v2\/types\/post"}],"author":[{"embeddable":true,"href":"https:\/\/infoecos.com.ar\/index.php\/wp-json\/wp\/v2\/users\/2"}],"replies":[{"embeddable":true,"href":"https:\/\/infoecos.com.ar\/index.php\/wp-json\/wp\/v2\/comments?post=97556"}],"version-history":[{"count":2,"href":"https:\/\/infoecos.com.ar\/index.php\/wp-json\/wp\/v2\/posts\/97556\/revisions"}],"predecessor-version":[{"id":97626,"href":"https:\/\/infoecos.com.ar\/index.php\/wp-json\/wp\/v2\/posts\/97556\/revisions\/97626"}],"wp:featuredmedia":[{"embeddable":true,"href":"https:\/\/infoecos.com.ar\/index.php\/wp-json\/wp\/v2\/media\/88054"}],"wp:attachment":[{"href":"https:\/\/infoecos.com.ar\/index.php\/wp-json\/wp\/v2\/media?parent=97556"}],"wp:term":[{"taxonomy":"category","embeddable":true,"href":"https:\/\/infoecos.com.ar\/index.php\/wp-json\/wp\/v2\/categories?post=97556"},{"taxonomy":"post_tag","embeddable":true,"href":"https:\/\/infoecos.com.ar\/index.php\/wp-json\/wp\/v2\/tags?post=97556"}],"curies":[{"name":"wp","href":"https:\/\/api.w.org\/{rel}","templated":true}]}}