{"id":97561,"date":"2022-09-12T03:47:16","date_gmt":"2022-09-12T06:47:16","guid":{"rendered":"http:\/\/infoecos.com.ar\/?p=97561"},"modified":"2022-09-12T03:47:21","modified_gmt":"2022-09-12T06:47:21","slug":"marcela-lescano-rivadavia-primero-denuncio-a-leandro-toribio-fdt-por-violencia-de-genero","status":"publish","type":"post","link":"https:\/\/infoecos.com.ar\/index.php\/marcela-lescano-rivadavia-primero-denuncio-a-leandro-toribio-fdt-por-violencia-de-genero\/","title":{"rendered":"Marcela Lescano, Rivadavia Primero, denunci\u00f3 a Leandro Toribio, FdT, por Violencia de G\u00e9nero"},"content":{"rendered":"\n<p>La Presidente del Concejo Deliberante de Rivadavia, Marcela Lescano, realiz\u00f3 una denuncia en la Comisar\u00eda de la Mujer y la Familia en contra del concejal del Frente de Todos, Leandro Toribio, acus\u00e1ndolo de violencia de g\u00e9nero.<\/p>\n\n\n\n<figure class=\"wp-block-image aligncenter size-full is-resized\"><img loading=\"lazy\" decoding=\"async\" src=\"http:\/\/infoecos.com.ar\/wp-content\/uploads\/2022\/09\/image-53.png\" alt=\"\" class=\"wp-image-97562\" width=\"472\" height=\"274\" srcset=\"https:\/\/infoecos.com.ar\/wp-content\/uploads\/2022\/09\/image-53.png 880w, https:\/\/infoecos.com.ar\/wp-content\/uploads\/2022\/09\/image-53-460x268.png 460w, https:\/\/infoecos.com.ar\/wp-content\/uploads\/2022\/09\/image-53-768x447.png 768w\" sizes=\"(max-width: 472px) 100vw, 472px\" \/><\/figure>\n\n\n\n<p>Seg\u00fan public\u00f3 <strong>TiempodelOeste<\/strong>, la propia Lescano en la \u00faltima sesi\u00f3n del Concejo Deliberante manifest\u00f3 que la justicia ya est\u00e1 actuando en el tema y cont\u00f3 que hab\u00eda denunciado al edil en la Comisaria de la Mujer y la Familia porque \u00abno soportaba sus gritos y atropellos\u00bb.<\/p>\n\n\n\n<p>Lescano dijo adem\u00e1s que lo que buscaba en su denuncia es que se terminen las molestias y hostilidades las cuales soportaba por parte de Toribio adem\u00e1s de que en el \u00faltimo tiempo esto iba creciendo con amenazas como si no hac\u00eda esto o aquello ten\u00eda que \u00abatenerse a las consecuencias de lo que llegara a pasar\u00bb.<\/p>\n\n\n\n<p>Por su parte, el concejal Toribio expres\u00f3 \u00able pido disculpas si en alg\u00fan momento la ofende mi forma de actuar o de pensar\u00bb agregando \u00abmi forma de ser no va a cambiar, tengo mi vehemencia y una pasi\u00f3n que me lleva a ser as\u00ed. Estoy completamente seguro que no la maltrate\u00bb.<\/p>\n\n\n\n<p>Desde los bloques a los cuales pertenecen los ediles tambi\u00e9n se manifestaron, por el lado de Rivadavia Primero apoyando y conteniendo a su referente y desde el Frente de Todos defendiendo la forma de actuar de su edil.<\/p>\n\n\n\n<p>En tanto el Intendente Municipal Javier Reynoso expres\u00f3 en twitter \u00abmi solidaridad con Marcela Lescano (Presidente del HCD), no se puede seguir naturalizando la violencia de ning\u00fan tipo. Sab\u00e9s que no est\u00e1s sola y que encuentres la templanza para afrontar estos momentos\u00bb.<\/p>\n","protected":false},"excerpt":{"rendered":"<p>El concejal se disculp\u00f3, pero estando seguro que no la maltrat\u00f3<\/p>\n","protected":false},"author":2,"featured_media":97562,"comment_status":"closed","ping_status":"open","sticky":false,"template":"","format":"standard","meta":{"footnotes":""},"categories":[29],"tags":[6740],"class_list":["post-97561","post","type-post","status-publish","format-standard","has-post-thumbnail","hentry","category-c2nota1","tag-clima-de-alto-voltaje"],"yoast_head":"<!-- This site is optimized with the Yoast SEO plugin v23.4 - https:\/\/yoast.com\/wordpress\/plugins\/seo\/ -->\n<title>Marcela Lescano, Rivadavia Primero, denunci\u00f3 a Leandro Toribio, FdT, por Violencia de G\u00e9nero - Infoecos<\/title>\n<meta name=\"robots\" content=\"index, follow, max-snippet:-1, max-image-preview:large, max-video-preview:-1\" \/>\n<link rel=\"canonical\" href=\"https:\/\/infoecos.com.ar\/index.php\/marcela-lescano-rivadavia-primero-denuncio-a-leandro-toribio-fdt-por-violencia-de-genero\/\" \/>\n<meta property=\"og:locale\" content=\"es_ES\" \/>\n<meta property=\"og:type\" content=\"article\" \/>\n<meta property=\"og:title\" content=\"Marcela Lescano, Rivadavia Primero, denunci\u00f3 a Leandro Toribio, FdT, por Violencia de G\u00e9nero - Infoecos\" \/>\n<meta property=\"og:description\" content=\"El concejal se disculp\u00f3, pero estando seguro que no la maltrat\u00f3\" \/>\n<meta property=\"og:url\" content=\"https:\/\/infoecos.com.ar\/index.php\/marcela-lescano-rivadavia-primero-denuncio-a-leandro-toribio-fdt-por-violencia-de-genero\/\" \/>\n<meta property=\"og:site_name\" content=\"Infoecos\" \/>\n<meta property=\"article:publisher\" content=\"https:\/\/www.facebook.com\/profile.php?id=100063200290284\" \/>\n<meta property=\"article:published_time\" content=\"2022-09-12T06:47:16+00:00\" \/>\n<meta property=\"article:modified_time\" content=\"2022-09-12T06:47:21+00:00\" \/>\n<meta property=\"og:image\" content=\"https:\/\/infoecos.com.ar\/wp-content\/uploads\/2022\/09\/image-53.png\" \/>\n\t<meta property=\"og:image:width\" content=\"880\" \/>\n\t<meta property=\"og:image:height\" content=\"512\" \/>\n\t<meta property=\"og:image:type\" content=\"image\/png\" \/>\n<meta name=\"author\" content=\"Jorge Matheus\" \/>\n<meta name=\"twitter:card\" content=\"summary_large_image\" \/>\n<meta name=\"twitter:creator\" content=\"@infoecos\" \/>\n<meta name=\"twitter:site\" content=\"@infoecos\" \/>\n<meta name=\"twitter:label1\" content=\"Escrito por\" \/>\n\t<meta name=\"twitter:data1\" content=\"Jorge Matheus\" \/>\n\t<meta name=\"twitter:label2\" content=\"Tiempo de lectura\" \/>\n\t<meta name=\"twitter:data2\" content=\"1 minuto\" \/>\n<script type=\"application\/ld+json\" class=\"yoast-schema-graph\">{\"@context\":\"https:\/\/schema.org\",\"@graph\":[{\"@type\":\"Article\",\"@id\":\"https:\/\/infoecos.com.ar\/index.php\/marcela-lescano-rivadavia-primero-denuncio-a-leandro-toribio-fdt-por-violencia-de-genero\/#article\",\"isPartOf\":{\"@id\":\"https:\/\/infoecos.com.ar\/index.php\/marcela-lescano-rivadavia-primero-denuncio-a-leandro-toribio-fdt-por-violencia-de-genero\/\"},\"author\":{\"name\":\"Jorge Matheus\",\"@id\":\"https:\/\/infoecos.com.ar\/#\/schema\/person\/8f5ace5ce73b4b4aac4b7245aee6f191\"},\"headline\":\"Marcela Lescano, Rivadavia Primero, denunci\u00f3 a Leandro Toribio, FdT, por Violencia de G\u00e9nero\",\"datePublished\":\"2022-09-12T06:47:16+00:00\",\"dateModified\":\"2022-09-12T06:47:21+00:00\",\"mainEntityOfPage\":{\"@id\":\"https:\/\/infoecos.com.ar\/index.php\/marcela-lescano-rivadavia-primero-denuncio-a-leandro-toribio-fdt-por-violencia-de-genero\/\"},\"wordCount\":299,\"publisher\":{\"@id\":\"https:\/\/infoecos.com.ar\/#organization\"},\"image\":{\"@id\":\"https:\/\/infoecos.com.ar\/index.php\/marcela-lescano-rivadavia-primero-denuncio-a-leandro-toribio-fdt-por-violencia-de-genero\/#primaryimage\"},\"thumbnailUrl\":\"https:\/\/infoecos.com.ar\/wp-content\/uploads\/2022\/09\/image-53.png\",\"keywords\":[\"CLIMA DE ALTO VOLTAJE\"],\"articleSection\":[\"C2 nota 1\"],\"inLanguage\":\"es\"},{\"@type\":\"WebPage\",\"@id\":\"https:\/\/infoecos.com.ar\/index.php\/marcela-lescano-rivadavia-primero-denuncio-a-leandro-toribio-fdt-por-violencia-de-genero\/\",\"url\":\"https:\/\/infoecos.com.ar\/index.php\/marcela-lescano-rivadavia-primero-denuncio-a-leandro-toribio-fdt-por-violencia-de-genero\/\",\"name\":\"Marcela Lescano, Rivadavia Primero, denunci\u00f3 a Leandro Toribio, FdT, por Violencia de G\u00e9nero - Infoecos\",\"isPartOf\":{\"@id\":\"https:\/\/infoecos.com.ar\/#website\"},\"primaryImageOfPage\":{\"@id\":\"https:\/\/infoecos.com.ar\/index.php\/marcela-lescano-rivadavia-primero-denuncio-a-leandro-toribio-fdt-por-violencia-de-genero\/#primaryimage\"},\"image\":{\"@id\":\"https:\/\/infoecos.com.ar\/index.php\/marcela-lescano-rivadavia-primero-denuncio-a-leandro-toribio-fdt-por-violencia-de-genero\/#primaryimage\"},\"thumbnailUrl\":\"https:\/\/infoecos.com.ar\/wp-content\/uploads\/2022\/09\/image-53.png\",\"datePublished\":\"2022-09-12T06:47:16+00:00\",\"dateModified\":\"2022-09-12T06:47:21+00:00\",\"breadcrumb\":{\"@id\":\"https:\/\/infoecos.com.ar\/index.php\/marcela-lescano-rivadavia-primero-denuncio-a-leandro-toribio-fdt-por-violencia-de-genero\/#breadcrumb\"},\"inLanguage\":\"es\",\"potentialAction\":[{\"@type\":\"ReadAction\",\"target\":[\"https:\/\/infoecos.com.ar\/index.php\/marcela-lescano-rivadavia-primero-denuncio-a-leandro-toribio-fdt-por-violencia-de-genero\/\"]}]},{\"@type\":\"ImageObject\",\"inLanguage\":\"es\",\"@id\":\"https:\/\/infoecos.com.ar\/index.php\/marcela-lescano-rivadavia-primero-denuncio-a-leandro-toribio-fdt-por-violencia-de-genero\/#primaryimage\",\"url\":\"https:\/\/infoecos.com.ar\/wp-content\/uploads\/2022\/09\/image-53.png\",\"contentUrl\":\"https:\/\/infoecos.com.ar\/wp-content\/uploads\/2022\/09\/image-53.png\",\"width\":880,\"height\":512},{\"@type\":\"BreadcrumbList\",\"@id\":\"https:\/\/infoecos.com.ar\/index.php\/marcela-lescano-rivadavia-primero-denuncio-a-leandro-toribio-fdt-por-violencia-de-genero\/#breadcrumb\",\"itemListElement\":[{\"@type\":\"ListItem\",\"position\":1,\"name\":\"Portada\",\"item\":\"https:\/\/infoecos.com.ar\/\"},{\"@type\":\"ListItem\",\"position\":2,\"name\":\"Marcela Lescano, Rivadavia Primero, denunci\u00f3 a Leandro Toribio, FdT, por Violencia de G\u00e9nero\"}]},{\"@type\":\"WebSite\",\"@id\":\"https:\/\/infoecos.com.ar\/#website\",\"url\":\"https:\/\/infoecos.com.ar\/\",\"name\":\"Infoecos\",\"description\":\"Noticias de trenque lauquen y la zona\",\"publisher\":{\"@id\":\"https:\/\/infoecos.com.ar\/#organization\"},\"alternateName\":\"Noticias\",\"potentialAction\":[{\"@type\":\"SearchAction\",\"target\":{\"@type\":\"EntryPoint\",\"urlTemplate\":\"https:\/\/infoecos.com.ar\/?s={search_term_string}\"},\"query-input\":{\"@type\":\"PropertyValueSpecification\",\"valueRequired\":true,\"valueName\":\"search_term_string\"}}],\"inLanguage\":\"es\"},{\"@type\":\"Organization\",\"@id\":\"https:\/\/infoecos.com.ar\/#organization\",\"name\":\"Infoecos\",\"alternateName\":\"Noticias\",\"url\":\"https:\/\/infoecos.com.ar\/\",\"logo\":{\"@type\":\"ImageObject\",\"inLanguage\":\"es\",\"@id\":\"https:\/\/infoecos.com.ar\/#\/schema\/logo\/image\/\",\"url\":\"https:\/\/infoecos.com.ar\/wp-content\/uploads\/2024\/03\/cropped-logo.png\",\"contentUrl\":\"https:\/\/infoecos.com.ar\/wp-content\/uploads\/2024\/03\/cropped-logo.png\",\"width\":374,\"height\":90,\"caption\":\"Infoecos\"},\"image\":{\"@id\":\"https:\/\/infoecos.com.ar\/#\/schema\/logo\/image\/\"},\"sameAs\":[\"https:\/\/www.facebook.com\/profile.php?id=100063200290284\",\"https:\/\/x.com\/infoecos\"]},{\"@type\":\"Person\",\"@id\":\"https:\/\/infoecos.com.ar\/#\/schema\/person\/8f5ace5ce73b4b4aac4b7245aee6f191\",\"name\":\"Jorge Matheus\",\"url\":\"https:\/\/infoecos.com.ar\/index.php\/author\/jomatheus\/\"}]}<\/script>\n<!-- \/ Yoast SEO plugin. -->","yoast_head_json":{"title":"Marcela Lescano, Rivadavia Primero, denunci\u00f3 a Leandro Toribio, FdT, por Violencia de G\u00e9nero - Infoecos","robots":{"index":"index","follow":"follow","max-snippet":"max-snippet:-1","max-image-preview":"max-image-preview:large","max-video-preview":"max-video-preview:-1"},"canonical":"https:\/\/infoecos.com.ar\/index.php\/marcela-lescano-rivadavia-primero-denuncio-a-leandro-toribio-fdt-por-violencia-de-genero\/","og_locale":"es_ES","og_type":"article","og_title":"Marcela Lescano, Rivadavia Primero, denunci\u00f3 a Leandro Toribio, FdT, por Violencia de G\u00e9nero - Infoecos","og_description":"El concejal se disculp\u00f3, pero estando seguro que no la maltrat\u00f3","og_url":"https:\/\/infoecos.com.ar\/index.php\/marcela-lescano-rivadavia-primero-denuncio-a-leandro-toribio-fdt-por-violencia-de-genero\/","og_site_name":"Infoecos","article_publisher":"https:\/\/www.facebook.com\/profile.php?id=100063200290284","article_published_time":"2022-09-12T06:47:16+00:00","article_modified_time":"2022-09-12T06:47:21+00:00","og_image":[{"width":880,"height":512,"url":"https:\/\/infoecos.com.ar\/wp-content\/uploads\/2022\/09\/image-53.png","type":"image\/png"}],"author":"Jorge Matheus","twitter_card":"summary_large_image","twitter_creator":"@infoecos","twitter_site":"@infoecos","twitter_misc":{"Escrito por":"Jorge Matheus","Tiempo de lectura":"1 minuto"},"schema":{"@context":"https:\/\/schema.org","@graph":[{"@type":"Article","@id":"https:\/\/infoecos.com.ar\/index.php\/marcela-lescano-rivadavia-primero-denuncio-a-leandro-toribio-fdt-por-violencia-de-genero\/#article","isPartOf":{"@id":"https:\/\/infoecos.com.ar\/index.php\/marcela-lescano-rivadavia-primero-denuncio-a-leandro-toribio-fdt-por-violencia-de-genero\/"},"author":{"name":"Jorge Matheus","@id":"https:\/\/infoecos.com.ar\/#\/schema\/person\/8f5ace5ce73b4b4aac4b7245aee6f191"},"headline":"Marcela Lescano, Rivadavia Primero, denunci\u00f3 a Leandro Toribio, FdT, por Violencia de G\u00e9nero","datePublished":"2022-09-12T06:47:16+00:00","dateModified":"2022-09-12T06:47:21+00:00","mainEntityOfPage":{"@id":"https:\/\/infoecos.com.ar\/index.php\/marcela-lescano-rivadavia-primero-denuncio-a-leandro-toribio-fdt-por-violencia-de-genero\/"},"wordCount":299,"publisher":{"@id":"https:\/\/infoecos.com.ar\/#organization"},"image":{"@id":"https:\/\/infoecos.com.ar\/index.php\/marcela-lescano-rivadavia-primero-denuncio-a-leandro-toribio-fdt-por-violencia-de-genero\/#primaryimage"},"thumbnailUrl":"https:\/\/infoecos.com.ar\/wp-content\/uploads\/2022\/09\/image-53.png","keywords":["CLIMA DE ALTO VOLTAJE"],"articleSection":["C2 nota 1"],"inLanguage":"es"},{"@type":"WebPage","@id":"https:\/\/infoecos.com.ar\/index.php\/marcela-lescano-rivadavia-primero-denuncio-a-leandro-toribio-fdt-por-violencia-de-genero\/","url":"https:\/\/infoecos.com.ar\/index.php\/marcela-lescano-rivadavia-primero-denuncio-a-leandro-toribio-fdt-por-violencia-de-genero\/","name":"Marcela Lescano, Rivadavia Primero, denunci\u00f3 a Leandro Toribio, FdT, por Violencia de G\u00e9nero - Infoecos","isPartOf":{"@id":"https:\/\/infoecos.com.ar\/#website"},"primaryImageOfPage":{"@id":"https:\/\/infoecos.com.ar\/index.php\/marcela-lescano-rivadavia-primero-denuncio-a-leandro-toribio-fdt-por-violencia-de-genero\/#primaryimage"},"image":{"@id":"https:\/\/infoecos.com.ar\/index.php\/marcela-lescano-rivadavia-primero-denuncio-a-leandro-toribio-fdt-por-violencia-de-genero\/#primaryimage"},"thumbnailUrl":"https:\/\/infoecos.com.ar\/wp-content\/uploads\/2022\/09\/image-53.png","datePublished":"2022-09-12T06:47:16+00:00","dateModified":"2022-09-12T06:47:21+00:00","breadcrumb":{"@id":"https:\/\/infoecos.com.ar\/index.php\/marcela-lescano-rivadavia-primero-denuncio-a-leandro-toribio-fdt-por-violencia-de-genero\/#breadcrumb"},"inLanguage":"es","potentialAction":[{"@type":"ReadAction","target":["https:\/\/infoecos.com.ar\/index.php\/marcela-lescano-rivadavia-primero-denuncio-a-leandro-toribio-fdt-por-violencia-de-genero\/"]}]},{"@type":"ImageObject","inLanguage":"es","@id":"https:\/\/infoecos.com.ar\/index.php\/marcela-lescano-rivadavia-primero-denuncio-a-leandro-toribio-fdt-por-violencia-de-genero\/#primaryimage","url":"https:\/\/infoecos.com.ar\/wp-content\/uploads\/2022\/09\/image-53.png","contentUrl":"https:\/\/infoecos.com.ar\/wp-content\/uploads\/2022\/09\/image-53.png","width":880,"height":512},{"@type":"BreadcrumbList","@id":"https:\/\/infoecos.com.ar\/index.php\/marcela-lescano-rivadavia-primero-denuncio-a-leandro-toribio-fdt-por-violencia-de-genero\/#breadcrumb","itemListElement":[{"@type":"ListItem","position":1,"name":"Portada","item":"https:\/\/infoecos.com.ar\/"},{"@type":"ListItem","position":2,"name":"Marcela Lescano, Rivadavia Primero, denunci\u00f3 a Leandro Toribio, FdT, por Violencia de G\u00e9nero"}]},{"@type":"WebSite","@id":"https:\/\/infoecos.com.ar\/#website","url":"https:\/\/infoecos.com.ar\/","name":"Infoecos","description":"Noticias de trenque lauquen y la zona","publisher":{"@id":"https:\/\/infoecos.com.ar\/#organization"},"alternateName":"Noticias","potentialAction":[{"@type":"SearchAction","target":{"@type":"EntryPoint","urlTemplate":"https:\/\/infoecos.com.ar\/?s={search_term_string}"},"query-input":{"@type":"PropertyValueSpecification","valueRequired":true,"valueName":"search_term_string"}}],"inLanguage":"es"},{"@type":"Organization","@id":"https:\/\/infoecos.com.ar\/#organization","name":"Infoecos","alternateName":"Noticias","url":"https:\/\/infoecos.com.ar\/","logo":{"@type":"ImageObject","inLanguage":"es","@id":"https:\/\/infoecos.com.ar\/#\/schema\/logo\/image\/","url":"https:\/\/infoecos.com.ar\/wp-content\/uploads\/2024\/03\/cropped-logo.png","contentUrl":"https:\/\/infoecos.com.ar\/wp-content\/uploads\/2024\/03\/cropped-logo.png","width":374,"height":90,"caption":"Infoecos"},"image":{"@id":"https:\/\/infoecos.com.ar\/#\/schema\/logo\/image\/"},"sameAs":["https:\/\/www.facebook.com\/profile.php?id=100063200290284","https:\/\/x.com\/infoecos"]},{"@type":"Person","@id":"https:\/\/infoecos.com.ar\/#\/schema\/person\/8f5ace5ce73b4b4aac4b7245aee6f191","name":"Jorge Matheus","url":"https:\/\/infoecos.com.ar\/index.php\/author\/jomatheus\/"}]}},"featured_image_urls":{"full":["https:\/\/infoecos.com.ar\/wp-content\/uploads\/2022\/09\/image-53.png",880,512,false],"thumbnail":["https:\/\/infoecos.com.ar\/wp-content\/uploads\/2022\/09\/image-53-150x150.png",150,150,true],"medium":["https:\/\/infoecos.com.ar\/wp-content\/uploads\/2022\/09\/image-53-460x268.png",460,268,true],"medium_large":["https:\/\/infoecos.com.ar\/wp-content\/uploads\/2022\/09\/image-53-768x447.png",640,373,true],"large":["https:\/\/infoecos.com.ar\/wp-content\/uploads\/2022\/09\/image-53.png",640,372,false],"1536x1536":["https:\/\/infoecos.com.ar\/wp-content\/uploads\/2022\/09\/image-53.png",880,512,false],"2048x2048":["https:\/\/infoecos.com.ar\/wp-content\/uploads\/2022\/09\/image-53.png",880,512,false],"covernews-slider-full":["https:\/\/infoecos.com.ar\/wp-content\/uploads\/2022\/09\/image-53.png",880,512,false],"covernews-slider-center":["https:\/\/infoecos.com.ar\/wp-content\/uploads\/2022\/09\/image-53.png",800,465,false],"covernews-featured":["https:\/\/infoecos.com.ar\/wp-content\/uploads\/2022\/09\/image-53.png",880,512,false],"covernews-medium":["https:\/\/infoecos.com.ar\/wp-content\/uploads\/2022\/09\/image-53-720x380.png",540,285,true],"covernews-medium-square":["https:\/\/infoecos.com.ar\/wp-content\/uploads\/2022\/09\/image-53-675x450.png",375,250,true]},"author_info":{"info":["Jorge Matheus"]},"category_info":"<a href=\"https:\/\/infoecos.com.ar\/index.php\/category\/c2nota1\/\" rel=\"category tag\">C2 nota 1<\/a>","tag_info":"C2 nota 1","comment_count":"0","_links":{"self":[{"href":"https:\/\/infoecos.com.ar\/index.php\/wp-json\/wp\/v2\/posts\/97561"}],"collection":[{"href":"https:\/\/infoecos.com.ar\/index.php\/wp-json\/wp\/v2\/posts"}],"about":[{"href":"https:\/\/infoecos.com.ar\/index.php\/wp-json\/wp\/v2\/types\/post"}],"author":[{"embeddable":true,"href":"https:\/\/infoecos.com.ar\/index.php\/wp-json\/wp\/v2\/users\/2"}],"replies":[{"embeddable":true,"href":"https:\/\/infoecos.com.ar\/index.php\/wp-json\/wp\/v2\/comments?post=97561"}],"version-history":[{"count":1,"href":"https:\/\/infoecos.com.ar\/index.php\/wp-json\/wp\/v2\/posts\/97561\/revisions"}],"predecessor-version":[{"id":97563,"href":"https:\/\/infoecos.com.ar\/index.php\/wp-json\/wp\/v2\/posts\/97561\/revisions\/97563"}],"wp:featuredmedia":[{"embeddable":true,"href":"https:\/\/infoecos.com.ar\/index.php\/wp-json\/wp\/v2\/media\/97562"}],"wp:attachment":[{"href":"https:\/\/infoecos.com.ar\/index.php\/wp-json\/wp\/v2\/media?parent=97561"}],"wp:term":[{"taxonomy":"category","embeddable":true,"href":"https:\/\/infoecos.com.ar\/index.php\/wp-json\/wp\/v2\/categories?post=97561"},{"taxonomy":"post_tag","embeddable":true,"href":"https:\/\/infoecos.com.ar\/index.php\/wp-json\/wp\/v2\/tags?post=97561"}],"curies":[{"name":"wp","href":"https:\/\/api.w.org\/{rel}","templated":true}]}}