{"id":97636,"date":"2022-09-14T14:27:01","date_gmt":"2022-09-14T17:27:01","guid":{"rendered":"http:\/\/infoecos.com.ar\/?p=97636"},"modified":"2022-09-21T03:28:52","modified_gmt":"2022-09-21T06:28:52","slug":"silvina-orozco-la-artista-nacida-y-criada-en-t-lauquen-invitada-al-festival-de-san-remo","status":"publish","type":"post","link":"https:\/\/infoecos.com.ar\/index.php\/silvina-orozco-la-artista-nacida-y-criada-en-t-lauquen-invitada-al-festival-de-san-remo\/","title":{"rendered":"Silvina Orozco, la artista nacida y criada en T.Lauquen, invitada al Festival de San Remo"},"content":{"rendered":"\n<p><strong>Nota tomada de la cuenta de la artista:<\/strong><\/p>\n\n\n\n<p>La cantante trenquelauquenche fue convocada para cantar en el Festival de San Remo, Italia.<\/p>\n\n\n\n<figure class=\"wp-block-image aligncenter size-large\"><img loading=\"lazy\" decoding=\"async\" width=\"920\" height=\"518\" src=\"http:\/\/infoecos.com.ar\/wp-content\/uploads\/2022\/09\/invitacionsilvinasanremo-920x518.jpg\" alt=\"\" class=\"wp-image-97637\" srcset=\"https:\/\/infoecos.com.ar\/wp-content\/uploads\/2022\/09\/invitacionsilvinasanremo-920x518.jpg 920w, https:\/\/infoecos.com.ar\/wp-content\/uploads\/2022\/09\/invitacionsilvinasanremo-460x259.jpg 460w, https:\/\/infoecos.com.ar\/wp-content\/uploads\/2022\/09\/invitacionsilvinasanremo-768x432.jpg 768w, https:\/\/infoecos.com.ar\/wp-content\/uploads\/2022\/09\/invitacionsilvinasanremo-1536x864.jpg 1536w, https:\/\/infoecos.com.ar\/wp-content\/uploads\/2022\/09\/invitacionsilvinasanremo-1024x576.jpg 1024w, https:\/\/infoecos.com.ar\/wp-content\/uploads\/2022\/09\/invitacionsilvinasanremo.jpg 2048w\" sizes=\"(max-width: 920px) 100vw, 920px\" \/><\/figure>\n\n\n\n<p><strong>Silvina Orozco<\/strong> estar\u00e1 presente en uno de los festivales m\u00e1s importantes del mundo los dias 3 y 4 de noviembre. La noticia fue confirmada por la organizaci\u00f3n del evento, el d\u00eda lunes.<\/p>\n\n\n\n<p><strong>Silvina se encuentra en Mongolia<\/strong> realizando una serie de shows y a trav\u00e9s de sus redes sociales manifest\u00f3 su inmensa alegr\u00eda por esta oportunidad de estar en uno de los escenarios mas ponderados del mundo.<\/p>\n\n\n\n<p>El <strong>Festival de la Canci\u00f3n de San Remo (en italiano: Festival della canzone italiana o Festival di Sanremo)<\/strong> es un certamen musical anualmente organizado en <strong>San Remo (Liguria, Italia)<\/strong> desde su inicio, ocurrido el 29 de enero de 1951.<\/p>\n\n\n\n<p>Ha contado con cantantes que m\u00e1s tarde se hicieron conocidos en todo el mundo, tales como: Domenico Modugno, Claudio Villa, Iva Zanicchi, Bobby Solo, Nilla Pizzi, Gigliola Cinquetti, Johnny Dorelli, Nicola Di Bari, Andrea Bocelli, Laura Pausini, Eros Ramazzotti, Adriano Celentano, Mina, Mia Martini, Patty Pravo, Pooh (banda), Riccardo Fogli, Toto Cutugno, Umberto Tozzi, Zucchero, Lucio Dalla, Lucio Battisti, Ricchi e Poveri, Matia Bazar, Gianni Morandi, Il Volo, Riccardo Cocciante, Anna Oxa, Fausto Leali, Massimo Ranieri, Enrico Ruggeri, Marco Masini, Paolo Vallesi, Raf, Nek y Vasco Rossi, entre los italianos, y Jos\u00e9 Feliciano, Ray Charles, Queen, Stevie Wonder, Louis Armstrong, Les Surfs, Elton John, Madonna, Mirla Castellanos, Luis Miguel, Sandro, Roberto Carlos y Sergio Dalma, entre los extranjeros.<\/p>\n\n\n\n<p><a href=\"https:\/\/www.facebook.com\/photo\/?fbid=754885762500924&amp;set=a.389605949028909&amp;__cft__[0]=AZWSwdrqlOvE52SkmVhd4qxlOhaAAC6hOxhZffPfyXsx_AeHMPnB6RudPUKcaToceGKARy8gbzxlduh6jKkyy_T5ZCZSdi0G3mFmNqJ96cW9KeCdI67SGXWa3N72f2Q04EZWli1hyrf8yseOqVM_4MUiIAVTUUooBJuEXXcWepeY-A&amp;__tn__=EH-R\"><\/a><\/p>\n\n\n\n<figure class=\"wp-block-image aligncenter\"><a href=\"https:\/\/www.facebook.com\/photo\/?fbid=754885762500924&amp;set=a.389605949028909&amp;__cft__[0]=AZWSwdrqlOvE52SkmVhd4qxlOhaAAC6hOxhZffPfyXsx_AeHMPnB6RudPUKcaToceGKARy8gbzxlduh6jKkyy_T5ZCZSdi0G3mFmNqJ96cW9KeCdI67SGXWa3N72f2Q04EZWli1hyrf8yseOqVM_4MUiIAVTUUooBJuEXXcWepeY-A&amp;__tn__=EH-R\"><img decoding=\"async\" src=\"https:\/\/scontent.frsa2-1.fna.fbcdn.net\/v\/t39.30808-6\/306737254_754885759167591_3883165914060647529_n.jpg?_nc_cat=104&amp;ccb=1-7&amp;_nc_sid=730e14&amp;_nc_ohc=Ds4Jgmf5aKAAX_ptUCX&amp;tn=I6OBAEniuJF3okLM&amp;_nc_ht=scontent.frsa2-1.fna&amp;oh=00_AT9VvoiBPcuBJSncj14Q2botjnRT3jduIteoSDyoJuuN7w&amp;oe=6327A9B0\" alt=\"Puede ser una imagen de 1 persona\"\/><\/a><\/figure>\n\n\n\n<p>Con una sonrisa emocionada, Silvina comenta en la red Facebook su sorpresa por la convocatoria que le realizaron. \u00abYo hab\u00eda enviado un video para concursar entre los participantes. Como hab\u00eda demoras en la respuesta, pens\u00e9 que no existir\u00eda ninguna posibilidad. Cuando lleg\u00f3 el mail, no lo pod\u00eda creer\u00bb, se\u00f1ala. <\/p>\n","protected":false},"excerpt":{"rendered":"<p>Silvina se encuentra en Mongolia realizando una serie de shows y a trav\u00e9s de sus redes sociales manifest\u00f3 su inmensa alegr\u00eda por esta oportunidad de estar en uno de los escenarios mas ponderados del mundo<\/p>\n","protected":false},"author":2,"featured_media":97638,"comment_status":"closed","ping_status":"open","sticky":false,"template":"","format":"standard","meta":{"footnotes":""},"categories":[1335],"tags":[6753],"class_list":["post-97636","post","type-post","status-publish","format-standard","has-post-thumbnail","hentry","category-inferior15","tag-en-estos-dias-esta-en-mongolia"],"yoast_head":"<!-- This site is optimized with the Yoast SEO plugin v23.4 - https:\/\/yoast.com\/wordpress\/plugins\/seo\/ -->\n<title>Silvina Orozco, la artista nacida y criada en T.Lauquen, invitada al Festival de San Remo - Infoecos<\/title>\n<meta name=\"robots\" content=\"index, follow, max-snippet:-1, max-image-preview:large, max-video-preview:-1\" \/>\n<link rel=\"canonical\" href=\"https:\/\/infoecos.com.ar\/index.php\/silvina-orozco-la-artista-nacida-y-criada-en-t-lauquen-invitada-al-festival-de-san-remo\/\" \/>\n<meta property=\"og:locale\" content=\"es_ES\" \/>\n<meta property=\"og:type\" content=\"article\" \/>\n<meta property=\"og:title\" content=\"Silvina Orozco, la artista nacida y criada en T.Lauquen, invitada al Festival de San Remo - Infoecos\" \/>\n<meta property=\"og:description\" content=\"Silvina se encuentra en Mongolia realizando una serie de shows y a trav\u00e9s de sus redes sociales manifest\u00f3 su inmensa alegr\u00eda por esta oportunidad de estar en uno de los escenarios mas ponderados del mundo\" \/>\n<meta property=\"og:url\" content=\"https:\/\/infoecos.com.ar\/index.php\/silvina-orozco-la-artista-nacida-y-criada-en-t-lauquen-invitada-al-festival-de-san-remo\/\" \/>\n<meta property=\"og:site_name\" content=\"Infoecos\" \/>\n<meta property=\"article:publisher\" content=\"https:\/\/www.facebook.com\/profile.php?id=100063200290284\" \/>\n<meta property=\"article:published_time\" content=\"2022-09-14T17:27:01+00:00\" \/>\n<meta property=\"article:modified_time\" content=\"2022-09-21T06:28:52+00:00\" \/>\n<meta property=\"og:image\" content=\"https:\/\/infoecos.com.ar\/wp-content\/uploads\/2022\/09\/orozcosilvina1.jpg\" \/>\n\t<meta property=\"og:image:width\" content=\"491\" \/>\n\t<meta property=\"og:image:height\" content=\"491\" \/>\n\t<meta property=\"og:image:type\" content=\"image\/jpeg\" \/>\n<meta name=\"author\" content=\"Jorge Matheus\" \/>\n<meta name=\"twitter:card\" content=\"summary_large_image\" \/>\n<meta name=\"twitter:creator\" content=\"@infoecos\" \/>\n<meta name=\"twitter:site\" content=\"@infoecos\" \/>\n<meta name=\"twitter:label1\" content=\"Escrito por\" \/>\n\t<meta name=\"twitter:data1\" content=\"Jorge Matheus\" \/>\n\t<meta name=\"twitter:label2\" content=\"Tiempo de lectura\" \/>\n\t<meta name=\"twitter:data2\" content=\"2 minutos\" \/>\n<script type=\"application\/ld+json\" class=\"yoast-schema-graph\">{\"@context\":\"https:\/\/schema.org\",\"@graph\":[{\"@type\":\"Article\",\"@id\":\"https:\/\/infoecos.com.ar\/index.php\/silvina-orozco-la-artista-nacida-y-criada-en-t-lauquen-invitada-al-festival-de-san-remo\/#article\",\"isPartOf\":{\"@id\":\"https:\/\/infoecos.com.ar\/index.php\/silvina-orozco-la-artista-nacida-y-criada-en-t-lauquen-invitada-al-festival-de-san-remo\/\"},\"author\":{\"name\":\"Jorge Matheus\",\"@id\":\"https:\/\/infoecos.com.ar\/#\/schema\/person\/8f5ace5ce73b4b4aac4b7245aee6f191\"},\"headline\":\"Silvina Orozco, la artista nacida y criada en T.Lauquen, invitada al Festival de San Remo\",\"datePublished\":\"2022-09-14T17:27:01+00:00\",\"dateModified\":\"2022-09-21T06:28:52+00:00\",\"mainEntityOfPage\":{\"@id\":\"https:\/\/infoecos.com.ar\/index.php\/silvina-orozco-la-artista-nacida-y-criada-en-t-lauquen-invitada-al-festival-de-san-remo\/\"},\"wordCount\":319,\"publisher\":{\"@id\":\"https:\/\/infoecos.com.ar\/#organization\"},\"image\":{\"@id\":\"https:\/\/infoecos.com.ar\/index.php\/silvina-orozco-la-artista-nacida-y-criada-en-t-lauquen-invitada-al-festival-de-san-remo\/#primaryimage\"},\"thumbnailUrl\":\"https:\/\/infoecos.com.ar\/wp-content\/uploads\/2022\/09\/orozcosilvina1.jpg\",\"keywords\":[\"en estos d\u00edas est\u00e1 en Mongolia\"],\"articleSection\":[\"Bloque inferior - 15\"],\"inLanguage\":\"es\"},{\"@type\":\"WebPage\",\"@id\":\"https:\/\/infoecos.com.ar\/index.php\/silvina-orozco-la-artista-nacida-y-criada-en-t-lauquen-invitada-al-festival-de-san-remo\/\",\"url\":\"https:\/\/infoecos.com.ar\/index.php\/silvina-orozco-la-artista-nacida-y-criada-en-t-lauquen-invitada-al-festival-de-san-remo\/\",\"name\":\"Silvina Orozco, la artista nacida y criada en T.Lauquen, invitada al Festival de San Remo - Infoecos\",\"isPartOf\":{\"@id\":\"https:\/\/infoecos.com.ar\/#website\"},\"primaryImageOfPage\":{\"@id\":\"https:\/\/infoecos.com.ar\/index.php\/silvina-orozco-la-artista-nacida-y-criada-en-t-lauquen-invitada-al-festival-de-san-remo\/#primaryimage\"},\"image\":{\"@id\":\"https:\/\/infoecos.com.ar\/index.php\/silvina-orozco-la-artista-nacida-y-criada-en-t-lauquen-invitada-al-festival-de-san-remo\/#primaryimage\"},\"thumbnailUrl\":\"https:\/\/infoecos.com.ar\/wp-content\/uploads\/2022\/09\/orozcosilvina1.jpg\",\"datePublished\":\"2022-09-14T17:27:01+00:00\",\"dateModified\":\"2022-09-21T06:28:52+00:00\",\"breadcrumb\":{\"@id\":\"https:\/\/infoecos.com.ar\/index.php\/silvina-orozco-la-artista-nacida-y-criada-en-t-lauquen-invitada-al-festival-de-san-remo\/#breadcrumb\"},\"inLanguage\":\"es\",\"potentialAction\":[{\"@type\":\"ReadAction\",\"target\":[\"https:\/\/infoecos.com.ar\/index.php\/silvina-orozco-la-artista-nacida-y-criada-en-t-lauquen-invitada-al-festival-de-san-remo\/\"]}]},{\"@type\":\"ImageObject\",\"inLanguage\":\"es\",\"@id\":\"https:\/\/infoecos.com.ar\/index.php\/silvina-orozco-la-artista-nacida-y-criada-en-t-lauquen-invitada-al-festival-de-san-remo\/#primaryimage\",\"url\":\"https:\/\/infoecos.com.ar\/wp-content\/uploads\/2022\/09\/orozcosilvina1.jpg\",\"contentUrl\":\"https:\/\/infoecos.com.ar\/wp-content\/uploads\/2022\/09\/orozcosilvina1.jpg\",\"width\":491,\"height\":491},{\"@type\":\"BreadcrumbList\",\"@id\":\"https:\/\/infoecos.com.ar\/index.php\/silvina-orozco-la-artista-nacida-y-criada-en-t-lauquen-invitada-al-festival-de-san-remo\/#breadcrumb\",\"itemListElement\":[{\"@type\":\"ListItem\",\"position\":1,\"name\":\"Portada\",\"item\":\"https:\/\/infoecos.com.ar\/\"},{\"@type\":\"ListItem\",\"position\":2,\"name\":\"Silvina Orozco, la artista nacida y criada en T.Lauquen, invitada al Festival de San Remo\"}]},{\"@type\":\"WebSite\",\"@id\":\"https:\/\/infoecos.com.ar\/#website\",\"url\":\"https:\/\/infoecos.com.ar\/\",\"name\":\"Infoecos\",\"description\":\"Noticias de trenque lauquen y la zona\",\"publisher\":{\"@id\":\"https:\/\/infoecos.com.ar\/#organization\"},\"alternateName\":\"Noticias\",\"potentialAction\":[{\"@type\":\"SearchAction\",\"target\":{\"@type\":\"EntryPoint\",\"urlTemplate\":\"https:\/\/infoecos.com.ar\/?s={search_term_string}\"},\"query-input\":{\"@type\":\"PropertyValueSpecification\",\"valueRequired\":true,\"valueName\":\"search_term_string\"}}],\"inLanguage\":\"es\"},{\"@type\":\"Organization\",\"@id\":\"https:\/\/infoecos.com.ar\/#organization\",\"name\":\"Infoecos\",\"alternateName\":\"Noticias\",\"url\":\"https:\/\/infoecos.com.ar\/\",\"logo\":{\"@type\":\"ImageObject\",\"inLanguage\":\"es\",\"@id\":\"https:\/\/infoecos.com.ar\/#\/schema\/logo\/image\/\",\"url\":\"https:\/\/infoecos.com.ar\/wp-content\/uploads\/2024\/03\/cropped-logo.png\",\"contentUrl\":\"https:\/\/infoecos.com.ar\/wp-content\/uploads\/2024\/03\/cropped-logo.png\",\"width\":374,\"height\":90,\"caption\":\"Infoecos\"},\"image\":{\"@id\":\"https:\/\/infoecos.com.ar\/#\/schema\/logo\/image\/\"},\"sameAs\":[\"https:\/\/www.facebook.com\/profile.php?id=100063200290284\",\"https:\/\/x.com\/infoecos\"]},{\"@type\":\"Person\",\"@id\":\"https:\/\/infoecos.com.ar\/#\/schema\/person\/8f5ace5ce73b4b4aac4b7245aee6f191\",\"name\":\"Jorge Matheus\",\"url\":\"https:\/\/infoecos.com.ar\/index.php\/author\/jomatheus\/\"}]}<\/script>\n<!-- \/ Yoast SEO plugin. -->","yoast_head_json":{"title":"Silvina Orozco, la artista nacida y criada en T.Lauquen, invitada al Festival de San Remo - Infoecos","robots":{"index":"index","follow":"follow","max-snippet":"max-snippet:-1","max-image-preview":"max-image-preview:large","max-video-preview":"max-video-preview:-1"},"canonical":"https:\/\/infoecos.com.ar\/index.php\/silvina-orozco-la-artista-nacida-y-criada-en-t-lauquen-invitada-al-festival-de-san-remo\/","og_locale":"es_ES","og_type":"article","og_title":"Silvina Orozco, la artista nacida y criada en T.Lauquen, invitada al Festival de San Remo - Infoecos","og_description":"Silvina se encuentra en Mongolia realizando una serie de shows y a trav\u00e9s de sus redes sociales manifest\u00f3 su inmensa alegr\u00eda por esta oportunidad de estar en uno de los escenarios mas ponderados del mundo","og_url":"https:\/\/infoecos.com.ar\/index.php\/silvina-orozco-la-artista-nacida-y-criada-en-t-lauquen-invitada-al-festival-de-san-remo\/","og_site_name":"Infoecos","article_publisher":"https:\/\/www.facebook.com\/profile.php?id=100063200290284","article_published_time":"2022-09-14T17:27:01+00:00","article_modified_time":"2022-09-21T06:28:52+00:00","og_image":[{"width":491,"height":491,"url":"https:\/\/infoecos.com.ar\/wp-content\/uploads\/2022\/09\/orozcosilvina1.jpg","type":"image\/jpeg"}],"author":"Jorge Matheus","twitter_card":"summary_large_image","twitter_creator":"@infoecos","twitter_site":"@infoecos","twitter_misc":{"Escrito por":"Jorge Matheus","Tiempo de lectura":"2 minutos"},"schema":{"@context":"https:\/\/schema.org","@graph":[{"@type":"Article","@id":"https:\/\/infoecos.com.ar\/index.php\/silvina-orozco-la-artista-nacida-y-criada-en-t-lauquen-invitada-al-festival-de-san-remo\/#article","isPartOf":{"@id":"https:\/\/infoecos.com.ar\/index.php\/silvina-orozco-la-artista-nacida-y-criada-en-t-lauquen-invitada-al-festival-de-san-remo\/"},"author":{"name":"Jorge Matheus","@id":"https:\/\/infoecos.com.ar\/#\/schema\/person\/8f5ace5ce73b4b4aac4b7245aee6f191"},"headline":"Silvina Orozco, la artista nacida y criada en T.Lauquen, invitada al Festival de San Remo","datePublished":"2022-09-14T17:27:01+00:00","dateModified":"2022-09-21T06:28:52+00:00","mainEntityOfPage":{"@id":"https:\/\/infoecos.com.ar\/index.php\/silvina-orozco-la-artista-nacida-y-criada-en-t-lauquen-invitada-al-festival-de-san-remo\/"},"wordCount":319,"publisher":{"@id":"https:\/\/infoecos.com.ar\/#organization"},"image":{"@id":"https:\/\/infoecos.com.ar\/index.php\/silvina-orozco-la-artista-nacida-y-criada-en-t-lauquen-invitada-al-festival-de-san-remo\/#primaryimage"},"thumbnailUrl":"https:\/\/infoecos.com.ar\/wp-content\/uploads\/2022\/09\/orozcosilvina1.jpg","keywords":["en estos d\u00edas est\u00e1 en Mongolia"],"articleSection":["Bloque inferior - 15"],"inLanguage":"es"},{"@type":"WebPage","@id":"https:\/\/infoecos.com.ar\/index.php\/silvina-orozco-la-artista-nacida-y-criada-en-t-lauquen-invitada-al-festival-de-san-remo\/","url":"https:\/\/infoecos.com.ar\/index.php\/silvina-orozco-la-artista-nacida-y-criada-en-t-lauquen-invitada-al-festival-de-san-remo\/","name":"Silvina Orozco, la artista nacida y criada en T.Lauquen, invitada al Festival de San Remo - Infoecos","isPartOf":{"@id":"https:\/\/infoecos.com.ar\/#website"},"primaryImageOfPage":{"@id":"https:\/\/infoecos.com.ar\/index.php\/silvina-orozco-la-artista-nacida-y-criada-en-t-lauquen-invitada-al-festival-de-san-remo\/#primaryimage"},"image":{"@id":"https:\/\/infoecos.com.ar\/index.php\/silvina-orozco-la-artista-nacida-y-criada-en-t-lauquen-invitada-al-festival-de-san-remo\/#primaryimage"},"thumbnailUrl":"https:\/\/infoecos.com.ar\/wp-content\/uploads\/2022\/09\/orozcosilvina1.jpg","datePublished":"2022-09-14T17:27:01+00:00","dateModified":"2022-09-21T06:28:52+00:00","breadcrumb":{"@id":"https:\/\/infoecos.com.ar\/index.php\/silvina-orozco-la-artista-nacida-y-criada-en-t-lauquen-invitada-al-festival-de-san-remo\/#breadcrumb"},"inLanguage":"es","potentialAction":[{"@type":"ReadAction","target":["https:\/\/infoecos.com.ar\/index.php\/silvina-orozco-la-artista-nacida-y-criada-en-t-lauquen-invitada-al-festival-de-san-remo\/"]}]},{"@type":"ImageObject","inLanguage":"es","@id":"https:\/\/infoecos.com.ar\/index.php\/silvina-orozco-la-artista-nacida-y-criada-en-t-lauquen-invitada-al-festival-de-san-remo\/#primaryimage","url":"https:\/\/infoecos.com.ar\/wp-content\/uploads\/2022\/09\/orozcosilvina1.jpg","contentUrl":"https:\/\/infoecos.com.ar\/wp-content\/uploads\/2022\/09\/orozcosilvina1.jpg","width":491,"height":491},{"@type":"BreadcrumbList","@id":"https:\/\/infoecos.com.ar\/index.php\/silvina-orozco-la-artista-nacida-y-criada-en-t-lauquen-invitada-al-festival-de-san-remo\/#breadcrumb","itemListElement":[{"@type":"ListItem","position":1,"name":"Portada","item":"https:\/\/infoecos.com.ar\/"},{"@type":"ListItem","position":2,"name":"Silvina Orozco, la artista nacida y criada en T.Lauquen, invitada al Festival de San Remo"}]},{"@type":"WebSite","@id":"https:\/\/infoecos.com.ar\/#website","url":"https:\/\/infoecos.com.ar\/","name":"Infoecos","description":"Noticias de trenque lauquen y la zona","publisher":{"@id":"https:\/\/infoecos.com.ar\/#organization"},"alternateName":"Noticias","potentialAction":[{"@type":"SearchAction","target":{"@type":"EntryPoint","urlTemplate":"https:\/\/infoecos.com.ar\/?s={search_term_string}"},"query-input":{"@type":"PropertyValueSpecification","valueRequired":true,"valueName":"search_term_string"}}],"inLanguage":"es"},{"@type":"Organization","@id":"https:\/\/infoecos.com.ar\/#organization","name":"Infoecos","alternateName":"Noticias","url":"https:\/\/infoecos.com.ar\/","logo":{"@type":"ImageObject","inLanguage":"es","@id":"https:\/\/infoecos.com.ar\/#\/schema\/logo\/image\/","url":"https:\/\/infoecos.com.ar\/wp-content\/uploads\/2024\/03\/cropped-logo.png","contentUrl":"https:\/\/infoecos.com.ar\/wp-content\/uploads\/2024\/03\/cropped-logo.png","width":374,"height":90,"caption":"Infoecos"},"image":{"@id":"https:\/\/infoecos.com.ar\/#\/schema\/logo\/image\/"},"sameAs":["https:\/\/www.facebook.com\/profile.php?id=100063200290284","https:\/\/x.com\/infoecos"]},{"@type":"Person","@id":"https:\/\/infoecos.com.ar\/#\/schema\/person\/8f5ace5ce73b4b4aac4b7245aee6f191","name":"Jorge Matheus","url":"https:\/\/infoecos.com.ar\/index.php\/author\/jomatheus\/"}]}},"featured_image_urls":{"full":["https:\/\/infoecos.com.ar\/wp-content\/uploads\/2022\/09\/orozcosilvina1.jpg",491,491,false],"thumbnail":["https:\/\/infoecos.com.ar\/wp-content\/uploads\/2022\/09\/orozcosilvina1-150x150.jpg",150,150,true],"medium":["https:\/\/infoecos.com.ar\/wp-content\/uploads\/2022\/09\/orozcosilvina1-460x460.jpg",460,460,true],"medium_large":["https:\/\/infoecos.com.ar\/wp-content\/uploads\/2022\/09\/orozcosilvina1.jpg",491,491,false],"large":["https:\/\/infoecos.com.ar\/wp-content\/uploads\/2022\/09\/orozcosilvina1.jpg",491,491,false],"1536x1536":["https:\/\/infoecos.com.ar\/wp-content\/uploads\/2022\/09\/orozcosilvina1.jpg",491,491,false],"2048x2048":["https:\/\/infoecos.com.ar\/wp-content\/uploads\/2022\/09\/orozcosilvina1.jpg",491,491,false],"covernews-slider-full":["https:\/\/infoecos.com.ar\/wp-content\/uploads\/2022\/09\/orozcosilvina1.jpg",491,491,false],"covernews-slider-center":["https:\/\/infoecos.com.ar\/wp-content\/uploads\/2022\/09\/orozcosilvina1.jpg",491,491,false],"covernews-featured":["https:\/\/infoecos.com.ar\/wp-content\/uploads\/2022\/09\/orozcosilvina1.jpg",491,491,false],"covernews-medium":["https:\/\/infoecos.com.ar\/wp-content\/uploads\/2022\/09\/orozcosilvina1-491x380.jpg",439,340,true],"covernews-medium-square":["https:\/\/infoecos.com.ar\/wp-content\/uploads\/2022\/09\/orozcosilvina1-491x450.jpg",273,250,true]},"author_info":{"info":["Jorge Matheus"]},"category_info":"<a href=\"https:\/\/infoecos.com.ar\/index.php\/category\/inferior15\/\" rel=\"category tag\">Bloque inferior - 15<\/a>","tag_info":"Bloque inferior - 15","comment_count":"0","_links":{"self":[{"href":"https:\/\/infoecos.com.ar\/index.php\/wp-json\/wp\/v2\/posts\/97636"}],"collection":[{"href":"https:\/\/infoecos.com.ar\/index.php\/wp-json\/wp\/v2\/posts"}],"about":[{"href":"https:\/\/infoecos.com.ar\/index.php\/wp-json\/wp\/v2\/types\/post"}],"author":[{"embeddable":true,"href":"https:\/\/infoecos.com.ar\/index.php\/wp-json\/wp\/v2\/users\/2"}],"replies":[{"embeddable":true,"href":"https:\/\/infoecos.com.ar\/index.php\/wp-json\/wp\/v2\/comments?post=97636"}],"version-history":[{"count":1,"href":"https:\/\/infoecos.com.ar\/index.php\/wp-json\/wp\/v2\/posts\/97636\/revisions"}],"predecessor-version":[{"id":97639,"href":"https:\/\/infoecos.com.ar\/index.php\/wp-json\/wp\/v2\/posts\/97636\/revisions\/97639"}],"wp:featuredmedia":[{"embeddable":true,"href":"https:\/\/infoecos.com.ar\/index.php\/wp-json\/wp\/v2\/media\/97638"}],"wp:attachment":[{"href":"https:\/\/infoecos.com.ar\/index.php\/wp-json\/wp\/v2\/media?parent=97636"}],"wp:term":[{"taxonomy":"category","embeddable":true,"href":"https:\/\/infoecos.com.ar\/index.php\/wp-json\/wp\/v2\/categories?post=97636"},{"taxonomy":"post_tag","embeddable":true,"href":"https:\/\/infoecos.com.ar\/index.php\/wp-json\/wp\/v2\/tags?post=97636"}],"curies":[{"name":"wp","href":"https:\/\/api.w.org\/{rel}","templated":true}]}}